{"id":3225,"date":"2024-04-03T10:58:37","date_gmt":"2024-04-03T13:58:37","guid":{"rendered":"http:\/\/34.239.117.254\/?p=3225"},"modified":"2024-04-03T11:09:34","modified_gmt":"2024-04-03T14:09:34","slug":"impactos-da-reforma-tributaria-no-setor-da-saude","status":"publish","type":"post","link":"https:\/\/www.ayadvogados.com.br\/?p=3225","title":{"rendered":"Impactos da Reforma Tribut\u00e1ria no setor da Sa\u00fade"},"content":{"rendered":"\n<p><strong>Impactos da Reforma Tribut\u00e1ria no setor da Sa\u00fade<\/strong><\/p>\n\n\n\n<p>A Reforma Tribut\u00e1ria \u00e9 um conjunto de medidas que visa modificar a estrutura do sistema tribut\u00e1rio de um pa\u00eds. A iniciativa proposta pelo Governo Federal serve para simplificar o sistema tribut\u00e1rio brasileiro, promovendo a extin\u00e7\u00e3o de tributos como PIS e COFINS, IPI, ICMS e ISS.<\/p>\n\n\n\n<p>O prop\u00f3sito \u00e9 modernizar o sistema tribut\u00e1rio e impulsionar a economia do pa\u00eds, eliminando a complexidade que caracteriza o atual cen\u00e1rio tribut\u00e1rio. Assim, consegue-se reduzir a burocracia e facilitar o pagamento de tributos tanto para empresas quanto para cidad\u00e3os.<\/p>\n\n\n\n<p>A reforma tribut\u00e1ria est\u00e1 em pauta e vem causando um intenso debate, especialmente devido ao seu impacto em diversos setores, dentre os quais a sa\u00fade, o qual abarca diversos atores, dentre eles: planos de sa\u00fade, cl\u00ednicas m\u00e9dicas, sociedades uniprofissionais, equipamentos m\u00e9dico-hospitalares, entre outros.<\/p>\n\n\n\n<p>Quando aprovada na C\u00e2mara dos Deputados em julho de 2023, a Proposta de Emenda Constitucional 45\/2019, produziu a Emenda Constitucional 132, de 20 de dezembro de 2023.<\/p>\n\n\n\n<p>Com objetivo primordial de simplificar a apura\u00e7\u00e3o e a arrecada\u00e7\u00e3o de tributos das empresas, a Reforma Tribut\u00e1ria promover\u00e1 grandes mudan\u00e7as, afetando diretamente a opera\u00e7\u00e3o de todas elas, sejam da ind\u00fastria, do com\u00e9rcio ou presta\u00e7\u00e3o de servi\u00e7os, incluindo as que atuam na \u00e1rea da sa\u00fade.<\/p>\n\n\n\n<p>O texto da Emenda Constitucional prev\u00ea a cria\u00e7\u00e3o de novos tributos, denominados Contribui\u00e7\u00e3o sobre Bens e Servi\u00e7os &#8211; CBS e Imposto sobre Bens e Servi\u00e7os &#8211; IBS, que substituir\u00e3o os atuais PIS, COFINS, IPI, ICMS e ISS, incidentes sobre a circula\u00e7\u00e3o de bens e a presta\u00e7\u00e3o de servi\u00e7os.<\/p>\n\n\n\n<p>Enquanto a CBS ser\u00e1 arrecadada em \u00e2mbito federal, o IBS ser\u00e1 de compet\u00eancia das esferas estaduais e municipais. Em algumas situa\u00e7\u00f5es, incidir\u00e1 tamb\u00e9m o Imposto Seletivo &#8211; IS que ser\u00e1 adicionado a produtos considerados nocivos \u00e0 sa\u00fade ou ao meio ambiente, como cigarros, bebidas alco\u00f3licas e agrot\u00f3xicos.<\/p>\n\n\n\n<p>As empresas que prestam servi\u00e7os na \u00e1rea da sa\u00fade, que atualmente apuram e recolhem Imposto sobre Servi\u00e7os &#8211; ISSQN dever\u00e3o realizar a apura\u00e7\u00e3o da CBS e do IBS, que ser\u00e3o incidentes n\u00e3o necessariamente sobre a totalidade do valor apurado, mas ao valor agregado &#8211; IVA. No entanto, a forma exata de como o c\u00e1lculo dos referidos tributos ser\u00e3o realizados dever\u00e3o ser especificados posteriormente, por leis infraconstitucionais.<\/p>\n\n\n\n<p>Se a desburocratiza\u00e7\u00e3o \u00e9 almejada por todos, ainda paira no ar o temor do indesejado aumento na carga tribut\u00e1ria.<\/p>\n\n\n\n<p>Ainda n\u00e3o se sabe quais al\u00edquotas ser\u00e3o aplicadas, mas estudos divulgados pelo Minist\u00e9rio da Fazenda estimam que a al\u00edquota base do IBS e da CBS dever\u00e1 ser de 25,45% a 27% sobre o faturamento, a fim de se manter a arrecada\u00e7\u00e3o atual . Se estes percentuais se efetivarem, haver\u00e1 um real aumento de carga tribut\u00e1ria, especialmente para os prestadores de servi\u00e7o, que atualmente contribuem com aproximadamente 10% do faturamento, na somat\u00f3ria dos tributos indiretos incidentes.<\/p>\n\n\n\n<p>Para al\u00edvio dos prestadores de servi\u00e7os de sa\u00fade, consta do texto da Emenda Constitucional uma disposi\u00e7\u00e3o no sentido de que a lei complementar que instituir o IBS e o CBS, &#8220;poder\u00e1 prever regimes diferenciados de tributa\u00e7\u00e3o&#8221;, que pode chegar a uma redu\u00e7\u00e3o de 60% da al\u00edquota incidente sobre os servi\u00e7os de sa\u00fade (intelig\u00eancia do \u00a71\u00ba, inciso II do artigo 9\u00ba da Emenda). Contudo, a leitura atenta em rela\u00e7\u00e3o ao verbo empregado na norma &#8211; poder\u00e1 &#8211; exige cautela, visto que o benef\u00edcio ainda n\u00e3o pode ser dado como certo.<\/p>\n\n\n\n<p>No entanto, o que se espera, segundo dados do pr\u00f3prio Minist\u00e9rio da Fazenda \u00e9 que o IVA ter\u00e1 uma al\u00edquota entre 25% e 30%, dado esse que ainda permanece no escuro, tendo em vista que n\u00e3o h\u00e1 uma Lei Complementar tramitando em concomit\u00e2ncia \u00e0 altera\u00e7\u00e3o do nosso Sistema Constitucional Tribut\u00e1rio.<\/p>\n\n\n\n<p>A reforma tribut\u00e1ria, aprovada em dezembro pelo Congresso Nacional, traz pontos positivos e negativos para o setor da sa\u00fade.<\/p>\n\n\n\n<p>S\u00f3 teremos como saber qual impacto dessas mudan\u00e7as quando soubermos quais setores ser\u00e3o mais desonerados ou onerados.<\/p>\n\n\n\n<p>Muito se especula que a previs\u00e3o \u00e9 de que a ind\u00fastria ser\u00e1 beneficiada pela reforma e os servi\u00e7os nem tanto.<\/p>\n\n\n\n<p>\u00c9 razo\u00e1vel acreditar que uma ind\u00fastria de insumos e equipamentos m\u00e9dicos possa crescer com as mudan\u00e7as, esperando um desenvolvimento maior de um ambiente competitivo para a produ\u00e7\u00e3o de equipamentos e insumos internamente, o que reduziria a demanda por importados e, como resultado, os custos para o consumidor final.<\/p>\n\n\n\n<p>Com isso, a reforma tribut\u00e1ria deveria ser uma oportunidade para incentivar e fomentar a inclus\u00e3o e estabelecimento de ind\u00fastrias de equipamentos m\u00e9dico-hospitalares no territ\u00f3rio nacional, e assim, atrair investimentos e incentivar a produ\u00e7\u00e3o local, tornando a ind\u00fastria nacional mais competitiva e menos dependente dos produtos importados.<\/p>\n\n\n\n<p>Ainda sem uma al\u00edquota definida, que vir\u00e1 por lei complementar, espera-se que profissionais da sa\u00fade paguem aproximadamente um valor a mais no Imposto de Valor Agregado (IVA) do que pagam hoje.<\/p>\n\n\n\n<p>Especialistas na \u00e1rea dizem que ainda que seja positiva a inclus\u00e3o do setor em uma faixa beneficiada, com redu\u00e7\u00e3o de 60% da al\u00edquota geral prevista no IVA (Imposto de Valor Agregado), ela n\u00e3o ser\u00e1 necess\u00e1ria para evitar um aumento na carga tribut\u00e1ria para por exemplo as cl\u00ednicas m\u00e9dicas e sociedades uniprofissionais da sa\u00fade.<\/p>\n\n\n\n<p>Especula-se que dentre os pontos negativos da reforma \u00e9 ineg\u00e1vel que, para as cl\u00ednicas m\u00e9dicas e sociedades uniprofissionais da sa\u00fade, haver\u00e1 aumento da carga tribut\u00e1ria, ainda que estejam alocados no regime diferenciado. Um exemplo \u00e9 uma cl\u00ednica m\u00e9dica enquadrada no Lucro Presumido, que realize apenas consultas, a presun\u00e7\u00e3o de carga tribut\u00e1ria \u00e9 de 32%, para a base opon\u00edvel do IRPJ e CSLL, e ainda fica sujeita ao PIS, Cofins e ISS (isso sem contar a contribui\u00e7\u00e3o previdenci\u00e1ria patronal sobre a folha de pagamento).<\/p>\n\n\n\n<p>Na sistem\u00e1tica atual da n\u00e3o cumulatividade a soma do PIS e Cofins \u00e9 de 3,65% e o ISS varia entre 2% a 5%, e remonta, somente nesses tributos uma carga m\u00e9dica de 8,65%. Considerando um IVA de 25% (na melhor das hip\u00f3teses), com a redu\u00e7\u00e3o de 60%, ainda assim a carga tribut\u00e1ria sobre esses tributos n\u00e3o ser\u00e1 mais de 8,65%, mas de 10%; ou seja, o aumento da carga tribut\u00e1ria \u00e9 latente.<\/p>\n\n\n\n<p>Mas como ainda n\u00e3o h\u00e1 uma lei complementar em andamento para se especular a al\u00edquota final do IVA, \u00e9 imposs\u00edvel eliminar um certo clima de incerteza no setor da sa\u00fade, que ainda pode ver os valores finais da sua carga alterados.<\/p>\n\n\n\n<p>Com a aprova\u00e7\u00e3o da reforma tribut\u00e1ria, pelo menos 71 dispositivos da reforma tribut\u00e1ria carecem de regulamenta\u00e7\u00e3o, em que o Minist\u00e9rio da Fazenda criou um grupo de trabalho para, em 60 dias, sugerir o detalhamento das regras tribut\u00e1rias, mas ainda n\u00e3o foram divulgados.<\/p>\n\n\n\n<p>Diante desse cen\u00e1rio, os contribuintes aguardam os desdobramentos das pr\u00f3ximas sess\u00f5es legislativas. Afinal, a reforma tribut\u00e1ria deve impactar as empresas e os consumidores.<\/p>\n\n\n\n<p>\u00c0 vista disso, \u00e9 prudente que as empresas revisem seu planejamento tribut\u00e1rio para aproveitar todas as oportunidades da reforma e desonerar ao m\u00e1ximo sua folha, aumentando assim sua competitividade perante os neg\u00f3cios.<\/p>\n\n\n\n<p><\/p>\n\n\n\n<figure class=\"wp-block-embed is-type-rich is-provider-spotify wp-block-embed-spotify wp-embed-aspect-21-9 wp-has-aspect-ratio\"><div class=\"wp-block-embed__wrapper\">\n<iframe title=\"Spotify Embed: IMPACTOS DA REFORMA TRIBUT\u00c1RIA NO SETOR DA SA\u00daDE\" style=\"border-radius: 12px\" width=\"100%\" height=\"152\" frameborder=\"0\" allowfullscreen allow=\"autoplay; clipboard-write; encrypted-media; fullscreen; picture-in-picture\" loading=\"lazy\" src=\"https:\/\/open.spotify.com\/embed\/episode\/1xg4rslnxbUW0LMJp6rsym?si=da2cc319a001457d&#038;utm_source=oembed\"><\/iframe>\n<\/div><\/figure>\n\n\n\n<hr class=\"wp-block-separator has-text-color has-palette-color-1-color has-css-opacity has-palette-color-1-background-color has-background is-style-dots\"\/>\n\n\n\n<div class=\"wp-block-group has-palette-color-6-background-color has-background is-layout-flow wp-block-group-is-layout-flow\">\n<p style=\"font-size:0.8em\">A Amaral,\u00a0Yazbek, OAB\/PR 762, possui 36 anos de experi\u00eancia auxiliando empresas a transformar a tributa\u00e7\u00e3o em lucro. Entre em contato com um dos s\u00f3cios para agendamento de reuni\u00e3o em caso de d\u00favidas.\u00a0\u00a0\u00a0<\/p>\n\n\n\n<p style=\"font-size:0.8em\">Contato: 41 3595-8300 ou pelo nosso WhatsApp 41 99567-5696\u00a0\u00a0\u00a0<\/p>\n\n\n\n<p style=\"font-size:0.8em\">Av. C\u00e2ndido Hartmann, 50 \u2013\u00a0Bigorrilho\u00a0| Curitiba-PR\u00a0\u00a0\u00a0<\/p>\n\n\n\n<p style=\"font-size:0.8em\">Assine nossa <a href=\"http:\/\/ayadvogados.com.br\/contato\/\">Newsletter<\/a> e fique por dentro das novidades!\u00a0\u00a0\u00a0<\/p>\n\n\n\n<p style=\"font-size:0.8em\">Quer receber seu exemplar da revista Governan\u00e7a Jur\u00eddica? <a href=\"http:\/\/ayadvogados.com.br\/revista\/\" data-type=\"page\" data-id=\"68\">Clique\u00a0aqui\u00a0e pe\u00e7a a sua<\/a>.\u00a0\u00a0\u00a0<\/p>\n\n\n\n<p style=\"font-size:0.8em\">Nos acompanhe nas redes sociais:\u00a0<a href=\"https:\/\/www.facebook.com\/AYadvogados\">Facebook<\/a>\u00a0|\u00a0<a href=\"https:\/\/www.instagram.com\/ayadvogados\/\">Instagram<\/a>\u00a0|\u00a0<a href=\"https:\/\/www.linkedin.com\/company\/amaral-yazbek-advogados\">Linkedin<\/a>\u00a0<\/p>\n\n\n\n<p style=\"font-size:0.8em\">J\u00e1 conhece o canal Direito da Intelig\u00eancia de Neg\u00f3cios?\u00a0<a href=\"https:\/\/www.youtube.com\/channel\/UCu2Mpu32ht8DEN8OFRXYMyw\">Inscreva-se j\u00e1<\/a><\/p>\n<\/div>\n","protected":false},"excerpt":{"rendered":"<p>Impactos da Reforma Tribut\u00e1ria no setor da Sa\u00fade A Reforma Tribut\u00e1ria \u00e9 um conjunto de medidas que visa modificar a estrutura do sistema tribut\u00e1rio de um pa\u00eds. A iniciativa proposta pelo Governo Federal serve para simplificar o sistema tribut\u00e1rio brasileiro, promovendo a extin\u00e7\u00e3o de tributos como PIS e COFINS, IPI, ICMS e ISS. O prop\u00f3sito [&hellip;]<\/p>\n","protected":false},"author":2,"featured_media":3228,"comment_status":"open","ping_status":"open","sticky":false,"template":"","format":"standard","meta":{"footnotes":""},"categories":[5],"tags":[9,10,123,124,45,96],"class_list":["post-3225","post","type-post","status-publish","format-standard","has-post-thumbnail","hentry","category-dincast","tag-amaral-yazbek","tag-dincast","tag-dividas","tag-nova-forma-de-regularizar","tag-receita-federal","tag-reforma-tributaria"],"blocksy_meta":{"styles_descriptor":{"styles":{"desktop":"","tablet":"","mobile":""},"google_fonts":[],"version":6}},"yoast_head":"<!-- This site is optimized with the Yoast SEO plugin v27.5 - https:\/\/yoast.com\/product\/yoast-seo-wordpress\/ -->\n<title>Impactos da Reforma Tribut\u00e1ria no setor da Sa\u00fade<\/title>\n<meta name=\"description\" content=\"Impactos da Reforma Tribut\u00e1ria no setor da Sa\u00fade. A iniciativa proposta pelo Governo Federal serve para simplificar o sistema tribut\u00e1rio...\" \/>\n<meta name=\"robots\" content=\"index, follow, max-snippet:-1, max-image-preview:large, max-video-preview:-1\" \/>\n<link rel=\"canonical\" href=\"https:\/\/www.ayadvogados.com.br\/?p=3225\" \/>\n<meta property=\"og:locale\" content=\"pt_BR\" \/>\n<meta property=\"og:type\" content=\"article\" \/>\n<meta property=\"og:title\" content=\"Impactos da Reforma Tribut\u00e1ria no setor da Sa\u00fade\" \/>\n<meta property=\"og:description\" content=\"Impactos da Reforma Tribut\u00e1ria no setor da Sa\u00fade. A iniciativa proposta pelo Governo Federal serve para simplificar o sistema tribut\u00e1rio...\" \/>\n<meta property=\"og:url\" content=\"https:\/\/www.ayadvogados.com.br\/?p=3225\" \/>\n<meta property=\"og:site_name\" content=\"Amaral, Yazbek Advogados\" \/>\n<meta property=\"article:publisher\" content=\"https:\/\/www.facebook.com\/AYadvogados\" \/>\n<meta property=\"article:published_time\" content=\"2024-04-03T13:58:37+00:00\" \/>\n<meta property=\"article:modified_time\" content=\"2024-04-03T14:09:34+00:00\" \/>\n<meta property=\"og:image\" content=\"https:\/\/www.ayadvogados.com.br\/wp-content\/uploads\/2024\/04\/Banner-reels-copiar-5.png\" \/>\n\t<meta property=\"og:image:width\" content=\"1920\" \/>\n\t<meta property=\"og:image:height\" content=\"1080\" \/>\n\t<meta property=\"og:image:type\" content=\"image\/png\" \/>\n<meta name=\"author\" content=\"AY Advogados\" \/>\n<meta name=\"twitter:card\" content=\"summary_large_image\" \/>\n<meta name=\"twitter:label1\" content=\"Escrito por\" \/>\n\t<meta name=\"twitter:data1\" content=\"AY Advogados\" \/>\n\t<meta name=\"twitter:label2\" content=\"Est. tempo de leitura\" \/>\n\t<meta name=\"twitter:data2\" content=\"7 minutos\" \/>\n<script type=\"application\/ld+json\" class=\"yoast-schema-graph\">{\"@context\":\"https:\\\/\\\/schema.org\",\"@graph\":[{\"@type\":\"Article\",\"@id\":\"https:\\\/\\\/www.ayadvogados.com.br\\\/?p=3225#article\",\"isPartOf\":{\"@id\":\"https:\\\/\\\/www.ayadvogados.com.br\\\/?p=3225\"},\"author\":{\"name\":\"AY Advogados\",\"@id\":\"https:\\\/\\\/34.239.117.254\\\/#\\\/schema\\\/person\\\/4abfbf03ad3e577e691d333af064a912\"},\"headline\":\"Impactos da Reforma Tribut\u00e1ria no setor da Sa\u00fade\",\"datePublished\":\"2024-04-03T13:58:37+00:00\",\"dateModified\":\"2024-04-03T14:09:34+00:00\",\"mainEntityOfPage\":{\"@id\":\"https:\\\/\\\/www.ayadvogados.com.br\\\/?p=3225\"},\"wordCount\":1262,\"commentCount\":0,\"publisher\":{\"@id\":\"https:\\\/\\\/34.239.117.254\\\/#organization\"},\"image\":{\"@id\":\"https:\\\/\\\/www.ayadvogados.com.br\\\/?p=3225#primaryimage\"},\"thumbnailUrl\":\"https:\\\/\\\/www.ayadvogados.com.br\\\/wp-content\\\/uploads\\\/2024\\\/04\\\/Banner-reels-copiar-5.png\",\"keywords\":[\"amaral yazbek\",\"dincast\",\"dividas\",\"nova forma de regularizar\",\"receita federal\",\"Reforma Tribut\u00e1ria\"],\"articleSection\":[\"DINCast\"],\"inLanguage\":\"pt-BR\",\"potentialAction\":[{\"@type\":\"CommentAction\",\"name\":\"Comment\",\"target\":[\"https:\\\/\\\/www.ayadvogados.com.br\\\/?p=3225#respond\"]}]},{\"@type\":\"WebPage\",\"@id\":\"https:\\\/\\\/www.ayadvogados.com.br\\\/?p=3225\",\"url\":\"https:\\\/\\\/www.ayadvogados.com.br\\\/?p=3225\",\"name\":\"Impactos da Reforma Tribut\u00e1ria no setor da Sa\u00fade\",\"isPartOf\":{\"@id\":\"https:\\\/\\\/34.239.117.254\\\/#website\"},\"primaryImageOfPage\":{\"@id\":\"https:\\\/\\\/www.ayadvogados.com.br\\\/?p=3225#primaryimage\"},\"image\":{\"@id\":\"https:\\\/\\\/www.ayadvogados.com.br\\\/?p=3225#primaryimage\"},\"thumbnailUrl\":\"https:\\\/\\\/www.ayadvogados.com.br\\\/wp-content\\\/uploads\\\/2024\\\/04\\\/Banner-reels-copiar-5.png\",\"datePublished\":\"2024-04-03T13:58:37+00:00\",\"dateModified\":\"2024-04-03T14:09:34+00:00\",\"description\":\"Impactos da Reforma Tribut\u00e1ria no setor da Sa\u00fade. A iniciativa proposta pelo Governo Federal serve para simplificar o sistema tribut\u00e1rio...\",\"breadcrumb\":{\"@id\":\"https:\\\/\\\/www.ayadvogados.com.br\\\/?p=3225#breadcrumb\"},\"inLanguage\":\"pt-BR\",\"potentialAction\":[{\"@type\":\"ReadAction\",\"target\":[\"https:\\\/\\\/www.ayadvogados.com.br\\\/?p=3225\"]}]},{\"@type\":\"ImageObject\",\"inLanguage\":\"pt-BR\",\"@id\":\"https:\\\/\\\/www.ayadvogados.com.br\\\/?p=3225#primaryimage\",\"url\":\"https:\\\/\\\/www.ayadvogados.com.br\\\/wp-content\\\/uploads\\\/2024\\\/04\\\/Banner-reels-copiar-5.png\",\"contentUrl\":\"https:\\\/\\\/www.ayadvogados.com.br\\\/wp-content\\\/uploads\\\/2024\\\/04\\\/Banner-reels-copiar-5.png\",\"width\":1920,\"height\":1080,\"caption\":\"Impactos da Reforma Tribut\u00e1ria no setor da Sa\u00fade\"},{\"@type\":\"BreadcrumbList\",\"@id\":\"https:\\\/\\\/www.ayadvogados.com.br\\\/?p=3225#breadcrumb\",\"itemListElement\":[{\"@type\":\"ListItem\",\"position\":1,\"name\":\"In\u00edcio\",\"item\":\"https:\\\/\\\/34.239.117.254\\\/\"},{\"@type\":\"ListItem\",\"position\":2,\"name\":\"Impactos da Reforma Tribut\u00e1ria no setor da Sa\u00fade\"}]},{\"@type\":\"WebSite\",\"@id\":\"https:\\\/\\\/34.239.117.254\\\/#website\",\"url\":\"https:\\\/\\\/34.239.117.254\\\/\",\"name\":\"Amaral, Yazbek Advogados\",\"description\":\"Curitiba \u2022 Bras\u00edlia \u2022 S\u00e3o Paulo\",\"publisher\":{\"@id\":\"https:\\\/\\\/34.239.117.254\\\/#organization\"},\"potentialAction\":[{\"@type\":\"SearchAction\",\"target\":{\"@type\":\"EntryPoint\",\"urlTemplate\":\"https:\\\/\\\/34.239.117.254\\\/?s={search_term_string}\"},\"query-input\":{\"@type\":\"PropertyValueSpecification\",\"valueRequired\":true,\"valueName\":\"search_term_string\"}}],\"inLanguage\":\"pt-BR\"},{\"@type\":\"Organization\",\"@id\":\"https:\\\/\\\/34.239.117.254\\\/#organization\",\"name\":\"Amaral, Yazbek Advogados\",\"url\":\"https:\\\/\\\/34.239.117.254\\\/\",\"logo\":{\"@type\":\"ImageObject\",\"inLanguage\":\"pt-BR\",\"@id\":\"https:\\\/\\\/34.239.117.254\\\/#\\\/schema\\\/logo\\\/image\\\/\",\"url\":\"http:\\\/\\\/34.239.117.254\\\/wp-content\\\/uploads\\\/2021\\\/03\\\/logo-ay-g.png\",\"contentUrl\":\"http:\\\/\\\/34.239.117.254\\\/wp-content\\\/uploads\\\/2021\\\/03\\\/logo-ay-g.png\",\"width\":434,\"height\":106,\"caption\":\"Amaral, Yazbek Advogados\"},\"image\":{\"@id\":\"https:\\\/\\\/34.239.117.254\\\/#\\\/schema\\\/logo\\\/image\\\/\"},\"sameAs\":[\"https:\\\/\\\/www.facebook.com\\\/AYadvogados\",\"https:\\\/\\\/www.instagram.com\\\/ayadvogados\\\/\"]},{\"@type\":\"Person\",\"@id\":\"https:\\\/\\\/34.239.117.254\\\/#\\\/schema\\\/person\\\/4abfbf03ad3e577e691d333af064a912\",\"name\":\"AY Advogados\",\"image\":{\"@type\":\"ImageObject\",\"inLanguage\":\"pt-BR\",\"@id\":\"https:\\\/\\\/secure.gravatar.com\\\/avatar\\\/1473912b851241f5503026e6156e144dcd83ff7addb67f65e1ed9ca21ee1d9cf?s=96&d=mm&r=g\",\"url\":\"https:\\\/\\\/secure.gravatar.com\\\/avatar\\\/1473912b851241f5503026e6156e144dcd83ff7addb67f65e1ed9ca21ee1d9cf?s=96&d=mm&r=g\",\"contentUrl\":\"https:\\\/\\\/secure.gravatar.com\\\/avatar\\\/1473912b851241f5503026e6156e144dcd83ff7addb67f65e1ed9ca21ee1d9cf?s=96&d=mm&r=g\",\"caption\":\"AY Advogados\"},\"sameAs\":[\"https:\\\/\\\/ayadvogados.com.br\"],\"url\":\"https:\\\/\\\/www.ayadvogados.com.br\\\/?author=2\"}]}<\/script>\n<!-- \/ Yoast SEO plugin. -->","yoast_head_json":{"title":"Impactos da Reforma Tribut\u00e1ria no setor da Sa\u00fade","description":"Impactos da Reforma Tribut\u00e1ria no setor da Sa\u00fade. A iniciativa proposta pelo Governo Federal serve para simplificar o sistema tribut\u00e1rio...","robots":{"index":"index","follow":"follow","max-snippet":"max-snippet:-1","max-image-preview":"max-image-preview:large","max-video-preview":"max-video-preview:-1"},"canonical":"https:\/\/www.ayadvogados.com.br\/?p=3225","og_locale":"pt_BR","og_type":"article","og_title":"Impactos da Reforma Tribut\u00e1ria no setor da Sa\u00fade","og_description":"Impactos da Reforma Tribut\u00e1ria no setor da Sa\u00fade. A iniciativa proposta pelo Governo Federal serve para simplificar o sistema tribut\u00e1rio...","og_url":"https:\/\/www.ayadvogados.com.br\/?p=3225","og_site_name":"Amaral, Yazbek Advogados","article_publisher":"https:\/\/www.facebook.com\/AYadvogados","article_published_time":"2024-04-03T13:58:37+00:00","article_modified_time":"2024-04-03T14:09:34+00:00","og_image":[{"width":1920,"height":1080,"url":"https:\/\/www.ayadvogados.com.br\/wp-content\/uploads\/2024\/04\/Banner-reels-copiar-5.png","type":"image\/png"}],"author":"AY Advogados","twitter_card":"summary_large_image","twitter_misc":{"Escrito por":"AY Advogados","Est. tempo de leitura":"7 minutos"},"schema":{"@context":"https:\/\/schema.org","@graph":[{"@type":"Article","@id":"https:\/\/www.ayadvogados.com.br\/?p=3225#article","isPartOf":{"@id":"https:\/\/www.ayadvogados.com.br\/?p=3225"},"author":{"name":"AY Advogados","@id":"https:\/\/34.239.117.254\/#\/schema\/person\/4abfbf03ad3e577e691d333af064a912"},"headline":"Impactos da Reforma Tribut\u00e1ria no setor da Sa\u00fade","datePublished":"2024-04-03T13:58:37+00:00","dateModified":"2024-04-03T14:09:34+00:00","mainEntityOfPage":{"@id":"https:\/\/www.ayadvogados.com.br\/?p=3225"},"wordCount":1262,"commentCount":0,"publisher":{"@id":"https:\/\/34.239.117.254\/#organization"},"image":{"@id":"https:\/\/www.ayadvogados.com.br\/?p=3225#primaryimage"},"thumbnailUrl":"https:\/\/www.ayadvogados.com.br\/wp-content\/uploads\/2024\/04\/Banner-reels-copiar-5.png","keywords":["amaral yazbek","dincast","dividas","nova forma de regularizar","receita federal","Reforma Tribut\u00e1ria"],"articleSection":["DINCast"],"inLanguage":"pt-BR","potentialAction":[{"@type":"CommentAction","name":"Comment","target":["https:\/\/www.ayadvogados.com.br\/?p=3225#respond"]}]},{"@type":"WebPage","@id":"https:\/\/www.ayadvogados.com.br\/?p=3225","url":"https:\/\/www.ayadvogados.com.br\/?p=3225","name":"Impactos da Reforma Tribut\u00e1ria no setor da Sa\u00fade","isPartOf":{"@id":"https:\/\/34.239.117.254\/#website"},"primaryImageOfPage":{"@id":"https:\/\/www.ayadvogados.com.br\/?p=3225#primaryimage"},"image":{"@id":"https:\/\/www.ayadvogados.com.br\/?p=3225#primaryimage"},"thumbnailUrl":"https:\/\/www.ayadvogados.com.br\/wp-content\/uploads\/2024\/04\/Banner-reels-copiar-5.png","datePublished":"2024-04-03T13:58:37+00:00","dateModified":"2024-04-03T14:09:34+00:00","description":"Impactos da Reforma Tribut\u00e1ria no setor da Sa\u00fade. A iniciativa proposta pelo Governo Federal serve para simplificar o sistema tribut\u00e1rio...","breadcrumb":{"@id":"https:\/\/www.ayadvogados.com.br\/?p=3225#breadcrumb"},"inLanguage":"pt-BR","potentialAction":[{"@type":"ReadAction","target":["https:\/\/www.ayadvogados.com.br\/?p=3225"]}]},{"@type":"ImageObject","inLanguage":"pt-BR","@id":"https:\/\/www.ayadvogados.com.br\/?p=3225#primaryimage","url":"https:\/\/www.ayadvogados.com.br\/wp-content\/uploads\/2024\/04\/Banner-reels-copiar-5.png","contentUrl":"https:\/\/www.ayadvogados.com.br\/wp-content\/uploads\/2024\/04\/Banner-reels-copiar-5.png","width":1920,"height":1080,"caption":"Impactos da Reforma Tribut\u00e1ria no setor da Sa\u00fade"},{"@type":"BreadcrumbList","@id":"https:\/\/www.ayadvogados.com.br\/?p=3225#breadcrumb","itemListElement":[{"@type":"ListItem","position":1,"name":"In\u00edcio","item":"https:\/\/34.239.117.254\/"},{"@type":"ListItem","position":2,"name":"Impactos da Reforma Tribut\u00e1ria no setor da Sa\u00fade"}]},{"@type":"WebSite","@id":"https:\/\/34.239.117.254\/#website","url":"https:\/\/34.239.117.254\/","name":"Amaral, Yazbek Advogados","description":"Curitiba \u2022 Bras\u00edlia \u2022 S\u00e3o Paulo","publisher":{"@id":"https:\/\/34.239.117.254\/#organization"},"potentialAction":[{"@type":"SearchAction","target":{"@type":"EntryPoint","urlTemplate":"https:\/\/34.239.117.254\/?s={search_term_string}"},"query-input":{"@type":"PropertyValueSpecification","valueRequired":true,"valueName":"search_term_string"}}],"inLanguage":"pt-BR"},{"@type":"Organization","@id":"https:\/\/34.239.117.254\/#organization","name":"Amaral, Yazbek Advogados","url":"https:\/\/34.239.117.254\/","logo":{"@type":"ImageObject","inLanguage":"pt-BR","@id":"https:\/\/34.239.117.254\/#\/schema\/logo\/image\/","url":"http:\/\/34.239.117.254\/wp-content\/uploads\/2021\/03\/logo-ay-g.png","contentUrl":"http:\/\/34.239.117.254\/wp-content\/uploads\/2021\/03\/logo-ay-g.png","width":434,"height":106,"caption":"Amaral, Yazbek Advogados"},"image":{"@id":"https:\/\/34.239.117.254\/#\/schema\/logo\/image\/"},"sameAs":["https:\/\/www.facebook.com\/AYadvogados","https:\/\/www.instagram.com\/ayadvogados\/"]},{"@type":"Person","@id":"https:\/\/34.239.117.254\/#\/schema\/person\/4abfbf03ad3e577e691d333af064a912","name":"AY Advogados","image":{"@type":"ImageObject","inLanguage":"pt-BR","@id":"https:\/\/secure.gravatar.com\/avatar\/1473912b851241f5503026e6156e144dcd83ff7addb67f65e1ed9ca21ee1d9cf?s=96&d=mm&r=g","url":"https:\/\/secure.gravatar.com\/avatar\/1473912b851241f5503026e6156e144dcd83ff7addb67f65e1ed9ca21ee1d9cf?s=96&d=mm&r=g","contentUrl":"https:\/\/secure.gravatar.com\/avatar\/1473912b851241f5503026e6156e144dcd83ff7addb67f65e1ed9ca21ee1d9cf?s=96&d=mm&r=g","caption":"AY Advogados"},"sameAs":["https:\/\/ayadvogados.com.br"],"url":"https:\/\/www.ayadvogados.com.br\/?author=2"}]}},"rttpg_featured_image_url":{"full":["https:\/\/www.ayadvogados.com.br\/wp-content\/uploads\/2024\/04\/Banner-reels-copiar-5.png",1920,1080,false],"landscape":["https:\/\/www.ayadvogados.com.br\/wp-content\/uploads\/2024\/04\/Banner-reels-copiar-5.png",1920,1080,false],"portraits":["https:\/\/www.ayadvogados.com.br\/wp-content\/uploads\/2024\/04\/Banner-reels-copiar-5.png",1920,1080,false],"thumbnail":["https:\/\/www.ayadvogados.com.br\/wp-content\/uploads\/2024\/04\/Banner-reels-copiar-5-150x150.png",150,150,true],"medium":["https:\/\/www.ayadvogados.com.br\/wp-content\/uploads\/2024\/04\/Banner-reels-copiar-5-300x169.png",300,169,true],"large":["https:\/\/www.ayadvogados.com.br\/wp-content\/uploads\/2024\/04\/Banner-reels-copiar-5-1024x576.png",1024,576,true],"1536x1536":["https:\/\/www.ayadvogados.com.br\/wp-content\/uploads\/2024\/04\/Banner-reels-copiar-5-1536x864.png",1536,864,true],"2048x2048":["https:\/\/www.ayadvogados.com.br\/wp-content\/uploads\/2024\/04\/Banner-reels-copiar-5.png",1920,1080,false]},"rttpg_author":{"display_name":"AY Advogados","author_link":"https:\/\/www.ayadvogados.com.br\/?author=2"},"rttpg_comment":0,"rttpg_category":"<a href=\"https:\/\/www.ayadvogados.com.br\/?cat=5\" rel=\"category\">DINCast<\/a>","rttpg_excerpt":"Impactos da Reforma Tribut\u00e1ria no setor da Sa\u00fade A Reforma Tribut\u00e1ria \u00e9 um conjunto de medidas que visa modificar a estrutura do sistema tribut\u00e1rio de um pa\u00eds. A iniciativa proposta pelo Governo Federal serve para simplificar o sistema tribut\u00e1rio brasileiro, promovendo a extin\u00e7\u00e3o de tributos como PIS e COFINS, IPI, ICMS e ISS. O prop\u00f3sito&hellip;","_links":{"self":[{"href":"https:\/\/www.ayadvogados.com.br\/index.php?rest_route=\/wp\/v2\/posts\/3225","targetHints":{"allow":["GET"]}}],"collection":[{"href":"https:\/\/www.ayadvogados.com.br\/index.php?rest_route=\/wp\/v2\/posts"}],"about":[{"href":"https:\/\/www.ayadvogados.com.br\/index.php?rest_route=\/wp\/v2\/types\/post"}],"author":[{"embeddable":true,"href":"https:\/\/www.ayadvogados.com.br\/index.php?rest_route=\/wp\/v2\/users\/2"}],"replies":[{"embeddable":true,"href":"https:\/\/www.ayadvogados.com.br\/index.php?rest_route=%2Fwp%2Fv2%2Fcomments&post=3225"}],"version-history":[{"count":2,"href":"https:\/\/www.ayadvogados.com.br\/index.php?rest_route=\/wp\/v2\/posts\/3225\/revisions"}],"predecessor-version":[{"id":3229,"href":"https:\/\/www.ayadvogados.com.br\/index.php?rest_route=\/wp\/v2\/posts\/3225\/revisions\/3229"}],"wp:featuredmedia":[{"embeddable":true,"href":"https:\/\/www.ayadvogados.com.br\/index.php?rest_route=\/wp\/v2\/media\/3228"}],"wp:attachment":[{"href":"https:\/\/www.ayadvogados.com.br\/index.php?rest_route=%2Fwp%2Fv2%2Fmedia&parent=3225"}],"wp:term":[{"taxonomy":"category","embeddable":true,"href":"https:\/\/www.ayadvogados.com.br\/index.php?rest_route=%2Fwp%2Fv2%2Fcategories&post=3225"},{"taxonomy":"post_tag","embeddable":true,"href":"https:\/\/www.ayadvogados.com.br\/index.php?rest_route=%2Fwp%2Fv2%2Ftags&post=3225"}],"curies":[{"name":"wp","href":"https:\/\/api.w.org\/{rel}","templated":true}]}}