{"id":319,"date":"2020-11-05T11:50:00","date_gmt":"2020-11-05T14:50:00","guid":{"rendered":"http:\/\/34.239.117.254\/?p=319"},"modified":"2021-03-18T11:50:40","modified_gmt":"2021-03-18T14:50:40","slug":"maioria-no-supremo-vota-pelo-iss-para-tributacao-de-softwares","status":"publish","type":"post","link":"https:\/\/www.ayadvogados.com.br\/?p=319","title":{"rendered":"Maioria no Supremo vota pelo ISS para tributa\u00e7\u00e3o de softwares"},"content":{"rendered":"\n<p>Mais de duas d\u00e9cadas depois de decidir sobre a tributa\u00e7\u00e3o nas opera\u00e7\u00f5es envolvendo software, o Supremo Tribunal Federal (STF) volta ao tema e tem maioria de votos j\u00e1 formada para mudar a jurisprud\u00eancia. Dos nove ministros que se posicionaram sobre a mat\u00e9ria em sess\u00e3o realizada ontem, seis entenderam pela incid\u00eancia do ISS tanto para o chamado software de prateleira, comercializado no varejo, quanto para o software por encomenda, desenvolvido para atender as necessidades de um cliente espec\u00edfico.<\/p>\n\n\n\n<p>Esse novo entendimento atende o pleito das empresas de tecnologia. Para essas companhias pode ser bem mais vantajoso pagar ISS do que ICMS. Na capital paulista, por exemplo, s\u00e3o cobrados 2% de ISS, enquanto que o ICMS tem al\u00edquota de 5% no Estado.<\/p>\n\n\n\n<p>A jurisprud\u00eancia que existia na Corte, at\u00e9 ent\u00e3o, havia sido firmada em julgamento realizado no ano de 1998. Os ministros, naquela ocasi\u00e3o, fizeram uma divis\u00e3o: para as opera\u00e7\u00f5es envolvendo software de prateleira deveria incidir ICMS, j\u00e1 para a modalidade por encomenda caberia o ISS.<\/p>\n\n\n\n<p>O novo entendimento s\u00f3 n\u00e3o foi sacramentado, na sess\u00e3o de ontem, porque o presidente da Corte, ministro Luiz Fux, que seria o \u00faltimo a votar, apresentou pedido de vista, suspendendo as discuss\u00f5es. Ele afirmou que colocar\u00e1 o tema em pauta na sess\u00e3o seguinte \u00e0 posse de Kassio Nunes Marques, que ocorre hoje.<\/p>\n\n\n\n<p>O julgamento, portanto, ser\u00e1 retomada na pr\u00f3xima quarta-feira. Luiz Fux disse que ser\u00e1 o primeiro tema da pauta. Kassio Nunes Marques, o novo ministro, apesar de j\u00e1 estar apto aos julgamento da Corte, n\u00e3o participar\u00e1 porque n\u00e3o esteve presente nas sustenta\u00e7\u00f5es orais, nem na leitura dos relat\u00f3rios.<\/p>\n\n\n\n<p>A maioria dos ministros que participa desse julgamento entende que tanto os casos de licenciamento como os de cess\u00e3o de direito de uso dos programas de computador devem ser tributados exclusivamente por ISS, o imposto municipal. H\u00e1 possibilidade, no entanto, de haver modula\u00e7\u00e3o dos efeitos da decis\u00e3o. Cinco ministros se posicionaram, at\u00e9 agora, para que o novo entendimento tenha validade somente a partir da data da ata do julgamento.<\/p>\n\n\n\n<p>Esse tema est\u00e1 sendo julgado por meio de duas a\u00e7\u00f5es diretas de inconstitucionalidade. Uma delas, a ADI 1945, proposta em 1999, quando a transfer\u00eancia eletr\u00f4nica do software ainda era feita por disquete. Hoje, a comercializa\u00e7\u00e3o ocorre por meio de download, streaming e nuvem.<\/p>\n\n\n\n<p>Essa a\u00e7\u00e3o de 1999 foi apresentada pelo PMDB para contestar um dispositivo da Lei n\u00ba 7.098, de 1998, do Estado de Mato Grosso. J\u00e1 esteve em pauta. No dia 27 de abril, quando o julgamento teve in\u00edcio, a relatora, C\u00e1rmen L\u00facia, e o ministro Edson Fachin se posicionaram contra a ADI, ou seja, por permitir a incid\u00eancia de ICMS nessas opera\u00e7\u00f5es.<\/p>\n\n\n\n<p>O julgamento foi interrompido, naquela ocasi\u00e3o, por um pedido de vista do ministro Dias Toffoli. Ele pautou, para a sess\u00e3o desta semana, o voto-vista e uma outra a\u00e7\u00e3o, a ADI 5659, que \u00e9 de sua relatoria. Os julgamentos foram realizados em conjunto.<\/p>\n\n\n\n<p>A ADI 5.659 \u00e9 mais recente e abrange os meios atuais para a comercializa\u00e7\u00e3o de software. Essa a\u00e7\u00e3o foi apresentada em 2017 pela Confedera\u00e7\u00e3o Nacional de Servi\u00e7os (CNS). A entidade contesta algumas normas do Estado de Minas Gerais &#8211; entre elas, o Decreto n\u00ba 46.877, de 2015.<\/p>\n\n\n\n<p>O ministro Dias Toffoli abriu o julgamento, na sess\u00e3o de ontem, com voto contr\u00e1rio \u00e0 tributa\u00e7\u00e3o por ICMS. Para o ministro, a quest\u00e3o n\u00e3o se trata de vetar o imposto estadual por n\u00e3o haver a transfer\u00eancia de um bem material. Ele entende que seria poss\u00edvel caracterizar como circula\u00e7\u00e3o de mercadoria &#8211; o fato gerador do ICMS &#8211; mesmo no caso de \u201cbem incorp\u00f3reo\u201d.<\/p>\n\n\n\n<p>Fato \u00e9 que, segundo Toffoli, no caso de licenciamento e cess\u00e3o de direito de uso dos programas de computador se est\u00e1 tratando de servi\u00e7os e, por esse motivo, deve incidir ISS e n\u00e3o ICMS. Ele levou em conta a Lei Complementar n\u00ba 116, de 2003, que prev\u00ea essas hip\u00f3teses como fato gerador do imposto municipal. \u201cA lei complementar n\u00e3o fez distin\u00e7\u00e3o [sobre as diferen\u00e7as de comercializa\u00e7\u00e3o dos programas]\u201d, disse.<\/p>\n\n\n\n<p>Os ministros Alexandre de Moraes, Lu\u00eds Roberto Barroso, Rosa Weber, Ricardo Lewandowski e Marco Aur\u00e9lio acompanharam o entendimento, formando a maioria.<\/p>\n\n\n\n<p>\u201cA quest\u00e3o da computa\u00e7\u00e3o n\u00e3o se resume \u00e0 quest\u00e3o de venda de mercadoria\u201d, disse Moraes ao acompanhar o voto de Toffoli. \u201c\u00c9 algo din\u00e2mico, uma presta\u00e7\u00e3o continuada de servi\u00e7os, atualiza\u00e7\u00f5es, armazenamento em nuvem, constante seguran\u00e7a contra v\u00edrus. Quando se adquire esses softwares o que se adquire \u00e9 um pacote de servi\u00e7os.\u201d<\/p>\n\n\n\n<p>Os ministros Edson Fachin e C\u00e1rmen L\u00facia mantiveram os votos na ADI 1945, ou seja, favor\u00e1veis \u00e0 cobran\u00e7a do ICMS, e est\u00e3o ficando vencidos, assim como o ministro Gilmar Mendes. Para eles, a situa\u00e7\u00e3o do software de prateleira \u00e9 diferente da situa\u00e7\u00e3o do software personalizado. Ao de prateleira, comercializado em larga escala, entendem que deveria incidir o imposto estadual.<\/p>\n\n\n\n<p>\u201cQuando a cria\u00e7\u00e3o intelectual \u00e9 produzida em s\u00e9rie, em massa, para ser comercializada, a destina\u00e7\u00e3o passa a ser a circula\u00e7\u00e3o e o lucro\u201d, disse Fachin ao votar, justificando a incid\u00eancia do ICMS. Sobre o software personalizado, acrescentou, caberia o ISS. O Supremo tinha jurisprud\u00eancia firmada neste sentido desde 1998, quando estabeleceram essa diferencia\u00e7\u00e3o (RE 176623).<\/p>\n\n\n\n<p>Ao se manifestar sobre o tema, o ministro Gilmar Mendes fez um alerta: \u201cCaminhamos para um modelo de servi\u00e7o de forma generalizada com a informatiza\u00e7\u00e3o. \u00c9 muito prov\u00e1vel que n\u00f3s possamos prognosticar que o ICMS, como n\u00f3s conhecemos, tende a desaparecer. Essa not\u00edcia \u00e9 muito preocupante para os Estados, esse \u00e9 o tributo que carrega a estrutura federativa no que diz respeito aos Estados.\u201d<\/p>\n\n\n\n<p>O advogado Saul Tourinho Leal, que representa a Associa\u00e7\u00e3o Brasileira das Empresas de Software (Abes), afirma que os munic\u00edpios reconstru\u00edram o setor de servi\u00e7os e que as empresas de software se estabilizaram pagando ISS em cumprimento \u00e0 Lei Complementar n\u00ba 116, de 2003. \u201cSeguran\u00e7a jur\u00eddica, simplicidade, funcionalidade e arrecada\u00e7\u00e3o\u201d, diz ele sobre a fixa\u00e7\u00e3o do imposto municipal sobre essas opera\u00e7\u00f5es.<\/p>\n\n\n\n<p>&nbsp;Fonte: <a href=\"https:\/\/valor.globo.com\/legislacao\/noticia\/2020\/11\/05\/maioria-no-supremo-vota-pelo-iss-para-tributacao-de-softwares.ghtml\">Valor<\/a><\/p>\n\n\n\n<p>A Amaral, Yazbek, OAB\/PR 762, possui 35 anos de experi\u00eancia auxiliando empresas a transformar a tributa\u00e7\u00e3o em lucro. Entre em contato com um dos s\u00f3cios para agendamento de reuni\u00e3o em caso de d\u00favidas.<\/p>\n\n\n\n<p>Contato: 41 3595-8300 ou pelo nosso WhatsApp 41 99567-5696<\/p>\n\n\n\n<p>Av. C\u00e2ndido Hartmann, 50 \u2013 Bigorrilho | Curitiba-PR<\/p>\n\n\n\n<p>Assine nossa Newsletter e fique por dentro das novidades!<\/p>\n\n\n\n<p>Quer receber seu exemplar da revista Governan\u00e7a Jur\u00eddica? Clique <a href=\"http:\/\/ayadvogados.com.br\/revista\">aqui<\/a>&nbsp;e pe\u00e7a a sua.<\/p>\n\n\n\n<p>Nos acompanhe nas redes sociais: <a href=\"https:\/\/www.facebook.com\/amaral.yazbek\">Facebook<\/a>&nbsp;| <a href=\"https:\/\/www.instagram.com\/amaral.yazbek\/\">Instagram<\/a> | <a href=\"https:\/\/www.linkedin.com\/company\/3357082\/admin\/\">Linkedin<\/a><\/p>\n\n\n\n<p>J\u00e1 conhece o canal Direito da Intelig\u00eancia de Neg\u00f3cios? <a href=\"https:\/\/www.youtube.com\/channel\/UCu2Mpu32ht8DEN8OFRXYMyw\">Inscreva-se j\u00e1<\/a><\/p>\n","protected":false},"excerpt":{"rendered":"<p>Mais de duas d\u00e9cadas depois de decidir sobre a tributa\u00e7\u00e3o nas opera\u00e7\u00f5es envolvendo software, o Supremo Tribunal Federal (STF) volta ao tema e tem maioria de votos j\u00e1 formada para mudar a jurisprud\u00eancia. Dos nove ministros que se posicionaram sobre a mat\u00e9ria em sess\u00e3o realizada ontem, seis entenderam pela incid\u00eancia do ISS tanto para o [&hellip;]<\/p>\n","protected":false},"author":3,"featured_media":0,"comment_status":"open","ping_status":"open","sticky":false,"template":"","format":"standard","meta":{"footnotes":""},"categories":[1],"tags":[],"class_list":["post-319","post","type-post","status-publish","format-standard","hentry","category-noticia-do-dia"],"blocksy_meta":{"styles_descriptor":{"styles":{"desktop":"","tablet":"","mobile":""},"google_fonts":[],"version":6}},"yoast_head":"<!-- This site is optimized with the Yoast SEO plugin v27.5 - https:\/\/yoast.com\/product\/yoast-seo-wordpress\/ -->\n<title>Maioria no Supremo vota pelo ISS para tributa\u00e7\u00e3o de softwares - Amaral, Yazbek Advogados<\/title>\n<meta name=\"robots\" content=\"index, follow, max-snippet:-1, max-image-preview:large, max-video-preview:-1\" \/>\n<link rel=\"canonical\" href=\"https:\/\/www.34.239.117.254.nip.io\/?p=319\" \/>\n<meta property=\"og:locale\" content=\"pt_BR\" \/>\n<meta property=\"og:type\" content=\"article\" \/>\n<meta property=\"og:title\" content=\"Maioria no Supremo vota pelo ISS para tributa\u00e7\u00e3o de softwares - Amaral, Yazbek Advogados\" \/>\n<meta property=\"og:description\" content=\"Mais de duas d\u00e9cadas depois de decidir sobre a tributa\u00e7\u00e3o nas opera\u00e7\u00f5es envolvendo software, o Supremo Tribunal Federal (STF) volta ao tema e tem maioria de votos j\u00e1 formada para mudar a jurisprud\u00eancia. Dos nove ministros que se posicionaram sobre a mat\u00e9ria em sess\u00e3o realizada ontem, seis entenderam pela incid\u00eancia do ISS tanto para o [&hellip;]\" \/>\n<meta property=\"og:url\" content=\"https:\/\/www.34.239.117.254.nip.io\/?p=319\" \/>\n<meta property=\"og:site_name\" content=\"Amaral, Yazbek Advogados\" \/>\n<meta property=\"article:publisher\" content=\"https:\/\/www.facebook.com\/AYadvogados\" \/>\n<meta property=\"article:published_time\" content=\"2020-11-05T14:50:00+00:00\" \/>\n<meta property=\"article:modified_time\" content=\"2021-03-18T14:50:40+00:00\" \/>\n<meta name=\"author\" content=\"Infra\" \/>\n<meta name=\"twitter:card\" content=\"summary_large_image\" \/>\n<meta name=\"twitter:label1\" content=\"Escrito por\" \/>\n\t<meta name=\"twitter:data1\" content=\"Infra\" \/>\n\t<meta name=\"twitter:label2\" content=\"Est. tempo de leitura\" \/>\n\t<meta name=\"twitter:data2\" content=\"6 minutos\" \/>\n<script type=\"application\/ld+json\" class=\"yoast-schema-graph\">{\"@context\":\"https:\\\/\\\/schema.org\",\"@graph\":[{\"@type\":\"Article\",\"@id\":\"https:\\\/\\\/www.34.239.117.254.nip.io\\\/?p=319#article\",\"isPartOf\":{\"@id\":\"https:\\\/\\\/www.34.239.117.254.nip.io\\\/?p=319\"},\"author\":{\"name\":\"Infra\",\"@id\":\"https:\\\/\\\/www.34.239.117.254.sslip.io\\\/#\\\/schema\\\/person\\\/6b9165a58758b048b8ea5a4fbd4ec3c4\"},\"headline\":\"Maioria no Supremo vota pelo ISS para tributa\u00e7\u00e3o de softwares\",\"datePublished\":\"2020-11-05T14:50:00+00:00\",\"dateModified\":\"2021-03-18T14:50:40+00:00\",\"mainEntityOfPage\":{\"@id\":\"https:\\\/\\\/www.34.239.117.254.nip.io\\\/?p=319\"},\"wordCount\":1148,\"commentCount\":0,\"publisher\":{\"@id\":\"https:\\\/\\\/www.34.239.117.254.sslip.io\\\/#organization\"},\"articleSection\":[\"Not\u00edcia do Dia\"],\"inLanguage\":\"pt-BR\",\"potentialAction\":[{\"@type\":\"CommentAction\",\"name\":\"Comment\",\"target\":[\"https:\\\/\\\/www.34.239.117.254.nip.io\\\/?p=319#respond\"]}]},{\"@type\":\"WebPage\",\"@id\":\"https:\\\/\\\/www.34.239.117.254.nip.io\\\/?p=319\",\"url\":\"https:\\\/\\\/www.34.239.117.254.nip.io\\\/?p=319\",\"name\":\"Maioria no Supremo vota pelo ISS para tributa\u00e7\u00e3o de softwares - Amaral, Yazbek Advogados\",\"isPartOf\":{\"@id\":\"https:\\\/\\\/www.34.239.117.254.sslip.io\\\/#website\"},\"datePublished\":\"2020-11-05T14:50:00+00:00\",\"dateModified\":\"2021-03-18T14:50:40+00:00\",\"breadcrumb\":{\"@id\":\"https:\\\/\\\/www.34.239.117.254.nip.io\\\/?p=319#breadcrumb\"},\"inLanguage\":\"pt-BR\",\"potentialAction\":[{\"@type\":\"ReadAction\",\"target\":[\"https:\\\/\\\/www.34.239.117.254.nip.io\\\/?p=319\"]}]},{\"@type\":\"BreadcrumbList\",\"@id\":\"https:\\\/\\\/www.34.239.117.254.nip.io\\\/?p=319#breadcrumb\",\"itemListElement\":[{\"@type\":\"ListItem\",\"position\":1,\"name\":\"In\u00edcio\",\"item\":\"https:\\\/\\\/www.34.239.117.254.sslip.io\\\/\"},{\"@type\":\"ListItem\",\"position\":2,\"name\":\"Maioria no Supremo vota pelo ISS para tributa\u00e7\u00e3o de softwares\"}]},{\"@type\":\"WebSite\",\"@id\":\"https:\\\/\\\/www.34.239.117.254.sslip.io\\\/#website\",\"url\":\"https:\\\/\\\/www.34.239.117.254.sslip.io\\\/\",\"name\":\"Amaral, Yazbek Advogados\",\"description\":\"Curitiba \u2022 Bras\u00edlia \u2022 S\u00e3o Paulo\",\"publisher\":{\"@id\":\"https:\\\/\\\/www.34.239.117.254.sslip.io\\\/#organization\"},\"potentialAction\":[{\"@type\":\"SearchAction\",\"target\":{\"@type\":\"EntryPoint\",\"urlTemplate\":\"https:\\\/\\\/www.34.239.117.254.sslip.io\\\/?s={search_term_string}\"},\"query-input\":{\"@type\":\"PropertyValueSpecification\",\"valueRequired\":true,\"valueName\":\"search_term_string\"}}],\"inLanguage\":\"pt-BR\"},{\"@type\":\"Organization\",\"@id\":\"https:\\\/\\\/www.34.239.117.254.sslip.io\\\/#organization\",\"name\":\"Amaral, Yazbek Advogados\",\"url\":\"https:\\\/\\\/www.34.239.117.254.sslip.io\\\/\",\"logo\":{\"@type\":\"ImageObject\",\"inLanguage\":\"pt-BR\",\"@id\":\"https:\\\/\\\/www.34.239.117.254.sslip.io\\\/#\\\/schema\\\/logo\\\/image\\\/\",\"url\":\"http:\\\/\\\/34.239.117.254\\\/wp-content\\\/uploads\\\/2021\\\/03\\\/logo-ay-g.png\",\"contentUrl\":\"http:\\\/\\\/34.239.117.254\\\/wp-content\\\/uploads\\\/2021\\\/03\\\/logo-ay-g.png\",\"width\":434,\"height\":106,\"caption\":\"Amaral, Yazbek Advogados\"},\"image\":{\"@id\":\"https:\\\/\\\/www.34.239.117.254.sslip.io\\\/#\\\/schema\\\/logo\\\/image\\\/\"},\"sameAs\":[\"https:\\\/\\\/www.facebook.com\\\/AYadvogados\",\"https:\\\/\\\/www.instagram.com\\\/ayadvogados\\\/\"]},{\"@type\":\"Person\",\"@id\":\"https:\\\/\\\/www.34.239.117.254.sslip.io\\\/#\\\/schema\\\/person\\\/6b9165a58758b048b8ea5a4fbd4ec3c4\",\"name\":\"Infra\",\"image\":{\"@type\":\"ImageObject\",\"inLanguage\":\"pt-BR\",\"@id\":\"https:\\\/\\\/secure.gravatar.com\\\/avatar\\\/60bf67293e186b9c834e31753dcc586dfcedb661d13b6b9ba29ac991ccafc035?s=96&d=mm&r=g\",\"url\":\"https:\\\/\\\/secure.gravatar.com\\\/avatar\\\/60bf67293e186b9c834e31753dcc586dfcedb661d13b6b9ba29ac991ccafc035?s=96&d=mm&r=g\",\"contentUrl\":\"https:\\\/\\\/secure.gravatar.com\\\/avatar\\\/60bf67293e186b9c834e31753dcc586dfcedb661d13b6b9ba29ac991ccafc035?s=96&d=mm&r=g\",\"caption\":\"Infra\"},\"url\":\"https:\\\/\\\/www.ayadvogados.com.br\\\/?author=3\"}]}<\/script>\n<!-- \/ Yoast SEO plugin. -->","yoast_head_json":{"title":"Maioria no Supremo vota pelo ISS para tributa\u00e7\u00e3o de softwares - Amaral, Yazbek Advogados","robots":{"index":"index","follow":"follow","max-snippet":"max-snippet:-1","max-image-preview":"max-image-preview:large","max-video-preview":"max-video-preview:-1"},"canonical":"https:\/\/www.34.239.117.254.nip.io\/?p=319","og_locale":"pt_BR","og_type":"article","og_title":"Maioria no Supremo vota pelo ISS para tributa\u00e7\u00e3o de softwares - Amaral, Yazbek Advogados","og_description":"Mais de duas d\u00e9cadas depois de decidir sobre a tributa\u00e7\u00e3o nas opera\u00e7\u00f5es envolvendo software, o Supremo Tribunal Federal (STF) volta ao tema e tem maioria de votos j\u00e1 formada para mudar a jurisprud\u00eancia. Dos nove ministros que se posicionaram sobre a mat\u00e9ria em sess\u00e3o realizada ontem, seis entenderam pela incid\u00eancia do ISS tanto para o [&hellip;]","og_url":"https:\/\/www.34.239.117.254.nip.io\/?p=319","og_site_name":"Amaral, Yazbek Advogados","article_publisher":"https:\/\/www.facebook.com\/AYadvogados","article_published_time":"2020-11-05T14:50:00+00:00","article_modified_time":"2021-03-18T14:50:40+00:00","author":"Infra","twitter_card":"summary_large_image","twitter_misc":{"Escrito por":"Infra","Est. tempo de leitura":"6 minutos"},"schema":{"@context":"https:\/\/schema.org","@graph":[{"@type":"Article","@id":"https:\/\/www.34.239.117.254.nip.io\/?p=319#article","isPartOf":{"@id":"https:\/\/www.34.239.117.254.nip.io\/?p=319"},"author":{"name":"Infra","@id":"https:\/\/www.34.239.117.254.sslip.io\/#\/schema\/person\/6b9165a58758b048b8ea5a4fbd4ec3c4"},"headline":"Maioria no Supremo vota pelo ISS para tributa\u00e7\u00e3o de softwares","datePublished":"2020-11-05T14:50:00+00:00","dateModified":"2021-03-18T14:50:40+00:00","mainEntityOfPage":{"@id":"https:\/\/www.34.239.117.254.nip.io\/?p=319"},"wordCount":1148,"commentCount":0,"publisher":{"@id":"https:\/\/www.34.239.117.254.sslip.io\/#organization"},"articleSection":["Not\u00edcia do Dia"],"inLanguage":"pt-BR","potentialAction":[{"@type":"CommentAction","name":"Comment","target":["https:\/\/www.34.239.117.254.nip.io\/?p=319#respond"]}]},{"@type":"WebPage","@id":"https:\/\/www.34.239.117.254.nip.io\/?p=319","url":"https:\/\/www.34.239.117.254.nip.io\/?p=319","name":"Maioria no Supremo vota pelo ISS para tributa\u00e7\u00e3o de softwares - Amaral, Yazbek Advogados","isPartOf":{"@id":"https:\/\/www.34.239.117.254.sslip.io\/#website"},"datePublished":"2020-11-05T14:50:00+00:00","dateModified":"2021-03-18T14:50:40+00:00","breadcrumb":{"@id":"https:\/\/www.34.239.117.254.nip.io\/?p=319#breadcrumb"},"inLanguage":"pt-BR","potentialAction":[{"@type":"ReadAction","target":["https:\/\/www.34.239.117.254.nip.io\/?p=319"]}]},{"@type":"BreadcrumbList","@id":"https:\/\/www.34.239.117.254.nip.io\/?p=319#breadcrumb","itemListElement":[{"@type":"ListItem","position":1,"name":"In\u00edcio","item":"https:\/\/www.34.239.117.254.sslip.io\/"},{"@type":"ListItem","position":2,"name":"Maioria no Supremo vota pelo ISS para tributa\u00e7\u00e3o de softwares"}]},{"@type":"WebSite","@id":"https:\/\/www.34.239.117.254.sslip.io\/#website","url":"https:\/\/www.34.239.117.254.sslip.io\/","name":"Amaral, Yazbek Advogados","description":"Curitiba \u2022 Bras\u00edlia \u2022 S\u00e3o Paulo","publisher":{"@id":"https:\/\/www.34.239.117.254.sslip.io\/#organization"},"potentialAction":[{"@type":"SearchAction","target":{"@type":"EntryPoint","urlTemplate":"https:\/\/www.34.239.117.254.sslip.io\/?s={search_term_string}"},"query-input":{"@type":"PropertyValueSpecification","valueRequired":true,"valueName":"search_term_string"}}],"inLanguage":"pt-BR"},{"@type":"Organization","@id":"https:\/\/www.34.239.117.254.sslip.io\/#organization","name":"Amaral, Yazbek Advogados","url":"https:\/\/www.34.239.117.254.sslip.io\/","logo":{"@type":"ImageObject","inLanguage":"pt-BR","@id":"https:\/\/www.34.239.117.254.sslip.io\/#\/schema\/logo\/image\/","url":"http:\/\/34.239.117.254\/wp-content\/uploads\/2021\/03\/logo-ay-g.png","contentUrl":"http:\/\/34.239.117.254\/wp-content\/uploads\/2021\/03\/logo-ay-g.png","width":434,"height":106,"caption":"Amaral, Yazbek Advogados"},"image":{"@id":"https:\/\/www.34.239.117.254.sslip.io\/#\/schema\/logo\/image\/"},"sameAs":["https:\/\/www.facebook.com\/AYadvogados","https:\/\/www.instagram.com\/ayadvogados\/"]},{"@type":"Person","@id":"https:\/\/www.34.239.117.254.sslip.io\/#\/schema\/person\/6b9165a58758b048b8ea5a4fbd4ec3c4","name":"Infra","image":{"@type":"ImageObject","inLanguage":"pt-BR","@id":"https:\/\/secure.gravatar.com\/avatar\/60bf67293e186b9c834e31753dcc586dfcedb661d13b6b9ba29ac991ccafc035?s=96&d=mm&r=g","url":"https:\/\/secure.gravatar.com\/avatar\/60bf67293e186b9c834e31753dcc586dfcedb661d13b6b9ba29ac991ccafc035?s=96&d=mm&r=g","contentUrl":"https:\/\/secure.gravatar.com\/avatar\/60bf67293e186b9c834e31753dcc586dfcedb661d13b6b9ba29ac991ccafc035?s=96&d=mm&r=g","caption":"Infra"},"url":"https:\/\/www.ayadvogados.com.br\/?author=3"}]}},"rttpg_featured_image_url":null,"rttpg_author":{"display_name":"Infra","author_link":"https:\/\/www.ayadvogados.com.br\/?author=3"},"rttpg_comment":0,"rttpg_category":"<a href=\"https:\/\/www.ayadvogados.com.br\/?cat=1\" rel=\"category\">Not\u00edcia do Dia<\/a>","rttpg_excerpt":"Mais de duas d\u00e9cadas depois de decidir sobre a tributa\u00e7\u00e3o nas opera\u00e7\u00f5es envolvendo software, o Supremo Tribunal Federal (STF) volta ao tema e tem maioria de votos j\u00e1 formada para mudar a jurisprud\u00eancia. Dos nove ministros que se posicionaram sobre a mat\u00e9ria em sess\u00e3o realizada ontem, seis entenderam pela incid\u00eancia do ISS tanto para o&hellip;","_links":{"self":[{"href":"https:\/\/www.ayadvogados.com.br\/index.php?rest_route=\/wp\/v2\/posts\/319","targetHints":{"allow":["GET"]}}],"collection":[{"href":"https:\/\/www.ayadvogados.com.br\/index.php?rest_route=\/wp\/v2\/posts"}],"about":[{"href":"https:\/\/www.ayadvogados.com.br\/index.php?rest_route=\/wp\/v2\/types\/post"}],"author":[{"embeddable":true,"href":"https:\/\/www.ayadvogados.com.br\/index.php?rest_route=\/wp\/v2\/users\/3"}],"replies":[{"embeddable":true,"href":"https:\/\/www.ayadvogados.com.br\/index.php?rest_route=%2Fwp%2Fv2%2Fcomments&post=319"}],"version-history":[{"count":1,"href":"https:\/\/www.ayadvogados.com.br\/index.php?rest_route=\/wp\/v2\/posts\/319\/revisions"}],"predecessor-version":[{"id":320,"href":"https:\/\/www.ayadvogados.com.br\/index.php?rest_route=\/wp\/v2\/posts\/319\/revisions\/320"}],"wp:attachment":[{"href":"https:\/\/www.ayadvogados.com.br\/index.php?rest_route=%2Fwp%2Fv2%2Fmedia&parent=319"}],"wp:term":[{"taxonomy":"category","embeddable":true,"href":"https:\/\/www.ayadvogados.com.br\/index.php?rest_route=%2Fwp%2Fv2%2Fcategories&post=319"},{"taxonomy":"post_tag","embeddable":true,"href":"https:\/\/www.ayadvogados.com.br\/index.php?rest_route=%2Fwp%2Fv2%2Ftags&post=319"}],"curies":[{"name":"wp","href":"https:\/\/api.w.org\/{rel}","templated":true}]}}