{"id":303,"date":"2020-11-16T11:42:00","date_gmt":"2020-11-16T14:42:00","guid":{"rendered":"http:\/\/34.239.117.254\/?p=303"},"modified":"2021-03-18T11:42:39","modified_gmt":"2021-03-18T14:42:39","slug":"estados-alertam-para-perdas-bilionarias-se-supremo-barrar-diferenca-de-aliquota-de-icms","status":"publish","type":"post","link":"https:\/\/www.ayadvogados.com.br\/?p=303","title":{"rendered":"Estados alertam para perdas bilion\u00e1rias se Supremo barrar diferen\u00e7a de al\u00edquota de ICMS"},"content":{"rendered":"\n<p>Dois processos em tramita\u00e7\u00e3o no Supremo Tribunal Federal est\u00e3o alarmando os secret\u00e1rios da Fazenda de todo o pa\u00eds, devido \u00e0 grande repercuss\u00e3o negativa que pode causar no caixa dos estados. Por isso, o Comit\u00ea Nacional de Secret\u00e1rios de Fazenda, Finan\u00e7as, Receita ou Tributa\u00e7\u00e3o dos Estados e do Distrito Federal (Comsefaz) encaminhou esta semana um of\u00edcio ao presidente do STF, Luiz Fux, manifestando preocupa\u00e7\u00e3o em rela\u00e7\u00e3o ao julgamento.<\/p>\n\n\n\n<p>A ADI5469 e o RE 1287019 tratam da diferen\u00e7a de al\u00edquota de ICMS (Difal\/ICMS) em opera\u00e7\u00f5es interestaduais nas quais a mercadoria ou o servi\u00e7o \u00e9 destinado a um consumidor final em outra unidade da federa\u00e7\u00e3o. O julgamento afeta, sobretudo, as transa\u00e7\u00f5es do com\u00e9rcio eletr\u00f4nico. Segundo levantamento do Comsefaz, caso a cobran\u00e7a seja suspensa o rombo para os estados ser\u00e1 na casa dos R$ 10 bilh\u00f5es anuais.<\/p>\n\n\n\n<p>O Plen\u00e1rio do Supremo iniciou na \u00faltima quarta-feira o julgamento conjunto dos dois processos, que discutem a necessidade de lei complementar para disciplinar, em \u00e2mbito nacional, a cobran\u00e7a do diferencial.<\/p>\n\n\n\n<p>Dois ministros se posicionaram contra a possibilidade de os estados cobrarem o Difal no com\u00e9rcio eletr\u00f4nico. Marco Aur\u00e9lio e Dias Toffoli entendem que isso s\u00f3 poderia ocorrer com a edi\u00e7\u00e3o de uma lei complementar federal estabelecendo as regras gerais para as cobran\u00e7as. A an\u00e1lise, por\u00e9m, foi suspensa por pedido de vista do ministro Nunes Marques.<\/p>\n\n\n\n<p>IMPACTOS &#8211; O Comsefaz alerta que a eventual inconstitucionalidade provocar\u00e1 \u201cgraves desequil\u00edbrios estruturais no maior imposto da economia brasileira\u201d, com impacto n\u00e3o apenas para os estados mas tamb\u00e9m para os munic\u00edpios \u2013 &nbsp;uma vez que as municipalidades recebem um&nbsp; quarto&nbsp; dessas receitas. Isso porque as receitas ficar\u00e3o concentradas nos estados onde a venda foi realizada, e n\u00e3o haver\u00e1 mais a reparti\u00e7\u00e3o com o estado onde vive o consumidor que adquiriu a mercadoria. A quest\u00e3o afeta, sobretudo, o com\u00e9rcio eletr\u00f4nico, uma vez que as empresas est\u00e3o concentradas na regi\u00e3o Sudeste e vendem para todo o Brasil.<\/p>\n\n\n\n<p>\u201cAl\u00e9m de prejudicar as arrecada\u00e7\u00f5es dos entes federados e tamb\u00e9m dos munic\u00edpios, a reinstitui\u00e7\u00e3o&nbsp; de&nbsp; um&nbsp; fluxo&nbsp; interestadual&nbsp; de&nbsp; mercadorias&nbsp; contraproducente&nbsp; estimulada pela ren\u00fancia&nbsp; fiscal&nbsp; prefigurada&nbsp; agravar\u00e1 ainda&nbsp; mais esse&nbsp; preju\u00edzo&nbsp; para&nbsp; a&nbsp; maioria&nbsp; dos estados\u201d, alerta o documento do Comsefaz.<\/p>\n\n\n\n<p>O secret\u00e1rio da Fazenda do Paran\u00e1, Ren\u00ea Garcia Junior, compara o impacto da perda de receitas com o fim da Difal a uma pandemia. \u201cO Paran\u00e1 j\u00e1 deixou de arrecadar este ano R$ 1,3 bilh\u00e3o por conta dos efeitos do Covid-19 sobre a economia. A suspens\u00e3o da cobran\u00e7a da Diferen\u00e7a de Al\u00edquota vai gerar um rombo da ordem de R$ 600 milh\u00f5es anuais no caixa do estado\u201d, explica.<\/p>\n\n\n\n<p>&nbsp;Fonte: <a href=\"http:\/\/www.fazenda.pr.gov.br\/Noticia\/Estados-alertam-para-perdas-bilionarias-se-Supremo-barrar-diferenca-de-aliquota-de-ICMS#\">Secretaria da Fazenda<\/a><\/p>\n\n\n\n<p>A Amaral, Yazbek, OAB\/PR 762, possui 35 anos de experi\u00eancia auxiliando empresas a transformar a tributa\u00e7\u00e3o em lucro. Entre em contato com um dos s\u00f3cios para agendamento de reuni\u00e3o em caso de d\u00favidas.<\/p>\n\n\n\n<p>Contato: 41 3595-8300 ou pelo nosso WhatsApp 41 99567-5696<\/p>\n\n\n\n<p>Av. C\u00e2ndido Hartmann, 50 \u2013 Bigorrilho | Curitiba-PR<\/p>\n\n\n\n<p>Assine nossa Newsletter e fique por dentro das novidades!<\/p>\n\n\n\n<p>Quer receber seu exemplar da revista Governan\u00e7a Jur\u00eddica? Clique <a href=\"http:\/\/ayadvogados.com.br\/revista\">aqui<\/a>&nbsp;e pe\u00e7a a sua.<\/p>\n\n\n\n<p>Nos acompanhe nas redes sociais: <a href=\"https:\/\/www.facebook.com\/amaral.yazbek\">Facebook<\/a>&nbsp;| <a href=\"https:\/\/www.instagram.com\/amaral.yazbek\/\">Instagram<\/a> | <a href=\"https:\/\/www.linkedin.com\/company\/3357082\/admin\/\">Linkedin<\/a><\/p>\n\n\n\n<p>J\u00e1 conhece o canal Direito da Intelig\u00eancia de Neg\u00f3cios? <a href=\"https:\/\/www.youtube.com\/channel\/UCu2Mpu32ht8DEN8OFRXYMyw\">Inscreva-se j\u00e1<\/a><\/p>\n","protected":false},"excerpt":{"rendered":"<p>Dois processos em tramita\u00e7\u00e3o no Supremo Tribunal Federal est\u00e3o alarmando os secret\u00e1rios da Fazenda de todo o pa\u00eds, devido \u00e0 grande repercuss\u00e3o negativa que pode causar no caixa dos estados. Por isso, o Comit\u00ea Nacional de Secret\u00e1rios de Fazenda, Finan\u00e7as, Receita ou Tributa\u00e7\u00e3o dos Estados e do Distrito Federal (Comsefaz) encaminhou esta semana um of\u00edcio [&hellip;]<\/p>\n","protected":false},"author":3,"featured_media":0,"comment_status":"open","ping_status":"open","sticky":false,"template":"","format":"standard","meta":{"footnotes":""},"categories":[1],"tags":[],"class_list":["post-303","post","type-post","status-publish","format-standard","hentry","category-noticia-do-dia"],"blocksy_meta":{"styles_descriptor":{"styles":{"desktop":"","tablet":"","mobile":""},"google_fonts":[],"version":6}},"yoast_head":"<!-- This site is optimized with the Yoast SEO plugin v27.5 - https:\/\/yoast.com\/product\/yoast-seo-wordpress\/ -->\n<title>Estados alertam para perdas bilion\u00e1rias se Supremo barrar diferen\u00e7a de al\u00edquota de ICMS - Amaral, Yazbek Advogados<\/title>\n<meta name=\"robots\" content=\"index, follow, max-snippet:-1, max-image-preview:large, max-video-preview:-1\" \/>\n<link rel=\"canonical\" href=\"https:\/\/www.34.239.117.254.sslip.io\/?p=303\" \/>\n<meta property=\"og:locale\" content=\"pt_BR\" \/>\n<meta property=\"og:type\" content=\"article\" \/>\n<meta property=\"og:title\" content=\"Estados alertam para perdas bilion\u00e1rias se Supremo barrar diferen\u00e7a de al\u00edquota de ICMS - Amaral, Yazbek Advogados\" \/>\n<meta property=\"og:description\" content=\"Dois processos em tramita\u00e7\u00e3o no Supremo Tribunal Federal est\u00e3o alarmando os secret\u00e1rios da Fazenda de todo o pa\u00eds, devido \u00e0 grande repercuss\u00e3o negativa que pode causar no caixa dos estados. Por isso, o Comit\u00ea Nacional de Secret\u00e1rios de Fazenda, Finan\u00e7as, Receita ou Tributa\u00e7\u00e3o dos Estados e do Distrito Federal (Comsefaz) encaminhou esta semana um of\u00edcio [&hellip;]\" \/>\n<meta property=\"og:url\" content=\"https:\/\/www.34.239.117.254.sslip.io\/?p=303\" \/>\n<meta property=\"og:site_name\" content=\"Amaral, Yazbek Advogados\" \/>\n<meta property=\"article:publisher\" content=\"https:\/\/www.facebook.com\/AYadvogados\" \/>\n<meta property=\"article:published_time\" content=\"2020-11-16T14:42:00+00:00\" \/>\n<meta property=\"article:modified_time\" content=\"2021-03-18T14:42:39+00:00\" \/>\n<meta name=\"author\" content=\"Infra\" \/>\n<meta name=\"twitter:card\" content=\"summary_large_image\" \/>\n<meta name=\"twitter:label1\" content=\"Escrito por\" \/>\n\t<meta name=\"twitter:data1\" content=\"Infra\" \/>\n\t<meta name=\"twitter:label2\" content=\"Est. tempo de leitura\" \/>\n\t<meta name=\"twitter:data2\" content=\"3 minutos\" \/>\n<script type=\"application\/ld+json\" class=\"yoast-schema-graph\">{\"@context\":\"https:\\\/\\\/schema.org\",\"@graph\":[{\"@type\":\"Article\",\"@id\":\"https:\\\/\\\/www.34.239.117.254.sslip.io\\\/?p=303#article\",\"isPartOf\":{\"@id\":\"https:\\\/\\\/www.34.239.117.254.sslip.io\\\/?p=303\"},\"author\":{\"name\":\"Infra\",\"@id\":\"https:\\\/\\\/www.34.239.117.254.sslip.io\\\/#\\\/schema\\\/person\\\/6b9165a58758b048b8ea5a4fbd4ec3c4\"},\"headline\":\"Estados alertam para perdas bilion\u00e1rias se Supremo barrar diferen\u00e7a de al\u00edquota de ICMS\",\"datePublished\":\"2020-11-16T14:42:00+00:00\",\"dateModified\":\"2021-03-18T14:42:39+00:00\",\"mainEntityOfPage\":{\"@id\":\"https:\\\/\\\/www.34.239.117.254.sslip.io\\\/?p=303\"},\"wordCount\":612,\"commentCount\":0,\"publisher\":{\"@id\":\"https:\\\/\\\/www.34.239.117.254.sslip.io\\\/#organization\"},\"articleSection\":[\"Not\u00edcia do Dia\"],\"inLanguage\":\"pt-BR\",\"potentialAction\":[{\"@type\":\"CommentAction\",\"name\":\"Comment\",\"target\":[\"https:\\\/\\\/www.34.239.117.254.sslip.io\\\/?p=303#respond\"]}]},{\"@type\":\"WebPage\",\"@id\":\"https:\\\/\\\/www.34.239.117.254.sslip.io\\\/?p=303\",\"url\":\"https:\\\/\\\/www.34.239.117.254.sslip.io\\\/?p=303\",\"name\":\"Estados alertam para perdas bilion\u00e1rias se Supremo barrar diferen\u00e7a de al\u00edquota de ICMS - Amaral, Yazbek Advogados\",\"isPartOf\":{\"@id\":\"https:\\\/\\\/www.34.239.117.254.sslip.io\\\/#website\"},\"datePublished\":\"2020-11-16T14:42:00+00:00\",\"dateModified\":\"2021-03-18T14:42:39+00:00\",\"breadcrumb\":{\"@id\":\"https:\\\/\\\/www.34.239.117.254.sslip.io\\\/?p=303#breadcrumb\"},\"inLanguage\":\"pt-BR\",\"potentialAction\":[{\"@type\":\"ReadAction\",\"target\":[\"https:\\\/\\\/www.34.239.117.254.sslip.io\\\/?p=303\"]}]},{\"@type\":\"BreadcrumbList\",\"@id\":\"https:\\\/\\\/www.34.239.117.254.sslip.io\\\/?p=303#breadcrumb\",\"itemListElement\":[{\"@type\":\"ListItem\",\"position\":1,\"name\":\"In\u00edcio\",\"item\":\"https:\\\/\\\/www.34.239.117.254.sslip.io\\\/\"},{\"@type\":\"ListItem\",\"position\":2,\"name\":\"Estados alertam para perdas bilion\u00e1rias se Supremo barrar diferen\u00e7a de al\u00edquota de ICMS\"}]},{\"@type\":\"WebSite\",\"@id\":\"https:\\\/\\\/www.34.239.117.254.sslip.io\\\/#website\",\"url\":\"https:\\\/\\\/www.34.239.117.254.sslip.io\\\/\",\"name\":\"Amaral, Yazbek Advogados\",\"description\":\"Curitiba \u2022 Bras\u00edlia \u2022 S\u00e3o Paulo\",\"publisher\":{\"@id\":\"https:\\\/\\\/www.34.239.117.254.sslip.io\\\/#organization\"},\"potentialAction\":[{\"@type\":\"SearchAction\",\"target\":{\"@type\":\"EntryPoint\",\"urlTemplate\":\"https:\\\/\\\/www.34.239.117.254.sslip.io\\\/?s={search_term_string}\"},\"query-input\":{\"@type\":\"PropertyValueSpecification\",\"valueRequired\":true,\"valueName\":\"search_term_string\"}}],\"inLanguage\":\"pt-BR\"},{\"@type\":\"Organization\",\"@id\":\"https:\\\/\\\/www.34.239.117.254.sslip.io\\\/#organization\",\"name\":\"Amaral, Yazbek Advogados\",\"url\":\"https:\\\/\\\/www.34.239.117.254.sslip.io\\\/\",\"logo\":{\"@type\":\"ImageObject\",\"inLanguage\":\"pt-BR\",\"@id\":\"https:\\\/\\\/www.34.239.117.254.sslip.io\\\/#\\\/schema\\\/logo\\\/image\\\/\",\"url\":\"http:\\\/\\\/34.239.117.254\\\/wp-content\\\/uploads\\\/2021\\\/03\\\/logo-ay-g.png\",\"contentUrl\":\"http:\\\/\\\/34.239.117.254\\\/wp-content\\\/uploads\\\/2021\\\/03\\\/logo-ay-g.png\",\"width\":434,\"height\":106,\"caption\":\"Amaral, Yazbek Advogados\"},\"image\":{\"@id\":\"https:\\\/\\\/www.34.239.117.254.sslip.io\\\/#\\\/schema\\\/logo\\\/image\\\/\"},\"sameAs\":[\"https:\\\/\\\/www.facebook.com\\\/AYadvogados\",\"https:\\\/\\\/www.instagram.com\\\/ayadvogados\\\/\"]},{\"@type\":\"Person\",\"@id\":\"https:\\\/\\\/www.34.239.117.254.sslip.io\\\/#\\\/schema\\\/person\\\/6b9165a58758b048b8ea5a4fbd4ec3c4\",\"name\":\"Infra\",\"image\":{\"@type\":\"ImageObject\",\"inLanguage\":\"pt-BR\",\"@id\":\"https:\\\/\\\/secure.gravatar.com\\\/avatar\\\/60bf67293e186b9c834e31753dcc586dfcedb661d13b6b9ba29ac991ccafc035?s=96&d=mm&r=g\",\"url\":\"https:\\\/\\\/secure.gravatar.com\\\/avatar\\\/60bf67293e186b9c834e31753dcc586dfcedb661d13b6b9ba29ac991ccafc035?s=96&d=mm&r=g\",\"contentUrl\":\"https:\\\/\\\/secure.gravatar.com\\\/avatar\\\/60bf67293e186b9c834e31753dcc586dfcedb661d13b6b9ba29ac991ccafc035?s=96&d=mm&r=g\",\"caption\":\"Infra\"},\"url\":\"https:\\\/\\\/www.ayadvogados.com.br\\\/?author=3\"}]}<\/script>\n<!-- \/ Yoast SEO plugin. -->","yoast_head_json":{"title":"Estados alertam para perdas bilion\u00e1rias se Supremo barrar diferen\u00e7a de al\u00edquota de ICMS - Amaral, Yazbek Advogados","robots":{"index":"index","follow":"follow","max-snippet":"max-snippet:-1","max-image-preview":"max-image-preview:large","max-video-preview":"max-video-preview:-1"},"canonical":"https:\/\/www.34.239.117.254.sslip.io\/?p=303","og_locale":"pt_BR","og_type":"article","og_title":"Estados alertam para perdas bilion\u00e1rias se Supremo barrar diferen\u00e7a de al\u00edquota de ICMS - Amaral, Yazbek Advogados","og_description":"Dois processos em tramita\u00e7\u00e3o no Supremo Tribunal Federal est\u00e3o alarmando os secret\u00e1rios da Fazenda de todo o pa\u00eds, devido \u00e0 grande repercuss\u00e3o negativa que pode causar no caixa dos estados. Por isso, o Comit\u00ea Nacional de Secret\u00e1rios de Fazenda, Finan\u00e7as, Receita ou Tributa\u00e7\u00e3o dos Estados e do Distrito Federal (Comsefaz) encaminhou esta semana um of\u00edcio [&hellip;]","og_url":"https:\/\/www.34.239.117.254.sslip.io\/?p=303","og_site_name":"Amaral, Yazbek Advogados","article_publisher":"https:\/\/www.facebook.com\/AYadvogados","article_published_time":"2020-11-16T14:42:00+00:00","article_modified_time":"2021-03-18T14:42:39+00:00","author":"Infra","twitter_card":"summary_large_image","twitter_misc":{"Escrito por":"Infra","Est. tempo de leitura":"3 minutos"},"schema":{"@context":"https:\/\/schema.org","@graph":[{"@type":"Article","@id":"https:\/\/www.34.239.117.254.sslip.io\/?p=303#article","isPartOf":{"@id":"https:\/\/www.34.239.117.254.sslip.io\/?p=303"},"author":{"name":"Infra","@id":"https:\/\/www.34.239.117.254.sslip.io\/#\/schema\/person\/6b9165a58758b048b8ea5a4fbd4ec3c4"},"headline":"Estados alertam para perdas bilion\u00e1rias se Supremo barrar diferen\u00e7a de al\u00edquota de ICMS","datePublished":"2020-11-16T14:42:00+00:00","dateModified":"2021-03-18T14:42:39+00:00","mainEntityOfPage":{"@id":"https:\/\/www.34.239.117.254.sslip.io\/?p=303"},"wordCount":612,"commentCount":0,"publisher":{"@id":"https:\/\/www.34.239.117.254.sslip.io\/#organization"},"articleSection":["Not\u00edcia do Dia"],"inLanguage":"pt-BR","potentialAction":[{"@type":"CommentAction","name":"Comment","target":["https:\/\/www.34.239.117.254.sslip.io\/?p=303#respond"]}]},{"@type":"WebPage","@id":"https:\/\/www.34.239.117.254.sslip.io\/?p=303","url":"https:\/\/www.34.239.117.254.sslip.io\/?p=303","name":"Estados alertam para perdas bilion\u00e1rias se Supremo barrar diferen\u00e7a de al\u00edquota de ICMS - Amaral, Yazbek Advogados","isPartOf":{"@id":"https:\/\/www.34.239.117.254.sslip.io\/#website"},"datePublished":"2020-11-16T14:42:00+00:00","dateModified":"2021-03-18T14:42:39+00:00","breadcrumb":{"@id":"https:\/\/www.34.239.117.254.sslip.io\/?p=303#breadcrumb"},"inLanguage":"pt-BR","potentialAction":[{"@type":"ReadAction","target":["https:\/\/www.34.239.117.254.sslip.io\/?p=303"]}]},{"@type":"BreadcrumbList","@id":"https:\/\/www.34.239.117.254.sslip.io\/?p=303#breadcrumb","itemListElement":[{"@type":"ListItem","position":1,"name":"In\u00edcio","item":"https:\/\/www.34.239.117.254.sslip.io\/"},{"@type":"ListItem","position":2,"name":"Estados alertam para perdas bilion\u00e1rias se Supremo barrar diferen\u00e7a de al\u00edquota de ICMS"}]},{"@type":"WebSite","@id":"https:\/\/www.34.239.117.254.sslip.io\/#website","url":"https:\/\/www.34.239.117.254.sslip.io\/","name":"Amaral, Yazbek Advogados","description":"Curitiba \u2022 Bras\u00edlia \u2022 S\u00e3o Paulo","publisher":{"@id":"https:\/\/www.34.239.117.254.sslip.io\/#organization"},"potentialAction":[{"@type":"SearchAction","target":{"@type":"EntryPoint","urlTemplate":"https:\/\/www.34.239.117.254.sslip.io\/?s={search_term_string}"},"query-input":{"@type":"PropertyValueSpecification","valueRequired":true,"valueName":"search_term_string"}}],"inLanguage":"pt-BR"},{"@type":"Organization","@id":"https:\/\/www.34.239.117.254.sslip.io\/#organization","name":"Amaral, Yazbek Advogados","url":"https:\/\/www.34.239.117.254.sslip.io\/","logo":{"@type":"ImageObject","inLanguage":"pt-BR","@id":"https:\/\/www.34.239.117.254.sslip.io\/#\/schema\/logo\/image\/","url":"http:\/\/34.239.117.254\/wp-content\/uploads\/2021\/03\/logo-ay-g.png","contentUrl":"http:\/\/34.239.117.254\/wp-content\/uploads\/2021\/03\/logo-ay-g.png","width":434,"height":106,"caption":"Amaral, Yazbek Advogados"},"image":{"@id":"https:\/\/www.34.239.117.254.sslip.io\/#\/schema\/logo\/image\/"},"sameAs":["https:\/\/www.facebook.com\/AYadvogados","https:\/\/www.instagram.com\/ayadvogados\/"]},{"@type":"Person","@id":"https:\/\/www.34.239.117.254.sslip.io\/#\/schema\/person\/6b9165a58758b048b8ea5a4fbd4ec3c4","name":"Infra","image":{"@type":"ImageObject","inLanguage":"pt-BR","@id":"https:\/\/secure.gravatar.com\/avatar\/60bf67293e186b9c834e31753dcc586dfcedb661d13b6b9ba29ac991ccafc035?s=96&d=mm&r=g","url":"https:\/\/secure.gravatar.com\/avatar\/60bf67293e186b9c834e31753dcc586dfcedb661d13b6b9ba29ac991ccafc035?s=96&d=mm&r=g","contentUrl":"https:\/\/secure.gravatar.com\/avatar\/60bf67293e186b9c834e31753dcc586dfcedb661d13b6b9ba29ac991ccafc035?s=96&d=mm&r=g","caption":"Infra"},"url":"https:\/\/www.ayadvogados.com.br\/?author=3"}]}},"rttpg_featured_image_url":null,"rttpg_author":{"display_name":"Infra","author_link":"https:\/\/www.ayadvogados.com.br\/?author=3"},"rttpg_comment":0,"rttpg_category":"<a href=\"https:\/\/www.ayadvogados.com.br\/?cat=1\" rel=\"category\">Not\u00edcia do Dia<\/a>","rttpg_excerpt":"Dois processos em tramita\u00e7\u00e3o no Supremo Tribunal Federal est\u00e3o alarmando os secret\u00e1rios da Fazenda de todo o pa\u00eds, devido \u00e0 grande repercuss\u00e3o negativa que pode causar no caixa dos estados. Por isso, o Comit\u00ea Nacional de Secret\u00e1rios de Fazenda, Finan\u00e7as, Receita ou Tributa\u00e7\u00e3o dos Estados e do Distrito Federal (Comsefaz) encaminhou esta semana um of\u00edcio&hellip;","_links":{"self":[{"href":"https:\/\/www.ayadvogados.com.br\/index.php?rest_route=\/wp\/v2\/posts\/303","targetHints":{"allow":["GET"]}}],"collection":[{"href":"https:\/\/www.ayadvogados.com.br\/index.php?rest_route=\/wp\/v2\/posts"}],"about":[{"href":"https:\/\/www.ayadvogados.com.br\/index.php?rest_route=\/wp\/v2\/types\/post"}],"author":[{"embeddable":true,"href":"https:\/\/www.ayadvogados.com.br\/index.php?rest_route=\/wp\/v2\/users\/3"}],"replies":[{"embeddable":true,"href":"https:\/\/www.ayadvogados.com.br\/index.php?rest_route=%2Fwp%2Fv2%2Fcomments&post=303"}],"version-history":[{"count":1,"href":"https:\/\/www.ayadvogados.com.br\/index.php?rest_route=\/wp\/v2\/posts\/303\/revisions"}],"predecessor-version":[{"id":304,"href":"https:\/\/www.ayadvogados.com.br\/index.php?rest_route=\/wp\/v2\/posts\/303\/revisions\/304"}],"wp:attachment":[{"href":"https:\/\/www.ayadvogados.com.br\/index.php?rest_route=%2Fwp%2Fv2%2Fmedia&parent=303"}],"wp:term":[{"taxonomy":"category","embeddable":true,"href":"https:\/\/www.ayadvogados.com.br\/index.php?rest_route=%2Fwp%2Fv2%2Fcategories&post=303"},{"taxonomy":"post_tag","embeddable":true,"href":"https:\/\/www.ayadvogados.com.br\/index.php?rest_route=%2Fwp%2Fv2%2Ftags&post=303"}],"curies":[{"name":"wp","href":"https:\/\/api.w.org\/{rel}","templated":true}]}}