{"id":2999,"date":"2023-11-09T10:20:43","date_gmt":"2023-11-09T13:20:43","guid":{"rendered":"http:\/\/34.239.117.254\/?p=2999"},"modified":"2023-11-09T10:23:35","modified_gmt":"2023-11-09T13:23:35","slug":"reforma-tributaria-e-aprovada-no-senado-federal","status":"publish","type":"post","link":"https:\/\/www.ayadvogados.com.br\/?p=2999","title":{"rendered":"REFORMA TRIBUT\u00c1RIA \u00c9 APROVADA NO SENADO FEDERAL"},"content":{"rendered":"\n<p><strong><strong>REFORMA TRIBUT\u00c1RIA \u00c9 APROVADA NO SENADO FEDERAL<\/strong><\/strong><\/p>\n\n\n\n<p>Agora a PEC 45\/2009 retorna para vota\u00e7\u00e3o na C\u00e2mara dos Deputados<\/p>\n\n\n\n<p>No dia 08\/11\/2023, o Senado Federal aprovou, em dois turnos, a PEC da Reforma Tribut\u00e1ria.<\/p>\n\n\n\n<p>Por haver altera\u00e7\u00f5es no texto, a PEC 45\/2009 retornar\u00e1 para a C\u00e2mara dos Deputados para nova an\u00e1lise e vota\u00e7\u00e3o.<\/p>\n\n\n\n<p>As principais altera\u00e7\u00f5es promovidas pelo Senado Federal foram:<\/p>\n\n\n\n<p>&#8211; Institui\u00e7\u00e3o de trava da carga tribut\u00e1ria, de forma que n\u00e3o haja aumento em rela\u00e7\u00e3o ao PIB;<\/p>\n\n\n\n<p>&#8211; Substitui\u00e7\u00e3o do Conselho Federativo para Comit\u00ea Gestor, de natureza de autarquia nacional;<\/p>\n\n\n\n<p>&#8211; Imposto Seletivo incidir\u00e1 n\u00e3o apenas sobre produ\u00e7\u00e3o, comercializa\u00e7\u00e3o ou importa\u00e7\u00e3o, mas tamb\u00e9m sobre extra\u00e7\u00e3o de bens e servi\u00e7os prejudiciais \u00e0 sa\u00fade ou ao meio ambiente;<\/p>\n\n\n\n<p>&#8211; Acr\u00e9scimo, no regime espec\u00edfico, dos setores de servi\u00e7os de saneamento, de concess\u00e3o de rodovias e de transporte coletivo;<\/p>\n\n\n\n<p>&#8211; Descri\u00e7\u00e3o das porcentagens de distribui\u00e7\u00e3o do IBS a Munic\u00edpios;<\/p>\n\n\n\n<p>&#8211; Cria\u00e7\u00e3o CIDE Zona Franca de Manaus;<\/p>\n\n\n\n<p>&#8211; Redu\u00e7\u00e3o de al\u00edquota do IBS e CBS (30%) para profissionais liberais;<\/p>\n\n\n\n<p>&#8211; Possibilidade de isen\u00e7\u00e3o de IBS e CBS para Institui\u00e7\u00e3o Cient\u00edfica, Tecnol\u00f3gica e de Inova\u00e7\u00e3o (ICT) sem fins lucrativos;<\/p>\n\n\n\n<p>&#8211; Aumento de valores a serem distribu\u00eddos pelo Fundo de Desenvolvimento Regional;<\/p>\n\n\n\n<p>&#8211; Manuten\u00e7\u00e3o de incentivos at\u00e9 31\/12\/2032 para o setor automobil\u00edstico.<\/p>\n\n\n\n<p>A Amaral Yazbek Advogados acompanha de perto a vota\u00e7\u00e3o da Reforma Tribut\u00e1ria e em breve retornamos com mais postagens sobre o assunto.<\/p>\n\n\n\n<hr class=\"wp-block-separator has-text-color has-palette-color-1-color has-css-opacity has-palette-color-1-background-color has-background is-style-dots\"\/>\n\n\n\n<div class=\"wp-block-group has-palette-color-6-background-color has-background is-layout-flow wp-block-group-is-layout-flow\">\n<p style=\"font-size:0.8em\">A Amaral,\u00a0Yazbek, OAB\/PR 762, possui 36 anos de experi\u00eancia auxiliando empresas a transformar a tributa\u00e7\u00e3o em lucro. Entre em contato com um dos s\u00f3cios para agendamento de reuni\u00e3o em caso de d\u00favidas.\u00a0\u00a0\u00a0<\/p>\n\n\n\n<p style=\"font-size:0.8em\">Contato: 41 3595-8300 ou pelo nosso WhatsApp 41 99567-5696\u00a0\u00a0\u00a0<\/p>\n\n\n\n<p style=\"font-size:0.8em\">Av. C\u00e2ndido Hartmann, 50 \u2013\u00a0Bigorrilho\u00a0| Curitiba-PR\u00a0\u00a0\u00a0<\/p>\n\n\n\n<p style=\"font-size:0.8em\">Assine nossa <a href=\"http:\/\/ayadvogados.com.br\/contato\/\">Newsletter<\/a> e fique por dentro das novidades!\u00a0\u00a0\u00a0<\/p>\n\n\n\n<p style=\"font-size:0.8em\">Quer receber seu exemplar da revista Governan\u00e7a Jur\u00eddica? <a href=\"http:\/\/ayadvogados.com.br\/revista\/\" data-type=\"page\" data-id=\"68\">Clique\u00a0aqui\u00a0e pe\u00e7a a sua<\/a>.\u00a0\u00a0\u00a0<\/p>\n\n\n\n<p style=\"font-size:0.8em\">Nos acompanhe nas redes sociais:\u00a0<a href=\"https:\/\/www.facebook.com\/AYadvogados\">Facebook<\/a>\u00a0|\u00a0<a href=\"https:\/\/www.instagram.com\/ayadvogados\/\">Instagram<\/a>\u00a0|\u00a0<a href=\"https:\/\/www.linkedin.com\/company\/amaral-yazbek-advogados\">Linkedin<\/a>\u00a0<\/p>\n\n\n\n<p style=\"font-size:0.8em\">J\u00e1 conhece o canal Direito da Intelig\u00eancia de Neg\u00f3cios?\u00a0<a href=\"https:\/\/www.youtube.com\/channel\/UCu2Mpu32ht8DEN8OFRXYMyw\">Inscreva-se j\u00e1<\/a><\/p>\n<\/div>\n","protected":false},"excerpt":{"rendered":"<p>REFORMA TRIBUT\u00c1RIA \u00c9 APROVADA NO SENADO FEDERAL Agora a PEC 45\/2009 retorna para vota\u00e7\u00e3o na C\u00e2mara dos Deputados No dia 08\/11\/2023, o Senado Federal aprovou, em dois turnos, a PEC da Reforma Tribut\u00e1ria. Por haver altera\u00e7\u00f5es no texto, a PEC 45\/2009 retornar\u00e1 para a C\u00e2mara dos Deputados para nova an\u00e1lise e vota\u00e7\u00e3o. As principais altera\u00e7\u00f5es [&hellip;]<\/p>\n","protected":false},"author":2,"featured_media":3002,"comment_status":"open","ping_status":"open","sticky":false,"template":"","format":"standard","meta":{"footnotes":""},"categories":[4,1],"tags":[9,29,120,33,96,119,118],"class_list":["post-2999","post","type-post","status-publish","format-standard","has-post-thumbnail","hentry","category-artigos-da-equipe","category-noticia-do-dia","tag-amaral-yazbek","tag-empresas","tag-importante-julgamento","tag-negocios","tag-reforma-tributaria","tag-stj","tag-teses"],"blocksy_meta":{"styles_descriptor":{"styles":{"desktop":"","tablet":"","mobile":""},"google_fonts":[],"version":6}},"yoast_head":"<!-- This site is optimized with the Yoast SEO plugin v27.5 - https:\/\/yoast.com\/product\/yoast-seo-wordpress\/ -->\n<title>REFORMA TRIBUT\u00c1RIA \u00c9 APROVADA NO SENADO FEDERAL<\/title>\n<meta name=\"description\" content=\"REFORMA TRIBUT\u00c1RIA \u00c9 APROVADA NO SENADO FEDERAL: Agora a PEC 45\/2009 retorna para vota\u00e7\u00e3o na C\u00e2mara dos Deputados\" \/>\n<meta name=\"robots\" content=\"index, follow, max-snippet:-1, max-image-preview:large, max-video-preview:-1\" \/>\n<link rel=\"canonical\" href=\"https:\/\/www.ayadvogados.com.br\/?p=2999\" \/>\n<meta property=\"og:locale\" content=\"pt_BR\" \/>\n<meta property=\"og:type\" content=\"article\" \/>\n<meta property=\"og:title\" content=\"REFORMA TRIBUT\u00c1RIA \u00c9 APROVADA NO SENADO FEDERAL\" \/>\n<meta property=\"og:description\" content=\"REFORMA TRIBUT\u00c1RIA \u00c9 APROVADA NO SENADO FEDERAL: Agora a PEC 45\/2009 retorna para vota\u00e7\u00e3o na C\u00e2mara dos Deputados\" \/>\n<meta property=\"og:url\" content=\"https:\/\/www.ayadvogados.com.br\/?p=2999\" \/>\n<meta property=\"og:site_name\" content=\"Amaral, Yazbek Advogados\" \/>\n<meta property=\"article:publisher\" content=\"https:\/\/www.facebook.com\/AYadvogados\" \/>\n<meta property=\"article:published_time\" content=\"2023-11-09T13:20:43+00:00\" \/>\n<meta property=\"article:modified_time\" content=\"2023-11-09T13:23:35+00:00\" \/>\n<meta property=\"og:image\" content=\"https:\/\/www.ayadvogados.com.br\/wp-content\/uploads\/2023\/11\/Prancheta-3-copiar-7.png\" \/>\n\t<meta property=\"og:image:width\" content=\"1920\" \/>\n\t<meta property=\"og:image:height\" content=\"1080\" \/>\n\t<meta property=\"og:image:type\" content=\"image\/png\" \/>\n<meta name=\"author\" content=\"AY Advogados\" \/>\n<meta name=\"twitter:card\" content=\"summary_large_image\" \/>\n<meta name=\"twitter:label1\" content=\"Escrito por\" \/>\n\t<meta name=\"twitter:data1\" content=\"AY Advogados\" \/>\n\t<meta name=\"twitter:label2\" content=\"Est. tempo de leitura\" \/>\n\t<meta name=\"twitter:data2\" content=\"2 minutos\" \/>\n<script type=\"application\/ld+json\" class=\"yoast-schema-graph\">{\"@context\":\"https:\\\/\\\/schema.org\",\"@graph\":[{\"@type\":\"Article\",\"@id\":\"https:\\\/\\\/www.ayadvogados.com.br\\\/?p=2999#article\",\"isPartOf\":{\"@id\":\"https:\\\/\\\/www.ayadvogados.com.br\\\/?p=2999\"},\"author\":{\"name\":\"AY Advogados\",\"@id\":\"https:\\\/\\\/www.ayadvogados.com.br\\\/#\\\/schema\\\/person\\\/4abfbf03ad3e577e691d333af064a912\"},\"headline\":\"REFORMA TRIBUT\u00c1RIA \u00c9 APROVADA NO SENADO FEDERAL\",\"datePublished\":\"2023-11-09T13:20:43+00:00\",\"dateModified\":\"2023-11-09T13:23:35+00:00\",\"mainEntityOfPage\":{\"@id\":\"https:\\\/\\\/www.ayadvogados.com.br\\\/?p=2999\"},\"wordCount\":269,\"commentCount\":0,\"publisher\":{\"@id\":\"https:\\\/\\\/www.ayadvogados.com.br\\\/#organization\"},\"image\":{\"@id\":\"https:\\\/\\\/www.ayadvogados.com.br\\\/?p=2999#primaryimage\"},\"thumbnailUrl\":\"https:\\\/\\\/www.ayadvogados.com.br\\\/wp-content\\\/uploads\\\/2023\\\/11\\\/Prancheta-3-copiar-7.png\",\"keywords\":[\"amaral yazbek\",\"empresas\",\"Importante Julgamento\",\"neg\u00f3cios\",\"Reforma Tribut\u00e1ria\",\"STJ\",\"teses\"],\"articleSection\":[\"Artigos da Equipe\",\"Not\u00edcia do Dia\"],\"inLanguage\":\"pt-BR\",\"potentialAction\":[{\"@type\":\"CommentAction\",\"name\":\"Comment\",\"target\":[\"https:\\\/\\\/www.ayadvogados.com.br\\\/?p=2999#respond\"]}]},{\"@type\":\"WebPage\",\"@id\":\"https:\\\/\\\/www.ayadvogados.com.br\\\/?p=2999\",\"url\":\"https:\\\/\\\/www.ayadvogados.com.br\\\/?p=2999\",\"name\":\"REFORMA TRIBUT\u00c1RIA \u00c9 APROVADA NO SENADO FEDERAL\",\"isPartOf\":{\"@id\":\"https:\\\/\\\/www.ayadvogados.com.br\\\/#website\"},\"primaryImageOfPage\":{\"@id\":\"https:\\\/\\\/www.ayadvogados.com.br\\\/?p=2999#primaryimage\"},\"image\":{\"@id\":\"https:\\\/\\\/www.ayadvogados.com.br\\\/?p=2999#primaryimage\"},\"thumbnailUrl\":\"https:\\\/\\\/www.ayadvogados.com.br\\\/wp-content\\\/uploads\\\/2023\\\/11\\\/Prancheta-3-copiar-7.png\",\"datePublished\":\"2023-11-09T13:20:43+00:00\",\"dateModified\":\"2023-11-09T13:23:35+00:00\",\"description\":\"REFORMA TRIBUT\u00c1RIA \u00c9 APROVADA NO SENADO FEDERAL: Agora a PEC 45\\\/2009 retorna para vota\u00e7\u00e3o na C\u00e2mara dos Deputados\",\"breadcrumb\":{\"@id\":\"https:\\\/\\\/www.ayadvogados.com.br\\\/?p=2999#breadcrumb\"},\"inLanguage\":\"pt-BR\",\"potentialAction\":[{\"@type\":\"ReadAction\",\"target\":[\"https:\\\/\\\/www.ayadvogados.com.br\\\/?p=2999\"]}]},{\"@type\":\"ImageObject\",\"inLanguage\":\"pt-BR\",\"@id\":\"https:\\\/\\\/www.ayadvogados.com.br\\\/?p=2999#primaryimage\",\"url\":\"https:\\\/\\\/www.ayadvogados.com.br\\\/wp-content\\\/uploads\\\/2023\\\/11\\\/Prancheta-3-copiar-7.png\",\"contentUrl\":\"https:\\\/\\\/www.ayadvogados.com.br\\\/wp-content\\\/uploads\\\/2023\\\/11\\\/Prancheta-3-copiar-7.png\",\"width\":1920,\"height\":1080,\"caption\":\"REFORMA TRIBUT\u00c1RIA \u00c9 APROVADA NO SENADO FEDERAL\"},{\"@type\":\"BreadcrumbList\",\"@id\":\"https:\\\/\\\/www.ayadvogados.com.br\\\/?p=2999#breadcrumb\",\"itemListElement\":[{\"@type\":\"ListItem\",\"position\":1,\"name\":\"In\u00edcio\",\"item\":\"https:\\\/\\\/www.ayadvogados.com.br\\\/\"},{\"@type\":\"ListItem\",\"position\":2,\"name\":\"REFORMA TRIBUT\u00c1RIA \u00c9 APROVADA NO SENADO FEDERAL\"}]},{\"@type\":\"WebSite\",\"@id\":\"https:\\\/\\\/www.ayadvogados.com.br\\\/#website\",\"url\":\"https:\\\/\\\/www.ayadvogados.com.br\\\/\",\"name\":\"Amaral, Yazbek Advogados\",\"description\":\"Curitiba \u2022 Bras\u00edlia \u2022 S\u00e3o Paulo\",\"publisher\":{\"@id\":\"https:\\\/\\\/www.ayadvogados.com.br\\\/#organization\"},\"potentialAction\":[{\"@type\":\"SearchAction\",\"target\":{\"@type\":\"EntryPoint\",\"urlTemplate\":\"https:\\\/\\\/www.ayadvogados.com.br\\\/?s={search_term_string}\"},\"query-input\":{\"@type\":\"PropertyValueSpecification\",\"valueRequired\":true,\"valueName\":\"search_term_string\"}}],\"inLanguage\":\"pt-BR\"},{\"@type\":\"Organization\",\"@id\":\"https:\\\/\\\/www.ayadvogados.com.br\\\/#organization\",\"name\":\"Amaral, Yazbek Advogados\",\"url\":\"https:\\\/\\\/www.ayadvogados.com.br\\\/\",\"logo\":{\"@type\":\"ImageObject\",\"inLanguage\":\"pt-BR\",\"@id\":\"https:\\\/\\\/www.ayadvogados.com.br\\\/#\\\/schema\\\/logo\\\/image\\\/\",\"url\":\"http:\\\/\\\/34.239.117.254\\\/wp-content\\\/uploads\\\/2021\\\/03\\\/logo-ay-g.png\",\"contentUrl\":\"http:\\\/\\\/34.239.117.254\\\/wp-content\\\/uploads\\\/2021\\\/03\\\/logo-ay-g.png\",\"width\":434,\"height\":106,\"caption\":\"Amaral, Yazbek Advogados\"},\"image\":{\"@id\":\"https:\\\/\\\/www.ayadvogados.com.br\\\/#\\\/schema\\\/logo\\\/image\\\/\"},\"sameAs\":[\"https:\\\/\\\/www.facebook.com\\\/AYadvogados\",\"https:\\\/\\\/www.instagram.com\\\/ayadvogados\\\/\"]},{\"@type\":\"Person\",\"@id\":\"https:\\\/\\\/www.ayadvogados.com.br\\\/#\\\/schema\\\/person\\\/4abfbf03ad3e577e691d333af064a912\",\"name\":\"AY Advogados\",\"image\":{\"@type\":\"ImageObject\",\"inLanguage\":\"pt-BR\",\"@id\":\"https:\\\/\\\/secure.gravatar.com\\\/avatar\\\/1473912b851241f5503026e6156e144dcd83ff7addb67f65e1ed9ca21ee1d9cf?s=96&d=mm&r=g\",\"url\":\"https:\\\/\\\/secure.gravatar.com\\\/avatar\\\/1473912b851241f5503026e6156e144dcd83ff7addb67f65e1ed9ca21ee1d9cf?s=96&d=mm&r=g\",\"contentUrl\":\"https:\\\/\\\/secure.gravatar.com\\\/avatar\\\/1473912b851241f5503026e6156e144dcd83ff7addb67f65e1ed9ca21ee1d9cf?s=96&d=mm&r=g\",\"caption\":\"AY Advogados\"},\"sameAs\":[\"https:\\\/\\\/ayadvogados.com.br\"],\"url\":\"https:\\\/\\\/www.ayadvogados.com.br\\\/?author=2\"}]}<\/script>\n<!-- \/ Yoast SEO plugin. -->","yoast_head_json":{"title":"REFORMA TRIBUT\u00c1RIA \u00c9 APROVADA NO SENADO FEDERAL","description":"REFORMA TRIBUT\u00c1RIA \u00c9 APROVADA NO SENADO FEDERAL: Agora a PEC 45\/2009 retorna para vota\u00e7\u00e3o na C\u00e2mara dos Deputados","robots":{"index":"index","follow":"follow","max-snippet":"max-snippet:-1","max-image-preview":"max-image-preview:large","max-video-preview":"max-video-preview:-1"},"canonical":"https:\/\/www.ayadvogados.com.br\/?p=2999","og_locale":"pt_BR","og_type":"article","og_title":"REFORMA TRIBUT\u00c1RIA \u00c9 APROVADA NO SENADO FEDERAL","og_description":"REFORMA TRIBUT\u00c1RIA \u00c9 APROVADA NO SENADO FEDERAL: Agora a PEC 45\/2009 retorna para vota\u00e7\u00e3o na C\u00e2mara dos Deputados","og_url":"https:\/\/www.ayadvogados.com.br\/?p=2999","og_site_name":"Amaral, Yazbek Advogados","article_publisher":"https:\/\/www.facebook.com\/AYadvogados","article_published_time":"2023-11-09T13:20:43+00:00","article_modified_time":"2023-11-09T13:23:35+00:00","og_image":[{"width":1920,"height":1080,"url":"https:\/\/www.ayadvogados.com.br\/wp-content\/uploads\/2023\/11\/Prancheta-3-copiar-7.png","type":"image\/png"}],"author":"AY Advogados","twitter_card":"summary_large_image","twitter_misc":{"Escrito por":"AY Advogados","Est. tempo de leitura":"2 minutos"},"schema":{"@context":"https:\/\/schema.org","@graph":[{"@type":"Article","@id":"https:\/\/www.ayadvogados.com.br\/?p=2999#article","isPartOf":{"@id":"https:\/\/www.ayadvogados.com.br\/?p=2999"},"author":{"name":"AY Advogados","@id":"https:\/\/www.ayadvogados.com.br\/#\/schema\/person\/4abfbf03ad3e577e691d333af064a912"},"headline":"REFORMA TRIBUT\u00c1RIA \u00c9 APROVADA NO SENADO FEDERAL","datePublished":"2023-11-09T13:20:43+00:00","dateModified":"2023-11-09T13:23:35+00:00","mainEntityOfPage":{"@id":"https:\/\/www.ayadvogados.com.br\/?p=2999"},"wordCount":269,"commentCount":0,"publisher":{"@id":"https:\/\/www.ayadvogados.com.br\/#organization"},"image":{"@id":"https:\/\/www.ayadvogados.com.br\/?p=2999#primaryimage"},"thumbnailUrl":"https:\/\/www.ayadvogados.com.br\/wp-content\/uploads\/2023\/11\/Prancheta-3-copiar-7.png","keywords":["amaral yazbek","empresas","Importante Julgamento","neg\u00f3cios","Reforma Tribut\u00e1ria","STJ","teses"],"articleSection":["Artigos da Equipe","Not\u00edcia do Dia"],"inLanguage":"pt-BR","potentialAction":[{"@type":"CommentAction","name":"Comment","target":["https:\/\/www.ayadvogados.com.br\/?p=2999#respond"]}]},{"@type":"WebPage","@id":"https:\/\/www.ayadvogados.com.br\/?p=2999","url":"https:\/\/www.ayadvogados.com.br\/?p=2999","name":"REFORMA TRIBUT\u00c1RIA \u00c9 APROVADA NO SENADO FEDERAL","isPartOf":{"@id":"https:\/\/www.ayadvogados.com.br\/#website"},"primaryImageOfPage":{"@id":"https:\/\/www.ayadvogados.com.br\/?p=2999#primaryimage"},"image":{"@id":"https:\/\/www.ayadvogados.com.br\/?p=2999#primaryimage"},"thumbnailUrl":"https:\/\/www.ayadvogados.com.br\/wp-content\/uploads\/2023\/11\/Prancheta-3-copiar-7.png","datePublished":"2023-11-09T13:20:43+00:00","dateModified":"2023-11-09T13:23:35+00:00","description":"REFORMA TRIBUT\u00c1RIA \u00c9 APROVADA NO SENADO FEDERAL: Agora a PEC 45\/2009 retorna para vota\u00e7\u00e3o na C\u00e2mara dos Deputados","breadcrumb":{"@id":"https:\/\/www.ayadvogados.com.br\/?p=2999#breadcrumb"},"inLanguage":"pt-BR","potentialAction":[{"@type":"ReadAction","target":["https:\/\/www.ayadvogados.com.br\/?p=2999"]}]},{"@type":"ImageObject","inLanguage":"pt-BR","@id":"https:\/\/www.ayadvogados.com.br\/?p=2999#primaryimage","url":"https:\/\/www.ayadvogados.com.br\/wp-content\/uploads\/2023\/11\/Prancheta-3-copiar-7.png","contentUrl":"https:\/\/www.ayadvogados.com.br\/wp-content\/uploads\/2023\/11\/Prancheta-3-copiar-7.png","width":1920,"height":1080,"caption":"REFORMA TRIBUT\u00c1RIA \u00c9 APROVADA NO SENADO FEDERAL"},{"@type":"BreadcrumbList","@id":"https:\/\/www.ayadvogados.com.br\/?p=2999#breadcrumb","itemListElement":[{"@type":"ListItem","position":1,"name":"In\u00edcio","item":"https:\/\/www.ayadvogados.com.br\/"},{"@type":"ListItem","position":2,"name":"REFORMA TRIBUT\u00c1RIA \u00c9 APROVADA NO SENADO FEDERAL"}]},{"@type":"WebSite","@id":"https:\/\/www.ayadvogados.com.br\/#website","url":"https:\/\/www.ayadvogados.com.br\/","name":"Amaral, Yazbek Advogados","description":"Curitiba \u2022 Bras\u00edlia \u2022 S\u00e3o Paulo","publisher":{"@id":"https:\/\/www.ayadvogados.com.br\/#organization"},"potentialAction":[{"@type":"SearchAction","target":{"@type":"EntryPoint","urlTemplate":"https:\/\/www.ayadvogados.com.br\/?s={search_term_string}"},"query-input":{"@type":"PropertyValueSpecification","valueRequired":true,"valueName":"search_term_string"}}],"inLanguage":"pt-BR"},{"@type":"Organization","@id":"https:\/\/www.ayadvogados.com.br\/#organization","name":"Amaral, Yazbek Advogados","url":"https:\/\/www.ayadvogados.com.br\/","logo":{"@type":"ImageObject","inLanguage":"pt-BR","@id":"https:\/\/www.ayadvogados.com.br\/#\/schema\/logo\/image\/","url":"http:\/\/34.239.117.254\/wp-content\/uploads\/2021\/03\/logo-ay-g.png","contentUrl":"http:\/\/34.239.117.254\/wp-content\/uploads\/2021\/03\/logo-ay-g.png","width":434,"height":106,"caption":"Amaral, Yazbek Advogados"},"image":{"@id":"https:\/\/www.ayadvogados.com.br\/#\/schema\/logo\/image\/"},"sameAs":["https:\/\/www.facebook.com\/AYadvogados","https:\/\/www.instagram.com\/ayadvogados\/"]},{"@type":"Person","@id":"https:\/\/www.ayadvogados.com.br\/#\/schema\/person\/4abfbf03ad3e577e691d333af064a912","name":"AY Advogados","image":{"@type":"ImageObject","inLanguage":"pt-BR","@id":"https:\/\/secure.gravatar.com\/avatar\/1473912b851241f5503026e6156e144dcd83ff7addb67f65e1ed9ca21ee1d9cf?s=96&d=mm&r=g","url":"https:\/\/secure.gravatar.com\/avatar\/1473912b851241f5503026e6156e144dcd83ff7addb67f65e1ed9ca21ee1d9cf?s=96&d=mm&r=g","contentUrl":"https:\/\/secure.gravatar.com\/avatar\/1473912b851241f5503026e6156e144dcd83ff7addb67f65e1ed9ca21ee1d9cf?s=96&d=mm&r=g","caption":"AY Advogados"},"sameAs":["https:\/\/ayadvogados.com.br"],"url":"https:\/\/www.ayadvogados.com.br\/?author=2"}]}},"rttpg_featured_image_url":{"full":["https:\/\/www.ayadvogados.com.br\/wp-content\/uploads\/2023\/11\/Prancheta-3-copiar-7.png",1920,1080,false],"landscape":["https:\/\/www.ayadvogados.com.br\/wp-content\/uploads\/2023\/11\/Prancheta-3-copiar-7.png",1920,1080,false],"portraits":["https:\/\/www.ayadvogados.com.br\/wp-content\/uploads\/2023\/11\/Prancheta-3-copiar-7.png",1920,1080,false],"thumbnail":["https:\/\/www.ayadvogados.com.br\/wp-content\/uploads\/2023\/11\/Prancheta-3-copiar-7-150x150.png",150,150,true],"medium":["https:\/\/www.ayadvogados.com.br\/wp-content\/uploads\/2023\/11\/Prancheta-3-copiar-7-300x169.png",300,169,true],"large":["https:\/\/www.ayadvogados.com.br\/wp-content\/uploads\/2023\/11\/Prancheta-3-copiar-7-1024x576.png",1024,576,true],"1536x1536":["https:\/\/www.ayadvogados.com.br\/wp-content\/uploads\/2023\/11\/Prancheta-3-copiar-7-1536x864.png",1536,864,true],"2048x2048":["https:\/\/www.ayadvogados.com.br\/wp-content\/uploads\/2023\/11\/Prancheta-3-copiar-7.png",1920,1080,false]},"rttpg_author":{"display_name":"AY Advogados","author_link":"https:\/\/www.ayadvogados.com.br\/?author=2"},"rttpg_comment":0,"rttpg_category":"<a href=\"https:\/\/www.ayadvogados.com.br\/?cat=4\" rel=\"category\">Artigos da Equipe<\/a> <a href=\"https:\/\/www.ayadvogados.com.br\/?cat=1\" rel=\"category\">Not\u00edcia do Dia<\/a>","rttpg_excerpt":"REFORMA TRIBUT\u00c1RIA \u00c9 APROVADA NO SENADO FEDERAL Agora a PEC 45\/2009 retorna para vota\u00e7\u00e3o na C\u00e2mara dos Deputados No dia 08\/11\/2023, o Senado Federal aprovou, em dois turnos, a PEC da Reforma Tribut\u00e1ria. Por haver altera\u00e7\u00f5es no texto, a PEC 45\/2009 retornar\u00e1 para a C\u00e2mara dos Deputados para nova an\u00e1lise e vota\u00e7\u00e3o. As principais altera\u00e7\u00f5es&hellip;","_links":{"self":[{"href":"https:\/\/www.ayadvogados.com.br\/index.php?rest_route=\/wp\/v2\/posts\/2999","targetHints":{"allow":["GET"]}}],"collection":[{"href":"https:\/\/www.ayadvogados.com.br\/index.php?rest_route=\/wp\/v2\/posts"}],"about":[{"href":"https:\/\/www.ayadvogados.com.br\/index.php?rest_route=\/wp\/v2\/types\/post"}],"author":[{"embeddable":true,"href":"https:\/\/www.ayadvogados.com.br\/index.php?rest_route=\/wp\/v2\/users\/2"}],"replies":[{"embeddable":true,"href":"https:\/\/www.ayadvogados.com.br\/index.php?rest_route=%2Fwp%2Fv2%2Fcomments&post=2999"}],"version-history":[{"count":2,"href":"https:\/\/www.ayadvogados.com.br\/index.php?rest_route=\/wp\/v2\/posts\/2999\/revisions"}],"predecessor-version":[{"id":3003,"href":"https:\/\/www.ayadvogados.com.br\/index.php?rest_route=\/wp\/v2\/posts\/2999\/revisions\/3003"}],"wp:featuredmedia":[{"embeddable":true,"href":"https:\/\/www.ayadvogados.com.br\/index.php?rest_route=\/wp\/v2\/media\/3002"}],"wp:attachment":[{"href":"https:\/\/www.ayadvogados.com.br\/index.php?rest_route=%2Fwp%2Fv2%2Fmedia&parent=2999"}],"wp:term":[{"taxonomy":"category","embeddable":true,"href":"https:\/\/www.ayadvogados.com.br\/index.php?rest_route=%2Fwp%2Fv2%2Fcategories&post=2999"},{"taxonomy":"post_tag","embeddable":true,"href":"https:\/\/www.ayadvogados.com.br\/index.php?rest_route=%2Fwp%2Fv2%2Ftags&post=2999"}],"curies":[{"name":"wp","href":"https:\/\/api.w.org\/{rel}","templated":true}]}}