{"id":2957,"date":"2023-10-23T11:12:23","date_gmt":"2023-10-23T14:12:23","guid":{"rendered":"http:\/\/34.239.117.254\/?p=2957"},"modified":"2023-10-23T13:14:24","modified_gmt":"2023-10-23T16:14:24","slug":"importantes-teses-tributarias-em-julgamento-no-stj-essa-semana","status":"publish","type":"post","link":"https:\/\/www.ayadvogados.com.br\/?p=2957","title":{"rendered":"Importantes teses tribut\u00e1rias em julgamento no STJ essa semana"},"content":{"rendered":"\n<p><strong><strong>Importantes teses tribut\u00e1rias em julgamento no STJ essa semana<\/strong><\/strong><\/p>\n\n\n\n<p><\/p>\n\n\n\n<p>O Superior Tribunal de Justi\u00e7a (STJ) pautou v\u00e1rias teses tribut\u00e1rias para julgamento no dia 25 de outubro de 2023. S\u00e3o elas:<\/p>\n\n\n\n<ul class=\"wp-block-list\">\n<li>Exclus\u00e3o da TUSD e TUST da base de c\u00e1lculo do ICMS (Tema 986-STJ): defende-se que a TUSD e TUST, que s\u00e3o tarifas cobradas pela distribui\u00e7\u00e3o e pela transmiss\u00e3o de energia el\u00e9trica, n\u00e3o podem ser consideradas na base de c\u00e1lculo do ICMS, visto n\u00e3o se tratarem de mercadoria;<\/li>\n\n\n\n<li>Limite de 20 sal\u00e1rios-m\u00ednimos para apura\u00e7\u00e3o da base de c\u00e1lculo de contribui\u00e7\u00f5es de terceiros (Tema 1.079-STJ): busca-se a aplica\u00e7\u00e3o do par\u00e1grafo \u00fanico do artigo 4\u00ba da Lei 6.950\/1981, que limita a base de c\u00e1lculo das contribui\u00e7\u00f5es a terceiros a 20 sal\u00e1rios m\u00ednimos, visto a aus\u00eancia de sua revoga\u00e7\u00e3o expressa ou t\u00e1cita;<\/li>\n\n\n\n<li>Exclus\u00e3o do ICMS-ST da base de c\u00e1lculo das contribui\u00e7\u00f5es de PIS\/COFINS devidas pelo contribuinte substitu\u00eddo (Tema 1.125-STJ): pretende-se que a conclus\u00e3o obtida pelo julgamento da Tese do S\u00e9culo seja estendida para os casos do ICMS substitui\u00e7\u00e3o tribut\u00e1ria.<\/li>\n<\/ul>\n\n\n\n<p>O julgamento \u00e9 bem aguardado pelos contribuintes, haja vista a economia fiscal que podem obter, caso o STJ decida de forma favor\u00e1vel aos seus interesses.<\/p>\n\n\n\n<p>Importante que os contribuintes aju\u00edzem a medida judicial adequada buscando a aplica\u00e7\u00e3o das teses tribut\u00e1rias acima elencadas antes de 25 de outubro de 2023, a fim de evitarem as repercuss\u00f5es prejudiciais de uma modula\u00e7\u00e3o de efeitos que pode vir a ser institu\u00eddo, limitando o efeito temporal da recupera\u00e7\u00e3o de cr\u00e9ditos tribut\u00e1rios.<\/p>\n\n\n\n<p>Ficou alguma d\u00favida sobre as Importantes teses tribut\u00e1rias em julgamento no STJ essa semana?<\/p>\n\n\n\n<p>N\u00f3s da Amaral Yazbek Advogados, com 38 anos de experi\u00eancia na defesa aos contribuintes, nos colocamos \u00e0 disposi\u00e7\u00e3o para responder seus questionamentos. Agende a sua consulta!<\/p>\n\n\n\n<hr class=\"wp-block-separator has-text-color has-palette-color-1-color has-css-opacity has-palette-color-1-background-color has-background is-style-dots\"\/>\n\n\n\n<div class=\"wp-block-group has-palette-color-6-background-color has-background is-layout-flow wp-block-group-is-layout-flow\">\n<p style=\"font-size:0.8em\">A Amaral,\u00a0Yazbek, OAB\/PR 762, possui 36 anos de experi\u00eancia auxiliando empresas a transformar a tributa\u00e7\u00e3o em lucro. Entre em contato com um dos s\u00f3cios para agendamento de reuni\u00e3o em caso de d\u00favidas.\u00a0\u00a0\u00a0<\/p>\n\n\n\n<p style=\"font-size:0.8em\">Contato: 41 3595-8300 ou pelo nosso WhatsApp 41 99567-5696\u00a0\u00a0\u00a0<\/p>\n\n\n\n<p style=\"font-size:0.8em\">Av. C\u00e2ndido Hartmann, 50 \u2013\u00a0Bigorrilho\u00a0| Curitiba-PR\u00a0\u00a0\u00a0<\/p>\n\n\n\n<p style=\"font-size:0.8em\">Assine nossa <a href=\"http:\/\/ayadvogados.com.br\/contato\/\">Newsletter<\/a> e fique por dentro das novidades!\u00a0\u00a0\u00a0<\/p>\n\n\n\n<p style=\"font-size:0.8em\">Quer receber seu exemplar da revista Governan\u00e7a Jur\u00eddica? <a href=\"http:\/\/ayadvogados.com.br\/revista\/\" data-type=\"page\" data-id=\"68\">Clique\u00a0aqui\u00a0e pe\u00e7a a sua<\/a>.\u00a0\u00a0\u00a0<\/p>\n\n\n\n<p style=\"font-size:0.8em\">Nos acompanhe nas redes sociais:\u00a0<a href=\"https:\/\/www.facebook.com\/AYadvogados\">Facebook<\/a>\u00a0|\u00a0<a href=\"https:\/\/www.instagram.com\/ayadvogados\/\">Instagram<\/a>\u00a0|\u00a0<a href=\"https:\/\/www.linkedin.com\/company\/amaral-yazbek-advogados\">Linkedin<\/a>\u00a0<\/p>\n\n\n\n<p style=\"font-size:0.8em\">J\u00e1 conhece o canal Direito da Intelig\u00eancia de Neg\u00f3cios?\u00a0<a href=\"https:\/\/www.youtube.com\/channel\/UCu2Mpu32ht8DEN8OFRXYMyw\">Inscreva-se j\u00e1<\/a><\/p>\n<\/div>\n","protected":false},"excerpt":{"rendered":"<p>Importantes teses tribut\u00e1rias em julgamento no STJ essa semana O Superior Tribunal de Justi\u00e7a (STJ) pautou v\u00e1rias teses tribut\u00e1rias para julgamento no dia 25 de outubro de 2023. S\u00e3o elas: O julgamento \u00e9 bem aguardado pelos contribuintes, haja vista a economia fiscal que podem obter, caso o STJ decida de forma favor\u00e1vel aos seus interesses. [&hellip;]<\/p>\n","protected":false},"author":2,"featured_media":2960,"comment_status":"open","ping_status":"open","sticky":false,"template":"","format":"standard","meta":{"footnotes":""},"categories":[4,1],"tags":[9,29,120,33,96,119,118],"class_list":["post-2957","post","type-post","status-publish","format-standard","has-post-thumbnail","hentry","category-artigos-da-equipe","category-noticia-do-dia","tag-amaral-yazbek","tag-empresas","tag-importante-julgamento","tag-negocios","tag-reforma-tributaria","tag-stj","tag-teses"],"blocksy_meta":{"styles_descriptor":{"styles":{"desktop":"","tablet":"","mobile":""},"google_fonts":[],"version":6}},"yoast_head":"<!-- This site is optimized with the Yoast SEO plugin v27.5 - https:\/\/yoast.com\/product\/yoast-seo-wordpress\/ -->\n<title>Importantes teses tribut\u00e1rias em julgamento no STJ essa semana<\/title>\n<meta name=\"description\" content=\"Importantes teses tribut\u00e1rias em julgamento no STJ essa semana: O STJ pautou v\u00e1rias teses tribut\u00e1rias dia 25 de outubro de 2023\" \/>\n<meta name=\"robots\" content=\"index, follow, max-snippet:-1, max-image-preview:large, max-video-preview:-1\" \/>\n<link rel=\"canonical\" href=\"https:\/\/www.ayadvogados.com.br\/?p=2957\" \/>\n<meta property=\"og:locale\" content=\"pt_BR\" \/>\n<meta property=\"og:type\" content=\"article\" \/>\n<meta property=\"og:title\" content=\"Importantes teses tribut\u00e1rias em julgamento no STJ essa semana\" \/>\n<meta property=\"og:description\" content=\"Importantes teses tribut\u00e1rias em julgamento no STJ essa semana: O STJ pautou v\u00e1rias teses tribut\u00e1rias dia 25 de outubro de 2023\" \/>\n<meta property=\"og:url\" content=\"https:\/\/www.ayadvogados.com.br\/?p=2957\" \/>\n<meta property=\"og:site_name\" content=\"Amaral, Yazbek Advogados\" \/>\n<meta property=\"article:publisher\" content=\"https:\/\/www.facebook.com\/AYadvogados\" \/>\n<meta property=\"article:published_time\" content=\"2023-10-23T14:12:23+00:00\" \/>\n<meta property=\"article:modified_time\" content=\"2023-10-23T16:14:24+00:00\" \/>\n<meta property=\"og:image\" content=\"https:\/\/www.ayadvogados.com.br\/wp-content\/uploads\/2023\/10\/Prancheta-3-copiar-7.png\" \/>\n\t<meta property=\"og:image:width\" content=\"1920\" \/>\n\t<meta property=\"og:image:height\" content=\"1080\" \/>\n\t<meta property=\"og:image:type\" content=\"image\/png\" \/>\n<meta name=\"author\" content=\"AY Advogados\" \/>\n<meta name=\"twitter:card\" content=\"summary_large_image\" \/>\n<meta name=\"twitter:label1\" content=\"Escrito por\" \/>\n\t<meta name=\"twitter:data1\" content=\"AY Advogados\" \/>\n\t<meta name=\"twitter:label2\" content=\"Est. tempo de leitura\" \/>\n\t<meta name=\"twitter:data2\" content=\"2 minutos\" \/>\n<script type=\"application\/ld+json\" class=\"yoast-schema-graph\">{\"@context\":\"https:\\\/\\\/schema.org\",\"@graph\":[{\"@type\":\"Article\",\"@id\":\"https:\\\/\\\/www.ayadvogados.com.br\\\/?p=2957#article\",\"isPartOf\":{\"@id\":\"https:\\\/\\\/www.ayadvogados.com.br\\\/?p=2957\"},\"author\":{\"name\":\"AY Advogados\",\"@id\":\"https:\\\/\\\/www.ayadvogados.com.br\\\/#\\\/schema\\\/person\\\/4abfbf03ad3e577e691d333af064a912\"},\"headline\":\"Importantes teses tribut\u00e1rias em julgamento no STJ essa semana\",\"datePublished\":\"2023-10-23T14:12:23+00:00\",\"dateModified\":\"2023-10-23T16:14:24+00:00\",\"mainEntityOfPage\":{\"@id\":\"https:\\\/\\\/www.ayadvogados.com.br\\\/?p=2957\"},\"wordCount\":332,\"commentCount\":0,\"publisher\":{\"@id\":\"https:\\\/\\\/www.ayadvogados.com.br\\\/#organization\"},\"image\":{\"@id\":\"https:\\\/\\\/www.ayadvogados.com.br\\\/?p=2957#primaryimage\"},\"thumbnailUrl\":\"https:\\\/\\\/www.ayadvogados.com.br\\\/wp-content\\\/uploads\\\/2023\\\/10\\\/Prancheta-3-copiar-7.png\",\"keywords\":[\"amaral yazbek\",\"empresas\",\"Importante Julgamento\",\"neg\u00f3cios\",\"Reforma Tribut\u00e1ria\",\"STJ\",\"teses\"],\"articleSection\":[\"Artigos da Equipe\",\"Not\u00edcia do Dia\"],\"inLanguage\":\"pt-BR\",\"potentialAction\":[{\"@type\":\"CommentAction\",\"name\":\"Comment\",\"target\":[\"https:\\\/\\\/www.ayadvogados.com.br\\\/?p=2957#respond\"]}]},{\"@type\":\"WebPage\",\"@id\":\"https:\\\/\\\/www.ayadvogados.com.br\\\/?p=2957\",\"url\":\"https:\\\/\\\/www.ayadvogados.com.br\\\/?p=2957\",\"name\":\"Importantes teses tribut\u00e1rias em julgamento no STJ essa semana\",\"isPartOf\":{\"@id\":\"https:\\\/\\\/www.ayadvogados.com.br\\\/#website\"},\"primaryImageOfPage\":{\"@id\":\"https:\\\/\\\/www.ayadvogados.com.br\\\/?p=2957#primaryimage\"},\"image\":{\"@id\":\"https:\\\/\\\/www.ayadvogados.com.br\\\/?p=2957#primaryimage\"},\"thumbnailUrl\":\"https:\\\/\\\/www.ayadvogados.com.br\\\/wp-content\\\/uploads\\\/2023\\\/10\\\/Prancheta-3-copiar-7.png\",\"datePublished\":\"2023-10-23T14:12:23+00:00\",\"dateModified\":\"2023-10-23T16:14:24+00:00\",\"description\":\"Importantes teses tribut\u00e1rias em julgamento no STJ essa semana: O STJ pautou v\u00e1rias teses tribut\u00e1rias dia 25 de outubro de 2023\",\"breadcrumb\":{\"@id\":\"https:\\\/\\\/www.ayadvogados.com.br\\\/?p=2957#breadcrumb\"},\"inLanguage\":\"pt-BR\",\"potentialAction\":[{\"@type\":\"ReadAction\",\"target\":[\"https:\\\/\\\/www.ayadvogados.com.br\\\/?p=2957\"]}]},{\"@type\":\"ImageObject\",\"inLanguage\":\"pt-BR\",\"@id\":\"https:\\\/\\\/www.ayadvogados.com.br\\\/?p=2957#primaryimage\",\"url\":\"https:\\\/\\\/www.ayadvogados.com.br\\\/wp-content\\\/uploads\\\/2023\\\/10\\\/Prancheta-3-copiar-7.png\",\"contentUrl\":\"https:\\\/\\\/www.ayadvogados.com.br\\\/wp-content\\\/uploads\\\/2023\\\/10\\\/Prancheta-3-copiar-7.png\",\"width\":1920,\"height\":1080,\"caption\":\"Importantes teses tribut\u00e1rias em julgamento no STJ essa semana\"},{\"@type\":\"BreadcrumbList\",\"@id\":\"https:\\\/\\\/www.ayadvogados.com.br\\\/?p=2957#breadcrumb\",\"itemListElement\":[{\"@type\":\"ListItem\",\"position\":1,\"name\":\"In\u00edcio\",\"item\":\"https:\\\/\\\/www.ayadvogados.com.br\\\/\"},{\"@type\":\"ListItem\",\"position\":2,\"name\":\"Importantes teses tribut\u00e1rias em julgamento no STJ essa semana\"}]},{\"@type\":\"WebSite\",\"@id\":\"https:\\\/\\\/www.ayadvogados.com.br\\\/#website\",\"url\":\"https:\\\/\\\/www.ayadvogados.com.br\\\/\",\"name\":\"Amaral, Yazbek Advogados\",\"description\":\"Curitiba \u2022 Bras\u00edlia \u2022 S\u00e3o Paulo\",\"publisher\":{\"@id\":\"https:\\\/\\\/www.ayadvogados.com.br\\\/#organization\"},\"potentialAction\":[{\"@type\":\"SearchAction\",\"target\":{\"@type\":\"EntryPoint\",\"urlTemplate\":\"https:\\\/\\\/www.ayadvogados.com.br\\\/?s={search_term_string}\"},\"query-input\":{\"@type\":\"PropertyValueSpecification\",\"valueRequired\":true,\"valueName\":\"search_term_string\"}}],\"inLanguage\":\"pt-BR\"},{\"@type\":\"Organization\",\"@id\":\"https:\\\/\\\/www.ayadvogados.com.br\\\/#organization\",\"name\":\"Amaral, Yazbek Advogados\",\"url\":\"https:\\\/\\\/www.ayadvogados.com.br\\\/\",\"logo\":{\"@type\":\"ImageObject\",\"inLanguage\":\"pt-BR\",\"@id\":\"https:\\\/\\\/www.ayadvogados.com.br\\\/#\\\/schema\\\/logo\\\/image\\\/\",\"url\":\"http:\\\/\\\/34.239.117.254\\\/wp-content\\\/uploads\\\/2021\\\/03\\\/logo-ay-g.png\",\"contentUrl\":\"http:\\\/\\\/34.239.117.254\\\/wp-content\\\/uploads\\\/2021\\\/03\\\/logo-ay-g.png\",\"width\":434,\"height\":106,\"caption\":\"Amaral, Yazbek Advogados\"},\"image\":{\"@id\":\"https:\\\/\\\/www.ayadvogados.com.br\\\/#\\\/schema\\\/logo\\\/image\\\/\"},\"sameAs\":[\"https:\\\/\\\/www.facebook.com\\\/AYadvogados\",\"https:\\\/\\\/www.instagram.com\\\/ayadvogados\\\/\"]},{\"@type\":\"Person\",\"@id\":\"https:\\\/\\\/www.ayadvogados.com.br\\\/#\\\/schema\\\/person\\\/4abfbf03ad3e577e691d333af064a912\",\"name\":\"AY Advogados\",\"image\":{\"@type\":\"ImageObject\",\"inLanguage\":\"pt-BR\",\"@id\":\"https:\\\/\\\/secure.gravatar.com\\\/avatar\\\/1473912b851241f5503026e6156e144dcd83ff7addb67f65e1ed9ca21ee1d9cf?s=96&d=mm&r=g\",\"url\":\"https:\\\/\\\/secure.gravatar.com\\\/avatar\\\/1473912b851241f5503026e6156e144dcd83ff7addb67f65e1ed9ca21ee1d9cf?s=96&d=mm&r=g\",\"contentUrl\":\"https:\\\/\\\/secure.gravatar.com\\\/avatar\\\/1473912b851241f5503026e6156e144dcd83ff7addb67f65e1ed9ca21ee1d9cf?s=96&d=mm&r=g\",\"caption\":\"AY Advogados\"},\"sameAs\":[\"https:\\\/\\\/ayadvogados.com.br\"],\"url\":\"https:\\\/\\\/www.ayadvogados.com.br\\\/?author=2\"}]}<\/script>\n<!-- \/ Yoast SEO plugin. -->","yoast_head_json":{"title":"Importantes teses tribut\u00e1rias em julgamento no STJ essa semana","description":"Importantes teses tribut\u00e1rias em julgamento no STJ essa semana: O STJ pautou v\u00e1rias teses tribut\u00e1rias dia 25 de outubro de 2023","robots":{"index":"index","follow":"follow","max-snippet":"max-snippet:-1","max-image-preview":"max-image-preview:large","max-video-preview":"max-video-preview:-1"},"canonical":"https:\/\/www.ayadvogados.com.br\/?p=2957","og_locale":"pt_BR","og_type":"article","og_title":"Importantes teses tribut\u00e1rias em julgamento no STJ essa semana","og_description":"Importantes teses tribut\u00e1rias em julgamento no STJ essa semana: O STJ pautou v\u00e1rias teses tribut\u00e1rias dia 25 de outubro de 2023","og_url":"https:\/\/www.ayadvogados.com.br\/?p=2957","og_site_name":"Amaral, Yazbek Advogados","article_publisher":"https:\/\/www.facebook.com\/AYadvogados","article_published_time":"2023-10-23T14:12:23+00:00","article_modified_time":"2023-10-23T16:14:24+00:00","og_image":[{"width":1920,"height":1080,"url":"https:\/\/www.ayadvogados.com.br\/wp-content\/uploads\/2023\/10\/Prancheta-3-copiar-7.png","type":"image\/png"}],"author":"AY Advogados","twitter_card":"summary_large_image","twitter_misc":{"Escrito por":"AY Advogados","Est. tempo de leitura":"2 minutos"},"schema":{"@context":"https:\/\/schema.org","@graph":[{"@type":"Article","@id":"https:\/\/www.ayadvogados.com.br\/?p=2957#article","isPartOf":{"@id":"https:\/\/www.ayadvogados.com.br\/?p=2957"},"author":{"name":"AY Advogados","@id":"https:\/\/www.ayadvogados.com.br\/#\/schema\/person\/4abfbf03ad3e577e691d333af064a912"},"headline":"Importantes teses tribut\u00e1rias em julgamento no STJ essa semana","datePublished":"2023-10-23T14:12:23+00:00","dateModified":"2023-10-23T16:14:24+00:00","mainEntityOfPage":{"@id":"https:\/\/www.ayadvogados.com.br\/?p=2957"},"wordCount":332,"commentCount":0,"publisher":{"@id":"https:\/\/www.ayadvogados.com.br\/#organization"},"image":{"@id":"https:\/\/www.ayadvogados.com.br\/?p=2957#primaryimage"},"thumbnailUrl":"https:\/\/www.ayadvogados.com.br\/wp-content\/uploads\/2023\/10\/Prancheta-3-copiar-7.png","keywords":["amaral yazbek","empresas","Importante Julgamento","neg\u00f3cios","Reforma Tribut\u00e1ria","STJ","teses"],"articleSection":["Artigos da Equipe","Not\u00edcia do Dia"],"inLanguage":"pt-BR","potentialAction":[{"@type":"CommentAction","name":"Comment","target":["https:\/\/www.ayadvogados.com.br\/?p=2957#respond"]}]},{"@type":"WebPage","@id":"https:\/\/www.ayadvogados.com.br\/?p=2957","url":"https:\/\/www.ayadvogados.com.br\/?p=2957","name":"Importantes teses tribut\u00e1rias em julgamento no STJ essa semana","isPartOf":{"@id":"https:\/\/www.ayadvogados.com.br\/#website"},"primaryImageOfPage":{"@id":"https:\/\/www.ayadvogados.com.br\/?p=2957#primaryimage"},"image":{"@id":"https:\/\/www.ayadvogados.com.br\/?p=2957#primaryimage"},"thumbnailUrl":"https:\/\/www.ayadvogados.com.br\/wp-content\/uploads\/2023\/10\/Prancheta-3-copiar-7.png","datePublished":"2023-10-23T14:12:23+00:00","dateModified":"2023-10-23T16:14:24+00:00","description":"Importantes teses tribut\u00e1rias em julgamento no STJ essa semana: O STJ pautou v\u00e1rias teses tribut\u00e1rias dia 25 de outubro de 2023","breadcrumb":{"@id":"https:\/\/www.ayadvogados.com.br\/?p=2957#breadcrumb"},"inLanguage":"pt-BR","potentialAction":[{"@type":"ReadAction","target":["https:\/\/www.ayadvogados.com.br\/?p=2957"]}]},{"@type":"ImageObject","inLanguage":"pt-BR","@id":"https:\/\/www.ayadvogados.com.br\/?p=2957#primaryimage","url":"https:\/\/www.ayadvogados.com.br\/wp-content\/uploads\/2023\/10\/Prancheta-3-copiar-7.png","contentUrl":"https:\/\/www.ayadvogados.com.br\/wp-content\/uploads\/2023\/10\/Prancheta-3-copiar-7.png","width":1920,"height":1080,"caption":"Importantes teses tribut\u00e1rias em julgamento no STJ essa semana"},{"@type":"BreadcrumbList","@id":"https:\/\/www.ayadvogados.com.br\/?p=2957#breadcrumb","itemListElement":[{"@type":"ListItem","position":1,"name":"In\u00edcio","item":"https:\/\/www.ayadvogados.com.br\/"},{"@type":"ListItem","position":2,"name":"Importantes teses tribut\u00e1rias em julgamento no STJ essa semana"}]},{"@type":"WebSite","@id":"https:\/\/www.ayadvogados.com.br\/#website","url":"https:\/\/www.ayadvogados.com.br\/","name":"Amaral, Yazbek Advogados","description":"Curitiba \u2022 Bras\u00edlia \u2022 S\u00e3o Paulo","publisher":{"@id":"https:\/\/www.ayadvogados.com.br\/#organization"},"potentialAction":[{"@type":"SearchAction","target":{"@type":"EntryPoint","urlTemplate":"https:\/\/www.ayadvogados.com.br\/?s={search_term_string}"},"query-input":{"@type":"PropertyValueSpecification","valueRequired":true,"valueName":"search_term_string"}}],"inLanguage":"pt-BR"},{"@type":"Organization","@id":"https:\/\/www.ayadvogados.com.br\/#organization","name":"Amaral, Yazbek Advogados","url":"https:\/\/www.ayadvogados.com.br\/","logo":{"@type":"ImageObject","inLanguage":"pt-BR","@id":"https:\/\/www.ayadvogados.com.br\/#\/schema\/logo\/image\/","url":"http:\/\/34.239.117.254\/wp-content\/uploads\/2021\/03\/logo-ay-g.png","contentUrl":"http:\/\/34.239.117.254\/wp-content\/uploads\/2021\/03\/logo-ay-g.png","width":434,"height":106,"caption":"Amaral, Yazbek Advogados"},"image":{"@id":"https:\/\/www.ayadvogados.com.br\/#\/schema\/logo\/image\/"},"sameAs":["https:\/\/www.facebook.com\/AYadvogados","https:\/\/www.instagram.com\/ayadvogados\/"]},{"@type":"Person","@id":"https:\/\/www.ayadvogados.com.br\/#\/schema\/person\/4abfbf03ad3e577e691d333af064a912","name":"AY Advogados","image":{"@type":"ImageObject","inLanguage":"pt-BR","@id":"https:\/\/secure.gravatar.com\/avatar\/1473912b851241f5503026e6156e144dcd83ff7addb67f65e1ed9ca21ee1d9cf?s=96&d=mm&r=g","url":"https:\/\/secure.gravatar.com\/avatar\/1473912b851241f5503026e6156e144dcd83ff7addb67f65e1ed9ca21ee1d9cf?s=96&d=mm&r=g","contentUrl":"https:\/\/secure.gravatar.com\/avatar\/1473912b851241f5503026e6156e144dcd83ff7addb67f65e1ed9ca21ee1d9cf?s=96&d=mm&r=g","caption":"AY Advogados"},"sameAs":["https:\/\/ayadvogados.com.br"],"url":"https:\/\/www.ayadvogados.com.br\/?author=2"}]}},"rttpg_featured_image_url":{"full":["https:\/\/www.ayadvogados.com.br\/wp-content\/uploads\/2023\/10\/Prancheta-3-copiar-7.png",1920,1080,false],"landscape":["https:\/\/www.ayadvogados.com.br\/wp-content\/uploads\/2023\/10\/Prancheta-3-copiar-7.png",1920,1080,false],"portraits":["https:\/\/www.ayadvogados.com.br\/wp-content\/uploads\/2023\/10\/Prancheta-3-copiar-7.png",1920,1080,false],"thumbnail":["https:\/\/www.ayadvogados.com.br\/wp-content\/uploads\/2023\/10\/Prancheta-3-copiar-7-150x150.png",150,150,true],"medium":["https:\/\/www.ayadvogados.com.br\/wp-content\/uploads\/2023\/10\/Prancheta-3-copiar-7-300x169.png",300,169,true],"large":["https:\/\/www.ayadvogados.com.br\/wp-content\/uploads\/2023\/10\/Prancheta-3-copiar-7-1024x576.png",1024,576,true],"1536x1536":["https:\/\/www.ayadvogados.com.br\/wp-content\/uploads\/2023\/10\/Prancheta-3-copiar-7-1536x864.png",1536,864,true],"2048x2048":["https:\/\/www.ayadvogados.com.br\/wp-content\/uploads\/2023\/10\/Prancheta-3-copiar-7.png",1920,1080,false]},"rttpg_author":{"display_name":"AY Advogados","author_link":"https:\/\/www.ayadvogados.com.br\/?author=2"},"rttpg_comment":0,"rttpg_category":"<a href=\"https:\/\/www.ayadvogados.com.br\/?cat=4\" rel=\"category\">Artigos da Equipe<\/a> <a href=\"https:\/\/www.ayadvogados.com.br\/?cat=1\" rel=\"category\">Not\u00edcia do Dia<\/a>","rttpg_excerpt":"Importantes teses tribut\u00e1rias em julgamento no STJ essa semana O Superior Tribunal de Justi\u00e7a (STJ) pautou v\u00e1rias teses tribut\u00e1rias para julgamento no dia 25 de outubro de 2023. S\u00e3o elas: O julgamento \u00e9 bem aguardado pelos contribuintes, haja vista a economia fiscal que podem obter, caso o STJ decida de forma favor\u00e1vel aos seus interesses.&hellip;","_links":{"self":[{"href":"https:\/\/www.ayadvogados.com.br\/index.php?rest_route=\/wp\/v2\/posts\/2957","targetHints":{"allow":["GET"]}}],"collection":[{"href":"https:\/\/www.ayadvogados.com.br\/index.php?rest_route=\/wp\/v2\/posts"}],"about":[{"href":"https:\/\/www.ayadvogados.com.br\/index.php?rest_route=\/wp\/v2\/types\/post"}],"author":[{"embeddable":true,"href":"https:\/\/www.ayadvogados.com.br\/index.php?rest_route=\/wp\/v2\/users\/2"}],"replies":[{"embeddable":true,"href":"https:\/\/www.ayadvogados.com.br\/index.php?rest_route=%2Fwp%2Fv2%2Fcomments&post=2957"}],"version-history":[{"count":3,"href":"https:\/\/www.ayadvogados.com.br\/index.php?rest_route=\/wp\/v2\/posts\/2957\/revisions"}],"predecessor-version":[{"id":2962,"href":"https:\/\/www.ayadvogados.com.br\/index.php?rest_route=\/wp\/v2\/posts\/2957\/revisions\/2962"}],"wp:featuredmedia":[{"embeddable":true,"href":"https:\/\/www.ayadvogados.com.br\/index.php?rest_route=\/wp\/v2\/media\/2960"}],"wp:attachment":[{"href":"https:\/\/www.ayadvogados.com.br\/index.php?rest_route=%2Fwp%2Fv2%2Fmedia&parent=2957"}],"wp:term":[{"taxonomy":"category","embeddable":true,"href":"https:\/\/www.ayadvogados.com.br\/index.php?rest_route=%2Fwp%2Fv2%2Fcategories&post=2957"},{"taxonomy":"post_tag","embeddable":true,"href":"https:\/\/www.ayadvogados.com.br\/index.php?rest_route=%2Fwp%2Fv2%2Ftags&post=2957"}],"curies":[{"name":"wp","href":"https:\/\/api.w.org\/{rel}","templated":true}]}}