{"id":293,"date":"2020-11-20T11:37:00","date_gmt":"2020-11-20T14:37:00","guid":{"rendered":"http:\/\/34.239.117.254\/?p=293"},"modified":"2021-03-18T11:38:06","modified_gmt":"2021-03-18T14:38:06","slug":"stf-analisa-prazo-para-reducao-do-reintegras","status":"publish","type":"post","link":"https:\/\/www.ayadvogados.com.br\/?p=293","title":{"rendered":"STF analisa prazo para redu\u00e7\u00e3o do Reintegras"},"content":{"rendered":"\n<p>O Supremo Tribunal Federal (STF) analisar\u00e1 se a Uni\u00e3o deveria ter aguardado um ano, a chamada anterioridade anual, para colocar em pr\u00e1tica em 2015 e 2018 as redu\u00e7\u00f5es de benef\u00edcios previstos no Regime Especial de Reintegra\u00e7\u00e3o de Valores Tribut\u00e1rios para Empresas Exportadoras (Reintegra). A repercuss\u00e3o geral do tema foi reconhecida no come\u00e7o do m\u00eas e ainda n\u00e3o h\u00e1 previs\u00e3o de data para o julgamento.<\/p>\n\n\n\n<p>Com a medida, os processos sobre o assunto ser\u00e3o suspensos no pa\u00eds pelo prazo de um ano, at\u00e9 a decis\u00e3o do STF. O debate sobre o Reintegra afeta exclusivamente os exportadores de manufaturados \u2014 como os setores automotivo, naval e de m\u00e1rmores e granitos. O regime foi criado em 2011 pela Lei n\u00ba 12.546 para estimular as exporta\u00e7\u00f5es e a competividade nacional.<\/p>\n\n\n\n<p>Em 2015 e 2018 foram editados, respectivamente, os Decretos n\u00ba 8.415 e n\u00ba 9.393. O primeiro diminuiu o percentual de cr\u00e9dito sobre receita com exporta\u00e7\u00f5es de 3% para 1%. O segundo, de 2% para 0,1%. O objetivo, em 2018, foi compensar a queda na arrecada\u00e7\u00e3o federal decorrente da desonera\u00e7\u00e3o do diesel para atender a uma reivindica\u00e7\u00e3o dos caminhoneiros.<\/p>\n\n\n\n<p>Nos processos, os exportadores discutem com a Receita Federal se as redu\u00e7\u00f5es nesses dois anos s\u00f3 poderiam come\u00e7ar a valer ap\u00f3s o prazo de um ano, em respeito \u00e0 chamada anterioridade anual. As duas turmas do Supremo j\u00e1 julgaram um outro aspecto desse tema. Decidiram pela necessidade de aguardar 90 dias para a redu\u00e7\u00e3o entrar em vigor. Mas divergem sobre a aplica\u00e7\u00e3o do princ\u00edpio da anterioridade.<\/p>\n\n\n\n<p>Segundo a advogada Fl\u00e1via Holanda, do escrit\u00f3rio FH Advogados, que representa a empresa na repercuss\u00e3o geral, o assunto vem sendo discutido no STF desde 2017, quando surgiram as primeiras decis\u00f5es monocr\u00e1ticas sobre o tema.<\/p>\n\n\n\n<p>Por causa da natureza de benef\u00edcio fiscal deveria haver a anterioridade, afirma a advogada. \u201cNo caso de benef\u00edcio fiscal, uma redu\u00e7\u00e3o no meio do exerc\u00edcio significa aumento de carga tribut\u00e1ria, o que s\u00f3 poderia surtir efeitos dentro do prazo anual\u201d, diz.<\/p>\n\n\n\n<p>A aplica\u00e7\u00e3o do decreto de 2018 reduziu em 20 vezes o direito de ressarcimento ou compensa\u00e7\u00e3o do benef\u00edcio fiscal do Reintegra, alega a empresa na a\u00e7\u00e3o. De acordo com Fl\u00e1via, outros casos do escrit\u00f3rio j\u00e1 foram suspensos por causa da repercuss\u00e3o geral, especialmente os que tramitam no Tribunal Regional Federal (TRF) da 4\u00aa Regi\u00e3o, com sede em Porto Alegre.<\/p>\n\n\n\n<p>Para a Uni\u00e3o, o Reintegra \u00e9 um benef\u00edcio fiscal relacionado ao PIS e \u00e0 Cofins, contribui\u00e7\u00f5es que n\u00e3o se submetem \u00e0 anterioridade geral, mas apenas \u00e0 nonagesimal. No processo, a Uni\u00e3o alega que os valores apurados no Reintegra n\u00e3o representam aumento ou majora\u00e7\u00e3o de tributo, concess\u00e3o de isen\u00e7\u00e3o ou desonera\u00e7\u00e3o em rela\u00e7\u00e3o a qualquer esp\u00e9cie tribut\u00e1ria.<\/p>\n\n\n\n<p>Afirma que n\u00e3o se pode cogitar viola\u00e7\u00e3o aos princ\u00edpios da n\u00e3o surpresa, da prote\u00e7\u00e3o da boa-f\u00e9 e da anterioridade de exerc\u00edcio. Procurada, a Procuradoria-Geral da Fazenda Nacional (PGFN) n\u00e3o deu retornou at\u00e9 o fechamento da edi\u00e7\u00e3o.<\/p>\n\n\n\n<p>A repercuss\u00e3o geral foi reconhecida por unanimidade (ARE 1285177). Para o relator da a\u00e7\u00e3o, ministro Luiz Fux, o tema revela potencial impacto em outros casos, j\u00e1 que existem muitos processos sobre o assunto, com centenas de julgados no STF, de forma monocr\u00e1tica ou em turmas.<\/p>\n\n\n\n<p>Fonte: <a href=\"https:\/\/valor.globo.com\/legislacao\/noticia\/2020\/11\/19\/stf-analisa-prazo-para-reducao-do-reintegra.ghtml\">Valor<\/a><\/p>\n\n\n\n<p>Apesar do julgamento sobre a anterioridade nonagesimal, n\u00e3o h\u00e1 manifesta\u00e7\u00e3o pac\u00edfica da Corte sobre a anterioridade anual, segundo o relator. \u201cTenho que a controv\u00e9rsia constitucional em apre\u00e7o ultrapassa os interesses das partes, avultando-se relevante do ponto de vista econ\u00f4mico, pol\u00edtico, social e jur\u00eddico\u201d, afirma Fux em seu voto.<\/p>\n\n\n\n<p>O ministro Marco Aur\u00e9lio Mello apresentou manifesta\u00e7\u00e3o de voto no mesmo sentido. Para ele, cabe ao Supremo definir se as redu\u00e7\u00f5es de al\u00edquotas do Reintegra devem observar, ou n\u00e3o, o princ\u00edpio da anterioridade geral, de um ano.<\/p>\n\n\n\n<p>A Amaral, Yazbek, OAB\/PR 762, possui 35 anos de experi\u00eancia auxiliando empresas a transformar a tributa\u00e7\u00e3o em lucro. Entre em contato com um dos s\u00f3cios para agendamento de reuni\u00e3o em caso de d\u00favidas.<\/p>\n\n\n\n<p>Contato: 41 3595-8300 ou pelo nosso WhatsApp 41 99567-5696<\/p>\n\n\n\n<p>Av. C\u00e2ndido Hartmann, 50 \u2013 Bigorrilho | Curitiba-PR<\/p>\n\n\n\n<p>Assine nossa Newsletter e fique por dentro das novidades!<\/p>\n\n\n\n<p>Quer receber seu exemplar da revista Governan\u00e7a Jur\u00eddica? Clique <a href=\"http:\/\/ayadvogados.com.br\/revista\">aqui<\/a>&nbsp;e pe\u00e7a a sua.<\/p>\n\n\n\n<p>Nos acompanhe nas redes sociais: <a href=\"https:\/\/www.facebook.com\/amaral.yazbek\">Facebook<\/a>&nbsp;| <a href=\"https:\/\/www.instagram.com\/amaral.yazbek\/\">Instagram<\/a> | <a href=\"https:\/\/www.linkedin.com\/company\/3357082\/admin\/\">Linkedin<\/a><\/p>\n\n\n\n<p>J\u00e1 conhece o canal Direito da Intelig\u00eancia de Neg\u00f3cios? <a href=\"https:\/\/www.youtube.com\/channel\/UCu2Mpu32ht8DEN8OFRXYMyw\">Inscreva-se j\u00e1<\/a><\/p>\n","protected":false},"excerpt":{"rendered":"<p>O Supremo Tribunal Federal (STF) analisar\u00e1 se a Uni\u00e3o deveria ter aguardado um ano, a chamada anterioridade anual, para colocar em pr\u00e1tica em 2015 e 2018 as redu\u00e7\u00f5es de benef\u00edcios previstos no Regime Especial de Reintegra\u00e7\u00e3o de Valores Tribut\u00e1rios para Empresas Exportadoras (Reintegra). A repercuss\u00e3o geral do tema foi reconhecida no come\u00e7o do m\u00eas e [&hellip;]<\/p>\n","protected":false},"author":3,"featured_media":0,"comment_status":"open","ping_status":"open","sticky":false,"template":"","format":"standard","meta":{"footnotes":""},"categories":[1],"tags":[],"class_list":["post-293","post","type-post","status-publish","format-standard","hentry","category-noticia-do-dia"],"blocksy_meta":{"styles_descriptor":{"styles":{"desktop":"","tablet":"","mobile":""},"google_fonts":[],"version":6}},"yoast_head":"<!-- This site is optimized with the Yoast SEO plugin v27.5 - https:\/\/yoast.com\/product\/yoast-seo-wordpress\/ -->\n<title>STF analisa prazo para redu\u00e7\u00e3o do Reintegras - Amaral, Yazbek Advogados<\/title>\n<meta name=\"robots\" content=\"index, follow, max-snippet:-1, max-image-preview:large, max-video-preview:-1\" \/>\n<link rel=\"canonical\" href=\"https:\/\/www.34.239.117.254.nip.io\/?p=293\" \/>\n<meta property=\"og:locale\" content=\"pt_BR\" \/>\n<meta property=\"og:type\" content=\"article\" \/>\n<meta property=\"og:title\" content=\"STF analisa prazo para redu\u00e7\u00e3o do Reintegras - Amaral, Yazbek Advogados\" \/>\n<meta property=\"og:description\" content=\"O Supremo Tribunal Federal (STF) analisar\u00e1 se a Uni\u00e3o deveria ter aguardado um ano, a chamada anterioridade anual, para colocar em pr\u00e1tica em 2015 e 2018 as redu\u00e7\u00f5es de benef\u00edcios previstos no Regime Especial de Reintegra\u00e7\u00e3o de Valores Tribut\u00e1rios para Empresas Exportadoras (Reintegra). A repercuss\u00e3o geral do tema foi reconhecida no come\u00e7o do m\u00eas e [&hellip;]\" \/>\n<meta property=\"og:url\" content=\"https:\/\/www.34.239.117.254.nip.io\/?p=293\" \/>\n<meta property=\"og:site_name\" content=\"Amaral, Yazbek Advogados\" \/>\n<meta property=\"article:publisher\" content=\"https:\/\/www.facebook.com\/AYadvogados\" \/>\n<meta property=\"article:published_time\" content=\"2020-11-20T14:37:00+00:00\" \/>\n<meta property=\"article:modified_time\" content=\"2021-03-18T14:38:06+00:00\" \/>\n<meta name=\"author\" content=\"Infra\" \/>\n<meta name=\"twitter:card\" content=\"summary_large_image\" \/>\n<meta name=\"twitter:label1\" content=\"Escrito por\" \/>\n\t<meta name=\"twitter:data1\" content=\"Infra\" \/>\n\t<meta name=\"twitter:label2\" content=\"Est. tempo de leitura\" \/>\n\t<meta name=\"twitter:data2\" content=\"4 minutos\" \/>\n<script type=\"application\/ld+json\" class=\"yoast-schema-graph\">{\"@context\":\"https:\\\/\\\/schema.org\",\"@graph\":[{\"@type\":\"Article\",\"@id\":\"https:\\\/\\\/www.34.239.117.254.nip.io\\\/?p=293#article\",\"isPartOf\":{\"@id\":\"https:\\\/\\\/www.34.239.117.254.nip.io\\\/?p=293\"},\"author\":{\"name\":\"Infra\",\"@id\":\"https:\\\/\\\/www.34.239.117.254.sslip.io\\\/#\\\/schema\\\/person\\\/6b9165a58758b048b8ea5a4fbd4ec3c4\"},\"headline\":\"STF analisa prazo para redu\u00e7\u00e3o do Reintegras\",\"datePublished\":\"2020-11-20T14:37:00+00:00\",\"dateModified\":\"2021-03-18T14:38:06+00:00\",\"mainEntityOfPage\":{\"@id\":\"https:\\\/\\\/www.34.239.117.254.nip.io\\\/?p=293\"},\"wordCount\":773,\"commentCount\":0,\"publisher\":{\"@id\":\"https:\\\/\\\/www.34.239.117.254.sslip.io\\\/#organization\"},\"articleSection\":[\"Not\u00edcia do Dia\"],\"inLanguage\":\"pt-BR\",\"potentialAction\":[{\"@type\":\"CommentAction\",\"name\":\"Comment\",\"target\":[\"https:\\\/\\\/www.34.239.117.254.nip.io\\\/?p=293#respond\"]}]},{\"@type\":\"WebPage\",\"@id\":\"https:\\\/\\\/www.34.239.117.254.nip.io\\\/?p=293\",\"url\":\"https:\\\/\\\/www.34.239.117.254.nip.io\\\/?p=293\",\"name\":\"STF analisa prazo para redu\u00e7\u00e3o do Reintegras - Amaral, Yazbek Advogados\",\"isPartOf\":{\"@id\":\"https:\\\/\\\/www.34.239.117.254.sslip.io\\\/#website\"},\"datePublished\":\"2020-11-20T14:37:00+00:00\",\"dateModified\":\"2021-03-18T14:38:06+00:00\",\"breadcrumb\":{\"@id\":\"https:\\\/\\\/www.34.239.117.254.nip.io\\\/?p=293#breadcrumb\"},\"inLanguage\":\"pt-BR\",\"potentialAction\":[{\"@type\":\"ReadAction\",\"target\":[\"https:\\\/\\\/www.34.239.117.254.nip.io\\\/?p=293\"]}]},{\"@type\":\"BreadcrumbList\",\"@id\":\"https:\\\/\\\/www.34.239.117.254.nip.io\\\/?p=293#breadcrumb\",\"itemListElement\":[{\"@type\":\"ListItem\",\"position\":1,\"name\":\"In\u00edcio\",\"item\":\"https:\\\/\\\/www.34.239.117.254.sslip.io\\\/\"},{\"@type\":\"ListItem\",\"position\":2,\"name\":\"STF analisa prazo para redu\u00e7\u00e3o do Reintegras\"}]},{\"@type\":\"WebSite\",\"@id\":\"https:\\\/\\\/www.34.239.117.254.sslip.io\\\/#website\",\"url\":\"https:\\\/\\\/www.34.239.117.254.sslip.io\\\/\",\"name\":\"Amaral, Yazbek Advogados\",\"description\":\"Curitiba \u2022 Bras\u00edlia \u2022 S\u00e3o Paulo\",\"publisher\":{\"@id\":\"https:\\\/\\\/www.34.239.117.254.sslip.io\\\/#organization\"},\"potentialAction\":[{\"@type\":\"SearchAction\",\"target\":{\"@type\":\"EntryPoint\",\"urlTemplate\":\"https:\\\/\\\/www.34.239.117.254.sslip.io\\\/?s={search_term_string}\"},\"query-input\":{\"@type\":\"PropertyValueSpecification\",\"valueRequired\":true,\"valueName\":\"search_term_string\"}}],\"inLanguage\":\"pt-BR\"},{\"@type\":\"Organization\",\"@id\":\"https:\\\/\\\/www.34.239.117.254.sslip.io\\\/#organization\",\"name\":\"Amaral, Yazbek Advogados\",\"url\":\"https:\\\/\\\/www.34.239.117.254.sslip.io\\\/\",\"logo\":{\"@type\":\"ImageObject\",\"inLanguage\":\"pt-BR\",\"@id\":\"https:\\\/\\\/www.34.239.117.254.sslip.io\\\/#\\\/schema\\\/logo\\\/image\\\/\",\"url\":\"http:\\\/\\\/34.239.117.254\\\/wp-content\\\/uploads\\\/2021\\\/03\\\/logo-ay-g.png\",\"contentUrl\":\"http:\\\/\\\/34.239.117.254\\\/wp-content\\\/uploads\\\/2021\\\/03\\\/logo-ay-g.png\",\"width\":434,\"height\":106,\"caption\":\"Amaral, Yazbek Advogados\"},\"image\":{\"@id\":\"https:\\\/\\\/www.34.239.117.254.sslip.io\\\/#\\\/schema\\\/logo\\\/image\\\/\"},\"sameAs\":[\"https:\\\/\\\/www.facebook.com\\\/AYadvogados\",\"https:\\\/\\\/www.instagram.com\\\/ayadvogados\\\/\"]},{\"@type\":\"Person\",\"@id\":\"https:\\\/\\\/www.34.239.117.254.sslip.io\\\/#\\\/schema\\\/person\\\/6b9165a58758b048b8ea5a4fbd4ec3c4\",\"name\":\"Infra\",\"image\":{\"@type\":\"ImageObject\",\"inLanguage\":\"pt-BR\",\"@id\":\"https:\\\/\\\/secure.gravatar.com\\\/avatar\\\/60bf67293e186b9c834e31753dcc586dfcedb661d13b6b9ba29ac991ccafc035?s=96&d=mm&r=g\",\"url\":\"https:\\\/\\\/secure.gravatar.com\\\/avatar\\\/60bf67293e186b9c834e31753dcc586dfcedb661d13b6b9ba29ac991ccafc035?s=96&d=mm&r=g\",\"contentUrl\":\"https:\\\/\\\/secure.gravatar.com\\\/avatar\\\/60bf67293e186b9c834e31753dcc586dfcedb661d13b6b9ba29ac991ccafc035?s=96&d=mm&r=g\",\"caption\":\"Infra\"},\"url\":\"https:\\\/\\\/www.ayadvogados.com.br\\\/?author=3\"}]}<\/script>\n<!-- \/ Yoast SEO plugin. -->","yoast_head_json":{"title":"STF analisa prazo para redu\u00e7\u00e3o do Reintegras - Amaral, Yazbek Advogados","robots":{"index":"index","follow":"follow","max-snippet":"max-snippet:-1","max-image-preview":"max-image-preview:large","max-video-preview":"max-video-preview:-1"},"canonical":"https:\/\/www.34.239.117.254.nip.io\/?p=293","og_locale":"pt_BR","og_type":"article","og_title":"STF analisa prazo para redu\u00e7\u00e3o do Reintegras - Amaral, Yazbek Advogados","og_description":"O Supremo Tribunal Federal (STF) analisar\u00e1 se a Uni\u00e3o deveria ter aguardado um ano, a chamada anterioridade anual, para colocar em pr\u00e1tica em 2015 e 2018 as redu\u00e7\u00f5es de benef\u00edcios previstos no Regime Especial de Reintegra\u00e7\u00e3o de Valores Tribut\u00e1rios para Empresas Exportadoras (Reintegra). A repercuss\u00e3o geral do tema foi reconhecida no come\u00e7o do m\u00eas e [&hellip;]","og_url":"https:\/\/www.34.239.117.254.nip.io\/?p=293","og_site_name":"Amaral, Yazbek Advogados","article_publisher":"https:\/\/www.facebook.com\/AYadvogados","article_published_time":"2020-11-20T14:37:00+00:00","article_modified_time":"2021-03-18T14:38:06+00:00","author":"Infra","twitter_card":"summary_large_image","twitter_misc":{"Escrito por":"Infra","Est. tempo de leitura":"4 minutos"},"schema":{"@context":"https:\/\/schema.org","@graph":[{"@type":"Article","@id":"https:\/\/www.34.239.117.254.nip.io\/?p=293#article","isPartOf":{"@id":"https:\/\/www.34.239.117.254.nip.io\/?p=293"},"author":{"name":"Infra","@id":"https:\/\/www.34.239.117.254.sslip.io\/#\/schema\/person\/6b9165a58758b048b8ea5a4fbd4ec3c4"},"headline":"STF analisa prazo para redu\u00e7\u00e3o do Reintegras","datePublished":"2020-11-20T14:37:00+00:00","dateModified":"2021-03-18T14:38:06+00:00","mainEntityOfPage":{"@id":"https:\/\/www.34.239.117.254.nip.io\/?p=293"},"wordCount":773,"commentCount":0,"publisher":{"@id":"https:\/\/www.34.239.117.254.sslip.io\/#organization"},"articleSection":["Not\u00edcia do Dia"],"inLanguage":"pt-BR","potentialAction":[{"@type":"CommentAction","name":"Comment","target":["https:\/\/www.34.239.117.254.nip.io\/?p=293#respond"]}]},{"@type":"WebPage","@id":"https:\/\/www.34.239.117.254.nip.io\/?p=293","url":"https:\/\/www.34.239.117.254.nip.io\/?p=293","name":"STF analisa prazo para redu\u00e7\u00e3o do Reintegras - Amaral, Yazbek Advogados","isPartOf":{"@id":"https:\/\/www.34.239.117.254.sslip.io\/#website"},"datePublished":"2020-11-20T14:37:00+00:00","dateModified":"2021-03-18T14:38:06+00:00","breadcrumb":{"@id":"https:\/\/www.34.239.117.254.nip.io\/?p=293#breadcrumb"},"inLanguage":"pt-BR","potentialAction":[{"@type":"ReadAction","target":["https:\/\/www.34.239.117.254.nip.io\/?p=293"]}]},{"@type":"BreadcrumbList","@id":"https:\/\/www.34.239.117.254.nip.io\/?p=293#breadcrumb","itemListElement":[{"@type":"ListItem","position":1,"name":"In\u00edcio","item":"https:\/\/www.34.239.117.254.sslip.io\/"},{"@type":"ListItem","position":2,"name":"STF analisa prazo para redu\u00e7\u00e3o do Reintegras"}]},{"@type":"WebSite","@id":"https:\/\/www.34.239.117.254.sslip.io\/#website","url":"https:\/\/www.34.239.117.254.sslip.io\/","name":"Amaral, Yazbek Advogados","description":"Curitiba \u2022 Bras\u00edlia \u2022 S\u00e3o Paulo","publisher":{"@id":"https:\/\/www.34.239.117.254.sslip.io\/#organization"},"potentialAction":[{"@type":"SearchAction","target":{"@type":"EntryPoint","urlTemplate":"https:\/\/www.34.239.117.254.sslip.io\/?s={search_term_string}"},"query-input":{"@type":"PropertyValueSpecification","valueRequired":true,"valueName":"search_term_string"}}],"inLanguage":"pt-BR"},{"@type":"Organization","@id":"https:\/\/www.34.239.117.254.sslip.io\/#organization","name":"Amaral, Yazbek Advogados","url":"https:\/\/www.34.239.117.254.sslip.io\/","logo":{"@type":"ImageObject","inLanguage":"pt-BR","@id":"https:\/\/www.34.239.117.254.sslip.io\/#\/schema\/logo\/image\/","url":"http:\/\/34.239.117.254\/wp-content\/uploads\/2021\/03\/logo-ay-g.png","contentUrl":"http:\/\/34.239.117.254\/wp-content\/uploads\/2021\/03\/logo-ay-g.png","width":434,"height":106,"caption":"Amaral, Yazbek Advogados"},"image":{"@id":"https:\/\/www.34.239.117.254.sslip.io\/#\/schema\/logo\/image\/"},"sameAs":["https:\/\/www.facebook.com\/AYadvogados","https:\/\/www.instagram.com\/ayadvogados\/"]},{"@type":"Person","@id":"https:\/\/www.34.239.117.254.sslip.io\/#\/schema\/person\/6b9165a58758b048b8ea5a4fbd4ec3c4","name":"Infra","image":{"@type":"ImageObject","inLanguage":"pt-BR","@id":"https:\/\/secure.gravatar.com\/avatar\/60bf67293e186b9c834e31753dcc586dfcedb661d13b6b9ba29ac991ccafc035?s=96&d=mm&r=g","url":"https:\/\/secure.gravatar.com\/avatar\/60bf67293e186b9c834e31753dcc586dfcedb661d13b6b9ba29ac991ccafc035?s=96&d=mm&r=g","contentUrl":"https:\/\/secure.gravatar.com\/avatar\/60bf67293e186b9c834e31753dcc586dfcedb661d13b6b9ba29ac991ccafc035?s=96&d=mm&r=g","caption":"Infra"},"url":"https:\/\/www.ayadvogados.com.br\/?author=3"}]}},"rttpg_featured_image_url":null,"rttpg_author":{"display_name":"Infra","author_link":"https:\/\/www.ayadvogados.com.br\/?author=3"},"rttpg_comment":0,"rttpg_category":"<a href=\"https:\/\/www.ayadvogados.com.br\/?cat=1\" rel=\"category\">Not\u00edcia do Dia<\/a>","rttpg_excerpt":"O Supremo Tribunal Federal (STF) analisar\u00e1 se a Uni\u00e3o deveria ter aguardado um ano, a chamada anterioridade anual, para colocar em pr\u00e1tica em 2015 e 2018 as redu\u00e7\u00f5es de benef\u00edcios previstos no Regime Especial de Reintegra\u00e7\u00e3o de Valores Tribut\u00e1rios para Empresas Exportadoras (Reintegra). A repercuss\u00e3o geral do tema foi reconhecida no come\u00e7o do m\u00eas e&hellip;","_links":{"self":[{"href":"https:\/\/www.ayadvogados.com.br\/index.php?rest_route=\/wp\/v2\/posts\/293","targetHints":{"allow":["GET"]}}],"collection":[{"href":"https:\/\/www.ayadvogados.com.br\/index.php?rest_route=\/wp\/v2\/posts"}],"about":[{"href":"https:\/\/www.ayadvogados.com.br\/index.php?rest_route=\/wp\/v2\/types\/post"}],"author":[{"embeddable":true,"href":"https:\/\/www.ayadvogados.com.br\/index.php?rest_route=\/wp\/v2\/users\/3"}],"replies":[{"embeddable":true,"href":"https:\/\/www.ayadvogados.com.br\/index.php?rest_route=%2Fwp%2Fv2%2Fcomments&post=293"}],"version-history":[{"count":1,"href":"https:\/\/www.ayadvogados.com.br\/index.php?rest_route=\/wp\/v2\/posts\/293\/revisions"}],"predecessor-version":[{"id":294,"href":"https:\/\/www.ayadvogados.com.br\/index.php?rest_route=\/wp\/v2\/posts\/293\/revisions\/294"}],"wp:attachment":[{"href":"https:\/\/www.ayadvogados.com.br\/index.php?rest_route=%2Fwp%2Fv2%2Fmedia&parent=293"}],"wp:term":[{"taxonomy":"category","embeddable":true,"href":"https:\/\/www.ayadvogados.com.br\/index.php?rest_route=%2Fwp%2Fv2%2Fcategories&post=293"},{"taxonomy":"post_tag","embeddable":true,"href":"https:\/\/www.ayadvogados.com.br\/index.php?rest_route=%2Fwp%2Fv2%2Ftags&post=293"}],"curies":[{"name":"wp","href":"https:\/\/api.w.org\/{rel}","templated":true}]}}