{"id":2915,"date":"2023-09-26T09:00:00","date_gmt":"2023-09-26T12:00:00","guid":{"rendered":"http:\/\/34.239.117.254\/?p=2915"},"modified":"2023-09-27T08:31:36","modified_gmt":"2023-09-27T11:31:36","slug":"os-impactos-da-reforma-tributaria-no-agronegocio","status":"publish","type":"post","link":"https:\/\/www.ayadvogados.com.br\/?p=2915","title":{"rendered":"Os impactos da Reforma Tribut\u00e1ria no Agroneg\u00f3cio"},"content":{"rendered":"\n<p><strong>Os impactos da Reforma Tribut\u00e1ria no Agroneg\u00f3cio<\/strong><\/p>\n\n\n\n<p>No dia 20 de setembro aconteceu o I F\u00f3rum Agro, promovido pelo Empres\u00f4metro, spin-off do <a href=\"https:\/\/ibpt.com.br\/\">IBPT<\/a>, em parceria com a Live University&nbsp; e patrocinado pela Viter Agro, que prop\u00f4s a divulgar os n\u00fameros do agroneg\u00f3cio nas transa\u00e7\u00f5es comerciais brasileiras.<\/p>\n\n\n\n<p>Apresentou-se o estudo de que 26,02% do PIB brasileiro de 2022 \u00e9 relacionado ao agroneg\u00f3cio, uma porcentagem consider\u00e1vel que traduz a import\u00e2ncia desse setor na economia brasileira. Al\u00e9m disso, constatou-se que o agroneg\u00f3cio foi respons\u00e1vel por arrecadar 23,6% de impostos no pa\u00eds em 2022 \u2013 cuja propor\u00e7\u00e3o n\u00e3o destoa tanto \u00e0quela de participa\u00e7\u00e3o no PIB brasileiro.<\/p>\n\n\n\n<p>Por\u00e9m, v\u00ea-se que a Reforma Tribut\u00e1ria em discuss\u00e3o no Senado Federal est\u00e1 a impactar negativamente o agroneg\u00f3cio, pois majora a carga tribut\u00e1ria nesse setor.<\/p>\n\n\n\n<p>O advogado F\u00e1bio Calcini, expositor no evento do Painel \u201cImpactos da Reforma Tribut\u00e1ria no Agroneg\u00f3cio\u201d, justificou as raz\u00f5es pelas quais o agroneg\u00f3cio tem um tratamento tribut\u00e1rio diferenciado se comparado aos outros setores no sistema tribut\u00e1rio atual. Uma delas \u00e9 a agrariedade, ou seja, o elemento din\u00e2mico comum entre todas as atividades agr\u00e1rias, em que o produtor n\u00e3o possui controle das for\u00e7as e dos recursos naturais para obten\u00e7\u00e3o de sua produ\u00e7\u00e3o. Al\u00e9m da agrariedade, est\u00e1&nbsp; o contexto do agroneg\u00f3cio ser uma atividade econ\u00f4mica que, para obten\u00e7\u00e3o de resultado, necessita de uma enorme gama de servi\u00e7os e produtos conexos, como insumos das mais variadas formas, m\u00e1quinas e equipamentos, processamento e distribui\u00e7\u00e3o diversificada.<\/p>\n\n\n\n<p>Os cernes da Reforma Tribut\u00e1ria de unificar cinco tributos (PIS, COFINS, IPI, ISS e ICMS) e extinguir os incentivos fiscais s\u00e3o vistos como pontos de aten\u00e7\u00e3o no agroneg\u00f3cio, pois tendem a aumentar os custos de produ\u00e7\u00e3o e at\u00e9 acirrar as desigualdades regionais.<\/p>\n\n\n\n<p>O primeiro ponto de aperfei\u00e7oamento da Reforma Tribut\u00e1ria para o agroneg\u00f3cio \u00e9 a redu\u00e7\u00e3o da al\u00edquota do CBS\/IBS para os produtos agropecu\u00e1rios n\u00e3o em 60%, mas em 80% &#8211; porcentagem essa defendida pela Confedera\u00e7\u00e3o da Agricultura e Pecu\u00e1ria do Brasil \u2013 CNA, haja vista que a maioria dos produtos comercializados pelo agroneg\u00f3cio s\u00e3o alimentos. A altera\u00e7\u00e3o possibilitar\u00e1 a manuten\u00e7\u00e3o dos valores dos produtos aliment\u00edcios e o combate \u00e0 infla\u00e7\u00e3o. Somente a al\u00edquota zero para itens da cesta b\u00e1sica n\u00e3o garantir\u00e1 alimentos com pre\u00e7os conforme praticado no atual sistema tribut\u00e1rio.<\/p>\n\n\n\n<p>A segunda medida \u00e9 extinguir a contribui\u00e7\u00e3o nos produtos prim\u00e1rios e semielaborados destinados aos Estados \u2013 criada nos \u00faltimos instantes da tramita\u00e7\u00e3o na C\u00e2mara dos Deputados, pois, se permanecida, inevitavelmente acarretar\u00e1 aumento dos pre\u00e7os dos alimentos na prateleira.<\/p>\n\n\n\n<p>O terceiro ponto \u00e9 aumentar o teto-limite para o produtor rural optar pelo IVA dual, passando de R$3,6 milh\u00f5es para R$4,8 milh\u00f5es.<\/p>\n\n\n\n<p>Al\u00e9m disso, \u00e9 de se preocupar a vaga defini\u00e7\u00e3o do imposto seletivo, que poder\u00e1 afetar sensivelmente a cadeia do agroneg\u00f3cio, tendo em vista que os insumos agr\u00edcolas podem ser caracterizados como produtos nocivos \u00e0 sa\u00fade e terem a carga tribut\u00e1ria elevada.<\/p>\n\n\n\n<p>Sabe-se que o agroneg\u00f3cio vem a cumprir um dos fundamentos constitu\u00eddos na Constitui\u00e7\u00e3o Federal para a Rep\u00fablica Federativa do Brasil, que \u00e9 a dignidade da pessoa humana, em que todos necessitam obter a seguran\u00e7a alimentar para existir dignamente.<\/p>\n\n\n\n<p>Assim, espera-se que os senadores avaliem com maior acuidade os reflexos prejudiciais que a Reforma Tribut\u00e1ria imp\u00f5e ao setor, para que n\u00e3o possamos futuramente lamentar a queda da participa\u00e7\u00e3o do agroneg\u00f3cio no PIB brasileiro, seja pelo desest\u00edmulo de se trabalhar no campo frente \u00e0 eleva\u00e7\u00e3o de seus custos, seja pela retirada das transa\u00e7\u00f5es comerciais estrat\u00e9gicas de grandes empresas neste pa\u00eds.<\/p>\n\n\n\n<p>Ficou com d\u00favida sobre os impactos da Reforma Tribut\u00e1ria no Agroneg\u00f3cio? N\u00f3s do Amaral, Yazbek advogados ficamos \u00e0 disposi\u00e7\u00e3o para assessoramento sobre a reforma tributaria.<\/p>\n\n\n\n<p><\/p>\n\n\n\n<figure class=\"wp-block-embed is-type-rich is-provider-spotify wp-block-embed-spotify wp-embed-aspect-21-9 wp-has-aspect-ratio\"><div class=\"wp-block-embed__wrapper\">\n<iframe title=\"Spotify Embed: Os impactos da Reforma Tribut\u00e1ria no Agroneg\u00f3cio\" style=\"border-radius: 12px\" width=\"100%\" height=\"152\" frameborder=\"0\" allowfullscreen allow=\"autoplay; clipboard-write; encrypted-media; fullscreen; picture-in-picture\" loading=\"lazy\" src=\"https:\/\/open.spotify.com\/embed\/episode\/419DRFA4nmqTopTLivqvQF?si=28a3092a271c4208&#038;utm_source=oembed\"><\/iframe>\n<\/div><\/figure>\n\n\n\n<hr class=\"wp-block-separator has-text-color has-palette-color-1-color has-css-opacity has-palette-color-1-background-color has-background is-style-dots\"\/>\n\n\n\n<div class=\"wp-block-group has-palette-color-6-background-color has-background is-layout-flow wp-block-group-is-layout-flow\">\n<p style=\"font-size:0.8em\">A Amaral,\u00a0Yazbek, OAB\/PR 762, possui 36 anos de experi\u00eancia auxiliando empresas a transformar a tributa\u00e7\u00e3o em lucro. Entre em contato com um dos s\u00f3cios para agendamento de reuni\u00e3o em caso de d\u00favidas.\u00a0\u00a0\u00a0<\/p>\n\n\n\n<p style=\"font-size:0.8em\">Contato: 41 3595-8300 ou pelo nosso WhatsApp 41 99567-5696\u00a0\u00a0\u00a0<\/p>\n\n\n\n<p style=\"font-size:0.8em\">Av. C\u00e2ndido Hartmann, 50 \u2013\u00a0Bigorrilho\u00a0| Curitiba-PR\u00a0\u00a0\u00a0<\/p>\n\n\n\n<p style=\"font-size:0.8em\">Assine nossa <a href=\"http:\/\/ayadvogados.com.br\/contato\/\">Newsletter<\/a> e fique por dentro das novidades!\u00a0\u00a0\u00a0<\/p>\n\n\n\n<p style=\"font-size:0.8em\">Quer receber seu exemplar da revista Governan\u00e7a Jur\u00eddica? <a href=\"http:\/\/ayadvogados.com.br\/revista\/\" data-type=\"page\" data-id=\"68\">Clique\u00a0aqui\u00a0e pe\u00e7a a sua<\/a>.\u00a0\u00a0\u00a0<\/p>\n\n\n\n<p style=\"font-size:0.8em\">Nos acompanhe nas redes sociais:\u00a0<a href=\"https:\/\/www.facebook.com\/AYadvogados\">Facebook<\/a>\u00a0|\u00a0<a href=\"https:\/\/www.instagram.com\/ayadvogados\/\">Instagram<\/a>\u00a0|\u00a0<a href=\"https:\/\/www.linkedin.com\/company\/amaral-yazbek-advogados\">Linkedin<\/a>\u00a0<\/p>\n\n\n\n<p style=\"font-size:0.8em\">J\u00e1 conhece o canal Direito da Intelig\u00eancia de Neg\u00f3cios?\u00a0<a href=\"https:\/\/www.youtube.com\/channel\/UCu2Mpu32ht8DEN8OFRXYMyw\">Inscreva-se j\u00e1<\/a><\/p>\n<\/div>\n","protected":false},"excerpt":{"rendered":"<p>Os impactos da Reforma Tribut\u00e1ria no Agroneg\u00f3cio No dia 20 de setembro aconteceu o I F\u00f3rum Agro, promovido pelo Empres\u00f4metro, spin-off do IBPT, em parceria com a Live University&nbsp; e patrocinado pela Viter Agro, que prop\u00f4s a divulgar os n\u00fameros do agroneg\u00f3cio nas transa\u00e7\u00f5es comerciais brasileiras. Apresentou-se o estudo de que 26,02% do PIB brasileiro [&hellip;]<\/p>\n","protected":false},"author":3,"featured_media":2917,"comment_status":"open","ping_status":"open","sticky":false,"template":"","format":"standard","meta":{"footnotes":""},"categories":[5],"tags":[9,113,112,10,96,114],"class_list":["post-2915","post","type-post","status-publish","format-standard","has-post-thumbnail","hentry","category-dincast","tag-amaral-yazbek","tag-decisao-judicial","tag-decisao-judicial-retencoes-de-ir","tag-dincast","tag-reforma-tributaria","tag-retencoes-de-ir"],"blocksy_meta":{"styles_descriptor":{"styles":{"desktop":"","tablet":"","mobile":""},"google_fonts":[],"version":6}},"yoast_head":"<!-- This site is optimized with the Yoast SEO plugin v27.5 - https:\/\/yoast.com\/product\/yoast-seo-wordpress\/ -->\n<title>Os impactos da Reforma Tribut\u00e1ria no Agroneg\u00f3cio<\/title>\n<meta name=\"description\" content=\"Os impactos da Reforma Tribut\u00e1ria no Agroneg\u00f3cio: 20 de setembro aconteceu o I F\u00f3rum Agro, promovido pelo Empres\u00f4metro, spin-off do IBPT\" \/>\n<meta name=\"robots\" content=\"index, follow, max-snippet:-1, max-image-preview:large, max-video-preview:-1\" \/>\n<link rel=\"canonical\" href=\"https:\/\/www.ayadvogados.com.br\/?p=2915\" \/>\n<meta property=\"og:locale\" content=\"pt_BR\" \/>\n<meta property=\"og:type\" content=\"article\" \/>\n<meta property=\"og:title\" content=\"Os impactos da Reforma Tribut\u00e1ria no Agroneg\u00f3cio\" \/>\n<meta property=\"og:description\" content=\"Os impactos da Reforma Tribut\u00e1ria no Agroneg\u00f3cio: 20 de setembro aconteceu o I F\u00f3rum Agro, promovido pelo Empres\u00f4metro, spin-off do IBPT\" \/>\n<meta property=\"og:url\" content=\"https:\/\/www.ayadvogados.com.br\/?p=2915\" \/>\n<meta property=\"og:site_name\" content=\"Amaral, Yazbek Advogados\" \/>\n<meta property=\"article:publisher\" content=\"https:\/\/www.facebook.com\/AYadvogados\" \/>\n<meta property=\"article:published_time\" content=\"2023-09-26T12:00:00+00:00\" \/>\n<meta property=\"article:modified_time\" content=\"2023-09-27T11:31:36+00:00\" \/>\n<meta property=\"og:image\" content=\"https:\/\/www.ayadvogados.com.br\/wp-content\/uploads\/2023\/09\/Banner-reels-copiar-3.png\" \/>\n\t<meta property=\"og:image:width\" content=\"1920\" \/>\n\t<meta property=\"og:image:height\" content=\"1080\" \/>\n\t<meta property=\"og:image:type\" content=\"image\/png\" \/>\n<meta name=\"author\" content=\"Infra\" \/>\n<meta name=\"twitter:card\" content=\"summary_large_image\" \/>\n<meta name=\"twitter:label1\" content=\"Escrito por\" \/>\n\t<meta name=\"twitter:data1\" content=\"Infra\" \/>\n\t<meta name=\"twitter:label2\" content=\"Est. tempo de leitura\" \/>\n\t<meta name=\"twitter:data2\" content=\"4 minutos\" \/>\n<script type=\"application\/ld+json\" class=\"yoast-schema-graph\">{\"@context\":\"https:\\\/\\\/schema.org\",\"@graph\":[{\"@type\":\"Article\",\"@id\":\"https:\\\/\\\/www.ayadvogados.com.br\\\/?p=2915#article\",\"isPartOf\":{\"@id\":\"https:\\\/\\\/www.ayadvogados.com.br\\\/?p=2915\"},\"author\":{\"name\":\"Infra\",\"@id\":\"https:\\\/\\\/34.239.117.254\\\/#\\\/schema\\\/person\\\/6b9165a58758b048b8ea5a4fbd4ec3c4\"},\"headline\":\"Os impactos da Reforma Tribut\u00e1ria no Agroneg\u00f3cio\",\"datePublished\":\"2023-09-26T12:00:00+00:00\",\"dateModified\":\"2023-09-27T11:31:36+00:00\",\"mainEntityOfPage\":{\"@id\":\"https:\\\/\\\/www.ayadvogados.com.br\\\/?p=2915\"},\"wordCount\":695,\"commentCount\":0,\"publisher\":{\"@id\":\"https:\\\/\\\/34.239.117.254\\\/#organization\"},\"image\":{\"@id\":\"https:\\\/\\\/www.ayadvogados.com.br\\\/?p=2915#primaryimage\"},\"thumbnailUrl\":\"https:\\\/\\\/www.ayadvogados.com.br\\\/wp-content\\\/uploads\\\/2023\\\/09\\\/Banner-reels-copiar-3.png\",\"keywords\":[\"amaral yazbek\",\"Decis\u00e3o Judicial\",\"Decis\u00e3o Judicial reten\u00e7\u00f5es de IR\",\"dincast\",\"Reforma Tribut\u00e1ria\",\"reten\u00e7\u00f5es de IR\"],\"articleSection\":[\"DINCast\"],\"inLanguage\":\"pt-BR\",\"potentialAction\":[{\"@type\":\"CommentAction\",\"name\":\"Comment\",\"target\":[\"https:\\\/\\\/www.ayadvogados.com.br\\\/?p=2915#respond\"]}]},{\"@type\":\"WebPage\",\"@id\":\"https:\\\/\\\/www.ayadvogados.com.br\\\/?p=2915\",\"url\":\"https:\\\/\\\/www.ayadvogados.com.br\\\/?p=2915\",\"name\":\"Os impactos da Reforma Tribut\u00e1ria no Agroneg\u00f3cio\",\"isPartOf\":{\"@id\":\"https:\\\/\\\/34.239.117.254\\\/#website\"},\"primaryImageOfPage\":{\"@id\":\"https:\\\/\\\/www.ayadvogados.com.br\\\/?p=2915#primaryimage\"},\"image\":{\"@id\":\"https:\\\/\\\/www.ayadvogados.com.br\\\/?p=2915#primaryimage\"},\"thumbnailUrl\":\"https:\\\/\\\/www.ayadvogados.com.br\\\/wp-content\\\/uploads\\\/2023\\\/09\\\/Banner-reels-copiar-3.png\",\"datePublished\":\"2023-09-26T12:00:00+00:00\",\"dateModified\":\"2023-09-27T11:31:36+00:00\",\"description\":\"Os impactos da Reforma Tribut\u00e1ria no Agroneg\u00f3cio: 20 de setembro aconteceu o I F\u00f3rum Agro, promovido pelo Empres\u00f4metro, spin-off do IBPT\",\"breadcrumb\":{\"@id\":\"https:\\\/\\\/www.ayadvogados.com.br\\\/?p=2915#breadcrumb\"},\"inLanguage\":\"pt-BR\",\"potentialAction\":[{\"@type\":\"ReadAction\",\"target\":[\"https:\\\/\\\/www.ayadvogados.com.br\\\/?p=2915\"]}]},{\"@type\":\"ImageObject\",\"inLanguage\":\"pt-BR\",\"@id\":\"https:\\\/\\\/www.ayadvogados.com.br\\\/?p=2915#primaryimage\",\"url\":\"https:\\\/\\\/www.ayadvogados.com.br\\\/wp-content\\\/uploads\\\/2023\\\/09\\\/Banner-reels-copiar-3.png\",\"contentUrl\":\"https:\\\/\\\/www.ayadvogados.com.br\\\/wp-content\\\/uploads\\\/2023\\\/09\\\/Banner-reels-copiar-3.png\",\"width\":1920,\"height\":1080,\"caption\":\"Os impactos da Reforma Tribut\u00e1ria no Agroneg\u00f3cio\"},{\"@type\":\"BreadcrumbList\",\"@id\":\"https:\\\/\\\/www.ayadvogados.com.br\\\/?p=2915#breadcrumb\",\"itemListElement\":[{\"@type\":\"ListItem\",\"position\":1,\"name\":\"In\u00edcio\",\"item\":\"https:\\\/\\\/34.239.117.254\\\/\"},{\"@type\":\"ListItem\",\"position\":2,\"name\":\"Os impactos da Reforma Tribut\u00e1ria no Agroneg\u00f3cio\"}]},{\"@type\":\"WebSite\",\"@id\":\"https:\\\/\\\/34.239.117.254\\\/#website\",\"url\":\"https:\\\/\\\/34.239.117.254\\\/\",\"name\":\"Amaral, Yazbek Advogados\",\"description\":\"Curitiba \u2022 Bras\u00edlia \u2022 S\u00e3o Paulo\",\"publisher\":{\"@id\":\"https:\\\/\\\/34.239.117.254\\\/#organization\"},\"potentialAction\":[{\"@type\":\"SearchAction\",\"target\":{\"@type\":\"EntryPoint\",\"urlTemplate\":\"https:\\\/\\\/34.239.117.254\\\/?s={search_term_string}\"},\"query-input\":{\"@type\":\"PropertyValueSpecification\",\"valueRequired\":true,\"valueName\":\"search_term_string\"}}],\"inLanguage\":\"pt-BR\"},{\"@type\":\"Organization\",\"@id\":\"https:\\\/\\\/34.239.117.254\\\/#organization\",\"name\":\"Amaral, Yazbek Advogados\",\"url\":\"https:\\\/\\\/34.239.117.254\\\/\",\"logo\":{\"@type\":\"ImageObject\",\"inLanguage\":\"pt-BR\",\"@id\":\"https:\\\/\\\/34.239.117.254\\\/#\\\/schema\\\/logo\\\/image\\\/\",\"url\":\"http:\\\/\\\/34.239.117.254\\\/wp-content\\\/uploads\\\/2021\\\/03\\\/logo-ay-g.png\",\"contentUrl\":\"http:\\\/\\\/34.239.117.254\\\/wp-content\\\/uploads\\\/2021\\\/03\\\/logo-ay-g.png\",\"width\":434,\"height\":106,\"caption\":\"Amaral, Yazbek Advogados\"},\"image\":{\"@id\":\"https:\\\/\\\/34.239.117.254\\\/#\\\/schema\\\/logo\\\/image\\\/\"},\"sameAs\":[\"https:\\\/\\\/www.facebook.com\\\/AYadvogados\",\"https:\\\/\\\/www.instagram.com\\\/ayadvogados\\\/\"]},{\"@type\":\"Person\",\"@id\":\"https:\\\/\\\/34.239.117.254\\\/#\\\/schema\\\/person\\\/6b9165a58758b048b8ea5a4fbd4ec3c4\",\"name\":\"Infra\",\"image\":{\"@type\":\"ImageObject\",\"inLanguage\":\"pt-BR\",\"@id\":\"https:\\\/\\\/secure.gravatar.com\\\/avatar\\\/60bf67293e186b9c834e31753dcc586dfcedb661d13b6b9ba29ac991ccafc035?s=96&d=mm&r=g\",\"url\":\"https:\\\/\\\/secure.gravatar.com\\\/avatar\\\/60bf67293e186b9c834e31753dcc586dfcedb661d13b6b9ba29ac991ccafc035?s=96&d=mm&r=g\",\"contentUrl\":\"https:\\\/\\\/secure.gravatar.com\\\/avatar\\\/60bf67293e186b9c834e31753dcc586dfcedb661d13b6b9ba29ac991ccafc035?s=96&d=mm&r=g\",\"caption\":\"Infra\"},\"url\":\"https:\\\/\\\/www.ayadvogados.com.br\\\/?author=3\"}]}<\/script>\n<!-- \/ Yoast SEO plugin. -->","yoast_head_json":{"title":"Os impactos da Reforma Tribut\u00e1ria no Agroneg\u00f3cio","description":"Os impactos da Reforma Tribut\u00e1ria no Agroneg\u00f3cio: 20 de setembro aconteceu o I F\u00f3rum Agro, promovido pelo Empres\u00f4metro, spin-off do IBPT","robots":{"index":"index","follow":"follow","max-snippet":"max-snippet:-1","max-image-preview":"max-image-preview:large","max-video-preview":"max-video-preview:-1"},"canonical":"https:\/\/www.ayadvogados.com.br\/?p=2915","og_locale":"pt_BR","og_type":"article","og_title":"Os impactos da Reforma Tribut\u00e1ria no Agroneg\u00f3cio","og_description":"Os impactos da Reforma Tribut\u00e1ria no Agroneg\u00f3cio: 20 de setembro aconteceu o I F\u00f3rum Agro, promovido pelo Empres\u00f4metro, spin-off do IBPT","og_url":"https:\/\/www.ayadvogados.com.br\/?p=2915","og_site_name":"Amaral, Yazbek Advogados","article_publisher":"https:\/\/www.facebook.com\/AYadvogados","article_published_time":"2023-09-26T12:00:00+00:00","article_modified_time":"2023-09-27T11:31:36+00:00","og_image":[{"width":1920,"height":1080,"url":"https:\/\/www.ayadvogados.com.br\/wp-content\/uploads\/2023\/09\/Banner-reels-copiar-3.png","type":"image\/png"}],"author":"Infra","twitter_card":"summary_large_image","twitter_misc":{"Escrito por":"Infra","Est. tempo de leitura":"4 minutos"},"schema":{"@context":"https:\/\/schema.org","@graph":[{"@type":"Article","@id":"https:\/\/www.ayadvogados.com.br\/?p=2915#article","isPartOf":{"@id":"https:\/\/www.ayadvogados.com.br\/?p=2915"},"author":{"name":"Infra","@id":"https:\/\/34.239.117.254\/#\/schema\/person\/6b9165a58758b048b8ea5a4fbd4ec3c4"},"headline":"Os impactos da Reforma Tribut\u00e1ria no Agroneg\u00f3cio","datePublished":"2023-09-26T12:00:00+00:00","dateModified":"2023-09-27T11:31:36+00:00","mainEntityOfPage":{"@id":"https:\/\/www.ayadvogados.com.br\/?p=2915"},"wordCount":695,"commentCount":0,"publisher":{"@id":"https:\/\/34.239.117.254\/#organization"},"image":{"@id":"https:\/\/www.ayadvogados.com.br\/?p=2915#primaryimage"},"thumbnailUrl":"https:\/\/www.ayadvogados.com.br\/wp-content\/uploads\/2023\/09\/Banner-reels-copiar-3.png","keywords":["amaral yazbek","Decis\u00e3o Judicial","Decis\u00e3o Judicial reten\u00e7\u00f5es de IR","dincast","Reforma Tribut\u00e1ria","reten\u00e7\u00f5es de IR"],"articleSection":["DINCast"],"inLanguage":"pt-BR","potentialAction":[{"@type":"CommentAction","name":"Comment","target":["https:\/\/www.ayadvogados.com.br\/?p=2915#respond"]}]},{"@type":"WebPage","@id":"https:\/\/www.ayadvogados.com.br\/?p=2915","url":"https:\/\/www.ayadvogados.com.br\/?p=2915","name":"Os impactos da Reforma Tribut\u00e1ria no Agroneg\u00f3cio","isPartOf":{"@id":"https:\/\/34.239.117.254\/#website"},"primaryImageOfPage":{"@id":"https:\/\/www.ayadvogados.com.br\/?p=2915#primaryimage"},"image":{"@id":"https:\/\/www.ayadvogados.com.br\/?p=2915#primaryimage"},"thumbnailUrl":"https:\/\/www.ayadvogados.com.br\/wp-content\/uploads\/2023\/09\/Banner-reels-copiar-3.png","datePublished":"2023-09-26T12:00:00+00:00","dateModified":"2023-09-27T11:31:36+00:00","description":"Os impactos da Reforma Tribut\u00e1ria no Agroneg\u00f3cio: 20 de setembro aconteceu o I F\u00f3rum Agro, promovido pelo Empres\u00f4metro, spin-off do IBPT","breadcrumb":{"@id":"https:\/\/www.ayadvogados.com.br\/?p=2915#breadcrumb"},"inLanguage":"pt-BR","potentialAction":[{"@type":"ReadAction","target":["https:\/\/www.ayadvogados.com.br\/?p=2915"]}]},{"@type":"ImageObject","inLanguage":"pt-BR","@id":"https:\/\/www.ayadvogados.com.br\/?p=2915#primaryimage","url":"https:\/\/www.ayadvogados.com.br\/wp-content\/uploads\/2023\/09\/Banner-reels-copiar-3.png","contentUrl":"https:\/\/www.ayadvogados.com.br\/wp-content\/uploads\/2023\/09\/Banner-reels-copiar-3.png","width":1920,"height":1080,"caption":"Os impactos da Reforma Tribut\u00e1ria no Agroneg\u00f3cio"},{"@type":"BreadcrumbList","@id":"https:\/\/www.ayadvogados.com.br\/?p=2915#breadcrumb","itemListElement":[{"@type":"ListItem","position":1,"name":"In\u00edcio","item":"https:\/\/34.239.117.254\/"},{"@type":"ListItem","position":2,"name":"Os impactos da Reforma Tribut\u00e1ria no Agroneg\u00f3cio"}]},{"@type":"WebSite","@id":"https:\/\/34.239.117.254\/#website","url":"https:\/\/34.239.117.254\/","name":"Amaral, Yazbek Advogados","description":"Curitiba \u2022 Bras\u00edlia \u2022 S\u00e3o Paulo","publisher":{"@id":"https:\/\/34.239.117.254\/#organization"},"potentialAction":[{"@type":"SearchAction","target":{"@type":"EntryPoint","urlTemplate":"https:\/\/34.239.117.254\/?s={search_term_string}"},"query-input":{"@type":"PropertyValueSpecification","valueRequired":true,"valueName":"search_term_string"}}],"inLanguage":"pt-BR"},{"@type":"Organization","@id":"https:\/\/34.239.117.254\/#organization","name":"Amaral, Yazbek Advogados","url":"https:\/\/34.239.117.254\/","logo":{"@type":"ImageObject","inLanguage":"pt-BR","@id":"https:\/\/34.239.117.254\/#\/schema\/logo\/image\/","url":"http:\/\/34.239.117.254\/wp-content\/uploads\/2021\/03\/logo-ay-g.png","contentUrl":"http:\/\/34.239.117.254\/wp-content\/uploads\/2021\/03\/logo-ay-g.png","width":434,"height":106,"caption":"Amaral, Yazbek Advogados"},"image":{"@id":"https:\/\/34.239.117.254\/#\/schema\/logo\/image\/"},"sameAs":["https:\/\/www.facebook.com\/AYadvogados","https:\/\/www.instagram.com\/ayadvogados\/"]},{"@type":"Person","@id":"https:\/\/34.239.117.254\/#\/schema\/person\/6b9165a58758b048b8ea5a4fbd4ec3c4","name":"Infra","image":{"@type":"ImageObject","inLanguage":"pt-BR","@id":"https:\/\/secure.gravatar.com\/avatar\/60bf67293e186b9c834e31753dcc586dfcedb661d13b6b9ba29ac991ccafc035?s=96&d=mm&r=g","url":"https:\/\/secure.gravatar.com\/avatar\/60bf67293e186b9c834e31753dcc586dfcedb661d13b6b9ba29ac991ccafc035?s=96&d=mm&r=g","contentUrl":"https:\/\/secure.gravatar.com\/avatar\/60bf67293e186b9c834e31753dcc586dfcedb661d13b6b9ba29ac991ccafc035?s=96&d=mm&r=g","caption":"Infra"},"url":"https:\/\/www.ayadvogados.com.br\/?author=3"}]}},"rttpg_featured_image_url":{"full":["https:\/\/www.ayadvogados.com.br\/wp-content\/uploads\/2023\/09\/Banner-reels-copiar-3.png",1920,1080,false],"landscape":["https:\/\/www.ayadvogados.com.br\/wp-content\/uploads\/2023\/09\/Banner-reels-copiar-3.png",1920,1080,false],"portraits":["https:\/\/www.ayadvogados.com.br\/wp-content\/uploads\/2023\/09\/Banner-reels-copiar-3.png",1920,1080,false],"thumbnail":["https:\/\/www.ayadvogados.com.br\/wp-content\/uploads\/2023\/09\/Banner-reels-copiar-3-150x150.png",150,150,true],"medium":["https:\/\/www.ayadvogados.com.br\/wp-content\/uploads\/2023\/09\/Banner-reels-copiar-3-300x169.png",300,169,true],"large":["https:\/\/www.ayadvogados.com.br\/wp-content\/uploads\/2023\/09\/Banner-reels-copiar-3-1024x576.png",1024,576,true],"1536x1536":["https:\/\/www.ayadvogados.com.br\/wp-content\/uploads\/2023\/09\/Banner-reels-copiar-3-1536x864.png",1536,864,true],"2048x2048":["https:\/\/www.ayadvogados.com.br\/wp-content\/uploads\/2023\/09\/Banner-reels-copiar-3.png",1920,1080,false]},"rttpg_author":{"display_name":"Infra","author_link":"https:\/\/www.ayadvogados.com.br\/?author=3"},"rttpg_comment":0,"rttpg_category":"<a href=\"https:\/\/www.ayadvogados.com.br\/?cat=5\" rel=\"category\">DINCast<\/a>","rttpg_excerpt":"Os impactos da Reforma Tribut\u00e1ria no Agroneg\u00f3cio No dia 20 de setembro aconteceu o I F\u00f3rum Agro, promovido pelo Empres\u00f4metro, spin-off do IBPT, em parceria com a Live University&nbsp; e patrocinado pela Viter Agro, que prop\u00f4s a divulgar os n\u00fameros do agroneg\u00f3cio nas transa\u00e7\u00f5es comerciais brasileiras. Apresentou-se o estudo de que 26,02% do PIB brasileiro&hellip;","_links":{"self":[{"href":"https:\/\/www.ayadvogados.com.br\/index.php?rest_route=\/wp\/v2\/posts\/2915","targetHints":{"allow":["GET"]}}],"collection":[{"href":"https:\/\/www.ayadvogados.com.br\/index.php?rest_route=\/wp\/v2\/posts"}],"about":[{"href":"https:\/\/www.ayadvogados.com.br\/index.php?rest_route=\/wp\/v2\/types\/post"}],"author":[{"embeddable":true,"href":"https:\/\/www.ayadvogados.com.br\/index.php?rest_route=\/wp\/v2\/users\/3"}],"replies":[{"embeddable":true,"href":"https:\/\/www.ayadvogados.com.br\/index.php?rest_route=%2Fwp%2Fv2%2Fcomments&post=2915"}],"version-history":[{"count":4,"href":"https:\/\/www.ayadvogados.com.br\/index.php?rest_route=\/wp\/v2\/posts\/2915\/revisions"}],"predecessor-version":[{"id":2920,"href":"https:\/\/www.ayadvogados.com.br\/index.php?rest_route=\/wp\/v2\/posts\/2915\/revisions\/2920"}],"wp:featuredmedia":[{"embeddable":true,"href":"https:\/\/www.ayadvogados.com.br\/index.php?rest_route=\/wp\/v2\/media\/2917"}],"wp:attachment":[{"href":"https:\/\/www.ayadvogados.com.br\/index.php?rest_route=%2Fwp%2Fv2%2Fmedia&parent=2915"}],"wp:term":[{"taxonomy":"category","embeddable":true,"href":"https:\/\/www.ayadvogados.com.br\/index.php?rest_route=%2Fwp%2Fv2%2Fcategories&post=2915"},{"taxonomy":"post_tag","embeddable":true,"href":"https:\/\/www.ayadvogados.com.br\/index.php?rest_route=%2Fwp%2Fv2%2Ftags&post=2915"}],"curies":[{"name":"wp","href":"https:\/\/api.w.org\/{rel}","templated":true}]}}