{"id":289,"date":"2020-11-23T11:36:00","date_gmt":"2020-11-23T14:36:00","guid":{"rendered":"http:\/\/34.239.117.254\/?p=289"},"modified":"2021-03-18T11:36:56","modified_gmt":"2021-03-18T14:36:56","slug":"liminares-reduzem-contribuicao-ao-sistema-s","status":"publish","type":"post","link":"https:\/\/www.ayadvogados.com.br\/?p=289","title":{"rendered":"Liminares reduzem contribui\u00e7\u00e3o ao \u2018Sistema S\u2019"},"content":{"rendered":"\n<p>Entidades empresariais come\u00e7am a obter decis\u00f5es judiciais coletivas para limitar a 20 sal\u00e1rios m\u00ednimos a base de c\u00e1lculo das contribui\u00e7\u00f5es ao \u201cSistema S\u201d.<\/p>\n\n\n\n<p>A Associa\u00e7\u00e3o Nacional das Administradoras de Benef\u00edcios (Anab), da qual fazem parte a Qualicorp, administradoras do Grupo AllCare e o Grupo Elo, obteve liminar que beneficia 26 empresas que congregam a entidade. Todas elas passaram a ter uma carga tribut\u00e1ria reduzida. Em m\u00e9dia, o peso total dessas contribui\u00e7\u00f5es sobre a folha de pagamentos \u00e9 de 5,8% ao m\u00eas.<\/p>\n\n\n\n<p>De acordo com a Procuradoria-Geral da Fazenda Nacional (PGFN), h\u00e1 ao menos 8.580 processos sobre o tema, entre a\u00e7\u00f5es individuais e coletivas, que s\u00e3o acompanhadas pelo \u00f3rg\u00e3o.<\/p>\n\n\n\n<p>A liminar que beneficia a entidade foi proferida pelo juiz Caio Jos\u00e9 Bovino Greggio, da 21\u00aa Vara C\u00edvel Federal de S\u00e3o Paulo. A medida suspende a exigibilidade dos tributos decorrentes dos valores que excederem esse limite de 20 sal\u00e1rios m\u00ednimos. S\u00f3 ficou de fora o sal\u00e1rio-educa\u00e7\u00e3o (processo n\u00ba 5010088-25.2020.4.03.6100).<\/p>\n\n\n\n<p>\u201cConstato que, recentemente, o STJ fixou o entendimento de que existe um valor limite a ser considerado na base de c\u00e1lculo das contribui\u00e7\u00f5es sociais por conta de terceiros ou parafiscais\u201d, diz o juiz na decis\u00e3o.<\/p>\n\n\n\n<p>No come\u00e7o deste ano, uma decis\u00e3o un\u00e2nime da 1\u00aa Turma do Superior Tribunal de Justi\u00e7a (STJ) limitou para a ind\u00fastria qu\u00edmica Rhodia Brasil a base de c\u00e1lculo do sal\u00e1rio-educa\u00e7\u00e3o, Incra e das contribui\u00e7\u00f5es destinadas ao Sebrae, Senac e Sesc a 20 sal\u00e1rios m\u00ednimos (REsp 1570980).<\/p>\n\n\n\n<p>A partir da publica\u00e7\u00e3o do entendimento, empresas come\u00e7aram a usar o ac\u00f3rd\u00e3o na tentativa de obter decis\u00e3o similar. Especialmente, ap\u00f3s o Supremo Tribunal Federal (STF) declarar a cobran\u00e7a do Sebrae constitucional, por maioria de votos, com repercuss\u00e3o geral (RE n\u00ba 603624).<\/p>\n\n\n\n<p>Segundo o advogado que representa a Anab no processo, Eduardo Muniz Cavalcanti, s\u00f3cio da Bento Muniz Advocacia, o artigo 3\u00ba do Decreto-Lei n\u00ba 2318, de 1986, revogou a limita\u00e7\u00e3o da base de incid\u00eancia, na Lei n\u00ba 6.958, de 1981, apenas das contribui\u00e7\u00f5es previdenci\u00e1rias. \u201cTamb\u00e9m apresentamos ao magistrado o julgado da 1\u00aa Turma do STJ como jurisprud\u00eancia\u201d, diz.<\/p>\n\n\n\n<p>Outra entidade que obteve decis\u00e3o favor\u00e1vel \u00e9 a Associa\u00e7\u00e3o das Ind\u00fastrias de Boituva, Iper\u00f3 e Regi\u00e3o (Assinbi), com 35 empresas associadas. Nesse caso, a liminar foi negada na primeira inst\u00e2ncia, mas a 6\u00aa Turma do Tribunal Regional Federal da 3\u00aa Regi\u00e3o (SP e MS) aceitou o pedido, excetuando apenas o sal\u00e1rio-educa\u00e7\u00e3o. Na decis\u00e3o, tamb\u00e9m \u00e9 citada a decis\u00e3o da 1\u00aa Turma do STJ.<\/p>\n\n\n\n<p>As duas decis\u00f5es s\u00e3o importantes porque t\u00eam validade para todos os associados das entidades, segundo Rafael Pinheiro Lucas Ristow, tributarista do BCOR Advogados, que representa a Assinbi no processo. \u201cE defendo que n\u00e3o s\u00f3 associados da \u00e9poca do ajuizamento da a\u00e7\u00e3o, mas pode usar a decis\u00e3o para reduzir a carga tribut\u00e1ria tamb\u00e9m quem entrar na entidade depois\u201d, diz.<\/p>\n\n\n\n<p>Ristow destaca ac\u00f3rd\u00e3o da 2\u00aa Turma do STJ sobre os efeitos de decis\u00e3o proferida em mandado de seguran\u00e7a coletivo (Resp n\u00ba 1.377.063\/RJ). \u201cOs ministros decidiram, na ocasi\u00e3o, que a medida alcan\u00e7a quem estiver em situa\u00e7\u00e3o jur\u00eddica id\u00eantica \u00e0quela tratada na decis\u00e3o da impetra\u00e7\u00e3o coletiva\u201d, diz o advogado.<\/p>\n\n\n\n<p>Diante da prolifera\u00e7\u00e3o de decis\u00f5es a respeito do tema, a PGFN pediu ao STJ que o assunto seja julgado como recurso repetitivo &#8211; o que orientar\u00e1 os demais magistrados a seguir a decis\u00e3o. \u201cAntevendo a import\u00e2ncia de que seja atribu\u00eddo um tratamento ison\u00f4mico aos contribuintes e a c\u00e9lere resolu\u00e7\u00e3o dessa controv\u00e9rsia, pr\u00f3pria do chamado contencioso de massa, a PGFN encaminhou o of\u00edcio \u00e0 Corte\u201d, diz o procurador Manoel Tavares Neto, coordenador-geral da Representa\u00e7\u00e3o Judicial da Fazenda Nacional.<\/p>\n\n\n\n<p>De acordo com a PGFN, h\u00e1 ac\u00f3rd\u00e3os desfavor\u00e1veis a contribuintes que entraram com a\u00e7\u00f5es individuais para tentar limitar a base de c\u00e1lculo das contribui\u00e7\u00f5es ao \u201cSistema S\u201d a 20 sal\u00e1rios m\u00ednimos nos cinco tribunais federais do pa\u00eds.<\/p>\n\n\n\n<p>&nbsp; Fonte: <a href=\"https:\/\/valor.globo.com\/legislacao\/noticia\/2020\/11\/23\/liminares-reduzem-contribuicao-ao-sistema-s.ghtml\">Valor<\/a><\/p>\n\n\n\n<p>A Amaral, Yazbek, OAB\/PR 762, possui 35 anos de experi\u00eancia auxiliando empresas a transformar a tributa\u00e7\u00e3o em lucro. Entre em contato com um dos s\u00f3cios para agendamento de reuni\u00e3o em caso de d\u00favidas.<\/p>\n\n\n\n<p>Contato: 41 3595-8300 ou pelo nosso WhatsApp 41 99567-5696<\/p>\n\n\n\n<p>Av. C\u00e2ndido Hartmann, 50 \u2013 Bigorrilho | Curitiba-PR<\/p>\n\n\n\n<p>Assine nossa Newsletter e fique por dentro das novidades!<\/p>\n\n\n\n<p>Quer receber seu exemplar da revista Governan\u00e7a Jur\u00eddica? Clique <a href=\"http:\/\/ayadvogados.com.br\/revista\">aqui<\/a>&nbsp;e pe\u00e7a a sua.<\/p>\n\n\n\n<p>Nos acompanhe nas redes sociais: <a href=\"https:\/\/www.facebook.com\/amaral.yazbek\">Facebook<\/a>&nbsp;| <a href=\"https:\/\/www.instagram.com\/amaral.yazbek\/\">Instagram<\/a> | <a href=\"https:\/\/www.linkedin.com\/company\/3357082\/admin\/\">Linkedin<\/a><\/p>\n\n\n\n<p>J\u00e1 conhece o canal Direito da Intelig\u00eancia de Neg\u00f3cios? <a href=\"https:\/\/www.youtube.com\/channel\/UCu2Mpu32ht8DEN8OFRXYMyw\">Inscreva-se j\u00e1<\/a><\/p>\n","protected":false},"excerpt":{"rendered":"<p>Entidades empresariais come\u00e7am a obter decis\u00f5es judiciais coletivas para limitar a 20 sal\u00e1rios m\u00ednimos a base de c\u00e1lculo das contribui\u00e7\u00f5es ao \u201cSistema S\u201d. A Associa\u00e7\u00e3o Nacional das Administradoras de Benef\u00edcios (Anab), da qual fazem parte a Qualicorp, administradoras do Grupo AllCare e o Grupo Elo, obteve liminar que beneficia 26 empresas que congregam a entidade. [&hellip;]<\/p>\n","protected":false},"author":3,"featured_media":0,"comment_status":"open","ping_status":"open","sticky":false,"template":"","format":"standard","meta":{"footnotes":""},"categories":[1],"tags":[],"class_list":["post-289","post","type-post","status-publish","format-standard","hentry","category-noticia-do-dia"],"blocksy_meta":{"styles_descriptor":{"styles":{"desktop":"","tablet":"","mobile":""},"google_fonts":[],"version":6}},"yoast_head":"<!-- This site is optimized with the Yoast SEO plugin v27.5 - https:\/\/yoast.com\/product\/yoast-seo-wordpress\/ -->\n<title>Liminares reduzem contribui\u00e7\u00e3o ao \u2018Sistema S\u2019 - Amaral, Yazbek Advogados<\/title>\n<meta name=\"robots\" content=\"index, follow, max-snippet:-1, max-image-preview:large, max-video-preview:-1\" \/>\n<link rel=\"canonical\" href=\"https:\/\/www.34.239.117.254.nip.io\/?p=289\" \/>\n<meta property=\"og:locale\" content=\"pt_BR\" \/>\n<meta property=\"og:type\" content=\"article\" \/>\n<meta property=\"og:title\" content=\"Liminares reduzem contribui\u00e7\u00e3o ao \u2018Sistema S\u2019 - Amaral, Yazbek Advogados\" \/>\n<meta property=\"og:description\" content=\"Entidades empresariais come\u00e7am a obter decis\u00f5es judiciais coletivas para limitar a 20 sal\u00e1rios m\u00ednimos a base de c\u00e1lculo das contribui\u00e7\u00f5es ao \u201cSistema S\u201d. A Associa\u00e7\u00e3o Nacional das Administradoras de Benef\u00edcios (Anab), da qual fazem parte a Qualicorp, administradoras do Grupo AllCare e o Grupo Elo, obteve liminar que beneficia 26 empresas que congregam a entidade. [&hellip;]\" \/>\n<meta property=\"og:url\" content=\"https:\/\/www.34.239.117.254.nip.io\/?p=289\" \/>\n<meta property=\"og:site_name\" content=\"Amaral, Yazbek Advogados\" \/>\n<meta property=\"article:publisher\" content=\"https:\/\/www.facebook.com\/AYadvogados\" \/>\n<meta property=\"article:published_time\" content=\"2020-11-23T14:36:00+00:00\" \/>\n<meta property=\"article:modified_time\" content=\"2021-03-18T14:36:56+00:00\" \/>\n<meta name=\"author\" content=\"Infra\" \/>\n<meta name=\"twitter:card\" content=\"summary_large_image\" \/>\n<meta name=\"twitter:label1\" content=\"Escrito por\" \/>\n\t<meta name=\"twitter:data1\" content=\"Infra\" \/>\n\t<meta name=\"twitter:label2\" content=\"Est. tempo de leitura\" \/>\n\t<meta name=\"twitter:data2\" content=\"4 minutos\" \/>\n<script type=\"application\/ld+json\" class=\"yoast-schema-graph\">{\"@context\":\"https:\\\/\\\/schema.org\",\"@graph\":[{\"@type\":\"Article\",\"@id\":\"https:\\\/\\\/www.34.239.117.254.nip.io\\\/?p=289#article\",\"isPartOf\":{\"@id\":\"https:\\\/\\\/www.34.239.117.254.nip.io\\\/?p=289\"},\"author\":{\"name\":\"Infra\",\"@id\":\"https:\\\/\\\/www.34.239.117.254.sslip.io\\\/#\\\/schema\\\/person\\\/6b9165a58758b048b8ea5a4fbd4ec3c4\"},\"headline\":\"Liminares reduzem contribui\u00e7\u00e3o ao \u2018Sistema S\u2019\",\"datePublished\":\"2020-11-23T14:36:00+00:00\",\"dateModified\":\"2021-03-18T14:36:56+00:00\",\"mainEntityOfPage\":{\"@id\":\"https:\\\/\\\/www.34.239.117.254.nip.io\\\/?p=289\"},\"wordCount\":803,\"commentCount\":0,\"publisher\":{\"@id\":\"https:\\\/\\\/www.34.239.117.254.sslip.io\\\/#organization\"},\"articleSection\":[\"Not\u00edcia do Dia\"],\"inLanguage\":\"pt-BR\",\"potentialAction\":[{\"@type\":\"CommentAction\",\"name\":\"Comment\",\"target\":[\"https:\\\/\\\/www.34.239.117.254.nip.io\\\/?p=289#respond\"]}]},{\"@type\":\"WebPage\",\"@id\":\"https:\\\/\\\/www.34.239.117.254.nip.io\\\/?p=289\",\"url\":\"https:\\\/\\\/www.34.239.117.254.nip.io\\\/?p=289\",\"name\":\"Liminares reduzem contribui\u00e7\u00e3o ao \u2018Sistema S\u2019 - Amaral, Yazbek Advogados\",\"isPartOf\":{\"@id\":\"https:\\\/\\\/www.34.239.117.254.sslip.io\\\/#website\"},\"datePublished\":\"2020-11-23T14:36:00+00:00\",\"dateModified\":\"2021-03-18T14:36:56+00:00\",\"breadcrumb\":{\"@id\":\"https:\\\/\\\/www.34.239.117.254.nip.io\\\/?p=289#breadcrumb\"},\"inLanguage\":\"pt-BR\",\"potentialAction\":[{\"@type\":\"ReadAction\",\"target\":[\"https:\\\/\\\/www.34.239.117.254.nip.io\\\/?p=289\"]}]},{\"@type\":\"BreadcrumbList\",\"@id\":\"https:\\\/\\\/www.34.239.117.254.nip.io\\\/?p=289#breadcrumb\",\"itemListElement\":[{\"@type\":\"ListItem\",\"position\":1,\"name\":\"In\u00edcio\",\"item\":\"https:\\\/\\\/www.34.239.117.254.sslip.io\\\/\"},{\"@type\":\"ListItem\",\"position\":2,\"name\":\"Liminares reduzem contribui\u00e7\u00e3o ao \u2018Sistema S\u2019\"}]},{\"@type\":\"WebSite\",\"@id\":\"https:\\\/\\\/www.34.239.117.254.sslip.io\\\/#website\",\"url\":\"https:\\\/\\\/www.34.239.117.254.sslip.io\\\/\",\"name\":\"Amaral, Yazbek Advogados\",\"description\":\"Curitiba \u2022 Bras\u00edlia \u2022 S\u00e3o Paulo\",\"publisher\":{\"@id\":\"https:\\\/\\\/www.34.239.117.254.sslip.io\\\/#organization\"},\"potentialAction\":[{\"@type\":\"SearchAction\",\"target\":{\"@type\":\"EntryPoint\",\"urlTemplate\":\"https:\\\/\\\/www.34.239.117.254.sslip.io\\\/?s={search_term_string}\"},\"query-input\":{\"@type\":\"PropertyValueSpecification\",\"valueRequired\":true,\"valueName\":\"search_term_string\"}}],\"inLanguage\":\"pt-BR\"},{\"@type\":\"Organization\",\"@id\":\"https:\\\/\\\/www.34.239.117.254.sslip.io\\\/#organization\",\"name\":\"Amaral, Yazbek Advogados\",\"url\":\"https:\\\/\\\/www.34.239.117.254.sslip.io\\\/\",\"logo\":{\"@type\":\"ImageObject\",\"inLanguage\":\"pt-BR\",\"@id\":\"https:\\\/\\\/www.34.239.117.254.sslip.io\\\/#\\\/schema\\\/logo\\\/image\\\/\",\"url\":\"http:\\\/\\\/34.239.117.254\\\/wp-content\\\/uploads\\\/2021\\\/03\\\/logo-ay-g.png\",\"contentUrl\":\"http:\\\/\\\/34.239.117.254\\\/wp-content\\\/uploads\\\/2021\\\/03\\\/logo-ay-g.png\",\"width\":434,\"height\":106,\"caption\":\"Amaral, Yazbek Advogados\"},\"image\":{\"@id\":\"https:\\\/\\\/www.34.239.117.254.sslip.io\\\/#\\\/schema\\\/logo\\\/image\\\/\"},\"sameAs\":[\"https:\\\/\\\/www.facebook.com\\\/AYadvogados\",\"https:\\\/\\\/www.instagram.com\\\/ayadvogados\\\/\"]},{\"@type\":\"Person\",\"@id\":\"https:\\\/\\\/www.34.239.117.254.sslip.io\\\/#\\\/schema\\\/person\\\/6b9165a58758b048b8ea5a4fbd4ec3c4\",\"name\":\"Infra\",\"image\":{\"@type\":\"ImageObject\",\"inLanguage\":\"pt-BR\",\"@id\":\"https:\\\/\\\/secure.gravatar.com\\\/avatar\\\/60bf67293e186b9c834e31753dcc586dfcedb661d13b6b9ba29ac991ccafc035?s=96&d=mm&r=g\",\"url\":\"https:\\\/\\\/secure.gravatar.com\\\/avatar\\\/60bf67293e186b9c834e31753dcc586dfcedb661d13b6b9ba29ac991ccafc035?s=96&d=mm&r=g\",\"contentUrl\":\"https:\\\/\\\/secure.gravatar.com\\\/avatar\\\/60bf67293e186b9c834e31753dcc586dfcedb661d13b6b9ba29ac991ccafc035?s=96&d=mm&r=g\",\"caption\":\"Infra\"},\"url\":\"https:\\\/\\\/www.ayadvogados.com.br\\\/?author=3\"}]}<\/script>\n<!-- \/ Yoast SEO plugin. -->","yoast_head_json":{"title":"Liminares reduzem contribui\u00e7\u00e3o ao \u2018Sistema S\u2019 - Amaral, Yazbek Advogados","robots":{"index":"index","follow":"follow","max-snippet":"max-snippet:-1","max-image-preview":"max-image-preview:large","max-video-preview":"max-video-preview:-1"},"canonical":"https:\/\/www.34.239.117.254.nip.io\/?p=289","og_locale":"pt_BR","og_type":"article","og_title":"Liminares reduzem contribui\u00e7\u00e3o ao \u2018Sistema S\u2019 - Amaral, Yazbek Advogados","og_description":"Entidades empresariais come\u00e7am a obter decis\u00f5es judiciais coletivas para limitar a 20 sal\u00e1rios m\u00ednimos a base de c\u00e1lculo das contribui\u00e7\u00f5es ao \u201cSistema S\u201d. A Associa\u00e7\u00e3o Nacional das Administradoras de Benef\u00edcios (Anab), da qual fazem parte a Qualicorp, administradoras do Grupo AllCare e o Grupo Elo, obteve liminar que beneficia 26 empresas que congregam a entidade. [&hellip;]","og_url":"https:\/\/www.34.239.117.254.nip.io\/?p=289","og_site_name":"Amaral, Yazbek Advogados","article_publisher":"https:\/\/www.facebook.com\/AYadvogados","article_published_time":"2020-11-23T14:36:00+00:00","article_modified_time":"2021-03-18T14:36:56+00:00","author":"Infra","twitter_card":"summary_large_image","twitter_misc":{"Escrito por":"Infra","Est. tempo de leitura":"4 minutos"},"schema":{"@context":"https:\/\/schema.org","@graph":[{"@type":"Article","@id":"https:\/\/www.34.239.117.254.nip.io\/?p=289#article","isPartOf":{"@id":"https:\/\/www.34.239.117.254.nip.io\/?p=289"},"author":{"name":"Infra","@id":"https:\/\/www.34.239.117.254.sslip.io\/#\/schema\/person\/6b9165a58758b048b8ea5a4fbd4ec3c4"},"headline":"Liminares reduzem contribui\u00e7\u00e3o ao \u2018Sistema S\u2019","datePublished":"2020-11-23T14:36:00+00:00","dateModified":"2021-03-18T14:36:56+00:00","mainEntityOfPage":{"@id":"https:\/\/www.34.239.117.254.nip.io\/?p=289"},"wordCount":803,"commentCount":0,"publisher":{"@id":"https:\/\/www.34.239.117.254.sslip.io\/#organization"},"articleSection":["Not\u00edcia do Dia"],"inLanguage":"pt-BR","potentialAction":[{"@type":"CommentAction","name":"Comment","target":["https:\/\/www.34.239.117.254.nip.io\/?p=289#respond"]}]},{"@type":"WebPage","@id":"https:\/\/www.34.239.117.254.nip.io\/?p=289","url":"https:\/\/www.34.239.117.254.nip.io\/?p=289","name":"Liminares reduzem contribui\u00e7\u00e3o ao \u2018Sistema S\u2019 - Amaral, Yazbek Advogados","isPartOf":{"@id":"https:\/\/www.34.239.117.254.sslip.io\/#website"},"datePublished":"2020-11-23T14:36:00+00:00","dateModified":"2021-03-18T14:36:56+00:00","breadcrumb":{"@id":"https:\/\/www.34.239.117.254.nip.io\/?p=289#breadcrumb"},"inLanguage":"pt-BR","potentialAction":[{"@type":"ReadAction","target":["https:\/\/www.34.239.117.254.nip.io\/?p=289"]}]},{"@type":"BreadcrumbList","@id":"https:\/\/www.34.239.117.254.nip.io\/?p=289#breadcrumb","itemListElement":[{"@type":"ListItem","position":1,"name":"In\u00edcio","item":"https:\/\/www.34.239.117.254.sslip.io\/"},{"@type":"ListItem","position":2,"name":"Liminares reduzem contribui\u00e7\u00e3o ao \u2018Sistema S\u2019"}]},{"@type":"WebSite","@id":"https:\/\/www.34.239.117.254.sslip.io\/#website","url":"https:\/\/www.34.239.117.254.sslip.io\/","name":"Amaral, Yazbek Advogados","description":"Curitiba \u2022 Bras\u00edlia \u2022 S\u00e3o Paulo","publisher":{"@id":"https:\/\/www.34.239.117.254.sslip.io\/#organization"},"potentialAction":[{"@type":"SearchAction","target":{"@type":"EntryPoint","urlTemplate":"https:\/\/www.34.239.117.254.sslip.io\/?s={search_term_string}"},"query-input":{"@type":"PropertyValueSpecification","valueRequired":true,"valueName":"search_term_string"}}],"inLanguage":"pt-BR"},{"@type":"Organization","@id":"https:\/\/www.34.239.117.254.sslip.io\/#organization","name":"Amaral, Yazbek Advogados","url":"https:\/\/www.34.239.117.254.sslip.io\/","logo":{"@type":"ImageObject","inLanguage":"pt-BR","@id":"https:\/\/www.34.239.117.254.sslip.io\/#\/schema\/logo\/image\/","url":"http:\/\/34.239.117.254\/wp-content\/uploads\/2021\/03\/logo-ay-g.png","contentUrl":"http:\/\/34.239.117.254\/wp-content\/uploads\/2021\/03\/logo-ay-g.png","width":434,"height":106,"caption":"Amaral, Yazbek Advogados"},"image":{"@id":"https:\/\/www.34.239.117.254.sslip.io\/#\/schema\/logo\/image\/"},"sameAs":["https:\/\/www.facebook.com\/AYadvogados","https:\/\/www.instagram.com\/ayadvogados\/"]},{"@type":"Person","@id":"https:\/\/www.34.239.117.254.sslip.io\/#\/schema\/person\/6b9165a58758b048b8ea5a4fbd4ec3c4","name":"Infra","image":{"@type":"ImageObject","inLanguage":"pt-BR","@id":"https:\/\/secure.gravatar.com\/avatar\/60bf67293e186b9c834e31753dcc586dfcedb661d13b6b9ba29ac991ccafc035?s=96&d=mm&r=g","url":"https:\/\/secure.gravatar.com\/avatar\/60bf67293e186b9c834e31753dcc586dfcedb661d13b6b9ba29ac991ccafc035?s=96&d=mm&r=g","contentUrl":"https:\/\/secure.gravatar.com\/avatar\/60bf67293e186b9c834e31753dcc586dfcedb661d13b6b9ba29ac991ccafc035?s=96&d=mm&r=g","caption":"Infra"},"url":"https:\/\/www.ayadvogados.com.br\/?author=3"}]}},"rttpg_featured_image_url":null,"rttpg_author":{"display_name":"Infra","author_link":"https:\/\/www.ayadvogados.com.br\/?author=3"},"rttpg_comment":0,"rttpg_category":"<a href=\"https:\/\/www.ayadvogados.com.br\/?cat=1\" rel=\"category\">Not\u00edcia do Dia<\/a>","rttpg_excerpt":"Entidades empresariais come\u00e7am a obter decis\u00f5es judiciais coletivas para limitar a 20 sal\u00e1rios m\u00ednimos a base de c\u00e1lculo das contribui\u00e7\u00f5es ao \u201cSistema S\u201d. A Associa\u00e7\u00e3o Nacional das Administradoras de Benef\u00edcios (Anab), da qual fazem parte a Qualicorp, administradoras do Grupo AllCare e o Grupo Elo, obteve liminar que beneficia 26 empresas que congregam a entidade.&hellip;","_links":{"self":[{"href":"https:\/\/www.ayadvogados.com.br\/index.php?rest_route=\/wp\/v2\/posts\/289","targetHints":{"allow":["GET"]}}],"collection":[{"href":"https:\/\/www.ayadvogados.com.br\/index.php?rest_route=\/wp\/v2\/posts"}],"about":[{"href":"https:\/\/www.ayadvogados.com.br\/index.php?rest_route=\/wp\/v2\/types\/post"}],"author":[{"embeddable":true,"href":"https:\/\/www.ayadvogados.com.br\/index.php?rest_route=\/wp\/v2\/users\/3"}],"replies":[{"embeddable":true,"href":"https:\/\/www.ayadvogados.com.br\/index.php?rest_route=%2Fwp%2Fv2%2Fcomments&post=289"}],"version-history":[{"count":1,"href":"https:\/\/www.ayadvogados.com.br\/index.php?rest_route=\/wp\/v2\/posts\/289\/revisions"}],"predecessor-version":[{"id":290,"href":"https:\/\/www.ayadvogados.com.br\/index.php?rest_route=\/wp\/v2\/posts\/289\/revisions\/290"}],"wp:attachment":[{"href":"https:\/\/www.ayadvogados.com.br\/index.php?rest_route=%2Fwp%2Fv2%2Fmedia&parent=289"}],"wp:term":[{"taxonomy":"category","embeddable":true,"href":"https:\/\/www.ayadvogados.com.br\/index.php?rest_route=%2Fwp%2Fv2%2Fcategories&post=289"},{"taxonomy":"post_tag","embeddable":true,"href":"https:\/\/www.ayadvogados.com.br\/index.php?rest_route=%2Fwp%2Fv2%2Ftags&post=289"}],"curies":[{"name":"wp","href":"https:\/\/api.w.org\/{rel}","templated":true}]}}