{"id":2874,"date":"2023-09-12T12:47:01","date_gmt":"2023-09-12T15:47:01","guid":{"rendered":"http:\/\/34.239.117.254\/?p=2874"},"modified":"2023-09-12T12:52:27","modified_gmt":"2023-09-12T15:52:27","slug":"reforma-tributaria-necessaria","status":"publish","type":"post","link":"https:\/\/www.ayadvogados.com.br\/?p=2874","title":{"rendered":"Reforma tribut\u00e1ria necess\u00e1ria, urgente e perigosa"},"content":{"rendered":"\n<p><strong>Reforma tribut\u00e1ria necess\u00e1ria, urgente e perigosa<\/strong><\/p>\n\n\n\n<p>Tema relevant\u00edssimo para a sociedade brasileira, a Reforma Tribut\u00e1ria \u00e9 imprescind\u00edvel para a moderniza\u00e7\u00e3o do pa\u00eds. As discuss\u00f5es s\u00e3o tempestivas em termos pol\u00edticos, econ\u00f4micos e sociais, cabendo ao Senado Federal fazer as adequa\u00e7\u00f5es necess\u00e1rias ao projeto aprovado na C\u00e2mara.<\/p>\n\n\n\n<p>\u00c9 not\u00f3rio que o nosso Sistema Tribut\u00e1rio \u00e9 complexo e caro para a sociedade: mais de 60 tributos exigidos dos contribuintes, quase uma centena de obriga\u00e7\u00f5es acess\u00f3rias ou burocracias, quantidade avassaladora de normas para disciplinar a cobran\u00e7a tribut\u00e1ria e efeito \u201ccascata\u201d dos impostos e contribui\u00e7\u00f5es.<\/p>\n\n\n\n<p>Os efeitos colaterais para o Brasil s\u00e3o grav\u00edssimos: o cidad\u00e3o trabalha 5 meses por ano para pagar tributos; as empresas gastam 1,5% do seu faturamento para cumprir com as burocracias; o contribuinte paga em m\u00e9dia 40% (carga tribut\u00e1ria nominal ou c\u00e1lculo por dentro) no pre\u00e7o final de produtos e servi\u00e7os ou 67% sobre o pre\u00e7o do produto\/servi\u00e7o (carga tribut\u00e1ria efetiva ou c\u00e1lculo por fora); a sonega\u00e7\u00e3o e informalidade correspondem a 37% do PIB; o \u00edndice de mortalidade das empresas \u00e9 um dos mais altos do mundo, resultando na rela\u00e7\u00e3o de que para cada 10 empresas criadas, 7 desaparecem.<\/p>\n\n\n\n<p>As premissas em que se baseiam a PEC 45 privilegiam somente o setor p\u00fablico, principalmente os Poderes Executivos. O Brasil, tendo uma carga tribut\u00e1ria escorchante, de 33,71% do PIB deveria fazer uma reforma para ajustar a incid\u00eancia tribut\u00e1ria aos padr\u00f5es mundiais, reduzindo-a efetivamente. Ao contr\u00e1rio, a proposta \u00e9 para manter a arrecada\u00e7\u00e3o tribut\u00e1ria da Uni\u00e3o, Estados e Munic\u00edpios e no m\u00e1ximo criar um limitador ou trava tendo como par\u00e2metro a carga tribut\u00e1ria atual. Fala-se em al\u00edquota indecente de IVA entre 25% e 30%, enquanto a m\u00e9dia dos tributos sobre o consumo no mundo s\u00e3o inferiores a 20%. Qualquer compara\u00e7\u00e3o s\u00e9ria com outros pa\u00edses demonstra o absurdo da al\u00edquota padr\u00e3o proposta e discutida na reforma. Comparando o Brasil com as maiores economias, os EUA, mesmo n\u00e3o tendo um IVA mais sim imposto direto sobre vendas, tributam de 4% a 11%; a China tem al\u00edquota de 17%; a Alemanha tem 19%; o Jap\u00e3o 10%; e, a Fran\u00e7a 20%. Podemos ainda comparar com It\u00e1lia 22%, Espanha 21%, Reino Unido com 20% e Canad\u00e1 com at\u00e9 15%.<\/p>\n\n\n\n<p>Mas se a compara\u00e7\u00e3o for com pa\u00edses em desenvolvimento, vemos que o absurdo se amplia. Chile tem 19%, M\u00e9xico 16%, Nova Zel\u00e2ndia 15% e Coreia do Sul tem 10%. A Reforma Tribut\u00e1ria n\u00e3o valoriza a efici\u00eancia estatal, j\u00e1 que n\u00e3o estabelece qualquer compromisso para a Uni\u00e3o, Estados, Distrito Federal e Munic\u00edpios em racionalizar a incid\u00eancia tribut\u00e1ria e os seus pr\u00f3prios gastos. Nesta fase pr\u00e9-reforma os entes estatais lan\u00e7aram m\u00e3o de mecanismos para reintroduzir ou majorar uma s\u00e9rie de incid\u00eancias tribut\u00e1rias que haviam sido reduzidas nos anos anteriores, como sobre energia el\u00e9trica e combust\u00edveis ou limita\u00e7\u00e3o do direito de redu\u00e7\u00e3o da base de c\u00e1lculo de PIS, Cofins, IRPJ e CSLL. Se formos analisar pela \u00f3tica da arrecada\u00e7\u00e3o tribut\u00e1ria dos tributos sobre o consumo no Brasil, veremos que a al\u00edquota referencial deveria ser muito menor. O faturamento das empresas em 2022 foi de R$ 20 trilh\u00f5es, enquanto a arrecada\u00e7\u00e3o foi de R$ 1,3 trilh\u00e3o. Ou seja, a rela\u00e7\u00e3o \u00e9 de 6,5% sobre a receita empresarial, base para a incid\u00eancia do IVA. E porque se fala numa al\u00edquota referencial superior a 25%? A resposta est\u00e1 na falta de compromisso estatal em reduzir a informalidade e sonega\u00e7\u00e3o. Um plano eficiente neste sentido resultaria num aumento de arrecada\u00e7\u00e3o de mais de R$ 1 trilh\u00e3o ao ano, podendo diminuir a al\u00edquota de refer\u00eancia do IVA.<\/p>\n\n\n\n<p>Al\u00e9m do calibre errado da al\u00edquota de refer\u00eancia do IVA, outros perigos tamb\u00e9m est\u00e3o contidos no tema em an\u00e1lise, pois ao contr\u00e1rio do que se propala, a proposta de Reforma Tribut\u00e1ria \u00e9 muito mais ampla, atingindo n\u00e3o s\u00f3 os tributos sobre o consumo, mas tamb\u00e9m tributos sobre renda e patrim\u00f4nio. Portanto, as an\u00e1lises n\u00e3o podem ficar restritas ao IVA. Est\u00e3o previstas mudan\u00e7as tamb\u00e9m no IPVA, ITCMD e IPTU que podem resultar em brutal aumento da carga tribut\u00e1ria sobre o patrim\u00f4nio. Pouco ou quase nada tem se falado a este respeito. A determina\u00e7\u00e3o contida no art. 18 da reforma aprovada na C\u00e2mara, levar\u00e1 \u00e0 extin\u00e7\u00e3o imediata do Lucro Presumido, afetando mais de 1 milh\u00e3o de pequenos e m\u00e9dios neg\u00f3cios. Sem falar na tributa\u00e7\u00e3o dos lucros e dividendos e no fim da JCP \u2013 Juros sobre o Capital Pr\u00f3prio.<\/p>\n\n\n\n<p>Ou seja, o Senado Federal est\u00e1 com a dif\u00edcil miss\u00e3o de corrigir in\u00fameras distor\u00e7\u00f5es do texto aprovado na C\u00e2mara. Infelizmente, o tema Reforma Tribut\u00e1ria sempre privilegia o setor p\u00fablico em detrimento do contribuinte, quando deveria se buscar um equil\u00edbrio e determinar a efici\u00eancia estatal.<\/p>\n\n\n\n<p>Por Gilberto Luiz do Amaral e Let\u00edcia Mary Fernandes do Amaral.<\/p>\n\n\n\n<p><a href=\"https:\/\/www.estadao.com.br\/amp\/politica\/blog-do-fausto-macedo\/reforma-tributaria-necessaria-urgente-e-perigosa\/\"><strong>Fonte: Estad\u00e3o<\/strong><\/a><\/p>\n\n\n\n<hr class=\"wp-block-separator has-text-color has-palette-color-1-color has-css-opacity has-palette-color-1-background-color has-background is-style-dots\"\/>\n\n\n\n<div class=\"wp-block-group has-palette-color-6-background-color has-background is-layout-flow wp-block-group-is-layout-flow\">\n<p style=\"font-size:0.8em\">A Amaral,\u00a0Yazbek, OAB\/PR 762, possui 36 anos de experi\u00eancia auxiliando empresas a transformar a tributa\u00e7\u00e3o em lucro. Entre em contato com um dos s\u00f3cios para agendamento de reuni\u00e3o em caso de d\u00favidas.\u00a0\u00a0\u00a0<\/p>\n\n\n\n<p style=\"font-size:0.8em\">Contato: 41 3595-8300 ou pelo nosso WhatsApp 41 99567-5696\u00a0\u00a0\u00a0<\/p>\n\n\n\n<p style=\"font-size:0.8em\">Av. C\u00e2ndido Hartmann, 50 \u2013\u00a0Bigorrilho\u00a0| Curitiba-PR\u00a0\u00a0\u00a0<\/p>\n\n\n\n<p style=\"font-size:0.8em\">Assine nossa <a href=\"http:\/\/ayadvogados.com.br\/contato\/\">Newsletter<\/a> e fique por dentro das novidades!\u00a0\u00a0\u00a0<\/p>\n\n\n\n<p style=\"font-size:0.8em\">Quer receber seu exemplar da revista Governan\u00e7a Jur\u00eddica? <a href=\"http:\/\/ayadvogados.com.br\/revista\/\" data-type=\"page\" data-id=\"68\">Clique\u00a0aqui\u00a0e pe\u00e7a a sua<\/a>.\u00a0\u00a0\u00a0<\/p>\n\n\n\n<p style=\"font-size:0.8em\">Nos acompanhe nas redes sociais:\u00a0<a href=\"https:\/\/www.facebook.com\/AYadvogados\">Facebook<\/a>\u00a0|\u00a0<a href=\"https:\/\/www.instagram.com\/ayadvogados\/\">Instagram<\/a>\u00a0|\u00a0<a href=\"https:\/\/www.linkedin.com\/company\/amaral-yazbek-advogados\">Linkedin<\/a>\u00a0<\/p>\n\n\n\n<p style=\"font-size:0.8em\">J\u00e1 conhece o canal Direito da Intelig\u00eancia de Neg\u00f3cios?\u00a0<a href=\"https:\/\/www.youtube.com\/channel\/UCu2Mpu32ht8DEN8OFRXYMyw\">Inscreva-se j\u00e1<\/a><\/p>\n<\/div>\n","protected":false},"excerpt":{"rendered":"<p>Reforma tribut\u00e1ria necess\u00e1ria, urgente e perigosa Tema relevant\u00edssimo para a sociedade brasileira, a Reforma Tribut\u00e1ria \u00e9 imprescind\u00edvel para a moderniza\u00e7\u00e3o do pa\u00eds. As discuss\u00f5es s\u00e3o tempestivas em termos pol\u00edticos, econ\u00f4micos e sociais, cabendo ao Senado Federal fazer as adequa\u00e7\u00f5es necess\u00e1rias ao projeto aprovado na C\u00e2mara. \u00c9 not\u00f3rio que o nosso Sistema Tribut\u00e1rio \u00e9 complexo e [&hellip;]<\/p>\n","protected":false},"author":2,"featured_media":2877,"comment_status":"open","ping_status":"open","sticky":false,"template":"","format":"standard","meta":{"footnotes":""},"categories":[4,1],"tags":[9,29,33,96],"class_list":["post-2874","post","type-post","status-publish","format-standard","has-post-thumbnail","hentry","category-artigos-da-equipe","category-noticia-do-dia","tag-amaral-yazbek","tag-empresas","tag-negocios","tag-reforma-tributaria"],"blocksy_meta":{"styles_descriptor":{"styles":{"desktop":"","tablet":"","mobile":""},"google_fonts":[],"version":6}},"yoast_head":"<!-- This site is optimized with the Yoast SEO plugin v27.5 - https:\/\/yoast.com\/product\/yoast-seo-wordpress\/ -->\n<title>Reforma tribut\u00e1ria necess\u00e1ria<\/title>\n<meta name=\"description\" content=\"Reforma tribut\u00e1ria necess\u00e1ria, urgente e perigosa. Tema relevant\u00edssimo para a sociedade brasileira, a Reforma Tribut\u00e1ria.\" \/>\n<meta name=\"robots\" content=\"index, follow, max-snippet:-1, max-image-preview:large, max-video-preview:-1\" \/>\n<link rel=\"canonical\" href=\"https:\/\/www.ayadvogados.com.br\/?p=2874\" \/>\n<meta property=\"og:locale\" content=\"pt_BR\" \/>\n<meta property=\"og:type\" content=\"article\" \/>\n<meta property=\"og:title\" content=\"Reforma tribut\u00e1ria necess\u00e1ria\" \/>\n<meta property=\"og:description\" content=\"Reforma tribut\u00e1ria necess\u00e1ria, urgente e perigosa. Tema relevant\u00edssimo para a sociedade brasileira, a Reforma Tribut\u00e1ria.\" \/>\n<meta property=\"og:url\" content=\"https:\/\/www.ayadvogados.com.br\/?p=2874\" \/>\n<meta property=\"og:site_name\" content=\"Amaral, Yazbek Advogados\" \/>\n<meta property=\"article:publisher\" content=\"https:\/\/www.facebook.com\/AYadvogados\" \/>\n<meta property=\"article:published_time\" content=\"2023-09-12T15:47:01+00:00\" \/>\n<meta property=\"article:modified_time\" content=\"2023-09-12T15:52:27+00:00\" \/>\n<meta property=\"og:image\" content=\"https:\/\/www.ayadvogados.com.br\/wp-content\/uploads\/2023\/09\/Prancheta-3-copiar-6.png\" \/>\n\t<meta property=\"og:image:width\" content=\"1920\" \/>\n\t<meta property=\"og:image:height\" content=\"1080\" \/>\n\t<meta property=\"og:image:type\" content=\"image\/png\" \/>\n<meta name=\"author\" content=\"AY Advogados\" \/>\n<meta name=\"twitter:card\" content=\"summary_large_image\" \/>\n<meta name=\"twitter:label1\" content=\"Escrito por\" \/>\n\t<meta name=\"twitter:data1\" content=\"AY Advogados\" \/>\n\t<meta name=\"twitter:label2\" content=\"Est. tempo de leitura\" \/>\n\t<meta name=\"twitter:data2\" content=\"5 minutos\" \/>\n<script type=\"application\/ld+json\" class=\"yoast-schema-graph\">{\"@context\":\"https:\\\/\\\/schema.org\",\"@graph\":[{\"@type\":\"Article\",\"@id\":\"https:\\\/\\\/www.ayadvogados.com.br\\\/?p=2874#article\",\"isPartOf\":{\"@id\":\"https:\\\/\\\/www.ayadvogados.com.br\\\/?p=2874\"},\"author\":{\"name\":\"AY Advogados\",\"@id\":\"https:\\\/\\\/www.ayadvogados.com.br\\\/#\\\/schema\\\/person\\\/4abfbf03ad3e577e691d333af064a912\"},\"headline\":\"Reforma tribut\u00e1ria necess\u00e1ria, urgente e perigosa\",\"datePublished\":\"2023-09-12T15:47:01+00:00\",\"dateModified\":\"2023-09-12T15:52:27+00:00\",\"mainEntityOfPage\":{\"@id\":\"https:\\\/\\\/www.ayadvogados.com.br\\\/?p=2874\"},\"wordCount\":875,\"commentCount\":0,\"publisher\":{\"@id\":\"https:\\\/\\\/www.ayadvogados.com.br\\\/#organization\"},\"image\":{\"@id\":\"https:\\\/\\\/www.ayadvogados.com.br\\\/?p=2874#primaryimage\"},\"thumbnailUrl\":\"https:\\\/\\\/www.ayadvogados.com.br\\\/wp-content\\\/uploads\\\/2023\\\/09\\\/Prancheta-3-copiar-6.png\",\"keywords\":[\"amaral yazbek\",\"empresas\",\"neg\u00f3cios\",\"Reforma Tribut\u00e1ria\"],\"articleSection\":[\"Artigos da Equipe\",\"Not\u00edcia do Dia\"],\"inLanguage\":\"pt-BR\",\"potentialAction\":[{\"@type\":\"CommentAction\",\"name\":\"Comment\",\"target\":[\"https:\\\/\\\/www.ayadvogados.com.br\\\/?p=2874#respond\"]}]},{\"@type\":\"WebPage\",\"@id\":\"https:\\\/\\\/www.ayadvogados.com.br\\\/?p=2874\",\"url\":\"https:\\\/\\\/www.ayadvogados.com.br\\\/?p=2874\",\"name\":\"Reforma tribut\u00e1ria necess\u00e1ria\",\"isPartOf\":{\"@id\":\"https:\\\/\\\/www.ayadvogados.com.br\\\/#website\"},\"primaryImageOfPage\":{\"@id\":\"https:\\\/\\\/www.ayadvogados.com.br\\\/?p=2874#primaryimage\"},\"image\":{\"@id\":\"https:\\\/\\\/www.ayadvogados.com.br\\\/?p=2874#primaryimage\"},\"thumbnailUrl\":\"https:\\\/\\\/www.ayadvogados.com.br\\\/wp-content\\\/uploads\\\/2023\\\/09\\\/Prancheta-3-copiar-6.png\",\"datePublished\":\"2023-09-12T15:47:01+00:00\",\"dateModified\":\"2023-09-12T15:52:27+00:00\",\"description\":\"Reforma tribut\u00e1ria necess\u00e1ria, urgente e perigosa. Tema relevant\u00edssimo para a sociedade brasileira, a Reforma Tribut\u00e1ria.\",\"breadcrumb\":{\"@id\":\"https:\\\/\\\/www.ayadvogados.com.br\\\/?p=2874#breadcrumb\"},\"inLanguage\":\"pt-BR\",\"potentialAction\":[{\"@type\":\"ReadAction\",\"target\":[\"https:\\\/\\\/www.ayadvogados.com.br\\\/?p=2874\"]}]},{\"@type\":\"ImageObject\",\"inLanguage\":\"pt-BR\",\"@id\":\"https:\\\/\\\/www.ayadvogados.com.br\\\/?p=2874#primaryimage\",\"url\":\"https:\\\/\\\/www.ayadvogados.com.br\\\/wp-content\\\/uploads\\\/2023\\\/09\\\/Prancheta-3-copiar-6.png\",\"contentUrl\":\"https:\\\/\\\/www.ayadvogados.com.br\\\/wp-content\\\/uploads\\\/2023\\\/09\\\/Prancheta-3-copiar-6.png\",\"width\":1920,\"height\":1080,\"caption\":\"Reforma tribut\u00e1ria necess\u00e1ria\"},{\"@type\":\"BreadcrumbList\",\"@id\":\"https:\\\/\\\/www.ayadvogados.com.br\\\/?p=2874#breadcrumb\",\"itemListElement\":[{\"@type\":\"ListItem\",\"position\":1,\"name\":\"In\u00edcio\",\"item\":\"https:\\\/\\\/www.ayadvogados.com.br\\\/\"},{\"@type\":\"ListItem\",\"position\":2,\"name\":\"Reforma tribut\u00e1ria necess\u00e1ria, urgente e perigosa\"}]},{\"@type\":\"WebSite\",\"@id\":\"https:\\\/\\\/www.ayadvogados.com.br\\\/#website\",\"url\":\"https:\\\/\\\/www.ayadvogados.com.br\\\/\",\"name\":\"Amaral, Yazbek Advogados\",\"description\":\"Curitiba \u2022 Bras\u00edlia \u2022 S\u00e3o Paulo\",\"publisher\":{\"@id\":\"https:\\\/\\\/www.ayadvogados.com.br\\\/#organization\"},\"potentialAction\":[{\"@type\":\"SearchAction\",\"target\":{\"@type\":\"EntryPoint\",\"urlTemplate\":\"https:\\\/\\\/www.ayadvogados.com.br\\\/?s={search_term_string}\"},\"query-input\":{\"@type\":\"PropertyValueSpecification\",\"valueRequired\":true,\"valueName\":\"search_term_string\"}}],\"inLanguage\":\"pt-BR\"},{\"@type\":\"Organization\",\"@id\":\"https:\\\/\\\/www.ayadvogados.com.br\\\/#organization\",\"name\":\"Amaral, Yazbek Advogados\",\"url\":\"https:\\\/\\\/www.ayadvogados.com.br\\\/\",\"logo\":{\"@type\":\"ImageObject\",\"inLanguage\":\"pt-BR\",\"@id\":\"https:\\\/\\\/www.ayadvogados.com.br\\\/#\\\/schema\\\/logo\\\/image\\\/\",\"url\":\"http:\\\/\\\/34.239.117.254\\\/wp-content\\\/uploads\\\/2021\\\/03\\\/logo-ay-g.png\",\"contentUrl\":\"http:\\\/\\\/34.239.117.254\\\/wp-content\\\/uploads\\\/2021\\\/03\\\/logo-ay-g.png\",\"width\":434,\"height\":106,\"caption\":\"Amaral, Yazbek Advogados\"},\"image\":{\"@id\":\"https:\\\/\\\/www.ayadvogados.com.br\\\/#\\\/schema\\\/logo\\\/image\\\/\"},\"sameAs\":[\"https:\\\/\\\/www.facebook.com\\\/AYadvogados\",\"https:\\\/\\\/www.instagram.com\\\/ayadvogados\\\/\"]},{\"@type\":\"Person\",\"@id\":\"https:\\\/\\\/www.ayadvogados.com.br\\\/#\\\/schema\\\/person\\\/4abfbf03ad3e577e691d333af064a912\",\"name\":\"AY Advogados\",\"image\":{\"@type\":\"ImageObject\",\"inLanguage\":\"pt-BR\",\"@id\":\"https:\\\/\\\/secure.gravatar.com\\\/avatar\\\/1473912b851241f5503026e6156e144dcd83ff7addb67f65e1ed9ca21ee1d9cf?s=96&d=mm&r=g\",\"url\":\"https:\\\/\\\/secure.gravatar.com\\\/avatar\\\/1473912b851241f5503026e6156e144dcd83ff7addb67f65e1ed9ca21ee1d9cf?s=96&d=mm&r=g\",\"contentUrl\":\"https:\\\/\\\/secure.gravatar.com\\\/avatar\\\/1473912b851241f5503026e6156e144dcd83ff7addb67f65e1ed9ca21ee1d9cf?s=96&d=mm&r=g\",\"caption\":\"AY Advogados\"},\"sameAs\":[\"https:\\\/\\\/ayadvogados.com.br\"],\"url\":\"https:\\\/\\\/www.ayadvogados.com.br\\\/?author=2\"}]}<\/script>\n<!-- \/ Yoast SEO plugin. -->","yoast_head_json":{"title":"Reforma tribut\u00e1ria necess\u00e1ria","description":"Reforma tribut\u00e1ria necess\u00e1ria, urgente e perigosa. Tema relevant\u00edssimo para a sociedade brasileira, a Reforma Tribut\u00e1ria.","robots":{"index":"index","follow":"follow","max-snippet":"max-snippet:-1","max-image-preview":"max-image-preview:large","max-video-preview":"max-video-preview:-1"},"canonical":"https:\/\/www.ayadvogados.com.br\/?p=2874","og_locale":"pt_BR","og_type":"article","og_title":"Reforma tribut\u00e1ria necess\u00e1ria","og_description":"Reforma tribut\u00e1ria necess\u00e1ria, urgente e perigosa. Tema relevant\u00edssimo para a sociedade brasileira, a Reforma Tribut\u00e1ria.","og_url":"https:\/\/www.ayadvogados.com.br\/?p=2874","og_site_name":"Amaral, Yazbek Advogados","article_publisher":"https:\/\/www.facebook.com\/AYadvogados","article_published_time":"2023-09-12T15:47:01+00:00","article_modified_time":"2023-09-12T15:52:27+00:00","og_image":[{"width":1920,"height":1080,"url":"https:\/\/www.ayadvogados.com.br\/wp-content\/uploads\/2023\/09\/Prancheta-3-copiar-6.png","type":"image\/png"}],"author":"AY Advogados","twitter_card":"summary_large_image","twitter_misc":{"Escrito por":"AY Advogados","Est. tempo de leitura":"5 minutos"},"schema":{"@context":"https:\/\/schema.org","@graph":[{"@type":"Article","@id":"https:\/\/www.ayadvogados.com.br\/?p=2874#article","isPartOf":{"@id":"https:\/\/www.ayadvogados.com.br\/?p=2874"},"author":{"name":"AY Advogados","@id":"https:\/\/www.ayadvogados.com.br\/#\/schema\/person\/4abfbf03ad3e577e691d333af064a912"},"headline":"Reforma tribut\u00e1ria necess\u00e1ria, urgente e perigosa","datePublished":"2023-09-12T15:47:01+00:00","dateModified":"2023-09-12T15:52:27+00:00","mainEntityOfPage":{"@id":"https:\/\/www.ayadvogados.com.br\/?p=2874"},"wordCount":875,"commentCount":0,"publisher":{"@id":"https:\/\/www.ayadvogados.com.br\/#organization"},"image":{"@id":"https:\/\/www.ayadvogados.com.br\/?p=2874#primaryimage"},"thumbnailUrl":"https:\/\/www.ayadvogados.com.br\/wp-content\/uploads\/2023\/09\/Prancheta-3-copiar-6.png","keywords":["amaral yazbek","empresas","neg\u00f3cios","Reforma Tribut\u00e1ria"],"articleSection":["Artigos da Equipe","Not\u00edcia do Dia"],"inLanguage":"pt-BR","potentialAction":[{"@type":"CommentAction","name":"Comment","target":["https:\/\/www.ayadvogados.com.br\/?p=2874#respond"]}]},{"@type":"WebPage","@id":"https:\/\/www.ayadvogados.com.br\/?p=2874","url":"https:\/\/www.ayadvogados.com.br\/?p=2874","name":"Reforma tribut\u00e1ria necess\u00e1ria","isPartOf":{"@id":"https:\/\/www.ayadvogados.com.br\/#website"},"primaryImageOfPage":{"@id":"https:\/\/www.ayadvogados.com.br\/?p=2874#primaryimage"},"image":{"@id":"https:\/\/www.ayadvogados.com.br\/?p=2874#primaryimage"},"thumbnailUrl":"https:\/\/www.ayadvogados.com.br\/wp-content\/uploads\/2023\/09\/Prancheta-3-copiar-6.png","datePublished":"2023-09-12T15:47:01+00:00","dateModified":"2023-09-12T15:52:27+00:00","description":"Reforma tribut\u00e1ria necess\u00e1ria, urgente e perigosa. Tema relevant\u00edssimo para a sociedade brasileira, a Reforma Tribut\u00e1ria.","breadcrumb":{"@id":"https:\/\/www.ayadvogados.com.br\/?p=2874#breadcrumb"},"inLanguage":"pt-BR","potentialAction":[{"@type":"ReadAction","target":["https:\/\/www.ayadvogados.com.br\/?p=2874"]}]},{"@type":"ImageObject","inLanguage":"pt-BR","@id":"https:\/\/www.ayadvogados.com.br\/?p=2874#primaryimage","url":"https:\/\/www.ayadvogados.com.br\/wp-content\/uploads\/2023\/09\/Prancheta-3-copiar-6.png","contentUrl":"https:\/\/www.ayadvogados.com.br\/wp-content\/uploads\/2023\/09\/Prancheta-3-copiar-6.png","width":1920,"height":1080,"caption":"Reforma tribut\u00e1ria necess\u00e1ria"},{"@type":"BreadcrumbList","@id":"https:\/\/www.ayadvogados.com.br\/?p=2874#breadcrumb","itemListElement":[{"@type":"ListItem","position":1,"name":"In\u00edcio","item":"https:\/\/www.ayadvogados.com.br\/"},{"@type":"ListItem","position":2,"name":"Reforma tribut\u00e1ria necess\u00e1ria, urgente e perigosa"}]},{"@type":"WebSite","@id":"https:\/\/www.ayadvogados.com.br\/#website","url":"https:\/\/www.ayadvogados.com.br\/","name":"Amaral, Yazbek Advogados","description":"Curitiba \u2022 Bras\u00edlia \u2022 S\u00e3o Paulo","publisher":{"@id":"https:\/\/www.ayadvogados.com.br\/#organization"},"potentialAction":[{"@type":"SearchAction","target":{"@type":"EntryPoint","urlTemplate":"https:\/\/www.ayadvogados.com.br\/?s={search_term_string}"},"query-input":{"@type":"PropertyValueSpecification","valueRequired":true,"valueName":"search_term_string"}}],"inLanguage":"pt-BR"},{"@type":"Organization","@id":"https:\/\/www.ayadvogados.com.br\/#organization","name":"Amaral, Yazbek Advogados","url":"https:\/\/www.ayadvogados.com.br\/","logo":{"@type":"ImageObject","inLanguage":"pt-BR","@id":"https:\/\/www.ayadvogados.com.br\/#\/schema\/logo\/image\/","url":"http:\/\/34.239.117.254\/wp-content\/uploads\/2021\/03\/logo-ay-g.png","contentUrl":"http:\/\/34.239.117.254\/wp-content\/uploads\/2021\/03\/logo-ay-g.png","width":434,"height":106,"caption":"Amaral, Yazbek Advogados"},"image":{"@id":"https:\/\/www.ayadvogados.com.br\/#\/schema\/logo\/image\/"},"sameAs":["https:\/\/www.facebook.com\/AYadvogados","https:\/\/www.instagram.com\/ayadvogados\/"]},{"@type":"Person","@id":"https:\/\/www.ayadvogados.com.br\/#\/schema\/person\/4abfbf03ad3e577e691d333af064a912","name":"AY Advogados","image":{"@type":"ImageObject","inLanguage":"pt-BR","@id":"https:\/\/secure.gravatar.com\/avatar\/1473912b851241f5503026e6156e144dcd83ff7addb67f65e1ed9ca21ee1d9cf?s=96&d=mm&r=g","url":"https:\/\/secure.gravatar.com\/avatar\/1473912b851241f5503026e6156e144dcd83ff7addb67f65e1ed9ca21ee1d9cf?s=96&d=mm&r=g","contentUrl":"https:\/\/secure.gravatar.com\/avatar\/1473912b851241f5503026e6156e144dcd83ff7addb67f65e1ed9ca21ee1d9cf?s=96&d=mm&r=g","caption":"AY Advogados"},"sameAs":["https:\/\/ayadvogados.com.br"],"url":"https:\/\/www.ayadvogados.com.br\/?author=2"}]}},"rttpg_featured_image_url":{"full":["https:\/\/www.ayadvogados.com.br\/wp-content\/uploads\/2023\/09\/Prancheta-3-copiar-6.png",1920,1080,false],"landscape":["https:\/\/www.ayadvogados.com.br\/wp-content\/uploads\/2023\/09\/Prancheta-3-copiar-6.png",1920,1080,false],"portraits":["https:\/\/www.ayadvogados.com.br\/wp-content\/uploads\/2023\/09\/Prancheta-3-copiar-6.png",1920,1080,false],"thumbnail":["https:\/\/www.ayadvogados.com.br\/wp-content\/uploads\/2023\/09\/Prancheta-3-copiar-6-150x150.png",150,150,true],"medium":["https:\/\/www.ayadvogados.com.br\/wp-content\/uploads\/2023\/09\/Prancheta-3-copiar-6-300x169.png",300,169,true],"large":["https:\/\/www.ayadvogados.com.br\/wp-content\/uploads\/2023\/09\/Prancheta-3-copiar-6-1024x576.png",1024,576,true],"1536x1536":["https:\/\/www.ayadvogados.com.br\/wp-content\/uploads\/2023\/09\/Prancheta-3-copiar-6-1536x864.png",1536,864,true],"2048x2048":["https:\/\/www.ayadvogados.com.br\/wp-content\/uploads\/2023\/09\/Prancheta-3-copiar-6.png",1920,1080,false]},"rttpg_author":{"display_name":"AY Advogados","author_link":"https:\/\/www.ayadvogados.com.br\/?author=2"},"rttpg_comment":0,"rttpg_category":"<a href=\"https:\/\/www.ayadvogados.com.br\/?cat=4\" rel=\"category\">Artigos da Equipe<\/a> <a href=\"https:\/\/www.ayadvogados.com.br\/?cat=1\" rel=\"category\">Not\u00edcia do Dia<\/a>","rttpg_excerpt":"Reforma tribut\u00e1ria necess\u00e1ria, urgente e perigosa Tema relevant\u00edssimo para a sociedade brasileira, a Reforma Tribut\u00e1ria \u00e9 imprescind\u00edvel para a moderniza\u00e7\u00e3o do pa\u00eds. As discuss\u00f5es s\u00e3o tempestivas em termos pol\u00edticos, econ\u00f4micos e sociais, cabendo ao Senado Federal fazer as adequa\u00e7\u00f5es necess\u00e1rias ao projeto aprovado na C\u00e2mara. \u00c9 not\u00f3rio que o nosso Sistema Tribut\u00e1rio \u00e9 complexo e&hellip;","_links":{"self":[{"href":"https:\/\/www.ayadvogados.com.br\/index.php?rest_route=\/wp\/v2\/posts\/2874","targetHints":{"allow":["GET"]}}],"collection":[{"href":"https:\/\/www.ayadvogados.com.br\/index.php?rest_route=\/wp\/v2\/posts"}],"about":[{"href":"https:\/\/www.ayadvogados.com.br\/index.php?rest_route=\/wp\/v2\/types\/post"}],"author":[{"embeddable":true,"href":"https:\/\/www.ayadvogados.com.br\/index.php?rest_route=\/wp\/v2\/users\/2"}],"replies":[{"embeddable":true,"href":"https:\/\/www.ayadvogados.com.br\/index.php?rest_route=%2Fwp%2Fv2%2Fcomments&post=2874"}],"version-history":[{"count":2,"href":"https:\/\/www.ayadvogados.com.br\/index.php?rest_route=\/wp\/v2\/posts\/2874\/revisions"}],"predecessor-version":[{"id":2878,"href":"https:\/\/www.ayadvogados.com.br\/index.php?rest_route=\/wp\/v2\/posts\/2874\/revisions\/2878"}],"wp:featuredmedia":[{"embeddable":true,"href":"https:\/\/www.ayadvogados.com.br\/index.php?rest_route=\/wp\/v2\/media\/2877"}],"wp:attachment":[{"href":"https:\/\/www.ayadvogados.com.br\/index.php?rest_route=%2Fwp%2Fv2%2Fmedia&parent=2874"}],"wp:term":[{"taxonomy":"category","embeddable":true,"href":"https:\/\/www.ayadvogados.com.br\/index.php?rest_route=%2Fwp%2Fv2%2Fcategories&post=2874"},{"taxonomy":"post_tag","embeddable":true,"href":"https:\/\/www.ayadvogados.com.br\/index.php?rest_route=%2Fwp%2Fv2%2Ftags&post=2874"}],"curies":[{"name":"wp","href":"https:\/\/api.w.org\/{rel}","templated":true}]}}