{"id":2774,"date":"2023-08-07T15:22:01","date_gmt":"2023-08-07T18:22:01","guid":{"rendered":"http:\/\/34.239.117.254\/?p=2774"},"modified":"2023-08-08T09:28:05","modified_gmt":"2023-08-08T12:28:05","slug":"nota-a-imprensa","status":"publish","type":"post","link":"https:\/\/www.ayadvogados.com.br\/?p=2774","title":{"rendered":"Nota \u00e0 Imprensa"},"content":{"rendered":"\n<p>Nota \u00e0 Imprensa: Manifesto contra os Vetos Presidenciais ao Projeto de Lei Complementar 178 de 2021 &#8211; Estatuto Nacional de Simplifica\u00e7\u00e3o de Obriga\u00e7\u00f5es Tribut\u00e1rias Acess\u00f3rias, que resultou na Lei Complementar 199 de 01\/08\/2023<\/p>\n\n\n\n<p>O Instituto Brasileiro de Planejamento e Tributa\u00e7\u00e3o (IBPT), entidade de estudos e pesquisas tribut\u00e1rias, com 31 anos de atividades, vem a p\u00fablico manifestar sua preocupa\u00e7\u00e3o quanto aos vetos presidenciais ao Projeto de Lei Complementar 178 de 2021, que culminou na promulga\u00e7\u00e3o da Lei Complementar 199 de 01\/08\/2023. Cumpre ressaltar a relev\u00e2ncia da mat\u00e9ria, cujo texto original traz significativos avan\u00e7os para a simplifica\u00e7\u00e3o e otimiza\u00e7\u00e3o do sistema tribut\u00e1rio brasileiro.<\/p>\n\n\n\n<p>O Projeto de Lei Complementar 178 de 2021, que institu\u00eda a Nota Fiscal Brasil Eletr\u00f4nica (NFB-e) e a Declara\u00e7\u00e3o Fiscal Digital Brasil (DFDB), representava uma iniciativa concreta para a unifica\u00e7\u00e3o das obriga\u00e7\u00f5es acess\u00f3rias. Ao criar um \u00fanico modelo de nota fiscal, o projeto buscava promover a efici\u00eancia, reduzir a burocracia e fomentar a transpar\u00eancia nas transa\u00e7\u00f5es comerciais. A NFB-e e a DFDB possibilitariam uma maior integra\u00e7\u00e3o entre os \u00f3rg\u00e3os de fiscaliza\u00e7\u00e3o e, consequentemente, um aumento da efic\u00e1cia na arrecada\u00e7\u00e3o de tributos, sem prejudicar a atividade empresarial.Al\u00e9m disso, no contexto da Reforma Tribut\u00e1ria prevista na Proposta de Emenda Constitucional 145-A, que visa a cria\u00e7\u00e3o do Imposto sobre Bens e Servi\u00e7os (IBS), a ado\u00e7\u00e3o da NFB-e e da DFDB seria crucial. Com um \u00fanico modelo de nota fiscal, os empres\u00e1rios e contribuintes teriam uma redu\u00e7\u00e3o significativa nas obriga\u00e7\u00f5es acess\u00f3rias, o que implicaria em uma gest\u00e3o tribut\u00e1ria mais simples e menos onerosa. <\/p>\n\n\n\n<p>A consolida\u00e7\u00e3o dessas obriga\u00e7\u00f5es em um sistema digital moderno traria maior seguran\u00e7a jur\u00eddica e facilitaria o cumprimento das obriga\u00e7\u00f5es tribut\u00e1rias.Entretanto, lamentavelmente, esses avan\u00e7os foram frustrados pelos vetos presidenciais ao projeto que teve amplo debate pela sociedade.  Em especial, o veto aos dispositivos que previam maior participa\u00e7\u00e3o da sociedade civil e das entidades representativas na discuss\u00e3o sobre a unifica\u00e7\u00e3o das obriga\u00e7\u00f5es acess\u00f3rias. \u00c9 importante ressaltar que o IBPT, em seu estudo anual sobre a Quantidade de Normas Editadas desde a Constitui\u00e7\u00e3o Federal de 1988, demonstrou que as empresas gastaram R$ 207 bilh\u00f5es em 2022, equivalente a 1,5% do seu faturamento, para se adequar \u00e0s milhares de normas tribut\u00e1rias em \u00e2mbito federal, estadual e municipal. <\/p>\n\n\n\n<p>O texto inicial do Projeto de Lei Complementar 178 de 2021 trazia a esperan\u00e7a de simplifica\u00e7\u00e3o e redu\u00e7\u00e3o desses custos, mas foi desfigurado em seus objetivos pelos vetos presidenciais. Nesse contexto, o IBPT insta o Congresso Nacional a restabelecer o conte\u00fado original do Projeto de Lei Complementar, derrubando os vetos presidenciais. Acreditamos que a participa\u00e7\u00e3o democr\u00e1tica e o di\u00e1logo com a sociedade s\u00e3o fundamentais para a constru\u00e7\u00e3o de uma legisla\u00e7\u00e3o tribut\u00e1ria justa, clara e condizente com as necessidades do pa\u00eds. O momento exige a\u00e7\u00f5es concretas para desburocratizar o sistema tribut\u00e1rio, estimular o crescimento econ\u00f4mico e proporcionar um ambiente mais favor\u00e1vel aos neg\u00f3cios.<\/p>\n\n\n\n<p>O IBPT reitera seu compromisso em contribuir para o debate em prol da melhoria do sistema tribut\u00e1rio brasileiro, e permanece \u00e0 disposi\u00e7\u00e3o para colaborar com as autoridades competentes na busca por solu\u00e7\u00f5es que beneficiem o pa\u00eds como um todo.Curitiba, 07 de agosto de 2023.<\/p>\n\n\n\n<p>Gilberto Luiz do Amaral \u2013 Presidente do Conselho Superior do IBPT e s\u00f3cio fundador da Amaral Yazbek AdvogadosJo\u00e3o Eloi Olenike \u2013 Presidente Executivo do IBPTLet\u00edcia Mary Fernandes do Amaral \u2013 Vice-Presidente do IBPT<\/p>\n\n\n\n<hr class=\"wp-block-separator has-text-color has-palette-color-1-color has-css-opacity has-palette-color-1-background-color has-background is-style-dots\"\/>\n\n\n\n<div class=\"wp-block-group has-palette-color-6-background-color has-background is-layout-flow wp-block-group-is-layout-flow\">\n<p style=\"font-size:0.8em\">A Amaral,\u00a0Yazbek, OAB\/PR 762, possui 36 anos de experi\u00eancia auxiliando empresas a transformar a tributa\u00e7\u00e3o em lucro. Entre em contato com um dos s\u00f3cios para agendamento de reuni\u00e3o em caso de d\u00favidas.\u00a0\u00a0\u00a0<\/p>\n\n\n\n<p style=\"font-size:0.8em\">Contato: 41 3595-8300 ou pelo nosso WhatsApp 41 99567-5696\u00a0\u00a0\u00a0<\/p>\n\n\n\n<p style=\"font-size:0.8em\">Av. C\u00e2ndido Hartmann, 50 \u2013\u00a0Bigorrilho\u00a0| Curitiba-PR\u00a0\u00a0\u00a0<\/p>\n\n\n\n<p style=\"font-size:0.8em\">Assine nossa <a href=\"http:\/\/ayadvogados.com.br\/contato\/\">Newsletter<\/a> e fique por dentro das novidades!\u00a0\u00a0\u00a0<\/p>\n\n\n\n<p style=\"font-size:0.8em\">Quer receber seu exemplar da revista Governan\u00e7a Jur\u00eddica? <a href=\"http:\/\/ayadvogados.com.br\/revista\/\" data-type=\"page\" data-id=\"68\">Clique\u00a0aqui\u00a0e pe\u00e7a a sua<\/a>.\u00a0\u00a0\u00a0<\/p>\n\n\n\n<p style=\"font-size:0.8em\">Nos acompanhe nas redes sociais:\u00a0<a href=\"https:\/\/www.facebook.com\/AYadvogados\">Facebook<\/a>\u00a0|\u00a0<a href=\"https:\/\/www.instagram.com\/ayadvogados\/\">Instagram<\/a>\u00a0|\u00a0<a href=\"https:\/\/www.linkedin.com\/company\/amaral-yazbek-advogados\">Linkedin<\/a>\u00a0<\/p>\n\n\n\n<p style=\"font-size:0.8em\">J\u00e1 conhece o canal Direito da Intelig\u00eancia de Neg\u00f3cios?\u00a0<a href=\"https:\/\/www.youtube.com\/channel\/UCu2Mpu32ht8DEN8OFRXYMyw\">Inscreva-se j\u00e1<\/a><\/p>\n<\/div>\n","protected":false},"excerpt":{"rendered":"<p>Nota \u00e0 Imprensa: Manifesto contra os Vetos Presidenciais ao Projeto de Lei Complementar 178 de 2021 &#8211; Estatuto Nacional de Simplifica\u00e7\u00e3o de Obriga\u00e7\u00f5es Tribut\u00e1rias Acess\u00f3rias, que resultou na Lei Complementar 199 de 01\/08\/2023 O Instituto Brasileiro de Planejamento e Tributa\u00e7\u00e3o (IBPT), entidade de estudos e pesquisas tribut\u00e1rias, com 31 anos de atividades, vem a p\u00fablico [&hellip;]<\/p>\n","protected":false},"author":2,"featured_media":2796,"comment_status":"open","ping_status":"open","sticky":false,"template":"","format":"standard","meta":{"footnotes":""},"categories":[1],"tags":[99,98,100,101],"class_list":["post-2774","post","type-post","status-publish","format-standard","has-post-thumbnail","hentry","category-noticia-do-dia","tag-estatuto-nacional-de-simplificacao-de-obrigacoes-tributarias-acessorias","tag-sancionado-com-vetos-simplificacao","tag-simplificacao","tag-veto"],"blocksy_meta":{"styles_descriptor":{"styles":{"desktop":"","tablet":"","mobile":""},"google_fonts":[],"version":6}},"yoast_head":"<!-- This site is optimized with the Yoast SEO plugin v27.5 - https:\/\/yoast.com\/product\/yoast-seo-wordpress\/ -->\n<title>Nota \u00e0 Imprensa<\/title>\n<meta name=\"description\" content=\"Nota \u00e0 Imprensa: Manifesto contra os Vetos Presidenciais ao Projeto de Lei Complementar 178 de 2021 - Estatuto Nacional de Simplifica\u00e7\u00e3o\" \/>\n<meta name=\"robots\" content=\"index, follow, max-snippet:-1, max-image-preview:large, max-video-preview:-1\" \/>\n<link rel=\"canonical\" href=\"https:\/\/www.ayadvogados.com.br\/?p=2774\" \/>\n<meta property=\"og:locale\" content=\"pt_BR\" \/>\n<meta property=\"og:type\" content=\"article\" \/>\n<meta property=\"og:title\" content=\"Nota \u00e0 Imprensa\" \/>\n<meta property=\"og:description\" content=\"Nota \u00e0 Imprensa: Manifesto contra os Vetos Presidenciais ao Projeto de Lei Complementar 178 de 2021 - Estatuto Nacional de Simplifica\u00e7\u00e3o\" \/>\n<meta property=\"og:url\" content=\"https:\/\/www.ayadvogados.com.br\/?p=2774\" \/>\n<meta property=\"og:site_name\" content=\"Amaral, Yazbek Advogados\" \/>\n<meta property=\"article:publisher\" content=\"https:\/\/www.facebook.com\/AYadvogados\" \/>\n<meta property=\"article:published_time\" content=\"2023-08-07T18:22:01+00:00\" \/>\n<meta property=\"article:modified_time\" content=\"2023-08-08T12:28:05+00:00\" \/>\n<meta property=\"og:image\" content=\"https:\/\/www.ayadvogados.com.br\/wp-content\/uploads\/2023\/08\/Prancheta-3-copiar-6@1x_1.png\" \/>\n\t<meta property=\"og:image:width\" content=\"1920\" \/>\n\t<meta property=\"og:image:height\" content=\"1080\" \/>\n\t<meta property=\"og:image:type\" content=\"image\/png\" \/>\n<meta name=\"author\" content=\"AY Advogados\" \/>\n<meta name=\"twitter:card\" content=\"summary_large_image\" \/>\n<meta name=\"twitter:label1\" content=\"Escrito por\" \/>\n\t<meta name=\"twitter:data1\" content=\"AY Advogados\" \/>\n\t<meta name=\"twitter:label2\" content=\"Est. tempo de leitura\" \/>\n\t<meta name=\"twitter:data2\" content=\"3 minutos\" \/>\n<script type=\"application\/ld+json\" class=\"yoast-schema-graph\">{\"@context\":\"https:\\\/\\\/schema.org\",\"@graph\":[{\"@type\":\"Article\",\"@id\":\"https:\\\/\\\/www.ayadvogados.com.br\\\/?p=2774#article\",\"isPartOf\":{\"@id\":\"https:\\\/\\\/www.ayadvogados.com.br\\\/?p=2774\"},\"author\":{\"name\":\"AY Advogados\",\"@id\":\"https:\\\/\\\/www.ayadvogados.com.br\\\/#\\\/schema\\\/person\\\/4abfbf03ad3e577e691d333af064a912\"},\"headline\":\"Nota \u00e0 Imprensa\",\"datePublished\":\"2023-08-07T18:22:01+00:00\",\"dateModified\":\"2023-08-08T12:28:05+00:00\",\"mainEntityOfPage\":{\"@id\":\"https:\\\/\\\/www.ayadvogados.com.br\\\/?p=2774\"},\"wordCount\":601,\"commentCount\":0,\"publisher\":{\"@id\":\"https:\\\/\\\/www.ayadvogados.com.br\\\/#organization\"},\"image\":{\"@id\":\"https:\\\/\\\/www.ayadvogados.com.br\\\/?p=2774#primaryimage\"},\"thumbnailUrl\":\"https:\\\/\\\/www.ayadvogados.com.br\\\/wp-content\\\/uploads\\\/2023\\\/08\\\/Prancheta-3-copiar-6@1x_1.png\",\"keywords\":[\"Estatuto Nacional de Simplifica\u00e7\u00e3o de Obriga\u00e7\u00f5es Tribut\u00e1rias Acess\u00f3rias\",\"Sancionado com vetos Simplifica\u00e7\u00e3o\",\"Simplifica\u00e7\u00e3o\",\"veto\"],\"articleSection\":[\"Not\u00edcia do Dia\"],\"inLanguage\":\"pt-BR\",\"potentialAction\":[{\"@type\":\"CommentAction\",\"name\":\"Comment\",\"target\":[\"https:\\\/\\\/www.ayadvogados.com.br\\\/?p=2774#respond\"]}]},{\"@type\":\"WebPage\",\"@id\":\"https:\\\/\\\/www.ayadvogados.com.br\\\/?p=2774\",\"url\":\"https:\\\/\\\/www.ayadvogados.com.br\\\/?p=2774\",\"name\":\"Nota \u00e0 Imprensa\",\"isPartOf\":{\"@id\":\"https:\\\/\\\/www.ayadvogados.com.br\\\/#website\"},\"primaryImageOfPage\":{\"@id\":\"https:\\\/\\\/www.ayadvogados.com.br\\\/?p=2774#primaryimage\"},\"image\":{\"@id\":\"https:\\\/\\\/www.ayadvogados.com.br\\\/?p=2774#primaryimage\"},\"thumbnailUrl\":\"https:\\\/\\\/www.ayadvogados.com.br\\\/wp-content\\\/uploads\\\/2023\\\/08\\\/Prancheta-3-copiar-6@1x_1.png\",\"datePublished\":\"2023-08-07T18:22:01+00:00\",\"dateModified\":\"2023-08-08T12:28:05+00:00\",\"description\":\"Nota \u00e0 Imprensa: Manifesto contra os Vetos Presidenciais ao Projeto de Lei Complementar 178 de 2021 - Estatuto Nacional de Simplifica\u00e7\u00e3o\",\"breadcrumb\":{\"@id\":\"https:\\\/\\\/www.ayadvogados.com.br\\\/?p=2774#breadcrumb\"},\"inLanguage\":\"pt-BR\",\"potentialAction\":[{\"@type\":\"ReadAction\",\"target\":[\"https:\\\/\\\/www.ayadvogados.com.br\\\/?p=2774\"]}]},{\"@type\":\"ImageObject\",\"inLanguage\":\"pt-BR\",\"@id\":\"https:\\\/\\\/www.ayadvogados.com.br\\\/?p=2774#primaryimage\",\"url\":\"https:\\\/\\\/www.ayadvogados.com.br\\\/wp-content\\\/uploads\\\/2023\\\/08\\\/Prancheta-3-copiar-6@1x_1.png\",\"contentUrl\":\"https:\\\/\\\/www.ayadvogados.com.br\\\/wp-content\\\/uploads\\\/2023\\\/08\\\/Prancheta-3-copiar-6@1x_1.png\",\"width\":1920,\"height\":1080},{\"@type\":\"BreadcrumbList\",\"@id\":\"https:\\\/\\\/www.ayadvogados.com.br\\\/?p=2774#breadcrumb\",\"itemListElement\":[{\"@type\":\"ListItem\",\"position\":1,\"name\":\"In\u00edcio\",\"item\":\"https:\\\/\\\/www.ayadvogados.com.br\\\/\"},{\"@type\":\"ListItem\",\"position\":2,\"name\":\"Nota \u00e0 Imprensa\"}]},{\"@type\":\"WebSite\",\"@id\":\"https:\\\/\\\/www.ayadvogados.com.br\\\/#website\",\"url\":\"https:\\\/\\\/www.ayadvogados.com.br\\\/\",\"name\":\"Amaral, Yazbek Advogados\",\"description\":\"Curitiba \u2022 Bras\u00edlia \u2022 S\u00e3o Paulo\",\"publisher\":{\"@id\":\"https:\\\/\\\/www.ayadvogados.com.br\\\/#organization\"},\"potentialAction\":[{\"@type\":\"SearchAction\",\"target\":{\"@type\":\"EntryPoint\",\"urlTemplate\":\"https:\\\/\\\/www.ayadvogados.com.br\\\/?s={search_term_string}\"},\"query-input\":{\"@type\":\"PropertyValueSpecification\",\"valueRequired\":true,\"valueName\":\"search_term_string\"}}],\"inLanguage\":\"pt-BR\"},{\"@type\":\"Organization\",\"@id\":\"https:\\\/\\\/www.ayadvogados.com.br\\\/#organization\",\"name\":\"Amaral, Yazbek Advogados\",\"url\":\"https:\\\/\\\/www.ayadvogados.com.br\\\/\",\"logo\":{\"@type\":\"ImageObject\",\"inLanguage\":\"pt-BR\",\"@id\":\"https:\\\/\\\/www.ayadvogados.com.br\\\/#\\\/schema\\\/logo\\\/image\\\/\",\"url\":\"http:\\\/\\\/34.239.117.254\\\/wp-content\\\/uploads\\\/2021\\\/03\\\/logo-ay-g.png\",\"contentUrl\":\"http:\\\/\\\/34.239.117.254\\\/wp-content\\\/uploads\\\/2021\\\/03\\\/logo-ay-g.png\",\"width\":434,\"height\":106,\"caption\":\"Amaral, Yazbek Advogados\"},\"image\":{\"@id\":\"https:\\\/\\\/www.ayadvogados.com.br\\\/#\\\/schema\\\/logo\\\/image\\\/\"},\"sameAs\":[\"https:\\\/\\\/www.facebook.com\\\/AYadvogados\",\"https:\\\/\\\/www.instagram.com\\\/ayadvogados\\\/\"]},{\"@type\":\"Person\",\"@id\":\"https:\\\/\\\/www.ayadvogados.com.br\\\/#\\\/schema\\\/person\\\/4abfbf03ad3e577e691d333af064a912\",\"name\":\"AY Advogados\",\"image\":{\"@type\":\"ImageObject\",\"inLanguage\":\"pt-BR\",\"@id\":\"https:\\\/\\\/secure.gravatar.com\\\/avatar\\\/1473912b851241f5503026e6156e144dcd83ff7addb67f65e1ed9ca21ee1d9cf?s=96&d=mm&r=g\",\"url\":\"https:\\\/\\\/secure.gravatar.com\\\/avatar\\\/1473912b851241f5503026e6156e144dcd83ff7addb67f65e1ed9ca21ee1d9cf?s=96&d=mm&r=g\",\"contentUrl\":\"https:\\\/\\\/secure.gravatar.com\\\/avatar\\\/1473912b851241f5503026e6156e144dcd83ff7addb67f65e1ed9ca21ee1d9cf?s=96&d=mm&r=g\",\"caption\":\"AY Advogados\"},\"sameAs\":[\"https:\\\/\\\/ayadvogados.com.br\"],\"url\":\"https:\\\/\\\/www.ayadvogados.com.br\\\/?author=2\"}]}<\/script>\n<!-- \/ Yoast SEO plugin. -->","yoast_head_json":{"title":"Nota \u00e0 Imprensa","description":"Nota \u00e0 Imprensa: Manifesto contra os Vetos Presidenciais ao Projeto de Lei Complementar 178 de 2021 - Estatuto Nacional de Simplifica\u00e7\u00e3o","robots":{"index":"index","follow":"follow","max-snippet":"max-snippet:-1","max-image-preview":"max-image-preview:large","max-video-preview":"max-video-preview:-1"},"canonical":"https:\/\/www.ayadvogados.com.br\/?p=2774","og_locale":"pt_BR","og_type":"article","og_title":"Nota \u00e0 Imprensa","og_description":"Nota \u00e0 Imprensa: Manifesto contra os Vetos Presidenciais ao Projeto de Lei Complementar 178 de 2021 - Estatuto Nacional de Simplifica\u00e7\u00e3o","og_url":"https:\/\/www.ayadvogados.com.br\/?p=2774","og_site_name":"Amaral, Yazbek Advogados","article_publisher":"https:\/\/www.facebook.com\/AYadvogados","article_published_time":"2023-08-07T18:22:01+00:00","article_modified_time":"2023-08-08T12:28:05+00:00","og_image":[{"width":1920,"height":1080,"url":"https:\/\/www.ayadvogados.com.br\/wp-content\/uploads\/2023\/08\/Prancheta-3-copiar-6@1x_1.png","type":"image\/png"}],"author":"AY Advogados","twitter_card":"summary_large_image","twitter_misc":{"Escrito por":"AY Advogados","Est. tempo de leitura":"3 minutos"},"schema":{"@context":"https:\/\/schema.org","@graph":[{"@type":"Article","@id":"https:\/\/www.ayadvogados.com.br\/?p=2774#article","isPartOf":{"@id":"https:\/\/www.ayadvogados.com.br\/?p=2774"},"author":{"name":"AY Advogados","@id":"https:\/\/www.ayadvogados.com.br\/#\/schema\/person\/4abfbf03ad3e577e691d333af064a912"},"headline":"Nota \u00e0 Imprensa","datePublished":"2023-08-07T18:22:01+00:00","dateModified":"2023-08-08T12:28:05+00:00","mainEntityOfPage":{"@id":"https:\/\/www.ayadvogados.com.br\/?p=2774"},"wordCount":601,"commentCount":0,"publisher":{"@id":"https:\/\/www.ayadvogados.com.br\/#organization"},"image":{"@id":"https:\/\/www.ayadvogados.com.br\/?p=2774#primaryimage"},"thumbnailUrl":"https:\/\/www.ayadvogados.com.br\/wp-content\/uploads\/2023\/08\/Prancheta-3-copiar-6@1x_1.png","keywords":["Estatuto Nacional de Simplifica\u00e7\u00e3o de Obriga\u00e7\u00f5es Tribut\u00e1rias Acess\u00f3rias","Sancionado com vetos Simplifica\u00e7\u00e3o","Simplifica\u00e7\u00e3o","veto"],"articleSection":["Not\u00edcia do Dia"],"inLanguage":"pt-BR","potentialAction":[{"@type":"CommentAction","name":"Comment","target":["https:\/\/www.ayadvogados.com.br\/?p=2774#respond"]}]},{"@type":"WebPage","@id":"https:\/\/www.ayadvogados.com.br\/?p=2774","url":"https:\/\/www.ayadvogados.com.br\/?p=2774","name":"Nota \u00e0 Imprensa","isPartOf":{"@id":"https:\/\/www.ayadvogados.com.br\/#website"},"primaryImageOfPage":{"@id":"https:\/\/www.ayadvogados.com.br\/?p=2774#primaryimage"},"image":{"@id":"https:\/\/www.ayadvogados.com.br\/?p=2774#primaryimage"},"thumbnailUrl":"https:\/\/www.ayadvogados.com.br\/wp-content\/uploads\/2023\/08\/Prancheta-3-copiar-6@1x_1.png","datePublished":"2023-08-07T18:22:01+00:00","dateModified":"2023-08-08T12:28:05+00:00","description":"Nota \u00e0 Imprensa: Manifesto contra os Vetos Presidenciais ao Projeto de Lei Complementar 178 de 2021 - Estatuto Nacional de Simplifica\u00e7\u00e3o","breadcrumb":{"@id":"https:\/\/www.ayadvogados.com.br\/?p=2774#breadcrumb"},"inLanguage":"pt-BR","potentialAction":[{"@type":"ReadAction","target":["https:\/\/www.ayadvogados.com.br\/?p=2774"]}]},{"@type":"ImageObject","inLanguage":"pt-BR","@id":"https:\/\/www.ayadvogados.com.br\/?p=2774#primaryimage","url":"https:\/\/www.ayadvogados.com.br\/wp-content\/uploads\/2023\/08\/Prancheta-3-copiar-6@1x_1.png","contentUrl":"https:\/\/www.ayadvogados.com.br\/wp-content\/uploads\/2023\/08\/Prancheta-3-copiar-6@1x_1.png","width":1920,"height":1080},{"@type":"BreadcrumbList","@id":"https:\/\/www.ayadvogados.com.br\/?p=2774#breadcrumb","itemListElement":[{"@type":"ListItem","position":1,"name":"In\u00edcio","item":"https:\/\/www.ayadvogados.com.br\/"},{"@type":"ListItem","position":2,"name":"Nota \u00e0 Imprensa"}]},{"@type":"WebSite","@id":"https:\/\/www.ayadvogados.com.br\/#website","url":"https:\/\/www.ayadvogados.com.br\/","name":"Amaral, Yazbek Advogados","description":"Curitiba \u2022 Bras\u00edlia \u2022 S\u00e3o Paulo","publisher":{"@id":"https:\/\/www.ayadvogados.com.br\/#organization"},"potentialAction":[{"@type":"SearchAction","target":{"@type":"EntryPoint","urlTemplate":"https:\/\/www.ayadvogados.com.br\/?s={search_term_string}"},"query-input":{"@type":"PropertyValueSpecification","valueRequired":true,"valueName":"search_term_string"}}],"inLanguage":"pt-BR"},{"@type":"Organization","@id":"https:\/\/www.ayadvogados.com.br\/#organization","name":"Amaral, Yazbek Advogados","url":"https:\/\/www.ayadvogados.com.br\/","logo":{"@type":"ImageObject","inLanguage":"pt-BR","@id":"https:\/\/www.ayadvogados.com.br\/#\/schema\/logo\/image\/","url":"http:\/\/34.239.117.254\/wp-content\/uploads\/2021\/03\/logo-ay-g.png","contentUrl":"http:\/\/34.239.117.254\/wp-content\/uploads\/2021\/03\/logo-ay-g.png","width":434,"height":106,"caption":"Amaral, Yazbek Advogados"},"image":{"@id":"https:\/\/www.ayadvogados.com.br\/#\/schema\/logo\/image\/"},"sameAs":["https:\/\/www.facebook.com\/AYadvogados","https:\/\/www.instagram.com\/ayadvogados\/"]},{"@type":"Person","@id":"https:\/\/www.ayadvogados.com.br\/#\/schema\/person\/4abfbf03ad3e577e691d333af064a912","name":"AY Advogados","image":{"@type":"ImageObject","inLanguage":"pt-BR","@id":"https:\/\/secure.gravatar.com\/avatar\/1473912b851241f5503026e6156e144dcd83ff7addb67f65e1ed9ca21ee1d9cf?s=96&d=mm&r=g","url":"https:\/\/secure.gravatar.com\/avatar\/1473912b851241f5503026e6156e144dcd83ff7addb67f65e1ed9ca21ee1d9cf?s=96&d=mm&r=g","contentUrl":"https:\/\/secure.gravatar.com\/avatar\/1473912b851241f5503026e6156e144dcd83ff7addb67f65e1ed9ca21ee1d9cf?s=96&d=mm&r=g","caption":"AY Advogados"},"sameAs":["https:\/\/ayadvogados.com.br"],"url":"https:\/\/www.ayadvogados.com.br\/?author=2"}]}},"rttpg_featured_image_url":{"full":["https:\/\/www.ayadvogados.com.br\/wp-content\/uploads\/2023\/08\/Prancheta-3-copiar-6@1x_1.png",1920,1080,false],"landscape":["https:\/\/www.ayadvogados.com.br\/wp-content\/uploads\/2023\/08\/Prancheta-3-copiar-6@1x_1.png",1920,1080,false],"portraits":["https:\/\/www.ayadvogados.com.br\/wp-content\/uploads\/2023\/08\/Prancheta-3-copiar-6@1x_1.png",1920,1080,false],"thumbnail":["https:\/\/www.ayadvogados.com.br\/wp-content\/uploads\/2023\/08\/Prancheta-3-copiar-6@1x_1-150x150.png",150,150,true],"medium":["https:\/\/www.ayadvogados.com.br\/wp-content\/uploads\/2023\/08\/Prancheta-3-copiar-6@1x_1-300x169.png",300,169,true],"large":["https:\/\/www.ayadvogados.com.br\/wp-content\/uploads\/2023\/08\/Prancheta-3-copiar-6@1x_1-1024x576.png",1024,576,true],"1536x1536":["https:\/\/www.ayadvogados.com.br\/wp-content\/uploads\/2023\/08\/Prancheta-3-copiar-6@1x_1-1536x864.png",1536,864,true],"2048x2048":["https:\/\/www.ayadvogados.com.br\/wp-content\/uploads\/2023\/08\/Prancheta-3-copiar-6@1x_1.png",1920,1080,false]},"rttpg_author":{"display_name":"AY Advogados","author_link":"https:\/\/www.ayadvogados.com.br\/?author=2"},"rttpg_comment":0,"rttpg_category":"<a href=\"https:\/\/www.ayadvogados.com.br\/?cat=1\" rel=\"category\">Not\u00edcia do Dia<\/a>","rttpg_excerpt":"Nota \u00e0 Imprensa: Manifesto contra os Vetos Presidenciais ao Projeto de Lei Complementar 178 de 2021 &#8211; Estatuto Nacional de Simplifica\u00e7\u00e3o de Obriga\u00e7\u00f5es Tribut\u00e1rias Acess\u00f3rias, que resultou na Lei Complementar 199 de 01\/08\/2023 O Instituto Brasileiro de Planejamento e Tributa\u00e7\u00e3o (IBPT), entidade de estudos e pesquisas tribut\u00e1rias, com 31 anos de atividades, vem a p\u00fablico&hellip;","_links":{"self":[{"href":"https:\/\/www.ayadvogados.com.br\/index.php?rest_route=\/wp\/v2\/posts\/2774","targetHints":{"allow":["GET"]}}],"collection":[{"href":"https:\/\/www.ayadvogados.com.br\/index.php?rest_route=\/wp\/v2\/posts"}],"about":[{"href":"https:\/\/www.ayadvogados.com.br\/index.php?rest_route=\/wp\/v2\/types\/post"}],"author":[{"embeddable":true,"href":"https:\/\/www.ayadvogados.com.br\/index.php?rest_route=\/wp\/v2\/users\/2"}],"replies":[{"embeddable":true,"href":"https:\/\/www.ayadvogados.com.br\/index.php?rest_route=%2Fwp%2Fv2%2Fcomments&post=2774"}],"version-history":[{"count":5,"href":"https:\/\/www.ayadvogados.com.br\/index.php?rest_route=\/wp\/v2\/posts\/2774\/revisions"}],"predecessor-version":[{"id":2797,"href":"https:\/\/www.ayadvogados.com.br\/index.php?rest_route=\/wp\/v2\/posts\/2774\/revisions\/2797"}],"wp:featuredmedia":[{"embeddable":true,"href":"https:\/\/www.ayadvogados.com.br\/index.php?rest_route=\/wp\/v2\/media\/2796"}],"wp:attachment":[{"href":"https:\/\/www.ayadvogados.com.br\/index.php?rest_route=%2Fwp%2Fv2%2Fmedia&parent=2774"}],"wp:term":[{"taxonomy":"category","embeddable":true,"href":"https:\/\/www.ayadvogados.com.br\/index.php?rest_route=%2Fwp%2Fv2%2Fcategories&post=2774"},{"taxonomy":"post_tag","embeddable":true,"href":"https:\/\/www.ayadvogados.com.br\/index.php?rest_route=%2Fwp%2Fv2%2Ftags&post=2774"}],"curies":[{"name":"wp","href":"https:\/\/api.w.org\/{rel}","templated":true}]}}