{"id":2765,"date":"2023-08-03T11:06:42","date_gmt":"2023-08-03T14:06:42","guid":{"rendered":"http:\/\/34.239.117.254\/?p=2765"},"modified":"2023-08-03T12:45:22","modified_gmt":"2023-08-03T15:45:22","slug":"sancionado-com-vetos-o-estatuto-nacional-de-simplificacao","status":"publish","type":"post","link":"https:\/\/www.ayadvogados.com.br\/?p=2765","title":{"rendered":"O que n\u00e3o se esperava, aconteceu! Sancionado com vetos o Estatuto Nacional de Simplifica\u00e7\u00e3o de Obriga\u00e7\u00f5es Tribut\u00e1rias Acess\u00f3rias"},"content":{"rendered":"\n<p><strong>Sancionado com vetos Simplifica\u00e7\u00e3o de Obriga\u00e7\u00f5es Tribut\u00e1rias Acess\u00f3rias<\/strong><\/p>\n\n\n\n<p>No dia 02\/08\/2023 foi publicada a Lei Complementar n\u00ba 199\/2023, que institui o Estatuto Nacional de Simplifica\u00e7\u00e3o de Obriga\u00e7\u00f5es Tribut\u00e1rias Acess\u00f3rias.<\/p>\n\n\n\n<p>Ocorre que o Presidente da Rep\u00fablica vetou 11 disposi\u00e7\u00f5es do Estatuto, atingindo os principais pontos do projeto. Entre eles, a institui\u00e7\u00e3o da Nota Fiscal Brasil Eletr\u00f4nica (NFB-e), da Declara\u00e7\u00e3o Fiscal Digital Brasil (DFDB) e do Registro Cadastral Unificado (RCU). A primeira substitu\u00eda v\u00e1rias notas fiscais por um modelo \u00fanico nacional. J\u00e1 a DFDB e o RCU permitiam a unifica\u00e7\u00e3o das bases de dados dos fiscos das tr\u00eas esferas de governo (Receita Federal e secretarias de fazenda ou finan\u00e7as de estados e munic\u00edpios) para o uso do CNPJ como identidade cadastral \u00fanica para identifica\u00e7\u00e3o de pessoas jur\u00eddicas nos bancos de dados de servi\u00e7os p\u00fablicos.<\/p>\n\n\n\n<p>O Presidente tamb\u00e9m vetou o dispositivo que inclu\u00eda membros da sociedade civil no comit\u00ea gestor criado para simplificar o cumprimento das obriga\u00e7\u00f5es acess\u00f3rias. A alega\u00e7\u00e3o foi de que \u201ca presen\u00e7a de membros alheios \u00e0s administra\u00e7\u00f5es tribut\u00e1rias\u201d poderia prejudicar o sigilo fiscal e a preserva\u00e7\u00e3o de informa\u00e7\u00f5es.<\/p>\n\n\n\n<p>Tamb\u00e9m foi vetado o dispositivo que dava o prazo de 90 dias para ser criado esse comit\u00ea.<\/p>\n\n\n\n<p>Estes vetos ainda ser\u00e3o analisados pelo Congresso Nacional, que possui prazo at\u00e9 31\/08\/2023 para decidirem se ir\u00e3o mant\u00ea-los ou n\u00e3o.<\/p>\n\n\n\n<p>Minha opini\u00e3o \u00e9 que se mantidos os vetos, a simplifica\u00e7\u00e3o tribut\u00e1ria almejada pelos contribuintes n\u00e3o se concretizar\u00e1 efetivamente, ao passo que a autoriza\u00e7\u00e3o do compartilhamento de dados fiscais entre Uni\u00e3o, Estados e Munic\u00edpios \u2013 expressa e mantida no Estatuto \u2013 parece beneficiar apenas os entes tributantes para a atividade de fiscaliza\u00e7\u00e3o.&nbsp;<\/p>\n\n\n\n<p>Portanto, n\u00e3o h\u00e1 d\u00favidas de que, como mencionado no DINCast anterior, \u00e9 oportuno que as empresas invistam no <em>compliance<\/em> tribut\u00e1rio, em raz\u00e3o do compartilhamento de dados fiscais entre a Uni\u00e3o, Estados e Munic\u00edpios.<\/p>\n\n\n\n<p>\u00c9 n\u00edtida a finalidade da simplifica\u00e7\u00e3o das obriga\u00e7\u00f5es acess\u00f3rias como instrumento de combate \u00e0 sonega\u00e7\u00e3o fiscal, portanto, as empresas devem se atentar ao tratamento dado \u00e0s suas receitas e despesas cont\u00e1beis, em uma an\u00e1lise preventiva de poss\u00edveis riscos ou autua\u00e7\u00f5es fiscais.<\/p>\n\n\n\n<p><strong>Sancionado com vetos Simplifica\u00e7\u00e3o de Obriga\u00e7\u00f5es Tribut\u00e1rias Acess\u00f3rias<\/strong>: Interessado nesse tema?  Fiquem \u00e0 vontade para entrar em contato conosco! Estamos prontos para esclarecer todas as suas quest\u00f5es.<\/p>\n\n\n\n<p>E <font _mstmutation=\"1\" _msttexthash=\"2172001\" _msthash=\"608\">N\u00e3o deixe de ouvir o\u00a0epis\u00f3dio completo\u00a0com explica\u00e7\u00e3o da <\/font><strong _msttexthash=\"2431585\" _msthash=\"609\">advogada associado da Amaral, Yazbek Advogados, Dr<\/strong><strong>a. T\u00e1via Lorenzo<\/strong> <\/p>\n\n\n\n<p><\/p>\n\n\n\n<figure class=\"wp-block-embed is-type-rich is-provider-spotify wp-block-embed-spotify wp-embed-aspect-21-9 wp-has-aspect-ratio\"><div class=\"wp-block-embed__wrapper\">\n<iframe title=\"Spotify Embed: O que n\u00e3o se esperava, aconteceu! Sancionado com vetos o Estatuto Nacional de Simplifica\u00e7\u00e3o de Obriga\u00e7\u00f5es Tribut\u00e1rias Acess\u00f3rias\" style=\"border-radius: 12px\" width=\"100%\" height=\"152\" frameborder=\"0\" allowfullscreen allow=\"autoplay; clipboard-write; encrypted-media; fullscreen; picture-in-picture\" loading=\"lazy\" src=\"https:\/\/open.spotify.com\/embed\/episode\/6WA7TLEOmthIMORtBiHFS0?si=6058b73122664894&#038;utm_source=oembed\"><\/iframe>\n<\/div><\/figure>\n\n\n\n<hr class=\"wp-block-separator has-text-color has-palette-color-1-color has-css-opacity has-palette-color-1-background-color has-background is-style-dots\"\/>\n\n\n\n<div class=\"wp-block-group has-palette-color-6-background-color has-background is-layout-flow wp-block-group-is-layout-flow\">\n<p style=\"font-size:0.8em\">A Amaral,\u00a0Yazbek, OAB\/PR 762, possui 36 anos de experi\u00eancia auxiliando empresas a transformar a tributa\u00e7\u00e3o em lucro. Entre em contato com um dos s\u00f3cios para agendamento de reuni\u00e3o em caso de d\u00favidas.\u00a0\u00a0\u00a0<\/p>\n\n\n\n<p style=\"font-size:0.8em\">Contato: 41 3595-8300 ou pelo nosso WhatsApp 41 99567-5696\u00a0\u00a0\u00a0<\/p>\n\n\n\n<p style=\"font-size:0.8em\">Av. C\u00e2ndido Hartmann, 50 \u2013\u00a0Bigorrilho\u00a0| Curitiba-PR\u00a0\u00a0\u00a0<\/p>\n\n\n\n<p style=\"font-size:0.8em\">Assine nossa <a href=\"http:\/\/ayadvogados.com.br\/contato\/\">Newsletter<\/a> e fique por dentro das novidades!\u00a0\u00a0\u00a0<\/p>\n\n\n\n<p style=\"font-size:0.8em\">Quer receber seu exemplar da revista Governan\u00e7a Jur\u00eddica? <a href=\"http:\/\/ayadvogados.com.br\/revista\/\" data-type=\"page\" data-id=\"68\">Clique\u00a0aqui\u00a0e pe\u00e7a a sua<\/a>.\u00a0\u00a0\u00a0<\/p>\n\n\n\n<p style=\"font-size:0.8em\">Nos acompanhe nas redes sociais:\u00a0<a href=\"https:\/\/www.facebook.com\/AYadvogados\">Facebook<\/a>\u00a0|\u00a0<a href=\"https:\/\/www.instagram.com\/ayadvogados\/\">Instagram<\/a>\u00a0|\u00a0<a href=\"https:\/\/www.linkedin.com\/company\/amaral-yazbek-advogados\">Linkedin<\/a>\u00a0<\/p>\n\n\n\n<p style=\"font-size:0.8em\">J\u00e1 conhece o canal Direito da Intelig\u00eancia de Neg\u00f3cios?\u00a0<a href=\"https:\/\/www.youtube.com\/channel\/UCu2Mpu32ht8DEN8OFRXYMyw\">Inscreva-se j\u00e1<\/a><\/p>\n<\/div>\n","protected":false},"excerpt":{"rendered":"<p>Sancionado com vetos Simplifica\u00e7\u00e3o de Obriga\u00e7\u00f5es Tribut\u00e1rias Acess\u00f3rias No dia 02\/08\/2023 foi publicada a Lei Complementar n\u00ba 199\/2023, que institui o Estatuto Nacional de Simplifica\u00e7\u00e3o de Obriga\u00e7\u00f5es Tribut\u00e1rias Acess\u00f3rias. Ocorre que o Presidente da Rep\u00fablica vetou 11 disposi\u00e7\u00f5es do Estatuto, atingindo os principais pontos do projeto. Entre eles, a institui\u00e7\u00e3o da Nota Fiscal Brasil Eletr\u00f4nica [&hellip;]<\/p>\n","protected":false},"author":2,"featured_media":2768,"comment_status":"open","ping_status":"open","sticky":false,"template":"","format":"standard","meta":{"footnotes":""},"categories":[5],"tags":[99,98,100,101],"class_list":["post-2765","post","type-post","status-publish","format-standard","has-post-thumbnail","hentry","category-dincast","tag-estatuto-nacional-de-simplificacao-de-obrigacoes-tributarias-acessorias","tag-sancionado-com-vetos-simplificacao","tag-simplificacao","tag-veto"],"blocksy_meta":{"styles_descriptor":{"styles":{"desktop":"","tablet":"","mobile":""},"google_fonts":[],"version":6}},"yoast_head":"<!-- This site is optimized with the Yoast SEO plugin v27.5 - https:\/\/yoast.com\/product\/yoast-seo-wordpress\/ -->\n<title>Sancionado com vetos o Estatuto Nacional de Simplifica\u00e7\u00e3o<\/title>\n<meta name=\"description\" content=\"O que n\u00e3o se esperava, aconteceu! Sancionado com vetos o Estatuto Nacional de Simplifica\u00e7\u00e3o de Obriga\u00e7\u00f5es Tribut\u00e1rias Acess\u00f3rias\" \/>\n<meta name=\"robots\" content=\"index, follow, max-snippet:-1, max-image-preview:large, max-video-preview:-1\" \/>\n<link rel=\"canonical\" href=\"https:\/\/www.ayadvogados.com.br\/?p=2765\" \/>\n<meta property=\"og:locale\" content=\"pt_BR\" \/>\n<meta property=\"og:type\" content=\"article\" \/>\n<meta property=\"og:title\" content=\"Sancionado com vetos o Estatuto Nacional de Simplifica\u00e7\u00e3o\" \/>\n<meta property=\"og:description\" content=\"O que n\u00e3o se esperava, aconteceu! Sancionado com vetos o Estatuto Nacional de Simplifica\u00e7\u00e3o de Obriga\u00e7\u00f5es Tribut\u00e1rias Acess\u00f3rias\" \/>\n<meta property=\"og:url\" content=\"https:\/\/www.ayadvogados.com.br\/?p=2765\" \/>\n<meta property=\"og:site_name\" content=\"Amaral, Yazbek Advogados\" \/>\n<meta property=\"article:publisher\" content=\"https:\/\/www.facebook.com\/AYadvogados\" \/>\n<meta property=\"article:published_time\" content=\"2023-08-03T14:06:42+00:00\" \/>\n<meta property=\"article:modified_time\" content=\"2023-08-03T15:45:22+00:00\" \/>\n<meta property=\"og:image\" content=\"https:\/\/www.ayadvogados.com.br\/wp-content\/uploads\/2023\/08\/Banner-do-video-copiar-1.png\" \/>\n\t<meta property=\"og:image:width\" content=\"1920\" \/>\n\t<meta property=\"og:image:height\" content=\"1080\" \/>\n\t<meta property=\"og:image:type\" content=\"image\/png\" \/>\n<meta name=\"author\" content=\"AY Advogados\" \/>\n<meta name=\"twitter:card\" content=\"summary_large_image\" \/>\n<meta name=\"twitter:label1\" content=\"Escrito por\" \/>\n\t<meta name=\"twitter:data1\" content=\"AY Advogados\" \/>\n\t<meta name=\"twitter:label2\" content=\"Est. tempo de leitura\" \/>\n\t<meta name=\"twitter:data2\" content=\"3 minutos\" \/>\n<script type=\"application\/ld+json\" class=\"yoast-schema-graph\">{\"@context\":\"https:\\\/\\\/schema.org\",\"@graph\":[{\"@type\":\"Article\",\"@id\":\"https:\\\/\\\/www.ayadvogados.com.br\\\/?p=2765#article\",\"isPartOf\":{\"@id\":\"https:\\\/\\\/www.ayadvogados.com.br\\\/?p=2765\"},\"author\":{\"name\":\"AY Advogados\",\"@id\":\"https:\\\/\\\/34.239.117.254\\\/#\\\/schema\\\/person\\\/4abfbf03ad3e577e691d333af064a912\"},\"headline\":\"O que n\u00e3o se esperava, aconteceu! Sancionado com vetos o Estatuto Nacional de Simplifica\u00e7\u00e3o de Obriga\u00e7\u00f5es Tribut\u00e1rias Acess\u00f3rias\",\"datePublished\":\"2023-08-03T14:06:42+00:00\",\"dateModified\":\"2023-08-03T15:45:22+00:00\",\"mainEntityOfPage\":{\"@id\":\"https:\\\/\\\/www.ayadvogados.com.br\\\/?p=2765\"},\"wordCount\":479,\"commentCount\":0,\"publisher\":{\"@id\":\"https:\\\/\\\/34.239.117.254\\\/#organization\"},\"image\":{\"@id\":\"https:\\\/\\\/www.ayadvogados.com.br\\\/?p=2765#primaryimage\"},\"thumbnailUrl\":\"https:\\\/\\\/www.ayadvogados.com.br\\\/wp-content\\\/uploads\\\/2023\\\/08\\\/Banner-do-video-copiar-1.png\",\"keywords\":[\"Estatuto Nacional de Simplifica\u00e7\u00e3o de Obriga\u00e7\u00f5es Tribut\u00e1rias Acess\u00f3rias\",\"Sancionado com vetos Simplifica\u00e7\u00e3o\",\"Simplifica\u00e7\u00e3o\",\"veto\"],\"articleSection\":[\"DINCast\"],\"inLanguage\":\"pt-BR\",\"potentialAction\":[{\"@type\":\"CommentAction\",\"name\":\"Comment\",\"target\":[\"https:\\\/\\\/www.ayadvogados.com.br\\\/?p=2765#respond\"]}]},{\"@type\":\"WebPage\",\"@id\":\"https:\\\/\\\/www.ayadvogados.com.br\\\/?p=2765\",\"url\":\"https:\\\/\\\/www.ayadvogados.com.br\\\/?p=2765\",\"name\":\"Sancionado com vetos o Estatuto Nacional de Simplifica\u00e7\u00e3o\",\"isPartOf\":{\"@id\":\"https:\\\/\\\/34.239.117.254\\\/#website\"},\"primaryImageOfPage\":{\"@id\":\"https:\\\/\\\/www.ayadvogados.com.br\\\/?p=2765#primaryimage\"},\"image\":{\"@id\":\"https:\\\/\\\/www.ayadvogados.com.br\\\/?p=2765#primaryimage\"},\"thumbnailUrl\":\"https:\\\/\\\/www.ayadvogados.com.br\\\/wp-content\\\/uploads\\\/2023\\\/08\\\/Banner-do-video-copiar-1.png\",\"datePublished\":\"2023-08-03T14:06:42+00:00\",\"dateModified\":\"2023-08-03T15:45:22+00:00\",\"description\":\"O que n\u00e3o se esperava, aconteceu! Sancionado com vetos o Estatuto Nacional de Simplifica\u00e7\u00e3o de Obriga\u00e7\u00f5es Tribut\u00e1rias Acess\u00f3rias\",\"breadcrumb\":{\"@id\":\"https:\\\/\\\/www.ayadvogados.com.br\\\/?p=2765#breadcrumb\"},\"inLanguage\":\"pt-BR\",\"potentialAction\":[{\"@type\":\"ReadAction\",\"target\":[\"https:\\\/\\\/www.ayadvogados.com.br\\\/?p=2765\"]}]},{\"@type\":\"ImageObject\",\"inLanguage\":\"pt-BR\",\"@id\":\"https:\\\/\\\/www.ayadvogados.com.br\\\/?p=2765#primaryimage\",\"url\":\"https:\\\/\\\/www.ayadvogados.com.br\\\/wp-content\\\/uploads\\\/2023\\\/08\\\/Banner-do-video-copiar-1.png\",\"contentUrl\":\"https:\\\/\\\/www.ayadvogados.com.br\\\/wp-content\\\/uploads\\\/2023\\\/08\\\/Banner-do-video-copiar-1.png\",\"width\":1920,\"height\":1080,\"caption\":\"Sancionado com vetos Simplifica\u00e7\u00e3o\"},{\"@type\":\"BreadcrumbList\",\"@id\":\"https:\\\/\\\/www.ayadvogados.com.br\\\/?p=2765#breadcrumb\",\"itemListElement\":[{\"@type\":\"ListItem\",\"position\":1,\"name\":\"In\u00edcio\",\"item\":\"https:\\\/\\\/34.239.117.254\\\/\"},{\"@type\":\"ListItem\",\"position\":2,\"name\":\"O que n\u00e3o se esperava, aconteceu! Sancionado com vetos o Estatuto Nacional de Simplifica\u00e7\u00e3o de Obriga\u00e7\u00f5es Tribut\u00e1rias Acess\u00f3rias\"}]},{\"@type\":\"WebSite\",\"@id\":\"https:\\\/\\\/34.239.117.254\\\/#website\",\"url\":\"https:\\\/\\\/34.239.117.254\\\/\",\"name\":\"Amaral, Yazbek Advogados\",\"description\":\"Curitiba \u2022 Bras\u00edlia \u2022 S\u00e3o Paulo\",\"publisher\":{\"@id\":\"https:\\\/\\\/34.239.117.254\\\/#organization\"},\"potentialAction\":[{\"@type\":\"SearchAction\",\"target\":{\"@type\":\"EntryPoint\",\"urlTemplate\":\"https:\\\/\\\/34.239.117.254\\\/?s={search_term_string}\"},\"query-input\":{\"@type\":\"PropertyValueSpecification\",\"valueRequired\":true,\"valueName\":\"search_term_string\"}}],\"inLanguage\":\"pt-BR\"},{\"@type\":\"Organization\",\"@id\":\"https:\\\/\\\/34.239.117.254\\\/#organization\",\"name\":\"Amaral, Yazbek Advogados\",\"url\":\"https:\\\/\\\/34.239.117.254\\\/\",\"logo\":{\"@type\":\"ImageObject\",\"inLanguage\":\"pt-BR\",\"@id\":\"https:\\\/\\\/34.239.117.254\\\/#\\\/schema\\\/logo\\\/image\\\/\",\"url\":\"http:\\\/\\\/34.239.117.254\\\/wp-content\\\/uploads\\\/2021\\\/03\\\/logo-ay-g.png\",\"contentUrl\":\"http:\\\/\\\/34.239.117.254\\\/wp-content\\\/uploads\\\/2021\\\/03\\\/logo-ay-g.png\",\"width\":434,\"height\":106,\"caption\":\"Amaral, Yazbek Advogados\"},\"image\":{\"@id\":\"https:\\\/\\\/34.239.117.254\\\/#\\\/schema\\\/logo\\\/image\\\/\"},\"sameAs\":[\"https:\\\/\\\/www.facebook.com\\\/AYadvogados\",\"https:\\\/\\\/www.instagram.com\\\/ayadvogados\\\/\"]},{\"@type\":\"Person\",\"@id\":\"https:\\\/\\\/34.239.117.254\\\/#\\\/schema\\\/person\\\/4abfbf03ad3e577e691d333af064a912\",\"name\":\"AY Advogados\",\"image\":{\"@type\":\"ImageObject\",\"inLanguage\":\"pt-BR\",\"@id\":\"https:\\\/\\\/secure.gravatar.com\\\/avatar\\\/1473912b851241f5503026e6156e144dcd83ff7addb67f65e1ed9ca21ee1d9cf?s=96&d=mm&r=g\",\"url\":\"https:\\\/\\\/secure.gravatar.com\\\/avatar\\\/1473912b851241f5503026e6156e144dcd83ff7addb67f65e1ed9ca21ee1d9cf?s=96&d=mm&r=g\",\"contentUrl\":\"https:\\\/\\\/secure.gravatar.com\\\/avatar\\\/1473912b851241f5503026e6156e144dcd83ff7addb67f65e1ed9ca21ee1d9cf?s=96&d=mm&r=g\",\"caption\":\"AY Advogados\"},\"sameAs\":[\"https:\\\/\\\/ayadvogados.com.br\"],\"url\":\"https:\\\/\\\/www.ayadvogados.com.br\\\/?author=2\"}]}<\/script>\n<!-- \/ Yoast SEO plugin. -->","yoast_head_json":{"title":"Sancionado com vetos o Estatuto Nacional de Simplifica\u00e7\u00e3o","description":"O que n\u00e3o se esperava, aconteceu! Sancionado com vetos o Estatuto Nacional de Simplifica\u00e7\u00e3o de Obriga\u00e7\u00f5es Tribut\u00e1rias Acess\u00f3rias","robots":{"index":"index","follow":"follow","max-snippet":"max-snippet:-1","max-image-preview":"max-image-preview:large","max-video-preview":"max-video-preview:-1"},"canonical":"https:\/\/www.ayadvogados.com.br\/?p=2765","og_locale":"pt_BR","og_type":"article","og_title":"Sancionado com vetos o Estatuto Nacional de Simplifica\u00e7\u00e3o","og_description":"O que n\u00e3o se esperava, aconteceu! Sancionado com vetos o Estatuto Nacional de Simplifica\u00e7\u00e3o de Obriga\u00e7\u00f5es Tribut\u00e1rias Acess\u00f3rias","og_url":"https:\/\/www.ayadvogados.com.br\/?p=2765","og_site_name":"Amaral, Yazbek Advogados","article_publisher":"https:\/\/www.facebook.com\/AYadvogados","article_published_time":"2023-08-03T14:06:42+00:00","article_modified_time":"2023-08-03T15:45:22+00:00","og_image":[{"width":1920,"height":1080,"url":"https:\/\/www.ayadvogados.com.br\/wp-content\/uploads\/2023\/08\/Banner-do-video-copiar-1.png","type":"image\/png"}],"author":"AY Advogados","twitter_card":"summary_large_image","twitter_misc":{"Escrito por":"AY Advogados","Est. tempo de leitura":"3 minutos"},"schema":{"@context":"https:\/\/schema.org","@graph":[{"@type":"Article","@id":"https:\/\/www.ayadvogados.com.br\/?p=2765#article","isPartOf":{"@id":"https:\/\/www.ayadvogados.com.br\/?p=2765"},"author":{"name":"AY Advogados","@id":"https:\/\/34.239.117.254\/#\/schema\/person\/4abfbf03ad3e577e691d333af064a912"},"headline":"O que n\u00e3o se esperava, aconteceu! Sancionado com vetos o Estatuto Nacional de Simplifica\u00e7\u00e3o de Obriga\u00e7\u00f5es Tribut\u00e1rias Acess\u00f3rias","datePublished":"2023-08-03T14:06:42+00:00","dateModified":"2023-08-03T15:45:22+00:00","mainEntityOfPage":{"@id":"https:\/\/www.ayadvogados.com.br\/?p=2765"},"wordCount":479,"commentCount":0,"publisher":{"@id":"https:\/\/34.239.117.254\/#organization"},"image":{"@id":"https:\/\/www.ayadvogados.com.br\/?p=2765#primaryimage"},"thumbnailUrl":"https:\/\/www.ayadvogados.com.br\/wp-content\/uploads\/2023\/08\/Banner-do-video-copiar-1.png","keywords":["Estatuto Nacional de Simplifica\u00e7\u00e3o de Obriga\u00e7\u00f5es Tribut\u00e1rias Acess\u00f3rias","Sancionado com vetos Simplifica\u00e7\u00e3o","Simplifica\u00e7\u00e3o","veto"],"articleSection":["DINCast"],"inLanguage":"pt-BR","potentialAction":[{"@type":"CommentAction","name":"Comment","target":["https:\/\/www.ayadvogados.com.br\/?p=2765#respond"]}]},{"@type":"WebPage","@id":"https:\/\/www.ayadvogados.com.br\/?p=2765","url":"https:\/\/www.ayadvogados.com.br\/?p=2765","name":"Sancionado com vetos o Estatuto Nacional de Simplifica\u00e7\u00e3o","isPartOf":{"@id":"https:\/\/34.239.117.254\/#website"},"primaryImageOfPage":{"@id":"https:\/\/www.ayadvogados.com.br\/?p=2765#primaryimage"},"image":{"@id":"https:\/\/www.ayadvogados.com.br\/?p=2765#primaryimage"},"thumbnailUrl":"https:\/\/www.ayadvogados.com.br\/wp-content\/uploads\/2023\/08\/Banner-do-video-copiar-1.png","datePublished":"2023-08-03T14:06:42+00:00","dateModified":"2023-08-03T15:45:22+00:00","description":"O que n\u00e3o se esperava, aconteceu! Sancionado com vetos o Estatuto Nacional de Simplifica\u00e7\u00e3o de Obriga\u00e7\u00f5es Tribut\u00e1rias Acess\u00f3rias","breadcrumb":{"@id":"https:\/\/www.ayadvogados.com.br\/?p=2765#breadcrumb"},"inLanguage":"pt-BR","potentialAction":[{"@type":"ReadAction","target":["https:\/\/www.ayadvogados.com.br\/?p=2765"]}]},{"@type":"ImageObject","inLanguage":"pt-BR","@id":"https:\/\/www.ayadvogados.com.br\/?p=2765#primaryimage","url":"https:\/\/www.ayadvogados.com.br\/wp-content\/uploads\/2023\/08\/Banner-do-video-copiar-1.png","contentUrl":"https:\/\/www.ayadvogados.com.br\/wp-content\/uploads\/2023\/08\/Banner-do-video-copiar-1.png","width":1920,"height":1080,"caption":"Sancionado com vetos Simplifica\u00e7\u00e3o"},{"@type":"BreadcrumbList","@id":"https:\/\/www.ayadvogados.com.br\/?p=2765#breadcrumb","itemListElement":[{"@type":"ListItem","position":1,"name":"In\u00edcio","item":"https:\/\/34.239.117.254\/"},{"@type":"ListItem","position":2,"name":"O que n\u00e3o se esperava, aconteceu! Sancionado com vetos o Estatuto Nacional de Simplifica\u00e7\u00e3o de Obriga\u00e7\u00f5es Tribut\u00e1rias Acess\u00f3rias"}]},{"@type":"WebSite","@id":"https:\/\/34.239.117.254\/#website","url":"https:\/\/34.239.117.254\/","name":"Amaral, Yazbek Advogados","description":"Curitiba \u2022 Bras\u00edlia \u2022 S\u00e3o Paulo","publisher":{"@id":"https:\/\/34.239.117.254\/#organization"},"potentialAction":[{"@type":"SearchAction","target":{"@type":"EntryPoint","urlTemplate":"https:\/\/34.239.117.254\/?s={search_term_string}"},"query-input":{"@type":"PropertyValueSpecification","valueRequired":true,"valueName":"search_term_string"}}],"inLanguage":"pt-BR"},{"@type":"Organization","@id":"https:\/\/34.239.117.254\/#organization","name":"Amaral, Yazbek Advogados","url":"https:\/\/34.239.117.254\/","logo":{"@type":"ImageObject","inLanguage":"pt-BR","@id":"https:\/\/34.239.117.254\/#\/schema\/logo\/image\/","url":"http:\/\/34.239.117.254\/wp-content\/uploads\/2021\/03\/logo-ay-g.png","contentUrl":"http:\/\/34.239.117.254\/wp-content\/uploads\/2021\/03\/logo-ay-g.png","width":434,"height":106,"caption":"Amaral, Yazbek Advogados"},"image":{"@id":"https:\/\/34.239.117.254\/#\/schema\/logo\/image\/"},"sameAs":["https:\/\/www.facebook.com\/AYadvogados","https:\/\/www.instagram.com\/ayadvogados\/"]},{"@type":"Person","@id":"https:\/\/34.239.117.254\/#\/schema\/person\/4abfbf03ad3e577e691d333af064a912","name":"AY Advogados","image":{"@type":"ImageObject","inLanguage":"pt-BR","@id":"https:\/\/secure.gravatar.com\/avatar\/1473912b851241f5503026e6156e144dcd83ff7addb67f65e1ed9ca21ee1d9cf?s=96&d=mm&r=g","url":"https:\/\/secure.gravatar.com\/avatar\/1473912b851241f5503026e6156e144dcd83ff7addb67f65e1ed9ca21ee1d9cf?s=96&d=mm&r=g","contentUrl":"https:\/\/secure.gravatar.com\/avatar\/1473912b851241f5503026e6156e144dcd83ff7addb67f65e1ed9ca21ee1d9cf?s=96&d=mm&r=g","caption":"AY Advogados"},"sameAs":["https:\/\/ayadvogados.com.br"],"url":"https:\/\/www.ayadvogados.com.br\/?author=2"}]}},"rttpg_featured_image_url":{"full":["https:\/\/www.ayadvogados.com.br\/wp-content\/uploads\/2023\/08\/Banner-do-video-copiar-1.png",1920,1080,false],"landscape":["https:\/\/www.ayadvogados.com.br\/wp-content\/uploads\/2023\/08\/Banner-do-video-copiar-1.png",1920,1080,false],"portraits":["https:\/\/www.ayadvogados.com.br\/wp-content\/uploads\/2023\/08\/Banner-do-video-copiar-1.png",1920,1080,false],"thumbnail":["https:\/\/www.ayadvogados.com.br\/wp-content\/uploads\/2023\/08\/Banner-do-video-copiar-1-150x150.png",150,150,true],"medium":["https:\/\/www.ayadvogados.com.br\/wp-content\/uploads\/2023\/08\/Banner-do-video-copiar-1-300x169.png",300,169,true],"large":["https:\/\/www.ayadvogados.com.br\/wp-content\/uploads\/2023\/08\/Banner-do-video-copiar-1-1024x576.png",1024,576,true],"1536x1536":["https:\/\/www.ayadvogados.com.br\/wp-content\/uploads\/2023\/08\/Banner-do-video-copiar-1-1536x864.png",1536,864,true],"2048x2048":["https:\/\/www.ayadvogados.com.br\/wp-content\/uploads\/2023\/08\/Banner-do-video-copiar-1.png",1920,1080,false]},"rttpg_author":{"display_name":"AY Advogados","author_link":"https:\/\/www.ayadvogados.com.br\/?author=2"},"rttpg_comment":0,"rttpg_category":"<a href=\"https:\/\/www.ayadvogados.com.br\/?cat=5\" rel=\"category\">DINCast<\/a>","rttpg_excerpt":"Sancionado com vetos Simplifica\u00e7\u00e3o de Obriga\u00e7\u00f5es Tribut\u00e1rias Acess\u00f3rias No dia 02\/08\/2023 foi publicada a Lei Complementar n\u00ba 199\/2023, que institui o Estatuto Nacional de Simplifica\u00e7\u00e3o de Obriga\u00e7\u00f5es Tribut\u00e1rias Acess\u00f3rias. Ocorre que o Presidente da Rep\u00fablica vetou 11 disposi\u00e7\u00f5es do Estatuto, atingindo os principais pontos do projeto. Entre eles, a institui\u00e7\u00e3o da Nota Fiscal Brasil Eletr\u00f4nica&hellip;","_links":{"self":[{"href":"https:\/\/www.ayadvogados.com.br\/index.php?rest_route=\/wp\/v2\/posts\/2765","targetHints":{"allow":["GET"]}}],"collection":[{"href":"https:\/\/www.ayadvogados.com.br\/index.php?rest_route=\/wp\/v2\/posts"}],"about":[{"href":"https:\/\/www.ayadvogados.com.br\/index.php?rest_route=\/wp\/v2\/types\/post"}],"author":[{"embeddable":true,"href":"https:\/\/www.ayadvogados.com.br\/index.php?rest_route=\/wp\/v2\/users\/2"}],"replies":[{"embeddable":true,"href":"https:\/\/www.ayadvogados.com.br\/index.php?rest_route=%2Fwp%2Fv2%2Fcomments&post=2765"}],"version-history":[{"count":2,"href":"https:\/\/www.ayadvogados.com.br\/index.php?rest_route=\/wp\/v2\/posts\/2765\/revisions"}],"predecessor-version":[{"id":2769,"href":"https:\/\/www.ayadvogados.com.br\/index.php?rest_route=\/wp\/v2\/posts\/2765\/revisions\/2769"}],"wp:featuredmedia":[{"embeddable":true,"href":"https:\/\/www.ayadvogados.com.br\/index.php?rest_route=\/wp\/v2\/media\/2768"}],"wp:attachment":[{"href":"https:\/\/www.ayadvogados.com.br\/index.php?rest_route=%2Fwp%2Fv2%2Fmedia&parent=2765"}],"wp:term":[{"taxonomy":"category","embeddable":true,"href":"https:\/\/www.ayadvogados.com.br\/index.php?rest_route=%2Fwp%2Fv2%2Fcategories&post=2765"},{"taxonomy":"post_tag","embeddable":true,"href":"https:\/\/www.ayadvogados.com.br\/index.php?rest_route=%2Fwp%2Fv2%2Ftags&post=2765"}],"curies":[{"name":"wp","href":"https:\/\/api.w.org\/{rel}","templated":true}]}}