{"id":2752,"date":"2023-08-01T09:42:02","date_gmt":"2023-08-01T12:42:02","guid":{"rendered":"http:\/\/34.239.117.254\/?p=2752"},"modified":"2023-08-01T10:58:59","modified_gmt":"2023-08-01T13:58:59","slug":"ja-esta-aprovada-a-simplificacao-das-obrigacoes-acessorias-e-nao-e-pela-reforma-tributaria","status":"publish","type":"post","link":"https:\/\/www.ayadvogados.com.br\/?p=2752","title":{"rendered":"J\u00e1 est\u00e1 aprovada a simplifica\u00e7\u00e3o das obriga\u00e7\u00f5es acess\u00f3rias&#8230; E n\u00e3o \u00e9 pela Reforma Tribut\u00e1ria"},"content":{"rendered":"\n<p><strong>Aprovada a simplifica\u00e7\u00e3o das obriga\u00e7\u00f5es acess\u00f3rias&#8230; E n\u00e3o \u00e9 pela Reforma Tribut\u00e1ria<\/strong><\/p>\n\n\n\n<p>Foi aprovado pelo Congresso Nacional e aguarda san\u00e7\u00e3o presidencial o Estatuto Nacional de Simplifica\u00e7\u00e3o De Obriga\u00e7\u00f5es Tribut\u00e1rias Acess\u00f3rias, que visa uma harmoniza\u00e7\u00e3o do sistema tribut\u00e1rio, por meio da unifica\u00e7\u00e3o de documentos fiscais.<\/p>\n\n\n\n<p>Para isso, o Estatuto cria a Nota Fiscal Brasil Eletr\u00f4nica \u2013 NFB-e e a Declara\u00e7\u00e3o Fiscal Digital Brasil (DFDB), que ter\u00e3o campos e informa\u00e7\u00f5es fiscais de tributos da Uni\u00e3o, Estados e tamb\u00e9m dos Munic\u00edpios, com o prop\u00f3sito de unificar a base de dados tribut\u00e1rios de todos esses entes.<\/p>\n\n\n\n<p>Com a NFB-e, n\u00e3o necessitar\u00e1 mais o contribuinte emitir a Nota Fiscal Eletr\u00f4nica, a Nota Fiscal de Servi\u00e7o Eletr\u00f4nica e a Nota Fiscal do Consumidor Eletr\u00f4nica, o que por consequ\u00eancia, extinguir\u00e1 os diversos modelos de notas fiscais atualmente existentes.<\/p>\n\n\n\n<p>&nbsp;Al\u00e9m disso, o Estatuto prev\u00ea a ado\u00e7\u00e3o do n\u00famero de inscri\u00e7\u00e3o no Cadastro Nacional da Pessoa Jur\u00eddica (CNPJ) como a identidade cadastral \u00fanica e suficiente para identifica\u00e7\u00e3o da pessoa jur\u00eddica nos bancos de dados de servi\u00e7os p\u00fablicos, seja federal, estadual ou municipal.<\/p>\n\n\n\n<p>Com a implementa\u00e7\u00e3o do Estatuto, poder\u00e1 o contribuinte pagar os tributos incidentes nas suas opera\u00e7\u00f5es em uma \u00fanica guia, al\u00e9m de que as informa\u00e7\u00f5es da Nota Fiscal Brasil Eletr\u00f4nica estar\u00e3o pr\u00e9-preenchidas nas escritura\u00e7\u00f5es digitais.<\/p>\n\n\n\n<p>Este Estatuto, que apenas aguarda a san\u00e7\u00e3o do Presidente da Rep\u00fablica, pode vir a ter suas disposi\u00e7\u00f5es concretizadas ainda neste ano de 2023, sem qualquer v\u00ednculo com a Reforma Tribut\u00e1ria em tr\u00e2mite agora no Senado Federal, j\u00e1 que o Comit\u00ea Gestor das a\u00e7\u00f5es para simplifica\u00e7\u00e3o das obriga\u00e7\u00f5es acess\u00f3rias deve ser criado em at\u00e9 90 dias da publica\u00e7\u00e3o da lei.<\/p>\n\n\n\n<p>De acordo com o Instituto Brasileiro de Planejamento e Tributa\u00e7\u00e3o (IBPT), que conduziu o estudo \u201cQuantidade de normas editadas no Brasil: 34 anos da Constitui\u00e7\u00e3o Federal de 1988\u201d, foram gastos R$207 bilh\u00f5es de reais pelas empresas para estarem adequadas com quase 5 mil normas tribut\u00e1rias de \u00e2mbito federal estadual e municipal.<\/p>\n\n\n\n<p>Portanto, o Estatuto de Simplifica\u00e7\u00e3o das Obriga\u00e7\u00f5es Acess\u00f3rias deve ser comemorado, \u00e0 medida que institui como dever a padroniza\u00e7\u00e3o das legisla\u00e7\u00f5es federais, estaduais e municipais referente \u00e0s obriga\u00e7\u00f5es acess\u00f3rias, exceto sobre o Imposto de Renda (IR) e o Imposto sobre Opera\u00e7\u00f5es Financeiras (IOF).<\/p>\n\n\n\n<p>Se pensarmos que existem milhares de leis e manuais municipais para regularem a emiss\u00e3o de Nota Fiscal de Servi\u00e7o, j\u00e1 que o Brasil possui 5.570 Munic\u00edpios, o Estatuto da Simplifica\u00e7\u00e3o das Obriga\u00e7\u00f5es Acess\u00f3rias \u00e9 um marco importante para implementar um sistema tribut\u00e1rio mais simples e menos custoso para as empresas.<\/p>\n\n\n\n<p>Minha opini\u00e3o \u00e9 de que o Estatuto deve ser visto pelos empres\u00e1rios n\u00e3o apenas como uma forma de redu\u00e7\u00e3o de custos com as emiss\u00f5es das notas fiscais, mas como uma oportunidade para investir no <em>compliance<\/em> tribut\u00e1rio, em raz\u00e3o do compartilhamento de dados fiscais entre a Uni\u00e3o, Estados e Munic\u00edpios.<\/p>\n\n\n\n<p>\u00c9 n\u00edtida a finalidade da simplifica\u00e7\u00e3o das obriga\u00e7\u00f5es acess\u00f3rias como instrumento de combate \u00e0 sonega\u00e7\u00e3o fiscal, portanto, as empresas devem se atentar ao tratamento dado \u00e0s suas receitas e despesas cont\u00e1beis, em uma an\u00e1lise preventiva de poss\u00edveis riscos ou autua\u00e7\u00f5es fiscais.<\/p>\n\n\n\n<p>Por fim, alerta-se para a previs\u00e3o prevista no \u00a72\u00ba do art. 3\u00ba do Estatuto de Simplifica\u00e7\u00e3o de Obriga\u00e7\u00f5es Acess\u00f3rias, que apesar de haver a unifica\u00e7\u00e3o de dados tribut\u00e1rios em uma s\u00f3 nota fiscal \u2013 a Nota Fiscal Brasil Eletr\u00f4nica \u2013&nbsp; ainda assim se permite aos entes federados disporem sobre as suas obriga\u00e7\u00f5es tribut\u00e1rias acess\u00f3rias de forma separada, naquilo que n\u00e3o for contr\u00e1rio ao que o Comit\u00ea gestor respons\u00e1vel pela simplifica\u00e7\u00e3o disciplinar.<\/p>\n\n\n\n<p>Dito isso, tomara que Uni\u00e3o, Estados e Munic\u00edpios n\u00e3o subvertam a finalidade do Estatuto,&nbsp; continuando com a burocracia tribut\u00e1ria,&nbsp; mas que se atentem \u00e0 finalidade de simplifica\u00e7\u00e3o das obriga\u00e7\u00f5es acess\u00f3rias, a qual \u00e9 suplicada pelos contribuintes brasileiros em nosso regime constitucional vigente.<\/p>\n\n\n\n<p><font _mstmutation=\"1\" _msttexthash=\"2172001\" _msthash=\"608\">N\u00e3o deixe de ouvir o&nbsp;epis\u00f3dio completo&nbsp;com explica\u00e7\u00e3o da <\/font><strong _msttexthash=\"2431585\" _msthash=\"609\">advogada associado da Amaral, Yazbek Advogados, Dr<\/strong><strong>a. T\u00e1via Lorenzo<\/strong><\/p>\n\n\n\n<p>Gostou desse tema? ficou alguma duvida sobre aprova\u00e7\u00e3o da simplifica\u00e7\u00e3o das obriga\u00e7\u00f5es acess\u00f3rias? N\u00e3o deixe que entrar em contato conosco! <\/p>\n\n\n\n<figure class=\"wp-block-embed is-type-rich is-provider-spotify wp-block-embed-spotify wp-embed-aspect-21-9 wp-has-aspect-ratio\"><div class=\"wp-block-embed__wrapper\">\n<iframe title=\"Spotify Embed: J\u00e1 est\u00e1 aprovada a simplifica\u00e7\u00e3o das obriga\u00e7\u00f5es acess\u00f3rias... E n\u00e3o \u00e9 pela Reforma Tribut\u00e1ria\" style=\"border-radius: 12px\" width=\"100%\" height=\"152\" frameborder=\"0\" allowfullscreen allow=\"autoplay; clipboard-write; encrypted-media; fullscreen; picture-in-picture\" loading=\"lazy\" src=\"https:\/\/open.spotify.com\/embed\/episode\/48YTRKIUY0uxGUPHIRqNZ2?si=ad329313c25e4139&#038;utm_source=oembed\"><\/iframe>\n<\/div><\/figure>\n\n\n\n<hr class=\"wp-block-separator has-text-color has-palette-color-1-color has-css-opacity has-palette-color-1-background-color has-background is-style-dots\"\/>\n\n\n\n<div class=\"wp-block-group has-palette-color-6-background-color has-background is-layout-flow wp-block-group-is-layout-flow\">\n<p style=\"font-size:0.8em\">A Amaral,\u00a0Yazbek, OAB\/PR 762, possui 36 anos de experi\u00eancia auxiliando empresas a transformar a tributa\u00e7\u00e3o em lucro. Entre em contato com um dos s\u00f3cios para agendamento de reuni\u00e3o em caso de d\u00favidas.\u00a0\u00a0\u00a0<\/p>\n\n\n\n<p style=\"font-size:0.8em\">Contato: 41 3595-8300 ou pelo nosso WhatsApp 41 99567-5696\u00a0\u00a0\u00a0<\/p>\n\n\n\n<p style=\"font-size:0.8em\">Av. C\u00e2ndido Hartmann, 50 \u2013\u00a0Bigorrilho\u00a0| Curitiba-PR\u00a0\u00a0\u00a0<\/p>\n\n\n\n<p style=\"font-size:0.8em\">Assine nossa <a href=\"http:\/\/ayadvogados.com.br\/contato\/\">Newsletter<\/a> e fique por dentro das novidades!\u00a0\u00a0\u00a0<\/p>\n\n\n\n<p style=\"font-size:0.8em\">Quer receber seu exemplar da revista Governan\u00e7a Jur\u00eddica? <a href=\"http:\/\/ayadvogados.com.br\/revista\/\" data-type=\"page\" data-id=\"68\">Clique\u00a0aqui\u00a0e pe\u00e7a a sua<\/a>.\u00a0\u00a0\u00a0<\/p>\n\n\n\n<p style=\"font-size:0.8em\">Nos acompanhe nas redes sociais:\u00a0<a href=\"https:\/\/www.facebook.com\/AYadvogados\">Facebook<\/a>\u00a0|\u00a0<a href=\"https:\/\/www.instagram.com\/ayadvogados\/\">Instagram<\/a>\u00a0|\u00a0<a href=\"https:\/\/www.linkedin.com\/company\/amaral-yazbek-advogados\">Linkedin<\/a>\u00a0<\/p>\n\n\n\n<p style=\"font-size:0.8em\">J\u00e1 conhece o canal Direito da Intelig\u00eancia de Neg\u00f3cios?\u00a0<a href=\"https:\/\/www.youtube.com\/channel\/UCu2Mpu32ht8DEN8OFRXYMyw\">Inscreva-se j\u00e1<\/a><\/p>\n<\/div>\n","protected":false},"excerpt":{"rendered":"<p>Aprovada a simplifica\u00e7\u00e3o das obriga\u00e7\u00f5es acess\u00f3rias&#8230; E n\u00e3o \u00e9 pela Reforma Tribut\u00e1ria Foi aprovado pelo Congresso Nacional e aguarda san\u00e7\u00e3o presidencial o Estatuto Nacional de Simplifica\u00e7\u00e3o De Obriga\u00e7\u00f5es Tribut\u00e1rias Acess\u00f3rias, que visa uma harmoniza\u00e7\u00e3o do sistema tribut\u00e1rio, por meio da unifica\u00e7\u00e3o de documentos fiscais. Para isso, o Estatuto cria a Nota Fiscal Brasil Eletr\u00f4nica \u2013 [&hellip;]<\/p>\n","protected":false},"author":2,"featured_media":2756,"comment_status":"open","ping_status":"open","sticky":false,"template":"","format":"standard","meta":{"footnotes":""},"categories":[5],"tags":[],"class_list":["post-2752","post","type-post","status-publish","format-standard","has-post-thumbnail","hentry","category-dincast"],"blocksy_meta":{"styles_descriptor":{"styles":{"desktop":"","tablet":"","mobile":""},"google_fonts":[],"version":6}},"yoast_head":"<!-- This site is optimized with the Yoast SEO plugin v27.5 - https:\/\/yoast.com\/product\/yoast-seo-wordpress\/ -->\n<title>J\u00e1 est\u00e1 aprovada a simplifica\u00e7\u00e3o das obriga\u00e7\u00f5es acess\u00f3rias<\/title>\n<meta name=\"description\" content=\"J\u00e1 est\u00e1 aprovada a simplifica\u00e7\u00e3o: \u00c9 n\u00edtida a finalidade da simplifica\u00e7\u00e3o das obriga\u00e7\u00f5es acess\u00f3rias como instrumento...\" \/>\n<meta name=\"robots\" content=\"index, follow, max-snippet:-1, max-image-preview:large, max-video-preview:-1\" \/>\n<link rel=\"canonical\" href=\"https:\/\/www.ayadvogados.com.br\/?p=2752\" \/>\n<meta property=\"og:locale\" content=\"pt_BR\" \/>\n<meta property=\"og:type\" content=\"article\" \/>\n<meta property=\"og:title\" content=\"J\u00e1 est\u00e1 aprovada a simplifica\u00e7\u00e3o das obriga\u00e7\u00f5es acess\u00f3rias\" \/>\n<meta property=\"og:description\" content=\"J\u00e1 est\u00e1 aprovada a simplifica\u00e7\u00e3o: \u00c9 n\u00edtida a finalidade da simplifica\u00e7\u00e3o das obriga\u00e7\u00f5es acess\u00f3rias como instrumento...\" \/>\n<meta property=\"og:url\" content=\"https:\/\/www.ayadvogados.com.br\/?p=2752\" \/>\n<meta property=\"og:site_name\" content=\"Amaral, Yazbek Advogados\" \/>\n<meta property=\"article:publisher\" content=\"https:\/\/www.facebook.com\/AYadvogados\" \/>\n<meta property=\"article:published_time\" content=\"2023-08-01T12:42:02+00:00\" \/>\n<meta property=\"article:modified_time\" content=\"2023-08-01T13:58:59+00:00\" \/>\n<meta property=\"og:image\" content=\"https:\/\/www.ayadvogados.com.br\/wp-content\/uploads\/2023\/08\/Banner-do-video-copiar.png\" \/>\n\t<meta property=\"og:image:width\" content=\"1920\" \/>\n\t<meta property=\"og:image:height\" content=\"1080\" \/>\n\t<meta property=\"og:image:type\" content=\"image\/png\" \/>\n<meta name=\"author\" content=\"AY Advogados\" \/>\n<meta name=\"twitter:card\" content=\"summary_large_image\" \/>\n<meta name=\"twitter:label1\" content=\"Escrito por\" \/>\n\t<meta name=\"twitter:data1\" content=\"AY Advogados\" \/>\n\t<meta name=\"twitter:label2\" content=\"Est. tempo de leitura\" \/>\n\t<meta name=\"twitter:data2\" content=\"4 minutos\" \/>\n<script type=\"application\/ld+json\" class=\"yoast-schema-graph\">{\"@context\":\"https:\\\/\\\/schema.org\",\"@graph\":[{\"@type\":\"Article\",\"@id\":\"https:\\\/\\\/www.ayadvogados.com.br\\\/?p=2752#article\",\"isPartOf\":{\"@id\":\"https:\\\/\\\/www.ayadvogados.com.br\\\/?p=2752\"},\"author\":{\"name\":\"AY Advogados\",\"@id\":\"https:\\\/\\\/34.239.117.254\\\/#\\\/schema\\\/person\\\/4abfbf03ad3e577e691d333af064a912\"},\"headline\":\"J\u00e1 est\u00e1 aprovada a simplifica\u00e7\u00e3o das obriga\u00e7\u00f5es acess\u00f3rias&#8230; E n\u00e3o \u00e9 pela Reforma Tribut\u00e1ria\",\"datePublished\":\"2023-08-01T12:42:02+00:00\",\"dateModified\":\"2023-08-01T13:58:59+00:00\",\"mainEntityOfPage\":{\"@id\":\"https:\\\/\\\/www.ayadvogados.com.br\\\/?p=2752\"},\"wordCount\":792,\"commentCount\":0,\"publisher\":{\"@id\":\"https:\\\/\\\/34.239.117.254\\\/#organization\"},\"image\":{\"@id\":\"https:\\\/\\\/www.ayadvogados.com.br\\\/?p=2752#primaryimage\"},\"thumbnailUrl\":\"https:\\\/\\\/www.ayadvogados.com.br\\\/wp-content\\\/uploads\\\/2023\\\/08\\\/Banner-do-video-copiar.png\",\"articleSection\":[\"DINCast\"],\"inLanguage\":\"pt-BR\",\"potentialAction\":[{\"@type\":\"CommentAction\",\"name\":\"Comment\",\"target\":[\"https:\\\/\\\/www.ayadvogados.com.br\\\/?p=2752#respond\"]}]},{\"@type\":\"WebPage\",\"@id\":\"https:\\\/\\\/www.ayadvogados.com.br\\\/?p=2752\",\"url\":\"https:\\\/\\\/www.ayadvogados.com.br\\\/?p=2752\",\"name\":\"J\u00e1 est\u00e1 aprovada a simplifica\u00e7\u00e3o das obriga\u00e7\u00f5es acess\u00f3rias\",\"isPartOf\":{\"@id\":\"https:\\\/\\\/34.239.117.254\\\/#website\"},\"primaryImageOfPage\":{\"@id\":\"https:\\\/\\\/www.ayadvogados.com.br\\\/?p=2752#primaryimage\"},\"image\":{\"@id\":\"https:\\\/\\\/www.ayadvogados.com.br\\\/?p=2752#primaryimage\"},\"thumbnailUrl\":\"https:\\\/\\\/www.ayadvogados.com.br\\\/wp-content\\\/uploads\\\/2023\\\/08\\\/Banner-do-video-copiar.png\",\"datePublished\":\"2023-08-01T12:42:02+00:00\",\"dateModified\":\"2023-08-01T13:58:59+00:00\",\"description\":\"J\u00e1 est\u00e1 aprovada a simplifica\u00e7\u00e3o: \u00c9 n\u00edtida a finalidade da simplifica\u00e7\u00e3o das obriga\u00e7\u00f5es acess\u00f3rias como instrumento...\",\"breadcrumb\":{\"@id\":\"https:\\\/\\\/www.ayadvogados.com.br\\\/?p=2752#breadcrumb\"},\"inLanguage\":\"pt-BR\",\"potentialAction\":[{\"@type\":\"ReadAction\",\"target\":[\"https:\\\/\\\/www.ayadvogados.com.br\\\/?p=2752\"]}]},{\"@type\":\"ImageObject\",\"inLanguage\":\"pt-BR\",\"@id\":\"https:\\\/\\\/www.ayadvogados.com.br\\\/?p=2752#primaryimage\",\"url\":\"https:\\\/\\\/www.ayadvogados.com.br\\\/wp-content\\\/uploads\\\/2023\\\/08\\\/Banner-do-video-copiar.png\",\"contentUrl\":\"https:\\\/\\\/www.ayadvogados.com.br\\\/wp-content\\\/uploads\\\/2023\\\/08\\\/Banner-do-video-copiar.png\",\"width\":1920,\"height\":1080,\"caption\":\"Aprovada Reforma\"},{\"@type\":\"BreadcrumbList\",\"@id\":\"https:\\\/\\\/www.ayadvogados.com.br\\\/?p=2752#breadcrumb\",\"itemListElement\":[{\"@type\":\"ListItem\",\"position\":1,\"name\":\"In\u00edcio\",\"item\":\"https:\\\/\\\/34.239.117.254\\\/\"},{\"@type\":\"ListItem\",\"position\":2,\"name\":\"J\u00e1 est\u00e1 aprovada a simplifica\u00e7\u00e3o das obriga\u00e7\u00f5es acess\u00f3rias&#8230; E n\u00e3o \u00e9 pela Reforma Tribut\u00e1ria\"}]},{\"@type\":\"WebSite\",\"@id\":\"https:\\\/\\\/34.239.117.254\\\/#website\",\"url\":\"https:\\\/\\\/34.239.117.254\\\/\",\"name\":\"Amaral, Yazbek Advogados\",\"description\":\"Curitiba \u2022 Bras\u00edlia \u2022 S\u00e3o Paulo\",\"publisher\":{\"@id\":\"https:\\\/\\\/34.239.117.254\\\/#organization\"},\"potentialAction\":[{\"@type\":\"SearchAction\",\"target\":{\"@type\":\"EntryPoint\",\"urlTemplate\":\"https:\\\/\\\/34.239.117.254\\\/?s={search_term_string}\"},\"query-input\":{\"@type\":\"PropertyValueSpecification\",\"valueRequired\":true,\"valueName\":\"search_term_string\"}}],\"inLanguage\":\"pt-BR\"},{\"@type\":\"Organization\",\"@id\":\"https:\\\/\\\/34.239.117.254\\\/#organization\",\"name\":\"Amaral, Yazbek Advogados\",\"url\":\"https:\\\/\\\/34.239.117.254\\\/\",\"logo\":{\"@type\":\"ImageObject\",\"inLanguage\":\"pt-BR\",\"@id\":\"https:\\\/\\\/34.239.117.254\\\/#\\\/schema\\\/logo\\\/image\\\/\",\"url\":\"http:\\\/\\\/34.239.117.254\\\/wp-content\\\/uploads\\\/2021\\\/03\\\/logo-ay-g.png\",\"contentUrl\":\"http:\\\/\\\/34.239.117.254\\\/wp-content\\\/uploads\\\/2021\\\/03\\\/logo-ay-g.png\",\"width\":434,\"height\":106,\"caption\":\"Amaral, Yazbek Advogados\"},\"image\":{\"@id\":\"https:\\\/\\\/34.239.117.254\\\/#\\\/schema\\\/logo\\\/image\\\/\"},\"sameAs\":[\"https:\\\/\\\/www.facebook.com\\\/AYadvogados\",\"https:\\\/\\\/www.instagram.com\\\/ayadvogados\\\/\"]},{\"@type\":\"Person\",\"@id\":\"https:\\\/\\\/34.239.117.254\\\/#\\\/schema\\\/person\\\/4abfbf03ad3e577e691d333af064a912\",\"name\":\"AY Advogados\",\"image\":{\"@type\":\"ImageObject\",\"inLanguage\":\"pt-BR\",\"@id\":\"https:\\\/\\\/secure.gravatar.com\\\/avatar\\\/1473912b851241f5503026e6156e144dcd83ff7addb67f65e1ed9ca21ee1d9cf?s=96&d=mm&r=g\",\"url\":\"https:\\\/\\\/secure.gravatar.com\\\/avatar\\\/1473912b851241f5503026e6156e144dcd83ff7addb67f65e1ed9ca21ee1d9cf?s=96&d=mm&r=g\",\"contentUrl\":\"https:\\\/\\\/secure.gravatar.com\\\/avatar\\\/1473912b851241f5503026e6156e144dcd83ff7addb67f65e1ed9ca21ee1d9cf?s=96&d=mm&r=g\",\"caption\":\"AY Advogados\"},\"sameAs\":[\"https:\\\/\\\/ayadvogados.com.br\"],\"url\":\"https:\\\/\\\/www.ayadvogados.com.br\\\/?author=2\"}]}<\/script>\n<!-- \/ Yoast SEO plugin. -->","yoast_head_json":{"title":"J\u00e1 est\u00e1 aprovada a simplifica\u00e7\u00e3o das obriga\u00e7\u00f5es acess\u00f3rias","description":"J\u00e1 est\u00e1 aprovada a simplifica\u00e7\u00e3o: \u00c9 n\u00edtida a finalidade da simplifica\u00e7\u00e3o das obriga\u00e7\u00f5es acess\u00f3rias como instrumento...","robots":{"index":"index","follow":"follow","max-snippet":"max-snippet:-1","max-image-preview":"max-image-preview:large","max-video-preview":"max-video-preview:-1"},"canonical":"https:\/\/www.ayadvogados.com.br\/?p=2752","og_locale":"pt_BR","og_type":"article","og_title":"J\u00e1 est\u00e1 aprovada a simplifica\u00e7\u00e3o das obriga\u00e7\u00f5es acess\u00f3rias","og_description":"J\u00e1 est\u00e1 aprovada a simplifica\u00e7\u00e3o: \u00c9 n\u00edtida a finalidade da simplifica\u00e7\u00e3o das obriga\u00e7\u00f5es acess\u00f3rias como instrumento...","og_url":"https:\/\/www.ayadvogados.com.br\/?p=2752","og_site_name":"Amaral, Yazbek Advogados","article_publisher":"https:\/\/www.facebook.com\/AYadvogados","article_published_time":"2023-08-01T12:42:02+00:00","article_modified_time":"2023-08-01T13:58:59+00:00","og_image":[{"width":1920,"height":1080,"url":"https:\/\/www.ayadvogados.com.br\/wp-content\/uploads\/2023\/08\/Banner-do-video-copiar.png","type":"image\/png"}],"author":"AY Advogados","twitter_card":"summary_large_image","twitter_misc":{"Escrito por":"AY Advogados","Est. tempo de leitura":"4 minutos"},"schema":{"@context":"https:\/\/schema.org","@graph":[{"@type":"Article","@id":"https:\/\/www.ayadvogados.com.br\/?p=2752#article","isPartOf":{"@id":"https:\/\/www.ayadvogados.com.br\/?p=2752"},"author":{"name":"AY Advogados","@id":"https:\/\/34.239.117.254\/#\/schema\/person\/4abfbf03ad3e577e691d333af064a912"},"headline":"J\u00e1 est\u00e1 aprovada a simplifica\u00e7\u00e3o das obriga\u00e7\u00f5es acess\u00f3rias&#8230; E n\u00e3o \u00e9 pela Reforma Tribut\u00e1ria","datePublished":"2023-08-01T12:42:02+00:00","dateModified":"2023-08-01T13:58:59+00:00","mainEntityOfPage":{"@id":"https:\/\/www.ayadvogados.com.br\/?p=2752"},"wordCount":792,"commentCount":0,"publisher":{"@id":"https:\/\/34.239.117.254\/#organization"},"image":{"@id":"https:\/\/www.ayadvogados.com.br\/?p=2752#primaryimage"},"thumbnailUrl":"https:\/\/www.ayadvogados.com.br\/wp-content\/uploads\/2023\/08\/Banner-do-video-copiar.png","articleSection":["DINCast"],"inLanguage":"pt-BR","potentialAction":[{"@type":"CommentAction","name":"Comment","target":["https:\/\/www.ayadvogados.com.br\/?p=2752#respond"]}]},{"@type":"WebPage","@id":"https:\/\/www.ayadvogados.com.br\/?p=2752","url":"https:\/\/www.ayadvogados.com.br\/?p=2752","name":"J\u00e1 est\u00e1 aprovada a simplifica\u00e7\u00e3o das obriga\u00e7\u00f5es acess\u00f3rias","isPartOf":{"@id":"https:\/\/34.239.117.254\/#website"},"primaryImageOfPage":{"@id":"https:\/\/www.ayadvogados.com.br\/?p=2752#primaryimage"},"image":{"@id":"https:\/\/www.ayadvogados.com.br\/?p=2752#primaryimage"},"thumbnailUrl":"https:\/\/www.ayadvogados.com.br\/wp-content\/uploads\/2023\/08\/Banner-do-video-copiar.png","datePublished":"2023-08-01T12:42:02+00:00","dateModified":"2023-08-01T13:58:59+00:00","description":"J\u00e1 est\u00e1 aprovada a simplifica\u00e7\u00e3o: \u00c9 n\u00edtida a finalidade da simplifica\u00e7\u00e3o das obriga\u00e7\u00f5es acess\u00f3rias como instrumento...","breadcrumb":{"@id":"https:\/\/www.ayadvogados.com.br\/?p=2752#breadcrumb"},"inLanguage":"pt-BR","potentialAction":[{"@type":"ReadAction","target":["https:\/\/www.ayadvogados.com.br\/?p=2752"]}]},{"@type":"ImageObject","inLanguage":"pt-BR","@id":"https:\/\/www.ayadvogados.com.br\/?p=2752#primaryimage","url":"https:\/\/www.ayadvogados.com.br\/wp-content\/uploads\/2023\/08\/Banner-do-video-copiar.png","contentUrl":"https:\/\/www.ayadvogados.com.br\/wp-content\/uploads\/2023\/08\/Banner-do-video-copiar.png","width":1920,"height":1080,"caption":"Aprovada Reforma"},{"@type":"BreadcrumbList","@id":"https:\/\/www.ayadvogados.com.br\/?p=2752#breadcrumb","itemListElement":[{"@type":"ListItem","position":1,"name":"In\u00edcio","item":"https:\/\/34.239.117.254\/"},{"@type":"ListItem","position":2,"name":"J\u00e1 est\u00e1 aprovada a simplifica\u00e7\u00e3o das obriga\u00e7\u00f5es acess\u00f3rias&#8230; E n\u00e3o \u00e9 pela Reforma Tribut\u00e1ria"}]},{"@type":"WebSite","@id":"https:\/\/34.239.117.254\/#website","url":"https:\/\/34.239.117.254\/","name":"Amaral, Yazbek Advogados","description":"Curitiba \u2022 Bras\u00edlia \u2022 S\u00e3o Paulo","publisher":{"@id":"https:\/\/34.239.117.254\/#organization"},"potentialAction":[{"@type":"SearchAction","target":{"@type":"EntryPoint","urlTemplate":"https:\/\/34.239.117.254\/?s={search_term_string}"},"query-input":{"@type":"PropertyValueSpecification","valueRequired":true,"valueName":"search_term_string"}}],"inLanguage":"pt-BR"},{"@type":"Organization","@id":"https:\/\/34.239.117.254\/#organization","name":"Amaral, Yazbek Advogados","url":"https:\/\/34.239.117.254\/","logo":{"@type":"ImageObject","inLanguage":"pt-BR","@id":"https:\/\/34.239.117.254\/#\/schema\/logo\/image\/","url":"http:\/\/34.239.117.254\/wp-content\/uploads\/2021\/03\/logo-ay-g.png","contentUrl":"http:\/\/34.239.117.254\/wp-content\/uploads\/2021\/03\/logo-ay-g.png","width":434,"height":106,"caption":"Amaral, Yazbek Advogados"},"image":{"@id":"https:\/\/34.239.117.254\/#\/schema\/logo\/image\/"},"sameAs":["https:\/\/www.facebook.com\/AYadvogados","https:\/\/www.instagram.com\/ayadvogados\/"]},{"@type":"Person","@id":"https:\/\/34.239.117.254\/#\/schema\/person\/4abfbf03ad3e577e691d333af064a912","name":"AY Advogados","image":{"@type":"ImageObject","inLanguage":"pt-BR","@id":"https:\/\/secure.gravatar.com\/avatar\/1473912b851241f5503026e6156e144dcd83ff7addb67f65e1ed9ca21ee1d9cf?s=96&d=mm&r=g","url":"https:\/\/secure.gravatar.com\/avatar\/1473912b851241f5503026e6156e144dcd83ff7addb67f65e1ed9ca21ee1d9cf?s=96&d=mm&r=g","contentUrl":"https:\/\/secure.gravatar.com\/avatar\/1473912b851241f5503026e6156e144dcd83ff7addb67f65e1ed9ca21ee1d9cf?s=96&d=mm&r=g","caption":"AY Advogados"},"sameAs":["https:\/\/ayadvogados.com.br"],"url":"https:\/\/www.ayadvogados.com.br\/?author=2"}]}},"rttpg_featured_image_url":{"full":["https:\/\/www.ayadvogados.com.br\/wp-content\/uploads\/2023\/08\/Banner-do-video-copiar.png",1920,1080,false],"landscape":["https:\/\/www.ayadvogados.com.br\/wp-content\/uploads\/2023\/08\/Banner-do-video-copiar.png",1920,1080,false],"portraits":["https:\/\/www.ayadvogados.com.br\/wp-content\/uploads\/2023\/08\/Banner-do-video-copiar.png",1920,1080,false],"thumbnail":["https:\/\/www.ayadvogados.com.br\/wp-content\/uploads\/2023\/08\/Banner-do-video-copiar-150x150.png",150,150,true],"medium":["https:\/\/www.ayadvogados.com.br\/wp-content\/uploads\/2023\/08\/Banner-do-video-copiar-300x169.png",300,169,true],"large":["https:\/\/www.ayadvogados.com.br\/wp-content\/uploads\/2023\/08\/Banner-do-video-copiar-1024x576.png",1024,576,true],"1536x1536":["https:\/\/www.ayadvogados.com.br\/wp-content\/uploads\/2023\/08\/Banner-do-video-copiar-1536x864.png",1536,864,true],"2048x2048":["https:\/\/www.ayadvogados.com.br\/wp-content\/uploads\/2023\/08\/Banner-do-video-copiar.png",1920,1080,false]},"rttpg_author":{"display_name":"AY Advogados","author_link":"https:\/\/www.ayadvogados.com.br\/?author=2"},"rttpg_comment":0,"rttpg_category":"<a href=\"https:\/\/www.ayadvogados.com.br\/?cat=5\" rel=\"category\">DINCast<\/a>","rttpg_excerpt":"Aprovada a simplifica\u00e7\u00e3o das obriga\u00e7\u00f5es acess\u00f3rias&#8230; E n\u00e3o \u00e9 pela Reforma Tribut\u00e1ria Foi aprovado pelo Congresso Nacional e aguarda san\u00e7\u00e3o presidencial o Estatuto Nacional de Simplifica\u00e7\u00e3o De Obriga\u00e7\u00f5es Tribut\u00e1rias Acess\u00f3rias, que visa uma harmoniza\u00e7\u00e3o do sistema tribut\u00e1rio, por meio da unifica\u00e7\u00e3o de documentos fiscais. Para isso, o Estatuto cria a Nota Fiscal Brasil Eletr\u00f4nica \u2013&hellip;","_links":{"self":[{"href":"https:\/\/www.ayadvogados.com.br\/index.php?rest_route=\/wp\/v2\/posts\/2752","targetHints":{"allow":["GET"]}}],"collection":[{"href":"https:\/\/www.ayadvogados.com.br\/index.php?rest_route=\/wp\/v2\/posts"}],"about":[{"href":"https:\/\/www.ayadvogados.com.br\/index.php?rest_route=\/wp\/v2\/types\/post"}],"author":[{"embeddable":true,"href":"https:\/\/www.ayadvogados.com.br\/index.php?rest_route=\/wp\/v2\/users\/2"}],"replies":[{"embeddable":true,"href":"https:\/\/www.ayadvogados.com.br\/index.php?rest_route=%2Fwp%2Fv2%2Fcomments&post=2752"}],"version-history":[{"count":4,"href":"https:\/\/www.ayadvogados.com.br\/index.php?rest_route=\/wp\/v2\/posts\/2752\/revisions"}],"predecessor-version":[{"id":2758,"href":"https:\/\/www.ayadvogados.com.br\/index.php?rest_route=\/wp\/v2\/posts\/2752\/revisions\/2758"}],"wp:featuredmedia":[{"embeddable":true,"href":"https:\/\/www.ayadvogados.com.br\/index.php?rest_route=\/wp\/v2\/media\/2756"}],"wp:attachment":[{"href":"https:\/\/www.ayadvogados.com.br\/index.php?rest_route=%2Fwp%2Fv2%2Fmedia&parent=2752"}],"wp:term":[{"taxonomy":"category","embeddable":true,"href":"https:\/\/www.ayadvogados.com.br\/index.php?rest_route=%2Fwp%2Fv2%2Fcategories&post=2752"},{"taxonomy":"post_tag","embeddable":true,"href":"https:\/\/www.ayadvogados.com.br\/index.php?rest_route=%2Fwp%2Fv2%2Ftags&post=2752"}],"curies":[{"name":"wp","href":"https:\/\/api.w.org\/{rel}","templated":true}]}}