{"id":2693,"date":"2023-07-07T14:47:14","date_gmt":"2023-07-07T17:47:14","guid":{"rendered":"http:\/\/34.239.117.254\/?p=2693"},"modified":"2023-07-07T14:47:15","modified_gmt":"2023-07-07T17:47:15","slug":"especia-reforma-tributaria-pec","status":"publish","type":"post","link":"https:\/\/www.ayadvogados.com.br\/?p=2693","title":{"rendered":"Especial Reforma Tribut\u00e1ria"},"content":{"rendered":"\n<p>A PEC da Reforma Tribut\u00e1ria foi aprovada em dois turnos pela C\u00e2mara dos Deputados, na data de 06\/07\/2023.<br>O texto aprovado tem poucas altera\u00e7\u00f5es em rela\u00e7\u00e3o ao substitutivo apresentado pelo relator, o Deputado Aguinaldo Ribeiro.<\/p>\n\n\n\n<p><br><strong>Dentre as mudan\u00e7as com rela\u00e7\u00e3o ao \u00faltimo texto, pode-se destacar:<\/strong><\/p>\n\n\n\n<ul class=\"wp-block-list\">\n<li>Novas regras de composi\u00e7\u00e3o e de delibera\u00e7\u00e3o do Conselho Federativo (ser\u00e3o 54 vagas no total, sendo uma vaga para cada Estado da Federa\u00e7\u00e3o, no total de 27 vagas e o restante distribu\u00eddo para representantes de todos os Munic\u00edpios brasileiros);<\/li>\n\n\n\n<li>Mecanismos para manter, em car\u00e1ter geral, o diferencial competitivo da Zona Franca de Manaus, assim como nas zonas de processamento de exporta\u00e7\u00e3o;<\/li>\n\n\n\n<li>Exclus\u00e3o da refer\u00eancia \u00e0 Lei n\u00ba 10.925\/2004 na redu\u00e7\u00e3o de insumos agropecu\u00e1rios, alimentos destinados ao consumo humano e produtos de higiene pessoal, com isso a cesta b\u00e1sica nacional poder\u00e1 se restringir a menos produtos;<\/li>\n\n\n\n<li>Al\u00e9m das atividades art\u00edsticas e culturais nacionais, incluiu-se jornal\u00edsticas e audiovisuais na al\u00edquota reduzida;<\/li>\n\n\n\n<li>Criado regime favorecido para hotelaria e diferenciado para servi\u00e7os de hotelaria, parques de divers\u00e3o e tem\u00e1ticos, restaurantes e avia\u00e7\u00e3o regional;<\/li>\n\n\n\n<li>Cr\u00e9dito presumido para res\u00edduos e demais materiais destinados \u00e0 reciclagem, reutiliza\u00e7\u00e3o ou log\u00edstica reversa, de pessoa f\u00edsica, cooperativa ou outra forma de organiza\u00e7\u00e3o popular;<\/li>\n\n\n\n<li>Imposto Seletivo foi exclu\u00eddo dos bens e servi\u00e7os com al\u00edquotas reduzidas;<\/li>\n\n\n\n<li>Ajustes nos regimes diferenciados de combust\u00edveis e de cooperativas;<\/li>\n\n\n\n<li>Ajustes nos objetivos do cashback;<\/li>\n\n\n\n<li>Imunidades do IBS aplicadas \u00e0 CBS;<\/li>\n\n\n\n<li>Conceitua\u00e7\u00e3o de servi\u00e7os financeiros e opera\u00e7\u00f5es com bens im\u00f3veis.<br>Ainda a C\u00e2mara dos Deputados votar\u00e1 os destaques apresentados \u00e0 Reforma Tribut\u00e1ria nesta sexta-feira, dia 07\/07\/2023, o que poder\u00e1 modificar o texto a ser enviado ao Senado Federal.<\/li>\n<\/ul>\n","protected":false},"excerpt":{"rendered":"<p>A PEC da Reforma Tribut\u00e1ria foi aprovada em dois turnos pela C\u00e2mara dos Deputados, na data de 06\/07\/2023.O texto aprovado tem poucas altera\u00e7\u00f5es em rela\u00e7\u00e3o ao substitutivo apresentado pelo relator, o Deputado Aguinaldo Ribeiro. Dentre as mudan\u00e7as com rela\u00e7\u00e3o ao \u00faltimo texto, pode-se destacar:<\/p>\n","protected":false},"author":3,"featured_media":2694,"comment_status":"open","ping_status":"open","sticky":false,"template":"","format":"standard","meta":{"footnotes":""},"categories":[1],"tags":[],"class_list":["post-2693","post","type-post","status-publish","format-standard","has-post-thumbnail","hentry","category-noticia-do-dia"],"blocksy_meta":{"styles_descriptor":{"styles":{"desktop":"","tablet":"","mobile":""},"google_fonts":[],"version":6}},"yoast_head":"<!-- This site is optimized with the Yoast SEO plugin v27.5 - https:\/\/yoast.com\/product\/yoast-seo-wordpress\/ -->\n<title>Especial Reforma Tribut\u00e1ria - Amaral, Yazbek Advogados<\/title>\n<meta name=\"description\" content=\"A PEC da Reforma Tribut\u00e1ria foi aprovada em dois turnos pela C\u00e2mara dos Deputados, na data de 06\/07. O texto aprovado tem poucas altera\u00e7\u00f5es\" \/>\n<meta name=\"robots\" content=\"index, follow, max-snippet:-1, max-image-preview:large, max-video-preview:-1\" \/>\n<link rel=\"canonical\" href=\"https:\/\/www.ayadvogados.com.br\/?p=2693\" \/>\n<meta property=\"og:locale\" content=\"pt_BR\" \/>\n<meta property=\"og:type\" content=\"article\" \/>\n<meta property=\"og:title\" content=\"Especial Reforma Tribut\u00e1ria - Amaral, Yazbek Advogados\" \/>\n<meta property=\"og:description\" content=\"A PEC da Reforma Tribut\u00e1ria foi aprovada em dois turnos pela C\u00e2mara dos Deputados, na data de 06\/07. O texto aprovado tem poucas altera\u00e7\u00f5es\" \/>\n<meta property=\"og:url\" content=\"https:\/\/www.ayadvogados.com.br\/?p=2693\" \/>\n<meta property=\"og:site_name\" content=\"Amaral, Yazbek Advogados\" \/>\n<meta property=\"article:publisher\" content=\"https:\/\/www.facebook.com\/AYadvogados\" \/>\n<meta property=\"article:published_time\" content=\"2023-07-07T17:47:14+00:00\" \/>\n<meta property=\"article:modified_time\" content=\"2023-07-07T17:47:15+00:00\" \/>\n<meta property=\"og:image\" content=\"https:\/\/www.ayadvogados.com.br\/wp-content\/uploads\/2023\/07\/site.png\" \/>\n\t<meta property=\"og:image:width\" content=\"1920\" \/>\n\t<meta property=\"og:image:height\" content=\"1080\" \/>\n\t<meta property=\"og:image:type\" content=\"image\/png\" \/>\n<meta name=\"author\" content=\"Infra\" \/>\n<meta name=\"twitter:card\" content=\"summary_large_image\" \/>\n<meta name=\"twitter:label1\" content=\"Escrito por\" \/>\n\t<meta name=\"twitter:data1\" content=\"Infra\" \/>\n\t<meta name=\"twitter:label2\" content=\"Est. tempo de leitura\" \/>\n\t<meta name=\"twitter:data2\" content=\"2 minutos\" \/>\n<script type=\"application\/ld+json\" class=\"yoast-schema-graph\">{\"@context\":\"https:\\\/\\\/schema.org\",\"@graph\":[{\"@type\":\"Article\",\"@id\":\"https:\\\/\\\/www.ayadvogados.com.br\\\/?p=2693#article\",\"isPartOf\":{\"@id\":\"https:\\\/\\\/www.ayadvogados.com.br\\\/?p=2693\"},\"author\":{\"name\":\"Infra\",\"@id\":\"https:\\\/\\\/www.ayadvogados.com.br\\\/#\\\/schema\\\/person\\\/6b9165a58758b048b8ea5a4fbd4ec3c4\"},\"headline\":\"Especial Reforma Tribut\u00e1ria\",\"datePublished\":\"2023-07-07T17:47:14+00:00\",\"dateModified\":\"2023-07-07T17:47:15+00:00\",\"mainEntityOfPage\":{\"@id\":\"https:\\\/\\\/www.ayadvogados.com.br\\\/?p=2693\"},\"wordCount\":304,\"commentCount\":0,\"publisher\":{\"@id\":\"https:\\\/\\\/www.ayadvogados.com.br\\\/#organization\"},\"image\":{\"@id\":\"https:\\\/\\\/www.ayadvogados.com.br\\\/?p=2693#primaryimage\"},\"thumbnailUrl\":\"https:\\\/\\\/www.ayadvogados.com.br\\\/wp-content\\\/uploads\\\/2023\\\/07\\\/site.png\",\"articleSection\":[\"Not\u00edcia do Dia\"],\"inLanguage\":\"pt-BR\",\"potentialAction\":[{\"@type\":\"CommentAction\",\"name\":\"Comment\",\"target\":[\"https:\\\/\\\/www.ayadvogados.com.br\\\/?p=2693#respond\"]}]},{\"@type\":\"WebPage\",\"@id\":\"https:\\\/\\\/www.ayadvogados.com.br\\\/?p=2693\",\"url\":\"https:\\\/\\\/www.ayadvogados.com.br\\\/?p=2693\",\"name\":\"Especial Reforma Tribut\u00e1ria - Amaral, Yazbek Advogados\",\"isPartOf\":{\"@id\":\"https:\\\/\\\/www.ayadvogados.com.br\\\/#website\"},\"primaryImageOfPage\":{\"@id\":\"https:\\\/\\\/www.ayadvogados.com.br\\\/?p=2693#primaryimage\"},\"image\":{\"@id\":\"https:\\\/\\\/www.ayadvogados.com.br\\\/?p=2693#primaryimage\"},\"thumbnailUrl\":\"https:\\\/\\\/www.ayadvogados.com.br\\\/wp-content\\\/uploads\\\/2023\\\/07\\\/site.png\",\"datePublished\":\"2023-07-07T17:47:14+00:00\",\"dateModified\":\"2023-07-07T17:47:15+00:00\",\"description\":\"A PEC da Reforma Tribut\u00e1ria foi aprovada em dois turnos pela C\u00e2mara dos Deputados, na data de 06\\\/07. O texto aprovado tem poucas altera\u00e7\u00f5es\",\"breadcrumb\":{\"@id\":\"https:\\\/\\\/www.ayadvogados.com.br\\\/?p=2693#breadcrumb\"},\"inLanguage\":\"pt-BR\",\"potentialAction\":[{\"@type\":\"ReadAction\",\"target\":[\"https:\\\/\\\/www.ayadvogados.com.br\\\/?p=2693\"]}]},{\"@type\":\"ImageObject\",\"inLanguage\":\"pt-BR\",\"@id\":\"https:\\\/\\\/www.ayadvogados.com.br\\\/?p=2693#primaryimage\",\"url\":\"https:\\\/\\\/www.ayadvogados.com.br\\\/wp-content\\\/uploads\\\/2023\\\/07\\\/site.png\",\"contentUrl\":\"https:\\\/\\\/www.ayadvogados.com.br\\\/wp-content\\\/uploads\\\/2023\\\/07\\\/site.png\",\"width\":1920,\"height\":1080,\"caption\":\"Especial Reforma Tribut\u00e1ria\"},{\"@type\":\"BreadcrumbList\",\"@id\":\"https:\\\/\\\/www.ayadvogados.com.br\\\/?p=2693#breadcrumb\",\"itemListElement\":[{\"@type\":\"ListItem\",\"position\":1,\"name\":\"In\u00edcio\",\"item\":\"https:\\\/\\\/www.ayadvogados.com.br\\\/\"},{\"@type\":\"ListItem\",\"position\":2,\"name\":\"Especial Reforma Tribut\u00e1ria\"}]},{\"@type\":\"WebSite\",\"@id\":\"https:\\\/\\\/www.ayadvogados.com.br\\\/#website\",\"url\":\"https:\\\/\\\/www.ayadvogados.com.br\\\/\",\"name\":\"Amaral, Yazbek Advogados\",\"description\":\"Curitiba \u2022 Bras\u00edlia \u2022 S\u00e3o Paulo\",\"publisher\":{\"@id\":\"https:\\\/\\\/www.ayadvogados.com.br\\\/#organization\"},\"potentialAction\":[{\"@type\":\"SearchAction\",\"target\":{\"@type\":\"EntryPoint\",\"urlTemplate\":\"https:\\\/\\\/www.ayadvogados.com.br\\\/?s={search_term_string}\"},\"query-input\":{\"@type\":\"PropertyValueSpecification\",\"valueRequired\":true,\"valueName\":\"search_term_string\"}}],\"inLanguage\":\"pt-BR\"},{\"@type\":\"Organization\",\"@id\":\"https:\\\/\\\/www.ayadvogados.com.br\\\/#organization\",\"name\":\"Amaral, Yazbek Advogados\",\"url\":\"https:\\\/\\\/www.ayadvogados.com.br\\\/\",\"logo\":{\"@type\":\"ImageObject\",\"inLanguage\":\"pt-BR\",\"@id\":\"https:\\\/\\\/www.ayadvogados.com.br\\\/#\\\/schema\\\/logo\\\/image\\\/\",\"url\":\"http:\\\/\\\/34.239.117.254\\\/wp-content\\\/uploads\\\/2021\\\/03\\\/logo-ay-g.png\",\"contentUrl\":\"http:\\\/\\\/34.239.117.254\\\/wp-content\\\/uploads\\\/2021\\\/03\\\/logo-ay-g.png\",\"width\":434,\"height\":106,\"caption\":\"Amaral, Yazbek Advogados\"},\"image\":{\"@id\":\"https:\\\/\\\/www.ayadvogados.com.br\\\/#\\\/schema\\\/logo\\\/image\\\/\"},\"sameAs\":[\"https:\\\/\\\/www.facebook.com\\\/AYadvogados\",\"https:\\\/\\\/www.instagram.com\\\/ayadvogados\\\/\"]},{\"@type\":\"Person\",\"@id\":\"https:\\\/\\\/www.ayadvogados.com.br\\\/#\\\/schema\\\/person\\\/6b9165a58758b048b8ea5a4fbd4ec3c4\",\"name\":\"Infra\",\"image\":{\"@type\":\"ImageObject\",\"inLanguage\":\"pt-BR\",\"@id\":\"https:\\\/\\\/secure.gravatar.com\\\/avatar\\\/60bf67293e186b9c834e31753dcc586dfcedb661d13b6b9ba29ac991ccafc035?s=96&d=mm&r=g\",\"url\":\"https:\\\/\\\/secure.gravatar.com\\\/avatar\\\/60bf67293e186b9c834e31753dcc586dfcedb661d13b6b9ba29ac991ccafc035?s=96&d=mm&r=g\",\"contentUrl\":\"https:\\\/\\\/secure.gravatar.com\\\/avatar\\\/60bf67293e186b9c834e31753dcc586dfcedb661d13b6b9ba29ac991ccafc035?s=96&d=mm&r=g\",\"caption\":\"Infra\"},\"url\":\"https:\\\/\\\/www.ayadvogados.com.br\\\/?author=3\"}]}<\/script>\n<!-- \/ Yoast SEO plugin. -->","yoast_head_json":{"title":"Especial Reforma Tribut\u00e1ria - Amaral, Yazbek Advogados","description":"A PEC da Reforma Tribut\u00e1ria foi aprovada em dois turnos pela C\u00e2mara dos Deputados, na data de 06\/07. O texto aprovado tem poucas altera\u00e7\u00f5es","robots":{"index":"index","follow":"follow","max-snippet":"max-snippet:-1","max-image-preview":"max-image-preview:large","max-video-preview":"max-video-preview:-1"},"canonical":"https:\/\/www.ayadvogados.com.br\/?p=2693","og_locale":"pt_BR","og_type":"article","og_title":"Especial Reforma Tribut\u00e1ria - Amaral, Yazbek Advogados","og_description":"A PEC da Reforma Tribut\u00e1ria foi aprovada em dois turnos pela C\u00e2mara dos Deputados, na data de 06\/07. O texto aprovado tem poucas altera\u00e7\u00f5es","og_url":"https:\/\/www.ayadvogados.com.br\/?p=2693","og_site_name":"Amaral, Yazbek Advogados","article_publisher":"https:\/\/www.facebook.com\/AYadvogados","article_published_time":"2023-07-07T17:47:14+00:00","article_modified_time":"2023-07-07T17:47:15+00:00","og_image":[{"width":1920,"height":1080,"url":"https:\/\/www.ayadvogados.com.br\/wp-content\/uploads\/2023\/07\/site.png","type":"image\/png"}],"author":"Infra","twitter_card":"summary_large_image","twitter_misc":{"Escrito por":"Infra","Est. tempo de leitura":"2 minutos"},"schema":{"@context":"https:\/\/schema.org","@graph":[{"@type":"Article","@id":"https:\/\/www.ayadvogados.com.br\/?p=2693#article","isPartOf":{"@id":"https:\/\/www.ayadvogados.com.br\/?p=2693"},"author":{"name":"Infra","@id":"https:\/\/www.ayadvogados.com.br\/#\/schema\/person\/6b9165a58758b048b8ea5a4fbd4ec3c4"},"headline":"Especial Reforma Tribut\u00e1ria","datePublished":"2023-07-07T17:47:14+00:00","dateModified":"2023-07-07T17:47:15+00:00","mainEntityOfPage":{"@id":"https:\/\/www.ayadvogados.com.br\/?p=2693"},"wordCount":304,"commentCount":0,"publisher":{"@id":"https:\/\/www.ayadvogados.com.br\/#organization"},"image":{"@id":"https:\/\/www.ayadvogados.com.br\/?p=2693#primaryimage"},"thumbnailUrl":"https:\/\/www.ayadvogados.com.br\/wp-content\/uploads\/2023\/07\/site.png","articleSection":["Not\u00edcia do Dia"],"inLanguage":"pt-BR","potentialAction":[{"@type":"CommentAction","name":"Comment","target":["https:\/\/www.ayadvogados.com.br\/?p=2693#respond"]}]},{"@type":"WebPage","@id":"https:\/\/www.ayadvogados.com.br\/?p=2693","url":"https:\/\/www.ayadvogados.com.br\/?p=2693","name":"Especial Reforma Tribut\u00e1ria - Amaral, Yazbek Advogados","isPartOf":{"@id":"https:\/\/www.ayadvogados.com.br\/#website"},"primaryImageOfPage":{"@id":"https:\/\/www.ayadvogados.com.br\/?p=2693#primaryimage"},"image":{"@id":"https:\/\/www.ayadvogados.com.br\/?p=2693#primaryimage"},"thumbnailUrl":"https:\/\/www.ayadvogados.com.br\/wp-content\/uploads\/2023\/07\/site.png","datePublished":"2023-07-07T17:47:14+00:00","dateModified":"2023-07-07T17:47:15+00:00","description":"A PEC da Reforma Tribut\u00e1ria foi aprovada em dois turnos pela C\u00e2mara dos Deputados, na data de 06\/07. O texto aprovado tem poucas altera\u00e7\u00f5es","breadcrumb":{"@id":"https:\/\/www.ayadvogados.com.br\/?p=2693#breadcrumb"},"inLanguage":"pt-BR","potentialAction":[{"@type":"ReadAction","target":["https:\/\/www.ayadvogados.com.br\/?p=2693"]}]},{"@type":"ImageObject","inLanguage":"pt-BR","@id":"https:\/\/www.ayadvogados.com.br\/?p=2693#primaryimage","url":"https:\/\/www.ayadvogados.com.br\/wp-content\/uploads\/2023\/07\/site.png","contentUrl":"https:\/\/www.ayadvogados.com.br\/wp-content\/uploads\/2023\/07\/site.png","width":1920,"height":1080,"caption":"Especial Reforma Tribut\u00e1ria"},{"@type":"BreadcrumbList","@id":"https:\/\/www.ayadvogados.com.br\/?p=2693#breadcrumb","itemListElement":[{"@type":"ListItem","position":1,"name":"In\u00edcio","item":"https:\/\/www.ayadvogados.com.br\/"},{"@type":"ListItem","position":2,"name":"Especial Reforma Tribut\u00e1ria"}]},{"@type":"WebSite","@id":"https:\/\/www.ayadvogados.com.br\/#website","url":"https:\/\/www.ayadvogados.com.br\/","name":"Amaral, Yazbek Advogados","description":"Curitiba \u2022 Bras\u00edlia \u2022 S\u00e3o Paulo","publisher":{"@id":"https:\/\/www.ayadvogados.com.br\/#organization"},"potentialAction":[{"@type":"SearchAction","target":{"@type":"EntryPoint","urlTemplate":"https:\/\/www.ayadvogados.com.br\/?s={search_term_string}"},"query-input":{"@type":"PropertyValueSpecification","valueRequired":true,"valueName":"search_term_string"}}],"inLanguage":"pt-BR"},{"@type":"Organization","@id":"https:\/\/www.ayadvogados.com.br\/#organization","name":"Amaral, Yazbek Advogados","url":"https:\/\/www.ayadvogados.com.br\/","logo":{"@type":"ImageObject","inLanguage":"pt-BR","@id":"https:\/\/www.ayadvogados.com.br\/#\/schema\/logo\/image\/","url":"http:\/\/34.239.117.254\/wp-content\/uploads\/2021\/03\/logo-ay-g.png","contentUrl":"http:\/\/34.239.117.254\/wp-content\/uploads\/2021\/03\/logo-ay-g.png","width":434,"height":106,"caption":"Amaral, Yazbek Advogados"},"image":{"@id":"https:\/\/www.ayadvogados.com.br\/#\/schema\/logo\/image\/"},"sameAs":["https:\/\/www.facebook.com\/AYadvogados","https:\/\/www.instagram.com\/ayadvogados\/"]},{"@type":"Person","@id":"https:\/\/www.ayadvogados.com.br\/#\/schema\/person\/6b9165a58758b048b8ea5a4fbd4ec3c4","name":"Infra","image":{"@type":"ImageObject","inLanguage":"pt-BR","@id":"https:\/\/secure.gravatar.com\/avatar\/60bf67293e186b9c834e31753dcc586dfcedb661d13b6b9ba29ac991ccafc035?s=96&d=mm&r=g","url":"https:\/\/secure.gravatar.com\/avatar\/60bf67293e186b9c834e31753dcc586dfcedb661d13b6b9ba29ac991ccafc035?s=96&d=mm&r=g","contentUrl":"https:\/\/secure.gravatar.com\/avatar\/60bf67293e186b9c834e31753dcc586dfcedb661d13b6b9ba29ac991ccafc035?s=96&d=mm&r=g","caption":"Infra"},"url":"https:\/\/www.ayadvogados.com.br\/?author=3"}]}},"rttpg_featured_image_url":{"full":["https:\/\/www.ayadvogados.com.br\/wp-content\/uploads\/2023\/07\/site.png",1920,1080,false],"landscape":["https:\/\/www.ayadvogados.com.br\/wp-content\/uploads\/2023\/07\/site.png",1920,1080,false],"portraits":["https:\/\/www.ayadvogados.com.br\/wp-content\/uploads\/2023\/07\/site.png",1920,1080,false],"thumbnail":["https:\/\/www.ayadvogados.com.br\/wp-content\/uploads\/2023\/07\/site-150x150.png",150,150,true],"medium":["https:\/\/www.ayadvogados.com.br\/wp-content\/uploads\/2023\/07\/site-300x169.png",300,169,true],"large":["https:\/\/www.ayadvogados.com.br\/wp-content\/uploads\/2023\/07\/site-1024x576.png",1024,576,true],"1536x1536":["https:\/\/www.ayadvogados.com.br\/wp-content\/uploads\/2023\/07\/site-1536x864.png",1536,864,true],"2048x2048":["https:\/\/www.ayadvogados.com.br\/wp-content\/uploads\/2023\/07\/site.png",1920,1080,false]},"rttpg_author":{"display_name":"Infra","author_link":"https:\/\/www.ayadvogados.com.br\/?author=3"},"rttpg_comment":0,"rttpg_category":"<a href=\"https:\/\/www.ayadvogados.com.br\/?cat=1\" rel=\"category\">Not\u00edcia do Dia<\/a>","rttpg_excerpt":"A PEC da Reforma Tribut\u00e1ria foi aprovada em dois turnos pela C\u00e2mara dos Deputados, na data de 06\/07\/2023.O texto aprovado tem poucas altera\u00e7\u00f5es em rela\u00e7\u00e3o ao substitutivo apresentado pelo relator, o Deputado Aguinaldo Ribeiro. Dentre as mudan\u00e7as com rela\u00e7\u00e3o ao \u00faltimo texto, pode-se destacar:","_links":{"self":[{"href":"https:\/\/www.ayadvogados.com.br\/index.php?rest_route=\/wp\/v2\/posts\/2693","targetHints":{"allow":["GET"]}}],"collection":[{"href":"https:\/\/www.ayadvogados.com.br\/index.php?rest_route=\/wp\/v2\/posts"}],"about":[{"href":"https:\/\/www.ayadvogados.com.br\/index.php?rest_route=\/wp\/v2\/types\/post"}],"author":[{"embeddable":true,"href":"https:\/\/www.ayadvogados.com.br\/index.php?rest_route=\/wp\/v2\/users\/3"}],"replies":[{"embeddable":true,"href":"https:\/\/www.ayadvogados.com.br\/index.php?rest_route=%2Fwp%2Fv2%2Fcomments&post=2693"}],"version-history":[{"count":1,"href":"https:\/\/www.ayadvogados.com.br\/index.php?rest_route=\/wp\/v2\/posts\/2693\/revisions"}],"predecessor-version":[{"id":2695,"href":"https:\/\/www.ayadvogados.com.br\/index.php?rest_route=\/wp\/v2\/posts\/2693\/revisions\/2695"}],"wp:featuredmedia":[{"embeddable":true,"href":"https:\/\/www.ayadvogados.com.br\/index.php?rest_route=\/wp\/v2\/media\/2694"}],"wp:attachment":[{"href":"https:\/\/www.ayadvogados.com.br\/index.php?rest_route=%2Fwp%2Fv2%2Fmedia&parent=2693"}],"wp:term":[{"taxonomy":"category","embeddable":true,"href":"https:\/\/www.ayadvogados.com.br\/index.php?rest_route=%2Fwp%2Fv2%2Fcategories&post=2693"},{"taxonomy":"post_tag","embeddable":true,"href":"https:\/\/www.ayadvogados.com.br\/index.php?rest_route=%2Fwp%2Fv2%2Ftags&post=2693"}],"curies":[{"name":"wp","href":"https:\/\/api.w.org\/{rel}","templated":true}]}}