{"id":268,"date":"2020-12-02T11:12:00","date_gmt":"2020-12-02T14:12:00","guid":{"rendered":"http:\/\/34.239.117.254\/?p=268"},"modified":"2021-03-18T11:13:10","modified_gmt":"2021-03-18T14:13:10","slug":"stj-comeca-a-julgar-revogacao-de-isencao-da-lei-do-bem-a-varejistas","status":"publish","type":"post","link":"https:\/\/www.ayadvogados.com.br\/?p=268","title":{"rendered":"STJ come\u00e7a a julgar revoga\u00e7\u00e3o de isen\u00e7\u00e3o da Lei do Bem a varejistas"},"content":{"rendered":"\n<p>As varejistas sa\u00edram na frente no julgamento em que a 1\u00aa Turma do Superior Tribunal de Justi\u00e7a (STJ) vai decidir se \u00e9 v\u00e1lida a revoga\u00e7\u00e3o antecipada da al\u00edquota zero de PIS e Cofins sobre a receita bruta de venda a varejo de determinados eletr\u00f4nicos, como smartphones e notebooks. Criada em 2005 e renovada, a isen\u00e7\u00e3o deveria valer at\u00e9 2018, mas foi revogada em 2015.<\/p>\n\n\n\n<p>O relator, ministro Napole\u00e3o Nunes Maia Filho, votou a favor das empresas. Mas logo depois o ministro Gurgel de Faria pediu vista, suspendendo o julgamento.<\/p>\n\n\n\n<p>O benef\u00edcio fiscal ao varejo representou R$ 6,7 bilh\u00f5es de gasto tribut\u00e1rio anual, segundo a Procuradoria-Geral da Fazenda Nacional (PGFN). Nos Tribunais Regionais Federais (TRFs) prevalecem decis\u00f5es favor\u00e1veis \u00e0 Fazenda, de acordo com a sustenta\u00e7\u00e3o oral da procuradora Amanda Geracy.<\/p>\n\n\n\n<p>A Lei do Bem, n\u00ba 11.196, de 2005, criou o programa de inclus\u00e3o digital, al\u00e9m da redu\u00e7\u00e3o \u00e0 ind\u00fastria, reduziu \u00e0 zero al\u00edquotas de PIS e Cofins nas vendas a varejo de produtos de inform\u00e1tica e tecnologia. O objetivo era estimular a compra de produtos de inform\u00e1tica.<\/p>\n\n\n\n<p>Em 2009 o benef\u00edcio fiscal foi prorrogado at\u00e9 2014, quando foi novamente prorrogado at\u00e9 2018, pela Lei n\u00ba 13.097. Mas a Lei n\u00ba 13.241, de 2015, retirou a isen\u00e7\u00e3o fiscal \u00e0s varejistas da norma.<\/p>\n\n\n\n<p>No STJ, o tema \u00e9 julgado em duas a\u00e7\u00f5es em que empresas tentam reformar decis\u00f5es dos TRFs da 3\u00aa (SP e MS) e 4\u00aa (RS, PR e SC) Regi\u00f5es e uma da Fazenda Nacional contra decis\u00e3o da 5\u00aa Regi\u00e3o (REsp 1849819, 1845082 e 1725452).<\/p>\n\n\n\n<p>\u201cO programa foi t\u00e3o bem sucedido que foi prorrogado\u201d, afirmou na sustenta\u00e7\u00e3o oral a advogada do Bompre\u00e7o Supermercado, Daniella Zagari, s\u00f3cia do escrit\u00f3rio Machado Meyer. O objetivo era reduzir pre\u00e7os ao consumidor final, por isso a legisla\u00e7\u00e3o tinha uma tabela de pre\u00e7os m\u00e1ximos ao consumidor.<\/p>\n\n\n\n<p>\u201cPara fazer jus a essa desonera\u00e7\u00e3o do PIS e Cofins a ind\u00fastria estava sujeita a uma s\u00e9rie de requisitos para fabrica\u00e7\u00e3o dos produtos\u201d, afirmou a advogada da Sir Computadores, Jussandra Hickmann Andraschko, s\u00f3cia do Hickmann Advogados. Havia exig\u00eancias para as ind\u00fastrias de peso, software, especifica\u00e7\u00f5es de tamanho, fabrica\u00e7\u00e3o, entre outras. Para o varejo, havia a limita\u00e7\u00e3o do pre\u00e7o. \u201cO contribuinte foi surpreendido. N\u00e3o h\u00e1 d\u00favida que houve viola\u00e7\u00e3o ao princ\u00edpio da seguran\u00e7a jur\u00eddica\u201d, diz.<\/p>\n\n\n\n<p>\u201cO contribuinte acordou no ano de 2015 com a vig\u00eancia do benef\u00edcio at\u00e9 31 de dezembro de 2018. Ele se preparou para estabelecer e renovar seus contratos com fornecedores para fazer frente a isso\u201d, afirmou a advogada da Carlos Saraiva Importa\u00e7\u00e3o e com\u00e9rcio Ariane Guimar\u00e3es, s\u00f3cia do escrit\u00f3rio Mattos Filho. Mas em 2015 houve a surpresa com a revoga\u00e7\u00e3o. \u201cAqui, apesar de o termo empregado na lei ser al\u00edquota zero, estamos diante de uma isen\u00e7\u00e3o em ess\u00eancia\u201d, afirmou<\/p>\n\n\n\n<p>A Fazenda Nacional considera que a discuss\u00e3o \u00e9 constitucional, pois cabe definir se uma lei poderia revogar benef\u00edcio de al\u00edquota zero institu\u00eddo por outra lei. H\u00e1 conflito de normas e o Supremo Tribunal Federal (STF) j\u00e1 decidiu que conflito de normas \u00e9 mat\u00e9ria constitucional, segundo a procuradora da Fazenda Nacional Amanda Geracy.<\/p>\n\n\n\n<p>A procuradora afirmou ainda que o grande mote da Lei do Bem foi fomentar pesquisa e desenvolvimento de produtos de inform\u00e1tica no Brasil com uma s\u00e9rie de benef\u00edcios fiscais que visam a ind\u00fastria mas resvala no varejista. O benef\u00edcio ao industrial n\u00e3o foi revogado e persiste at\u00e9 2029.<\/p>\n\n\n\n<p>Na renova\u00e7\u00e3o do benef\u00edcio em 2014, a equipe econ\u00f4mica trabalhava com expectativa de super\u00e1vit e quando ele foi revogado, com d\u00e9ficit, por causa da crise econ\u00f4mica, segundo a procuradora. \u201cAntes de cortar despesas p\u00fablicas se procurou uma revis\u00e3o dos benef\u00edcios fiscais\u201d, afirmou. O seguro desemprego chegou a ser parcelado em 2015 e o or\u00e7amento foi enviado pela primeira vez ao Congresso com d\u00e9ficit e assim foi aprovado.<\/p>\n\n\n\n<p>O rombo fiscal n\u00e3o justifica que o governo use meios ilegais, segundo a sustenta\u00e7\u00e3o oral da representante do amicus curiae Instituto para Desenvolvimento do Varejo, Gl\u00e1ucia Lauletta, s\u00f3cia do escrit\u00f3rio Mattos Filho. De acordo com a advogada, o varejo investiu em estoque, empregos formais e treinamento por causa da isen\u00e7\u00e3o.<\/p>\n\n\n\n<p>Votos<\/p>\n\n\n\n<p>O relator, ministro Napole\u00e3o Nunes Maia Filho, afirmou que o benef\u00edcio visa mais atingir as camadas sociais do que os agentes produtivos. \u201c\u00c9 desalentador verificar que n\u00e3o se esperou a matura\u00e7\u00e3o do programa\u201d, afirmou. De acordo com o relator, sem o benef\u00edcio, os produtos poderiam ficar estocados, com o estrangulamento do acesso \u00e0s pessoas que deveriam ter acesso \u00e0 inclus\u00e3o digital.<\/p>\n\n\n\n<p>\u201cIsso pode ser feito? Prorroga uma coisa e sete meses depois cancela essa coisa?\u201d, questionou. Para o ministro, a revoga\u00e7\u00e3o causou enorme surpresa e preju\u00edzo aos contribuintes, que \u201cse fiaram\u201d na conversa do governo. \u201dN\u00e3o se deve matar o boi para acabar com os carrapatos. Precisamos manter o sistema de incentivos\u201d, afirmou.<\/p>\n\n\n\n<p>O ministro Gurgel de Faria lembrou que em 2019 chegou a pedir para afetar processos da mat\u00e9ria para ser julgada em repetitivo, mas desistiu ao considerar que o tema teria fundamenta\u00e7\u00e3o constitucional e o recurso n\u00e3o deveria ter o m\u00e9rito julgado no STJ. Mas foi informado pelo relator que o STF tem considerado o tema infraconstitucional. O ministro pediu vista para analisar o m\u00e9rito.<\/p>\n\n\n\n<p>&nbsp; Fonte: <a href=\"https:\/\/valor.globo.com\/legislacao\/noticia\/2020\/12\/01\/stj-comea-a-julgar-revogao-de-iseno-da-lei-do-bem-a-varejistas.ghtml?GLBID=1f33b2a914db628ae3d414fe6d655f291784f734f577173634e3333396949516a7735656752704638354c4c594438495773516e62334379497844306f6f47527579787057484f373948354d6b365466564e7a415a4743724b5861646541626e474848583945413d3d3a303a756d70767074796766676976776e6270786b6476\">Valor<\/a><\/p>\n\n\n\n<p>A Amaral, Yazbek, OAB\/PR 762, possui 35 anos de experi\u00eancia auxiliando empresas a transformar a tributa\u00e7\u00e3o em lucro. Entre em contato com um dos s\u00f3cios para agendamento de reuni\u00e3o em caso de d\u00favidas.<\/p>\n\n\n\n<p>Contato: 41 3595-8300 ou pelo nosso WhatsApp 41 99567-5696<\/p>\n\n\n\n<p>Av. C\u00e2ndido Hartmann, 50 \u2013 Bigorrilho | Curitiba-PR<\/p>\n\n\n\n<p>Assine nossa Newsletter e fique por dentro das novidades!<\/p>\n\n\n\n<p>Quer receber seu exemplar da revista Governan\u00e7a Jur\u00eddica? Clique <a href=\"http:\/\/ayadvogados.com.br\/revista\">aqui<\/a>&nbsp;e pe\u00e7a a sua.<\/p>\n\n\n\n<p>Nos acompanhe nas redes sociais: <a href=\"https:\/\/www.facebook.com\/amaral.yazbek\">Facebook<\/a>&nbsp;| <a href=\"https:\/\/www.instagram.com\/amaral.yazbek\/\">Instagram<\/a> | <a href=\"https:\/\/www.linkedin.com\/company\/3357082\/admin\/\">Linkedin<\/a><\/p>\n\n\n\n<p>J\u00e1 conhece o canal Direito da Intelig\u00eancia de Neg\u00f3cios? <a href=\"https:\/\/www.youtube.com\/channel\/UCu2Mpu32ht8DEN8OFRXYMyw\">Inscreva-se j\u00e1<\/a><\/p>\n","protected":false},"excerpt":{"rendered":"<p>As varejistas sa\u00edram na frente no julgamento em que a 1\u00aa Turma do Superior Tribunal de Justi\u00e7a (STJ) vai decidir se \u00e9 v\u00e1lida a revoga\u00e7\u00e3o antecipada da al\u00edquota zero de PIS e Cofins sobre a receita bruta de venda a varejo de determinados eletr\u00f4nicos, como smartphones e notebooks. Criada em 2005 e renovada, a isen\u00e7\u00e3o [&hellip;]<\/p>\n","protected":false},"author":3,"featured_media":0,"comment_status":"open","ping_status":"open","sticky":false,"template":"","format":"standard","meta":{"footnotes":""},"categories":[1],"tags":[],"class_list":["post-268","post","type-post","status-publish","format-standard","hentry","category-noticia-do-dia"],"blocksy_meta":{"styles_descriptor":{"styles":{"desktop":"","tablet":"","mobile":""},"google_fonts":[],"version":6}},"yoast_head":"<!-- This site is optimized with the Yoast SEO plugin v27.5 - https:\/\/yoast.com\/product\/yoast-seo-wordpress\/ -->\n<title>STJ come\u00e7a a julgar revoga\u00e7\u00e3o de isen\u00e7\u00e3o da Lei do Bem a varejistas - Amaral, Yazbek Advogados<\/title>\n<meta name=\"robots\" content=\"index, follow, max-snippet:-1, max-image-preview:large, max-video-preview:-1\" \/>\n<link rel=\"canonical\" href=\"https:\/\/www.34.239.117.254.sslip.io\/?p=268\" \/>\n<meta property=\"og:locale\" content=\"pt_BR\" \/>\n<meta property=\"og:type\" content=\"article\" \/>\n<meta property=\"og:title\" content=\"STJ come\u00e7a a julgar revoga\u00e7\u00e3o de isen\u00e7\u00e3o da Lei do Bem a varejistas - Amaral, Yazbek Advogados\" \/>\n<meta property=\"og:description\" content=\"As varejistas sa\u00edram na frente no julgamento em que a 1\u00aa Turma do Superior Tribunal de Justi\u00e7a (STJ) vai decidir se \u00e9 v\u00e1lida a revoga\u00e7\u00e3o antecipada da al\u00edquota zero de PIS e Cofins sobre a receita bruta de venda a varejo de determinados eletr\u00f4nicos, como smartphones e notebooks. Criada em 2005 e renovada, a isen\u00e7\u00e3o [&hellip;]\" \/>\n<meta property=\"og:url\" content=\"https:\/\/www.34.239.117.254.sslip.io\/?p=268\" \/>\n<meta property=\"og:site_name\" content=\"Amaral, Yazbek Advogados\" \/>\n<meta property=\"article:publisher\" content=\"https:\/\/www.facebook.com\/AYadvogados\" \/>\n<meta property=\"article:published_time\" content=\"2020-12-02T14:12:00+00:00\" \/>\n<meta property=\"article:modified_time\" content=\"2021-03-18T14:13:10+00:00\" \/>\n<meta name=\"author\" content=\"Infra\" \/>\n<meta name=\"twitter:card\" content=\"summary_large_image\" \/>\n<meta name=\"twitter:label1\" content=\"Escrito por\" \/>\n\t<meta name=\"twitter:data1\" content=\"Infra\" \/>\n\t<meta name=\"twitter:label2\" content=\"Est. tempo de leitura\" \/>\n\t<meta name=\"twitter:data2\" content=\"5 minutos\" \/>\n<script type=\"application\/ld+json\" class=\"yoast-schema-graph\">{\"@context\":\"https:\\\/\\\/schema.org\",\"@graph\":[{\"@type\":\"Article\",\"@id\":\"https:\\\/\\\/www.34.239.117.254.sslip.io\\\/?p=268#article\",\"isPartOf\":{\"@id\":\"https:\\\/\\\/www.34.239.117.254.sslip.io\\\/?p=268\"},\"author\":{\"name\":\"Infra\",\"@id\":\"https:\\\/\\\/www.34.239.117.254.sslip.io\\\/#\\\/schema\\\/person\\\/6b9165a58758b048b8ea5a4fbd4ec3c4\"},\"headline\":\"STJ come\u00e7a a julgar revoga\u00e7\u00e3o de isen\u00e7\u00e3o da Lei do Bem a varejistas\",\"datePublished\":\"2020-12-02T14:12:00+00:00\",\"dateModified\":\"2021-03-18T14:13:10+00:00\",\"mainEntityOfPage\":{\"@id\":\"https:\\\/\\\/www.34.239.117.254.sslip.io\\\/?p=268\"},\"wordCount\":1035,\"commentCount\":0,\"publisher\":{\"@id\":\"https:\\\/\\\/www.34.239.117.254.sslip.io\\\/#organization\"},\"articleSection\":[\"Not\u00edcia do Dia\"],\"inLanguage\":\"pt-BR\",\"potentialAction\":[{\"@type\":\"CommentAction\",\"name\":\"Comment\",\"target\":[\"https:\\\/\\\/www.34.239.117.254.sslip.io\\\/?p=268#respond\"]}]},{\"@type\":\"WebPage\",\"@id\":\"https:\\\/\\\/www.34.239.117.254.sslip.io\\\/?p=268\",\"url\":\"https:\\\/\\\/www.34.239.117.254.sslip.io\\\/?p=268\",\"name\":\"STJ come\u00e7a a julgar revoga\u00e7\u00e3o de isen\u00e7\u00e3o da Lei do Bem a varejistas - Amaral, Yazbek Advogados\",\"isPartOf\":{\"@id\":\"https:\\\/\\\/www.34.239.117.254.sslip.io\\\/#website\"},\"datePublished\":\"2020-12-02T14:12:00+00:00\",\"dateModified\":\"2021-03-18T14:13:10+00:00\",\"breadcrumb\":{\"@id\":\"https:\\\/\\\/www.34.239.117.254.sslip.io\\\/?p=268#breadcrumb\"},\"inLanguage\":\"pt-BR\",\"potentialAction\":[{\"@type\":\"ReadAction\",\"target\":[\"https:\\\/\\\/www.34.239.117.254.sslip.io\\\/?p=268\"]}]},{\"@type\":\"BreadcrumbList\",\"@id\":\"https:\\\/\\\/www.34.239.117.254.sslip.io\\\/?p=268#breadcrumb\",\"itemListElement\":[{\"@type\":\"ListItem\",\"position\":1,\"name\":\"In\u00edcio\",\"item\":\"https:\\\/\\\/www.34.239.117.254.sslip.io\\\/\"},{\"@type\":\"ListItem\",\"position\":2,\"name\":\"STJ come\u00e7a a julgar revoga\u00e7\u00e3o de isen\u00e7\u00e3o da Lei do Bem a varejistas\"}]},{\"@type\":\"WebSite\",\"@id\":\"https:\\\/\\\/www.34.239.117.254.sslip.io\\\/#website\",\"url\":\"https:\\\/\\\/www.34.239.117.254.sslip.io\\\/\",\"name\":\"Amaral, Yazbek Advogados\",\"description\":\"Curitiba \u2022 Bras\u00edlia \u2022 S\u00e3o Paulo\",\"publisher\":{\"@id\":\"https:\\\/\\\/www.34.239.117.254.sslip.io\\\/#organization\"},\"potentialAction\":[{\"@type\":\"SearchAction\",\"target\":{\"@type\":\"EntryPoint\",\"urlTemplate\":\"https:\\\/\\\/www.34.239.117.254.sslip.io\\\/?s={search_term_string}\"},\"query-input\":{\"@type\":\"PropertyValueSpecification\",\"valueRequired\":true,\"valueName\":\"search_term_string\"}}],\"inLanguage\":\"pt-BR\"},{\"@type\":\"Organization\",\"@id\":\"https:\\\/\\\/www.34.239.117.254.sslip.io\\\/#organization\",\"name\":\"Amaral, Yazbek Advogados\",\"url\":\"https:\\\/\\\/www.34.239.117.254.sslip.io\\\/\",\"logo\":{\"@type\":\"ImageObject\",\"inLanguage\":\"pt-BR\",\"@id\":\"https:\\\/\\\/www.34.239.117.254.sslip.io\\\/#\\\/schema\\\/logo\\\/image\\\/\",\"url\":\"http:\\\/\\\/34.239.117.254\\\/wp-content\\\/uploads\\\/2021\\\/03\\\/logo-ay-g.png\",\"contentUrl\":\"http:\\\/\\\/34.239.117.254\\\/wp-content\\\/uploads\\\/2021\\\/03\\\/logo-ay-g.png\",\"width\":434,\"height\":106,\"caption\":\"Amaral, Yazbek Advogados\"},\"image\":{\"@id\":\"https:\\\/\\\/www.34.239.117.254.sslip.io\\\/#\\\/schema\\\/logo\\\/image\\\/\"},\"sameAs\":[\"https:\\\/\\\/www.facebook.com\\\/AYadvogados\",\"https:\\\/\\\/www.instagram.com\\\/ayadvogados\\\/\"]},{\"@type\":\"Person\",\"@id\":\"https:\\\/\\\/www.34.239.117.254.sslip.io\\\/#\\\/schema\\\/person\\\/6b9165a58758b048b8ea5a4fbd4ec3c4\",\"name\":\"Infra\",\"image\":{\"@type\":\"ImageObject\",\"inLanguage\":\"pt-BR\",\"@id\":\"https:\\\/\\\/secure.gravatar.com\\\/avatar\\\/60bf67293e186b9c834e31753dcc586dfcedb661d13b6b9ba29ac991ccafc035?s=96&d=mm&r=g\",\"url\":\"https:\\\/\\\/secure.gravatar.com\\\/avatar\\\/60bf67293e186b9c834e31753dcc586dfcedb661d13b6b9ba29ac991ccafc035?s=96&d=mm&r=g\",\"contentUrl\":\"https:\\\/\\\/secure.gravatar.com\\\/avatar\\\/60bf67293e186b9c834e31753dcc586dfcedb661d13b6b9ba29ac991ccafc035?s=96&d=mm&r=g\",\"caption\":\"Infra\"},\"url\":\"https:\\\/\\\/www.ayadvogados.com.br\\\/?author=3\"}]}<\/script>\n<!-- \/ Yoast SEO plugin. -->","yoast_head_json":{"title":"STJ come\u00e7a a julgar revoga\u00e7\u00e3o de isen\u00e7\u00e3o da Lei do Bem a varejistas - Amaral, Yazbek Advogados","robots":{"index":"index","follow":"follow","max-snippet":"max-snippet:-1","max-image-preview":"max-image-preview:large","max-video-preview":"max-video-preview:-1"},"canonical":"https:\/\/www.34.239.117.254.sslip.io\/?p=268","og_locale":"pt_BR","og_type":"article","og_title":"STJ come\u00e7a a julgar revoga\u00e7\u00e3o de isen\u00e7\u00e3o da Lei do Bem a varejistas - Amaral, Yazbek Advogados","og_description":"As varejistas sa\u00edram na frente no julgamento em que a 1\u00aa Turma do Superior Tribunal de Justi\u00e7a (STJ) vai decidir se \u00e9 v\u00e1lida a revoga\u00e7\u00e3o antecipada da al\u00edquota zero de PIS e Cofins sobre a receita bruta de venda a varejo de determinados eletr\u00f4nicos, como smartphones e notebooks. Criada em 2005 e renovada, a isen\u00e7\u00e3o [&hellip;]","og_url":"https:\/\/www.34.239.117.254.sslip.io\/?p=268","og_site_name":"Amaral, Yazbek Advogados","article_publisher":"https:\/\/www.facebook.com\/AYadvogados","article_published_time":"2020-12-02T14:12:00+00:00","article_modified_time":"2021-03-18T14:13:10+00:00","author":"Infra","twitter_card":"summary_large_image","twitter_misc":{"Escrito por":"Infra","Est. tempo de leitura":"5 minutos"},"schema":{"@context":"https:\/\/schema.org","@graph":[{"@type":"Article","@id":"https:\/\/www.34.239.117.254.sslip.io\/?p=268#article","isPartOf":{"@id":"https:\/\/www.34.239.117.254.sslip.io\/?p=268"},"author":{"name":"Infra","@id":"https:\/\/www.34.239.117.254.sslip.io\/#\/schema\/person\/6b9165a58758b048b8ea5a4fbd4ec3c4"},"headline":"STJ come\u00e7a a julgar revoga\u00e7\u00e3o de isen\u00e7\u00e3o da Lei do Bem a varejistas","datePublished":"2020-12-02T14:12:00+00:00","dateModified":"2021-03-18T14:13:10+00:00","mainEntityOfPage":{"@id":"https:\/\/www.34.239.117.254.sslip.io\/?p=268"},"wordCount":1035,"commentCount":0,"publisher":{"@id":"https:\/\/www.34.239.117.254.sslip.io\/#organization"},"articleSection":["Not\u00edcia do Dia"],"inLanguage":"pt-BR","potentialAction":[{"@type":"CommentAction","name":"Comment","target":["https:\/\/www.34.239.117.254.sslip.io\/?p=268#respond"]}]},{"@type":"WebPage","@id":"https:\/\/www.34.239.117.254.sslip.io\/?p=268","url":"https:\/\/www.34.239.117.254.sslip.io\/?p=268","name":"STJ come\u00e7a a julgar revoga\u00e7\u00e3o de isen\u00e7\u00e3o da Lei do Bem a varejistas - Amaral, Yazbek Advogados","isPartOf":{"@id":"https:\/\/www.34.239.117.254.sslip.io\/#website"},"datePublished":"2020-12-02T14:12:00+00:00","dateModified":"2021-03-18T14:13:10+00:00","breadcrumb":{"@id":"https:\/\/www.34.239.117.254.sslip.io\/?p=268#breadcrumb"},"inLanguage":"pt-BR","potentialAction":[{"@type":"ReadAction","target":["https:\/\/www.34.239.117.254.sslip.io\/?p=268"]}]},{"@type":"BreadcrumbList","@id":"https:\/\/www.34.239.117.254.sslip.io\/?p=268#breadcrumb","itemListElement":[{"@type":"ListItem","position":1,"name":"In\u00edcio","item":"https:\/\/www.34.239.117.254.sslip.io\/"},{"@type":"ListItem","position":2,"name":"STJ come\u00e7a a julgar revoga\u00e7\u00e3o de isen\u00e7\u00e3o da Lei do Bem a varejistas"}]},{"@type":"WebSite","@id":"https:\/\/www.34.239.117.254.sslip.io\/#website","url":"https:\/\/www.34.239.117.254.sslip.io\/","name":"Amaral, Yazbek Advogados","description":"Curitiba \u2022 Bras\u00edlia \u2022 S\u00e3o Paulo","publisher":{"@id":"https:\/\/www.34.239.117.254.sslip.io\/#organization"},"potentialAction":[{"@type":"SearchAction","target":{"@type":"EntryPoint","urlTemplate":"https:\/\/www.34.239.117.254.sslip.io\/?s={search_term_string}"},"query-input":{"@type":"PropertyValueSpecification","valueRequired":true,"valueName":"search_term_string"}}],"inLanguage":"pt-BR"},{"@type":"Organization","@id":"https:\/\/www.34.239.117.254.sslip.io\/#organization","name":"Amaral, Yazbek Advogados","url":"https:\/\/www.34.239.117.254.sslip.io\/","logo":{"@type":"ImageObject","inLanguage":"pt-BR","@id":"https:\/\/www.34.239.117.254.sslip.io\/#\/schema\/logo\/image\/","url":"http:\/\/34.239.117.254\/wp-content\/uploads\/2021\/03\/logo-ay-g.png","contentUrl":"http:\/\/34.239.117.254\/wp-content\/uploads\/2021\/03\/logo-ay-g.png","width":434,"height":106,"caption":"Amaral, Yazbek Advogados"},"image":{"@id":"https:\/\/www.34.239.117.254.sslip.io\/#\/schema\/logo\/image\/"},"sameAs":["https:\/\/www.facebook.com\/AYadvogados","https:\/\/www.instagram.com\/ayadvogados\/"]},{"@type":"Person","@id":"https:\/\/www.34.239.117.254.sslip.io\/#\/schema\/person\/6b9165a58758b048b8ea5a4fbd4ec3c4","name":"Infra","image":{"@type":"ImageObject","inLanguage":"pt-BR","@id":"https:\/\/secure.gravatar.com\/avatar\/60bf67293e186b9c834e31753dcc586dfcedb661d13b6b9ba29ac991ccafc035?s=96&d=mm&r=g","url":"https:\/\/secure.gravatar.com\/avatar\/60bf67293e186b9c834e31753dcc586dfcedb661d13b6b9ba29ac991ccafc035?s=96&d=mm&r=g","contentUrl":"https:\/\/secure.gravatar.com\/avatar\/60bf67293e186b9c834e31753dcc586dfcedb661d13b6b9ba29ac991ccafc035?s=96&d=mm&r=g","caption":"Infra"},"url":"https:\/\/www.ayadvogados.com.br\/?author=3"}]}},"rttpg_featured_image_url":null,"rttpg_author":{"display_name":"Infra","author_link":"https:\/\/www.ayadvogados.com.br\/?author=3"},"rttpg_comment":0,"rttpg_category":"<a href=\"https:\/\/www.ayadvogados.com.br\/?cat=1\" rel=\"category\">Not\u00edcia do Dia<\/a>","rttpg_excerpt":"As varejistas sa\u00edram na frente no julgamento em que a 1\u00aa Turma do Superior Tribunal de Justi\u00e7a (STJ) vai decidir se \u00e9 v\u00e1lida a revoga\u00e7\u00e3o antecipada da al\u00edquota zero de PIS e Cofins sobre a receita bruta de venda a varejo de determinados eletr\u00f4nicos, como smartphones e notebooks. Criada em 2005 e renovada, a isen\u00e7\u00e3o&hellip;","_links":{"self":[{"href":"https:\/\/www.ayadvogados.com.br\/index.php?rest_route=\/wp\/v2\/posts\/268","targetHints":{"allow":["GET"]}}],"collection":[{"href":"https:\/\/www.ayadvogados.com.br\/index.php?rest_route=\/wp\/v2\/posts"}],"about":[{"href":"https:\/\/www.ayadvogados.com.br\/index.php?rest_route=\/wp\/v2\/types\/post"}],"author":[{"embeddable":true,"href":"https:\/\/www.ayadvogados.com.br\/index.php?rest_route=\/wp\/v2\/users\/3"}],"replies":[{"embeddable":true,"href":"https:\/\/www.ayadvogados.com.br\/index.php?rest_route=%2Fwp%2Fv2%2Fcomments&post=268"}],"version-history":[{"count":1,"href":"https:\/\/www.ayadvogados.com.br\/index.php?rest_route=\/wp\/v2\/posts\/268\/revisions"}],"predecessor-version":[{"id":269,"href":"https:\/\/www.ayadvogados.com.br\/index.php?rest_route=\/wp\/v2\/posts\/268\/revisions\/269"}],"wp:attachment":[{"href":"https:\/\/www.ayadvogados.com.br\/index.php?rest_route=%2Fwp%2Fv2%2Fmedia&parent=268"}],"wp:term":[{"taxonomy":"category","embeddable":true,"href":"https:\/\/www.ayadvogados.com.br\/index.php?rest_route=%2Fwp%2Fv2%2Fcategories&post=268"},{"taxonomy":"post_tag","embeddable":true,"href":"https:\/\/www.ayadvogados.com.br\/index.php?rest_route=%2Fwp%2Fv2%2Ftags&post=268"}],"curies":[{"name":"wp","href":"https:\/\/api.w.org\/{rel}","templated":true}]}}