{"id":266,"date":"2020-12-03T11:11:00","date_gmt":"2020-12-03T14:11:00","guid":{"rendered":"http:\/\/34.239.117.254\/?p=266"},"modified":"2021-03-18T11:12:24","modified_gmt":"2021-03-18T14:12:24","slug":"diferenca-de-pis-cofins-com-exclusao-do-icms-e-inscrita-na-divida-ativa","status":"publish","type":"post","link":"https:\/\/www.ayadvogados.com.br\/?p=266","title":{"rendered":"Diferen\u00e7a de PIS\/Cofins com exclus\u00e3o do ICMS \u00e9 inscrita na d\u00edvida ativa"},"content":{"rendered":"\n<p>Antes de autuar, a Fazenda Nacional tem inscrito diretamente na d\u00edvida ativa da Uni\u00e3o contribuintes que retiraram o ICMS destacado em nota fiscal do PIS e da Cofins, e n\u00e3o o efetivamente pago. Com a cobran\u00e7a da diferen\u00e7a, empresas que j\u00e1 t\u00eam em m\u00e3os decis\u00e3o judicial final para excluir o imposto estadual do c\u00e1lculo das contribui\u00e7\u00f5es est\u00e3o voltando ao Judici\u00e1rio.<\/p>\n\n\n\n<p>Aos casos, est\u00e1 sendo aplicada a Solu\u00e7\u00e3o de Consulta n\u00ba 13, da Coordena\u00e7\u00e3o-Geral de Tributa\u00e7\u00e3o (Cosit) da Receita Federal, segundo a qual deve ser retirado do PIS e da Cofins o ICMS recolhido. Para calcular os cr\u00e9ditos e declar\u00e1-los, por\u00e9m, os contribuintes est\u00e3o usando o que constava em nota.<\/p>\n\n\n\n<p>No Judici\u00e1rio, as empresas alegam supress\u00e3o de defesa. \u201cPor n\u00e3o haver um auto de infra\u00e7\u00e3o, a empresa perde o direito de se defender na esfera administrativa\u201d, afirma o tributarista Lucas Salvoni, do escrit\u00f3rio Cascione Pulino Boulos Advogados. \u201c\u00c9 mais um efeito colateral da contradi\u00e7\u00e3o de posicionamentos entre a Receita e os contribuintes que o Judici\u00e1rio ainda n\u00e3o sanou.\u201d<\/p>\n\n\n\n<p>Para deixar de autuar previamente as empresas, a Fazenda Nacional baseia-se na S\u00famula n\u00ba 436 do Superior Tribunal de Justi\u00e7a (STJ). Segundo seu texto, \u201ca entrega de declara\u00e7\u00e3o pelo contribuinte reconhecendo d\u00e9bito fiscal constitui o cr\u00e9dito tribut\u00e1rio, dispensada qualquer outra provid\u00eancia por parte do Fisco\u201d.<\/p>\n\n\n\n<p>O Supremo Tribunal Federal (STF) decidiu pela exclus\u00e3o do ICMS em 2017. Mas ainda vai julgar o recurso de embargos de declara\u00e7\u00e3o proposto pela Procuradoria-Geral da Fazenda Nacional (PGFN) para tentar limitar no tempo os efeitos da decis\u00e3o. Depois disso, STF ou STJ dever\u00e3o definir qual ICMS deve ser exclu\u00eddo do c\u00e1lculo das contribui\u00e7\u00f5es.<\/p>\n\n\n\n<p>At\u00e9 l\u00e1, o contribuinte declara \u00e0 Receita sobre a decis\u00e3o judicial favor\u00e1vel para subtrair o ICMS. \u201cPor meio do cruzamento de informa\u00e7\u00f5es na DCTF e EFD [Escritura\u00e7\u00e3o Fiscal Digital], a Receita chega em um valor, ainda que aproximado, da diferen\u00e7a entre o ICMS destacado na nota fiscal e o efetivamente pago\u201d, diz Salvoni. \u201cN\u00e3o explica ao contribuinte como calculou, mas inscreve na d\u00edvida ativa porque o valor est\u00e1 em desacordo com a Solu\u00e7\u00e3o de Consulta 13\u201d, acrescenta.<\/p>\n\n\n\n<p>Pelo menos uma empresa que \u00e9 cliente do Cascione Pulino Boulos Advogados j\u00e1 entrou com a\u00e7\u00e3o anulat\u00f3ria na Justi\u00e7a para tentar desconstituir a d\u00edvida ativa, segundo Rafael Vega, tamb\u00e9m tributarista do escrit\u00f3rio. \u201cRecomendamos discutir no Judici\u00e1rio para que seja definido se a Solu\u00e7\u00e3o de Consulta Cosit n\u00b0 13 \u00e9 v\u00e1lida\u201d, afirma o advogado.<\/p>\n\n\n\n<p>Outra alternativa, diz Vega, \u00e9 a empresa pedir para ser autuada. \u201cSe ela opta por entrar com a\u00e7\u00e3o judicial, \u00e9 inclu\u00edda na conta uma multa de mora de 20% e h\u00e1 a necessidade de apresentar dep\u00f3sito do valor em discuss\u00e3o para se defender\u201d, afirma. \u201cSe houver uma autua\u00e7\u00e3o fiscal, a multa inclu\u00edda no processo administrativo \u00e9 de 75%, mas n\u00e3o ser\u00e1 preciso fazer dep\u00f3sito e levar\u00e1 anos at\u00e9 uma defini\u00e7\u00e3o do Judici\u00e1rio.\u201d<\/p>\n\n\n\n<p>A advogada Daniella Zagari, tributarista do Machado Meyer Advogados, acreditava que haveria o risco de sofrer uma autua\u00e7\u00e3o fiscal. \u201cMas a Receita Federal se superou e fez uma interpreta\u00e7\u00e3o absurda\u201d, diz. H\u00e1 mais de cinco casos a respeito na banca.<\/p>\n\n\n\n<p>A advogada tem entrado na Justi\u00e7a com mandados de seguran\u00e7a, antes da execu\u00e7\u00e3o fiscal, porque, segundo ela, conseguindo liminar a empresa n\u00e3o precisa oferecer garantia. O objetivo \u00e9 suspender a inscri\u00e7\u00e3o em d\u00edvida ativa e, ao final, cancelar. \u201cEste \u00e9 mais um mecanismo de press\u00e3o para tentar fazer com que as empresas evitem usar o ICMS destacado na destacado na nota fiscal para aplicar a decis\u00e3o judicial. Parece uma esp\u00e9cie de retalia\u00e7\u00e3o\u201d, afirma.<\/p>\n\n\n\n<p>Para a tributarista do Demarest Almeida, Priscila Faricelli, com a medida o Fisco n\u00e3o permite ao contribuinte questionar o c\u00e1lculo realizado. Na banca, tamb\u00e9m h\u00e1 ao menos cinco casos similares em andamento. \u201cComo a Solu\u00e7\u00e3o de Consulta 13 \u00e9 da Cosit os agentes fiscais s\u00e3o obrigados a aplicar. Mas, no m\u00ednimo, deveriam discutir o c\u00e1lculo do valor cobrado porque vemos inclusive erro de c\u00e1lculo\u201d, diz.<\/p>\n\n\n\n<p>Alguns clientes do Demarest decidiram entrar com mandado de seguran\u00e7a para tentar evitar uma cobran\u00e7a. \u201cOutros preferem aguardar a execu\u00e7\u00e3o fiscal para s\u00f3 ent\u00e3o contestar a inscri\u00e7\u00e3o, com base nos votos do julgamento do STF e do Tribunal Regional Federal [TRF] da 3\u00aa Regi\u00e3o [SP e MS]\u201d, afirma. \u201cNo TRF em S\u00e3o Paulo todos os ac\u00f3rd\u00e3os j\u00e1 proferidos sobre o c\u00e1lculo s\u00e3o favor\u00e1veis aos contribuintes.\u201d<\/p>\n\n\n\n<p>No Pinheiro Neto Advogados, a situa\u00e7\u00e3o n\u00e3o \u00e9 diferente e alcan\u00e7a empresas de segmentos variados como farmac\u00eautico, de supermercados e tecnologia. \u201cNossa orienta\u00e7\u00e3o \u00e9 entrar em ju\u00edzo para parar tudo, por meio de um mandado de seguran\u00e7a contra a inscri\u00e7\u00e3o na d\u00edvida ativa, at\u00e9 o STF deliberar sobre os embargos da PGFN\u201d, diz o s\u00f3cio Luiz Roberto Peroba. O tributarista lembra que o pr\u00f3prio TRF em S\u00e3o Paulo passou a decidir que \u00e9 preciso esperar o julgamento dos embargos.<\/p>\n\n\n\n<p>A obten\u00e7\u00e3o de liminar preserva o direito da empresa de continuar a excluir o ICMS destacado na nota, segundo Peroba. \u201cNo Judici\u00e1rio, alegamos inexist\u00eancia de liquidez e certeza pelo fato de a inscri\u00e7\u00e3o ter como base uma solu\u00e7\u00e3o de consulta que viola o que a Justi\u00e7a antes decidiu.\u201d<\/p>\n\n\n\n<p>A Receita Federal informou que n\u00e3o se manifestar\u00e1 sobre o tema.<\/p>\n\n\n\n<p>&nbsp;Fonte: <a href=\"https:\/\/valor.globo.com\/legislacao\/noticia\/2020\/12\/02\/diferenca-de-piscofins-com-exclusao-do-icms-e-inscrita-na-divida-ativa.ghtml\">Valor<\/a><\/p>\n\n\n\n<p>A Amaral, Yazbek, OAB\/PR 762, possui 35 anos de experi\u00eancia auxiliando empresas a transformar a tributa\u00e7\u00e3o em lucro. Entre em contato com um dos s\u00f3cios para agendamento de reuni\u00e3o em caso de d\u00favidas.<\/p>\n\n\n\n<p>Contato: 41 3595-8300 ou pelo nosso WhatsApp 41 99567-5696<\/p>\n\n\n\n<p>Av. C\u00e2ndido Hartmann, 50 \u2013 Bigorrilho | Curitiba-PR<\/p>\n\n\n\n<p>Assine nossa Newsletter e fique por dentro das novidades!<\/p>\n\n\n\n<p>Quer receber seu exemplar da revista Governan\u00e7a Jur\u00eddica? Clique <a href=\"http:\/\/ayadvogados.com.br\/revista\">aqui<\/a>&nbsp;e pe\u00e7a a sua.<\/p>\n\n\n\n<p>Nos acompanhe nas redes sociais: <a href=\"https:\/\/www.facebook.com\/amaral.yazbek\">Facebook<\/a>&nbsp;| <a href=\"https:\/\/www.instagram.com\/amaral.yazbek\/\">Instagram<\/a> | <a href=\"https:\/\/www.linkedin.com\/company\/3357082\/admin\/\">Linkedin<\/a><\/p>\n\n\n\n<p>J\u00e1 conhece o canal Direito da Intelig\u00eancia de Neg\u00f3cios? <a href=\"https:\/\/www.youtube.com\/channel\/UCu2Mpu32ht8DEN8OFRXYMyw\">Inscreva-se j\u00e1<\/a><\/p>\n","protected":false},"excerpt":{"rendered":"<p>Antes de autuar, a Fazenda Nacional tem inscrito diretamente na d\u00edvida ativa da Uni\u00e3o contribuintes que retiraram o ICMS destacado em nota fiscal do PIS e da Cofins, e n\u00e3o o efetivamente pago. Com a cobran\u00e7a da diferen\u00e7a, empresas que j\u00e1 t\u00eam em m\u00e3os decis\u00e3o judicial final para excluir o imposto estadual do c\u00e1lculo das [&hellip;]<\/p>\n","protected":false},"author":3,"featured_media":0,"comment_status":"open","ping_status":"open","sticky":false,"template":"","format":"standard","meta":{"footnotes":""},"categories":[1],"tags":[],"class_list":["post-266","post","type-post","status-publish","format-standard","hentry","category-noticia-do-dia"],"blocksy_meta":{"styles_descriptor":{"styles":{"desktop":"","tablet":"","mobile":""},"google_fonts":[],"version":6}},"yoast_head":"<!-- This site is optimized with the Yoast SEO plugin v27.5 - https:\/\/yoast.com\/product\/yoast-seo-wordpress\/ -->\n<title>Diferen\u00e7a de PIS\/Cofins com exclus\u00e3o do ICMS \u00e9 inscrita na d\u00edvida ativa - Amaral, Yazbek Advogados<\/title>\n<meta name=\"robots\" content=\"index, follow, max-snippet:-1, max-image-preview:large, max-video-preview:-1\" \/>\n<link rel=\"canonical\" href=\"https:\/\/www.34.239.117.254.sslip.io\/?p=266\" \/>\n<meta property=\"og:locale\" content=\"pt_BR\" \/>\n<meta property=\"og:type\" content=\"article\" \/>\n<meta property=\"og:title\" content=\"Diferen\u00e7a de PIS\/Cofins com exclus\u00e3o do ICMS \u00e9 inscrita na d\u00edvida ativa - Amaral, Yazbek Advogados\" \/>\n<meta property=\"og:description\" content=\"Antes de autuar, a Fazenda Nacional tem inscrito diretamente na d\u00edvida ativa da Uni\u00e3o contribuintes que retiraram o ICMS destacado em nota fiscal do PIS e da Cofins, e n\u00e3o o efetivamente pago. Com a cobran\u00e7a da diferen\u00e7a, empresas que j\u00e1 t\u00eam em m\u00e3os decis\u00e3o judicial final para excluir o imposto estadual do c\u00e1lculo das [&hellip;]\" \/>\n<meta property=\"og:url\" content=\"https:\/\/www.34.239.117.254.sslip.io\/?p=266\" \/>\n<meta property=\"og:site_name\" content=\"Amaral, Yazbek Advogados\" \/>\n<meta property=\"article:publisher\" content=\"https:\/\/www.facebook.com\/AYadvogados\" \/>\n<meta property=\"article:published_time\" content=\"2020-12-03T14:11:00+00:00\" \/>\n<meta property=\"article:modified_time\" content=\"2021-03-18T14:12:24+00:00\" \/>\n<meta name=\"author\" content=\"Infra\" \/>\n<meta name=\"twitter:card\" content=\"summary_large_image\" \/>\n<meta name=\"twitter:label1\" content=\"Escrito por\" \/>\n\t<meta name=\"twitter:data1\" content=\"Infra\" \/>\n\t<meta name=\"twitter:label2\" content=\"Est. tempo de leitura\" \/>\n\t<meta name=\"twitter:data2\" content=\"5 minutos\" \/>\n<script type=\"application\/ld+json\" class=\"yoast-schema-graph\">{\"@context\":\"https:\\\/\\\/schema.org\",\"@graph\":[{\"@type\":\"Article\",\"@id\":\"https:\\\/\\\/www.34.239.117.254.sslip.io\\\/?p=266#article\",\"isPartOf\":{\"@id\":\"https:\\\/\\\/www.34.239.117.254.sslip.io\\\/?p=266\"},\"author\":{\"name\":\"Infra\",\"@id\":\"https:\\\/\\\/www.34.239.117.254.sslip.io\\\/#\\\/schema\\\/person\\\/6b9165a58758b048b8ea5a4fbd4ec3c4\"},\"headline\":\"Diferen\u00e7a de PIS\\\/Cofins com exclus\u00e3o do ICMS \u00e9 inscrita na d\u00edvida ativa\",\"datePublished\":\"2020-12-03T14:11:00+00:00\",\"dateModified\":\"2021-03-18T14:12:24+00:00\",\"mainEntityOfPage\":{\"@id\":\"https:\\\/\\\/www.34.239.117.254.sslip.io\\\/?p=266\"},\"wordCount\":1063,\"commentCount\":0,\"publisher\":{\"@id\":\"https:\\\/\\\/www.34.239.117.254.sslip.io\\\/#organization\"},\"articleSection\":[\"Not\u00edcia do Dia\"],\"inLanguage\":\"pt-BR\",\"potentialAction\":[{\"@type\":\"CommentAction\",\"name\":\"Comment\",\"target\":[\"https:\\\/\\\/www.34.239.117.254.sslip.io\\\/?p=266#respond\"]}]},{\"@type\":\"WebPage\",\"@id\":\"https:\\\/\\\/www.34.239.117.254.sslip.io\\\/?p=266\",\"url\":\"https:\\\/\\\/www.34.239.117.254.sslip.io\\\/?p=266\",\"name\":\"Diferen\u00e7a de PIS\\\/Cofins com exclus\u00e3o do ICMS \u00e9 inscrita na d\u00edvida ativa - Amaral, Yazbek Advogados\",\"isPartOf\":{\"@id\":\"https:\\\/\\\/www.34.239.117.254.sslip.io\\\/#website\"},\"datePublished\":\"2020-12-03T14:11:00+00:00\",\"dateModified\":\"2021-03-18T14:12:24+00:00\",\"breadcrumb\":{\"@id\":\"https:\\\/\\\/www.34.239.117.254.sslip.io\\\/?p=266#breadcrumb\"},\"inLanguage\":\"pt-BR\",\"potentialAction\":[{\"@type\":\"ReadAction\",\"target\":[\"https:\\\/\\\/www.34.239.117.254.sslip.io\\\/?p=266\"]}]},{\"@type\":\"BreadcrumbList\",\"@id\":\"https:\\\/\\\/www.34.239.117.254.sslip.io\\\/?p=266#breadcrumb\",\"itemListElement\":[{\"@type\":\"ListItem\",\"position\":1,\"name\":\"In\u00edcio\",\"item\":\"https:\\\/\\\/www.34.239.117.254.sslip.io\\\/\"},{\"@type\":\"ListItem\",\"position\":2,\"name\":\"Diferen\u00e7a de PIS\\\/Cofins com exclus\u00e3o do ICMS \u00e9 inscrita na d\u00edvida ativa\"}]},{\"@type\":\"WebSite\",\"@id\":\"https:\\\/\\\/www.34.239.117.254.sslip.io\\\/#website\",\"url\":\"https:\\\/\\\/www.34.239.117.254.sslip.io\\\/\",\"name\":\"Amaral, Yazbek Advogados\",\"description\":\"Curitiba \u2022 Bras\u00edlia \u2022 S\u00e3o Paulo\",\"publisher\":{\"@id\":\"https:\\\/\\\/www.34.239.117.254.sslip.io\\\/#organization\"},\"potentialAction\":[{\"@type\":\"SearchAction\",\"target\":{\"@type\":\"EntryPoint\",\"urlTemplate\":\"https:\\\/\\\/www.34.239.117.254.sslip.io\\\/?s={search_term_string}\"},\"query-input\":{\"@type\":\"PropertyValueSpecification\",\"valueRequired\":true,\"valueName\":\"search_term_string\"}}],\"inLanguage\":\"pt-BR\"},{\"@type\":\"Organization\",\"@id\":\"https:\\\/\\\/www.34.239.117.254.sslip.io\\\/#organization\",\"name\":\"Amaral, Yazbek Advogados\",\"url\":\"https:\\\/\\\/www.34.239.117.254.sslip.io\\\/\",\"logo\":{\"@type\":\"ImageObject\",\"inLanguage\":\"pt-BR\",\"@id\":\"https:\\\/\\\/www.34.239.117.254.sslip.io\\\/#\\\/schema\\\/logo\\\/image\\\/\",\"url\":\"http:\\\/\\\/34.239.117.254\\\/wp-content\\\/uploads\\\/2021\\\/03\\\/logo-ay-g.png\",\"contentUrl\":\"http:\\\/\\\/34.239.117.254\\\/wp-content\\\/uploads\\\/2021\\\/03\\\/logo-ay-g.png\",\"width\":434,\"height\":106,\"caption\":\"Amaral, Yazbek Advogados\"},\"image\":{\"@id\":\"https:\\\/\\\/www.34.239.117.254.sslip.io\\\/#\\\/schema\\\/logo\\\/image\\\/\"},\"sameAs\":[\"https:\\\/\\\/www.facebook.com\\\/AYadvogados\",\"https:\\\/\\\/www.instagram.com\\\/ayadvogados\\\/\"]},{\"@type\":\"Person\",\"@id\":\"https:\\\/\\\/www.34.239.117.254.sslip.io\\\/#\\\/schema\\\/person\\\/6b9165a58758b048b8ea5a4fbd4ec3c4\",\"name\":\"Infra\",\"image\":{\"@type\":\"ImageObject\",\"inLanguage\":\"pt-BR\",\"@id\":\"https:\\\/\\\/secure.gravatar.com\\\/avatar\\\/60bf67293e186b9c834e31753dcc586dfcedb661d13b6b9ba29ac991ccafc035?s=96&d=mm&r=g\",\"url\":\"https:\\\/\\\/secure.gravatar.com\\\/avatar\\\/60bf67293e186b9c834e31753dcc586dfcedb661d13b6b9ba29ac991ccafc035?s=96&d=mm&r=g\",\"contentUrl\":\"https:\\\/\\\/secure.gravatar.com\\\/avatar\\\/60bf67293e186b9c834e31753dcc586dfcedb661d13b6b9ba29ac991ccafc035?s=96&d=mm&r=g\",\"caption\":\"Infra\"},\"url\":\"https:\\\/\\\/www.ayadvogados.com.br\\\/?author=3\"}]}<\/script>\n<!-- \/ Yoast SEO plugin. -->","yoast_head_json":{"title":"Diferen\u00e7a de PIS\/Cofins com exclus\u00e3o do ICMS \u00e9 inscrita na d\u00edvida ativa - Amaral, Yazbek Advogados","robots":{"index":"index","follow":"follow","max-snippet":"max-snippet:-1","max-image-preview":"max-image-preview:large","max-video-preview":"max-video-preview:-1"},"canonical":"https:\/\/www.34.239.117.254.sslip.io\/?p=266","og_locale":"pt_BR","og_type":"article","og_title":"Diferen\u00e7a de PIS\/Cofins com exclus\u00e3o do ICMS \u00e9 inscrita na d\u00edvida ativa - Amaral, Yazbek Advogados","og_description":"Antes de autuar, a Fazenda Nacional tem inscrito diretamente na d\u00edvida ativa da Uni\u00e3o contribuintes que retiraram o ICMS destacado em nota fiscal do PIS e da Cofins, e n\u00e3o o efetivamente pago. Com a cobran\u00e7a da diferen\u00e7a, empresas que j\u00e1 t\u00eam em m\u00e3os decis\u00e3o judicial final para excluir o imposto estadual do c\u00e1lculo das [&hellip;]","og_url":"https:\/\/www.34.239.117.254.sslip.io\/?p=266","og_site_name":"Amaral, Yazbek Advogados","article_publisher":"https:\/\/www.facebook.com\/AYadvogados","article_published_time":"2020-12-03T14:11:00+00:00","article_modified_time":"2021-03-18T14:12:24+00:00","author":"Infra","twitter_card":"summary_large_image","twitter_misc":{"Escrito por":"Infra","Est. tempo de leitura":"5 minutos"},"schema":{"@context":"https:\/\/schema.org","@graph":[{"@type":"Article","@id":"https:\/\/www.34.239.117.254.sslip.io\/?p=266#article","isPartOf":{"@id":"https:\/\/www.34.239.117.254.sslip.io\/?p=266"},"author":{"name":"Infra","@id":"https:\/\/www.34.239.117.254.sslip.io\/#\/schema\/person\/6b9165a58758b048b8ea5a4fbd4ec3c4"},"headline":"Diferen\u00e7a de PIS\/Cofins com exclus\u00e3o do ICMS \u00e9 inscrita na d\u00edvida ativa","datePublished":"2020-12-03T14:11:00+00:00","dateModified":"2021-03-18T14:12:24+00:00","mainEntityOfPage":{"@id":"https:\/\/www.34.239.117.254.sslip.io\/?p=266"},"wordCount":1063,"commentCount":0,"publisher":{"@id":"https:\/\/www.34.239.117.254.sslip.io\/#organization"},"articleSection":["Not\u00edcia do Dia"],"inLanguage":"pt-BR","potentialAction":[{"@type":"CommentAction","name":"Comment","target":["https:\/\/www.34.239.117.254.sslip.io\/?p=266#respond"]}]},{"@type":"WebPage","@id":"https:\/\/www.34.239.117.254.sslip.io\/?p=266","url":"https:\/\/www.34.239.117.254.sslip.io\/?p=266","name":"Diferen\u00e7a de PIS\/Cofins com exclus\u00e3o do ICMS \u00e9 inscrita na d\u00edvida ativa - Amaral, Yazbek Advogados","isPartOf":{"@id":"https:\/\/www.34.239.117.254.sslip.io\/#website"},"datePublished":"2020-12-03T14:11:00+00:00","dateModified":"2021-03-18T14:12:24+00:00","breadcrumb":{"@id":"https:\/\/www.34.239.117.254.sslip.io\/?p=266#breadcrumb"},"inLanguage":"pt-BR","potentialAction":[{"@type":"ReadAction","target":["https:\/\/www.34.239.117.254.sslip.io\/?p=266"]}]},{"@type":"BreadcrumbList","@id":"https:\/\/www.34.239.117.254.sslip.io\/?p=266#breadcrumb","itemListElement":[{"@type":"ListItem","position":1,"name":"In\u00edcio","item":"https:\/\/www.34.239.117.254.sslip.io\/"},{"@type":"ListItem","position":2,"name":"Diferen\u00e7a de PIS\/Cofins com exclus\u00e3o do ICMS \u00e9 inscrita na d\u00edvida ativa"}]},{"@type":"WebSite","@id":"https:\/\/www.34.239.117.254.sslip.io\/#website","url":"https:\/\/www.34.239.117.254.sslip.io\/","name":"Amaral, Yazbek Advogados","description":"Curitiba \u2022 Bras\u00edlia \u2022 S\u00e3o Paulo","publisher":{"@id":"https:\/\/www.34.239.117.254.sslip.io\/#organization"},"potentialAction":[{"@type":"SearchAction","target":{"@type":"EntryPoint","urlTemplate":"https:\/\/www.34.239.117.254.sslip.io\/?s={search_term_string}"},"query-input":{"@type":"PropertyValueSpecification","valueRequired":true,"valueName":"search_term_string"}}],"inLanguage":"pt-BR"},{"@type":"Organization","@id":"https:\/\/www.34.239.117.254.sslip.io\/#organization","name":"Amaral, Yazbek Advogados","url":"https:\/\/www.34.239.117.254.sslip.io\/","logo":{"@type":"ImageObject","inLanguage":"pt-BR","@id":"https:\/\/www.34.239.117.254.sslip.io\/#\/schema\/logo\/image\/","url":"http:\/\/34.239.117.254\/wp-content\/uploads\/2021\/03\/logo-ay-g.png","contentUrl":"http:\/\/34.239.117.254\/wp-content\/uploads\/2021\/03\/logo-ay-g.png","width":434,"height":106,"caption":"Amaral, Yazbek Advogados"},"image":{"@id":"https:\/\/www.34.239.117.254.sslip.io\/#\/schema\/logo\/image\/"},"sameAs":["https:\/\/www.facebook.com\/AYadvogados","https:\/\/www.instagram.com\/ayadvogados\/"]},{"@type":"Person","@id":"https:\/\/www.34.239.117.254.sslip.io\/#\/schema\/person\/6b9165a58758b048b8ea5a4fbd4ec3c4","name":"Infra","image":{"@type":"ImageObject","inLanguage":"pt-BR","@id":"https:\/\/secure.gravatar.com\/avatar\/60bf67293e186b9c834e31753dcc586dfcedb661d13b6b9ba29ac991ccafc035?s=96&d=mm&r=g","url":"https:\/\/secure.gravatar.com\/avatar\/60bf67293e186b9c834e31753dcc586dfcedb661d13b6b9ba29ac991ccafc035?s=96&d=mm&r=g","contentUrl":"https:\/\/secure.gravatar.com\/avatar\/60bf67293e186b9c834e31753dcc586dfcedb661d13b6b9ba29ac991ccafc035?s=96&d=mm&r=g","caption":"Infra"},"url":"https:\/\/www.ayadvogados.com.br\/?author=3"}]}},"rttpg_featured_image_url":null,"rttpg_author":{"display_name":"Infra","author_link":"https:\/\/www.ayadvogados.com.br\/?author=3"},"rttpg_comment":0,"rttpg_category":"<a href=\"https:\/\/www.ayadvogados.com.br\/?cat=1\" rel=\"category\">Not\u00edcia do Dia<\/a>","rttpg_excerpt":"Antes de autuar, a Fazenda Nacional tem inscrito diretamente na d\u00edvida ativa da Uni\u00e3o contribuintes que retiraram o ICMS destacado em nota fiscal do PIS e da Cofins, e n\u00e3o o efetivamente pago. Com a cobran\u00e7a da diferen\u00e7a, empresas que j\u00e1 t\u00eam em m\u00e3os decis\u00e3o judicial final para excluir o imposto estadual do c\u00e1lculo das&hellip;","_links":{"self":[{"href":"https:\/\/www.ayadvogados.com.br\/index.php?rest_route=\/wp\/v2\/posts\/266","targetHints":{"allow":["GET"]}}],"collection":[{"href":"https:\/\/www.ayadvogados.com.br\/index.php?rest_route=\/wp\/v2\/posts"}],"about":[{"href":"https:\/\/www.ayadvogados.com.br\/index.php?rest_route=\/wp\/v2\/types\/post"}],"author":[{"embeddable":true,"href":"https:\/\/www.ayadvogados.com.br\/index.php?rest_route=\/wp\/v2\/users\/3"}],"replies":[{"embeddable":true,"href":"https:\/\/www.ayadvogados.com.br\/index.php?rest_route=%2Fwp%2Fv2%2Fcomments&post=266"}],"version-history":[{"count":1,"href":"https:\/\/www.ayadvogados.com.br\/index.php?rest_route=\/wp\/v2\/posts\/266\/revisions"}],"predecessor-version":[{"id":267,"href":"https:\/\/www.ayadvogados.com.br\/index.php?rest_route=\/wp\/v2\/posts\/266\/revisions\/267"}],"wp:attachment":[{"href":"https:\/\/www.ayadvogados.com.br\/index.php?rest_route=%2Fwp%2Fv2%2Fmedia&parent=266"}],"wp:term":[{"taxonomy":"category","embeddable":true,"href":"https:\/\/www.ayadvogados.com.br\/index.php?rest_route=%2Fwp%2Fv2%2Fcategories&post=266"},{"taxonomy":"post_tag","embeddable":true,"href":"https:\/\/www.ayadvogados.com.br\/index.php?rest_route=%2Fwp%2Fv2%2Ftags&post=266"}],"curies":[{"name":"wp","href":"https:\/\/api.w.org\/{rel}","templated":true}]}}