{"id":264,"date":"2020-12-04T11:11:00","date_gmt":"2020-12-04T14:11:00","guid":{"rendered":"http:\/\/34.239.117.254\/?p=264"},"modified":"2021-03-18T11:11:42","modified_gmt":"2021-03-18T14:11:42","slug":"no-stf-relator-vota-contra-bloqueio-de-bens-por-dividas-tributarias","status":"publish","type":"post","link":"https:\/\/www.ayadvogados.com.br\/?p=264","title":{"rendered":"No STF, relator vota contra bloqueio de bens por d\u00edvidas tribut\u00e1rias"},"content":{"rendered":"\n<p><em>O ministro do Corte, Marco Aur\u00e9lio Mello, relator no processo, se posicionou contr\u00e1rio \u00e0 Fazenda Nacional.<\/em><\/p>\n\n\n\n<p>O Supremo Tribunal Federal (STF) come\u00e7ou a julgar hoje se a penhora administrativa de d\u00edvidas ativas da Uni\u00e3o Federal \u00e9 v\u00e1lida. Por meio do procedimento, a Fazenda torna indispon\u00edveis im\u00f3veis e ve\u00edculos de contribuintes que n\u00e3o quitam o d\u00e9bito inscrito na d\u00edvida ativa em cinco dias, ap\u00f3s notifica\u00e7\u00e3o \u2014 h\u00e1 prazo de 30 dias para o contribuinte oferecer bens em garantia em execu\u00e7\u00e3o fiscal.<\/p>\n\n\n\n<p>O ministro do Corte, Marco Aur\u00e9lio Mello, relator no processo, votou contra a Fazenda Nacional. Por causa do hor\u00e1rio, o julgamento foi suspenso e ser\u00e1 retomado na quarta-feira. Mas o presidente da Corte, ministro Luiz Fux, j\u00e1 adiantou que o ministro Dias Toffoli vai divergir do relator. Os outros dez ministros ainda ir\u00e3o votar.<\/p>\n\n\n\n<p>Chamada \u201caverba\u00e7\u00e3o pr\u00e9 execut\u00f3ria\u201d, a pr\u00e1tica est\u00e1 prevista na Lei n\u00ba 13.606, de 2018, e foi regulamentada pela Portaria da Procuradoria-Geral da Fazenda Nacional (PGFN) n\u00ba 33, de 2018. Desde outubro daquele ano, quando entrou em vigor a portaria, mais de 800 mil procedimentos foram instaurados, segundo dados do fim de 2019.<\/p>\n\n\n\n<p>Na segunda inst\u00e2ncia da Justi\u00e7a existem precedentes contr\u00e1rios \u00e0 Fazenda. A 4\u00aa Turma do Tribunal Regional Federal (TRF) da 2\u00aa Regi\u00e3o (RJ e ES), por exemplo, j\u00e1 se manifestou de forma contr\u00e1ria \u00e0 penhora de bens de contribuintes, sem pr\u00e9via autoriza\u00e7\u00e3o judicial. Por unanimidade, os desembargadores consideraram esse tipo de bloqueio de ativos como \u201cmedida arbitr\u00e1ria\u201d do Fisco. Antes, s\u00f3 havia not\u00edcias de liminares da primeira inst\u00e2ncia da Justi\u00e7a.<\/p>\n\n\n\n<p>O tema \u00e9 julgado em um conjunto de a\u00e7\u00f5es (Adins n\u00ba 5881, 5886, 5890, 5925, 5931 e 5932). O julgamento come\u00e7a com as sustenta\u00e7\u00f5es orais das partes nos processos e interessados na causa.<\/p>\n\n\n\n<p><strong>Voto<\/strong><\/p>\n\n\n\n<p>Marco Aur\u00e9lio considerou a pr\u00e1tica inconstitucional. \u201cO que se tem \u00e9 n\u00edtida san\u00e7\u00e3o visando o recolhimento de tributo\u201d, afirmou o relator.<\/p>\n\n\n\n<p>Para o ministro, a a\u00e7\u00e3o da Fazenda envolve a tomada de empr\u00e9stimo por parte do Fisco de meio coercitivo objetivando a satisfa\u00e7\u00e3o de d\u00e9bito tribut\u00e1rio com ado\u00e7\u00e3o de m\u00e9todo potencialmente inviabilizador da pr\u00f3pria atividade econ\u00f4mica. \u201cO sistema n\u00e3o fecha, revelando desrespeito ao sistema de seguran\u00e7a jur\u00eddica e igualdade de chances.\u201d<\/p>\n\n\n\n<p>&nbsp;Fonte: <a href=\"https:\/\/valor.globo.com\/legislacao\/noticia\/2020\/12\/03\/stf-comea-a-julgar-validade-de-bloqueio-de-bens-por-dvidas-tributrias.ghtml\">Valor<\/a><\/p>\n\n\n\n<p>A Amaral, Yazbek, OAB\/PR 762, possui 35 anos de experi\u00eancia auxiliando empresas a transformar a tributa\u00e7\u00e3o em lucro. Entre em contato com um dos s\u00f3cios para agendamento de reuni\u00e3o em caso de d\u00favidas.<\/p>\n\n\n\n<p>Contato: 41 3595-8300 ou pelo nosso WhatsApp 41 99567-5696<\/p>\n\n\n\n<p>Av. C\u00e2ndido Hartmann, 50 \u2013 Bigorrilho | Curitiba-PR<\/p>\n\n\n\n<p>Assine nossa Newsletter e fique por dentro das novidades!<\/p>\n\n\n\n<p>Quer receber seu exemplar da revista Governan\u00e7a Jur\u00eddica? Clique <a href=\"http:\/\/ayadvogados.com.br\/revista\">aqui<\/a>&nbsp;e pe\u00e7a a sua.<\/p>\n\n\n\n<p>Nos acompanhe nas redes sociais: <a href=\"https:\/\/www.facebook.com\/amaral.yazbek\">Facebook<\/a>&nbsp;| <a href=\"https:\/\/www.instagram.com\/amaral.yazbek\/\">Instagram<\/a> | <a href=\"https:\/\/www.linkedin.com\/company\/3357082\/admin\/\">Linkedin<\/a><\/p>\n\n\n\n<p>J\u00e1 conhece o canal Direito da Intelig\u00eancia de Neg\u00f3cios? <a href=\"https:\/\/www.youtube.com\/channel\/UCu2Mpu32ht8DEN8OFRXYMyw\">Inscreva-se j\u00e1<\/a><\/p>\n","protected":false},"excerpt":{"rendered":"<p>O ministro do Corte, Marco Aur\u00e9lio Mello, relator no processo, se posicionou contr\u00e1rio \u00e0 Fazenda Nacional. O Supremo Tribunal Federal (STF) come\u00e7ou a julgar hoje se a penhora administrativa de d\u00edvidas ativas da Uni\u00e3o Federal \u00e9 v\u00e1lida. Por meio do procedimento, a Fazenda torna indispon\u00edveis im\u00f3veis e ve\u00edculos de contribuintes que n\u00e3o quitam o d\u00e9bito [&hellip;]<\/p>\n","protected":false},"author":3,"featured_media":0,"comment_status":"open","ping_status":"open","sticky":false,"template":"","format":"standard","meta":{"footnotes":""},"categories":[1],"tags":[],"class_list":["post-264","post","type-post","status-publish","format-standard","hentry","category-noticia-do-dia"],"blocksy_meta":{"styles_descriptor":{"styles":{"desktop":"","tablet":"","mobile":""},"google_fonts":[],"version":6}},"yoast_head":"<!-- This site is optimized with the Yoast SEO plugin v27.5 - https:\/\/yoast.com\/product\/yoast-seo-wordpress\/ -->\n<title>No STF, relator vota contra bloqueio de bens por d\u00edvidas tribut\u00e1rias - Amaral, Yazbek Advogados<\/title>\n<meta name=\"robots\" content=\"index, follow, max-snippet:-1, max-image-preview:large, max-video-preview:-1\" \/>\n<link rel=\"canonical\" href=\"https:\/\/www.eloquent-edison.34-239-117-254.plesk.page\/?p=264\" \/>\n<meta property=\"og:locale\" content=\"pt_BR\" \/>\n<meta property=\"og:type\" content=\"article\" \/>\n<meta property=\"og:title\" content=\"No STF, relator vota contra bloqueio de bens por d\u00edvidas tribut\u00e1rias - Amaral, Yazbek Advogados\" \/>\n<meta property=\"og:description\" content=\"O ministro do Corte, Marco Aur\u00e9lio Mello, relator no processo, se posicionou contr\u00e1rio \u00e0 Fazenda Nacional. O Supremo Tribunal Federal (STF) come\u00e7ou a julgar hoje se a penhora administrativa de d\u00edvidas ativas da Uni\u00e3o Federal \u00e9 v\u00e1lida. Por meio do procedimento, a Fazenda torna indispon\u00edveis im\u00f3veis e ve\u00edculos de contribuintes que n\u00e3o quitam o d\u00e9bito [&hellip;]\" \/>\n<meta property=\"og:url\" content=\"https:\/\/www.eloquent-edison.34-239-117-254.plesk.page\/?p=264\" \/>\n<meta property=\"og:site_name\" content=\"Amaral, Yazbek Advogados\" \/>\n<meta property=\"article:publisher\" content=\"https:\/\/www.facebook.com\/AYadvogados\" \/>\n<meta property=\"article:published_time\" content=\"2020-12-04T14:11:00+00:00\" \/>\n<meta property=\"article:modified_time\" content=\"2021-03-18T14:11:42+00:00\" \/>\n<meta name=\"author\" content=\"Infra\" \/>\n<meta name=\"twitter:card\" content=\"summary_large_image\" \/>\n<meta name=\"twitter:label1\" content=\"Escrito por\" \/>\n\t<meta name=\"twitter:data1\" content=\"Infra\" \/>\n\t<meta name=\"twitter:label2\" content=\"Est. tempo de leitura\" \/>\n\t<meta name=\"twitter:data2\" content=\"2 minutos\" \/>\n<script type=\"application\/ld+json\" class=\"yoast-schema-graph\">{\"@context\":\"https:\\\/\\\/schema.org\",\"@graph\":[{\"@type\":\"Article\",\"@id\":\"https:\\\/\\\/www.eloquent-edison.34-239-117-254.plesk.page\\\/?p=264#article\",\"isPartOf\":{\"@id\":\"https:\\\/\\\/www.eloquent-edison.34-239-117-254.plesk.page\\\/?p=264\"},\"author\":{\"name\":\"Infra\",\"@id\":\"https:\\\/\\\/www.34.239.117.254.sslip.io\\\/#\\\/schema\\\/person\\\/6b9165a58758b048b8ea5a4fbd4ec3c4\"},\"headline\":\"No STF, relator vota contra bloqueio de bens por d\u00edvidas tribut\u00e1rias\",\"datePublished\":\"2020-12-04T14:11:00+00:00\",\"dateModified\":\"2021-03-18T14:11:42+00:00\",\"mainEntityOfPage\":{\"@id\":\"https:\\\/\\\/www.eloquent-edison.34-239-117-254.plesk.page\\\/?p=264\"},\"wordCount\":504,\"commentCount\":0,\"publisher\":{\"@id\":\"https:\\\/\\\/www.34.239.117.254.sslip.io\\\/#organization\"},\"articleSection\":[\"Not\u00edcia do Dia\"],\"inLanguage\":\"pt-BR\",\"potentialAction\":[{\"@type\":\"CommentAction\",\"name\":\"Comment\",\"target\":[\"https:\\\/\\\/www.eloquent-edison.34-239-117-254.plesk.page\\\/?p=264#respond\"]}]},{\"@type\":\"WebPage\",\"@id\":\"https:\\\/\\\/www.eloquent-edison.34-239-117-254.plesk.page\\\/?p=264\",\"url\":\"https:\\\/\\\/www.eloquent-edison.34-239-117-254.plesk.page\\\/?p=264\",\"name\":\"No STF, relator vota contra bloqueio de bens por d\u00edvidas tribut\u00e1rias - Amaral, Yazbek Advogados\",\"isPartOf\":{\"@id\":\"https:\\\/\\\/www.34.239.117.254.sslip.io\\\/#website\"},\"datePublished\":\"2020-12-04T14:11:00+00:00\",\"dateModified\":\"2021-03-18T14:11:42+00:00\",\"breadcrumb\":{\"@id\":\"https:\\\/\\\/www.eloquent-edison.34-239-117-254.plesk.page\\\/?p=264#breadcrumb\"},\"inLanguage\":\"pt-BR\",\"potentialAction\":[{\"@type\":\"ReadAction\",\"target\":[\"https:\\\/\\\/www.eloquent-edison.34-239-117-254.plesk.page\\\/?p=264\"]}]},{\"@type\":\"BreadcrumbList\",\"@id\":\"https:\\\/\\\/www.eloquent-edison.34-239-117-254.plesk.page\\\/?p=264#breadcrumb\",\"itemListElement\":[{\"@type\":\"ListItem\",\"position\":1,\"name\":\"In\u00edcio\",\"item\":\"https:\\\/\\\/www.34.239.117.254.sslip.io\\\/\"},{\"@type\":\"ListItem\",\"position\":2,\"name\":\"No STF, relator vota contra bloqueio de bens por d\u00edvidas tribut\u00e1rias\"}]},{\"@type\":\"WebSite\",\"@id\":\"https:\\\/\\\/www.34.239.117.254.sslip.io\\\/#website\",\"url\":\"https:\\\/\\\/www.34.239.117.254.sslip.io\\\/\",\"name\":\"Amaral, Yazbek Advogados\",\"description\":\"Curitiba \u2022 Bras\u00edlia \u2022 S\u00e3o Paulo\",\"publisher\":{\"@id\":\"https:\\\/\\\/www.34.239.117.254.sslip.io\\\/#organization\"},\"potentialAction\":[{\"@type\":\"SearchAction\",\"target\":{\"@type\":\"EntryPoint\",\"urlTemplate\":\"https:\\\/\\\/www.34.239.117.254.sslip.io\\\/?s={search_term_string}\"},\"query-input\":{\"@type\":\"PropertyValueSpecification\",\"valueRequired\":true,\"valueName\":\"search_term_string\"}}],\"inLanguage\":\"pt-BR\"},{\"@type\":\"Organization\",\"@id\":\"https:\\\/\\\/www.34.239.117.254.sslip.io\\\/#organization\",\"name\":\"Amaral, Yazbek Advogados\",\"url\":\"https:\\\/\\\/www.34.239.117.254.sslip.io\\\/\",\"logo\":{\"@type\":\"ImageObject\",\"inLanguage\":\"pt-BR\",\"@id\":\"https:\\\/\\\/www.34.239.117.254.sslip.io\\\/#\\\/schema\\\/logo\\\/image\\\/\",\"url\":\"http:\\\/\\\/34.239.117.254\\\/wp-content\\\/uploads\\\/2021\\\/03\\\/logo-ay-g.png\",\"contentUrl\":\"http:\\\/\\\/34.239.117.254\\\/wp-content\\\/uploads\\\/2021\\\/03\\\/logo-ay-g.png\",\"width\":434,\"height\":106,\"caption\":\"Amaral, Yazbek Advogados\"},\"image\":{\"@id\":\"https:\\\/\\\/www.34.239.117.254.sslip.io\\\/#\\\/schema\\\/logo\\\/image\\\/\"},\"sameAs\":[\"https:\\\/\\\/www.facebook.com\\\/AYadvogados\",\"https:\\\/\\\/www.instagram.com\\\/ayadvogados\\\/\"]},{\"@type\":\"Person\",\"@id\":\"https:\\\/\\\/www.34.239.117.254.sslip.io\\\/#\\\/schema\\\/person\\\/6b9165a58758b048b8ea5a4fbd4ec3c4\",\"name\":\"Infra\",\"image\":{\"@type\":\"ImageObject\",\"inLanguage\":\"pt-BR\",\"@id\":\"https:\\\/\\\/secure.gravatar.com\\\/avatar\\\/60bf67293e186b9c834e31753dcc586dfcedb661d13b6b9ba29ac991ccafc035?s=96&d=mm&r=g\",\"url\":\"https:\\\/\\\/secure.gravatar.com\\\/avatar\\\/60bf67293e186b9c834e31753dcc586dfcedb661d13b6b9ba29ac991ccafc035?s=96&d=mm&r=g\",\"contentUrl\":\"https:\\\/\\\/secure.gravatar.com\\\/avatar\\\/60bf67293e186b9c834e31753dcc586dfcedb661d13b6b9ba29ac991ccafc035?s=96&d=mm&r=g\",\"caption\":\"Infra\"},\"url\":\"https:\\\/\\\/www.ayadvogados.com.br\\\/?author=3\"}]}<\/script>\n<!-- \/ Yoast SEO plugin. -->","yoast_head_json":{"title":"No STF, relator vota contra bloqueio de bens por d\u00edvidas tribut\u00e1rias - Amaral, Yazbek Advogados","robots":{"index":"index","follow":"follow","max-snippet":"max-snippet:-1","max-image-preview":"max-image-preview:large","max-video-preview":"max-video-preview:-1"},"canonical":"https:\/\/www.eloquent-edison.34-239-117-254.plesk.page\/?p=264","og_locale":"pt_BR","og_type":"article","og_title":"No STF, relator vota contra bloqueio de bens por d\u00edvidas tribut\u00e1rias - Amaral, Yazbek Advogados","og_description":"O ministro do Corte, Marco Aur\u00e9lio Mello, relator no processo, se posicionou contr\u00e1rio \u00e0 Fazenda Nacional. O Supremo Tribunal Federal (STF) come\u00e7ou a julgar hoje se a penhora administrativa de d\u00edvidas ativas da Uni\u00e3o Federal \u00e9 v\u00e1lida. Por meio do procedimento, a Fazenda torna indispon\u00edveis im\u00f3veis e ve\u00edculos de contribuintes que n\u00e3o quitam o d\u00e9bito [&hellip;]","og_url":"https:\/\/www.eloquent-edison.34-239-117-254.plesk.page\/?p=264","og_site_name":"Amaral, Yazbek Advogados","article_publisher":"https:\/\/www.facebook.com\/AYadvogados","article_published_time":"2020-12-04T14:11:00+00:00","article_modified_time":"2021-03-18T14:11:42+00:00","author":"Infra","twitter_card":"summary_large_image","twitter_misc":{"Escrito por":"Infra","Est. tempo de leitura":"2 minutos"},"schema":{"@context":"https:\/\/schema.org","@graph":[{"@type":"Article","@id":"https:\/\/www.eloquent-edison.34-239-117-254.plesk.page\/?p=264#article","isPartOf":{"@id":"https:\/\/www.eloquent-edison.34-239-117-254.plesk.page\/?p=264"},"author":{"name":"Infra","@id":"https:\/\/www.34.239.117.254.sslip.io\/#\/schema\/person\/6b9165a58758b048b8ea5a4fbd4ec3c4"},"headline":"No STF, relator vota contra bloqueio de bens por d\u00edvidas tribut\u00e1rias","datePublished":"2020-12-04T14:11:00+00:00","dateModified":"2021-03-18T14:11:42+00:00","mainEntityOfPage":{"@id":"https:\/\/www.eloquent-edison.34-239-117-254.plesk.page\/?p=264"},"wordCount":504,"commentCount":0,"publisher":{"@id":"https:\/\/www.34.239.117.254.sslip.io\/#organization"},"articleSection":["Not\u00edcia do Dia"],"inLanguage":"pt-BR","potentialAction":[{"@type":"CommentAction","name":"Comment","target":["https:\/\/www.eloquent-edison.34-239-117-254.plesk.page\/?p=264#respond"]}]},{"@type":"WebPage","@id":"https:\/\/www.eloquent-edison.34-239-117-254.plesk.page\/?p=264","url":"https:\/\/www.eloquent-edison.34-239-117-254.plesk.page\/?p=264","name":"No STF, relator vota contra bloqueio de bens por d\u00edvidas tribut\u00e1rias - Amaral, Yazbek Advogados","isPartOf":{"@id":"https:\/\/www.34.239.117.254.sslip.io\/#website"},"datePublished":"2020-12-04T14:11:00+00:00","dateModified":"2021-03-18T14:11:42+00:00","breadcrumb":{"@id":"https:\/\/www.eloquent-edison.34-239-117-254.plesk.page\/?p=264#breadcrumb"},"inLanguage":"pt-BR","potentialAction":[{"@type":"ReadAction","target":["https:\/\/www.eloquent-edison.34-239-117-254.plesk.page\/?p=264"]}]},{"@type":"BreadcrumbList","@id":"https:\/\/www.eloquent-edison.34-239-117-254.plesk.page\/?p=264#breadcrumb","itemListElement":[{"@type":"ListItem","position":1,"name":"In\u00edcio","item":"https:\/\/www.34.239.117.254.sslip.io\/"},{"@type":"ListItem","position":2,"name":"No STF, relator vota contra bloqueio de bens por d\u00edvidas tribut\u00e1rias"}]},{"@type":"WebSite","@id":"https:\/\/www.34.239.117.254.sslip.io\/#website","url":"https:\/\/www.34.239.117.254.sslip.io\/","name":"Amaral, Yazbek Advogados","description":"Curitiba \u2022 Bras\u00edlia \u2022 S\u00e3o Paulo","publisher":{"@id":"https:\/\/www.34.239.117.254.sslip.io\/#organization"},"potentialAction":[{"@type":"SearchAction","target":{"@type":"EntryPoint","urlTemplate":"https:\/\/www.34.239.117.254.sslip.io\/?s={search_term_string}"},"query-input":{"@type":"PropertyValueSpecification","valueRequired":true,"valueName":"search_term_string"}}],"inLanguage":"pt-BR"},{"@type":"Organization","@id":"https:\/\/www.34.239.117.254.sslip.io\/#organization","name":"Amaral, Yazbek Advogados","url":"https:\/\/www.34.239.117.254.sslip.io\/","logo":{"@type":"ImageObject","inLanguage":"pt-BR","@id":"https:\/\/www.34.239.117.254.sslip.io\/#\/schema\/logo\/image\/","url":"http:\/\/34.239.117.254\/wp-content\/uploads\/2021\/03\/logo-ay-g.png","contentUrl":"http:\/\/34.239.117.254\/wp-content\/uploads\/2021\/03\/logo-ay-g.png","width":434,"height":106,"caption":"Amaral, Yazbek Advogados"},"image":{"@id":"https:\/\/www.34.239.117.254.sslip.io\/#\/schema\/logo\/image\/"},"sameAs":["https:\/\/www.facebook.com\/AYadvogados","https:\/\/www.instagram.com\/ayadvogados\/"]},{"@type":"Person","@id":"https:\/\/www.34.239.117.254.sslip.io\/#\/schema\/person\/6b9165a58758b048b8ea5a4fbd4ec3c4","name":"Infra","image":{"@type":"ImageObject","inLanguage":"pt-BR","@id":"https:\/\/secure.gravatar.com\/avatar\/60bf67293e186b9c834e31753dcc586dfcedb661d13b6b9ba29ac991ccafc035?s=96&d=mm&r=g","url":"https:\/\/secure.gravatar.com\/avatar\/60bf67293e186b9c834e31753dcc586dfcedb661d13b6b9ba29ac991ccafc035?s=96&d=mm&r=g","contentUrl":"https:\/\/secure.gravatar.com\/avatar\/60bf67293e186b9c834e31753dcc586dfcedb661d13b6b9ba29ac991ccafc035?s=96&d=mm&r=g","caption":"Infra"},"url":"https:\/\/www.ayadvogados.com.br\/?author=3"}]}},"rttpg_featured_image_url":null,"rttpg_author":{"display_name":"Infra","author_link":"https:\/\/www.ayadvogados.com.br\/?author=3"},"rttpg_comment":0,"rttpg_category":"<a href=\"https:\/\/www.ayadvogados.com.br\/?cat=1\" rel=\"category\">Not\u00edcia do Dia<\/a>","rttpg_excerpt":"O ministro do Corte, Marco Aur\u00e9lio Mello, relator no processo, se posicionou contr\u00e1rio \u00e0 Fazenda Nacional. O Supremo Tribunal Federal (STF) come\u00e7ou a julgar hoje se a penhora administrativa de d\u00edvidas ativas da Uni\u00e3o Federal \u00e9 v\u00e1lida. Por meio do procedimento, a Fazenda torna indispon\u00edveis im\u00f3veis e ve\u00edculos de contribuintes que n\u00e3o quitam o d\u00e9bito&hellip;","_links":{"self":[{"href":"https:\/\/www.ayadvogados.com.br\/index.php?rest_route=\/wp\/v2\/posts\/264","targetHints":{"allow":["GET"]}}],"collection":[{"href":"https:\/\/www.ayadvogados.com.br\/index.php?rest_route=\/wp\/v2\/posts"}],"about":[{"href":"https:\/\/www.ayadvogados.com.br\/index.php?rest_route=\/wp\/v2\/types\/post"}],"author":[{"embeddable":true,"href":"https:\/\/www.ayadvogados.com.br\/index.php?rest_route=\/wp\/v2\/users\/3"}],"replies":[{"embeddable":true,"href":"https:\/\/www.ayadvogados.com.br\/index.php?rest_route=%2Fwp%2Fv2%2Fcomments&post=264"}],"version-history":[{"count":1,"href":"https:\/\/www.ayadvogados.com.br\/index.php?rest_route=\/wp\/v2\/posts\/264\/revisions"}],"predecessor-version":[{"id":265,"href":"https:\/\/www.ayadvogados.com.br\/index.php?rest_route=\/wp\/v2\/posts\/264\/revisions\/265"}],"wp:attachment":[{"href":"https:\/\/www.ayadvogados.com.br\/index.php?rest_route=%2Fwp%2Fv2%2Fmedia&parent=264"}],"wp:term":[{"taxonomy":"category","embeddable":true,"href":"https:\/\/www.ayadvogados.com.br\/index.php?rest_route=%2Fwp%2Fv2%2Fcategories&post=264"},{"taxonomy":"post_tag","embeddable":true,"href":"https:\/\/www.ayadvogados.com.br\/index.php?rest_route=%2Fwp%2Fv2%2Ftags&post=264"}],"curies":[{"name":"wp","href":"https:\/\/api.w.org\/{rel}","templated":true}]}}