{"id":260,"date":"2020-12-08T11:09:00","date_gmt":"2020-12-08T14:09:00","guid":{"rendered":"http:\/\/34.239.117.254\/?p=260"},"modified":"2021-03-18T11:10:05","modified_gmt":"2021-03-18T14:10:05","slug":"norma-da-receita-impede-recurso-ao-carf","status":"publish","type":"post","link":"https:\/\/www.ayadvogados.com.br\/?p=260","title":{"rendered":"Norma da Receita impede recurso ao Carf"},"content":{"rendered":"\n<p>A Receita Federal pode come\u00e7ar a barrar recursos ao Conselho Administrativo de Recursos Fiscais (Carf) para tentar reduzir o contencioso administrativo fiscal de pequeno valor. O \u00f3rg\u00e3o publicou norma para estabelecer que o contribuinte s\u00f3 pode contestar pedido negado de restitui\u00e7\u00e3o e compensa\u00e7\u00e3o tribut\u00e1ria de at\u00e9 60 sal\u00e1rios m\u00ednimos (R$ 62,7 mil) em Delegacia Regional de Julgamento (DRJ) &#8211; formada apenas por representantes da Uni\u00e3o.<\/p>\n\n\n\n<p>A medida est\u00e1 na Instru\u00e7\u00e3o Normativa n\u00ba 1993, que regulamenta a Portaria n\u00ba 340, editada em outubro pelo Minist\u00e9rio da Economia. A norma, que trata do funcionamento das delegacias de julgamento e do contencioso de pequeno valor, previa a edi\u00e7\u00e3o de atos complementares para a sua aplica\u00e7\u00e3o.<\/p>\n\n\n\n<p>Caso a empresa n\u00e3o consiga reverter a situa\u00e7\u00e3o em uma DRJ, o valor \u00e9 inscrito na d\u00edvida ativa da Uni\u00e3o. A Procuradoria-Geral da Fazenda Nacional (PGFN) poder\u00e1, ent\u00e3o, ajuizar execu\u00e7\u00e3o fiscal de cobran\u00e7a.<\/p>\n\n\n\n<p>Para Gabriel Baccarini, do escrit\u00f3rio Cascione Pulino Boulos Advogados, a IN 1993, em vigor desde o dia 24 de novembro, viola os direitos do contribuinte ao duplo grau de jurisdi\u00e7\u00e3o e ao devido processo legal. \u201cO Tribunal de Impostos e Taxas [TIT] de S\u00e3o Paulo, que \u00e9 o tribunal administrativo paulista, tamb\u00e9m tem uma limita\u00e7\u00e3o, mas o teto \u00e9 bem mais alto, de cerca de R$ 500 mil\u201d, afirma o advogado.<\/p>\n\n\n\n<p>Ele destaca que a impossibilidade de recurso ao Carf vale apenas para processos sobre restitui\u00e7\u00e3o ou compensa\u00e7\u00e3o de at\u00e9 60 sal\u00e1rios m\u00ednimos. \u201cCom rela\u00e7\u00e3o aos outros processos administrativos tribut\u00e1rios, por exemplo, aqueles relativos \u00e0 cobran\u00e7a decorrente da lavratura de auto de infra\u00e7\u00e3o, dever\u00e1 ser promovida altera\u00e7\u00e3o do Decreto n\u00ba 70.235\/1972, que regulamenta o processo administrativo fiscal\u201d, diz.<\/p>\n\n\n\n<p>A limita\u00e7\u00e3o imposta pela Receita \u00e9 perigosa mesmo para empresas de grande porte, conforme o tributarista Luca Salvoni, do mesmo escrit\u00f3rio. Isso porque, em geral, uma mesma companhia recebe v\u00e1rias pequenas cobran\u00e7as de compensa\u00e7\u00e3o n\u00e3o homologada, que n\u00e3o poder\u00e3o mais ser contestadas no Carf. \u201cPor isso, somadas, elas ter\u00e3o capacidade de gerar caixa mais rapidamente para a Uni\u00e3o\u201d, afirma o advogado.<\/p>\n\n\n\n<p>S\u00f3cio fundador do HRD Advocacia e Consultoria, Hugo Reis Dias diz que, ao materializar a restri\u00e7\u00e3o de acesso ao Carf, a instru\u00e7\u00e3o normativa \u00e9 ilegal. \u201cA norma impacta os direitos dos contribuintes \u00e0 ampla defesa e ao contradit\u00f3rio nos processos de pequeno valor\u201d, afirma.<\/p>\n\n\n\n<p>S\u00f3cio fundador do HRD Advocacia e Consultoria, Hugo Reis Dias diz que, ao materializar a restri\u00e7\u00e3o de acesso ao Carf, a instru\u00e7\u00e3o normativa \u00e9 ilegal. \u201cA norma impacta os direitos dos contribuintes \u00e0 ampla defesa e ao contradit\u00f3rio nos processos de pequeno valor\u201d, afirma.Fonte: <a href=\"https:\/\/valor.globo.com\/legislacao\/noticia\/2020\/12\/08\/norma-da-receita-impede-recurso-ao-carf.ghtml\">Valor<\/a><\/p>\n\n\n\n<p>A Amaral, Yazbek, OAB\/PR 762, possui 35 anos de experi\u00eancia auxiliando empresas a transformar a tributa\u00e7\u00e3o em lucro. Entre em contato com um dos s\u00f3cios para agendamento de reuni\u00e3o em caso de d\u00favidas.<\/p>\n\n\n\n<p>Contato: 41 3595-8300 ou pelo nosso WhatsApp 41 99567-5696<\/p>\n\n\n\n<p>Av. C\u00e2ndido Hartmann, 50 \u2013 Bigorrilho | Curitiba-PR<\/p>\n\n\n\n<p>Assine nossa Newsletter e fique por dentro das novidades!<\/p>\n\n\n\n<p>Quer receber seu exemplar da revista Governan\u00e7a Jur\u00eddica? Clique <a href=\"http:\/\/ayadvogados.com.br\/revista\">aqui<\/a>&nbsp;e pe\u00e7a a sua.<\/p>\n\n\n\n<p>Nos acompanhe nas redes sociais: <a href=\"https:\/\/www.facebook.com\/amaral.yazbek\">Facebook<\/a>&nbsp;| <a href=\"https:\/\/www.instagram.com\/amaral.yazbek\/\">Instagram<\/a> | <a href=\"https:\/\/www.linkedin.com\/company\/3357082\/admin\/\">Linkedin<\/a><\/p>\n\n\n\n<p>J\u00e1 conhece o canal Direito da Intelig\u00eancia de Neg\u00f3cios? <a href=\"https:\/\/www.youtube.com\/channel\/UCu2Mpu32ht8DEN8OFRXYMyw\">Inscreva-se j\u00e1<\/a><\/p>\n","protected":false},"excerpt":{"rendered":"<p>A Receita Federal pode come\u00e7ar a barrar recursos ao Conselho Administrativo de Recursos Fiscais (Carf) para tentar reduzir o contencioso administrativo fiscal de pequeno valor. O \u00f3rg\u00e3o publicou norma para estabelecer que o contribuinte s\u00f3 pode contestar pedido negado de restitui\u00e7\u00e3o e compensa\u00e7\u00e3o tribut\u00e1ria de at\u00e9 60 sal\u00e1rios m\u00ednimos (R$ 62,7 mil) em Delegacia Regional [&hellip;]<\/p>\n","protected":false},"author":3,"featured_media":0,"comment_status":"open","ping_status":"open","sticky":false,"template":"","format":"standard","meta":{"footnotes":""},"categories":[1],"tags":[],"class_list":["post-260","post","type-post","status-publish","format-standard","hentry","category-noticia-do-dia"],"blocksy_meta":{"styles_descriptor":{"styles":{"desktop":"","tablet":"","mobile":""},"google_fonts":[],"version":6}},"yoast_head":"<!-- This site is optimized with the Yoast SEO plugin v27.5 - https:\/\/yoast.com\/product\/yoast-seo-wordpress\/ -->\n<title>Norma da Receita impede recurso ao Carf - Amaral, Yazbek Advogados<\/title>\n<meta name=\"robots\" content=\"index, follow, max-snippet:-1, max-image-preview:large, max-video-preview:-1\" \/>\n<link rel=\"canonical\" href=\"https:\/\/www.eloquent-edison.34-239-117-254.plesk.page\/?p=260\" \/>\n<meta property=\"og:locale\" content=\"pt_BR\" \/>\n<meta property=\"og:type\" content=\"article\" \/>\n<meta property=\"og:title\" content=\"Norma da Receita impede recurso ao Carf - Amaral, Yazbek Advogados\" \/>\n<meta property=\"og:description\" content=\"A Receita Federal pode come\u00e7ar a barrar recursos ao Conselho Administrativo de Recursos Fiscais (Carf) para tentar reduzir o contencioso administrativo fiscal de pequeno valor. O \u00f3rg\u00e3o publicou norma para estabelecer que o contribuinte s\u00f3 pode contestar pedido negado de restitui\u00e7\u00e3o e compensa\u00e7\u00e3o tribut\u00e1ria de at\u00e9 60 sal\u00e1rios m\u00ednimos (R$ 62,7 mil) em Delegacia Regional [&hellip;]\" \/>\n<meta property=\"og:url\" content=\"https:\/\/www.eloquent-edison.34-239-117-254.plesk.page\/?p=260\" \/>\n<meta property=\"og:site_name\" content=\"Amaral, Yazbek Advogados\" \/>\n<meta property=\"article:publisher\" content=\"https:\/\/www.facebook.com\/AYadvogados\" \/>\n<meta property=\"article:published_time\" content=\"2020-12-08T14:09:00+00:00\" \/>\n<meta property=\"article:modified_time\" content=\"2021-03-18T14:10:05+00:00\" \/>\n<meta name=\"author\" content=\"Infra\" \/>\n<meta name=\"twitter:card\" content=\"summary_large_image\" \/>\n<meta name=\"twitter:label1\" content=\"Escrito por\" \/>\n\t<meta name=\"twitter:data1\" content=\"Infra\" \/>\n\t<meta name=\"twitter:label2\" content=\"Est. tempo de leitura\" \/>\n\t<meta name=\"twitter:data2\" content=\"3 minutos\" \/>\n<script type=\"application\/ld+json\" class=\"yoast-schema-graph\">{\"@context\":\"https:\\\/\\\/schema.org\",\"@graph\":[{\"@type\":\"Article\",\"@id\":\"https:\\\/\\\/www.eloquent-edison.34-239-117-254.plesk.page\\\/?p=260#article\",\"isPartOf\":{\"@id\":\"https:\\\/\\\/www.eloquent-edison.34-239-117-254.plesk.page\\\/?p=260\"},\"author\":{\"name\":\"Infra\",\"@id\":\"https:\\\/\\\/www.34.239.117.254.sslip.io\\\/#\\\/schema\\\/person\\\/6b9165a58758b048b8ea5a4fbd4ec3c4\"},\"headline\":\"Norma da Receita impede recurso ao Carf\",\"datePublished\":\"2020-12-08T14:09:00+00:00\",\"dateModified\":\"2021-03-18T14:10:05+00:00\",\"mainEntityOfPage\":{\"@id\":\"https:\\\/\\\/www.eloquent-edison.34-239-117-254.plesk.page\\\/?p=260\"},\"wordCount\":563,\"commentCount\":0,\"publisher\":{\"@id\":\"https:\\\/\\\/www.34.239.117.254.sslip.io\\\/#organization\"},\"articleSection\":[\"Not\u00edcia do Dia\"],\"inLanguage\":\"pt-BR\",\"potentialAction\":[{\"@type\":\"CommentAction\",\"name\":\"Comment\",\"target\":[\"https:\\\/\\\/www.eloquent-edison.34-239-117-254.plesk.page\\\/?p=260#respond\"]}]},{\"@type\":\"WebPage\",\"@id\":\"https:\\\/\\\/www.eloquent-edison.34-239-117-254.plesk.page\\\/?p=260\",\"url\":\"https:\\\/\\\/www.eloquent-edison.34-239-117-254.plesk.page\\\/?p=260\",\"name\":\"Norma da Receita impede recurso ao Carf - Amaral, Yazbek Advogados\",\"isPartOf\":{\"@id\":\"https:\\\/\\\/www.34.239.117.254.sslip.io\\\/#website\"},\"datePublished\":\"2020-12-08T14:09:00+00:00\",\"dateModified\":\"2021-03-18T14:10:05+00:00\",\"breadcrumb\":{\"@id\":\"https:\\\/\\\/www.eloquent-edison.34-239-117-254.plesk.page\\\/?p=260#breadcrumb\"},\"inLanguage\":\"pt-BR\",\"potentialAction\":[{\"@type\":\"ReadAction\",\"target\":[\"https:\\\/\\\/www.eloquent-edison.34-239-117-254.plesk.page\\\/?p=260\"]}]},{\"@type\":\"BreadcrumbList\",\"@id\":\"https:\\\/\\\/www.eloquent-edison.34-239-117-254.plesk.page\\\/?p=260#breadcrumb\",\"itemListElement\":[{\"@type\":\"ListItem\",\"position\":1,\"name\":\"In\u00edcio\",\"item\":\"https:\\\/\\\/www.34.239.117.254.sslip.io\\\/\"},{\"@type\":\"ListItem\",\"position\":2,\"name\":\"Norma da Receita impede recurso ao Carf\"}]},{\"@type\":\"WebSite\",\"@id\":\"https:\\\/\\\/www.34.239.117.254.sslip.io\\\/#website\",\"url\":\"https:\\\/\\\/www.34.239.117.254.sslip.io\\\/\",\"name\":\"Amaral, Yazbek Advogados\",\"description\":\"Curitiba \u2022 Bras\u00edlia \u2022 S\u00e3o Paulo\",\"publisher\":{\"@id\":\"https:\\\/\\\/www.34.239.117.254.sslip.io\\\/#organization\"},\"potentialAction\":[{\"@type\":\"SearchAction\",\"target\":{\"@type\":\"EntryPoint\",\"urlTemplate\":\"https:\\\/\\\/www.34.239.117.254.sslip.io\\\/?s={search_term_string}\"},\"query-input\":{\"@type\":\"PropertyValueSpecification\",\"valueRequired\":true,\"valueName\":\"search_term_string\"}}],\"inLanguage\":\"pt-BR\"},{\"@type\":\"Organization\",\"@id\":\"https:\\\/\\\/www.34.239.117.254.sslip.io\\\/#organization\",\"name\":\"Amaral, Yazbek Advogados\",\"url\":\"https:\\\/\\\/www.34.239.117.254.sslip.io\\\/\",\"logo\":{\"@type\":\"ImageObject\",\"inLanguage\":\"pt-BR\",\"@id\":\"https:\\\/\\\/www.34.239.117.254.sslip.io\\\/#\\\/schema\\\/logo\\\/image\\\/\",\"url\":\"http:\\\/\\\/34.239.117.254\\\/wp-content\\\/uploads\\\/2021\\\/03\\\/logo-ay-g.png\",\"contentUrl\":\"http:\\\/\\\/34.239.117.254\\\/wp-content\\\/uploads\\\/2021\\\/03\\\/logo-ay-g.png\",\"width\":434,\"height\":106,\"caption\":\"Amaral, Yazbek Advogados\"},\"image\":{\"@id\":\"https:\\\/\\\/www.34.239.117.254.sslip.io\\\/#\\\/schema\\\/logo\\\/image\\\/\"},\"sameAs\":[\"https:\\\/\\\/www.facebook.com\\\/AYadvogados\",\"https:\\\/\\\/www.instagram.com\\\/ayadvogados\\\/\"]},{\"@type\":\"Person\",\"@id\":\"https:\\\/\\\/www.34.239.117.254.sslip.io\\\/#\\\/schema\\\/person\\\/6b9165a58758b048b8ea5a4fbd4ec3c4\",\"name\":\"Infra\",\"image\":{\"@type\":\"ImageObject\",\"inLanguage\":\"pt-BR\",\"@id\":\"https:\\\/\\\/secure.gravatar.com\\\/avatar\\\/60bf67293e186b9c834e31753dcc586dfcedb661d13b6b9ba29ac991ccafc035?s=96&d=mm&r=g\",\"url\":\"https:\\\/\\\/secure.gravatar.com\\\/avatar\\\/60bf67293e186b9c834e31753dcc586dfcedb661d13b6b9ba29ac991ccafc035?s=96&d=mm&r=g\",\"contentUrl\":\"https:\\\/\\\/secure.gravatar.com\\\/avatar\\\/60bf67293e186b9c834e31753dcc586dfcedb661d13b6b9ba29ac991ccafc035?s=96&d=mm&r=g\",\"caption\":\"Infra\"},\"url\":\"https:\\\/\\\/www.ayadvogados.com.br\\\/?author=3\"}]}<\/script>\n<!-- \/ Yoast SEO plugin. -->","yoast_head_json":{"title":"Norma da Receita impede recurso ao Carf - Amaral, Yazbek Advogados","robots":{"index":"index","follow":"follow","max-snippet":"max-snippet:-1","max-image-preview":"max-image-preview:large","max-video-preview":"max-video-preview:-1"},"canonical":"https:\/\/www.eloquent-edison.34-239-117-254.plesk.page\/?p=260","og_locale":"pt_BR","og_type":"article","og_title":"Norma da Receita impede recurso ao Carf - Amaral, Yazbek Advogados","og_description":"A Receita Federal pode come\u00e7ar a barrar recursos ao Conselho Administrativo de Recursos Fiscais (Carf) para tentar reduzir o contencioso administrativo fiscal de pequeno valor. O \u00f3rg\u00e3o publicou norma para estabelecer que o contribuinte s\u00f3 pode contestar pedido negado de restitui\u00e7\u00e3o e compensa\u00e7\u00e3o tribut\u00e1ria de at\u00e9 60 sal\u00e1rios m\u00ednimos (R$ 62,7 mil) em Delegacia Regional [&hellip;]","og_url":"https:\/\/www.eloquent-edison.34-239-117-254.plesk.page\/?p=260","og_site_name":"Amaral, Yazbek Advogados","article_publisher":"https:\/\/www.facebook.com\/AYadvogados","article_published_time":"2020-12-08T14:09:00+00:00","article_modified_time":"2021-03-18T14:10:05+00:00","author":"Infra","twitter_card":"summary_large_image","twitter_misc":{"Escrito por":"Infra","Est. tempo de leitura":"3 minutos"},"schema":{"@context":"https:\/\/schema.org","@graph":[{"@type":"Article","@id":"https:\/\/www.eloquent-edison.34-239-117-254.plesk.page\/?p=260#article","isPartOf":{"@id":"https:\/\/www.eloquent-edison.34-239-117-254.plesk.page\/?p=260"},"author":{"name":"Infra","@id":"https:\/\/www.34.239.117.254.sslip.io\/#\/schema\/person\/6b9165a58758b048b8ea5a4fbd4ec3c4"},"headline":"Norma da Receita impede recurso ao Carf","datePublished":"2020-12-08T14:09:00+00:00","dateModified":"2021-03-18T14:10:05+00:00","mainEntityOfPage":{"@id":"https:\/\/www.eloquent-edison.34-239-117-254.plesk.page\/?p=260"},"wordCount":563,"commentCount":0,"publisher":{"@id":"https:\/\/www.34.239.117.254.sslip.io\/#organization"},"articleSection":["Not\u00edcia do Dia"],"inLanguage":"pt-BR","potentialAction":[{"@type":"CommentAction","name":"Comment","target":["https:\/\/www.eloquent-edison.34-239-117-254.plesk.page\/?p=260#respond"]}]},{"@type":"WebPage","@id":"https:\/\/www.eloquent-edison.34-239-117-254.plesk.page\/?p=260","url":"https:\/\/www.eloquent-edison.34-239-117-254.plesk.page\/?p=260","name":"Norma da Receita impede recurso ao Carf - Amaral, Yazbek Advogados","isPartOf":{"@id":"https:\/\/www.34.239.117.254.sslip.io\/#website"},"datePublished":"2020-12-08T14:09:00+00:00","dateModified":"2021-03-18T14:10:05+00:00","breadcrumb":{"@id":"https:\/\/www.eloquent-edison.34-239-117-254.plesk.page\/?p=260#breadcrumb"},"inLanguage":"pt-BR","potentialAction":[{"@type":"ReadAction","target":["https:\/\/www.eloquent-edison.34-239-117-254.plesk.page\/?p=260"]}]},{"@type":"BreadcrumbList","@id":"https:\/\/www.eloquent-edison.34-239-117-254.plesk.page\/?p=260#breadcrumb","itemListElement":[{"@type":"ListItem","position":1,"name":"In\u00edcio","item":"https:\/\/www.34.239.117.254.sslip.io\/"},{"@type":"ListItem","position":2,"name":"Norma da Receita impede recurso ao Carf"}]},{"@type":"WebSite","@id":"https:\/\/www.34.239.117.254.sslip.io\/#website","url":"https:\/\/www.34.239.117.254.sslip.io\/","name":"Amaral, Yazbek Advogados","description":"Curitiba \u2022 Bras\u00edlia \u2022 S\u00e3o Paulo","publisher":{"@id":"https:\/\/www.34.239.117.254.sslip.io\/#organization"},"potentialAction":[{"@type":"SearchAction","target":{"@type":"EntryPoint","urlTemplate":"https:\/\/www.34.239.117.254.sslip.io\/?s={search_term_string}"},"query-input":{"@type":"PropertyValueSpecification","valueRequired":true,"valueName":"search_term_string"}}],"inLanguage":"pt-BR"},{"@type":"Organization","@id":"https:\/\/www.34.239.117.254.sslip.io\/#organization","name":"Amaral, Yazbek Advogados","url":"https:\/\/www.34.239.117.254.sslip.io\/","logo":{"@type":"ImageObject","inLanguage":"pt-BR","@id":"https:\/\/www.34.239.117.254.sslip.io\/#\/schema\/logo\/image\/","url":"http:\/\/34.239.117.254\/wp-content\/uploads\/2021\/03\/logo-ay-g.png","contentUrl":"http:\/\/34.239.117.254\/wp-content\/uploads\/2021\/03\/logo-ay-g.png","width":434,"height":106,"caption":"Amaral, Yazbek Advogados"},"image":{"@id":"https:\/\/www.34.239.117.254.sslip.io\/#\/schema\/logo\/image\/"},"sameAs":["https:\/\/www.facebook.com\/AYadvogados","https:\/\/www.instagram.com\/ayadvogados\/"]},{"@type":"Person","@id":"https:\/\/www.34.239.117.254.sslip.io\/#\/schema\/person\/6b9165a58758b048b8ea5a4fbd4ec3c4","name":"Infra","image":{"@type":"ImageObject","inLanguage":"pt-BR","@id":"https:\/\/secure.gravatar.com\/avatar\/60bf67293e186b9c834e31753dcc586dfcedb661d13b6b9ba29ac991ccafc035?s=96&d=mm&r=g","url":"https:\/\/secure.gravatar.com\/avatar\/60bf67293e186b9c834e31753dcc586dfcedb661d13b6b9ba29ac991ccafc035?s=96&d=mm&r=g","contentUrl":"https:\/\/secure.gravatar.com\/avatar\/60bf67293e186b9c834e31753dcc586dfcedb661d13b6b9ba29ac991ccafc035?s=96&d=mm&r=g","caption":"Infra"},"url":"https:\/\/www.ayadvogados.com.br\/?author=3"}]}},"rttpg_featured_image_url":null,"rttpg_author":{"display_name":"Infra","author_link":"https:\/\/www.ayadvogados.com.br\/?author=3"},"rttpg_comment":0,"rttpg_category":"<a href=\"https:\/\/www.ayadvogados.com.br\/?cat=1\" rel=\"category\">Not\u00edcia do Dia<\/a>","rttpg_excerpt":"A Receita Federal pode come\u00e7ar a barrar recursos ao Conselho Administrativo de Recursos Fiscais (Carf) para tentar reduzir o contencioso administrativo fiscal de pequeno valor. O \u00f3rg\u00e3o publicou norma para estabelecer que o contribuinte s\u00f3 pode contestar pedido negado de restitui\u00e7\u00e3o e compensa\u00e7\u00e3o tribut\u00e1ria de at\u00e9 60 sal\u00e1rios m\u00ednimos (R$ 62,7 mil) em Delegacia Regional&hellip;","_links":{"self":[{"href":"https:\/\/www.ayadvogados.com.br\/index.php?rest_route=\/wp\/v2\/posts\/260","targetHints":{"allow":["GET"]}}],"collection":[{"href":"https:\/\/www.ayadvogados.com.br\/index.php?rest_route=\/wp\/v2\/posts"}],"about":[{"href":"https:\/\/www.ayadvogados.com.br\/index.php?rest_route=\/wp\/v2\/types\/post"}],"author":[{"embeddable":true,"href":"https:\/\/www.ayadvogados.com.br\/index.php?rest_route=\/wp\/v2\/users\/3"}],"replies":[{"embeddable":true,"href":"https:\/\/www.ayadvogados.com.br\/index.php?rest_route=%2Fwp%2Fv2%2Fcomments&post=260"}],"version-history":[{"count":1,"href":"https:\/\/www.ayadvogados.com.br\/index.php?rest_route=\/wp\/v2\/posts\/260\/revisions"}],"predecessor-version":[{"id":261,"href":"https:\/\/www.ayadvogados.com.br\/index.php?rest_route=\/wp\/v2\/posts\/260\/revisions\/261"}],"wp:attachment":[{"href":"https:\/\/www.ayadvogados.com.br\/index.php?rest_route=%2Fwp%2Fv2%2Fmedia&parent=260"}],"wp:term":[{"taxonomy":"category","embeddable":true,"href":"https:\/\/www.ayadvogados.com.br\/index.php?rest_route=%2Fwp%2Fv2%2Fcategories&post=260"},{"taxonomy":"post_tag","embeddable":true,"href":"https:\/\/www.ayadvogados.com.br\/index.php?rest_route=%2Fwp%2Fv2%2Ftags&post=260"}],"curies":[{"name":"wp","href":"https:\/\/api.w.org\/{rel}","templated":true}]}}