{"id":258,"date":"2020-12-09T11:09:00","date_gmt":"2020-12-09T14:09:00","guid":{"rendered":"http:\/\/34.239.117.254\/?p=258"},"modified":"2021-03-18T11:09:35","modified_gmt":"2021-03-18T14:09:35","slug":"programa-de-retomada-fiscal-busca-auxiliar-os-contribuintes-na-regularizacao-das-dividas","status":"publish","type":"post","link":"https:\/\/www.ayadvogados.com.br\/?p=258","title":{"rendered":"Programa de Retomada Fiscal busca auxiliar os contribuintes na regulariza\u00e7\u00e3o das d\u00edvidas."},"content":{"rendered":"\n<p>\u201cA Procuradoria-Geral da Fazenda Nacional (PGFN) instituiu o Programa de Retomada Fiscal, iniciativa que consolida diferentes a\u00e7\u00f5es com o objetivo de auxiliar os contribuintes na regulariza\u00e7\u00e3o de d\u00e9bitos inscritos em d\u00edvida ativa da Uni\u00e3o (DAU), neste contexto de supera\u00e7\u00e3o da crise econ\u00f4mico-financeira decorrente da pandemia causada pela Covid-19.\u201d<\/p>\n\n\n\n<p>\u201cDentre as medidas, algumas est\u00e3o relacionadas \u00e0 flexibiliza\u00e7\u00e3o das a\u00e7\u00f5es de cobran\u00e7a da PGFN e outras envolvem a disponibiliza\u00e7\u00e3o de diferentes acordos de transa\u00e7\u00e3o para renegocia\u00e7\u00e3o de d\u00edvidas com benef\u00edcios, como descontos e prazos diferenciados.\u201d<\/p>\n\n\n\n<p>Ser\u00e3o tr\u00eas modelos de retomada fiscal que a Receita Federal&nbsp; disponibilizou para os contribuintes:<\/p>\n\n\n\n<p><br><strong>TRANSA\u00c7\u00c3O EXTRAORDIN\u00c1RIA<\/strong><\/p>\n\n\n\n<p>Entrada facilitada e Prazos Diferenciados:<\/p>\n\n\n\n<p>Dispon\u00edvel para todos os contribuintes<\/p>\n\n\n\n<p>Entrada facilitada e prazos diferenciados, o contribuinte poder\u00e1 contar com a entrada de 1% dividida em at\u00e9 tr\u00eas meses, e o restante poder\u00e1 ser dividido entre 81 e 142 meses, dependendo do porte e modelo da sua empresa.<\/p>\n\n\n\n<p><strong>TRANSA\u00c7\u00c3O DE PEQUENO VALOR<\/strong><\/p>\n\n\n\n<p>Descontos e Entrada Facilitada<\/p>\n\n\n\n<p>Dispon\u00edvel para pessoas f\u00edsicas, microempresas e empresas de pequeno porte.<\/p>\n\n\n\n<p>A entrada de 5% pode ser dividida em at\u00e9 5 meses.<\/p>\n\n\n\n<p>Al\u00e9m disso, essa modalidade concede descontos de 30% at\u00e9 50% sobre o valor total do d\u00e9bito.<\/p>\n\n\n\n<p><strong>TRANSA\u00c7\u00c3O EXCEPCIONAL<\/strong><\/p>\n\n\n\n<p>Descontos, Entrada Facilitada e Prazos Diferenciados<\/p>\n\n\n\n<p>Dispon\u00edvel para os contribuintes que comprovaram os impactos econ\u00f4micos sofridos em decorr\u00eancia da pandemia<\/p>\n\n\n\n<p>\u201cEntrada de 4% dividida em at\u00e9 12 meses, e o restante poder\u00e1&nbsp;ser dividido entre 72 e 133 meses, dependendo do modelo do seu neg\u00f3cio, tendo a possibilidade tamb\u00e9m de obter 100% de descontos sobre acr\u00e9scimos legais.\u201d<\/p>\n\n\n\n<p>\u201cH\u00e1 ainda uma modalidade de Transa\u00e7\u00e3o Excepcional exclusiva para produtores rurais e agricultores familiares, que possibilita pagar com benef\u00edcios os d\u00e9bitos inscritos em d\u00edvida ativa da Uni\u00e3o referentes: a opera\u00e7\u00f5es de cr\u00e9dito rural, ao Fundo de Terras e da Reforma Agr\u00e1ria e do Acordo de Empr\u00e9stimo 4.147- BR. \u201c<\/p>\n\n\n\n<p>\u201cAl\u00e9m dos acordos de transa\u00e7\u00e3o, h\u00e1 tamb\u00e9m a possibilidade de celebra\u00e7\u00e3o de Neg\u00f3cio Jur\u00eddico Processual (NJP), que \u00e9 o instrumento que possibilita ao devedor negociar, diretamente com a PGFN, a quita\u00e7\u00e3o de seus d\u00e9bitos inscritos em d\u00edvida ativa da Uni\u00e3o ou do FGTS.\u201d<\/p>\n\n\n\n<p>\u201cEssa negocia\u00e7\u00e3o poder\u00e1 versar sobre: calendariza\u00e7\u00e3o da execu\u00e7\u00e3o fiscal; cria\u00e7\u00e3o de um plano de amortiza\u00e7\u00e3o do d\u00e9bito fiscal; aceita\u00e7\u00e3o, avalia\u00e7\u00e3o, substitui\u00e7\u00e3o e libera\u00e7\u00e3o de garantias; e modo de constri\u00e7\u00e3o ou aliena\u00e7\u00e3o de bens.\u201d<\/p>\n\n\n\n<p>A Amaral, Yazbek Advogados conta com equipe capacitada para ajudar na regulariza\u00e7\u00e3o de seus d\u00e9bitos tribut\u00e1rios. Estamos \u00e0 disposi\u00e7\u00e3o para te auxiliar.<\/p>\n\n\n\n<p>Fonte:https:\/\/www.gov.br\/pgfn\/pt-br\/assuntos\/noticias\/conheca-as-propostas-de-negociacao-com-beneficios-como-descontos-e-entrada-facilitada-1<\/p>\n\n\n\n<p>A Amaral, Yazbek, OAB\/PR 762, possui 35 anos de experi\u00eancia auxiliando empresas a transformar a tributa\u00e7\u00e3o em lucro. Entre em contato com um dos s\u00f3cios para agendamento de reuni\u00e3o em caso de d\u00favidas.<\/p>\n\n\n\n<p>Contato: 41 3595-8300 ou pelo nosso WhatsApp 41 99567-5696<\/p>\n\n\n\n<p>Av. C\u00e2ndido Hartmann, 50 \u2013 Bigorrilho | Curitiba-PR<\/p>\n\n\n\n<p>Assine nossa Newsletter e fique por dentro das novidades!<\/p>\n\n\n\n<p>Quer receber seu exemplar da revista Governan\u00e7a Jur\u00eddica? Clique <a href=\"http:\/\/ayadvogados.com.br\/revista\">aqui<\/a>&nbsp;e pe\u00e7a a sua.<\/p>\n\n\n\n<p>Nos acompanhe nas redes sociais: <a href=\"https:\/\/www.facebook.com\/amaral.yazbek\">Facebook<\/a>&nbsp;| <a href=\"https:\/\/www.instagram.com\/amaral.yazbek\/\">Instagram<\/a> | <a href=\"https:\/\/www.linkedin.com\/company\/3357082\/admin\/\">Linkedin<\/a><\/p>\n\n\n\n<p>J\u00e1 conhece o canal Direito da Intelig\u00eancia de Neg\u00f3cios? <a href=\"https:\/\/www.youtube.com\/channel\/UCu2Mpu32ht8DEN8OFRXYMyw\">Inscreva-se j\u00e1<\/a><\/p>\n","protected":false},"excerpt":{"rendered":"<p>\u201cA Procuradoria-Geral da Fazenda Nacional (PGFN) instituiu o Programa de Retomada Fiscal, iniciativa que consolida diferentes a\u00e7\u00f5es com o objetivo de auxiliar os contribuintes na regulariza\u00e7\u00e3o de d\u00e9bitos inscritos em d\u00edvida ativa da Uni\u00e3o (DAU), neste contexto de supera\u00e7\u00e3o da crise econ\u00f4mico-financeira decorrente da pandemia causada pela Covid-19.\u201d \u201cDentre as medidas, algumas est\u00e3o relacionadas \u00e0 [&hellip;]<\/p>\n","protected":false},"author":3,"featured_media":0,"comment_status":"open","ping_status":"open","sticky":false,"template":"","format":"standard","meta":{"footnotes":""},"categories":[1],"tags":[],"class_list":["post-258","post","type-post","status-publish","format-standard","hentry","category-noticia-do-dia"],"blocksy_meta":{"styles_descriptor":{"styles":{"desktop":"","tablet":"","mobile":""},"google_fonts":[],"version":6}},"yoast_head":"<!-- This site is optimized with the Yoast SEO plugin v27.5 - https:\/\/yoast.com\/product\/yoast-seo-wordpress\/ -->\n<title>Programa de Retomada Fiscal busca auxiliar os contribuintes na regulariza\u00e7\u00e3o das d\u00edvidas. - Amaral, Yazbek Advogados<\/title>\n<meta name=\"robots\" content=\"index, follow, max-snippet:-1, max-image-preview:large, max-video-preview:-1\" \/>\n<link rel=\"canonical\" href=\"https:\/\/www.eloquent-edison.34-239-117-254.plesk.page\/?p=258\" \/>\n<meta property=\"og:locale\" content=\"pt_BR\" \/>\n<meta property=\"og:type\" content=\"article\" \/>\n<meta property=\"og:title\" content=\"Programa de Retomada Fiscal busca auxiliar os contribuintes na regulariza\u00e7\u00e3o das d\u00edvidas. - Amaral, Yazbek Advogados\" \/>\n<meta property=\"og:description\" content=\"\u201cA Procuradoria-Geral da Fazenda Nacional (PGFN) instituiu o Programa de Retomada Fiscal, iniciativa que consolida diferentes a\u00e7\u00f5es com o objetivo de auxiliar os contribuintes na regulariza\u00e7\u00e3o de d\u00e9bitos inscritos em d\u00edvida ativa da Uni\u00e3o (DAU), neste contexto de supera\u00e7\u00e3o da crise econ\u00f4mico-financeira decorrente da pandemia causada pela Covid-19.\u201d \u201cDentre as medidas, algumas est\u00e3o relacionadas \u00e0 [&hellip;]\" \/>\n<meta property=\"og:url\" content=\"https:\/\/www.eloquent-edison.34-239-117-254.plesk.page\/?p=258\" \/>\n<meta property=\"og:site_name\" content=\"Amaral, Yazbek Advogados\" \/>\n<meta property=\"article:publisher\" content=\"https:\/\/www.facebook.com\/AYadvogados\" \/>\n<meta property=\"article:published_time\" content=\"2020-12-09T14:09:00+00:00\" \/>\n<meta property=\"article:modified_time\" content=\"2021-03-18T14:09:35+00:00\" \/>\n<meta name=\"author\" content=\"Infra\" \/>\n<meta name=\"twitter:card\" content=\"summary_large_image\" \/>\n<meta name=\"twitter:label1\" content=\"Escrito por\" \/>\n\t<meta name=\"twitter:data1\" content=\"Infra\" \/>\n\t<meta name=\"twitter:label2\" content=\"Est. tempo de leitura\" \/>\n\t<meta name=\"twitter:data2\" content=\"3 minutos\" \/>\n<script type=\"application\/ld+json\" class=\"yoast-schema-graph\">{\"@context\":\"https:\\\/\\\/schema.org\",\"@graph\":[{\"@type\":\"Article\",\"@id\":\"https:\\\/\\\/www.eloquent-edison.34-239-117-254.plesk.page\\\/?p=258#article\",\"isPartOf\":{\"@id\":\"https:\\\/\\\/www.eloquent-edison.34-239-117-254.plesk.page\\\/?p=258\"},\"author\":{\"name\":\"Infra\",\"@id\":\"https:\\\/\\\/www.34.239.117.254.sslip.io\\\/#\\\/schema\\\/person\\\/6b9165a58758b048b8ea5a4fbd4ec3c4\"},\"headline\":\"Programa de Retomada Fiscal busca auxiliar os contribuintes na regulariza\u00e7\u00e3o das d\u00edvidas.\",\"datePublished\":\"2020-12-09T14:09:00+00:00\",\"dateModified\":\"2021-03-18T14:09:35+00:00\",\"mainEntityOfPage\":{\"@id\":\"https:\\\/\\\/www.eloquent-edison.34-239-117-254.plesk.page\\\/?p=258\"},\"wordCount\":576,\"commentCount\":0,\"publisher\":{\"@id\":\"https:\\\/\\\/www.34.239.117.254.sslip.io\\\/#organization\"},\"articleSection\":[\"Not\u00edcia do Dia\"],\"inLanguage\":\"pt-BR\",\"potentialAction\":[{\"@type\":\"CommentAction\",\"name\":\"Comment\",\"target\":[\"https:\\\/\\\/www.eloquent-edison.34-239-117-254.plesk.page\\\/?p=258#respond\"]}]},{\"@type\":\"WebPage\",\"@id\":\"https:\\\/\\\/www.eloquent-edison.34-239-117-254.plesk.page\\\/?p=258\",\"url\":\"https:\\\/\\\/www.eloquent-edison.34-239-117-254.plesk.page\\\/?p=258\",\"name\":\"Programa de Retomada Fiscal busca auxiliar os contribuintes na regulariza\u00e7\u00e3o das d\u00edvidas. - Amaral, Yazbek Advogados\",\"isPartOf\":{\"@id\":\"https:\\\/\\\/www.34.239.117.254.sslip.io\\\/#website\"},\"datePublished\":\"2020-12-09T14:09:00+00:00\",\"dateModified\":\"2021-03-18T14:09:35+00:00\",\"breadcrumb\":{\"@id\":\"https:\\\/\\\/www.eloquent-edison.34-239-117-254.plesk.page\\\/?p=258#breadcrumb\"},\"inLanguage\":\"pt-BR\",\"potentialAction\":[{\"@type\":\"ReadAction\",\"target\":[\"https:\\\/\\\/www.eloquent-edison.34-239-117-254.plesk.page\\\/?p=258\"]}]},{\"@type\":\"BreadcrumbList\",\"@id\":\"https:\\\/\\\/www.eloquent-edison.34-239-117-254.plesk.page\\\/?p=258#breadcrumb\",\"itemListElement\":[{\"@type\":\"ListItem\",\"position\":1,\"name\":\"In\u00edcio\",\"item\":\"https:\\\/\\\/www.34.239.117.254.sslip.io\\\/\"},{\"@type\":\"ListItem\",\"position\":2,\"name\":\"Programa de Retomada Fiscal busca auxiliar os contribuintes na regulariza\u00e7\u00e3o das d\u00edvidas.\"}]},{\"@type\":\"WebSite\",\"@id\":\"https:\\\/\\\/www.34.239.117.254.sslip.io\\\/#website\",\"url\":\"https:\\\/\\\/www.34.239.117.254.sslip.io\\\/\",\"name\":\"Amaral, Yazbek Advogados\",\"description\":\"Curitiba \u2022 Bras\u00edlia \u2022 S\u00e3o Paulo\",\"publisher\":{\"@id\":\"https:\\\/\\\/www.34.239.117.254.sslip.io\\\/#organization\"},\"potentialAction\":[{\"@type\":\"SearchAction\",\"target\":{\"@type\":\"EntryPoint\",\"urlTemplate\":\"https:\\\/\\\/www.34.239.117.254.sslip.io\\\/?s={search_term_string}\"},\"query-input\":{\"@type\":\"PropertyValueSpecification\",\"valueRequired\":true,\"valueName\":\"search_term_string\"}}],\"inLanguage\":\"pt-BR\"},{\"@type\":\"Organization\",\"@id\":\"https:\\\/\\\/www.34.239.117.254.sslip.io\\\/#organization\",\"name\":\"Amaral, Yazbek Advogados\",\"url\":\"https:\\\/\\\/www.34.239.117.254.sslip.io\\\/\",\"logo\":{\"@type\":\"ImageObject\",\"inLanguage\":\"pt-BR\",\"@id\":\"https:\\\/\\\/www.34.239.117.254.sslip.io\\\/#\\\/schema\\\/logo\\\/image\\\/\",\"url\":\"http:\\\/\\\/34.239.117.254\\\/wp-content\\\/uploads\\\/2021\\\/03\\\/logo-ay-g.png\",\"contentUrl\":\"http:\\\/\\\/34.239.117.254\\\/wp-content\\\/uploads\\\/2021\\\/03\\\/logo-ay-g.png\",\"width\":434,\"height\":106,\"caption\":\"Amaral, Yazbek Advogados\"},\"image\":{\"@id\":\"https:\\\/\\\/www.34.239.117.254.sslip.io\\\/#\\\/schema\\\/logo\\\/image\\\/\"},\"sameAs\":[\"https:\\\/\\\/www.facebook.com\\\/AYadvogados\",\"https:\\\/\\\/www.instagram.com\\\/ayadvogados\\\/\"]},{\"@type\":\"Person\",\"@id\":\"https:\\\/\\\/www.34.239.117.254.sslip.io\\\/#\\\/schema\\\/person\\\/6b9165a58758b048b8ea5a4fbd4ec3c4\",\"name\":\"Infra\",\"image\":{\"@type\":\"ImageObject\",\"inLanguage\":\"pt-BR\",\"@id\":\"https:\\\/\\\/secure.gravatar.com\\\/avatar\\\/60bf67293e186b9c834e31753dcc586dfcedb661d13b6b9ba29ac991ccafc035?s=96&d=mm&r=g\",\"url\":\"https:\\\/\\\/secure.gravatar.com\\\/avatar\\\/60bf67293e186b9c834e31753dcc586dfcedb661d13b6b9ba29ac991ccafc035?s=96&d=mm&r=g\",\"contentUrl\":\"https:\\\/\\\/secure.gravatar.com\\\/avatar\\\/60bf67293e186b9c834e31753dcc586dfcedb661d13b6b9ba29ac991ccafc035?s=96&d=mm&r=g\",\"caption\":\"Infra\"},\"url\":\"https:\\\/\\\/www.ayadvogados.com.br\\\/?author=3\"}]}<\/script>\n<!-- \/ Yoast SEO plugin. -->","yoast_head_json":{"title":"Programa de Retomada Fiscal busca auxiliar os contribuintes na regulariza\u00e7\u00e3o das d\u00edvidas. - Amaral, Yazbek Advogados","robots":{"index":"index","follow":"follow","max-snippet":"max-snippet:-1","max-image-preview":"max-image-preview:large","max-video-preview":"max-video-preview:-1"},"canonical":"https:\/\/www.eloquent-edison.34-239-117-254.plesk.page\/?p=258","og_locale":"pt_BR","og_type":"article","og_title":"Programa de Retomada Fiscal busca auxiliar os contribuintes na regulariza\u00e7\u00e3o das d\u00edvidas. - Amaral, Yazbek Advogados","og_description":"\u201cA Procuradoria-Geral da Fazenda Nacional (PGFN) instituiu o Programa de Retomada Fiscal, iniciativa que consolida diferentes a\u00e7\u00f5es com o objetivo de auxiliar os contribuintes na regulariza\u00e7\u00e3o de d\u00e9bitos inscritos em d\u00edvida ativa da Uni\u00e3o (DAU), neste contexto de supera\u00e7\u00e3o da crise econ\u00f4mico-financeira decorrente da pandemia causada pela Covid-19.\u201d \u201cDentre as medidas, algumas est\u00e3o relacionadas \u00e0 [&hellip;]","og_url":"https:\/\/www.eloquent-edison.34-239-117-254.plesk.page\/?p=258","og_site_name":"Amaral, Yazbek Advogados","article_publisher":"https:\/\/www.facebook.com\/AYadvogados","article_published_time":"2020-12-09T14:09:00+00:00","article_modified_time":"2021-03-18T14:09:35+00:00","author":"Infra","twitter_card":"summary_large_image","twitter_misc":{"Escrito por":"Infra","Est. tempo de leitura":"3 minutos"},"schema":{"@context":"https:\/\/schema.org","@graph":[{"@type":"Article","@id":"https:\/\/www.eloquent-edison.34-239-117-254.plesk.page\/?p=258#article","isPartOf":{"@id":"https:\/\/www.eloquent-edison.34-239-117-254.plesk.page\/?p=258"},"author":{"name":"Infra","@id":"https:\/\/www.34.239.117.254.sslip.io\/#\/schema\/person\/6b9165a58758b048b8ea5a4fbd4ec3c4"},"headline":"Programa de Retomada Fiscal busca auxiliar os contribuintes na regulariza\u00e7\u00e3o das d\u00edvidas.","datePublished":"2020-12-09T14:09:00+00:00","dateModified":"2021-03-18T14:09:35+00:00","mainEntityOfPage":{"@id":"https:\/\/www.eloquent-edison.34-239-117-254.plesk.page\/?p=258"},"wordCount":576,"commentCount":0,"publisher":{"@id":"https:\/\/www.34.239.117.254.sslip.io\/#organization"},"articleSection":["Not\u00edcia do Dia"],"inLanguage":"pt-BR","potentialAction":[{"@type":"CommentAction","name":"Comment","target":["https:\/\/www.eloquent-edison.34-239-117-254.plesk.page\/?p=258#respond"]}]},{"@type":"WebPage","@id":"https:\/\/www.eloquent-edison.34-239-117-254.plesk.page\/?p=258","url":"https:\/\/www.eloquent-edison.34-239-117-254.plesk.page\/?p=258","name":"Programa de Retomada Fiscal busca auxiliar os contribuintes na regulariza\u00e7\u00e3o das d\u00edvidas. - Amaral, Yazbek Advogados","isPartOf":{"@id":"https:\/\/www.34.239.117.254.sslip.io\/#website"},"datePublished":"2020-12-09T14:09:00+00:00","dateModified":"2021-03-18T14:09:35+00:00","breadcrumb":{"@id":"https:\/\/www.eloquent-edison.34-239-117-254.plesk.page\/?p=258#breadcrumb"},"inLanguage":"pt-BR","potentialAction":[{"@type":"ReadAction","target":["https:\/\/www.eloquent-edison.34-239-117-254.plesk.page\/?p=258"]}]},{"@type":"BreadcrumbList","@id":"https:\/\/www.eloquent-edison.34-239-117-254.plesk.page\/?p=258#breadcrumb","itemListElement":[{"@type":"ListItem","position":1,"name":"In\u00edcio","item":"https:\/\/www.34.239.117.254.sslip.io\/"},{"@type":"ListItem","position":2,"name":"Programa de Retomada Fiscal busca auxiliar os contribuintes na regulariza\u00e7\u00e3o das d\u00edvidas."}]},{"@type":"WebSite","@id":"https:\/\/www.34.239.117.254.sslip.io\/#website","url":"https:\/\/www.34.239.117.254.sslip.io\/","name":"Amaral, Yazbek Advogados","description":"Curitiba \u2022 Bras\u00edlia \u2022 S\u00e3o Paulo","publisher":{"@id":"https:\/\/www.34.239.117.254.sslip.io\/#organization"},"potentialAction":[{"@type":"SearchAction","target":{"@type":"EntryPoint","urlTemplate":"https:\/\/www.34.239.117.254.sslip.io\/?s={search_term_string}"},"query-input":{"@type":"PropertyValueSpecification","valueRequired":true,"valueName":"search_term_string"}}],"inLanguage":"pt-BR"},{"@type":"Organization","@id":"https:\/\/www.34.239.117.254.sslip.io\/#organization","name":"Amaral, Yazbek Advogados","url":"https:\/\/www.34.239.117.254.sslip.io\/","logo":{"@type":"ImageObject","inLanguage":"pt-BR","@id":"https:\/\/www.34.239.117.254.sslip.io\/#\/schema\/logo\/image\/","url":"http:\/\/34.239.117.254\/wp-content\/uploads\/2021\/03\/logo-ay-g.png","contentUrl":"http:\/\/34.239.117.254\/wp-content\/uploads\/2021\/03\/logo-ay-g.png","width":434,"height":106,"caption":"Amaral, Yazbek Advogados"},"image":{"@id":"https:\/\/www.34.239.117.254.sslip.io\/#\/schema\/logo\/image\/"},"sameAs":["https:\/\/www.facebook.com\/AYadvogados","https:\/\/www.instagram.com\/ayadvogados\/"]},{"@type":"Person","@id":"https:\/\/www.34.239.117.254.sslip.io\/#\/schema\/person\/6b9165a58758b048b8ea5a4fbd4ec3c4","name":"Infra","image":{"@type":"ImageObject","inLanguage":"pt-BR","@id":"https:\/\/secure.gravatar.com\/avatar\/60bf67293e186b9c834e31753dcc586dfcedb661d13b6b9ba29ac991ccafc035?s=96&d=mm&r=g","url":"https:\/\/secure.gravatar.com\/avatar\/60bf67293e186b9c834e31753dcc586dfcedb661d13b6b9ba29ac991ccafc035?s=96&d=mm&r=g","contentUrl":"https:\/\/secure.gravatar.com\/avatar\/60bf67293e186b9c834e31753dcc586dfcedb661d13b6b9ba29ac991ccafc035?s=96&d=mm&r=g","caption":"Infra"},"url":"https:\/\/www.ayadvogados.com.br\/?author=3"}]}},"rttpg_featured_image_url":null,"rttpg_author":{"display_name":"Infra","author_link":"https:\/\/www.ayadvogados.com.br\/?author=3"},"rttpg_comment":0,"rttpg_category":"<a href=\"https:\/\/www.ayadvogados.com.br\/?cat=1\" rel=\"category\">Not\u00edcia do Dia<\/a>","rttpg_excerpt":"\u201cA Procuradoria-Geral da Fazenda Nacional (PGFN) instituiu o Programa de Retomada Fiscal, iniciativa que consolida diferentes a\u00e7\u00f5es com o objetivo de auxiliar os contribuintes na regulariza\u00e7\u00e3o de d\u00e9bitos inscritos em d\u00edvida ativa da Uni\u00e3o (DAU), neste contexto de supera\u00e7\u00e3o da crise econ\u00f4mico-financeira decorrente da pandemia causada pela Covid-19.\u201d \u201cDentre as medidas, algumas est\u00e3o relacionadas \u00e0&hellip;","_links":{"self":[{"href":"https:\/\/www.ayadvogados.com.br\/index.php?rest_route=\/wp\/v2\/posts\/258","targetHints":{"allow":["GET"]}}],"collection":[{"href":"https:\/\/www.ayadvogados.com.br\/index.php?rest_route=\/wp\/v2\/posts"}],"about":[{"href":"https:\/\/www.ayadvogados.com.br\/index.php?rest_route=\/wp\/v2\/types\/post"}],"author":[{"embeddable":true,"href":"https:\/\/www.ayadvogados.com.br\/index.php?rest_route=\/wp\/v2\/users\/3"}],"replies":[{"embeddable":true,"href":"https:\/\/www.ayadvogados.com.br\/index.php?rest_route=%2Fwp%2Fv2%2Fcomments&post=258"}],"version-history":[{"count":1,"href":"https:\/\/www.ayadvogados.com.br\/index.php?rest_route=\/wp\/v2\/posts\/258\/revisions"}],"predecessor-version":[{"id":259,"href":"https:\/\/www.ayadvogados.com.br\/index.php?rest_route=\/wp\/v2\/posts\/258\/revisions\/259"}],"wp:attachment":[{"href":"https:\/\/www.ayadvogados.com.br\/index.php?rest_route=%2Fwp%2Fv2%2Fmedia&parent=258"}],"wp:term":[{"taxonomy":"category","embeddable":true,"href":"https:\/\/www.ayadvogados.com.br\/index.php?rest_route=%2Fwp%2Fv2%2Fcategories&post=258"},{"taxonomy":"post_tag","embeddable":true,"href":"https:\/\/www.ayadvogados.com.br\/index.php?rest_route=%2Fwp%2Fv2%2Ftags&post=258"}],"curies":[{"name":"wp","href":"https:\/\/api.w.org\/{rel}","templated":true}]}}