{"id":254,"date":"2020-12-11T11:06:00","date_gmt":"2020-12-11T14:06:00","guid":{"rendered":"http:\/\/34.239.117.254\/?p=254"},"modified":"2021-03-18T11:08:18","modified_gmt":"2021-03-18T14:08:18","slug":"supremo-deixa-para-o-stj-discussao-sobre-icms-st","status":"publish","type":"post","link":"https:\/\/www.ayadvogados.com.br\/?p=254","title":{"rendered":"Supremo deixa para o STJ discuss\u00e3o sobre ICMS-ST"},"content":{"rendered":"\n<p>A exclus\u00e3o do ICMS-ST da base de c\u00e1lculo do PIS e da Cofins dever\u00e1 ser definida pela 1\u00aa Se\u00e7\u00e3o do Superior Tribunal de Justi\u00e7a (STJ). O Supremo Tribunal Federal (STF) declarou que o imposto estadual, pago antecipadamente pelo regime de substitui\u00e7\u00e3o tribut\u00e1ria, \u00e9 um tema de car\u00e1ter infraconstitucional.<\/p>\n\n\n\n<p>O ac\u00f3rd\u00e3o do STF foi proferido por maioria dos votos e n\u00e3o cabe mais recurso (transitou em julgado). O caso analisado, em repercuss\u00e3o geral, \u00e9 da Monte Cristo Bebidas, distribuidora de Caxias do Sul, no Rio Grande do Sul (RExt 1258842).<\/p>\n\n\n\n<p>Em 2017, o Supremo aceitou a exclus\u00e3o do ICMS do c\u00e1lculo das contribui\u00e7\u00f5es sociais. Empresas de segmentos que recolhem o ICMS-ST em nome das demais da mesma cadeia produtiva, por\u00e9m, n\u00e3o se enquadram no julgamento. No Estado de S\u00e3o Paulo, por exemplo, submetem-se ao regime distribuidoras de bebidas, ve\u00edculos automotores, tintas e medicamentos.<\/p>\n\n\n\n<p>\u201cEmbora o ICMS-ST n\u00e3o entre na base de c\u00e1lculo do PIS\/Cofins das varejistas, elas s\u00e3o oneradas porque o imposto fica embutido no pre\u00e7o das mercadorias\u201d, afirma Gustavo Nygaard, advogado e s\u00f3cio do TozziniFreire.<\/p>\n\n\n\n<p>Segundo Nygaard, decis\u00f5es do Tribunal Regional Federal (TRF) da 3\u00aa Regi\u00e3o (SP e MS) determinam a exclus\u00e3o do ICMS-ST porque a substitui\u00e7\u00e3o tribut\u00e1ria s\u00f3 seria uma sistem\u00e1tica diferente de apura\u00e7\u00e3o do ICMS. \u201cMas outros TRFs, especialmente o da 4\u00aa Regi\u00e3o [RS, PR e SC], negam a exclus\u00e3o do ICMS-ST do c\u00e1lculo das contribui\u00e7\u00f5es\u201d, diz. \u201cEntendo que a discuss\u00e3o \u00e9 constitucional, como a do pr\u00f3prio ICMS, mas, a partir de agora, os recursos ao STF n\u00e3o ser\u00e3o mais reconhecidos.\u201d<\/p>\n\n\n\n<p>Matheus Bueno, do Bueno e Castro Tax Lawyers, avalia que s\u00f3 a discuss\u00e3o sobre o ICMS-ST gerar cr\u00e9ditos de PIS\/Cofins \u00e9 tema infraconstitucional. \u201cAgora, para se corrigir, a Corte teria de assumir um erro cometido por quase todos os ministros, o que seria raro\u201d, afirma Bueno.<\/p>\n\n\n\n<p>Em termos pr\u00e1ticos, ao n\u00e3o reconhecer a repercuss\u00e3o geral, essa decis\u00e3o vale para todos os recursos extraordin\u00e1rios sobre a mesma quest\u00e3o, diz Cristiane da Silva Pereira, do escrit\u00f3rio Altemo Advogados Associados, que representou a Monte Cristo Bebidas no processo. \u201cA decis\u00e3o autoriza que os tribunais de origem n\u00e3o conhe\u00e7am desses recursos [para o STF], tendo seguimento apenas o recurso especial, destinado ao STJ\u201d, afirma.<\/p>\n\n\n\n<p>Para ela, todos os contribuintes de ICMS-ST ter\u00e3o que aguardar uma decis\u00e3o do STJ, em sede de recurso repetitivo, para saber se \u00e9 poss\u00edvel fazer a exclus\u00e3o do imposto da base do PIS e da Cofins.<\/p>\n\n\n\n<p>At\u00e9 ent\u00e3o, o STJ (REsp 1852225 entre outros) julgava que n\u00e3o poderia analisar a mat\u00e9ria porque a quest\u00e3o \u00e9 constitucional. \u201cA decis\u00e3o do STF n\u00e3o \u00e9 correta justamente porque a discuss\u00e3o se refere ao conceito de receita, que \u00e9 constitucional, sendo uma vari\u00e1vel da discuss\u00e3o da exclus\u00e3o do ICMS da base do PIS e Cofins\u201d, afirma Alessandro Mendes Cardos<\/p>\n\n\n\n<p>Segundo a al\u00ednea b do inciso I do artigo 195 da Constitui\u00e7\u00e3o Federal, a seguridade social ser\u00e1 financiada por toda a sociedade, mediante recursos provenientes das contribui\u00e7\u00f5es sociais do empregador, da empresa e da entidade a ela equiparada sobre a receita ou o faturamento.<\/p>\n\n\n\n<p>Agora, com a decis\u00e3o do Supremo, o STJ dever\u00e1 rever o seu posicionamento e avaliar o m\u00e9rito da controv\u00e9rsia. Segundo Cardoso, avaliar\u00e1 as leis n\u00ba 10.637 e n\u00ba 10.833 (do PIS e da Cofins), de 2003, para definir se o ICMS-ST comp\u00f5e ou n\u00e3o a receita do substitu\u00eddo. \u201cMas entendo que o ICMS-ST \u00e9 repassado pelo substitu\u00eddo ao consumidor final, em contrapartida ao valor do tributo que ele assume financeiramente, transferido pelo substituto. Assim, n\u00e3o comp\u00f5e a sua receita\u201d, diz Cardoso.<\/p>\n\n\n\n<p>No fim de novembro, a 2\u00aa Turma do STJ, ao analisar um agravo, registrou que \u201co ICMS-ST n\u00e3o pode ser exclu\u00eddo da base de c\u00e1lculo das contribui\u00e7\u00f5es ao PIS\/Pasep e Cofins devidos pelo substitu\u00eddo simplesmente porque jamais esteve formalmente inclu\u00eddo nessa mesma base de c\u00e1lculo\u201d (AgInt no REsp 1884765). Para Jos\u00e9 P\u00e9ricles Pereira de Sousa, coordenador-geral da atua\u00e7\u00e3o da PGFN junto ao STJ, \u201ccomo deixou anunciado nesse ac\u00f3rd\u00e3o da 2\u00aa Turma, o STJ pode tender a se posicionar pela inclus\u00e3o na base\u201d.<\/p>\n\n\n\n<p>Diante da decis\u00e3o do Supremo que reconhece a natureza infraconstitucional da controv\u00e9rsia, acrescenta, \u201ca expectativa \u00e9 de que prevale\u00e7a o entendimento que historicamente predominou no STJ quanto \u00e0 impossibilidade de exclus\u00e3o do imposto\u201d.<\/p>\n\n\n\n<p>Fonte: <a href=\"https:\/\/valor.globo.com\/legislacao\/noticia\/2020\/12\/11\/supremo-deixa-para-o-stj-discussao-sobre-icms-st.ghtml\">Valor<\/a><\/p>\n\n\n\n<p>A Amaral, Yazbek, OAB\/PR 762, possui 35 anos de experi\u00eancia auxiliando empresas a transformar a tributa\u00e7\u00e3o em lucro. Entre em contato com um dos s\u00f3cios para agendamento de reuni\u00e3o em caso de d\u00favidas.<\/p>\n\n\n\n<p>Contato: 41 3595-8300 ou pelo nosso WhatsApp 41 99567-5696<\/p>\n\n\n\n<p>Av. C\u00e2ndido Hartmann, 50 \u2013 Bigorrilho | Curitiba-PR<\/p>\n\n\n\n<p>Assine nossa Newsletter e fique por dentro das novidades!<\/p>\n\n\n\n<p>Quer receber seu exemplar da revista Governan\u00e7a Jur\u00eddica? Clique <a href=\"http:\/\/ayadvogados.com.br\/revista\">aqui<\/a>&nbsp;e pe\u00e7a a sua.<\/p>\n\n\n\n<p>Nos acompanhe nas redes sociais: <a href=\"https:\/\/www.facebook.com\/amaral.yazbek\">Facebook<\/a>&nbsp;| <a href=\"https:\/\/www.instagram.com\/amaral.yazbek\/\">Instagram<\/a> | <a href=\"https:\/\/www.linkedin.com\/company\/3357082\/admin\/\">Linkedin<\/a><\/p>\n\n\n\n<p>J\u00e1 conhece o canal Direito da Intelig\u00eancia de Neg\u00f3cios? <a href=\"https:\/\/www.youtube.com\/channel\/UCu2Mpu32ht8DEN8OFRXYMyw\">Inscreva-se j\u00e1<\/a><\/p>\n","protected":false},"excerpt":{"rendered":"<p>A exclus\u00e3o do ICMS-ST da base de c\u00e1lculo do PIS e da Cofins dever\u00e1 ser definida pela 1\u00aa Se\u00e7\u00e3o do Superior Tribunal de Justi\u00e7a (STJ). O Supremo Tribunal Federal (STF) declarou que o imposto estadual, pago antecipadamente pelo regime de substitui\u00e7\u00e3o tribut\u00e1ria, \u00e9 um tema de car\u00e1ter infraconstitucional. O ac\u00f3rd\u00e3o do STF foi proferido por [&hellip;]<\/p>\n","protected":false},"author":3,"featured_media":0,"comment_status":"open","ping_status":"open","sticky":false,"template":"","format":"standard","meta":{"footnotes":""},"categories":[1],"tags":[],"class_list":["post-254","post","type-post","status-publish","format-standard","hentry","category-noticia-do-dia"],"blocksy_meta":{"styles_descriptor":{"styles":{"desktop":"","tablet":"","mobile":""},"google_fonts":[],"version":6}},"yoast_head":"<!-- This site is optimized with the Yoast SEO plugin v27.5 - https:\/\/yoast.com\/product\/yoast-seo-wordpress\/ -->\n<title>Supremo deixa para o STJ discuss\u00e3o sobre ICMS-ST - Amaral, Yazbek Advogados<\/title>\n<meta name=\"robots\" content=\"index, follow, max-snippet:-1, max-image-preview:large, max-video-preview:-1\" \/>\n<link rel=\"canonical\" href=\"https:\/\/www.34.239.117.254.nip.io\/?p=254\" \/>\n<meta property=\"og:locale\" content=\"pt_BR\" \/>\n<meta property=\"og:type\" content=\"article\" \/>\n<meta property=\"og:title\" content=\"Supremo deixa para o STJ discuss\u00e3o sobre ICMS-ST - Amaral, Yazbek Advogados\" \/>\n<meta property=\"og:description\" content=\"A exclus\u00e3o do ICMS-ST da base de c\u00e1lculo do PIS e da Cofins dever\u00e1 ser definida pela 1\u00aa Se\u00e7\u00e3o do Superior Tribunal de Justi\u00e7a (STJ). O Supremo Tribunal Federal (STF) declarou que o imposto estadual, pago antecipadamente pelo regime de substitui\u00e7\u00e3o tribut\u00e1ria, \u00e9 um tema de car\u00e1ter infraconstitucional. O ac\u00f3rd\u00e3o do STF foi proferido por [&hellip;]\" \/>\n<meta property=\"og:url\" content=\"https:\/\/www.34.239.117.254.nip.io\/?p=254\" \/>\n<meta property=\"og:site_name\" content=\"Amaral, Yazbek Advogados\" \/>\n<meta property=\"article:publisher\" content=\"https:\/\/www.facebook.com\/AYadvogados\" \/>\n<meta property=\"article:published_time\" content=\"2020-12-11T14:06:00+00:00\" \/>\n<meta property=\"article:modified_time\" content=\"2021-03-18T14:08:18+00:00\" \/>\n<meta name=\"author\" content=\"Infra\" \/>\n<meta name=\"twitter:card\" content=\"summary_large_image\" \/>\n<meta name=\"twitter:label1\" content=\"Escrito por\" \/>\n\t<meta name=\"twitter:data1\" content=\"Infra\" \/>\n\t<meta name=\"twitter:label2\" content=\"Est. tempo de leitura\" \/>\n\t<meta name=\"twitter:data2\" content=\"4 minutos\" \/>\n<script type=\"application\/ld+json\" class=\"yoast-schema-graph\">{\"@context\":\"https:\\\/\\\/schema.org\",\"@graph\":[{\"@type\":\"Article\",\"@id\":\"https:\\\/\\\/www.34.239.117.254.nip.io\\\/?p=254#article\",\"isPartOf\":{\"@id\":\"https:\\\/\\\/www.34.239.117.254.nip.io\\\/?p=254\"},\"author\":{\"name\":\"Infra\",\"@id\":\"https:\\\/\\\/www.34.239.117.254.sslip.io\\\/#\\\/schema\\\/person\\\/6b9165a58758b048b8ea5a4fbd4ec3c4\"},\"headline\":\"Supremo deixa para o STJ discuss\u00e3o sobre ICMS-ST\",\"datePublished\":\"2020-12-11T14:06:00+00:00\",\"dateModified\":\"2021-03-18T14:08:18+00:00\",\"mainEntityOfPage\":{\"@id\":\"https:\\\/\\\/www.34.239.117.254.nip.io\\\/?p=254\"},\"wordCount\":879,\"commentCount\":0,\"publisher\":{\"@id\":\"https:\\\/\\\/www.34.239.117.254.sslip.io\\\/#organization\"},\"articleSection\":[\"Not\u00edcia do Dia\"],\"inLanguage\":\"pt-BR\",\"potentialAction\":[{\"@type\":\"CommentAction\",\"name\":\"Comment\",\"target\":[\"https:\\\/\\\/www.34.239.117.254.nip.io\\\/?p=254#respond\"]}]},{\"@type\":\"WebPage\",\"@id\":\"https:\\\/\\\/www.34.239.117.254.nip.io\\\/?p=254\",\"url\":\"https:\\\/\\\/www.34.239.117.254.nip.io\\\/?p=254\",\"name\":\"Supremo deixa para o STJ discuss\u00e3o sobre ICMS-ST - Amaral, Yazbek Advogados\",\"isPartOf\":{\"@id\":\"https:\\\/\\\/www.34.239.117.254.sslip.io\\\/#website\"},\"datePublished\":\"2020-12-11T14:06:00+00:00\",\"dateModified\":\"2021-03-18T14:08:18+00:00\",\"breadcrumb\":{\"@id\":\"https:\\\/\\\/www.34.239.117.254.nip.io\\\/?p=254#breadcrumb\"},\"inLanguage\":\"pt-BR\",\"potentialAction\":[{\"@type\":\"ReadAction\",\"target\":[\"https:\\\/\\\/www.34.239.117.254.nip.io\\\/?p=254\"]}]},{\"@type\":\"BreadcrumbList\",\"@id\":\"https:\\\/\\\/www.34.239.117.254.nip.io\\\/?p=254#breadcrumb\",\"itemListElement\":[{\"@type\":\"ListItem\",\"position\":1,\"name\":\"In\u00edcio\",\"item\":\"https:\\\/\\\/www.34.239.117.254.sslip.io\\\/\"},{\"@type\":\"ListItem\",\"position\":2,\"name\":\"Supremo deixa para o STJ discuss\u00e3o sobre ICMS-ST\"}]},{\"@type\":\"WebSite\",\"@id\":\"https:\\\/\\\/www.34.239.117.254.sslip.io\\\/#website\",\"url\":\"https:\\\/\\\/www.34.239.117.254.sslip.io\\\/\",\"name\":\"Amaral, Yazbek Advogados\",\"description\":\"Curitiba \u2022 Bras\u00edlia \u2022 S\u00e3o Paulo\",\"publisher\":{\"@id\":\"https:\\\/\\\/www.34.239.117.254.sslip.io\\\/#organization\"},\"potentialAction\":[{\"@type\":\"SearchAction\",\"target\":{\"@type\":\"EntryPoint\",\"urlTemplate\":\"https:\\\/\\\/www.34.239.117.254.sslip.io\\\/?s={search_term_string}\"},\"query-input\":{\"@type\":\"PropertyValueSpecification\",\"valueRequired\":true,\"valueName\":\"search_term_string\"}}],\"inLanguage\":\"pt-BR\"},{\"@type\":\"Organization\",\"@id\":\"https:\\\/\\\/www.34.239.117.254.sslip.io\\\/#organization\",\"name\":\"Amaral, Yazbek Advogados\",\"url\":\"https:\\\/\\\/www.34.239.117.254.sslip.io\\\/\",\"logo\":{\"@type\":\"ImageObject\",\"inLanguage\":\"pt-BR\",\"@id\":\"https:\\\/\\\/www.34.239.117.254.sslip.io\\\/#\\\/schema\\\/logo\\\/image\\\/\",\"url\":\"http:\\\/\\\/34.239.117.254\\\/wp-content\\\/uploads\\\/2021\\\/03\\\/logo-ay-g.png\",\"contentUrl\":\"http:\\\/\\\/34.239.117.254\\\/wp-content\\\/uploads\\\/2021\\\/03\\\/logo-ay-g.png\",\"width\":434,\"height\":106,\"caption\":\"Amaral, Yazbek Advogados\"},\"image\":{\"@id\":\"https:\\\/\\\/www.34.239.117.254.sslip.io\\\/#\\\/schema\\\/logo\\\/image\\\/\"},\"sameAs\":[\"https:\\\/\\\/www.facebook.com\\\/AYadvogados\",\"https:\\\/\\\/www.instagram.com\\\/ayadvogados\\\/\"]},{\"@type\":\"Person\",\"@id\":\"https:\\\/\\\/www.34.239.117.254.sslip.io\\\/#\\\/schema\\\/person\\\/6b9165a58758b048b8ea5a4fbd4ec3c4\",\"name\":\"Infra\",\"image\":{\"@type\":\"ImageObject\",\"inLanguage\":\"pt-BR\",\"@id\":\"https:\\\/\\\/secure.gravatar.com\\\/avatar\\\/60bf67293e186b9c834e31753dcc586dfcedb661d13b6b9ba29ac991ccafc035?s=96&d=mm&r=g\",\"url\":\"https:\\\/\\\/secure.gravatar.com\\\/avatar\\\/60bf67293e186b9c834e31753dcc586dfcedb661d13b6b9ba29ac991ccafc035?s=96&d=mm&r=g\",\"contentUrl\":\"https:\\\/\\\/secure.gravatar.com\\\/avatar\\\/60bf67293e186b9c834e31753dcc586dfcedb661d13b6b9ba29ac991ccafc035?s=96&d=mm&r=g\",\"caption\":\"Infra\"},\"url\":\"https:\\\/\\\/www.ayadvogados.com.br\\\/?author=3\"}]}<\/script>\n<!-- \/ Yoast SEO plugin. -->","yoast_head_json":{"title":"Supremo deixa para o STJ discuss\u00e3o sobre ICMS-ST - Amaral, Yazbek Advogados","robots":{"index":"index","follow":"follow","max-snippet":"max-snippet:-1","max-image-preview":"max-image-preview:large","max-video-preview":"max-video-preview:-1"},"canonical":"https:\/\/www.34.239.117.254.nip.io\/?p=254","og_locale":"pt_BR","og_type":"article","og_title":"Supremo deixa para o STJ discuss\u00e3o sobre ICMS-ST - Amaral, Yazbek Advogados","og_description":"A exclus\u00e3o do ICMS-ST da base de c\u00e1lculo do PIS e da Cofins dever\u00e1 ser definida pela 1\u00aa Se\u00e7\u00e3o do Superior Tribunal de Justi\u00e7a (STJ). O Supremo Tribunal Federal (STF) declarou que o imposto estadual, pago antecipadamente pelo regime de substitui\u00e7\u00e3o tribut\u00e1ria, \u00e9 um tema de car\u00e1ter infraconstitucional. O ac\u00f3rd\u00e3o do STF foi proferido por [&hellip;]","og_url":"https:\/\/www.34.239.117.254.nip.io\/?p=254","og_site_name":"Amaral, Yazbek Advogados","article_publisher":"https:\/\/www.facebook.com\/AYadvogados","article_published_time":"2020-12-11T14:06:00+00:00","article_modified_time":"2021-03-18T14:08:18+00:00","author":"Infra","twitter_card":"summary_large_image","twitter_misc":{"Escrito por":"Infra","Est. tempo de leitura":"4 minutos"},"schema":{"@context":"https:\/\/schema.org","@graph":[{"@type":"Article","@id":"https:\/\/www.34.239.117.254.nip.io\/?p=254#article","isPartOf":{"@id":"https:\/\/www.34.239.117.254.nip.io\/?p=254"},"author":{"name":"Infra","@id":"https:\/\/www.34.239.117.254.sslip.io\/#\/schema\/person\/6b9165a58758b048b8ea5a4fbd4ec3c4"},"headline":"Supremo deixa para o STJ discuss\u00e3o sobre ICMS-ST","datePublished":"2020-12-11T14:06:00+00:00","dateModified":"2021-03-18T14:08:18+00:00","mainEntityOfPage":{"@id":"https:\/\/www.34.239.117.254.nip.io\/?p=254"},"wordCount":879,"commentCount":0,"publisher":{"@id":"https:\/\/www.34.239.117.254.sslip.io\/#organization"},"articleSection":["Not\u00edcia do Dia"],"inLanguage":"pt-BR","potentialAction":[{"@type":"CommentAction","name":"Comment","target":["https:\/\/www.34.239.117.254.nip.io\/?p=254#respond"]}]},{"@type":"WebPage","@id":"https:\/\/www.34.239.117.254.nip.io\/?p=254","url":"https:\/\/www.34.239.117.254.nip.io\/?p=254","name":"Supremo deixa para o STJ discuss\u00e3o sobre ICMS-ST - Amaral, Yazbek Advogados","isPartOf":{"@id":"https:\/\/www.34.239.117.254.sslip.io\/#website"},"datePublished":"2020-12-11T14:06:00+00:00","dateModified":"2021-03-18T14:08:18+00:00","breadcrumb":{"@id":"https:\/\/www.34.239.117.254.nip.io\/?p=254#breadcrumb"},"inLanguage":"pt-BR","potentialAction":[{"@type":"ReadAction","target":["https:\/\/www.34.239.117.254.nip.io\/?p=254"]}]},{"@type":"BreadcrumbList","@id":"https:\/\/www.34.239.117.254.nip.io\/?p=254#breadcrumb","itemListElement":[{"@type":"ListItem","position":1,"name":"In\u00edcio","item":"https:\/\/www.34.239.117.254.sslip.io\/"},{"@type":"ListItem","position":2,"name":"Supremo deixa para o STJ discuss\u00e3o sobre ICMS-ST"}]},{"@type":"WebSite","@id":"https:\/\/www.34.239.117.254.sslip.io\/#website","url":"https:\/\/www.34.239.117.254.sslip.io\/","name":"Amaral, Yazbek Advogados","description":"Curitiba \u2022 Bras\u00edlia \u2022 S\u00e3o Paulo","publisher":{"@id":"https:\/\/www.34.239.117.254.sslip.io\/#organization"},"potentialAction":[{"@type":"SearchAction","target":{"@type":"EntryPoint","urlTemplate":"https:\/\/www.34.239.117.254.sslip.io\/?s={search_term_string}"},"query-input":{"@type":"PropertyValueSpecification","valueRequired":true,"valueName":"search_term_string"}}],"inLanguage":"pt-BR"},{"@type":"Organization","@id":"https:\/\/www.34.239.117.254.sslip.io\/#organization","name":"Amaral, Yazbek Advogados","url":"https:\/\/www.34.239.117.254.sslip.io\/","logo":{"@type":"ImageObject","inLanguage":"pt-BR","@id":"https:\/\/www.34.239.117.254.sslip.io\/#\/schema\/logo\/image\/","url":"http:\/\/34.239.117.254\/wp-content\/uploads\/2021\/03\/logo-ay-g.png","contentUrl":"http:\/\/34.239.117.254\/wp-content\/uploads\/2021\/03\/logo-ay-g.png","width":434,"height":106,"caption":"Amaral, Yazbek Advogados"},"image":{"@id":"https:\/\/www.34.239.117.254.sslip.io\/#\/schema\/logo\/image\/"},"sameAs":["https:\/\/www.facebook.com\/AYadvogados","https:\/\/www.instagram.com\/ayadvogados\/"]},{"@type":"Person","@id":"https:\/\/www.34.239.117.254.sslip.io\/#\/schema\/person\/6b9165a58758b048b8ea5a4fbd4ec3c4","name":"Infra","image":{"@type":"ImageObject","inLanguage":"pt-BR","@id":"https:\/\/secure.gravatar.com\/avatar\/60bf67293e186b9c834e31753dcc586dfcedb661d13b6b9ba29ac991ccafc035?s=96&d=mm&r=g","url":"https:\/\/secure.gravatar.com\/avatar\/60bf67293e186b9c834e31753dcc586dfcedb661d13b6b9ba29ac991ccafc035?s=96&d=mm&r=g","contentUrl":"https:\/\/secure.gravatar.com\/avatar\/60bf67293e186b9c834e31753dcc586dfcedb661d13b6b9ba29ac991ccafc035?s=96&d=mm&r=g","caption":"Infra"},"url":"https:\/\/www.ayadvogados.com.br\/?author=3"}]}},"rttpg_featured_image_url":null,"rttpg_author":{"display_name":"Infra","author_link":"https:\/\/www.ayadvogados.com.br\/?author=3"},"rttpg_comment":0,"rttpg_category":"<a href=\"https:\/\/www.ayadvogados.com.br\/?cat=1\" rel=\"category\">Not\u00edcia do Dia<\/a>","rttpg_excerpt":"A exclus\u00e3o do ICMS-ST da base de c\u00e1lculo do PIS e da Cofins dever\u00e1 ser definida pela 1\u00aa Se\u00e7\u00e3o do Superior Tribunal de Justi\u00e7a (STJ). O Supremo Tribunal Federal (STF) declarou que o imposto estadual, pago antecipadamente pelo regime de substitui\u00e7\u00e3o tribut\u00e1ria, \u00e9 um tema de car\u00e1ter infraconstitucional. O ac\u00f3rd\u00e3o do STF foi proferido por&hellip;","_links":{"self":[{"href":"https:\/\/www.ayadvogados.com.br\/index.php?rest_route=\/wp\/v2\/posts\/254","targetHints":{"allow":["GET"]}}],"collection":[{"href":"https:\/\/www.ayadvogados.com.br\/index.php?rest_route=\/wp\/v2\/posts"}],"about":[{"href":"https:\/\/www.ayadvogados.com.br\/index.php?rest_route=\/wp\/v2\/types\/post"}],"author":[{"embeddable":true,"href":"https:\/\/www.ayadvogados.com.br\/index.php?rest_route=\/wp\/v2\/users\/3"}],"replies":[{"embeddable":true,"href":"https:\/\/www.ayadvogados.com.br\/index.php?rest_route=%2Fwp%2Fv2%2Fcomments&post=254"}],"version-history":[{"count":1,"href":"https:\/\/www.ayadvogados.com.br\/index.php?rest_route=\/wp\/v2\/posts\/254\/revisions"}],"predecessor-version":[{"id":255,"href":"https:\/\/www.ayadvogados.com.br\/index.php?rest_route=\/wp\/v2\/posts\/254\/revisions\/255"}],"wp:attachment":[{"href":"https:\/\/www.ayadvogados.com.br\/index.php?rest_route=%2Fwp%2Fv2%2Fmedia&parent=254"}],"wp:term":[{"taxonomy":"category","embeddable":true,"href":"https:\/\/www.ayadvogados.com.br\/index.php?rest_route=%2Fwp%2Fv2%2Fcategories&post=254"},{"taxonomy":"post_tag","embeddable":true,"href":"https:\/\/www.ayadvogados.com.br\/index.php?rest_route=%2Fwp%2Fv2%2Ftags&post=254"}],"curies":[{"name":"wp","href":"https:\/\/api.w.org\/{rel}","templated":true}]}}