{"id":2356,"date":"2022-09-22T10:07:41","date_gmt":"2022-09-22T13:07:41","guid":{"rendered":"http:\/\/34.239.117.254\/?p=2356"},"modified":"2022-09-23T12:23:10","modified_gmt":"2022-09-23T15:23:10","slug":"proposta-de-reforma-do-processo-tributario-reduz-a-chamada-multa-de-oficio-para-contribuintes-com-bons-antecedentes","status":"publish","type":"post","link":"https:\/\/www.ayadvogados.com.br\/?p=2356","title":{"rendered":"Proposta de reforma do processo tribut\u00e1rio reduz a chamada multa de of\u00edcio para contribuintes com \u201cbons antecedentes\u201d"},"content":{"rendered":"\n<p>Esses anteprojetos que est\u00e3o extraditando nos chama a aten\u00e7\u00e3o para alterar a quest\u00e3o da rela\u00e7\u00e3o entre o Fisco. O contribuinte n\u00e3o existe a quest\u00e3o da possibilidade da dosimetria das multas tribut\u00e1rias. A ideia \u00e9 graduar a penalidade, a depender do comportamento do contribuinte. Reduzir essa multa em casos que a pessoa f\u00edsica ou jur\u00eddica agiu de boa f\u00e9 e tem um hist\u00f3rico de bom comportamento.&nbsp;<\/p>\n\n\n\n<p>A prop\u00f3sito dessa reforma do processo tribut\u00e1rio, ela reduz a chamada multa de of\u00edcio para os contribuintes de bons antecedentes. Hoje, n\u00e3o existe uma distin\u00e7\u00e3o entre o bom e o mau pagador. A lei federal, por exemplo, ela aplica automaticamente nos autos de infra\u00e7\u00e3o e uma multa de 75% sobre os valores que est\u00e3o sendo cobrados. O texto ele prev\u00ea uma lista de atenuantes a inexist\u00eancia de d\u00e9bitos, o comportamento colaborativo para identifica\u00e7\u00e3o dos fatos posterior \u00e0 regulariza\u00e7\u00e3o, o atendimento das notifica\u00e7\u00f5es fiscais e as inexist\u00eancias de obst\u00e1culos para o acesso da autoridade administrativa, dentre outras.&nbsp;<\/p>\n\n\n\n<p>Quanto mais itens o contribuinte cumprir, menor ser\u00e1 a multa. A redu\u00e7\u00e3o vai variar entre 25 e 50%. Ent\u00e3o, vai valer tanto para munic\u00edpios, estados e Uni\u00e3o que teriam um prazo de dois anos para se adequar na legisla\u00e7\u00e3o, caso isso seja aprovado. Essa calibragem ela depende de uma atualiza\u00e7\u00e3o no CTN, no C\u00f3digo Tribut\u00e1rio Nacional. Consta no pacote desses oito.&nbsp;<\/p>\n\n\n\n<p>O anteprojeto foi encaminhado para o STF e o objetivo \u00e9 atualizar a legisla\u00e7\u00e3o, tornando os processos mais c\u00e9leres e eficientes. Presidente do Senado, ele recebeu a proposta na \u00faltima semana e afirmou na ocasi\u00e3o que est\u00e1 sendo j\u00e1 criada uma comiss\u00e3o para agilizar a tramita\u00e7\u00e3o desses projetos na comiss\u00e3o. Ela conta como l\u00edder a ministra Regina Helena Costa, do STJ.&nbsp;<\/p>\n\n\n\n<p>N\u00e3o deixe de ouvir o epis\u00f3dio completo com explica\u00e7\u00e3o da advogada associada da Amaral, Yazbek Advogados, Dra. Priscila Dias.&nbsp;<\/p>\n\n\n\n<p><\/p>\n\n\n\n<p><strong><a href=\"https:\/\/youtu.be\/zgtPVFETXXQ\">CONFIRA O VIDEO COMPLETO! <\/a><\/strong><\/p>\n\n\n\n<figure class=\"wp-block-embed is-type-rich is-provider-spotify wp-block-embed-spotify wp-embed-aspect-21-9 wp-has-aspect-ratio\"><div class=\"wp-block-embed__wrapper\">\n<iframe title=\"Spotify Embed: Proposta de reforma do processo tribut\u00e1rio reduz a chamada multa de of\u00edcio para contribuintes com \u201cbons antecedentes\u201d. \" style=\"border-radius: 12px\" width=\"100%\" height=\"152\" frameborder=\"0\" allowfullscreen allow=\"autoplay; clipboard-write; encrypted-media; fullscreen; picture-in-picture\" loading=\"lazy\" src=\"https:\/\/open.spotify.com\/embed\/episode\/7pPQtsdiYqhZgCm2LkKSuP?si=LNsPPJJWTye5Ay6uyut4dg&#038;utm_source=oembed\"><\/iframe>\n<\/div><\/figure>\n\n\n\n<hr class=\"wp-block-separator has-text-color has-palette-color-1-color has-css-opacity has-palette-color-1-background-color has-background is-style-dots\"\/>\n\n\n\n<div class=\"wp-block-group has-palette-color-6-background-color has-background is-layout-flow wp-block-group-is-layout-flow\">\n<p style=\"font-size:0.8em\">A Amaral,\u00a0Yazbek, OAB\/PR 762, possui 36 anos de experi\u00eancia auxiliando empresas a transformar a tributa\u00e7\u00e3o em lucro. Entre em contato com um dos s\u00f3cios para agendamento de reuni\u00e3o em caso de d\u00favidas.\u00a0\u00a0\u00a0<\/p>\n\n\n\n<p style=\"font-size:0.8em\">Contato: 41 3595-8300 ou pelo nosso WhatsApp 41 99567-5696\u00a0\u00a0\u00a0<\/p>\n\n\n\n<p style=\"font-size:0.8em\">Av. C\u00e2ndido Hartmann, 50 \u2013\u00a0Bigorrilho\u00a0| Curitiba-PR\u00a0\u00a0\u00a0<\/p>\n\n\n\n<p style=\"font-size:0.8em\">Assine nossa <a href=\"http:\/\/ayadvogados.com.br\/contato\/\">Newsletter<\/a> e fique por dentro das novidades!\u00a0\u00a0\u00a0<\/p>\n\n\n\n<p style=\"font-size:0.8em\">Quer receber seu exemplar da revista Governan\u00e7a Jur\u00eddica? <a href=\"http:\/\/ayadvogados.com.br\/revista\/\" data-type=\"page\" data-id=\"68\">Clique\u00a0aqui\u00a0e pe\u00e7a a sua<\/a>.\u00a0\u00a0\u00a0<\/p>\n\n\n\n<p style=\"font-size:0.8em\">Nos acompanhe nas redes sociais:\u00a0<a href=\"https:\/\/www.facebook.com\/AYadvogados\">Facebook<\/a>\u00a0|\u00a0<a href=\"https:\/\/www.instagram.com\/ayadvogados\/\">Instagram<\/a>\u00a0|\u00a0<a href=\"https:\/\/www.linkedin.com\/company\/amaral-yazbek-advogados\">Linkedin<\/a>\u00a0<\/p>\n\n\n\n<p style=\"font-size:0.8em\">J\u00e1 conhece o canal Direito da Intelig\u00eancia de Neg\u00f3cios?\u00a0<a href=\"https:\/\/www.youtube.com\/channel\/UCu2Mpu32ht8DEN8OFRXYMyw\">Inscreva-se j\u00e1<\/a><\/p>\n<\/div>\n","protected":false},"excerpt":{"rendered":"<p>Esses anteprojetos que est\u00e3o extraditando nos chama a aten\u00e7\u00e3o para alterar a quest\u00e3o da rela\u00e7\u00e3o entre o Fisco. O contribuinte n\u00e3o existe a quest\u00e3o da possibilidade da dosimetria das multas tribut\u00e1rias. A ideia \u00e9 graduar a penalidade, a depender do comportamento do contribuinte. Reduzir essa multa em casos que a pessoa f\u00edsica ou jur\u00eddica agiu [&hellip;]<\/p>\n","protected":false},"author":3,"featured_media":2358,"comment_status":"open","ping_status":"open","sticky":false,"template":"","format":"standard","meta":{"footnotes":""},"categories":[5],"tags":[],"class_list":["post-2356","post","type-post","status-publish","format-standard","has-post-thumbnail","hentry","category-dincast"],"blocksy_meta":{"styles_descriptor":{"styles":{"desktop":"","tablet":"","mobile":""},"google_fonts":[],"version":6}},"yoast_head":"<!-- This site is optimized with the Yoast SEO plugin v27.5 - https:\/\/yoast.com\/product\/yoast-seo-wordpress\/ -->\n<title>Proposta de reforma do processo tribut\u00e1rio reduz a chamada multa de of\u00edcio para contribuintes com \u201cbons antecedentes\u201d - Amaral, Yazbek Advogados<\/title>\n<meta name=\"robots\" content=\"index, follow, max-snippet:-1, max-image-preview:large, max-video-preview:-1\" \/>\n<link rel=\"canonical\" href=\"https:\/\/www.ayadvogados.com.br\/?p=2356\" \/>\n<meta property=\"og:locale\" content=\"pt_BR\" \/>\n<meta property=\"og:type\" content=\"article\" \/>\n<meta property=\"og:title\" content=\"Proposta de reforma do processo tribut\u00e1rio reduz a chamada multa de of\u00edcio para contribuintes com \u201cbons antecedentes\u201d - Amaral, Yazbek Advogados\" \/>\n<meta property=\"og:description\" content=\"Esses anteprojetos que est\u00e3o extraditando nos chama a aten\u00e7\u00e3o para alterar a quest\u00e3o da rela\u00e7\u00e3o entre o Fisco. O contribuinte n\u00e3o existe a quest\u00e3o da possibilidade da dosimetria das multas tribut\u00e1rias. A ideia \u00e9 graduar a penalidade, a depender do comportamento do contribuinte. Reduzir essa multa em casos que a pessoa f\u00edsica ou jur\u00eddica agiu [&hellip;]\" \/>\n<meta property=\"og:url\" content=\"https:\/\/www.ayadvogados.com.br\/?p=2356\" \/>\n<meta property=\"og:site_name\" content=\"Amaral, Yazbek Advogados\" \/>\n<meta property=\"article:publisher\" content=\"https:\/\/www.facebook.com\/AYadvogados\" \/>\n<meta property=\"article:published_time\" content=\"2022-09-22T13:07:41+00:00\" \/>\n<meta property=\"article:modified_time\" content=\"2022-09-23T15:23:10+00:00\" \/>\n<meta property=\"og:image\" content=\"https:\/\/www.ayadvogados.com.br\/wp-content\/uploads\/2022\/09\/Banner-do-video-copiar-3.png\" \/>\n\t<meta property=\"og:image:width\" content=\"1920\" \/>\n\t<meta property=\"og:image:height\" content=\"1080\" \/>\n\t<meta property=\"og:image:type\" content=\"image\/png\" \/>\n<meta name=\"author\" content=\"Infra\" \/>\n<meta name=\"twitter:card\" content=\"summary_large_image\" \/>\n<meta name=\"twitter:label1\" content=\"Escrito por\" \/>\n\t<meta name=\"twitter:data1\" content=\"Infra\" \/>\n\t<meta name=\"twitter:label2\" content=\"Est. tempo de leitura\" \/>\n\t<meta name=\"twitter:data2\" content=\"2 minutos\" \/>\n<script type=\"application\/ld+json\" class=\"yoast-schema-graph\">{\"@context\":\"https:\\\/\\\/schema.org\",\"@graph\":[{\"@type\":\"Article\",\"@id\":\"https:\\\/\\\/www.ayadvogados.com.br\\\/?p=2356#article\",\"isPartOf\":{\"@id\":\"https:\\\/\\\/www.ayadvogados.com.br\\\/?p=2356\"},\"author\":{\"name\":\"Infra\",\"@id\":\"https:\\\/\\\/34.239.117.254\\\/#\\\/schema\\\/person\\\/6b9165a58758b048b8ea5a4fbd4ec3c4\"},\"headline\":\"Proposta de reforma do processo tribut\u00e1rio reduz a chamada multa de of\u00edcio para contribuintes com \u201cbons antecedentes\u201d\",\"datePublished\":\"2022-09-22T13:07:41+00:00\",\"dateModified\":\"2022-09-23T15:23:10+00:00\",\"mainEntityOfPage\":{\"@id\":\"https:\\\/\\\/www.ayadvogados.com.br\\\/?p=2356\"},\"wordCount\":378,\"commentCount\":0,\"publisher\":{\"@id\":\"https:\\\/\\\/34.239.117.254\\\/#organization\"},\"image\":{\"@id\":\"https:\\\/\\\/www.ayadvogados.com.br\\\/?p=2356#primaryimage\"},\"thumbnailUrl\":\"https:\\\/\\\/www.ayadvogados.com.br\\\/wp-content\\\/uploads\\\/2022\\\/09\\\/Banner-do-video-copiar-3.png\",\"articleSection\":[\"DINCast\"],\"inLanguage\":\"pt-BR\",\"potentialAction\":[{\"@type\":\"CommentAction\",\"name\":\"Comment\",\"target\":[\"https:\\\/\\\/www.ayadvogados.com.br\\\/?p=2356#respond\"]}]},{\"@type\":\"WebPage\",\"@id\":\"https:\\\/\\\/www.ayadvogados.com.br\\\/?p=2356\",\"url\":\"https:\\\/\\\/www.ayadvogados.com.br\\\/?p=2356\",\"name\":\"Proposta de reforma do processo tribut\u00e1rio reduz a chamada multa de of\u00edcio para contribuintes com \u201cbons antecedentes\u201d - Amaral, Yazbek Advogados\",\"isPartOf\":{\"@id\":\"https:\\\/\\\/34.239.117.254\\\/#website\"},\"primaryImageOfPage\":{\"@id\":\"https:\\\/\\\/www.ayadvogados.com.br\\\/?p=2356#primaryimage\"},\"image\":{\"@id\":\"https:\\\/\\\/www.ayadvogados.com.br\\\/?p=2356#primaryimage\"},\"thumbnailUrl\":\"https:\\\/\\\/www.ayadvogados.com.br\\\/wp-content\\\/uploads\\\/2022\\\/09\\\/Banner-do-video-copiar-3.png\",\"datePublished\":\"2022-09-22T13:07:41+00:00\",\"dateModified\":\"2022-09-23T15:23:10+00:00\",\"breadcrumb\":{\"@id\":\"https:\\\/\\\/www.ayadvogados.com.br\\\/?p=2356#breadcrumb\"},\"inLanguage\":\"pt-BR\",\"potentialAction\":[{\"@type\":\"ReadAction\",\"target\":[\"https:\\\/\\\/www.ayadvogados.com.br\\\/?p=2356\"]}]},{\"@type\":\"ImageObject\",\"inLanguage\":\"pt-BR\",\"@id\":\"https:\\\/\\\/www.ayadvogados.com.br\\\/?p=2356#primaryimage\",\"url\":\"https:\\\/\\\/www.ayadvogados.com.br\\\/wp-content\\\/uploads\\\/2022\\\/09\\\/Banner-do-video-copiar-3.png\",\"contentUrl\":\"https:\\\/\\\/www.ayadvogados.com.br\\\/wp-content\\\/uploads\\\/2022\\\/09\\\/Banner-do-video-copiar-3.png\",\"width\":1920,\"height\":1080},{\"@type\":\"BreadcrumbList\",\"@id\":\"https:\\\/\\\/www.ayadvogados.com.br\\\/?p=2356#breadcrumb\",\"itemListElement\":[{\"@type\":\"ListItem\",\"position\":1,\"name\":\"In\u00edcio\",\"item\":\"https:\\\/\\\/34.239.117.254\\\/\"},{\"@type\":\"ListItem\",\"position\":2,\"name\":\"Proposta de reforma do processo tribut\u00e1rio reduz a chamada multa de of\u00edcio para contribuintes com \u201cbons antecedentes\u201d\"}]},{\"@type\":\"WebSite\",\"@id\":\"https:\\\/\\\/34.239.117.254\\\/#website\",\"url\":\"https:\\\/\\\/34.239.117.254\\\/\",\"name\":\"Amaral, Yazbek Advogados\",\"description\":\"Curitiba \u2022 Bras\u00edlia \u2022 S\u00e3o Paulo\",\"publisher\":{\"@id\":\"https:\\\/\\\/34.239.117.254\\\/#organization\"},\"potentialAction\":[{\"@type\":\"SearchAction\",\"target\":{\"@type\":\"EntryPoint\",\"urlTemplate\":\"https:\\\/\\\/34.239.117.254\\\/?s={search_term_string}\"},\"query-input\":{\"@type\":\"PropertyValueSpecification\",\"valueRequired\":true,\"valueName\":\"search_term_string\"}}],\"inLanguage\":\"pt-BR\"},{\"@type\":\"Organization\",\"@id\":\"https:\\\/\\\/34.239.117.254\\\/#organization\",\"name\":\"Amaral, Yazbek Advogados\",\"url\":\"https:\\\/\\\/34.239.117.254\\\/\",\"logo\":{\"@type\":\"ImageObject\",\"inLanguage\":\"pt-BR\",\"@id\":\"https:\\\/\\\/34.239.117.254\\\/#\\\/schema\\\/logo\\\/image\\\/\",\"url\":\"http:\\\/\\\/34.239.117.254\\\/wp-content\\\/uploads\\\/2021\\\/03\\\/logo-ay-g.png\",\"contentUrl\":\"http:\\\/\\\/34.239.117.254\\\/wp-content\\\/uploads\\\/2021\\\/03\\\/logo-ay-g.png\",\"width\":434,\"height\":106,\"caption\":\"Amaral, Yazbek Advogados\"},\"image\":{\"@id\":\"https:\\\/\\\/34.239.117.254\\\/#\\\/schema\\\/logo\\\/image\\\/\"},\"sameAs\":[\"https:\\\/\\\/www.facebook.com\\\/AYadvogados\",\"https:\\\/\\\/www.instagram.com\\\/ayadvogados\\\/\"]},{\"@type\":\"Person\",\"@id\":\"https:\\\/\\\/34.239.117.254\\\/#\\\/schema\\\/person\\\/6b9165a58758b048b8ea5a4fbd4ec3c4\",\"name\":\"Infra\",\"image\":{\"@type\":\"ImageObject\",\"inLanguage\":\"pt-BR\",\"@id\":\"https:\\\/\\\/secure.gravatar.com\\\/avatar\\\/60bf67293e186b9c834e31753dcc586dfcedb661d13b6b9ba29ac991ccafc035?s=96&d=mm&r=g\",\"url\":\"https:\\\/\\\/secure.gravatar.com\\\/avatar\\\/60bf67293e186b9c834e31753dcc586dfcedb661d13b6b9ba29ac991ccafc035?s=96&d=mm&r=g\",\"contentUrl\":\"https:\\\/\\\/secure.gravatar.com\\\/avatar\\\/60bf67293e186b9c834e31753dcc586dfcedb661d13b6b9ba29ac991ccafc035?s=96&d=mm&r=g\",\"caption\":\"Infra\"},\"url\":\"https:\\\/\\\/www.ayadvogados.com.br\\\/?author=3\"}]}<\/script>\n<!-- \/ Yoast SEO plugin. -->","yoast_head_json":{"title":"Proposta de reforma do processo tribut\u00e1rio reduz a chamada multa de of\u00edcio para contribuintes com \u201cbons antecedentes\u201d - Amaral, Yazbek Advogados","robots":{"index":"index","follow":"follow","max-snippet":"max-snippet:-1","max-image-preview":"max-image-preview:large","max-video-preview":"max-video-preview:-1"},"canonical":"https:\/\/www.ayadvogados.com.br\/?p=2356","og_locale":"pt_BR","og_type":"article","og_title":"Proposta de reforma do processo tribut\u00e1rio reduz a chamada multa de of\u00edcio para contribuintes com \u201cbons antecedentes\u201d - Amaral, Yazbek Advogados","og_description":"Esses anteprojetos que est\u00e3o extraditando nos chama a aten\u00e7\u00e3o para alterar a quest\u00e3o da rela\u00e7\u00e3o entre o Fisco. O contribuinte n\u00e3o existe a quest\u00e3o da possibilidade da dosimetria das multas tribut\u00e1rias. A ideia \u00e9 graduar a penalidade, a depender do comportamento do contribuinte. Reduzir essa multa em casos que a pessoa f\u00edsica ou jur\u00eddica agiu [&hellip;]","og_url":"https:\/\/www.ayadvogados.com.br\/?p=2356","og_site_name":"Amaral, Yazbek Advogados","article_publisher":"https:\/\/www.facebook.com\/AYadvogados","article_published_time":"2022-09-22T13:07:41+00:00","article_modified_time":"2022-09-23T15:23:10+00:00","og_image":[{"width":1920,"height":1080,"url":"https:\/\/www.ayadvogados.com.br\/wp-content\/uploads\/2022\/09\/Banner-do-video-copiar-3.png","type":"image\/png"}],"author":"Infra","twitter_card":"summary_large_image","twitter_misc":{"Escrito por":"Infra","Est. tempo de leitura":"2 minutos"},"schema":{"@context":"https:\/\/schema.org","@graph":[{"@type":"Article","@id":"https:\/\/www.ayadvogados.com.br\/?p=2356#article","isPartOf":{"@id":"https:\/\/www.ayadvogados.com.br\/?p=2356"},"author":{"name":"Infra","@id":"https:\/\/34.239.117.254\/#\/schema\/person\/6b9165a58758b048b8ea5a4fbd4ec3c4"},"headline":"Proposta de reforma do processo tribut\u00e1rio reduz a chamada multa de of\u00edcio para contribuintes com \u201cbons antecedentes\u201d","datePublished":"2022-09-22T13:07:41+00:00","dateModified":"2022-09-23T15:23:10+00:00","mainEntityOfPage":{"@id":"https:\/\/www.ayadvogados.com.br\/?p=2356"},"wordCount":378,"commentCount":0,"publisher":{"@id":"https:\/\/34.239.117.254\/#organization"},"image":{"@id":"https:\/\/www.ayadvogados.com.br\/?p=2356#primaryimage"},"thumbnailUrl":"https:\/\/www.ayadvogados.com.br\/wp-content\/uploads\/2022\/09\/Banner-do-video-copiar-3.png","articleSection":["DINCast"],"inLanguage":"pt-BR","potentialAction":[{"@type":"CommentAction","name":"Comment","target":["https:\/\/www.ayadvogados.com.br\/?p=2356#respond"]}]},{"@type":"WebPage","@id":"https:\/\/www.ayadvogados.com.br\/?p=2356","url":"https:\/\/www.ayadvogados.com.br\/?p=2356","name":"Proposta de reforma do processo tribut\u00e1rio reduz a chamada multa de of\u00edcio para contribuintes com \u201cbons antecedentes\u201d - Amaral, Yazbek Advogados","isPartOf":{"@id":"https:\/\/34.239.117.254\/#website"},"primaryImageOfPage":{"@id":"https:\/\/www.ayadvogados.com.br\/?p=2356#primaryimage"},"image":{"@id":"https:\/\/www.ayadvogados.com.br\/?p=2356#primaryimage"},"thumbnailUrl":"https:\/\/www.ayadvogados.com.br\/wp-content\/uploads\/2022\/09\/Banner-do-video-copiar-3.png","datePublished":"2022-09-22T13:07:41+00:00","dateModified":"2022-09-23T15:23:10+00:00","breadcrumb":{"@id":"https:\/\/www.ayadvogados.com.br\/?p=2356#breadcrumb"},"inLanguage":"pt-BR","potentialAction":[{"@type":"ReadAction","target":["https:\/\/www.ayadvogados.com.br\/?p=2356"]}]},{"@type":"ImageObject","inLanguage":"pt-BR","@id":"https:\/\/www.ayadvogados.com.br\/?p=2356#primaryimage","url":"https:\/\/www.ayadvogados.com.br\/wp-content\/uploads\/2022\/09\/Banner-do-video-copiar-3.png","contentUrl":"https:\/\/www.ayadvogados.com.br\/wp-content\/uploads\/2022\/09\/Banner-do-video-copiar-3.png","width":1920,"height":1080},{"@type":"BreadcrumbList","@id":"https:\/\/www.ayadvogados.com.br\/?p=2356#breadcrumb","itemListElement":[{"@type":"ListItem","position":1,"name":"In\u00edcio","item":"https:\/\/34.239.117.254\/"},{"@type":"ListItem","position":2,"name":"Proposta de reforma do processo tribut\u00e1rio reduz a chamada multa de of\u00edcio para contribuintes com \u201cbons antecedentes\u201d"}]},{"@type":"WebSite","@id":"https:\/\/34.239.117.254\/#website","url":"https:\/\/34.239.117.254\/","name":"Amaral, Yazbek Advogados","description":"Curitiba \u2022 Bras\u00edlia \u2022 S\u00e3o Paulo","publisher":{"@id":"https:\/\/34.239.117.254\/#organization"},"potentialAction":[{"@type":"SearchAction","target":{"@type":"EntryPoint","urlTemplate":"https:\/\/34.239.117.254\/?s={search_term_string}"},"query-input":{"@type":"PropertyValueSpecification","valueRequired":true,"valueName":"search_term_string"}}],"inLanguage":"pt-BR"},{"@type":"Organization","@id":"https:\/\/34.239.117.254\/#organization","name":"Amaral, Yazbek Advogados","url":"https:\/\/34.239.117.254\/","logo":{"@type":"ImageObject","inLanguage":"pt-BR","@id":"https:\/\/34.239.117.254\/#\/schema\/logo\/image\/","url":"http:\/\/34.239.117.254\/wp-content\/uploads\/2021\/03\/logo-ay-g.png","contentUrl":"http:\/\/34.239.117.254\/wp-content\/uploads\/2021\/03\/logo-ay-g.png","width":434,"height":106,"caption":"Amaral, Yazbek Advogados"},"image":{"@id":"https:\/\/34.239.117.254\/#\/schema\/logo\/image\/"},"sameAs":["https:\/\/www.facebook.com\/AYadvogados","https:\/\/www.instagram.com\/ayadvogados\/"]},{"@type":"Person","@id":"https:\/\/34.239.117.254\/#\/schema\/person\/6b9165a58758b048b8ea5a4fbd4ec3c4","name":"Infra","image":{"@type":"ImageObject","inLanguage":"pt-BR","@id":"https:\/\/secure.gravatar.com\/avatar\/60bf67293e186b9c834e31753dcc586dfcedb661d13b6b9ba29ac991ccafc035?s=96&d=mm&r=g","url":"https:\/\/secure.gravatar.com\/avatar\/60bf67293e186b9c834e31753dcc586dfcedb661d13b6b9ba29ac991ccafc035?s=96&d=mm&r=g","contentUrl":"https:\/\/secure.gravatar.com\/avatar\/60bf67293e186b9c834e31753dcc586dfcedb661d13b6b9ba29ac991ccafc035?s=96&d=mm&r=g","caption":"Infra"},"url":"https:\/\/www.ayadvogados.com.br\/?author=3"}]}},"rttpg_featured_image_url":{"full":["https:\/\/www.ayadvogados.com.br\/wp-content\/uploads\/2022\/09\/Banner-do-video-copiar-3.png",1920,1080,false],"landscape":["https:\/\/www.ayadvogados.com.br\/wp-content\/uploads\/2022\/09\/Banner-do-video-copiar-3.png",1920,1080,false],"portraits":["https:\/\/www.ayadvogados.com.br\/wp-content\/uploads\/2022\/09\/Banner-do-video-copiar-3.png",1920,1080,false],"thumbnail":["https:\/\/www.ayadvogados.com.br\/wp-content\/uploads\/2022\/09\/Banner-do-video-copiar-3-150x150.png",150,150,true],"medium":["https:\/\/www.ayadvogados.com.br\/wp-content\/uploads\/2022\/09\/Banner-do-video-copiar-3-300x169.png",300,169,true],"large":["https:\/\/www.ayadvogados.com.br\/wp-content\/uploads\/2022\/09\/Banner-do-video-copiar-3-1024x576.png",1024,576,true],"1536x1536":["https:\/\/www.ayadvogados.com.br\/wp-content\/uploads\/2022\/09\/Banner-do-video-copiar-3-1536x864.png",1536,864,true],"2048x2048":["https:\/\/www.ayadvogados.com.br\/wp-content\/uploads\/2022\/09\/Banner-do-video-copiar-3.png",1920,1080,false]},"rttpg_author":{"display_name":"Infra","author_link":"https:\/\/www.ayadvogados.com.br\/?author=3"},"rttpg_comment":0,"rttpg_category":"<a href=\"https:\/\/www.ayadvogados.com.br\/?cat=5\" rel=\"category\">DINCast<\/a>","rttpg_excerpt":"Esses anteprojetos que est\u00e3o extraditando nos chama a aten\u00e7\u00e3o para alterar a quest\u00e3o da rela\u00e7\u00e3o entre o Fisco. O contribuinte n\u00e3o existe a quest\u00e3o da possibilidade da dosimetria das multas tribut\u00e1rias. A ideia \u00e9 graduar a penalidade, a depender do comportamento do contribuinte. Reduzir essa multa em casos que a pessoa f\u00edsica ou jur\u00eddica agiu&hellip;","_links":{"self":[{"href":"https:\/\/www.ayadvogados.com.br\/index.php?rest_route=\/wp\/v2\/posts\/2356","targetHints":{"allow":["GET"]}}],"collection":[{"href":"https:\/\/www.ayadvogados.com.br\/index.php?rest_route=\/wp\/v2\/posts"}],"about":[{"href":"https:\/\/www.ayadvogados.com.br\/index.php?rest_route=\/wp\/v2\/types\/post"}],"author":[{"embeddable":true,"href":"https:\/\/www.ayadvogados.com.br\/index.php?rest_route=\/wp\/v2\/users\/3"}],"replies":[{"embeddable":true,"href":"https:\/\/www.ayadvogados.com.br\/index.php?rest_route=%2Fwp%2Fv2%2Fcomments&post=2356"}],"version-history":[{"count":3,"href":"https:\/\/www.ayadvogados.com.br\/index.php?rest_route=\/wp\/v2\/posts\/2356\/revisions"}],"predecessor-version":[{"id":2360,"href":"https:\/\/www.ayadvogados.com.br\/index.php?rest_route=\/wp\/v2\/posts\/2356\/revisions\/2360"}],"wp:featuredmedia":[{"embeddable":true,"href":"https:\/\/www.ayadvogados.com.br\/index.php?rest_route=\/wp\/v2\/media\/2358"}],"wp:attachment":[{"href":"https:\/\/www.ayadvogados.com.br\/index.php?rest_route=%2Fwp%2Fv2%2Fmedia&parent=2356"}],"wp:term":[{"taxonomy":"category","embeddable":true,"href":"https:\/\/www.ayadvogados.com.br\/index.php?rest_route=%2Fwp%2Fv2%2Fcategories&post=2356"},{"taxonomy":"post_tag","embeddable":true,"href":"https:\/\/www.ayadvogados.com.br\/index.php?rest_route=%2Fwp%2Fv2%2Ftags&post=2356"}],"curies":[{"name":"wp","href":"https:\/\/api.w.org\/{rel}","templated":true}]}}