{"id":2213,"date":"2022-07-15T12:35:36","date_gmt":"2022-07-15T15:35:36","guid":{"rendered":"http:\/\/34.239.117.254\/?p=2213"},"modified":"2022-07-15T14:27:17","modified_gmt":"2022-07-15T17:27:17","slug":"alteracoes-na-transacao-tributaria","status":"publish","type":"post","link":"https:\/\/www.ayadvogados.com.br\/?p=2213","title":{"rendered":"Altera\u00e7\u00f5es na Transa\u00e7\u00e3o Tribut\u00e1ria"},"content":{"rendered":"\n<p>Foi publicada a Lei n\u00ba 14.375\/2022, que trouxe altera\u00e7\u00f5es substanciais no instituto da Transa\u00e7\u00e3o Tribut\u00e1ria Federal, regulada pela Lei n\u00ba 13.988\/2020.&nbsp;<\/p>\n\n\n\n<p>A transa\u00e7\u00e3o tribut\u00e1ria, que permite a renegocia\u00e7\u00e3o de d\u00e9bitos com o Fisco, passou a ter condi\u00e7\u00f5es mais vantajosas e nova hip\u00f3tese de cabimento.&nbsp;<\/p>\n\n\n\n<p>Como altera\u00e7\u00f5es, podemos destacar:&nbsp;<\/p>\n\n\n\n<p>&#8211; amplia\u00e7\u00e3o de desconto m\u00e1ximo do valor total dos cr\u00e9ditos a serem negociados de 50% para 65%;&nbsp;<\/p>\n\n\n\n<p>&#8211; aumento da quantidade de parcelas mensais para quita\u00e7\u00e3o de 84 para 120;&nbsp;<\/p>\n\n\n\n<p>&#8211; utiliza\u00e7\u00e3o de preju\u00edzo fiscal de IRPJ e base de c\u00e1lculo negativa de CSLL para pagamento de d\u00edvidas, at\u00e9 o limite de 70% do saldo remanescente ap\u00f3s os descontos;&nbsp;<\/p>\n\n\n\n<p>&#8211; o preju\u00edzo fiscal e a base de c\u00e1lculo negativa poder\u00e3o ser de titularidade do respons\u00e1vel tribut\u00e1rio ou correspons\u00e1vel pelo d\u00e9bito, de pessoa jur\u00eddica controladora ou controlada, de forma direta ou indireta, ou de sociedades que sejam controladas direta ou indiretamente por uma mesma pessoa jur\u00eddica, apurados e declarados \u00e0 Secretaria Especial da Receita Federal do Brasil, independentemente do ramo de atividade, no per\u00edodo previsto pela legisla\u00e7\u00e3o tribut\u00e1ria.&nbsp;<\/p>\n\n\n\n<p>&#8211; uso de precat\u00f3rios \u2013 inclusive ainda os n\u00e3o emitidos \u2013 ou de direito credit\u00f3rio com senten\u00e7a de valor transitada em julgado para amortiza\u00e7\u00e3o de d\u00edvida tribut\u00e1ria principal, multa e juros;&nbsp;<\/p>\n\n\n\n<p>&#8211; aceita\u00e7\u00e3o de quaisquer modalidades de garantia previstas em lei, inclusive garantias reais ou fidejuss\u00f3rias, cess\u00e3o fiduci\u00e1ria de direitos credit\u00f3rios e aliena\u00e7\u00e3o fiduci\u00e1ria de bens m\u00f3veis ou im\u00f3veis ou de direitos, bem como cr\u00e9ditos l\u00edquidos e certos do contribuinte em desfavor da Uni\u00e3o reconhecidos em decis\u00e3o transitada em julgado, observado, entretanto, que n\u00e3o constitui \u00f3bice \u00e0 realiza\u00e7\u00e3o da transa\u00e7\u00e3o a impossibilidade material de presta\u00e7\u00e3o de garantias pelo devedor ou de garantias adicionais \u00e0s j\u00e1 formalizadas em processos judiciais;&nbsp;<\/p>\n\n\n\n<p>&#8211; a retirada da limita\u00e7\u00e3o anterior de restri\u00e7\u00e3o da aplica\u00e7\u00e3o da transa\u00e7\u00e3o tribut\u00e1ria aos cr\u00e9ditos tribut\u00e1rios sob a administra\u00e7\u00e3o da Receita Federal do Brasil, possibilitando que contribuintes, cujos d\u00e9bitos estejam em contencioso administrativo fiscal, mas n\u00e3o inscritos na d\u00edvida ativa, apresentem proposta individual de transa\u00e7\u00e3o ou fa\u00e7am ades\u00e3o \u00e0 proposta de transa\u00e7\u00e3o;&nbsp;<\/p>\n\n\n\n<p>&#8211; a possibilidade de o Advogado Geral da Uni\u00e3o disciplinar a transa\u00e7\u00e3o para os cr\u00e9ditos tribut\u00e1rios sob a administra\u00e7\u00e3o da Receita Federal do Brasil, estejam judicializados ou n\u00e3o.&nbsp;<\/p>\n\n\n\n<p>Al\u00e9m destas vantagens, conv\u00e9m ressaltar a previs\u00e3o expressa de que os descontos concedidos n\u00e3o ser\u00e3o tributados por Imposto de Renda, CSLL, PIS\/COFINS e de que o contribuinte, por exemplo, pode cumular a utiliza\u00e7\u00e3o de cr\u00e9ditos de preju\u00edzo fiscal e base de c\u00e1lculo negativa da CSLL com uso de precat\u00f3rios.&nbsp;<\/p>\n\n\n\n<p>Para a transa\u00e7\u00e3o por ades\u00e3o no contencioso de pequeno valor, houve tamb\u00e9m uma amplia\u00e7\u00e3o da abrang\u00eancia do que pode ser negociado, passando ser permitido transacionar, nesta modalidade, d\u00edvida ativa da Uni\u00e3o de natureza n\u00e3o tribut\u00e1ria, d\u00edvida ativa do FGTS e d\u00edvidas das autarquias e funda\u00e7\u00f5es p\u00fablicas federais que estejam na incumb\u00eancia da Procuradoria Geral Federal ou da Procuradoria Geral da Uni\u00e3o.&nbsp;<\/p>\n\n\n\n<p>Para os contribuintes que aguardam o \u201cRefis da Covid\u201d, as novas regulamenta\u00e7\u00f5es da transa\u00e7\u00e3o tribut\u00e1ria se apontam como um caminho vantajoso de negocia\u00e7\u00e3o dos d\u00e9bitos de contencioso administrativo fiscal, ou seja, que n\u00e3o foram inscritos em d\u00edvida ativa.&nbsp;<\/p>\n\n\n\n<p>Espera-se que desde logo os procedimentos necess\u00e1rios \u00e0 aplica\u00e7\u00e3o da transa\u00e7\u00e3o tribut\u00e1ria pela Receita Federal do Brasil seja disciplinado por seu Secret\u00e1rio Especial.&nbsp;<\/p>\n\n\n\n<p>De todo o exposto, s\u00e3o importantes altera\u00e7\u00f5es promovidas pela Lei n\u00ba 14.375\/2022 que certamente beneficiar\u00e3o o empres\u00e1rio e sua empresa.&nbsp;<\/p>\n\n\n\n<p>Quer saber mais? A equipe da Amaral Yazbek Advogados se coloca \u00e0 disposi\u00e7\u00e3o para prestar eventuais esclarecimentos acerca da mat\u00e9ria.&nbsp;<\/p>\n\n\n\n<p><\/p>\n\n\n\n<p><strong><a href=\"https:\/\/open.spotify.com\/episode\/49xBh6hPLeYsahpH3wflJU?si=313fcfd4a41142f4\" target=\"_blank\" rel=\"noreferrer noopener\">\u00a0OU\u00c7A NO SPOTIFY<\/a><\/strong><\/p>\n\n\n\n<p><strong>CONFIRA O VIDEO COMPLETO! <\/strong><\/p>\n\n\n\n<figure class=\"wp-block-embed is-type-rich is-provider-incorporar-manipulador wp-block-embed-incorporar-manipulador wp-embed-aspect-16-9 wp-has-aspect-ratio\"><div class=\"wp-block-embed__wrapper\">\n<iframe title=\"Altera\u00e7\u00f5es na Transa\u00e7\u00e3o Tribut\u00e1ria\" width=\"1290\" height=\"726\" src=\"https:\/\/www.youtube.com\/embed\/GfuvbiAI8LU?feature=oembed\" frameborder=\"0\" allow=\"accelerometer; autoplay; clipboard-write; encrypted-media; gyroscope; picture-in-picture\" allowfullscreen><\/iframe>\n<\/div><\/figure>\n\n\n\n<hr class=\"wp-block-separator has-text-color has-palette-color-1-color has-css-opacity has-palette-color-1-background-color has-background is-style-dots\"\/>\n\n\n\n<div class=\"wp-block-group has-palette-color-6-background-color has-background is-layout-flow wp-block-group-is-layout-flow\">\n<p style=\"font-size:0.8em\">A Amaral,\u00a0Yazbek, OAB\/PR 762, possui 36 anos de experi\u00eancia auxiliando empresas a transformar a tributa\u00e7\u00e3o em lucro. Entre em contato com um dos s\u00f3cios para agendamento de reuni\u00e3o em caso de d\u00favidas.\u00a0\u00a0\u00a0<\/p>\n\n\n\n<p style=\"font-size:0.8em\">Contato: 41 3595-8300 ou pelo nosso WhatsApp 41 99567-5696\u00a0\u00a0\u00a0<\/p>\n\n\n\n<p style=\"font-size:0.8em\">Av. C\u00e2ndido Hartmann, 50 \u2013\u00a0Bigorrilho\u00a0| Curitiba-PR\u00a0\u00a0\u00a0<\/p>\n\n\n\n<p style=\"font-size:0.8em\">Assine nossa <a href=\"http:\/\/ayadvogados.com.br\/contato\/\">Newsletter<\/a> e fique por dentro das novidades!\u00a0\u00a0\u00a0<\/p>\n\n\n\n<p style=\"font-size:0.8em\">Quer receber seu exemplar da revista Governan\u00e7a Jur\u00eddica? <a href=\"http:\/\/ayadvogados.com.br\/revista\/\" data-type=\"page\" data-id=\"68\">Clique\u00a0aqui\u00a0e pe\u00e7a a sua<\/a>.\u00a0\u00a0\u00a0<\/p>\n\n\n\n<p style=\"font-size:0.8em\">Nos acompanhe nas redes sociais:\u00a0<a href=\"https:\/\/www.facebook.com\/AYadvogados\">Facebook<\/a>\u00a0|\u00a0<a href=\"https:\/\/www.instagram.com\/ayadvogados\/\">Instagram<\/a>\u00a0|\u00a0<a href=\"https:\/\/www.linkedin.com\/company\/amaral-yazbek-advogados\">Linkedin<\/a>\u00a0<\/p>\n\n\n\n<p style=\"font-size:0.8em\">J\u00e1 conhece o canal Direito da Intelig\u00eancia de Neg\u00f3cios?\u00a0<a href=\"https:\/\/www.youtube.com\/channel\/UCu2Mpu32ht8DEN8OFRXYMyw\">Inscreva-se j\u00e1<\/a><\/p>\n<\/div>\n","protected":false},"excerpt":{"rendered":"<p>Foi publicada a Lei n\u00ba 14.375\/2022, que trouxe altera\u00e7\u00f5es substanciais no instituto da Transa\u00e7\u00e3o Tribut\u00e1ria Federal, regulada pela Lei n\u00ba 13.988\/2020.&nbsp; A transa\u00e7\u00e3o tribut\u00e1ria, que permite a renegocia\u00e7\u00e3o de d\u00e9bitos com o Fisco, passou a ter condi\u00e7\u00f5es mais vantajosas e nova hip\u00f3tese de cabimento.&nbsp; Como altera\u00e7\u00f5es, podemos destacar:&nbsp; &#8211; amplia\u00e7\u00e3o de desconto m\u00e1ximo do valor [&hellip;]<\/p>\n","protected":false},"author":3,"featured_media":2215,"comment_status":"open","ping_status":"open","sticky":false,"template":"","format":"standard","meta":{"footnotes":""},"categories":[5],"tags":[],"class_list":["post-2213","post","type-post","status-publish","format-standard","has-post-thumbnail","hentry","category-dincast"],"blocksy_meta":{"styles_descriptor":{"styles":{"desktop":"","tablet":"","mobile":""},"google_fonts":[],"version":6}},"yoast_head":"<!-- This site is optimized with the Yoast SEO plugin v27.5 - https:\/\/yoast.com\/product\/yoast-seo-wordpress\/ -->\n<title>Altera\u00e7\u00f5es na Transa\u00e7\u00e3o Tribut\u00e1ria - Amaral, Yazbek Advogados<\/title>\n<meta name=\"robots\" content=\"index, follow, max-snippet:-1, max-image-preview:large, max-video-preview:-1\" \/>\n<link rel=\"canonical\" href=\"https:\/\/www.ayadvogados.com.br\/?p=2213\" \/>\n<meta property=\"og:locale\" content=\"pt_BR\" \/>\n<meta property=\"og:type\" content=\"article\" \/>\n<meta property=\"og:title\" content=\"Altera\u00e7\u00f5es na Transa\u00e7\u00e3o Tribut\u00e1ria - Amaral, Yazbek Advogados\" \/>\n<meta property=\"og:description\" content=\"Foi publicada a Lei n\u00ba 14.375\/2022, que trouxe altera\u00e7\u00f5es substanciais no instituto da Transa\u00e7\u00e3o Tribut\u00e1ria Federal, regulada pela Lei n\u00ba 13.988\/2020.&nbsp; A transa\u00e7\u00e3o tribut\u00e1ria, que permite a renegocia\u00e7\u00e3o de d\u00e9bitos com o Fisco, passou a ter condi\u00e7\u00f5es mais vantajosas e nova hip\u00f3tese de cabimento.&nbsp; Como altera\u00e7\u00f5es, podemos destacar:&nbsp; &#8211; amplia\u00e7\u00e3o de desconto m\u00e1ximo do valor [&hellip;]\" \/>\n<meta property=\"og:url\" content=\"https:\/\/www.ayadvogados.com.br\/?p=2213\" \/>\n<meta property=\"og:site_name\" content=\"Amaral, Yazbek Advogados\" \/>\n<meta property=\"article:publisher\" content=\"https:\/\/www.facebook.com\/AYadvogados\" \/>\n<meta property=\"article:published_time\" content=\"2022-07-15T15:35:36+00:00\" \/>\n<meta property=\"article:modified_time\" content=\"2022-07-15T17:27:17+00:00\" \/>\n<meta property=\"og:image\" content=\"https:\/\/www.ayadvogados.com.br\/wp-content\/uploads\/2022\/07\/banner-1.png\" \/>\n\t<meta property=\"og:image:width\" content=\"1608\" \/>\n\t<meta property=\"og:image:height\" content=\"846\" \/>\n\t<meta property=\"og:image:type\" content=\"image\/png\" \/>\n<meta name=\"author\" content=\"Infra\" \/>\n<meta name=\"twitter:card\" content=\"summary_large_image\" \/>\n<meta name=\"twitter:label1\" content=\"Escrito por\" \/>\n\t<meta name=\"twitter:data1\" content=\"Infra\" \/>\n\t<meta name=\"twitter:label2\" content=\"Est. tempo de leitura\" \/>\n\t<meta name=\"twitter:data2\" content=\"4 minutos\" \/>\n<script type=\"application\/ld+json\" class=\"yoast-schema-graph\">{\"@context\":\"https:\\\/\\\/schema.org\",\"@graph\":[{\"@type\":\"Article\",\"@id\":\"https:\\\/\\\/www.ayadvogados.com.br\\\/?p=2213#article\",\"isPartOf\":{\"@id\":\"https:\\\/\\\/www.ayadvogados.com.br\\\/?p=2213\"},\"author\":{\"name\":\"Infra\",\"@id\":\"https:\\\/\\\/34.239.117.254\\\/#\\\/schema\\\/person\\\/6b9165a58758b048b8ea5a4fbd4ec3c4\"},\"headline\":\"Altera\u00e7\u00f5es na Transa\u00e7\u00e3o Tribut\u00e1ria\",\"datePublished\":\"2022-07-15T15:35:36+00:00\",\"dateModified\":\"2022-07-15T17:27:17+00:00\",\"mainEntityOfPage\":{\"@id\":\"https:\\\/\\\/www.ayadvogados.com.br\\\/?p=2213\"},\"wordCount\":719,\"commentCount\":0,\"publisher\":{\"@id\":\"https:\\\/\\\/34.239.117.254\\\/#organization\"},\"image\":{\"@id\":\"https:\\\/\\\/www.ayadvogados.com.br\\\/?p=2213#primaryimage\"},\"thumbnailUrl\":\"https:\\\/\\\/www.ayadvogados.com.br\\\/wp-content\\\/uploads\\\/2022\\\/07\\\/banner-1.png\",\"articleSection\":[\"DINCast\"],\"inLanguage\":\"pt-BR\",\"potentialAction\":[{\"@type\":\"CommentAction\",\"name\":\"Comment\",\"target\":[\"https:\\\/\\\/www.ayadvogados.com.br\\\/?p=2213#respond\"]}]},{\"@type\":\"WebPage\",\"@id\":\"https:\\\/\\\/www.ayadvogados.com.br\\\/?p=2213\",\"url\":\"https:\\\/\\\/www.ayadvogados.com.br\\\/?p=2213\",\"name\":\"Altera\u00e7\u00f5es na Transa\u00e7\u00e3o Tribut\u00e1ria - Amaral, Yazbek Advogados\",\"isPartOf\":{\"@id\":\"https:\\\/\\\/34.239.117.254\\\/#website\"},\"primaryImageOfPage\":{\"@id\":\"https:\\\/\\\/www.ayadvogados.com.br\\\/?p=2213#primaryimage\"},\"image\":{\"@id\":\"https:\\\/\\\/www.ayadvogados.com.br\\\/?p=2213#primaryimage\"},\"thumbnailUrl\":\"https:\\\/\\\/www.ayadvogados.com.br\\\/wp-content\\\/uploads\\\/2022\\\/07\\\/banner-1.png\",\"datePublished\":\"2022-07-15T15:35:36+00:00\",\"dateModified\":\"2022-07-15T17:27:17+00:00\",\"breadcrumb\":{\"@id\":\"https:\\\/\\\/www.ayadvogados.com.br\\\/?p=2213#breadcrumb\"},\"inLanguage\":\"pt-BR\",\"potentialAction\":[{\"@type\":\"ReadAction\",\"target\":[\"https:\\\/\\\/www.ayadvogados.com.br\\\/?p=2213\"]}]},{\"@type\":\"ImageObject\",\"inLanguage\":\"pt-BR\",\"@id\":\"https:\\\/\\\/www.ayadvogados.com.br\\\/?p=2213#primaryimage\",\"url\":\"https:\\\/\\\/www.ayadvogados.com.br\\\/wp-content\\\/uploads\\\/2022\\\/07\\\/banner-1.png\",\"contentUrl\":\"https:\\\/\\\/www.ayadvogados.com.br\\\/wp-content\\\/uploads\\\/2022\\\/07\\\/banner-1.png\",\"width\":1608,\"height\":846},{\"@type\":\"BreadcrumbList\",\"@id\":\"https:\\\/\\\/www.ayadvogados.com.br\\\/?p=2213#breadcrumb\",\"itemListElement\":[{\"@type\":\"ListItem\",\"position\":1,\"name\":\"In\u00edcio\",\"item\":\"https:\\\/\\\/34.239.117.254\\\/\"},{\"@type\":\"ListItem\",\"position\":2,\"name\":\"Altera\u00e7\u00f5es na Transa\u00e7\u00e3o Tribut\u00e1ria\"}]},{\"@type\":\"WebSite\",\"@id\":\"https:\\\/\\\/34.239.117.254\\\/#website\",\"url\":\"https:\\\/\\\/34.239.117.254\\\/\",\"name\":\"Amaral, Yazbek Advogados\",\"description\":\"Curitiba \u2022 Bras\u00edlia \u2022 S\u00e3o Paulo\",\"publisher\":{\"@id\":\"https:\\\/\\\/34.239.117.254\\\/#organization\"},\"potentialAction\":[{\"@type\":\"SearchAction\",\"target\":{\"@type\":\"EntryPoint\",\"urlTemplate\":\"https:\\\/\\\/34.239.117.254\\\/?s={search_term_string}\"},\"query-input\":{\"@type\":\"PropertyValueSpecification\",\"valueRequired\":true,\"valueName\":\"search_term_string\"}}],\"inLanguage\":\"pt-BR\"},{\"@type\":\"Organization\",\"@id\":\"https:\\\/\\\/34.239.117.254\\\/#organization\",\"name\":\"Amaral, Yazbek Advogados\",\"url\":\"https:\\\/\\\/34.239.117.254\\\/\",\"logo\":{\"@type\":\"ImageObject\",\"inLanguage\":\"pt-BR\",\"@id\":\"https:\\\/\\\/34.239.117.254\\\/#\\\/schema\\\/logo\\\/image\\\/\",\"url\":\"http:\\\/\\\/34.239.117.254\\\/wp-content\\\/uploads\\\/2021\\\/03\\\/logo-ay-g.png\",\"contentUrl\":\"http:\\\/\\\/34.239.117.254\\\/wp-content\\\/uploads\\\/2021\\\/03\\\/logo-ay-g.png\",\"width\":434,\"height\":106,\"caption\":\"Amaral, Yazbek Advogados\"},\"image\":{\"@id\":\"https:\\\/\\\/34.239.117.254\\\/#\\\/schema\\\/logo\\\/image\\\/\"},\"sameAs\":[\"https:\\\/\\\/www.facebook.com\\\/AYadvogados\",\"https:\\\/\\\/www.instagram.com\\\/ayadvogados\\\/\"]},{\"@type\":\"Person\",\"@id\":\"https:\\\/\\\/34.239.117.254\\\/#\\\/schema\\\/person\\\/6b9165a58758b048b8ea5a4fbd4ec3c4\",\"name\":\"Infra\",\"image\":{\"@type\":\"ImageObject\",\"inLanguage\":\"pt-BR\",\"@id\":\"https:\\\/\\\/secure.gravatar.com\\\/avatar\\\/60bf67293e186b9c834e31753dcc586dfcedb661d13b6b9ba29ac991ccafc035?s=96&d=mm&r=g\",\"url\":\"https:\\\/\\\/secure.gravatar.com\\\/avatar\\\/60bf67293e186b9c834e31753dcc586dfcedb661d13b6b9ba29ac991ccafc035?s=96&d=mm&r=g\",\"contentUrl\":\"https:\\\/\\\/secure.gravatar.com\\\/avatar\\\/60bf67293e186b9c834e31753dcc586dfcedb661d13b6b9ba29ac991ccafc035?s=96&d=mm&r=g\",\"caption\":\"Infra\"},\"url\":\"https:\\\/\\\/www.ayadvogados.com.br\\\/?author=3\"}]}<\/script>\n<!-- \/ Yoast SEO plugin. -->","yoast_head_json":{"title":"Altera\u00e7\u00f5es na Transa\u00e7\u00e3o Tribut\u00e1ria - Amaral, Yazbek Advogados","robots":{"index":"index","follow":"follow","max-snippet":"max-snippet:-1","max-image-preview":"max-image-preview:large","max-video-preview":"max-video-preview:-1"},"canonical":"https:\/\/www.ayadvogados.com.br\/?p=2213","og_locale":"pt_BR","og_type":"article","og_title":"Altera\u00e7\u00f5es na Transa\u00e7\u00e3o Tribut\u00e1ria - Amaral, Yazbek Advogados","og_description":"Foi publicada a Lei n\u00ba 14.375\/2022, que trouxe altera\u00e7\u00f5es substanciais no instituto da Transa\u00e7\u00e3o Tribut\u00e1ria Federal, regulada pela Lei n\u00ba 13.988\/2020.&nbsp; A transa\u00e7\u00e3o tribut\u00e1ria, que permite a renegocia\u00e7\u00e3o de d\u00e9bitos com o Fisco, passou a ter condi\u00e7\u00f5es mais vantajosas e nova hip\u00f3tese de cabimento.&nbsp; Como altera\u00e7\u00f5es, podemos destacar:&nbsp; &#8211; amplia\u00e7\u00e3o de desconto m\u00e1ximo do valor [&hellip;]","og_url":"https:\/\/www.ayadvogados.com.br\/?p=2213","og_site_name":"Amaral, Yazbek Advogados","article_publisher":"https:\/\/www.facebook.com\/AYadvogados","article_published_time":"2022-07-15T15:35:36+00:00","article_modified_time":"2022-07-15T17:27:17+00:00","og_image":[{"width":1608,"height":846,"url":"https:\/\/www.ayadvogados.com.br\/wp-content\/uploads\/2022\/07\/banner-1.png","type":"image\/png"}],"author":"Infra","twitter_card":"summary_large_image","twitter_misc":{"Escrito por":"Infra","Est. tempo de leitura":"4 minutos"},"schema":{"@context":"https:\/\/schema.org","@graph":[{"@type":"Article","@id":"https:\/\/www.ayadvogados.com.br\/?p=2213#article","isPartOf":{"@id":"https:\/\/www.ayadvogados.com.br\/?p=2213"},"author":{"name":"Infra","@id":"https:\/\/34.239.117.254\/#\/schema\/person\/6b9165a58758b048b8ea5a4fbd4ec3c4"},"headline":"Altera\u00e7\u00f5es na Transa\u00e7\u00e3o Tribut\u00e1ria","datePublished":"2022-07-15T15:35:36+00:00","dateModified":"2022-07-15T17:27:17+00:00","mainEntityOfPage":{"@id":"https:\/\/www.ayadvogados.com.br\/?p=2213"},"wordCount":719,"commentCount":0,"publisher":{"@id":"https:\/\/34.239.117.254\/#organization"},"image":{"@id":"https:\/\/www.ayadvogados.com.br\/?p=2213#primaryimage"},"thumbnailUrl":"https:\/\/www.ayadvogados.com.br\/wp-content\/uploads\/2022\/07\/banner-1.png","articleSection":["DINCast"],"inLanguage":"pt-BR","potentialAction":[{"@type":"CommentAction","name":"Comment","target":["https:\/\/www.ayadvogados.com.br\/?p=2213#respond"]}]},{"@type":"WebPage","@id":"https:\/\/www.ayadvogados.com.br\/?p=2213","url":"https:\/\/www.ayadvogados.com.br\/?p=2213","name":"Altera\u00e7\u00f5es na Transa\u00e7\u00e3o Tribut\u00e1ria - Amaral, Yazbek Advogados","isPartOf":{"@id":"https:\/\/34.239.117.254\/#website"},"primaryImageOfPage":{"@id":"https:\/\/www.ayadvogados.com.br\/?p=2213#primaryimage"},"image":{"@id":"https:\/\/www.ayadvogados.com.br\/?p=2213#primaryimage"},"thumbnailUrl":"https:\/\/www.ayadvogados.com.br\/wp-content\/uploads\/2022\/07\/banner-1.png","datePublished":"2022-07-15T15:35:36+00:00","dateModified":"2022-07-15T17:27:17+00:00","breadcrumb":{"@id":"https:\/\/www.ayadvogados.com.br\/?p=2213#breadcrumb"},"inLanguage":"pt-BR","potentialAction":[{"@type":"ReadAction","target":["https:\/\/www.ayadvogados.com.br\/?p=2213"]}]},{"@type":"ImageObject","inLanguage":"pt-BR","@id":"https:\/\/www.ayadvogados.com.br\/?p=2213#primaryimage","url":"https:\/\/www.ayadvogados.com.br\/wp-content\/uploads\/2022\/07\/banner-1.png","contentUrl":"https:\/\/www.ayadvogados.com.br\/wp-content\/uploads\/2022\/07\/banner-1.png","width":1608,"height":846},{"@type":"BreadcrumbList","@id":"https:\/\/www.ayadvogados.com.br\/?p=2213#breadcrumb","itemListElement":[{"@type":"ListItem","position":1,"name":"In\u00edcio","item":"https:\/\/34.239.117.254\/"},{"@type":"ListItem","position":2,"name":"Altera\u00e7\u00f5es na Transa\u00e7\u00e3o Tribut\u00e1ria"}]},{"@type":"WebSite","@id":"https:\/\/34.239.117.254\/#website","url":"https:\/\/34.239.117.254\/","name":"Amaral, Yazbek Advogados","description":"Curitiba \u2022 Bras\u00edlia \u2022 S\u00e3o Paulo","publisher":{"@id":"https:\/\/34.239.117.254\/#organization"},"potentialAction":[{"@type":"SearchAction","target":{"@type":"EntryPoint","urlTemplate":"https:\/\/34.239.117.254\/?s={search_term_string}"},"query-input":{"@type":"PropertyValueSpecification","valueRequired":true,"valueName":"search_term_string"}}],"inLanguage":"pt-BR"},{"@type":"Organization","@id":"https:\/\/34.239.117.254\/#organization","name":"Amaral, Yazbek Advogados","url":"https:\/\/34.239.117.254\/","logo":{"@type":"ImageObject","inLanguage":"pt-BR","@id":"https:\/\/34.239.117.254\/#\/schema\/logo\/image\/","url":"http:\/\/34.239.117.254\/wp-content\/uploads\/2021\/03\/logo-ay-g.png","contentUrl":"http:\/\/34.239.117.254\/wp-content\/uploads\/2021\/03\/logo-ay-g.png","width":434,"height":106,"caption":"Amaral, Yazbek Advogados"},"image":{"@id":"https:\/\/34.239.117.254\/#\/schema\/logo\/image\/"},"sameAs":["https:\/\/www.facebook.com\/AYadvogados","https:\/\/www.instagram.com\/ayadvogados\/"]},{"@type":"Person","@id":"https:\/\/34.239.117.254\/#\/schema\/person\/6b9165a58758b048b8ea5a4fbd4ec3c4","name":"Infra","image":{"@type":"ImageObject","inLanguage":"pt-BR","@id":"https:\/\/secure.gravatar.com\/avatar\/60bf67293e186b9c834e31753dcc586dfcedb661d13b6b9ba29ac991ccafc035?s=96&d=mm&r=g","url":"https:\/\/secure.gravatar.com\/avatar\/60bf67293e186b9c834e31753dcc586dfcedb661d13b6b9ba29ac991ccafc035?s=96&d=mm&r=g","contentUrl":"https:\/\/secure.gravatar.com\/avatar\/60bf67293e186b9c834e31753dcc586dfcedb661d13b6b9ba29ac991ccafc035?s=96&d=mm&r=g","caption":"Infra"},"url":"https:\/\/www.ayadvogados.com.br\/?author=3"}]}},"rttpg_featured_image_url":{"full":["https:\/\/www.ayadvogados.com.br\/wp-content\/uploads\/2022\/07\/banner-1.png",1608,846,false],"landscape":["https:\/\/www.ayadvogados.com.br\/wp-content\/uploads\/2022\/07\/banner-1.png",1608,846,false],"portraits":["https:\/\/www.ayadvogados.com.br\/wp-content\/uploads\/2022\/07\/banner-1.png",1608,846,false],"thumbnail":["https:\/\/www.ayadvogados.com.br\/wp-content\/uploads\/2022\/07\/banner-1-150x150.png",150,150,true],"medium":["https:\/\/www.ayadvogados.com.br\/wp-content\/uploads\/2022\/07\/banner-1-300x158.png",300,158,true],"large":["https:\/\/www.ayadvogados.com.br\/wp-content\/uploads\/2022\/07\/banner-1-1024x539.png",1024,539,true],"1536x1536":["https:\/\/www.ayadvogados.com.br\/wp-content\/uploads\/2022\/07\/banner-1-1536x808.png",1536,808,true],"2048x2048":["https:\/\/www.ayadvogados.com.br\/wp-content\/uploads\/2022\/07\/banner-1.png",1608,846,false]},"rttpg_author":{"display_name":"Infra","author_link":"https:\/\/www.ayadvogados.com.br\/?author=3"},"rttpg_comment":0,"rttpg_category":"<a href=\"https:\/\/www.ayadvogados.com.br\/?cat=5\" rel=\"category\">DINCast<\/a>","rttpg_excerpt":"Foi publicada a Lei n\u00ba 14.375\/2022, que trouxe altera\u00e7\u00f5es substanciais no instituto da Transa\u00e7\u00e3o Tribut\u00e1ria Federal, regulada pela Lei n\u00ba 13.988\/2020.&nbsp; A transa\u00e7\u00e3o tribut\u00e1ria, que permite a renegocia\u00e7\u00e3o de d\u00e9bitos com o Fisco, passou a ter condi\u00e7\u00f5es mais vantajosas e nova hip\u00f3tese de cabimento.&nbsp; Como altera\u00e7\u00f5es, podemos destacar:&nbsp; &#8211; amplia\u00e7\u00e3o de desconto m\u00e1ximo do valor&hellip;","_links":{"self":[{"href":"https:\/\/www.ayadvogados.com.br\/index.php?rest_route=\/wp\/v2\/posts\/2213","targetHints":{"allow":["GET"]}}],"collection":[{"href":"https:\/\/www.ayadvogados.com.br\/index.php?rest_route=\/wp\/v2\/posts"}],"about":[{"href":"https:\/\/www.ayadvogados.com.br\/index.php?rest_route=\/wp\/v2\/types\/post"}],"author":[{"embeddable":true,"href":"https:\/\/www.ayadvogados.com.br\/index.php?rest_route=\/wp\/v2\/users\/3"}],"replies":[{"embeddable":true,"href":"https:\/\/www.ayadvogados.com.br\/index.php?rest_route=%2Fwp%2Fv2%2Fcomments&post=2213"}],"version-history":[{"count":6,"href":"https:\/\/www.ayadvogados.com.br\/index.php?rest_route=\/wp\/v2\/posts\/2213\/revisions"}],"predecessor-version":[{"id":2221,"href":"https:\/\/www.ayadvogados.com.br\/index.php?rest_route=\/wp\/v2\/posts\/2213\/revisions\/2221"}],"wp:featuredmedia":[{"embeddable":true,"href":"https:\/\/www.ayadvogados.com.br\/index.php?rest_route=\/wp\/v2\/media\/2215"}],"wp:attachment":[{"href":"https:\/\/www.ayadvogados.com.br\/index.php?rest_route=%2Fwp%2Fv2%2Fmedia&parent=2213"}],"wp:term":[{"taxonomy":"category","embeddable":true,"href":"https:\/\/www.ayadvogados.com.br\/index.php?rest_route=%2Fwp%2Fv2%2Fcategories&post=2213"},{"taxonomy":"post_tag","embeddable":true,"href":"https:\/\/www.ayadvogados.com.br\/index.php?rest_route=%2Fwp%2Fv2%2Ftags&post=2213"}],"curies":[{"name":"wp","href":"https:\/\/api.w.org\/{rel}","templated":true}]}}