{"id":193,"date":"2020-12-15T09:50:00","date_gmt":"2020-12-15T12:50:00","guid":{"rendered":"http:\/\/34.239.117.254\/?p=193"},"modified":"2021-02-26T09:50:27","modified_gmt":"2021-02-26T12:50:27","slug":"pgfn-restringe-decisao-do-stf-contra-tributacao-do-salario-maternidade","status":"publish","type":"post","link":"https:\/\/www.ayadvogados.com.br\/?p=193","title":{"rendered":"PGFN restringe decis\u00e3o do STF contra tributa\u00e7\u00e3o do sal\u00e1rio-maternidade"},"content":{"rendered":"\n<p>O julgamento do Supremo Tribunal Federal (STF) contra a cobran\u00e7a da contribui\u00e7\u00e3o previdenci\u00e1ria sobre o sal\u00e1rio-maternidade n\u00e3o acabou totalmente com a discuss\u00e3o. A Procuradoria-Geral da Fazenda Nacional (PGFN) entende que a decis\u00e3o dos ministros, tomada em agosto deste ano, n\u00e3o vale para a parcela paga pela empregada, apenas para a do empregador.<\/p>\n\n\n\n<p>O posicionamento da PGFN est\u00e1 no Parecer n\u00ba 18361, publicado recentemente. Advogados, por\u00e9m, afirmam que, com base no voto do relator do caso (RE 576967), ministro Lu\u00eds Roberto Barroso, n\u00e3o deveria haver cobran\u00e7a. Caso prevale\u00e7a o entendimento da Fazenda Nacional, acrescentam, dificilmente haver\u00e1 a\u00e7\u00f5es por parte de empregadas.<\/p>\n\n\n\n<p>A PGFN alega no parecer que essa parcela n\u00e3o foi questionada no Supremo. Para o \u00f3rg\u00e3o, s\u00f3 uma leitura \u201ctotalmente isolada e destoada do julgamento\u201d pode levar a pensar que os ministros declararam nulo para todos os efeitos os par\u00e1grafos 2\u00ba e 9\u00ba do artigo 28 da Lei n\u00ba 8.212, de 1991, que tratam da tributa\u00e7\u00e3o do sal\u00e1rio-maternidade.<\/p>\n\n\n\n<p>O \u00f3rg\u00e3o afirma que os dispositivos devem ser considerados inv\u00e1lidos s\u00f3 para compreender que o sal\u00e1rio-maternidade n\u00e3o \u00e9 remunera\u00e7\u00e3o, logo n\u00e3o integra a base de c\u00e1lculo da contribui\u00e7\u00e3o previdenci\u00e1ria a cargo do empregador. \u201cO mesmo dispositivo continua v\u00e1lido para fins de incid\u00eancia da contribui\u00e7\u00e3o da empregada\u201d, diz a PGFN no parecer.<\/p>\n\n\n\n<p>A decis\u00e3o do Supremo foi dada em recurso do Hospital Vita Batel (Tema 72 da repercuss\u00e3o geral), de Curitiba. No documento, a Fazenda Nacional avalia, por\u00e9m, que o entendimento valeria para as contribui\u00e7\u00f5es de terceiros (Incra, Senac, Sesc e Sebrae, por exemplo). O pedido sobre os terceiros foi feito nos embargos de declara\u00e7\u00e3o apresentados pela institui\u00e7\u00e3o, que ainda n\u00e3o foram julgados.<\/p>\n\n\n\n<p>No parecer, a PGFN ainda afirma que a argumenta\u00e7\u00e3o utilizada pelos ministros para reconhecer a invalidade material da incid\u00eancia da contribui\u00e7\u00e3o previdenci\u00e1ria do empregador sobre o sal\u00e1rio-maternidade n\u00e3o pode ser estendida \u00e0 parte que cabe \u00e0 empregada. O relator entendeu, no julgamento, que admitir uma incid\u00eancia tribut\u00e1ria que recaia somente sobre a contrata\u00e7\u00e3o de mulheres e m\u00e3es \u00e9 tornar sua condi\u00e7\u00e3o biol\u00f3gica, por si s\u00f3, um fator de desequipara\u00e7\u00e3o de tratamento em rela\u00e7\u00e3o aos homens, desestimulando a maternidade.<\/p>\n\n\n\n<p>\u201cN\u00e3o faz sentido levantar a bandeira em prol da isonomia, para desonerar a funcion\u00e1ria de arcar com a sua contribui\u00e7\u00e3o previdenci\u00e1ria, porque essa medida \u00e9 indiferente para o bolso do empregador e em nada colaborar\u00e1 para a sua maior inser\u00e7\u00e3o no mercado de trabalho\u201d, diz a PGFN no parecer.<\/p>\n\n\n\n<p>A\u00e7\u00f5es com esse pedido devem ser \u201cduramente combatidas\u201d, segundo a procuradoria, com a apresenta\u00e7\u00e3o das distin\u00e7\u00f5es aplic\u00e1veis, para evitar a consolida\u00e7\u00e3o de uma jurisprud\u00eancia defensiva em torno da mat\u00e9ria. O \u00f3rg\u00e3o ainda acrescenta que a contribui\u00e7\u00e3o de empregada est\u00e1 em dispositivo diferente da Constitui\u00e7\u00e3o &#8211; inciso II do artigo 195, enquanto a do empregador est\u00e1 no inciso I.<\/p>\n\n\n\n<p>No entendimento da PGFN, o recolhimento da contribui\u00e7\u00e3o da segurada durante a licen\u00e7a maternidade lhe garante o reconhecimento de seus direitos previdenci\u00e1rios, j\u00e1 que o tempo de afastamento ser\u00e1 computado como tempo de contribui\u00e7\u00e3o e car\u00eancia. Para advogados da \u00e1rea previdenci\u00e1ria, no entanto, esse argumento n\u00e3o justificaria a cobran\u00e7a da parcela das empregadas, j\u00e1 que no caso do aux\u00edlio-doen\u00e7a n\u00e3o incide a contribui\u00e7\u00e3o, mas o per\u00edodo \u00e9 computado para fins de aposentadoria.<\/p>\n\n\n\n<p>\u201c\u00c9 uma grande pol\u00eamica\u201d, diz o advogado Paulo Roberto Gomes Carvalho, do escrit\u00f3rio Trench Rossi Watanabe sobre a interpreta\u00e7\u00e3o da PGFN. Ele afirma que o entendimento do \u00f3rg\u00e3o afeta empresas que obtiveram liminares para n\u00e3o pagar a contribui\u00e7\u00e3o previdenci\u00e1ria e consideram que abrangeriam as duas parcelas &#8211; do empregador e da trabalhadora. \u201cA procuradoria se apegou a formalidades e vai exigir a aplica\u00e7\u00e3o de forma restrita.\u201d<\/p>\n\n\n\n<p>Ainda segundo o advogado, as empresas normalmente s\u00f3 discutem na Justi\u00e7a a parte do empregador, e n\u00e3o v\u00e3o brigar sobre o que o relator quis dizer. \u201cN\u00e3o \u00e9 o que se esperava da decis\u00e3o do STF. N\u00e3o \u00e9 comum a pessoa f\u00edsica entrar\u201d, afirma Carvalho.<\/p>\n\n\n\n<p>De acordo com Breno Vasconcelos, s\u00f3cio do escrit\u00f3rio Mannrich e Vasconcelos Advogados, os valores envolvidos devem fazer com que trabalhadoras n\u00e3o entrem na Justi\u00e7a, j\u00e1 que a parcela da empregada da contribui\u00e7\u00e3o varia de 7,5% a 14% sobre o sal\u00e1rio, com teto de R$ 6 mil.<\/p>\n\n\n\n<p>Para Marcello Pedroso, advogado da \u00e1rea previdenci\u00e1ria do Demarest, o ac\u00f3rd\u00e3o do relator no STF n\u00e3o fala da parte da segurada e o julgamento n\u00e3o entrou nesse tema. \u201dAinda \u00e9 uma quest\u00e3o discut\u00edvel porque n\u00e3o foi realmente abordada no ac\u00f3rd\u00e3o\u201d, diz ele, acrescentando, por\u00e9m, que \u201cse uma coisa n\u00e3o \u00e9 base, presume-se que n\u00e3o \u00e9 base para ningu\u00e9m\u201d.<\/p>\n\n\n\n<p>A discuss\u00e3o pode tomar um rumo semelhante ao do aviso pr\u00e9vio indenizado, afirma o advogado. No caso, o Superior Tribunal de Justi\u00e7a (STJ) decidiu que n\u00e3o incidia a contribui\u00e7\u00e3o previdenci\u00e1ria sobre os valores e a Receita Federal, por meio de solu\u00e7\u00f5es de consulta, restringiu a decis\u00e3o. No ano passado, a Corte esclareceu que a decis\u00e3o alcan\u00e7a as contribui\u00e7\u00f5es destinadas a terceiros (REsp 1823187).<\/p>\n\n\n\n<p>\u201cN\u00e3o sabemos se \u00e9 a mesma situa\u00e7\u00e3o e o ministro Barroso levou tudo em considera\u00e7\u00e3o quando julgou, mas o acord\u00e3o n\u00e3o d\u00e1 amparo expresso para que o questionamento n\u00e3o aconte\u00e7a\u201d, diz Pedroso. Ainda segundo ele, a empregada que n\u00e3o quiser ter o desconto teria que entrar com a\u00e7\u00e3o judicial em seu pr\u00f3prio nome, pois a empresa n\u00e3o pode fazer esse pedido.<\/p>\n\n\n\n<p>A Procuradoria-Geral da Fazenda Nacional foi procurada, mas n\u00e3o retornou at\u00e9 o fechamento da edi\u00e7\u00e3o. A Receita Federal j\u00e1 fez altera\u00e7\u00f5es no sistema do e-Social que possibilita recolher apenas a contribui\u00e7\u00e3o da empregada.<\/p>\n\n\n\n<p>&nbsp;Fonte: <a href=\"https:\/\/valor.globo.com\/legislacao\/noticia\/2020\/12\/15\/pgfn-restringe-decisao-do-stf-contra-tributacao-do-salario-maternidade.ghtml\">Valor<\/a><\/p>\n\n\n\n<p>A Amaral, Yazbek, OAB\/PR 762, possui 35 anos de experi\u00eancia auxiliando empresas a transformar a tributa\u00e7\u00e3o em lucro. Entre em contato com um dos s\u00f3cios para agendamento de reuni\u00e3o em caso de d\u00favidas.<\/p>\n\n\n\n<p>Contato: 41 3595-8300 ou pelo nosso WhatsApp 41 99567-5696<\/p>\n\n\n\n<p>Av. C\u00e2ndido Hartmann, 50 \u2013 Bigorrilho | Curitiba-PR<\/p>\n\n\n\n<p>Assine nossa Newsletter e fique por dentro das novidades!<\/p>\n\n\n\n<p>Quer receber seu exemplar da revista Governan\u00e7a Jur\u00eddica? Clique <a href=\"http:\/\/ayadvogados.com.br\/revista\">aqui<\/a>&nbsp;e pe\u00e7a a sua.<\/p>\n\n\n\n<p>Nos acompanhe nas redes sociais: <a href=\"https:\/\/www.facebook.com\/amaral.yazbek\">Facebook<\/a>&nbsp;| <a href=\"https:\/\/www.instagram.com\/amaral.yazbek\/\">Instagram<\/a> | <a href=\"https:\/\/www.linkedin.com\/company\/3357082\/admin\/\">Linkedin<\/a><\/p>\n\n\n\n<p>J\u00e1 conhece o canal Direito da Intelig\u00eancia de Neg\u00f3cios? <a href=\"https:\/\/www.youtube.com\/channel\/UCu2Mpu32ht8DEN8OFRXYMyw\">Inscreva-se j\u00e1<\/a><\/p>\n","protected":false},"excerpt":{"rendered":"<p>O julgamento do Supremo Tribunal Federal (STF) contra a cobran\u00e7a da contribui\u00e7\u00e3o previdenci\u00e1ria sobre o sal\u00e1rio-maternidade n\u00e3o acabou totalmente com a discuss\u00e3o. A Procuradoria-Geral da Fazenda Nacional (PGFN) entende que a decis\u00e3o dos ministros, tomada em agosto deste ano, n\u00e3o vale para a parcela paga pela empregada, apenas para a do empregador. O posicionamento da [&hellip;]<\/p>\n","protected":false},"author":3,"featured_media":0,"comment_status":"open","ping_status":"open","sticky":false,"template":"","format":"standard","meta":{"footnotes":""},"categories":[1],"tags":[],"class_list":["post-193","post","type-post","status-publish","format-standard","hentry","category-noticia-do-dia"],"blocksy_meta":{"styles_descriptor":{"styles":{"desktop":"","tablet":"","mobile":""},"google_fonts":[],"version":6}},"yoast_head":"<!-- This site is optimized with the Yoast SEO plugin v27.5 - https:\/\/yoast.com\/product\/yoast-seo-wordpress\/ -->\n<title>PGFN restringe decis\u00e3o do STF contra tributa\u00e7\u00e3o do sal\u00e1rio-maternidade - Amaral, Yazbek Advogados<\/title>\n<meta name=\"robots\" content=\"index, follow, max-snippet:-1, max-image-preview:large, max-video-preview:-1\" \/>\n<link rel=\"canonical\" href=\"https:\/\/www.34.239.117.254.nip.io\/?p=193\" \/>\n<meta property=\"og:locale\" content=\"pt_BR\" \/>\n<meta property=\"og:type\" content=\"article\" \/>\n<meta property=\"og:title\" content=\"PGFN restringe decis\u00e3o do STF contra tributa\u00e7\u00e3o do sal\u00e1rio-maternidade - Amaral, Yazbek Advogados\" \/>\n<meta property=\"og:description\" content=\"O julgamento do Supremo Tribunal Federal (STF) contra a cobran\u00e7a da contribui\u00e7\u00e3o previdenci\u00e1ria sobre o sal\u00e1rio-maternidade n\u00e3o acabou totalmente com a discuss\u00e3o. A Procuradoria-Geral da Fazenda Nacional (PGFN) entende que a decis\u00e3o dos ministros, tomada em agosto deste ano, n\u00e3o vale para a parcela paga pela empregada, apenas para a do empregador. O posicionamento da [&hellip;]\" \/>\n<meta property=\"og:url\" content=\"https:\/\/www.34.239.117.254.nip.io\/?p=193\" \/>\n<meta property=\"og:site_name\" content=\"Amaral, Yazbek Advogados\" \/>\n<meta property=\"article:publisher\" content=\"https:\/\/www.facebook.com\/AYadvogados\" \/>\n<meta property=\"article:published_time\" content=\"2020-12-15T12:50:00+00:00\" \/>\n<meta property=\"article:modified_time\" content=\"2021-02-26T12:50:27+00:00\" \/>\n<meta name=\"author\" content=\"Infra\" \/>\n<meta name=\"twitter:card\" content=\"summary_large_image\" \/>\n<meta name=\"twitter:label1\" content=\"Escrito por\" \/>\n\t<meta name=\"twitter:data1\" content=\"Infra\" \/>\n\t<meta name=\"twitter:label2\" content=\"Est. tempo de leitura\" \/>\n\t<meta name=\"twitter:data2\" content=\"6 minutos\" \/>\n<script type=\"application\/ld+json\" class=\"yoast-schema-graph\">{\"@context\":\"https:\\\/\\\/schema.org\",\"@graph\":[{\"@type\":\"Article\",\"@id\":\"https:\\\/\\\/www.34.239.117.254.nip.io\\\/?p=193#article\",\"isPartOf\":{\"@id\":\"https:\\\/\\\/www.34.239.117.254.nip.io\\\/?p=193\"},\"author\":{\"name\":\"Infra\",\"@id\":\"https:\\\/\\\/www.34.239.117.254.sslip.io\\\/#\\\/schema\\\/person\\\/6b9165a58758b048b8ea5a4fbd4ec3c4\"},\"headline\":\"PGFN restringe decis\u00e3o do STF contra tributa\u00e7\u00e3o do sal\u00e1rio-maternidade\",\"datePublished\":\"2020-12-15T12:50:00+00:00\",\"dateModified\":\"2021-02-26T12:50:27+00:00\",\"mainEntityOfPage\":{\"@id\":\"https:\\\/\\\/www.34.239.117.254.nip.io\\\/?p=193\"},\"wordCount\":1128,\"commentCount\":0,\"publisher\":{\"@id\":\"https:\\\/\\\/www.34.239.117.254.sslip.io\\\/#organization\"},\"articleSection\":[\"Not\u00edcia do Dia\"],\"inLanguage\":\"pt-BR\",\"potentialAction\":[{\"@type\":\"CommentAction\",\"name\":\"Comment\",\"target\":[\"https:\\\/\\\/www.34.239.117.254.nip.io\\\/?p=193#respond\"]}]},{\"@type\":\"WebPage\",\"@id\":\"https:\\\/\\\/www.34.239.117.254.nip.io\\\/?p=193\",\"url\":\"https:\\\/\\\/www.34.239.117.254.nip.io\\\/?p=193\",\"name\":\"PGFN restringe decis\u00e3o do STF contra tributa\u00e7\u00e3o do sal\u00e1rio-maternidade - Amaral, Yazbek Advogados\",\"isPartOf\":{\"@id\":\"https:\\\/\\\/www.34.239.117.254.sslip.io\\\/#website\"},\"datePublished\":\"2020-12-15T12:50:00+00:00\",\"dateModified\":\"2021-02-26T12:50:27+00:00\",\"breadcrumb\":{\"@id\":\"https:\\\/\\\/www.34.239.117.254.nip.io\\\/?p=193#breadcrumb\"},\"inLanguage\":\"pt-BR\",\"potentialAction\":[{\"@type\":\"ReadAction\",\"target\":[\"https:\\\/\\\/www.34.239.117.254.nip.io\\\/?p=193\"]}]},{\"@type\":\"BreadcrumbList\",\"@id\":\"https:\\\/\\\/www.34.239.117.254.nip.io\\\/?p=193#breadcrumb\",\"itemListElement\":[{\"@type\":\"ListItem\",\"position\":1,\"name\":\"In\u00edcio\",\"item\":\"https:\\\/\\\/www.34.239.117.254.sslip.io\\\/\"},{\"@type\":\"ListItem\",\"position\":2,\"name\":\"PGFN restringe decis\u00e3o do STF contra tributa\u00e7\u00e3o do sal\u00e1rio-maternidade\"}]},{\"@type\":\"WebSite\",\"@id\":\"https:\\\/\\\/www.34.239.117.254.sslip.io\\\/#website\",\"url\":\"https:\\\/\\\/www.34.239.117.254.sslip.io\\\/\",\"name\":\"Amaral, Yazbek Advogados\",\"description\":\"Curitiba \u2022 Bras\u00edlia \u2022 S\u00e3o Paulo\",\"publisher\":{\"@id\":\"https:\\\/\\\/www.34.239.117.254.sslip.io\\\/#organization\"},\"potentialAction\":[{\"@type\":\"SearchAction\",\"target\":{\"@type\":\"EntryPoint\",\"urlTemplate\":\"https:\\\/\\\/www.34.239.117.254.sslip.io\\\/?s={search_term_string}\"},\"query-input\":{\"@type\":\"PropertyValueSpecification\",\"valueRequired\":true,\"valueName\":\"search_term_string\"}}],\"inLanguage\":\"pt-BR\"},{\"@type\":\"Organization\",\"@id\":\"https:\\\/\\\/www.34.239.117.254.sslip.io\\\/#organization\",\"name\":\"Amaral, Yazbek Advogados\",\"url\":\"https:\\\/\\\/www.34.239.117.254.sslip.io\\\/\",\"logo\":{\"@type\":\"ImageObject\",\"inLanguage\":\"pt-BR\",\"@id\":\"https:\\\/\\\/www.34.239.117.254.sslip.io\\\/#\\\/schema\\\/logo\\\/image\\\/\",\"url\":\"http:\\\/\\\/34.239.117.254\\\/wp-content\\\/uploads\\\/2021\\\/03\\\/logo-ay-g.png\",\"contentUrl\":\"http:\\\/\\\/34.239.117.254\\\/wp-content\\\/uploads\\\/2021\\\/03\\\/logo-ay-g.png\",\"width\":434,\"height\":106,\"caption\":\"Amaral, Yazbek Advogados\"},\"image\":{\"@id\":\"https:\\\/\\\/www.34.239.117.254.sslip.io\\\/#\\\/schema\\\/logo\\\/image\\\/\"},\"sameAs\":[\"https:\\\/\\\/www.facebook.com\\\/AYadvogados\",\"https:\\\/\\\/www.instagram.com\\\/ayadvogados\\\/\"]},{\"@type\":\"Person\",\"@id\":\"https:\\\/\\\/www.34.239.117.254.sslip.io\\\/#\\\/schema\\\/person\\\/6b9165a58758b048b8ea5a4fbd4ec3c4\",\"name\":\"Infra\",\"image\":{\"@type\":\"ImageObject\",\"inLanguage\":\"pt-BR\",\"@id\":\"https:\\\/\\\/secure.gravatar.com\\\/avatar\\\/60bf67293e186b9c834e31753dcc586dfcedb661d13b6b9ba29ac991ccafc035?s=96&d=mm&r=g\",\"url\":\"https:\\\/\\\/secure.gravatar.com\\\/avatar\\\/60bf67293e186b9c834e31753dcc586dfcedb661d13b6b9ba29ac991ccafc035?s=96&d=mm&r=g\",\"contentUrl\":\"https:\\\/\\\/secure.gravatar.com\\\/avatar\\\/60bf67293e186b9c834e31753dcc586dfcedb661d13b6b9ba29ac991ccafc035?s=96&d=mm&r=g\",\"caption\":\"Infra\"},\"url\":\"https:\\\/\\\/www.ayadvogados.com.br\\\/?author=3\"}]}<\/script>\n<!-- \/ Yoast SEO plugin. -->","yoast_head_json":{"title":"PGFN restringe decis\u00e3o do STF contra tributa\u00e7\u00e3o do sal\u00e1rio-maternidade - Amaral, Yazbek Advogados","robots":{"index":"index","follow":"follow","max-snippet":"max-snippet:-1","max-image-preview":"max-image-preview:large","max-video-preview":"max-video-preview:-1"},"canonical":"https:\/\/www.34.239.117.254.nip.io\/?p=193","og_locale":"pt_BR","og_type":"article","og_title":"PGFN restringe decis\u00e3o do STF contra tributa\u00e7\u00e3o do sal\u00e1rio-maternidade - Amaral, Yazbek Advogados","og_description":"O julgamento do Supremo Tribunal Federal (STF) contra a cobran\u00e7a da contribui\u00e7\u00e3o previdenci\u00e1ria sobre o sal\u00e1rio-maternidade n\u00e3o acabou totalmente com a discuss\u00e3o. A Procuradoria-Geral da Fazenda Nacional (PGFN) entende que a decis\u00e3o dos ministros, tomada em agosto deste ano, n\u00e3o vale para a parcela paga pela empregada, apenas para a do empregador. O posicionamento da [&hellip;]","og_url":"https:\/\/www.34.239.117.254.nip.io\/?p=193","og_site_name":"Amaral, Yazbek Advogados","article_publisher":"https:\/\/www.facebook.com\/AYadvogados","article_published_time":"2020-12-15T12:50:00+00:00","article_modified_time":"2021-02-26T12:50:27+00:00","author":"Infra","twitter_card":"summary_large_image","twitter_misc":{"Escrito por":"Infra","Est. tempo de leitura":"6 minutos"},"schema":{"@context":"https:\/\/schema.org","@graph":[{"@type":"Article","@id":"https:\/\/www.34.239.117.254.nip.io\/?p=193#article","isPartOf":{"@id":"https:\/\/www.34.239.117.254.nip.io\/?p=193"},"author":{"name":"Infra","@id":"https:\/\/www.34.239.117.254.sslip.io\/#\/schema\/person\/6b9165a58758b048b8ea5a4fbd4ec3c4"},"headline":"PGFN restringe decis\u00e3o do STF contra tributa\u00e7\u00e3o do sal\u00e1rio-maternidade","datePublished":"2020-12-15T12:50:00+00:00","dateModified":"2021-02-26T12:50:27+00:00","mainEntityOfPage":{"@id":"https:\/\/www.34.239.117.254.nip.io\/?p=193"},"wordCount":1128,"commentCount":0,"publisher":{"@id":"https:\/\/www.34.239.117.254.sslip.io\/#organization"},"articleSection":["Not\u00edcia do Dia"],"inLanguage":"pt-BR","potentialAction":[{"@type":"CommentAction","name":"Comment","target":["https:\/\/www.34.239.117.254.nip.io\/?p=193#respond"]}]},{"@type":"WebPage","@id":"https:\/\/www.34.239.117.254.nip.io\/?p=193","url":"https:\/\/www.34.239.117.254.nip.io\/?p=193","name":"PGFN restringe decis\u00e3o do STF contra tributa\u00e7\u00e3o do sal\u00e1rio-maternidade - Amaral, Yazbek Advogados","isPartOf":{"@id":"https:\/\/www.34.239.117.254.sslip.io\/#website"},"datePublished":"2020-12-15T12:50:00+00:00","dateModified":"2021-02-26T12:50:27+00:00","breadcrumb":{"@id":"https:\/\/www.34.239.117.254.nip.io\/?p=193#breadcrumb"},"inLanguage":"pt-BR","potentialAction":[{"@type":"ReadAction","target":["https:\/\/www.34.239.117.254.nip.io\/?p=193"]}]},{"@type":"BreadcrumbList","@id":"https:\/\/www.34.239.117.254.nip.io\/?p=193#breadcrumb","itemListElement":[{"@type":"ListItem","position":1,"name":"In\u00edcio","item":"https:\/\/www.34.239.117.254.sslip.io\/"},{"@type":"ListItem","position":2,"name":"PGFN restringe decis\u00e3o do STF contra tributa\u00e7\u00e3o do sal\u00e1rio-maternidade"}]},{"@type":"WebSite","@id":"https:\/\/www.34.239.117.254.sslip.io\/#website","url":"https:\/\/www.34.239.117.254.sslip.io\/","name":"Amaral, Yazbek Advogados","description":"Curitiba \u2022 Bras\u00edlia \u2022 S\u00e3o Paulo","publisher":{"@id":"https:\/\/www.34.239.117.254.sslip.io\/#organization"},"potentialAction":[{"@type":"SearchAction","target":{"@type":"EntryPoint","urlTemplate":"https:\/\/www.34.239.117.254.sslip.io\/?s={search_term_string}"},"query-input":{"@type":"PropertyValueSpecification","valueRequired":true,"valueName":"search_term_string"}}],"inLanguage":"pt-BR"},{"@type":"Organization","@id":"https:\/\/www.34.239.117.254.sslip.io\/#organization","name":"Amaral, Yazbek Advogados","url":"https:\/\/www.34.239.117.254.sslip.io\/","logo":{"@type":"ImageObject","inLanguage":"pt-BR","@id":"https:\/\/www.34.239.117.254.sslip.io\/#\/schema\/logo\/image\/","url":"http:\/\/34.239.117.254\/wp-content\/uploads\/2021\/03\/logo-ay-g.png","contentUrl":"http:\/\/34.239.117.254\/wp-content\/uploads\/2021\/03\/logo-ay-g.png","width":434,"height":106,"caption":"Amaral, Yazbek Advogados"},"image":{"@id":"https:\/\/www.34.239.117.254.sslip.io\/#\/schema\/logo\/image\/"},"sameAs":["https:\/\/www.facebook.com\/AYadvogados","https:\/\/www.instagram.com\/ayadvogados\/"]},{"@type":"Person","@id":"https:\/\/www.34.239.117.254.sslip.io\/#\/schema\/person\/6b9165a58758b048b8ea5a4fbd4ec3c4","name":"Infra","image":{"@type":"ImageObject","inLanguage":"pt-BR","@id":"https:\/\/secure.gravatar.com\/avatar\/60bf67293e186b9c834e31753dcc586dfcedb661d13b6b9ba29ac991ccafc035?s=96&d=mm&r=g","url":"https:\/\/secure.gravatar.com\/avatar\/60bf67293e186b9c834e31753dcc586dfcedb661d13b6b9ba29ac991ccafc035?s=96&d=mm&r=g","contentUrl":"https:\/\/secure.gravatar.com\/avatar\/60bf67293e186b9c834e31753dcc586dfcedb661d13b6b9ba29ac991ccafc035?s=96&d=mm&r=g","caption":"Infra"},"url":"https:\/\/www.ayadvogados.com.br\/?author=3"}]}},"rttpg_featured_image_url":null,"rttpg_author":{"display_name":"Infra","author_link":"https:\/\/www.ayadvogados.com.br\/?author=3"},"rttpg_comment":0,"rttpg_category":"<a href=\"https:\/\/www.ayadvogados.com.br\/?cat=1\" rel=\"category\">Not\u00edcia do Dia<\/a>","rttpg_excerpt":"O julgamento do Supremo Tribunal Federal (STF) contra a cobran\u00e7a da contribui\u00e7\u00e3o previdenci\u00e1ria sobre o sal\u00e1rio-maternidade n\u00e3o acabou totalmente com a discuss\u00e3o. A Procuradoria-Geral da Fazenda Nacional (PGFN) entende que a decis\u00e3o dos ministros, tomada em agosto deste ano, n\u00e3o vale para a parcela paga pela empregada, apenas para a do empregador. O posicionamento da&hellip;","_links":{"self":[{"href":"https:\/\/www.ayadvogados.com.br\/index.php?rest_route=\/wp\/v2\/posts\/193","targetHints":{"allow":["GET"]}}],"collection":[{"href":"https:\/\/www.ayadvogados.com.br\/index.php?rest_route=\/wp\/v2\/posts"}],"about":[{"href":"https:\/\/www.ayadvogados.com.br\/index.php?rest_route=\/wp\/v2\/types\/post"}],"author":[{"embeddable":true,"href":"https:\/\/www.ayadvogados.com.br\/index.php?rest_route=\/wp\/v2\/users\/3"}],"replies":[{"embeddable":true,"href":"https:\/\/www.ayadvogados.com.br\/index.php?rest_route=%2Fwp%2Fv2%2Fcomments&post=193"}],"version-history":[{"count":1,"href":"https:\/\/www.ayadvogados.com.br\/index.php?rest_route=\/wp\/v2\/posts\/193\/revisions"}],"predecessor-version":[{"id":194,"href":"https:\/\/www.ayadvogados.com.br\/index.php?rest_route=\/wp\/v2\/posts\/193\/revisions\/194"}],"wp:attachment":[{"href":"https:\/\/www.ayadvogados.com.br\/index.php?rest_route=%2Fwp%2Fv2%2Fmedia&parent=193"}],"wp:term":[{"taxonomy":"category","embeddable":true,"href":"https:\/\/www.ayadvogados.com.br\/index.php?rest_route=%2Fwp%2Fv2%2Fcategories&post=193"},{"taxonomy":"post_tag","embeddable":true,"href":"https:\/\/www.ayadvogados.com.br\/index.php?rest_route=%2Fwp%2Fv2%2Ftags&post=193"}],"curies":[{"name":"wp","href":"https:\/\/api.w.org\/{rel}","templated":true}]}}