{"id":183,"date":"2021-01-07T09:46:00","date_gmt":"2021-01-07T12:46:00","guid":{"rendered":"http:\/\/34.239.117.254\/?p=183"},"modified":"2021-02-26T09:46:24","modified_gmt":"2021-02-26T12:46:24","slug":"uniao-depende-de-nova-norma-para-cobrar-adicional-da-cofins","status":"publish","type":"post","link":"https:\/\/www.ayadvogados.com.br\/?p=183","title":{"rendered":"Uni\u00e3o depende de nova norma para cobrar adicional da Cofins"},"content":{"rendered":"\n<p>O adicional de 1% da Cofins-Importa\u00e7\u00e3o perdeu a sua base legal e n\u00e3o pode mais ser cobrado desde o dia 31 de dezembro, conforme a Lei n\u00ba 13.670, de 2018, que o instituiu. A sa\u00edda para o governo federal, segundo tributaristas, \u00e9 a edi\u00e7\u00e3o de uma medida provis\u00f3ria para restabelecer a exig\u00eancia, o que poderia abrir uma nova frente de batalha com os contribuintes.<\/p>\n\n\n\n<p>Nesse caso, afirmam advogados, a Uni\u00e3o teria que respeitar a chamada anterioridade nonagesimal, prevista na Constitui\u00e7\u00e3o, que impede a cobran\u00e7a nos primeiros 90 dias. A Receita Federal, por\u00e9m, entende que esse prazo n\u00e3o valeria para casos de prorroga\u00e7\u00e3o de tributos.<\/p>\n\n\n\n<p>A medida foi uma contrapartida \u00e0 desonera\u00e7\u00e3o da folha de pagamento. O adicional quase foi estendido at\u00e9 31 de dezembro de 2021, junto com a desonera\u00e7\u00e3o, mas acabou ficando para tr\u00e1s.<\/p>\n\n\n\n<p>Originalmente, a Medida Provis\u00f3ria n\u00ba 936, de 2020, posteriormente convertida na Lei n\u00ba 14.020, de 2020, ao tratar do Programa Emergencial de Manuten\u00e7\u00e3o do Emprego e da Renda, n\u00e3o previa desonera\u00e7\u00e3o da folha ou a prorroga\u00e7\u00e3o do adicional. Mas durante sua tramita\u00e7\u00e3o, o Congresso Nacional incluiu as previs\u00f5es.<\/p>\n\n\n\n<p>O artigo 34 determinava a manuten\u00e7\u00e3o do 1% da Cofins-Importa\u00e7\u00e3o at\u00e9 31 de dezembro de 2021. As duas prorroga\u00e7\u00f5es foram vetadas pela presid\u00eancia. O Congresso derrubou o veto na parte sobre a desonera\u00e7\u00e3o, mas manteve a do adicional. A validade da desonera\u00e7\u00e3o ainda ser\u00e1 julgada pelo Supremo Tribunal Federal (STF).<\/p>\n\n\n\n<p>Sem previs\u00e3o legal, advogados tributaristas alegam que o adicional n\u00e3o pode mais ser cobrado. \u201cCom a manuten\u00e7\u00e3o do veto o adicional perde o fundamento\u201d, afirma o advogado Leo Lopes, do escrit\u00f3rio FAS Advogados. \u201cSe nada for publicado, o contribuinte tem argumentos jur\u00eddicos consistentes para dizer que o adicional n\u00e3o \u00e9 v\u00e1lido. A legisla\u00e7\u00e3o \u00e9 clara sobre 31 de dezembro de 2020.\u201d<\/p>\n\n\n\n<p>De acordo com Jo\u00e3o Rezende, da Lira Advogados, a desonera\u00e7\u00e3o da folha e o adicional de 1% da Cofins-Importa\u00e7\u00e3o andavam juntos at\u00e9 para fins de or\u00e7amento. \u201cAgora a desonera\u00e7\u00e3o foi renovada, mas o adicional n\u00e3o\u201d, diz. \u201c\u00c9 muito bom para as empresas no geral, especialmente importadores. Mas o governo ter\u00e1 que lidar com a perda de arrecada\u00e7\u00e3o\u201d.<\/p>\n\n\n\n<p>Foi s\u00f3 em setembro que o Supremo reconheceu a constitucionalidade do aumento em um ponto percentual da al\u00edquota da Cofins-Importa\u00e7\u00e3o incidente sobre bens classificados na Tabela de Incid\u00eancia do Imposto sobre Produtos Industrializados (Tipi). Os ministros, por\u00e9m, vedaram no julgamento o aproveitamento de cr\u00e9ditos referentes ao adicional (RE 1178310).<\/p>\n\n\n\n<p>Fonte: <a href=\"https:\/\/valor.globo.com\/legislacao\/noticia\/2021\/01\/06\/uniao-depende-de-nova-norma-para-cobrar-adicional-da-cofins.ghtml\">Valor<\/a><\/p>\n\n\n\n<p>A Amaral, Yazbek, OAB\/PR 762, possui 35 anos de experi\u00eancia auxiliando empresas a transformar a tributa\u00e7\u00e3o em lucro. Entre em contato com um dos s\u00f3cios para agendamento de reuni\u00e3o em caso de d\u00favidas.<\/p>\n\n\n\n<p>Contato: 41 3595-8300 ou pelo nosso WhatsApp 41 99567-5696<\/p>\n\n\n\n<p>Av. C\u00e2ndido Hartmann, 50 \u2013 Bigorrilho | Curitiba-PR<\/p>\n\n\n\n<p>Assine nossa Newsletter e fique por dentro das novidades!<\/p>\n\n\n\n<p>Quer receber seu exemplar da revista Governan\u00e7a Jur\u00eddica? Clique <a href=\"http:\/\/ayadvogados.com.br\/revista\">aqui<\/a>&nbsp;e pe\u00e7a a sua.<\/p>\n\n\n\n<p>Nos acompanhe nas redes sociais: <a href=\"https:\/\/www.facebook.com\/amaral.yazbek\">Facebook<\/a>&nbsp;| <a href=\"https:\/\/www.instagram.com\/amaral.yazbek\/\">Instagram<\/a> | <a href=\"https:\/\/www.linkedin.com\/company\/3357082\/admin\/\">Linkedin<\/a><\/p>\n\n\n\n<p>J\u00e1 conhece o canal Direito da Intelig\u00eancia de Neg\u00f3cios? <a href=\"https:\/\/www.youtube.com\/channel\/UCu2Mpu32ht8DEN8OFRXYMyw\">Inscreva-se j\u00e1<\/a><\/p>\n","protected":false},"excerpt":{"rendered":"<p>O adicional de 1% da Cofins-Importa\u00e7\u00e3o perdeu a sua base legal e n\u00e3o pode mais ser cobrado desde o dia 31 de dezembro, conforme a Lei n\u00ba 13.670, de 2018, que o instituiu. A sa\u00edda para o governo federal, segundo tributaristas, \u00e9 a edi\u00e7\u00e3o de uma medida provis\u00f3ria para restabelecer a exig\u00eancia, o que poderia [&hellip;]<\/p>\n","protected":false},"author":3,"featured_media":0,"comment_status":"open","ping_status":"open","sticky":false,"template":"","format":"standard","meta":{"footnotes":""},"categories":[1],"tags":[],"class_list":["post-183","post","type-post","status-publish","format-standard","hentry","category-noticia-do-dia"],"blocksy_meta":{"styles_descriptor":{"styles":{"desktop":"","tablet":"","mobile":""},"google_fonts":[],"version":6}},"yoast_head":"<!-- This site is optimized with the Yoast SEO plugin v27.5 - https:\/\/yoast.com\/product\/yoast-seo-wordpress\/ -->\n<title>Uni\u00e3o depende de nova norma para cobrar adicional da Cofins - Amaral, Yazbek Advogados<\/title>\n<meta name=\"robots\" content=\"index, follow, max-snippet:-1, max-image-preview:large, max-video-preview:-1\" \/>\n<link rel=\"canonical\" href=\"https:\/\/www.eloquent-edison.34-239-117-254.plesk.page\/?p=183\" \/>\n<meta property=\"og:locale\" content=\"pt_BR\" \/>\n<meta property=\"og:type\" content=\"article\" \/>\n<meta property=\"og:title\" content=\"Uni\u00e3o depende de nova norma para cobrar adicional da Cofins - Amaral, Yazbek Advogados\" \/>\n<meta property=\"og:description\" content=\"O adicional de 1% da Cofins-Importa\u00e7\u00e3o perdeu a sua base legal e n\u00e3o pode mais ser cobrado desde o dia 31 de dezembro, conforme a Lei n\u00ba 13.670, de 2018, que o instituiu. A sa\u00edda para o governo federal, segundo tributaristas, \u00e9 a edi\u00e7\u00e3o de uma medida provis\u00f3ria para restabelecer a exig\u00eancia, o que poderia [&hellip;]\" \/>\n<meta property=\"og:url\" content=\"https:\/\/www.eloquent-edison.34-239-117-254.plesk.page\/?p=183\" \/>\n<meta property=\"og:site_name\" content=\"Amaral, Yazbek Advogados\" \/>\n<meta property=\"article:publisher\" content=\"https:\/\/www.facebook.com\/AYadvogados\" \/>\n<meta property=\"article:published_time\" content=\"2021-01-07T12:46:00+00:00\" \/>\n<meta property=\"article:modified_time\" content=\"2021-02-26T12:46:24+00:00\" \/>\n<meta name=\"author\" content=\"Infra\" \/>\n<meta name=\"twitter:card\" content=\"summary_large_image\" \/>\n<meta name=\"twitter:label1\" content=\"Escrito por\" \/>\n\t<meta name=\"twitter:data1\" content=\"Infra\" \/>\n\t<meta name=\"twitter:label2\" content=\"Est. tempo de leitura\" \/>\n\t<meta name=\"twitter:data2\" content=\"3 minutos\" \/>\n<script type=\"application\/ld+json\" class=\"yoast-schema-graph\">{\"@context\":\"https:\\\/\\\/schema.org\",\"@graph\":[{\"@type\":\"Article\",\"@id\":\"https:\\\/\\\/www.eloquent-edison.34-239-117-254.plesk.page\\\/?p=183#article\",\"isPartOf\":{\"@id\":\"https:\\\/\\\/www.eloquent-edison.34-239-117-254.plesk.page\\\/?p=183\"},\"author\":{\"name\":\"Infra\",\"@id\":\"https:\\\/\\\/www.34.239.117.254.sslip.io\\\/#\\\/schema\\\/person\\\/6b9165a58758b048b8ea5a4fbd4ec3c4\"},\"headline\":\"Uni\u00e3o depende de nova norma para cobrar adicional da Cofins\",\"datePublished\":\"2021-01-07T12:46:00+00:00\",\"dateModified\":\"2021-02-26T12:46:24+00:00\",\"mainEntityOfPage\":{\"@id\":\"https:\\\/\\\/www.eloquent-edison.34-239-117-254.plesk.page\\\/?p=183\"},\"wordCount\":536,\"commentCount\":0,\"publisher\":{\"@id\":\"https:\\\/\\\/www.34.239.117.254.sslip.io\\\/#organization\"},\"articleSection\":[\"Not\u00edcia do Dia\"],\"inLanguage\":\"pt-BR\",\"potentialAction\":[{\"@type\":\"CommentAction\",\"name\":\"Comment\",\"target\":[\"https:\\\/\\\/www.eloquent-edison.34-239-117-254.plesk.page\\\/?p=183#respond\"]}]},{\"@type\":\"WebPage\",\"@id\":\"https:\\\/\\\/www.eloquent-edison.34-239-117-254.plesk.page\\\/?p=183\",\"url\":\"https:\\\/\\\/www.eloquent-edison.34-239-117-254.plesk.page\\\/?p=183\",\"name\":\"Uni\u00e3o depende de nova norma para cobrar adicional da Cofins - Amaral, Yazbek Advogados\",\"isPartOf\":{\"@id\":\"https:\\\/\\\/www.34.239.117.254.sslip.io\\\/#website\"},\"datePublished\":\"2021-01-07T12:46:00+00:00\",\"dateModified\":\"2021-02-26T12:46:24+00:00\",\"breadcrumb\":{\"@id\":\"https:\\\/\\\/www.eloquent-edison.34-239-117-254.plesk.page\\\/?p=183#breadcrumb\"},\"inLanguage\":\"pt-BR\",\"potentialAction\":[{\"@type\":\"ReadAction\",\"target\":[\"https:\\\/\\\/www.eloquent-edison.34-239-117-254.plesk.page\\\/?p=183\"]}]},{\"@type\":\"BreadcrumbList\",\"@id\":\"https:\\\/\\\/www.eloquent-edison.34-239-117-254.plesk.page\\\/?p=183#breadcrumb\",\"itemListElement\":[{\"@type\":\"ListItem\",\"position\":1,\"name\":\"In\u00edcio\",\"item\":\"https:\\\/\\\/www.34.239.117.254.sslip.io\\\/\"},{\"@type\":\"ListItem\",\"position\":2,\"name\":\"Uni\u00e3o depende de nova norma para cobrar adicional da Cofins\"}]},{\"@type\":\"WebSite\",\"@id\":\"https:\\\/\\\/www.34.239.117.254.sslip.io\\\/#website\",\"url\":\"https:\\\/\\\/www.34.239.117.254.sslip.io\\\/\",\"name\":\"Amaral, Yazbek Advogados\",\"description\":\"Curitiba \u2022 Bras\u00edlia \u2022 S\u00e3o Paulo\",\"publisher\":{\"@id\":\"https:\\\/\\\/www.34.239.117.254.sslip.io\\\/#organization\"},\"potentialAction\":[{\"@type\":\"SearchAction\",\"target\":{\"@type\":\"EntryPoint\",\"urlTemplate\":\"https:\\\/\\\/www.34.239.117.254.sslip.io\\\/?s={search_term_string}\"},\"query-input\":{\"@type\":\"PropertyValueSpecification\",\"valueRequired\":true,\"valueName\":\"search_term_string\"}}],\"inLanguage\":\"pt-BR\"},{\"@type\":\"Organization\",\"@id\":\"https:\\\/\\\/www.34.239.117.254.sslip.io\\\/#organization\",\"name\":\"Amaral, Yazbek Advogados\",\"url\":\"https:\\\/\\\/www.34.239.117.254.sslip.io\\\/\",\"logo\":{\"@type\":\"ImageObject\",\"inLanguage\":\"pt-BR\",\"@id\":\"https:\\\/\\\/www.34.239.117.254.sslip.io\\\/#\\\/schema\\\/logo\\\/image\\\/\",\"url\":\"http:\\\/\\\/34.239.117.254\\\/wp-content\\\/uploads\\\/2021\\\/03\\\/logo-ay-g.png\",\"contentUrl\":\"http:\\\/\\\/34.239.117.254\\\/wp-content\\\/uploads\\\/2021\\\/03\\\/logo-ay-g.png\",\"width\":434,\"height\":106,\"caption\":\"Amaral, Yazbek Advogados\"},\"image\":{\"@id\":\"https:\\\/\\\/www.34.239.117.254.sslip.io\\\/#\\\/schema\\\/logo\\\/image\\\/\"},\"sameAs\":[\"https:\\\/\\\/www.facebook.com\\\/AYadvogados\",\"https:\\\/\\\/www.instagram.com\\\/ayadvogados\\\/\"]},{\"@type\":\"Person\",\"@id\":\"https:\\\/\\\/www.34.239.117.254.sslip.io\\\/#\\\/schema\\\/person\\\/6b9165a58758b048b8ea5a4fbd4ec3c4\",\"name\":\"Infra\",\"image\":{\"@type\":\"ImageObject\",\"inLanguage\":\"pt-BR\",\"@id\":\"https:\\\/\\\/secure.gravatar.com\\\/avatar\\\/60bf67293e186b9c834e31753dcc586dfcedb661d13b6b9ba29ac991ccafc035?s=96&d=mm&r=g\",\"url\":\"https:\\\/\\\/secure.gravatar.com\\\/avatar\\\/60bf67293e186b9c834e31753dcc586dfcedb661d13b6b9ba29ac991ccafc035?s=96&d=mm&r=g\",\"contentUrl\":\"https:\\\/\\\/secure.gravatar.com\\\/avatar\\\/60bf67293e186b9c834e31753dcc586dfcedb661d13b6b9ba29ac991ccafc035?s=96&d=mm&r=g\",\"caption\":\"Infra\"},\"url\":\"https:\\\/\\\/www.ayadvogados.com.br\\\/?author=3\"}]}<\/script>\n<!-- \/ Yoast SEO plugin. -->","yoast_head_json":{"title":"Uni\u00e3o depende de nova norma para cobrar adicional da Cofins - Amaral, Yazbek Advogados","robots":{"index":"index","follow":"follow","max-snippet":"max-snippet:-1","max-image-preview":"max-image-preview:large","max-video-preview":"max-video-preview:-1"},"canonical":"https:\/\/www.eloquent-edison.34-239-117-254.plesk.page\/?p=183","og_locale":"pt_BR","og_type":"article","og_title":"Uni\u00e3o depende de nova norma para cobrar adicional da Cofins - Amaral, Yazbek Advogados","og_description":"O adicional de 1% da Cofins-Importa\u00e7\u00e3o perdeu a sua base legal e n\u00e3o pode mais ser cobrado desde o dia 31 de dezembro, conforme a Lei n\u00ba 13.670, de 2018, que o instituiu. A sa\u00edda para o governo federal, segundo tributaristas, \u00e9 a edi\u00e7\u00e3o de uma medida provis\u00f3ria para restabelecer a exig\u00eancia, o que poderia [&hellip;]","og_url":"https:\/\/www.eloquent-edison.34-239-117-254.plesk.page\/?p=183","og_site_name":"Amaral, Yazbek Advogados","article_publisher":"https:\/\/www.facebook.com\/AYadvogados","article_published_time":"2021-01-07T12:46:00+00:00","article_modified_time":"2021-02-26T12:46:24+00:00","author":"Infra","twitter_card":"summary_large_image","twitter_misc":{"Escrito por":"Infra","Est. tempo de leitura":"3 minutos"},"schema":{"@context":"https:\/\/schema.org","@graph":[{"@type":"Article","@id":"https:\/\/www.eloquent-edison.34-239-117-254.plesk.page\/?p=183#article","isPartOf":{"@id":"https:\/\/www.eloquent-edison.34-239-117-254.plesk.page\/?p=183"},"author":{"name":"Infra","@id":"https:\/\/www.34.239.117.254.sslip.io\/#\/schema\/person\/6b9165a58758b048b8ea5a4fbd4ec3c4"},"headline":"Uni\u00e3o depende de nova norma para cobrar adicional da Cofins","datePublished":"2021-01-07T12:46:00+00:00","dateModified":"2021-02-26T12:46:24+00:00","mainEntityOfPage":{"@id":"https:\/\/www.eloquent-edison.34-239-117-254.plesk.page\/?p=183"},"wordCount":536,"commentCount":0,"publisher":{"@id":"https:\/\/www.34.239.117.254.sslip.io\/#organization"},"articleSection":["Not\u00edcia do Dia"],"inLanguage":"pt-BR","potentialAction":[{"@type":"CommentAction","name":"Comment","target":["https:\/\/www.eloquent-edison.34-239-117-254.plesk.page\/?p=183#respond"]}]},{"@type":"WebPage","@id":"https:\/\/www.eloquent-edison.34-239-117-254.plesk.page\/?p=183","url":"https:\/\/www.eloquent-edison.34-239-117-254.plesk.page\/?p=183","name":"Uni\u00e3o depende de nova norma para cobrar adicional da Cofins - Amaral, Yazbek Advogados","isPartOf":{"@id":"https:\/\/www.34.239.117.254.sslip.io\/#website"},"datePublished":"2021-01-07T12:46:00+00:00","dateModified":"2021-02-26T12:46:24+00:00","breadcrumb":{"@id":"https:\/\/www.eloquent-edison.34-239-117-254.plesk.page\/?p=183#breadcrumb"},"inLanguage":"pt-BR","potentialAction":[{"@type":"ReadAction","target":["https:\/\/www.eloquent-edison.34-239-117-254.plesk.page\/?p=183"]}]},{"@type":"BreadcrumbList","@id":"https:\/\/www.eloquent-edison.34-239-117-254.plesk.page\/?p=183#breadcrumb","itemListElement":[{"@type":"ListItem","position":1,"name":"In\u00edcio","item":"https:\/\/www.34.239.117.254.sslip.io\/"},{"@type":"ListItem","position":2,"name":"Uni\u00e3o depende de nova norma para cobrar adicional da Cofins"}]},{"@type":"WebSite","@id":"https:\/\/www.34.239.117.254.sslip.io\/#website","url":"https:\/\/www.34.239.117.254.sslip.io\/","name":"Amaral, Yazbek Advogados","description":"Curitiba \u2022 Bras\u00edlia \u2022 S\u00e3o Paulo","publisher":{"@id":"https:\/\/www.34.239.117.254.sslip.io\/#organization"},"potentialAction":[{"@type":"SearchAction","target":{"@type":"EntryPoint","urlTemplate":"https:\/\/www.34.239.117.254.sslip.io\/?s={search_term_string}"},"query-input":{"@type":"PropertyValueSpecification","valueRequired":true,"valueName":"search_term_string"}}],"inLanguage":"pt-BR"},{"@type":"Organization","@id":"https:\/\/www.34.239.117.254.sslip.io\/#organization","name":"Amaral, Yazbek Advogados","url":"https:\/\/www.34.239.117.254.sslip.io\/","logo":{"@type":"ImageObject","inLanguage":"pt-BR","@id":"https:\/\/www.34.239.117.254.sslip.io\/#\/schema\/logo\/image\/","url":"http:\/\/34.239.117.254\/wp-content\/uploads\/2021\/03\/logo-ay-g.png","contentUrl":"http:\/\/34.239.117.254\/wp-content\/uploads\/2021\/03\/logo-ay-g.png","width":434,"height":106,"caption":"Amaral, Yazbek Advogados"},"image":{"@id":"https:\/\/www.34.239.117.254.sslip.io\/#\/schema\/logo\/image\/"},"sameAs":["https:\/\/www.facebook.com\/AYadvogados","https:\/\/www.instagram.com\/ayadvogados\/"]},{"@type":"Person","@id":"https:\/\/www.34.239.117.254.sslip.io\/#\/schema\/person\/6b9165a58758b048b8ea5a4fbd4ec3c4","name":"Infra","image":{"@type":"ImageObject","inLanguage":"pt-BR","@id":"https:\/\/secure.gravatar.com\/avatar\/60bf67293e186b9c834e31753dcc586dfcedb661d13b6b9ba29ac991ccafc035?s=96&d=mm&r=g","url":"https:\/\/secure.gravatar.com\/avatar\/60bf67293e186b9c834e31753dcc586dfcedb661d13b6b9ba29ac991ccafc035?s=96&d=mm&r=g","contentUrl":"https:\/\/secure.gravatar.com\/avatar\/60bf67293e186b9c834e31753dcc586dfcedb661d13b6b9ba29ac991ccafc035?s=96&d=mm&r=g","caption":"Infra"},"url":"https:\/\/www.ayadvogados.com.br\/?author=3"}]}},"rttpg_featured_image_url":null,"rttpg_author":{"display_name":"Infra","author_link":"https:\/\/www.ayadvogados.com.br\/?author=3"},"rttpg_comment":0,"rttpg_category":"<a href=\"https:\/\/www.ayadvogados.com.br\/?cat=1\" rel=\"category\">Not\u00edcia do Dia<\/a>","rttpg_excerpt":"O adicional de 1% da Cofins-Importa\u00e7\u00e3o perdeu a sua base legal e n\u00e3o pode mais ser cobrado desde o dia 31 de dezembro, conforme a Lei n\u00ba 13.670, de 2018, que o instituiu. A sa\u00edda para o governo federal, segundo tributaristas, \u00e9 a edi\u00e7\u00e3o de uma medida provis\u00f3ria para restabelecer a exig\u00eancia, o que poderia&hellip;","_links":{"self":[{"href":"https:\/\/www.ayadvogados.com.br\/index.php?rest_route=\/wp\/v2\/posts\/183","targetHints":{"allow":["GET"]}}],"collection":[{"href":"https:\/\/www.ayadvogados.com.br\/index.php?rest_route=\/wp\/v2\/posts"}],"about":[{"href":"https:\/\/www.ayadvogados.com.br\/index.php?rest_route=\/wp\/v2\/types\/post"}],"author":[{"embeddable":true,"href":"https:\/\/www.ayadvogados.com.br\/index.php?rest_route=\/wp\/v2\/users\/3"}],"replies":[{"embeddable":true,"href":"https:\/\/www.ayadvogados.com.br\/index.php?rest_route=%2Fwp%2Fv2%2Fcomments&post=183"}],"version-history":[{"count":1,"href":"https:\/\/www.ayadvogados.com.br\/index.php?rest_route=\/wp\/v2\/posts\/183\/revisions"}],"predecessor-version":[{"id":184,"href":"https:\/\/www.ayadvogados.com.br\/index.php?rest_route=\/wp\/v2\/posts\/183\/revisions\/184"}],"wp:attachment":[{"href":"https:\/\/www.ayadvogados.com.br\/index.php?rest_route=%2Fwp%2Fv2%2Fmedia&parent=183"}],"wp:term":[{"taxonomy":"category","embeddable":true,"href":"https:\/\/www.ayadvogados.com.br\/index.php?rest_route=%2Fwp%2Fv2%2Fcategories&post=183"},{"taxonomy":"post_tag","embeddable":true,"href":"https:\/\/www.ayadvogados.com.br\/index.php?rest_route=%2Fwp%2Fv2%2Ftags&post=183"}],"curies":[{"name":"wp","href":"https:\/\/api.w.org\/{rel}","templated":true}]}}