{"id":175,"date":"2021-01-12T09:43:00","date_gmt":"2021-01-12T12:43:00","guid":{"rendered":"http:\/\/34.239.117.254\/?p=175"},"modified":"2021-02-26T09:44:10","modified_gmt":"2021-02-26T12:44:10","slug":"trf-definira-qual-icms-deve-ser-excluido-da-cprbs","status":"publish","type":"post","link":"https:\/\/www.ayadvogados.com.br\/?p=175","title":{"rendered":"TRF definir\u00e1 qual ICMS deve ser exclu\u00eddo da CPRBs"},"content":{"rendered":"\n<p>A Corte Especial do Tribunal Regional Federal (TRF) da 4\u00aa Regi\u00e3o, que abrange a regi\u00e3o Sul, poder\u00e1 definir neste ano qual ICMS deve ser exclu\u00eddo do c\u00e1lculo da Contribui\u00e7\u00e3o Previdenci\u00e1ria sobre a Receita Bruta (CPRB): o efetivamente pago ou o destacado na nota fiscal. A quest\u00e3o \u00e9 analisada por meio de incidente de argui\u00e7\u00e3o de inconstitucionalidade, o que obrigar\u00e1 todos os magistrados da regi\u00e3o a seguir a decis\u00e3o.<\/p>\n\n\n\n<p>O julgamento ainda poder\u00e1 servir de jurisprud\u00eancia em outros tribunais da Justi\u00e7a Federal (processo n\u00ba 5035825- 72.2017.4.04.00 00). Por ora, o placar na Corte Especial, que re\u00fane os 15 desembargadores mais antigos, est\u00e1 favor\u00e1vel \u00e0 Fazenda Nacional, em cinco votos a dois. O relator \u00e9 o desembargador Roger Raupp Rios, que entendeu pela exclus\u00e3o do ICMS destacado na nota &#8211; a favor do contribuinte.<\/p>\n\n\n\n<p>Em 2019, em recursos repetitivos (tema 994), a 1\u00aa Se\u00e7\u00e3o do Superior Tribunal de Justi\u00e7a (STJ) decidiu pela exclus\u00e3o do ICMS da base de c\u00e1lculo da CPRB. Mas n\u00e3o entrou no m\u00e9rito de qual imposto estadual deve ser retirado.<\/p>\n\n\n\n<p>No TRF sediado em Porto Alegre, o que mais chamou a aten\u00e7\u00e3o dos tributaristas foi o voto do desembargador e jurista Leandro Paulsen. Ele abriu a diverg\u00eancia, votando a favor do Fisco.<\/p>\n\n\n\n<p>\u201cMas os demais que o seguiram foram os desembargadores da turma penal, n\u00e3o das turmas tribut\u00e1rias, o que traz expectativa de uma reviravolta\u201d, afirma o tributarista Rafael Nichele, que defende a Multinjet Tecnologia em Metaliza\u00e7\u00e3o, parte no julgamento do TRF.<\/p>\n\n\n\n<p>Para Nichele, a determina\u00e7\u00e3o da Solu\u00e7\u00e3o de Consulta da Receita Federal n\u00ba 13, de 2018, que orienta a exclus\u00e3o do ICMS efetivamente pago (valor menor) do c\u00e1lculo do PIS e da Cofins, n\u00e3o \u00e9 aplic\u00e1vel \u00e0 CPRB. \u201cO regime jur\u00eddico da CPRB, estabelecido pela Lei n\u00ba 12.546, de 2011, \u00e9 cumulativo e excepcional\u201d, diz.<\/p>\n\n\n\n<p>O advogado acrescenta que ambas as turmas tribut\u00e1rias do TRF da 4\u00aa Regi\u00e3o t\u00eam afastado a aplica\u00e7\u00e3o da solu\u00e7\u00e3o de consulta em rela\u00e7\u00e3o ao PIS e a Cofins. \u201cA exig\u00eancia de excluir o ICMS pago implica tributar, por via obl\u00edqua e maldosamente disfar\u00e7ada, os benef\u00edcios fiscais de ICMS concedidos pelos Estados\u201d, afirma.<\/p>\n\n\n\n<p>Let\u00edcia Geremia Balestro, procuradora-chefe da Divis\u00e3o de Acompanhamento Especial da Procuradoria-Geral da Fazenda Nacional (PGFN) da 4\u00aa Regi\u00e3o, entende, por\u00e9m, que sequer o ICMS efetivamente pago deve ser retirado da CPRB. Ela lembra que o Plen\u00e1rio Virtual do Supremo Tribunal Federal (STF) chegou a proferir seis votos &#8211; tr\u00eas contra e tr\u00eas a favor &#8211; sobre a exclus\u00e3o do ICMS do c\u00e1lculo da CPRB. O julgamento foi suspenso porque o ministro Dias Toffoli pediu vista (RE 1187264).<\/p>\n\n\n\n<p>\u201cA principal tese da Fazenda \u00e9 que o julgamento do ICMS no PIS\/Cofins n\u00e3o se aplica \u00e0 CPRB, porque esta \u00e9 pr\u00f3pria de benef\u00edcio fiscal\u201d, afirma Let\u00edcia. \u201cContudo, como j\u00e1 h\u00e1 sete votos no TRF, defendemos que se retire o ICMS efetivamente devido porque o ICMS \u00e9 n\u00e3o cumulativo. Assim, o imposto da entrada deve ser abatido do imposto da sa\u00edda.\u201d<\/p>\n\n\n\n<p>A procuradora destaca a import\u00e2ncia do julgamento do TRF da 4\u00aa Regi\u00e3o sobre o tema porque ao determinar a exclus\u00e3o do ICMS do c\u00e1lculo do PIS e da Cofins, em 2017, o STF n\u00e3o definiu qual ICMS deve ser subtra\u00eddo. Ainda h\u00e1 embargos da PGFN pendentes de julgamento no caso. \u201cSe o Supremo n\u00e3o abordar esse aspecto e o STJ imputar a mat\u00e9ria como constitucional, quem dever\u00e1 enfrentar o tema ser\u00e3o os TRFs\u201d, diz.<\/p>\n\n\n\n<p>Fonte: <a href=\"https:\/\/valor.globo.com\/legislacao\/noticia\/2021\/01\/11\/trf-definira-qual-icms-deve-ser-excluido-da-cprb.ghtml\">Valor<\/a><\/p>\n\n\n\n<p>A Amaral, Yazbek, OAB\/PR 762, possui 35 anos de experi\u00eancia auxiliando empresas a transformar a tributa\u00e7\u00e3o em lucro. Entre em contato com um dos s\u00f3cios para agendamento de reuni\u00e3o em caso de d\u00favidas.<\/p>\n\n\n\n<p>Contato: 41 3595-8300 ou pelo nosso WhatsApp 41 99567-5696<\/p>\n\n\n\n<p>Av. C\u00e2ndido Hartmann, 50 \u2013 Bigorrilho | Curitiba-PR<\/p>\n\n\n\n<p>Assine nossa Newsletter e fique por dentro das novidades!<\/p>\n\n\n\n<p>Quer receber seu exemplar da revista Governan\u00e7a Jur\u00eddica? Clique <a href=\"http:\/\/ayadvogados.com.br\/revista\">aqui<\/a>&nbsp;e pe\u00e7a a sua.<\/p>\n\n\n\n<p>Nos acompanhe nas redes sociais: <a href=\"https:\/\/www.facebook.com\/amaral.yazbek\">Facebook<\/a>&nbsp;| <a href=\"https:\/\/www.instagram.com\/amaral.yazbek\/\">Instagram<\/a> | <a href=\"https:\/\/www.linkedin.com\/company\/3357082\/admin\/\">Linkedin<\/a><\/p>\n\n\n\n<p>J\u00e1 conhece o canal Direito da Intelig\u00eancia de Neg\u00f3cios? <a href=\"https:\/\/www.youtube.com\/channel\/UCu2Mpu32ht8DEN8OFRXYMyw\">Inscreva-se j\u00e1<\/a><\/p>\n","protected":false},"excerpt":{"rendered":"<p>A Corte Especial do Tribunal Regional Federal (TRF) da 4\u00aa Regi\u00e3o, que abrange a regi\u00e3o Sul, poder\u00e1 definir neste ano qual ICMS deve ser exclu\u00eddo do c\u00e1lculo da Contribui\u00e7\u00e3o Previdenci\u00e1ria sobre a Receita Bruta (CPRB): o efetivamente pago ou o destacado na nota fiscal. A quest\u00e3o \u00e9 analisada por meio de incidente de argui\u00e7\u00e3o de [&hellip;]<\/p>\n","protected":false},"author":3,"featured_media":0,"comment_status":"open","ping_status":"open","sticky":false,"template":"","format":"standard","meta":{"footnotes":""},"categories":[1],"tags":[],"class_list":["post-175","post","type-post","status-publish","format-standard","hentry","category-noticia-do-dia"],"blocksy_meta":{"styles_descriptor":{"styles":{"desktop":"","tablet":"","mobile":""},"google_fonts":[],"version":6}},"yoast_head":"<!-- This site is optimized with the Yoast SEO plugin v27.5 - https:\/\/yoast.com\/product\/yoast-seo-wordpress\/ -->\n<title>TRF definir\u00e1 qual ICMS deve ser exclu\u00eddo da CPRBs - Amaral, Yazbek Advogados<\/title>\n<meta name=\"robots\" content=\"index, follow, max-snippet:-1, max-image-preview:large, max-video-preview:-1\" \/>\n<link rel=\"canonical\" href=\"https:\/\/www.eloquent-edison.34-239-117-254.plesk.page\/?p=175\" \/>\n<meta property=\"og:locale\" content=\"pt_BR\" \/>\n<meta property=\"og:type\" content=\"article\" \/>\n<meta property=\"og:title\" content=\"TRF definir\u00e1 qual ICMS deve ser exclu\u00eddo da CPRBs - Amaral, Yazbek Advogados\" \/>\n<meta property=\"og:description\" content=\"A Corte Especial do Tribunal Regional Federal (TRF) da 4\u00aa Regi\u00e3o, que abrange a regi\u00e3o Sul, poder\u00e1 definir neste ano qual ICMS deve ser exclu\u00eddo do c\u00e1lculo da Contribui\u00e7\u00e3o Previdenci\u00e1ria sobre a Receita Bruta (CPRB): o efetivamente pago ou o destacado na nota fiscal. A quest\u00e3o \u00e9 analisada por meio de incidente de argui\u00e7\u00e3o de [&hellip;]\" \/>\n<meta property=\"og:url\" content=\"https:\/\/www.eloquent-edison.34-239-117-254.plesk.page\/?p=175\" \/>\n<meta property=\"og:site_name\" content=\"Amaral, Yazbek Advogados\" \/>\n<meta property=\"article:publisher\" content=\"https:\/\/www.facebook.com\/AYadvogados\" \/>\n<meta property=\"article:published_time\" content=\"2021-01-12T12:43:00+00:00\" \/>\n<meta property=\"article:modified_time\" content=\"2021-02-26T12:44:10+00:00\" \/>\n<meta name=\"author\" content=\"Infra\" \/>\n<meta name=\"twitter:card\" content=\"summary_large_image\" \/>\n<meta name=\"twitter:label1\" content=\"Escrito por\" \/>\n\t<meta name=\"twitter:data1\" content=\"Infra\" \/>\n\t<meta name=\"twitter:label2\" content=\"Est. tempo de leitura\" \/>\n\t<meta name=\"twitter:data2\" content=\"4 minutos\" \/>\n<script type=\"application\/ld+json\" class=\"yoast-schema-graph\">{\"@context\":\"https:\\\/\\\/schema.org\",\"@graph\":[{\"@type\":\"Article\",\"@id\":\"https:\\\/\\\/www.eloquent-edison.34-239-117-254.plesk.page\\\/?p=175#article\",\"isPartOf\":{\"@id\":\"https:\\\/\\\/www.eloquent-edison.34-239-117-254.plesk.page\\\/?p=175\"},\"author\":{\"name\":\"Infra\",\"@id\":\"https:\\\/\\\/www.34.239.117.254.sslip.io\\\/#\\\/schema\\\/person\\\/6b9165a58758b048b8ea5a4fbd4ec3c4\"},\"headline\":\"TRF definir\u00e1 qual ICMS deve ser exclu\u00eddo da CPRBs\",\"datePublished\":\"2021-01-12T12:43:00+00:00\",\"dateModified\":\"2021-02-26T12:44:10+00:00\",\"mainEntityOfPage\":{\"@id\":\"https:\\\/\\\/www.eloquent-edison.34-239-117-254.plesk.page\\\/?p=175\"},\"wordCount\":714,\"commentCount\":0,\"publisher\":{\"@id\":\"https:\\\/\\\/www.34.239.117.254.sslip.io\\\/#organization\"},\"articleSection\":[\"Not\u00edcia do Dia\"],\"inLanguage\":\"pt-BR\",\"potentialAction\":[{\"@type\":\"CommentAction\",\"name\":\"Comment\",\"target\":[\"https:\\\/\\\/www.eloquent-edison.34-239-117-254.plesk.page\\\/?p=175#respond\"]}]},{\"@type\":\"WebPage\",\"@id\":\"https:\\\/\\\/www.eloquent-edison.34-239-117-254.plesk.page\\\/?p=175\",\"url\":\"https:\\\/\\\/www.eloquent-edison.34-239-117-254.plesk.page\\\/?p=175\",\"name\":\"TRF definir\u00e1 qual ICMS deve ser exclu\u00eddo da CPRBs - Amaral, Yazbek Advogados\",\"isPartOf\":{\"@id\":\"https:\\\/\\\/www.34.239.117.254.sslip.io\\\/#website\"},\"datePublished\":\"2021-01-12T12:43:00+00:00\",\"dateModified\":\"2021-02-26T12:44:10+00:00\",\"breadcrumb\":{\"@id\":\"https:\\\/\\\/www.eloquent-edison.34-239-117-254.plesk.page\\\/?p=175#breadcrumb\"},\"inLanguage\":\"pt-BR\",\"potentialAction\":[{\"@type\":\"ReadAction\",\"target\":[\"https:\\\/\\\/www.eloquent-edison.34-239-117-254.plesk.page\\\/?p=175\"]}]},{\"@type\":\"BreadcrumbList\",\"@id\":\"https:\\\/\\\/www.eloquent-edison.34-239-117-254.plesk.page\\\/?p=175#breadcrumb\",\"itemListElement\":[{\"@type\":\"ListItem\",\"position\":1,\"name\":\"In\u00edcio\",\"item\":\"https:\\\/\\\/www.34.239.117.254.sslip.io\\\/\"},{\"@type\":\"ListItem\",\"position\":2,\"name\":\"TRF definir\u00e1 qual ICMS deve ser exclu\u00eddo da CPRBs\"}]},{\"@type\":\"WebSite\",\"@id\":\"https:\\\/\\\/www.34.239.117.254.sslip.io\\\/#website\",\"url\":\"https:\\\/\\\/www.34.239.117.254.sslip.io\\\/\",\"name\":\"Amaral, Yazbek Advogados\",\"description\":\"Curitiba \u2022 Bras\u00edlia \u2022 S\u00e3o Paulo\",\"publisher\":{\"@id\":\"https:\\\/\\\/www.34.239.117.254.sslip.io\\\/#organization\"},\"potentialAction\":[{\"@type\":\"SearchAction\",\"target\":{\"@type\":\"EntryPoint\",\"urlTemplate\":\"https:\\\/\\\/www.34.239.117.254.sslip.io\\\/?s={search_term_string}\"},\"query-input\":{\"@type\":\"PropertyValueSpecification\",\"valueRequired\":true,\"valueName\":\"search_term_string\"}}],\"inLanguage\":\"pt-BR\"},{\"@type\":\"Organization\",\"@id\":\"https:\\\/\\\/www.34.239.117.254.sslip.io\\\/#organization\",\"name\":\"Amaral, Yazbek Advogados\",\"url\":\"https:\\\/\\\/www.34.239.117.254.sslip.io\\\/\",\"logo\":{\"@type\":\"ImageObject\",\"inLanguage\":\"pt-BR\",\"@id\":\"https:\\\/\\\/www.34.239.117.254.sslip.io\\\/#\\\/schema\\\/logo\\\/image\\\/\",\"url\":\"http:\\\/\\\/34.239.117.254\\\/wp-content\\\/uploads\\\/2021\\\/03\\\/logo-ay-g.png\",\"contentUrl\":\"http:\\\/\\\/34.239.117.254\\\/wp-content\\\/uploads\\\/2021\\\/03\\\/logo-ay-g.png\",\"width\":434,\"height\":106,\"caption\":\"Amaral, Yazbek Advogados\"},\"image\":{\"@id\":\"https:\\\/\\\/www.34.239.117.254.sslip.io\\\/#\\\/schema\\\/logo\\\/image\\\/\"},\"sameAs\":[\"https:\\\/\\\/www.facebook.com\\\/AYadvogados\",\"https:\\\/\\\/www.instagram.com\\\/ayadvogados\\\/\"]},{\"@type\":\"Person\",\"@id\":\"https:\\\/\\\/www.34.239.117.254.sslip.io\\\/#\\\/schema\\\/person\\\/6b9165a58758b048b8ea5a4fbd4ec3c4\",\"name\":\"Infra\",\"image\":{\"@type\":\"ImageObject\",\"inLanguage\":\"pt-BR\",\"@id\":\"https:\\\/\\\/secure.gravatar.com\\\/avatar\\\/60bf67293e186b9c834e31753dcc586dfcedb661d13b6b9ba29ac991ccafc035?s=96&d=mm&r=g\",\"url\":\"https:\\\/\\\/secure.gravatar.com\\\/avatar\\\/60bf67293e186b9c834e31753dcc586dfcedb661d13b6b9ba29ac991ccafc035?s=96&d=mm&r=g\",\"contentUrl\":\"https:\\\/\\\/secure.gravatar.com\\\/avatar\\\/60bf67293e186b9c834e31753dcc586dfcedb661d13b6b9ba29ac991ccafc035?s=96&d=mm&r=g\",\"caption\":\"Infra\"},\"url\":\"https:\\\/\\\/www.ayadvogados.com.br\\\/?author=3\"}]}<\/script>\n<!-- \/ Yoast SEO plugin. -->","yoast_head_json":{"title":"TRF definir\u00e1 qual ICMS deve ser exclu\u00eddo da CPRBs - Amaral, Yazbek Advogados","robots":{"index":"index","follow":"follow","max-snippet":"max-snippet:-1","max-image-preview":"max-image-preview:large","max-video-preview":"max-video-preview:-1"},"canonical":"https:\/\/www.eloquent-edison.34-239-117-254.plesk.page\/?p=175","og_locale":"pt_BR","og_type":"article","og_title":"TRF definir\u00e1 qual ICMS deve ser exclu\u00eddo da CPRBs - Amaral, Yazbek Advogados","og_description":"A Corte Especial do Tribunal Regional Federal (TRF) da 4\u00aa Regi\u00e3o, que abrange a regi\u00e3o Sul, poder\u00e1 definir neste ano qual ICMS deve ser exclu\u00eddo do c\u00e1lculo da Contribui\u00e7\u00e3o Previdenci\u00e1ria sobre a Receita Bruta (CPRB): o efetivamente pago ou o destacado na nota fiscal. A quest\u00e3o \u00e9 analisada por meio de incidente de argui\u00e7\u00e3o de [&hellip;]","og_url":"https:\/\/www.eloquent-edison.34-239-117-254.plesk.page\/?p=175","og_site_name":"Amaral, Yazbek Advogados","article_publisher":"https:\/\/www.facebook.com\/AYadvogados","article_published_time":"2021-01-12T12:43:00+00:00","article_modified_time":"2021-02-26T12:44:10+00:00","author":"Infra","twitter_card":"summary_large_image","twitter_misc":{"Escrito por":"Infra","Est. tempo de leitura":"4 minutos"},"schema":{"@context":"https:\/\/schema.org","@graph":[{"@type":"Article","@id":"https:\/\/www.eloquent-edison.34-239-117-254.plesk.page\/?p=175#article","isPartOf":{"@id":"https:\/\/www.eloquent-edison.34-239-117-254.plesk.page\/?p=175"},"author":{"name":"Infra","@id":"https:\/\/www.34.239.117.254.sslip.io\/#\/schema\/person\/6b9165a58758b048b8ea5a4fbd4ec3c4"},"headline":"TRF definir\u00e1 qual ICMS deve ser exclu\u00eddo da CPRBs","datePublished":"2021-01-12T12:43:00+00:00","dateModified":"2021-02-26T12:44:10+00:00","mainEntityOfPage":{"@id":"https:\/\/www.eloquent-edison.34-239-117-254.plesk.page\/?p=175"},"wordCount":714,"commentCount":0,"publisher":{"@id":"https:\/\/www.34.239.117.254.sslip.io\/#organization"},"articleSection":["Not\u00edcia do Dia"],"inLanguage":"pt-BR","potentialAction":[{"@type":"CommentAction","name":"Comment","target":["https:\/\/www.eloquent-edison.34-239-117-254.plesk.page\/?p=175#respond"]}]},{"@type":"WebPage","@id":"https:\/\/www.eloquent-edison.34-239-117-254.plesk.page\/?p=175","url":"https:\/\/www.eloquent-edison.34-239-117-254.plesk.page\/?p=175","name":"TRF definir\u00e1 qual ICMS deve ser exclu\u00eddo da CPRBs - Amaral, Yazbek Advogados","isPartOf":{"@id":"https:\/\/www.34.239.117.254.sslip.io\/#website"},"datePublished":"2021-01-12T12:43:00+00:00","dateModified":"2021-02-26T12:44:10+00:00","breadcrumb":{"@id":"https:\/\/www.eloquent-edison.34-239-117-254.plesk.page\/?p=175#breadcrumb"},"inLanguage":"pt-BR","potentialAction":[{"@type":"ReadAction","target":["https:\/\/www.eloquent-edison.34-239-117-254.plesk.page\/?p=175"]}]},{"@type":"BreadcrumbList","@id":"https:\/\/www.eloquent-edison.34-239-117-254.plesk.page\/?p=175#breadcrumb","itemListElement":[{"@type":"ListItem","position":1,"name":"In\u00edcio","item":"https:\/\/www.34.239.117.254.sslip.io\/"},{"@type":"ListItem","position":2,"name":"TRF definir\u00e1 qual ICMS deve ser exclu\u00eddo da CPRBs"}]},{"@type":"WebSite","@id":"https:\/\/www.34.239.117.254.sslip.io\/#website","url":"https:\/\/www.34.239.117.254.sslip.io\/","name":"Amaral, Yazbek Advogados","description":"Curitiba \u2022 Bras\u00edlia \u2022 S\u00e3o Paulo","publisher":{"@id":"https:\/\/www.34.239.117.254.sslip.io\/#organization"},"potentialAction":[{"@type":"SearchAction","target":{"@type":"EntryPoint","urlTemplate":"https:\/\/www.34.239.117.254.sslip.io\/?s={search_term_string}"},"query-input":{"@type":"PropertyValueSpecification","valueRequired":true,"valueName":"search_term_string"}}],"inLanguage":"pt-BR"},{"@type":"Organization","@id":"https:\/\/www.34.239.117.254.sslip.io\/#organization","name":"Amaral, Yazbek Advogados","url":"https:\/\/www.34.239.117.254.sslip.io\/","logo":{"@type":"ImageObject","inLanguage":"pt-BR","@id":"https:\/\/www.34.239.117.254.sslip.io\/#\/schema\/logo\/image\/","url":"http:\/\/34.239.117.254\/wp-content\/uploads\/2021\/03\/logo-ay-g.png","contentUrl":"http:\/\/34.239.117.254\/wp-content\/uploads\/2021\/03\/logo-ay-g.png","width":434,"height":106,"caption":"Amaral, Yazbek Advogados"},"image":{"@id":"https:\/\/www.34.239.117.254.sslip.io\/#\/schema\/logo\/image\/"},"sameAs":["https:\/\/www.facebook.com\/AYadvogados","https:\/\/www.instagram.com\/ayadvogados\/"]},{"@type":"Person","@id":"https:\/\/www.34.239.117.254.sslip.io\/#\/schema\/person\/6b9165a58758b048b8ea5a4fbd4ec3c4","name":"Infra","image":{"@type":"ImageObject","inLanguage":"pt-BR","@id":"https:\/\/secure.gravatar.com\/avatar\/60bf67293e186b9c834e31753dcc586dfcedb661d13b6b9ba29ac991ccafc035?s=96&d=mm&r=g","url":"https:\/\/secure.gravatar.com\/avatar\/60bf67293e186b9c834e31753dcc586dfcedb661d13b6b9ba29ac991ccafc035?s=96&d=mm&r=g","contentUrl":"https:\/\/secure.gravatar.com\/avatar\/60bf67293e186b9c834e31753dcc586dfcedb661d13b6b9ba29ac991ccafc035?s=96&d=mm&r=g","caption":"Infra"},"url":"https:\/\/www.ayadvogados.com.br\/?author=3"}]}},"rttpg_featured_image_url":null,"rttpg_author":{"display_name":"Infra","author_link":"https:\/\/www.ayadvogados.com.br\/?author=3"},"rttpg_comment":0,"rttpg_category":"<a href=\"https:\/\/www.ayadvogados.com.br\/?cat=1\" rel=\"category\">Not\u00edcia do Dia<\/a>","rttpg_excerpt":"A Corte Especial do Tribunal Regional Federal (TRF) da 4\u00aa Regi\u00e3o, que abrange a regi\u00e3o Sul, poder\u00e1 definir neste ano qual ICMS deve ser exclu\u00eddo do c\u00e1lculo da Contribui\u00e7\u00e3o Previdenci\u00e1ria sobre a Receita Bruta (CPRB): o efetivamente pago ou o destacado na nota fiscal. A quest\u00e3o \u00e9 analisada por meio de incidente de argui\u00e7\u00e3o de&hellip;","_links":{"self":[{"href":"https:\/\/www.ayadvogados.com.br\/index.php?rest_route=\/wp\/v2\/posts\/175","targetHints":{"allow":["GET"]}}],"collection":[{"href":"https:\/\/www.ayadvogados.com.br\/index.php?rest_route=\/wp\/v2\/posts"}],"about":[{"href":"https:\/\/www.ayadvogados.com.br\/index.php?rest_route=\/wp\/v2\/types\/post"}],"author":[{"embeddable":true,"href":"https:\/\/www.ayadvogados.com.br\/index.php?rest_route=\/wp\/v2\/users\/3"}],"replies":[{"embeddable":true,"href":"https:\/\/www.ayadvogados.com.br\/index.php?rest_route=%2Fwp%2Fv2%2Fcomments&post=175"}],"version-history":[{"count":1,"href":"https:\/\/www.ayadvogados.com.br\/index.php?rest_route=\/wp\/v2\/posts\/175\/revisions"}],"predecessor-version":[{"id":176,"href":"https:\/\/www.ayadvogados.com.br\/index.php?rest_route=\/wp\/v2\/posts\/175\/revisions\/176"}],"wp:attachment":[{"href":"https:\/\/www.ayadvogados.com.br\/index.php?rest_route=%2Fwp%2Fv2%2Fmedia&parent=175"}],"wp:term":[{"taxonomy":"category","embeddable":true,"href":"https:\/\/www.ayadvogados.com.br\/index.php?rest_route=%2Fwp%2Fv2%2Fcategories&post=175"},{"taxonomy":"post_tag","embeddable":true,"href":"https:\/\/www.ayadvogados.com.br\/index.php?rest_route=%2Fwp%2Fv2%2Ftags&post=175"}],"curies":[{"name":"wp","href":"https:\/\/api.w.org\/{rel}","templated":true}]}}