{"id":1711,"date":"2021-10-22T18:54:48","date_gmt":"2021-10-22T21:54:48","guid":{"rendered":"http:\/\/34.239.117.254\/?p=1711"},"modified":"2021-10-22T18:54:48","modified_gmt":"2021-10-22T21:54:48","slug":"o-processo-de-execucao-e-o-seu-procedimento","status":"publish","type":"post","link":"https:\/\/www.ayadvogados.com.br\/?p=1711","title":{"rendered":"O processo de execu\u00e7\u00e3o e o seu procedimento"},"content":{"rendered":"\n<p>A Fazenda P\u00fablica por meio do Poder Judici\u00e1rio, diariamente, executa d\u00edvidas fiscais de devedores que sequer sabiam da exist\u00eancia da d\u00edvida. No caso de empresas, a execu\u00e7\u00e3o pode levar ao bloqueio de contas e a penhora de bens prejudicando a continuidade da atividade empresarial.&nbsp;&nbsp;<\/p>\n\n\n\n<p>O processo de execu\u00e7\u00e3o fiscal \u00e9 uma a\u00e7\u00e3o judicial para cobrar d\u00edvidas ativas dos devedores que podem ser tanto pessoas f\u00edsicas quanto pessoas jur\u00eddicas.&nbsp;A d\u00edvida ativa \u00e9 o termo t\u00e9cnico utilizado para definir qualquer encargo ou valor que se deve ao governo. S\u00e3o exemplos de d\u00edvida ativa: impostos, contribui\u00e7\u00f5es, taxas, multas, indeniza\u00e7\u00f5es, entre outros. Portanto, a d\u00edvida ativa pode ser de natureza tribut\u00e1ria ou&nbsp;n\u00e3o tribut\u00e1ria.&nbsp;&nbsp;<\/p>\n\n\n\n<p>Quando o ente tributante percebe a exist\u00eancia de um d\u00e9bito pelo contribuinte, \u00e9 gerado um t\u00edtulo executivo nomeado de certid\u00e3o de d\u00edvida ativa. A certid\u00e3o serve para provar a exist\u00eancia da d\u00edvida e para subsidiar o ajuizamento da execu\u00e7\u00e3o fiscal.&nbsp;&nbsp;<\/p>\n\n\n\n<p>Em algumas situa\u00e7\u00f5es, a Lei de Execu\u00e7\u00e3o Fiscal se mostra omissa, ent\u00e3o, nos casos n\u00e3o regulamentados pela Lei,&nbsp;aplica-se subsidiariamente&nbsp;o C\u00f3digo de Processo Civil.&nbsp;&nbsp;<\/p>\n\n\n\n<p>O in\u00edcio da Execu\u00e7\u00e3o Fiscal ocorre com o protocolo e distribui\u00e7\u00e3o da peti\u00e7\u00e3o inicial junto com a certid\u00e3o de d\u00edvida ativa.\u00a0O pr\u00f3ximo passo \u00e9 o despacho do juiz com a cita\u00e7\u00e3o. A cita\u00e7\u00e3o \u00e9 a respons\u00e1vel por dar ci\u00eancia a pessoa f\u00edsica ou jur\u00eddica sobre a exist\u00eancia da a\u00e7\u00e3o.\u00a0Nesse momento \u00e9 necess\u00e1rio que seja procurado um advogado tributarista, pois \u00e9 o profissional que poder\u00e1 providenciar a melhor estrat\u00e9gia de defesa.\u00a0\u00a0<\/p>\n\n\n\n<p>Quer saber mais sobre o assunto? N\u00e3o deixe de escutar o epis\u00f3dio do\u00a0DINCast\u00a0de hoje:<\/p>\n\n\n\n<figure class=\"wp-block-embed is-type-rich is-provider-spotify wp-block-embed-spotify wp-embed-aspect-21-9 wp-has-aspect-ratio\"><div class=\"wp-block-embed__wrapper\">\n<iframe title=\"Spotify Embed: O processo de execu\u00e7\u00e3o e o seu procedimento \" width=\"100%\" height=\"152\" frameborder=\"0\" allowfullscreen allow=\"autoplay; clipboard-write; encrypted-media; fullscreen; picture-in-picture\" src=\"https:\/\/open.spotify.com\/embed\/episode\/6483KP6lbuFA7Q6ph6NpSg?si=Hn0PjklNSICgJo0-BpmctA&#038;utm_source=oembed\"><\/iframe>\n<\/div><\/figure>\n\n\n\n<hr class=\"wp-block-separator has-text-color has-background has-palette-color-1-background-color has-palette-color-1-color is-style-dots\"\/>\n\n\n\n<div class=\"wp-block-group has-palette-color-6-background-color has-background is-layout-flow wp-block-group-is-layout-flow\">\n<p style=\"font-size:0.8em\">A Amaral,\u00a0Yazbek, OAB\/PR 762, possui 36 anos de experi\u00eancia auxiliando empresas a transformar a tributa\u00e7\u00e3o em lucro. Entre em contato com um dos s\u00f3cios para agendamento de reuni\u00e3o em caso de d\u00favidas.\u00a0\u00a0\u00a0<\/p>\n\n\n\n<p style=\"font-size:0.8em\">Contato: 41 3595-8300 ou pelo nosso WhatsApp 41 99567-5696\u00a0\u00a0\u00a0<\/p>\n\n\n\n<p style=\"font-size:0.8em\">Av. C\u00e2ndido Hartmann, 50 \u2013\u00a0Bigorrilho\u00a0| Curitiba-PR\u00a0\u00a0\u00a0<\/p>\n\n\n\n<p style=\"font-size:0.8em\">Assine nossa <a href=\"http:\/\/ayadvogados.com.br\/contato\/\">Newsletter<\/a> e fique por dentro das novidades!\u00a0\u00a0\u00a0<\/p>\n\n\n\n<p style=\"font-size:0.8em\">Quer receber seu exemplar da revista Governan\u00e7a Jur\u00eddica? <a href=\"http:\/\/ayadvogados.com.br\/revista\/\" data-type=\"page\" data-id=\"68\">Clique\u00a0aqui\u00a0e pe\u00e7a a sua<\/a>.\u00a0\u00a0\u00a0<\/p>\n\n\n\n<p style=\"font-size:0.8em\">Nos acompanhe nas redes sociais:\u00a0<a href=\"https:\/\/www.facebook.com\/AYadvogados\">Facebook<\/a>\u00a0|\u00a0<a href=\"https:\/\/www.instagram.com\/ayadvogados\/\">Instagram<\/a>\u00a0|\u00a0<a href=\"https:\/\/www.linkedin.com\/company\/amaral-yazbek-advogados\">Linkedin<\/a>\u00a0<\/p>\n\n\n\n<p style=\"font-size:0.8em\">J\u00e1 conhece o canal Direito da Intelig\u00eancia de Neg\u00f3cios?\u00a0<a href=\"https:\/\/www.youtube.com\/channel\/UCu2Mpu32ht8DEN8OFRXYMyw\">Inscreva-se j\u00e1<\/a><\/p>\n<\/div>\n","protected":false},"excerpt":{"rendered":"<p>A Fazenda P\u00fablica por meio do Poder Judici\u00e1rio, diariamente, executa d\u00edvidas fiscais de devedores que sequer sabiam da exist\u00eancia da d\u00edvida. No caso de empresas, a execu\u00e7\u00e3o pode levar ao bloqueio de contas e a penhora de bens prejudicando a continuidade da atividade empresarial.&nbsp;&nbsp; O processo de execu\u00e7\u00e3o fiscal \u00e9 uma a\u00e7\u00e3o judicial para cobrar [&hellip;]<\/p>\n","protected":false},"author":3,"featured_media":1712,"comment_status":"open","ping_status":"open","sticky":false,"template":"","format":"standard","meta":{"footnotes":""},"categories":[5],"tags":[],"class_list":["post-1711","post","type-post","status-publish","format-standard","has-post-thumbnail","hentry","category-dincast"],"blocksy_meta":{"styles_descriptor":{"styles":{"desktop":"","tablet":"","mobile":""},"google_fonts":[],"version":6}},"yoast_head":"<!-- This site is optimized with the Yoast SEO plugin v27.5 - https:\/\/yoast.com\/product\/yoast-seo-wordpress\/ -->\n<title>O processo de execu\u00e7\u00e3o e o seu procedimento - Amaral, Yazbek Advogados<\/title>\n<meta name=\"robots\" content=\"index, follow, max-snippet:-1, max-image-preview:large, max-video-preview:-1\" \/>\n<link rel=\"canonical\" href=\"https:\/\/www.34.239.117.254.nip.io\/?p=1711\" \/>\n<meta property=\"og:locale\" content=\"pt_BR\" \/>\n<meta property=\"og:type\" content=\"article\" \/>\n<meta property=\"og:title\" content=\"O processo de execu\u00e7\u00e3o e o seu procedimento - Amaral, Yazbek Advogados\" \/>\n<meta property=\"og:description\" content=\"A Fazenda P\u00fablica por meio do Poder Judici\u00e1rio, diariamente, executa d\u00edvidas fiscais de devedores que sequer sabiam da exist\u00eancia da d\u00edvida. No caso de empresas, a execu\u00e7\u00e3o pode levar ao bloqueio de contas e a penhora de bens prejudicando a continuidade da atividade empresarial.&nbsp;&nbsp; O processo de execu\u00e7\u00e3o fiscal \u00e9 uma a\u00e7\u00e3o judicial para cobrar [&hellip;]\" \/>\n<meta property=\"og:url\" content=\"https:\/\/www.34.239.117.254.nip.io\/?p=1711\" \/>\n<meta property=\"og:site_name\" content=\"Amaral, Yazbek Advogados\" \/>\n<meta property=\"article:publisher\" content=\"https:\/\/www.facebook.com\/AYadvogados\" \/>\n<meta property=\"article:published_time\" content=\"2021-10-22T21:54:48+00:00\" \/>\n<meta property=\"og:image\" content=\"https:\/\/www.34.239.117.254.nip.io\/wp-content\/uploads\/2021\/10\/CAPA-Plataforma-18-ep.png\" \/>\n\t<meta property=\"og:image:width\" content=\"1080\" \/>\n\t<meta property=\"og:image:height\" content=\"1080\" \/>\n\t<meta property=\"og:image:type\" content=\"image\/png\" \/>\n<meta name=\"author\" content=\"Infra\" \/>\n<meta name=\"twitter:card\" content=\"summary_large_image\" \/>\n<meta name=\"twitter:label1\" content=\"Escrito por\" \/>\n\t<meta name=\"twitter:data1\" content=\"Infra\" \/>\n\t<meta name=\"twitter:label2\" content=\"Est. tempo de leitura\" \/>\n\t<meta name=\"twitter:data2\" content=\"2 minutos\" \/>\n<script type=\"application\/ld+json\" class=\"yoast-schema-graph\">{\"@context\":\"https:\\\/\\\/schema.org\",\"@graph\":[{\"@type\":\"Article\",\"@id\":\"https:\\\/\\\/www.34.239.117.254.nip.io\\\/?p=1711#article\",\"isPartOf\":{\"@id\":\"https:\\\/\\\/www.34.239.117.254.nip.io\\\/?p=1711\"},\"author\":{\"name\":\"Infra\",\"@id\":\"https:\\\/\\\/www.34.239.117.254.sslip.io\\\/#\\\/schema\\\/person\\\/6b9165a58758b048b8ea5a4fbd4ec3c4\"},\"headline\":\"O processo de execu\u00e7\u00e3o e o seu procedimento\",\"datePublished\":\"2021-10-22T21:54:48+00:00\",\"mainEntityOfPage\":{\"@id\":\"https:\\\/\\\/www.34.239.117.254.nip.io\\\/?p=1711\"},\"wordCount\":346,\"commentCount\":0,\"publisher\":{\"@id\":\"https:\\\/\\\/www.34.239.117.254.sslip.io\\\/#organization\"},\"image\":{\"@id\":\"https:\\\/\\\/www.34.239.117.254.nip.io\\\/?p=1711#primaryimage\"},\"thumbnailUrl\":\"https:\\\/\\\/www.ayadvogados.com.br\\\/wp-content\\\/uploads\\\/2021\\\/10\\\/CAPA-Plataforma-18-ep.png\",\"articleSection\":[\"DINCast\"],\"inLanguage\":\"pt-BR\",\"potentialAction\":[{\"@type\":\"CommentAction\",\"name\":\"Comment\",\"target\":[\"https:\\\/\\\/www.34.239.117.254.nip.io\\\/?p=1711#respond\"]}]},{\"@type\":\"WebPage\",\"@id\":\"https:\\\/\\\/www.34.239.117.254.nip.io\\\/?p=1711\",\"url\":\"https:\\\/\\\/www.34.239.117.254.nip.io\\\/?p=1711\",\"name\":\"O processo de execu\u00e7\u00e3o e o seu procedimento - Amaral, Yazbek Advogados\",\"isPartOf\":{\"@id\":\"https:\\\/\\\/www.34.239.117.254.sslip.io\\\/#website\"},\"primaryImageOfPage\":{\"@id\":\"https:\\\/\\\/www.34.239.117.254.nip.io\\\/?p=1711#primaryimage\"},\"image\":{\"@id\":\"https:\\\/\\\/www.34.239.117.254.nip.io\\\/?p=1711#primaryimage\"},\"thumbnailUrl\":\"https:\\\/\\\/www.ayadvogados.com.br\\\/wp-content\\\/uploads\\\/2021\\\/10\\\/CAPA-Plataforma-18-ep.png\",\"datePublished\":\"2021-10-22T21:54:48+00:00\",\"breadcrumb\":{\"@id\":\"https:\\\/\\\/www.34.239.117.254.nip.io\\\/?p=1711#breadcrumb\"},\"inLanguage\":\"pt-BR\",\"potentialAction\":[{\"@type\":\"ReadAction\",\"target\":[\"https:\\\/\\\/www.34.239.117.254.nip.io\\\/?p=1711\"]}]},{\"@type\":\"ImageObject\",\"inLanguage\":\"pt-BR\",\"@id\":\"https:\\\/\\\/www.34.239.117.254.nip.io\\\/?p=1711#primaryimage\",\"url\":\"https:\\\/\\\/www.ayadvogados.com.br\\\/wp-content\\\/uploads\\\/2021\\\/10\\\/CAPA-Plataforma-18-ep.png\",\"contentUrl\":\"https:\\\/\\\/www.ayadvogados.com.br\\\/wp-content\\\/uploads\\\/2021\\\/10\\\/CAPA-Plataforma-18-ep.png\",\"width\":1080,\"height\":1080},{\"@type\":\"BreadcrumbList\",\"@id\":\"https:\\\/\\\/www.34.239.117.254.nip.io\\\/?p=1711#breadcrumb\",\"itemListElement\":[{\"@type\":\"ListItem\",\"position\":1,\"name\":\"In\u00edcio\",\"item\":\"https:\\\/\\\/www.34.239.117.254.sslip.io\\\/\"},{\"@type\":\"ListItem\",\"position\":2,\"name\":\"O processo de execu\u00e7\u00e3o e o seu procedimento\"}]},{\"@type\":\"WebSite\",\"@id\":\"https:\\\/\\\/www.34.239.117.254.sslip.io\\\/#website\",\"url\":\"https:\\\/\\\/www.34.239.117.254.sslip.io\\\/\",\"name\":\"Amaral, Yazbek Advogados\",\"description\":\"Curitiba \u2022 Bras\u00edlia \u2022 S\u00e3o Paulo\",\"publisher\":{\"@id\":\"https:\\\/\\\/www.34.239.117.254.sslip.io\\\/#organization\"},\"potentialAction\":[{\"@type\":\"SearchAction\",\"target\":{\"@type\":\"EntryPoint\",\"urlTemplate\":\"https:\\\/\\\/www.34.239.117.254.sslip.io\\\/?s={search_term_string}\"},\"query-input\":{\"@type\":\"PropertyValueSpecification\",\"valueRequired\":true,\"valueName\":\"search_term_string\"}}],\"inLanguage\":\"pt-BR\"},{\"@type\":\"Organization\",\"@id\":\"https:\\\/\\\/www.34.239.117.254.sslip.io\\\/#organization\",\"name\":\"Amaral, Yazbek Advogados\",\"url\":\"https:\\\/\\\/www.34.239.117.254.sslip.io\\\/\",\"logo\":{\"@type\":\"ImageObject\",\"inLanguage\":\"pt-BR\",\"@id\":\"https:\\\/\\\/www.34.239.117.254.sslip.io\\\/#\\\/schema\\\/logo\\\/image\\\/\",\"url\":\"http:\\\/\\\/34.239.117.254\\\/wp-content\\\/uploads\\\/2021\\\/03\\\/logo-ay-g.png\",\"contentUrl\":\"http:\\\/\\\/34.239.117.254\\\/wp-content\\\/uploads\\\/2021\\\/03\\\/logo-ay-g.png\",\"width\":434,\"height\":106,\"caption\":\"Amaral, Yazbek Advogados\"},\"image\":{\"@id\":\"https:\\\/\\\/www.34.239.117.254.sslip.io\\\/#\\\/schema\\\/logo\\\/image\\\/\"},\"sameAs\":[\"https:\\\/\\\/www.facebook.com\\\/AYadvogados\",\"https:\\\/\\\/www.instagram.com\\\/ayadvogados\\\/\"]},{\"@type\":\"Person\",\"@id\":\"https:\\\/\\\/www.34.239.117.254.sslip.io\\\/#\\\/schema\\\/person\\\/6b9165a58758b048b8ea5a4fbd4ec3c4\",\"name\":\"Infra\",\"image\":{\"@type\":\"ImageObject\",\"inLanguage\":\"pt-BR\",\"@id\":\"https:\\\/\\\/secure.gravatar.com\\\/avatar\\\/60bf67293e186b9c834e31753dcc586dfcedb661d13b6b9ba29ac991ccafc035?s=96&d=mm&r=g\",\"url\":\"https:\\\/\\\/secure.gravatar.com\\\/avatar\\\/60bf67293e186b9c834e31753dcc586dfcedb661d13b6b9ba29ac991ccafc035?s=96&d=mm&r=g\",\"contentUrl\":\"https:\\\/\\\/secure.gravatar.com\\\/avatar\\\/60bf67293e186b9c834e31753dcc586dfcedb661d13b6b9ba29ac991ccafc035?s=96&d=mm&r=g\",\"caption\":\"Infra\"},\"url\":\"https:\\\/\\\/www.ayadvogados.com.br\\\/?author=3\"}]}<\/script>\n<!-- \/ Yoast SEO plugin. -->","yoast_head_json":{"title":"O processo de execu\u00e7\u00e3o e o seu procedimento - Amaral, Yazbek Advogados","robots":{"index":"index","follow":"follow","max-snippet":"max-snippet:-1","max-image-preview":"max-image-preview:large","max-video-preview":"max-video-preview:-1"},"canonical":"https:\/\/www.34.239.117.254.nip.io\/?p=1711","og_locale":"pt_BR","og_type":"article","og_title":"O processo de execu\u00e7\u00e3o e o seu procedimento - Amaral, Yazbek Advogados","og_description":"A Fazenda P\u00fablica por meio do Poder Judici\u00e1rio, diariamente, executa d\u00edvidas fiscais de devedores que sequer sabiam da exist\u00eancia da d\u00edvida. No caso de empresas, a execu\u00e7\u00e3o pode levar ao bloqueio de contas e a penhora de bens prejudicando a continuidade da atividade empresarial.&nbsp;&nbsp; O processo de execu\u00e7\u00e3o fiscal \u00e9 uma a\u00e7\u00e3o judicial para cobrar [&hellip;]","og_url":"https:\/\/www.34.239.117.254.nip.io\/?p=1711","og_site_name":"Amaral, Yazbek Advogados","article_publisher":"https:\/\/www.facebook.com\/AYadvogados","article_published_time":"2021-10-22T21:54:48+00:00","og_image":[{"width":1080,"height":1080,"url":"https:\/\/www.34.239.117.254.nip.io\/wp-content\/uploads\/2021\/10\/CAPA-Plataforma-18-ep.png","type":"image\/png"}],"author":"Infra","twitter_card":"summary_large_image","twitter_misc":{"Escrito por":"Infra","Est. tempo de leitura":"2 minutos"},"schema":{"@context":"https:\/\/schema.org","@graph":[{"@type":"Article","@id":"https:\/\/www.34.239.117.254.nip.io\/?p=1711#article","isPartOf":{"@id":"https:\/\/www.34.239.117.254.nip.io\/?p=1711"},"author":{"name":"Infra","@id":"https:\/\/www.34.239.117.254.sslip.io\/#\/schema\/person\/6b9165a58758b048b8ea5a4fbd4ec3c4"},"headline":"O processo de execu\u00e7\u00e3o e o seu procedimento","datePublished":"2021-10-22T21:54:48+00:00","mainEntityOfPage":{"@id":"https:\/\/www.34.239.117.254.nip.io\/?p=1711"},"wordCount":346,"commentCount":0,"publisher":{"@id":"https:\/\/www.34.239.117.254.sslip.io\/#organization"},"image":{"@id":"https:\/\/www.34.239.117.254.nip.io\/?p=1711#primaryimage"},"thumbnailUrl":"https:\/\/www.ayadvogados.com.br\/wp-content\/uploads\/2021\/10\/CAPA-Plataforma-18-ep.png","articleSection":["DINCast"],"inLanguage":"pt-BR","potentialAction":[{"@type":"CommentAction","name":"Comment","target":["https:\/\/www.34.239.117.254.nip.io\/?p=1711#respond"]}]},{"@type":"WebPage","@id":"https:\/\/www.34.239.117.254.nip.io\/?p=1711","url":"https:\/\/www.34.239.117.254.nip.io\/?p=1711","name":"O processo de execu\u00e7\u00e3o e o seu procedimento - Amaral, Yazbek Advogados","isPartOf":{"@id":"https:\/\/www.34.239.117.254.sslip.io\/#website"},"primaryImageOfPage":{"@id":"https:\/\/www.34.239.117.254.nip.io\/?p=1711#primaryimage"},"image":{"@id":"https:\/\/www.34.239.117.254.nip.io\/?p=1711#primaryimage"},"thumbnailUrl":"https:\/\/www.ayadvogados.com.br\/wp-content\/uploads\/2021\/10\/CAPA-Plataforma-18-ep.png","datePublished":"2021-10-22T21:54:48+00:00","breadcrumb":{"@id":"https:\/\/www.34.239.117.254.nip.io\/?p=1711#breadcrumb"},"inLanguage":"pt-BR","potentialAction":[{"@type":"ReadAction","target":["https:\/\/www.34.239.117.254.nip.io\/?p=1711"]}]},{"@type":"ImageObject","inLanguage":"pt-BR","@id":"https:\/\/www.34.239.117.254.nip.io\/?p=1711#primaryimage","url":"https:\/\/www.ayadvogados.com.br\/wp-content\/uploads\/2021\/10\/CAPA-Plataforma-18-ep.png","contentUrl":"https:\/\/www.ayadvogados.com.br\/wp-content\/uploads\/2021\/10\/CAPA-Plataforma-18-ep.png","width":1080,"height":1080},{"@type":"BreadcrumbList","@id":"https:\/\/www.34.239.117.254.nip.io\/?p=1711#breadcrumb","itemListElement":[{"@type":"ListItem","position":1,"name":"In\u00edcio","item":"https:\/\/www.34.239.117.254.sslip.io\/"},{"@type":"ListItem","position":2,"name":"O processo de execu\u00e7\u00e3o e o seu procedimento"}]},{"@type":"WebSite","@id":"https:\/\/www.34.239.117.254.sslip.io\/#website","url":"https:\/\/www.34.239.117.254.sslip.io\/","name":"Amaral, Yazbek Advogados","description":"Curitiba \u2022 Bras\u00edlia \u2022 S\u00e3o Paulo","publisher":{"@id":"https:\/\/www.34.239.117.254.sslip.io\/#organization"},"potentialAction":[{"@type":"SearchAction","target":{"@type":"EntryPoint","urlTemplate":"https:\/\/www.34.239.117.254.sslip.io\/?s={search_term_string}"},"query-input":{"@type":"PropertyValueSpecification","valueRequired":true,"valueName":"search_term_string"}}],"inLanguage":"pt-BR"},{"@type":"Organization","@id":"https:\/\/www.34.239.117.254.sslip.io\/#organization","name":"Amaral, Yazbek Advogados","url":"https:\/\/www.34.239.117.254.sslip.io\/","logo":{"@type":"ImageObject","inLanguage":"pt-BR","@id":"https:\/\/www.34.239.117.254.sslip.io\/#\/schema\/logo\/image\/","url":"http:\/\/34.239.117.254\/wp-content\/uploads\/2021\/03\/logo-ay-g.png","contentUrl":"http:\/\/34.239.117.254\/wp-content\/uploads\/2021\/03\/logo-ay-g.png","width":434,"height":106,"caption":"Amaral, Yazbek Advogados"},"image":{"@id":"https:\/\/www.34.239.117.254.sslip.io\/#\/schema\/logo\/image\/"},"sameAs":["https:\/\/www.facebook.com\/AYadvogados","https:\/\/www.instagram.com\/ayadvogados\/"]},{"@type":"Person","@id":"https:\/\/www.34.239.117.254.sslip.io\/#\/schema\/person\/6b9165a58758b048b8ea5a4fbd4ec3c4","name":"Infra","image":{"@type":"ImageObject","inLanguage":"pt-BR","@id":"https:\/\/secure.gravatar.com\/avatar\/60bf67293e186b9c834e31753dcc586dfcedb661d13b6b9ba29ac991ccafc035?s=96&d=mm&r=g","url":"https:\/\/secure.gravatar.com\/avatar\/60bf67293e186b9c834e31753dcc586dfcedb661d13b6b9ba29ac991ccafc035?s=96&d=mm&r=g","contentUrl":"https:\/\/secure.gravatar.com\/avatar\/60bf67293e186b9c834e31753dcc586dfcedb661d13b6b9ba29ac991ccafc035?s=96&d=mm&r=g","caption":"Infra"},"url":"https:\/\/www.ayadvogados.com.br\/?author=3"}]}},"rttpg_featured_image_url":{"full":["https:\/\/www.ayadvogados.com.br\/wp-content\/uploads\/2021\/10\/CAPA-Plataforma-18-ep.png",1080,1080,false],"landscape":["https:\/\/www.ayadvogados.com.br\/wp-content\/uploads\/2021\/10\/CAPA-Plataforma-18-ep.png",1080,1080,false],"portraits":["https:\/\/www.ayadvogados.com.br\/wp-content\/uploads\/2021\/10\/CAPA-Plataforma-18-ep.png",1080,1080,false],"thumbnail":["https:\/\/www.ayadvogados.com.br\/wp-content\/uploads\/2021\/10\/CAPA-Plataforma-18-ep-150x150.png",150,150,true],"medium":["https:\/\/www.ayadvogados.com.br\/wp-content\/uploads\/2021\/10\/CAPA-Plataforma-18-ep-300x300.png",300,300,true],"large":["https:\/\/www.ayadvogados.com.br\/wp-content\/uploads\/2021\/10\/CAPA-Plataforma-18-ep-1024x1024.png",1024,1024,true],"1536x1536":["https:\/\/www.ayadvogados.com.br\/wp-content\/uploads\/2021\/10\/CAPA-Plataforma-18-ep.png",1080,1080,false],"2048x2048":["https:\/\/www.ayadvogados.com.br\/wp-content\/uploads\/2021\/10\/CAPA-Plataforma-18-ep.png",1080,1080,false]},"rttpg_author":{"display_name":"Infra","author_link":"https:\/\/www.ayadvogados.com.br\/?author=3"},"rttpg_comment":0,"rttpg_category":"<a href=\"https:\/\/www.ayadvogados.com.br\/?cat=5\" rel=\"category\">DINCast<\/a>","rttpg_excerpt":"A Fazenda P\u00fablica por meio do Poder Judici\u00e1rio, diariamente, executa d\u00edvidas fiscais de devedores que sequer sabiam da exist\u00eancia da d\u00edvida. No caso de empresas, a execu\u00e7\u00e3o pode levar ao bloqueio de contas e a penhora de bens prejudicando a continuidade da atividade empresarial.&nbsp;&nbsp; O processo de execu\u00e7\u00e3o fiscal \u00e9 uma a\u00e7\u00e3o judicial para cobrar&hellip;","_links":{"self":[{"href":"https:\/\/www.ayadvogados.com.br\/index.php?rest_route=\/wp\/v2\/posts\/1711","targetHints":{"allow":["GET"]}}],"collection":[{"href":"https:\/\/www.ayadvogados.com.br\/index.php?rest_route=\/wp\/v2\/posts"}],"about":[{"href":"https:\/\/www.ayadvogados.com.br\/index.php?rest_route=\/wp\/v2\/types\/post"}],"author":[{"embeddable":true,"href":"https:\/\/www.ayadvogados.com.br\/index.php?rest_route=\/wp\/v2\/users\/3"}],"replies":[{"embeddable":true,"href":"https:\/\/www.ayadvogados.com.br\/index.php?rest_route=%2Fwp%2Fv2%2Fcomments&post=1711"}],"version-history":[{"count":1,"href":"https:\/\/www.ayadvogados.com.br\/index.php?rest_route=\/wp\/v2\/posts\/1711\/revisions"}],"predecessor-version":[{"id":1713,"href":"https:\/\/www.ayadvogados.com.br\/index.php?rest_route=\/wp\/v2\/posts\/1711\/revisions\/1713"}],"wp:featuredmedia":[{"embeddable":true,"href":"https:\/\/www.ayadvogados.com.br\/index.php?rest_route=\/wp\/v2\/media\/1712"}],"wp:attachment":[{"href":"https:\/\/www.ayadvogados.com.br\/index.php?rest_route=%2Fwp%2Fv2%2Fmedia&parent=1711"}],"wp:term":[{"taxonomy":"category","embeddable":true,"href":"https:\/\/www.ayadvogados.com.br\/index.php?rest_route=%2Fwp%2Fv2%2Fcategories&post=1711"},{"taxonomy":"post_tag","embeddable":true,"href":"https:\/\/www.ayadvogados.com.br\/index.php?rest_route=%2Fwp%2Fv2%2Ftags&post=1711"}],"curies":[{"name":"wp","href":"https:\/\/api.w.org\/{rel}","templated":true}]}}