{"id":171,"date":"2021-01-14T09:42:00","date_gmt":"2021-01-14T12:42:00","guid":{"rendered":"http:\/\/34.239.117.254\/?p=171"},"modified":"2021-02-26T09:42:54","modified_gmt":"2021-02-26T12:42:54","slug":"contribuinte-teme-derrota-em-recurso-da-fazenda-sobre-exclusao-do-icms","status":"publish","type":"post","link":"https:\/\/www.ayadvogados.com.br\/?p=171","title":{"rendered":"Contribuinte teme derrota em recurso da Fazenda sobre exclus\u00e3o do ICMS"},"content":{"rendered":"\n<p>Uma nova movimenta\u00e7\u00e3o no processo que trata da exclus\u00e3o do ICMS da base de c\u00e1lculo do PIS e da Cofins \u2014 a chamada tese do s\u00e9culo \u2014 deixou os contribuintes preocupados. A ministra C\u00e1rmen L\u00facia, relatora do caso, negou um pedido da Imcopa, a empresa que \u00e9 parte na a\u00e7\u00e3o, para utilizar o cr\u00e9dito tribut\u00e1rio decorrente desse processo. Ela disse que n\u00e3o poderia liberar a quantia antes de o Supremo Tribunal Federal (STF) encerrar o caso.<\/p>\n\n\n\n<p>A conclus\u00e3o depende do julgamento dos embargos de declara\u00e7\u00e3o que foram apresentados pela Uni\u00e3o em 2017. No m\u00eas de mar\u00e7o vai completar quatro anos que os ministros decidiram pela exclus\u00e3o do ICMS da conta das contribui\u00e7\u00f5es. N\u00e3o h\u00e1 nenhuma perspectiva, no entanto, para o julgamento do recurso.<\/p>\n\n\n\n<p>A demora para resolver o caso acaba abrindo espa\u00e7o para especula\u00e7\u00f5es. A resposta da ministra C\u00e1rmen L\u00facia \u00e0 Imcopa, por exemplo, provocou certo alvoro\u00e7o porque ela replica, em um trecho, a argumenta\u00e7\u00e3o da Procuradoria-Geral da Fazenda Nacional (PGFN) de que \u201cos embargos questionam relevantes quest\u00f5es sobre o m\u00e9rito do julgamento\u201d.<\/p>\n\n\n\n<p>Advogados temem que a ministra esteja tratando como poss\u00edvel uma altera\u00e7\u00e3o do resultado que foi proferido em 2017. C\u00e1rmen L\u00facia, naquela ocasi\u00e3o, votou a favor dos contribuintes. O placar ficou em seis a quatro. S\u00f3 que a composi\u00e7\u00e3o do STF mudou de l\u00e1 para c\u00e1.<\/p>\n\n\n\n<p>O ministro Alexandre de Moraes n\u00e3o participou do julgamento. Tomou posse uma semana depois. Celso de Mello, que havia acompanhado a relatora, foi substitu\u00eddo no ano passado por Nunes Marques. E, se o julgamento n\u00e3o ocorrer neste semestre, o ministro Marco Aur\u00e9lio, que em 2017 tamb\u00e9m votou de forma favor\u00e1vel ao contribuinte, n\u00e3o participar\u00e1. Ele completar\u00e1 75 anos no m\u00eas de julho e se aposentar\u00e1.<\/p>\n\n\n\n<p>Com todas essas mudan\u00e7as, dizem os advogados, os contribuintes acabam perdendo a refer\u00eancia. Tr\u00eas ministros s\u00e3o suficientes para alterar o resultado \u2014 considerando o placar apertado de 2017.<\/p>\n\n\n\n<p>\u201cTem muita gente com medo. Mas \u00e9 preciso lembrar que o Supremo vai julgar em sede de embargos de declara\u00e7\u00e3o. O m\u00e9rito, a exclus\u00e3o do ICMS do c\u00e1lculo do PIS e da Cofins, j\u00e1 est\u00e1 definido\u201d, pondera o advogado Tiago Conde, s\u00f3cio do escrit\u00f3rio Sacha Calmon.<\/p>\n\n\n\n<p>Existem duas preocupa\u00e7\u00f5es principais em rela\u00e7\u00e3o aos embargos. Uma delas \u00e9 a possibilidade de os ministros decidirem pela modula\u00e7\u00e3o de efeitos, o que impediria a aplica\u00e7\u00e3o da decis\u00e3o para o passado. A outra diz respeito a um pedido da Fazenda Nacional para que os ministros esclare\u00e7am qual ICMS deve ser exclu\u00eddo \u2014 o que consta na nota fiscal, mais favor\u00e1vel ao contribuinte, ou o efetivamente recolhido.<\/p>\n\n\n\n<p>A Uni\u00e3o tenta, com essas duas quest\u00f5es, reduzir o impacto da decis\u00e3o nas contas p\u00fablicas. Na \u00e9poca do julgamento, afirmou que as perdas poderiam ser de mais de R$ 200 bilh\u00f5es, considerando os valores a serem devolvidos. Agora, a perda anual de arrecada\u00e7\u00e3o a partir da conclus\u00e3o do caso est\u00e1 estimada pela \u00e1rea econ\u00f4mica em R$ 47 bilh\u00f5es.<\/p>\n\n\n\n<p>O tributarista Rafael Nichele, do escrit\u00f3rio Nichele Advogados Associados, entende n\u00e3o haver motivo para alvoro\u00e7o. Pelo menos em rela\u00e7\u00e3o \u00e0 decis\u00e3o proferida, agora, pela ministra C\u00e1rmen L\u00facia. Ele n\u00e3o ficou com a impress\u00e3o de que possa ter sido um sinal do que ocorrer\u00e1 no julgamento dos embargos.<\/p>\n\n\n\n<p>\u201c\u00c9 preciso separar as coisas\u201d, ele diz, entendendo que ao replicar a argumenta\u00e7\u00e3o da Fazenda Nacional, a ministra estaria apenas complementando a sua decis\u00e3o. O argumento principal, afirma, est\u00e1 no C\u00f3digo Tribut\u00e1rio Nacional (CTN). O artigo 170-A pro\u00edbe a compensa\u00e7\u00e3o mediante o aproveitamento de tributo que est\u00e1 sendo discutido na Justi\u00e7a antes do tr\u00e2nsito em julgado.<\/p>\n\n\n\n<p>Muitas empresas est\u00e3o conseguindo utilizar os cr\u00e9ditos decorrentes da exclus\u00e3o do ICMS do c\u00e1lculo do PIS e da Cofins porque os seus processos tramitam em inst\u00e2ncias inferiores e est\u00e3o sendo encerrados. A Imcopa, dizem os advogados, \u201ctem o azar\u201d de o seu processo ser o leading case, o que est\u00e1 em julgamento no STF. Isso a faz ficar presa aos embargos de declara\u00e7\u00e3o.<\/p>\n\n\n\n<p>\u201cIniciado o julgamento de m\u00e9rito, imp\u00f5e-se a respectiva conclus\u00e3o observadas as normas de reg\u00eancia, sob pena de burla \u00e0 an\u00e1lise colegiada e definitiva da controv\u00e9rsia\u201d, disse C\u00e1rmen L\u00facia ao rejeitar o pedido da Imcopa.<\/p>\n\n\n\n<p>A PGFN apresentou pedido \u00e0 ministra para que as a\u00e7\u00f5es sobre esse tema ficassem suspensas em todo o pa\u00eds at\u00e9 o encerramento do caso. Mas, at\u00e9 hoje, ela n\u00e3o deu uma resposta e os processos continuam em tramita\u00e7\u00e3o.<\/p>\n\n\n\n<p>Existe uma quest\u00e3o, no entanto, que assombra mesmo aqueles contribuintes que t\u00eam a\u00e7\u00f5es encerradas e obtiveram o direito de usar os cr\u00e9ditos: uma poss\u00edvel a\u00e7\u00e3o rescis\u00f3ria. Esse \u00e9 um dos poucos instrumentos da legisla\u00e7\u00e3o brasileira que permite \u00e0s partes tentarem reverter uma decis\u00e3o j\u00e1 transitada em julgado.<\/p>\n\n\n\n<p>Se o STF, nos embargos, der raz\u00e3o ao posicionamento da Uni\u00e3o e a PGFN se utilizar da rescis\u00f3ria, no entanto, haver\u00e1 uma nova longa batalha no Judici\u00e1rio. O advogado Tiago Conde, por exemplo, entende que a medida n\u00e3o seria cab\u00edvel a esse caso. \u201cN\u00e3o h\u00e1 motivo. Estamos falando de uma mat\u00e9ria que \u00e9 controvertida e n\u00e3o houve altera\u00e7\u00e3o de jurisprud\u00eancia. Esses s\u00e3o alguns dos requisitos para que n\u00e3o caiba a rescis\u00f3ria\u201d, diz.<\/p>\n\n\n\n<p>O advogado chama a aten\u00e7\u00e3o, por outro lado, que existem dois recursos pendentes de julgamento no STF (RE 949297 e RE 955227) que podem respingar no caso do ICMS. S\u00e3o chamados de \u201cprocessos da coisa julgada\u201d. Os ministros v\u00e3o decidir se \u00e9 necess\u00e1ria a\u00e7\u00e3o rescis\u00f3ria ou se h\u00e1 quebra autom\u00e1tica do tr\u00e2nsito em julgado nos casos em que h\u00e1 mudan\u00e7a de jurisprud\u00eancia relacionada aos tributos que s\u00e3o pagos de forma continuada.<\/p>\n\n\n\n<p>Esses casos envolvem a CSLL. Os ministros consideraram o tributo constitucional nos anos 90, mas, antes do julgamento, alguns contribuintes obtiveram decis\u00f5es finais garantindo o direito de n\u00e3o pagar. A Uni\u00e3o defende que, nesse caso, n\u00e3o precisaria sequer de a\u00e7\u00e3o rescis\u00f3ria.<\/p>\n\n\n\n<p>Trazendo para a discuss\u00e3o do PIS e da Cofins, por exemplo, aqueles contribuintes que obtiveram decis\u00e3o para excluir o ICMS da nota fiscal \u2014 que gera maior redu\u00e7\u00e3o de tributos \u2014 automaticamente perderiam esse direito se o STF, nos embargos, decidir que o imposto a ser exclu\u00eddo \u00e9 o recolhido. O RE 949297 e RE 955227 chegaram a ser pautados no ano passado, mas n\u00e3o foram julgados.<\/p>\n\n\n\n<p>Conde n\u00e3o acredita, no entanto, que os ministros v\u00e3o entrar na discuss\u00e3o sobre qual ICMS deve ser exclu\u00eddo do c\u00e1lculo. \u201cFoi um tema trazido nos embargos. Nunca antes, nos autos, havia demonstra\u00e7\u00e3o de d\u00favida em rela\u00e7\u00e3o a isso\u201d, diz. O tributarista Lu\u00eds Augusto Gomes, s\u00f3cio do Silva Gomes Advogados, tamb\u00e9m acredita que os ministros n\u00e3o tratar\u00e3o desse ponto. \u201c\u00c9 quest\u00e3o infraconstitucional.\u201d<\/p>\n\n\n\n<p>O escrit\u00f3rio que representa a Imcopa foi procurado pelo Valor, mas n\u00e3o deu retorno. No pedido feito \u00e0 ministra C\u00e1rmen L\u00facia, a empresa afirma que se encontra em recupera\u00e7\u00e3o judicial, com poucos recursos financeiros e diversas dificuldades operacionais. O pedido era para que fosse suspensa a exigibilidade dos d\u00e9bitos relativos ao PIS e a Cofins n\u00e3o cumulativos at\u00e9 que houvesse o tr\u00e2nsito em julgado do processo.<\/p>\n\n\n\n<p>A PGFN, em nota, diz que a decis\u00e3o da ministra, rejeitando o pedido da Imcopa, \u201cguarda absoluta coer\u00eancia com a orienta\u00e7\u00e3o que o STF vem reiteradamente adotando no sentido de que a resolu\u00e7\u00e3o de casos concretos envolvendo o tema deve aguardar o julgamento dos embargos de declara\u00e7\u00e3o\u201d.<\/p>\n\n\n\n<p>Fonte:&nbsp;<a href=\"https:\/\/valor.globo.com\/legislacao\/noticia\/2021\/01\/13\/jornal-valor-contribuinte-teme-derrota-em-recurso-da-fazenda-sobre-excluso-do-icms.ghtml\">Valor<\/a><\/p>\n\n\n\n<p>A Amaral, Yazbek, OAB\/PR 762, possui 35 anos de experi\u00eancia auxiliando empresas a transformar a tributa\u00e7\u00e3o em lucro. Entre em contato com um dos s\u00f3cios para agendamento de reuni\u00e3o em caso de d\u00favidas.<\/p>\n\n\n\n<p>Contato: 41 3595-8300 ou pelo nosso WhatsApp 41 99567-5696<\/p>\n\n\n\n<p>Av. C\u00e2ndido Hartmann, 50 \u2013 Bigorrilho | Curitiba-PR<\/p>\n\n\n\n<p>Assine nossa Newsletter e fique por dentro das novidades!<\/p>\n\n\n\n<p>Quer receber seu exemplar da revista Governan\u00e7a Jur\u00eddica? Clique <a href=\"http:\/\/ayadvogados.com.br\/revista\">aqui<\/a>&nbsp;e pe\u00e7a a sua.<\/p>\n\n\n\n<p>Nos acompanhe nas redes sociais: <a href=\"https:\/\/www.facebook.com\/amaral.yazbek\">Facebook<\/a>&nbsp;| <a href=\"https:\/\/www.instagram.com\/amaral.yazbek\/\">Instagram<\/a> | <a href=\"https:\/\/www.linkedin.com\/company\/3357082\/admin\/\">Linkedin<\/a><\/p>\n\n\n\n<p>J\u00e1 conhece o canal Direito da Intelig\u00eancia de Neg\u00f3cios? <a href=\"https:\/\/www.youtube.com\/channel\/UCu2Mpu32ht8DEN8OFRXYMyw\">Inscreva-se j\u00e1<\/a><\/p>\n","protected":false},"excerpt":{"rendered":"<p>Uma nova movimenta\u00e7\u00e3o no processo que trata da exclus\u00e3o do ICMS da base de c\u00e1lculo do PIS e da Cofins \u2014 a chamada tese do s\u00e9culo \u2014 deixou os contribuintes preocupados. A ministra C\u00e1rmen L\u00facia, relatora do caso, negou um pedido da Imcopa, a empresa que \u00e9 parte na a\u00e7\u00e3o, para utilizar o cr\u00e9dito tribut\u00e1rio [&hellip;]<\/p>\n","protected":false},"author":3,"featured_media":0,"comment_status":"open","ping_status":"open","sticky":false,"template":"","format":"standard","meta":{"footnotes":""},"categories":[1],"tags":[],"class_list":["post-171","post","type-post","status-publish","format-standard","hentry","category-noticia-do-dia"],"blocksy_meta":{"styles_descriptor":{"styles":{"desktop":"","tablet":"","mobile":""},"google_fonts":[],"version":6}},"yoast_head":"<!-- This site is optimized with the Yoast SEO plugin v27.5 - https:\/\/yoast.com\/product\/yoast-seo-wordpress\/ -->\n<title>Contribuinte teme derrota em recurso da Fazenda sobre exclus\u00e3o do ICMS - Amaral, Yazbek Advogados<\/title>\n<meta name=\"robots\" content=\"index, follow, max-snippet:-1, max-image-preview:large, max-video-preview:-1\" \/>\n<link rel=\"canonical\" href=\"https:\/\/www.34.239.117.254.sslip.io\/?p=171\" \/>\n<meta property=\"og:locale\" content=\"pt_BR\" \/>\n<meta property=\"og:type\" content=\"article\" \/>\n<meta property=\"og:title\" content=\"Contribuinte teme derrota em recurso da Fazenda sobre exclus\u00e3o do ICMS - Amaral, Yazbek Advogados\" \/>\n<meta property=\"og:description\" content=\"Uma nova movimenta\u00e7\u00e3o no processo que trata da exclus\u00e3o do ICMS da base de c\u00e1lculo do PIS e da Cofins \u2014 a chamada tese do s\u00e9culo \u2014 deixou os contribuintes preocupados. A ministra C\u00e1rmen L\u00facia, relatora do caso, negou um pedido da Imcopa, a empresa que \u00e9 parte na a\u00e7\u00e3o, para utilizar o cr\u00e9dito tribut\u00e1rio [&hellip;]\" \/>\n<meta property=\"og:url\" content=\"https:\/\/www.34.239.117.254.sslip.io\/?p=171\" \/>\n<meta property=\"og:site_name\" content=\"Amaral, Yazbek Advogados\" \/>\n<meta property=\"article:publisher\" content=\"https:\/\/www.facebook.com\/AYadvogados\" \/>\n<meta property=\"article:published_time\" content=\"2021-01-14T12:42:00+00:00\" \/>\n<meta property=\"article:modified_time\" content=\"2021-02-26T12:42:54+00:00\" \/>\n<meta name=\"author\" content=\"Infra\" \/>\n<meta name=\"twitter:card\" content=\"summary_large_image\" \/>\n<meta name=\"twitter:label1\" content=\"Escrito por\" \/>\n\t<meta name=\"twitter:data1\" content=\"Infra\" \/>\n\t<meta name=\"twitter:label2\" content=\"Est. tempo de leitura\" \/>\n\t<meta name=\"twitter:data2\" content=\"7 minutos\" \/>\n<script type=\"application\/ld+json\" class=\"yoast-schema-graph\">{\"@context\":\"https:\\\/\\\/schema.org\",\"@graph\":[{\"@type\":\"Article\",\"@id\":\"https:\\\/\\\/www.34.239.117.254.sslip.io\\\/?p=171#article\",\"isPartOf\":{\"@id\":\"https:\\\/\\\/www.34.239.117.254.sslip.io\\\/?p=171\"},\"author\":{\"name\":\"Infra\",\"@id\":\"https:\\\/\\\/www.34.239.117.254.sslip.io\\\/#\\\/schema\\\/person\\\/6b9165a58758b048b8ea5a4fbd4ec3c4\"},\"headline\":\"Contribuinte teme derrota em recurso da Fazenda sobre exclus\u00e3o do ICMS\",\"datePublished\":\"2021-01-14T12:42:00+00:00\",\"dateModified\":\"2021-02-26T12:42:54+00:00\",\"mainEntityOfPage\":{\"@id\":\"https:\\\/\\\/www.34.239.117.254.sslip.io\\\/?p=171\"},\"wordCount\":1448,\"commentCount\":0,\"publisher\":{\"@id\":\"https:\\\/\\\/www.34.239.117.254.sslip.io\\\/#organization\"},\"articleSection\":[\"Not\u00edcia do Dia\"],\"inLanguage\":\"pt-BR\",\"potentialAction\":[{\"@type\":\"CommentAction\",\"name\":\"Comment\",\"target\":[\"https:\\\/\\\/www.34.239.117.254.sslip.io\\\/?p=171#respond\"]}]},{\"@type\":\"WebPage\",\"@id\":\"https:\\\/\\\/www.34.239.117.254.sslip.io\\\/?p=171\",\"url\":\"https:\\\/\\\/www.34.239.117.254.sslip.io\\\/?p=171\",\"name\":\"Contribuinte teme derrota em recurso da Fazenda sobre exclus\u00e3o do ICMS - Amaral, Yazbek Advogados\",\"isPartOf\":{\"@id\":\"https:\\\/\\\/www.34.239.117.254.sslip.io\\\/#website\"},\"datePublished\":\"2021-01-14T12:42:00+00:00\",\"dateModified\":\"2021-02-26T12:42:54+00:00\",\"breadcrumb\":{\"@id\":\"https:\\\/\\\/www.34.239.117.254.sslip.io\\\/?p=171#breadcrumb\"},\"inLanguage\":\"pt-BR\",\"potentialAction\":[{\"@type\":\"ReadAction\",\"target\":[\"https:\\\/\\\/www.34.239.117.254.sslip.io\\\/?p=171\"]}]},{\"@type\":\"BreadcrumbList\",\"@id\":\"https:\\\/\\\/www.34.239.117.254.sslip.io\\\/?p=171#breadcrumb\",\"itemListElement\":[{\"@type\":\"ListItem\",\"position\":1,\"name\":\"In\u00edcio\",\"item\":\"https:\\\/\\\/www.34.239.117.254.sslip.io\\\/\"},{\"@type\":\"ListItem\",\"position\":2,\"name\":\"Contribuinte teme derrota em recurso da Fazenda sobre exclus\u00e3o do ICMS\"}]},{\"@type\":\"WebSite\",\"@id\":\"https:\\\/\\\/www.34.239.117.254.sslip.io\\\/#website\",\"url\":\"https:\\\/\\\/www.34.239.117.254.sslip.io\\\/\",\"name\":\"Amaral, Yazbek Advogados\",\"description\":\"Curitiba \u2022 Bras\u00edlia \u2022 S\u00e3o Paulo\",\"publisher\":{\"@id\":\"https:\\\/\\\/www.34.239.117.254.sslip.io\\\/#organization\"},\"potentialAction\":[{\"@type\":\"SearchAction\",\"target\":{\"@type\":\"EntryPoint\",\"urlTemplate\":\"https:\\\/\\\/www.34.239.117.254.sslip.io\\\/?s={search_term_string}\"},\"query-input\":{\"@type\":\"PropertyValueSpecification\",\"valueRequired\":true,\"valueName\":\"search_term_string\"}}],\"inLanguage\":\"pt-BR\"},{\"@type\":\"Organization\",\"@id\":\"https:\\\/\\\/www.34.239.117.254.sslip.io\\\/#organization\",\"name\":\"Amaral, Yazbek Advogados\",\"url\":\"https:\\\/\\\/www.34.239.117.254.sslip.io\\\/\",\"logo\":{\"@type\":\"ImageObject\",\"inLanguage\":\"pt-BR\",\"@id\":\"https:\\\/\\\/www.34.239.117.254.sslip.io\\\/#\\\/schema\\\/logo\\\/image\\\/\",\"url\":\"http:\\\/\\\/34.239.117.254\\\/wp-content\\\/uploads\\\/2021\\\/03\\\/logo-ay-g.png\",\"contentUrl\":\"http:\\\/\\\/34.239.117.254\\\/wp-content\\\/uploads\\\/2021\\\/03\\\/logo-ay-g.png\",\"width\":434,\"height\":106,\"caption\":\"Amaral, Yazbek Advogados\"},\"image\":{\"@id\":\"https:\\\/\\\/www.34.239.117.254.sslip.io\\\/#\\\/schema\\\/logo\\\/image\\\/\"},\"sameAs\":[\"https:\\\/\\\/www.facebook.com\\\/AYadvogados\",\"https:\\\/\\\/www.instagram.com\\\/ayadvogados\\\/\"]},{\"@type\":\"Person\",\"@id\":\"https:\\\/\\\/www.34.239.117.254.sslip.io\\\/#\\\/schema\\\/person\\\/6b9165a58758b048b8ea5a4fbd4ec3c4\",\"name\":\"Infra\",\"image\":{\"@type\":\"ImageObject\",\"inLanguage\":\"pt-BR\",\"@id\":\"https:\\\/\\\/secure.gravatar.com\\\/avatar\\\/60bf67293e186b9c834e31753dcc586dfcedb661d13b6b9ba29ac991ccafc035?s=96&d=mm&r=g\",\"url\":\"https:\\\/\\\/secure.gravatar.com\\\/avatar\\\/60bf67293e186b9c834e31753dcc586dfcedb661d13b6b9ba29ac991ccafc035?s=96&d=mm&r=g\",\"contentUrl\":\"https:\\\/\\\/secure.gravatar.com\\\/avatar\\\/60bf67293e186b9c834e31753dcc586dfcedb661d13b6b9ba29ac991ccafc035?s=96&d=mm&r=g\",\"caption\":\"Infra\"},\"url\":\"https:\\\/\\\/www.ayadvogados.com.br\\\/?author=3\"}]}<\/script>\n<!-- \/ Yoast SEO plugin. -->","yoast_head_json":{"title":"Contribuinte teme derrota em recurso da Fazenda sobre exclus\u00e3o do ICMS - Amaral, Yazbek Advogados","robots":{"index":"index","follow":"follow","max-snippet":"max-snippet:-1","max-image-preview":"max-image-preview:large","max-video-preview":"max-video-preview:-1"},"canonical":"https:\/\/www.34.239.117.254.sslip.io\/?p=171","og_locale":"pt_BR","og_type":"article","og_title":"Contribuinte teme derrota em recurso da Fazenda sobre exclus\u00e3o do ICMS - Amaral, Yazbek Advogados","og_description":"Uma nova movimenta\u00e7\u00e3o no processo que trata da exclus\u00e3o do ICMS da base de c\u00e1lculo do PIS e da Cofins \u2014 a chamada tese do s\u00e9culo \u2014 deixou os contribuintes preocupados. A ministra C\u00e1rmen L\u00facia, relatora do caso, negou um pedido da Imcopa, a empresa que \u00e9 parte na a\u00e7\u00e3o, para utilizar o cr\u00e9dito tribut\u00e1rio [&hellip;]","og_url":"https:\/\/www.34.239.117.254.sslip.io\/?p=171","og_site_name":"Amaral, Yazbek Advogados","article_publisher":"https:\/\/www.facebook.com\/AYadvogados","article_published_time":"2021-01-14T12:42:00+00:00","article_modified_time":"2021-02-26T12:42:54+00:00","author":"Infra","twitter_card":"summary_large_image","twitter_misc":{"Escrito por":"Infra","Est. tempo de leitura":"7 minutos"},"schema":{"@context":"https:\/\/schema.org","@graph":[{"@type":"Article","@id":"https:\/\/www.34.239.117.254.sslip.io\/?p=171#article","isPartOf":{"@id":"https:\/\/www.34.239.117.254.sslip.io\/?p=171"},"author":{"name":"Infra","@id":"https:\/\/www.34.239.117.254.sslip.io\/#\/schema\/person\/6b9165a58758b048b8ea5a4fbd4ec3c4"},"headline":"Contribuinte teme derrota em recurso da Fazenda sobre exclus\u00e3o do ICMS","datePublished":"2021-01-14T12:42:00+00:00","dateModified":"2021-02-26T12:42:54+00:00","mainEntityOfPage":{"@id":"https:\/\/www.34.239.117.254.sslip.io\/?p=171"},"wordCount":1448,"commentCount":0,"publisher":{"@id":"https:\/\/www.34.239.117.254.sslip.io\/#organization"},"articleSection":["Not\u00edcia do Dia"],"inLanguage":"pt-BR","potentialAction":[{"@type":"CommentAction","name":"Comment","target":["https:\/\/www.34.239.117.254.sslip.io\/?p=171#respond"]}]},{"@type":"WebPage","@id":"https:\/\/www.34.239.117.254.sslip.io\/?p=171","url":"https:\/\/www.34.239.117.254.sslip.io\/?p=171","name":"Contribuinte teme derrota em recurso da Fazenda sobre exclus\u00e3o do ICMS - Amaral, Yazbek Advogados","isPartOf":{"@id":"https:\/\/www.34.239.117.254.sslip.io\/#website"},"datePublished":"2021-01-14T12:42:00+00:00","dateModified":"2021-02-26T12:42:54+00:00","breadcrumb":{"@id":"https:\/\/www.34.239.117.254.sslip.io\/?p=171#breadcrumb"},"inLanguage":"pt-BR","potentialAction":[{"@type":"ReadAction","target":["https:\/\/www.34.239.117.254.sslip.io\/?p=171"]}]},{"@type":"BreadcrumbList","@id":"https:\/\/www.34.239.117.254.sslip.io\/?p=171#breadcrumb","itemListElement":[{"@type":"ListItem","position":1,"name":"In\u00edcio","item":"https:\/\/www.34.239.117.254.sslip.io\/"},{"@type":"ListItem","position":2,"name":"Contribuinte teme derrota em recurso da Fazenda sobre exclus\u00e3o do ICMS"}]},{"@type":"WebSite","@id":"https:\/\/www.34.239.117.254.sslip.io\/#website","url":"https:\/\/www.34.239.117.254.sslip.io\/","name":"Amaral, Yazbek Advogados","description":"Curitiba \u2022 Bras\u00edlia \u2022 S\u00e3o Paulo","publisher":{"@id":"https:\/\/www.34.239.117.254.sslip.io\/#organization"},"potentialAction":[{"@type":"SearchAction","target":{"@type":"EntryPoint","urlTemplate":"https:\/\/www.34.239.117.254.sslip.io\/?s={search_term_string}"},"query-input":{"@type":"PropertyValueSpecification","valueRequired":true,"valueName":"search_term_string"}}],"inLanguage":"pt-BR"},{"@type":"Organization","@id":"https:\/\/www.34.239.117.254.sslip.io\/#organization","name":"Amaral, Yazbek Advogados","url":"https:\/\/www.34.239.117.254.sslip.io\/","logo":{"@type":"ImageObject","inLanguage":"pt-BR","@id":"https:\/\/www.34.239.117.254.sslip.io\/#\/schema\/logo\/image\/","url":"http:\/\/34.239.117.254\/wp-content\/uploads\/2021\/03\/logo-ay-g.png","contentUrl":"http:\/\/34.239.117.254\/wp-content\/uploads\/2021\/03\/logo-ay-g.png","width":434,"height":106,"caption":"Amaral, Yazbek Advogados"},"image":{"@id":"https:\/\/www.34.239.117.254.sslip.io\/#\/schema\/logo\/image\/"},"sameAs":["https:\/\/www.facebook.com\/AYadvogados","https:\/\/www.instagram.com\/ayadvogados\/"]},{"@type":"Person","@id":"https:\/\/www.34.239.117.254.sslip.io\/#\/schema\/person\/6b9165a58758b048b8ea5a4fbd4ec3c4","name":"Infra","image":{"@type":"ImageObject","inLanguage":"pt-BR","@id":"https:\/\/secure.gravatar.com\/avatar\/60bf67293e186b9c834e31753dcc586dfcedb661d13b6b9ba29ac991ccafc035?s=96&d=mm&r=g","url":"https:\/\/secure.gravatar.com\/avatar\/60bf67293e186b9c834e31753dcc586dfcedb661d13b6b9ba29ac991ccafc035?s=96&d=mm&r=g","contentUrl":"https:\/\/secure.gravatar.com\/avatar\/60bf67293e186b9c834e31753dcc586dfcedb661d13b6b9ba29ac991ccafc035?s=96&d=mm&r=g","caption":"Infra"},"url":"https:\/\/www.ayadvogados.com.br\/?author=3"}]}},"rttpg_featured_image_url":null,"rttpg_author":{"display_name":"Infra","author_link":"https:\/\/www.ayadvogados.com.br\/?author=3"},"rttpg_comment":0,"rttpg_category":"<a href=\"https:\/\/www.ayadvogados.com.br\/?cat=1\" rel=\"category\">Not\u00edcia do Dia<\/a>","rttpg_excerpt":"Uma nova movimenta\u00e7\u00e3o no processo que trata da exclus\u00e3o do ICMS da base de c\u00e1lculo do PIS e da Cofins \u2014 a chamada tese do s\u00e9culo \u2014 deixou os contribuintes preocupados. A ministra C\u00e1rmen L\u00facia, relatora do caso, negou um pedido da Imcopa, a empresa que \u00e9 parte na a\u00e7\u00e3o, para utilizar o cr\u00e9dito tribut\u00e1rio&hellip;","_links":{"self":[{"href":"https:\/\/www.ayadvogados.com.br\/index.php?rest_route=\/wp\/v2\/posts\/171","targetHints":{"allow":["GET"]}}],"collection":[{"href":"https:\/\/www.ayadvogados.com.br\/index.php?rest_route=\/wp\/v2\/posts"}],"about":[{"href":"https:\/\/www.ayadvogados.com.br\/index.php?rest_route=\/wp\/v2\/types\/post"}],"author":[{"embeddable":true,"href":"https:\/\/www.ayadvogados.com.br\/index.php?rest_route=\/wp\/v2\/users\/3"}],"replies":[{"embeddable":true,"href":"https:\/\/www.ayadvogados.com.br\/index.php?rest_route=%2Fwp%2Fv2%2Fcomments&post=171"}],"version-history":[{"count":1,"href":"https:\/\/www.ayadvogados.com.br\/index.php?rest_route=\/wp\/v2\/posts\/171\/revisions"}],"predecessor-version":[{"id":172,"href":"https:\/\/www.ayadvogados.com.br\/index.php?rest_route=\/wp\/v2\/posts\/171\/revisions\/172"}],"wp:attachment":[{"href":"https:\/\/www.ayadvogados.com.br\/index.php?rest_route=%2Fwp%2Fv2%2Fmedia&parent=171"}],"wp:term":[{"taxonomy":"category","embeddable":true,"href":"https:\/\/www.ayadvogados.com.br\/index.php?rest_route=%2Fwp%2Fv2%2Fcategories&post=171"},{"taxonomy":"post_tag","embeddable":true,"href":"https:\/\/www.ayadvogados.com.br\/index.php?rest_route=%2Fwp%2Fv2%2Ftags&post=171"}],"curies":[{"name":"wp","href":"https:\/\/api.w.org\/{rel}","templated":true}]}}