{"id":169,"date":"2021-01-14T09:41:00","date_gmt":"2021-01-14T12:41:00","guid":{"rendered":"http:\/\/34.239.117.254\/?p=169"},"modified":"2021-02-26T09:42:06","modified_gmt":"2021-02-26T12:42:06","slug":"tribunal-autoriza-plano-de-saude-a-usar-prejuizo-fiscal-em-parcelamento-federal","status":"publish","type":"post","link":"https:\/\/www.ayadvogados.com.br\/?p=169","title":{"rendered":"Tribunal autoriza plano de sa\u00fade a usar preju\u00edzo fiscal em parcelamento federal"},"content":{"rendered":"\n<p>O Tribunal Regional Federal (TRF) da 3\u00aa Regi\u00e3o, com sede em S\u00e3o Paulo, autorizou um plano de sa\u00fade a usar no Programa Especial de Regulariza\u00e7\u00e3o Tribut\u00e1ria (Pert), parcelamento federal aberto em 2017, cr\u00e9ditos de preju\u00edzo fiscal e de base de c\u00e1lculo negativa da CSLL de sua controladora. A medida, n\u00e3o permitida pela Procuradoria-Geral da Fazenda Nacional (PGFN), vale para o pagamento de d\u00e9bitos inscritos na d\u00edvida ativa da Uni\u00e3o.<\/p>\n\n\n\n<p>A decis\u00e3o pode levar o tema ao Superior Tribunal de Justi\u00e7a (STJ), j\u00e1 que h\u00e1 ac\u00f3rd\u00e3o em sentido contr\u00e1rio no TRF da 4\u00aa Regi\u00e3o, que abrange a reg\u00e3o Sul. Nas a\u00e7\u00f5es, os contribuintes alegam que foram surpreendidos por essa restri\u00e7\u00e3o depois de terem aderido ao Pert &#8211; abrindo m\u00e3o de outros parcelamentos ou de discutir as cobran\u00e7as nas esferas administrativa ou judicial.<\/p>\n\n\n\n<p>O uso de preju\u00edzo fiscal e base de c\u00e1lculo negativa da CSLL de controladora \u00e9 permitido para o pagamento de d\u00edvidas com a Receita Federal. Para o parcelamento da PGFN, n\u00e3o havia inicialmente esse detalhamento. Posteriormente, por\u00e9m, depois do prazo de ades\u00e3o ao Pert, foi publicada pelo \u00f3rg\u00e3o a Portaria n\u00ba 1.207\/2017, que autoriza apenas a utiliza\u00e7\u00e3o de cr\u00e9ditos pr\u00f3prios.<\/p>\n\n\n\n<p>O programa federal foi criado pela Lei n\u00ba 13.496, de 2017, para o pagamento de d\u00e9bitos de natureza tribut\u00e1ria e n\u00e3o tribut\u00e1ria, vencidos at\u00e9 30 de abril do mesmo ano. Admitiu, inclusive, d\u00edvidas que j\u00e1 estavam inscritas em parcelamentos anteriores ou em discuss\u00e3o administrativa ou judicial.<\/p>\n\n\n\n<p>Com a publica\u00e7\u00e3o da norma pela PGFN em dezembro de 2017, a Notre Dame Interm\u00e9dica Sa\u00fade decidiu ir \u00e0 Justi\u00e7a. Entrou com mandado de seguran\u00e7a com pedido de liminar para conseguir usar cr\u00e9ditos de sua controladora, a BCBF Participa\u00e7\u00f5es. Subsidiariamente, caso o pedido fosse negado, requereu que fossem anulados os atos de desist\u00eancia dos parcelamentos anteriores (processo n\u00ba 5003212-25.2018.4.03.6100).<\/p>\n\n\n\n<p>A liminar foi negada na primeira inst\u00e2ncia. A decis\u00e3o, por\u00e9m, foi reformada pela 3\u00aa Turma do TRF da 3\u00aa Regi\u00e3o, por tr\u00eas votos a dois. \u201cEntendo que, na interpreta\u00e7\u00e3o da lei, deve-se observar al\u00e9m de sua letra fria, sem se deixar dominar pela preocupa\u00e7\u00e3o de restringir, de modo a n\u00e3o se distanciar de suas finalidades\u201d, afirma na decis\u00e3o o relator do caso, o desembargador Nery da Costa J\u00fanior.<\/p>\n\n\n\n<p>De acordo com o desembargador, para assegurar a m\u00e1xima efetividade da norma e tendo em vista a expressa autoriza\u00e7\u00e3o pela Receita Federal, a empresa pode usar cr\u00e9ditos de preju\u00edzos fiscais e de base de c\u00e1lculo negativa da CSLL de sua controladora.<\/p>\n\n\n\n<p>Em seu voto, ele destaca ainda que a PGFN editou a portaria restritiva s\u00f3 depois do prazo final para ades\u00e3o ao Pert e extrapolou os limites de sua compet\u00eancia. \u201cPortaria, como norma inferior, n\u00e3o tem o cond\u00e3o de impor restri\u00e7\u00f5es n\u00e3o previstas em lei, sob pena de ofensa ao princ\u00edpio da estrita legalidade.\u201d<\/p>\n\n\n\n<p>Em nota, a PGFN afirma que \u201cj\u00e1 est\u00e1 atuando para a revers\u00e3o do julgado\u201d e que a lei n\u00e3o estabeleceu a possibilidade de utiliza\u00e7\u00e3o de cr\u00e9ditos de preju\u00edzo fiscal e de base de c\u00e1lculo negativa da CSLL de terceiros. Alega ainda necessidade de observ\u00e2ncia do princ\u00edpio da legalidade estrita, que veda a concess\u00e3o de benef\u00edcio n\u00e3o previsto em lei.<\/p>\n\n\n\n<p>O \u00f3rg\u00e3o lembra que o STJ e o Supremo Tribunal Federal (STF) entendem, em in\u00fameros julgados, pela impossibilidade de o Poder Judici\u00e1rio atuar como legislador positivo na concess\u00e3o de benesses fiscais.<\/p>\n\n\n\n<p>No TRF da 4\u00aa Regi\u00e3o, o precedente \u00e9 nesse sentido (processo n\u00ba 5019304-58.2018.4.04.7100). Por causa da diverg\u00eancia entre os tribunais regionais, tanto a Fazenda Nacional quanto os contribuintes podem recorrer ao Superior Tribunal de Justi\u00e7a.<\/p>\n\n\n\n<p>A decis\u00e3o envolve a Sultepa Constru\u00e7\u00f5es e Com\u00e9rcio. Para a 2\u00aa Turma, a ades\u00e3o ao programa de parcelamento da PGFN deve observar seu regramento pr\u00f3prio. \u201cQuando o legislador quis viabilizar a utiliza\u00e7\u00e3o de tais cr\u00e9ditos apurados por empresas do mesmo grupo econ\u00f4mico, o fez expressamente, apenas para o parcelamento no \u00e2mbito da Secretaria da Receita Federal\u201d, afirma o relator, desembargador Alexandre Rossato da Silva \u00c1vila.<\/p>\n\n\n\n<p>Em setembro, o ministro Benedito Gon\u00e7alves, do STJ, chegou a analisar a portaria da PGFN e entendeu que a norma n\u00e3o poderia determinar a perda do direito de uso de preju\u00edzo fiscal ou base negativa da CSLL no caso de informa\u00e7\u00f5es extempor\u00e2neas (REsp 1891654). O tema n\u00e3o \u00e9 exatamente o mesmo das a\u00e7\u00f5es julgadas pelos tribunais regionais.<\/p>\n\n\n\n<p>\u201cMas a discuss\u00e3o de fundo \u00e9 a mesma\u201d, diz o advogado Pedro Teixeira de Siqueira Neto, s\u00f3cio do escrit\u00f3rio Bichara Advogados. \u201cSe o Congresso deu um beneficio amplo n\u00e3o caberia ao Executivo mitigar\u201d, acrescenta.<\/p>\n\n\n\n<p>O uso de preju\u00edzo fiscal de controladora \u00e9 importante, segundo o advogado. Em um grupo, afirma, muitas vezes uma empresa n\u00e3o teve preju\u00edzo fiscal, mas outras tiveram. E em um conglomerado, acrescenta, lucros e preju\u00edzos s\u00e3o percebidos de forma mais ampla. \u201cFaz sentido que o preju\u00edzo que uma acumulou no passado seja usado com o d\u00e9bito de outra do mesmo grupo\u201d, diz.<\/p>\n\n\n\n<p>A decis\u00e3o obtida pela Notre Dame \u00e9 a primeira favor\u00e1vel no TRF da 3\u00aa Regi\u00e3o, segundo Bruno Sigaud, s\u00f3cio do escrit\u00f3rio Sigaud Advogados. Para ele, a lei do Pert foi omissa quanto ao pagamento no \u00e2mbito da PGFN e, portanto, o \u00f3rg\u00e3o n\u00e3o poderia restringir o alcance da norma, prejudicando os contribuintes.<\/p>\n\n\n\n<p>O prazo para ades\u00e3o ao Pert j\u00e1 foi encerrado. Por isso, afirma Sigaud, a decis\u00e3o \u00e9 relevante para os contribuintes que aderiram e tiveram esse pedido negado. \u201cTemos clientes que j\u00e1 receberam despacho com indeferimento por serem cr\u00e9ditos de controlada\u201d, diz.<\/p>\n\n\n\n<p>Fonte: <a href=\"https:\/\/valor.globo.com\/legislacao\/noticia\/2021\/01\/15\/tribunal-autoriza-plano-de-saude-a-usar-prejuizo-fiscal-em-parcelamento-federal.ghtml?GLBID=14e28d80327e893ae201d26099b7cef2c47396a4364614365397056327a7865636d74374d384b7179334649614d654a6b74707359482d462d315f5561666b58343934506c4638626d784e4669373658576d365a4535715448614f62434f5935577534663358773d3d3a303a756d70767074796766676976776e6270786b6476\">Valor<\/a><\/p>\n\n\n\n<p>A Amaral, Yazbek, OAB\/PR 762, possui 35 anos de experi\u00eancia auxiliando empresas a transformar a tributa\u00e7\u00e3o em lucro. Entre em contato com um dos s\u00f3cios para agendamento de reuni\u00e3o em caso de d\u00favidas.<\/p>\n\n\n\n<p>Contato: 41 3595-8300 ou pelo nosso WhatsApp 41 99567-5696<\/p>\n\n\n\n<p>Av. C\u00e2ndido Hartmann, 50 \u2013 Bigorrilho | Curitiba-PR<\/p>\n\n\n\n<p>Assine nossa Newsletter e fique por dentro das novidades!<\/p>\n\n\n\n<p>Quer receber seu exemplar da revista Governan\u00e7a Jur\u00eddica? Clique <a href=\"http:\/\/ayadvogados.com.br\/revista\">aqui<\/a>&nbsp;e pe\u00e7a a sua.<\/p>\n\n\n\n<p>Nos acompanhe nas redes sociais: <a href=\"https:\/\/www.facebook.com\/amaral.yazbek\">Facebook<\/a>&nbsp;| <a href=\"https:\/\/www.instagram.com\/amaral.yazbek\/\">Instagram<\/a> | <a href=\"https:\/\/www.linkedin.com\/company\/3357082\/admin\/\">Linkedin<\/a><\/p>\n\n\n\n<p>J\u00e1 conhece o canal Direito da Intelig\u00eancia de Neg\u00f3cios? <a href=\"https:\/\/www.youtube.com\/channel\/UCu2Mpu32ht8DEN8OFRXYMyw\">Inscreva-se j\u00e1<\/a><\/p>\n","protected":false},"excerpt":{"rendered":"<p>O Tribunal Regional Federal (TRF) da 3\u00aa Regi\u00e3o, com sede em S\u00e3o Paulo, autorizou um plano de sa\u00fade a usar no Programa Especial de Regulariza\u00e7\u00e3o Tribut\u00e1ria (Pert), parcelamento federal aberto em 2017, cr\u00e9ditos de preju\u00edzo fiscal e de base de c\u00e1lculo negativa da CSLL de sua controladora. A medida, n\u00e3o permitida pela Procuradoria-Geral da Fazenda [&hellip;]<\/p>\n","protected":false},"author":3,"featured_media":0,"comment_status":"open","ping_status":"open","sticky":false,"template":"","format":"standard","meta":{"footnotes":""},"categories":[1],"tags":[],"class_list":["post-169","post","type-post","status-publish","format-standard","hentry","category-noticia-do-dia"],"blocksy_meta":{"styles_descriptor":{"styles":{"desktop":"","tablet":"","mobile":""},"google_fonts":[],"version":6}},"yoast_head":"<!-- This site is optimized with the Yoast SEO plugin v27.5 - https:\/\/yoast.com\/product\/yoast-seo-wordpress\/ -->\n<title>Tribunal autoriza plano de sa\u00fade a usar preju\u00edzo fiscal em parcelamento federal - Amaral, Yazbek Advogados<\/title>\n<meta name=\"robots\" content=\"index, follow, max-snippet:-1, max-image-preview:large, max-video-preview:-1\" \/>\n<link rel=\"canonical\" href=\"https:\/\/www.34.239.117.254.sslip.io\/?p=169\" \/>\n<meta property=\"og:locale\" content=\"pt_BR\" \/>\n<meta property=\"og:type\" content=\"article\" \/>\n<meta property=\"og:title\" content=\"Tribunal autoriza plano de sa\u00fade a usar preju\u00edzo fiscal em parcelamento federal - Amaral, Yazbek Advogados\" \/>\n<meta property=\"og:description\" content=\"O Tribunal Regional Federal (TRF) da 3\u00aa Regi\u00e3o, com sede em S\u00e3o Paulo, autorizou um plano de sa\u00fade a usar no Programa Especial de Regulariza\u00e7\u00e3o Tribut\u00e1ria (Pert), parcelamento federal aberto em 2017, cr\u00e9ditos de preju\u00edzo fiscal e de base de c\u00e1lculo negativa da CSLL de sua controladora. A medida, n\u00e3o permitida pela Procuradoria-Geral da Fazenda [&hellip;]\" \/>\n<meta property=\"og:url\" content=\"https:\/\/www.34.239.117.254.sslip.io\/?p=169\" \/>\n<meta property=\"og:site_name\" content=\"Amaral, Yazbek Advogados\" \/>\n<meta property=\"article:publisher\" content=\"https:\/\/www.facebook.com\/AYadvogados\" \/>\n<meta property=\"article:published_time\" content=\"2021-01-14T12:41:00+00:00\" \/>\n<meta property=\"article:modified_time\" content=\"2021-02-26T12:42:06+00:00\" \/>\n<meta name=\"author\" content=\"Infra\" \/>\n<meta name=\"twitter:card\" content=\"summary_large_image\" \/>\n<meta name=\"twitter:label1\" content=\"Escrito por\" \/>\n\t<meta name=\"twitter:data1\" content=\"Infra\" \/>\n\t<meta name=\"twitter:label2\" content=\"Est. tempo de leitura\" \/>\n\t<meta name=\"twitter:data2\" content=\"5 minutos\" \/>\n<script type=\"application\/ld+json\" class=\"yoast-schema-graph\">{\"@context\":\"https:\\\/\\\/schema.org\",\"@graph\":[{\"@type\":\"Article\",\"@id\":\"https:\\\/\\\/www.34.239.117.254.sslip.io\\\/?p=169#article\",\"isPartOf\":{\"@id\":\"https:\\\/\\\/www.34.239.117.254.sslip.io\\\/?p=169\"},\"author\":{\"name\":\"Infra\",\"@id\":\"https:\\\/\\\/www.34.239.117.254.sslip.io\\\/#\\\/schema\\\/person\\\/6b9165a58758b048b8ea5a4fbd4ec3c4\"},\"headline\":\"Tribunal autoriza plano de sa\u00fade a usar preju\u00edzo fiscal em parcelamento federal\",\"datePublished\":\"2021-01-14T12:41:00+00:00\",\"dateModified\":\"2021-02-26T12:42:06+00:00\",\"mainEntityOfPage\":{\"@id\":\"https:\\\/\\\/www.34.239.117.254.sslip.io\\\/?p=169\"},\"wordCount\":1111,\"commentCount\":0,\"publisher\":{\"@id\":\"https:\\\/\\\/www.34.239.117.254.sslip.io\\\/#organization\"},\"articleSection\":[\"Not\u00edcia do Dia\"],\"inLanguage\":\"pt-BR\",\"potentialAction\":[{\"@type\":\"CommentAction\",\"name\":\"Comment\",\"target\":[\"https:\\\/\\\/www.34.239.117.254.sslip.io\\\/?p=169#respond\"]}]},{\"@type\":\"WebPage\",\"@id\":\"https:\\\/\\\/www.34.239.117.254.sslip.io\\\/?p=169\",\"url\":\"https:\\\/\\\/www.34.239.117.254.sslip.io\\\/?p=169\",\"name\":\"Tribunal autoriza plano de sa\u00fade a usar preju\u00edzo fiscal em parcelamento federal - Amaral, Yazbek Advogados\",\"isPartOf\":{\"@id\":\"https:\\\/\\\/www.34.239.117.254.sslip.io\\\/#website\"},\"datePublished\":\"2021-01-14T12:41:00+00:00\",\"dateModified\":\"2021-02-26T12:42:06+00:00\",\"breadcrumb\":{\"@id\":\"https:\\\/\\\/www.34.239.117.254.sslip.io\\\/?p=169#breadcrumb\"},\"inLanguage\":\"pt-BR\",\"potentialAction\":[{\"@type\":\"ReadAction\",\"target\":[\"https:\\\/\\\/www.34.239.117.254.sslip.io\\\/?p=169\"]}]},{\"@type\":\"BreadcrumbList\",\"@id\":\"https:\\\/\\\/www.34.239.117.254.sslip.io\\\/?p=169#breadcrumb\",\"itemListElement\":[{\"@type\":\"ListItem\",\"position\":1,\"name\":\"In\u00edcio\",\"item\":\"https:\\\/\\\/www.34.239.117.254.sslip.io\\\/\"},{\"@type\":\"ListItem\",\"position\":2,\"name\":\"Tribunal autoriza plano de sa\u00fade a usar preju\u00edzo fiscal em parcelamento federal\"}]},{\"@type\":\"WebSite\",\"@id\":\"https:\\\/\\\/www.34.239.117.254.sslip.io\\\/#website\",\"url\":\"https:\\\/\\\/www.34.239.117.254.sslip.io\\\/\",\"name\":\"Amaral, Yazbek Advogados\",\"description\":\"Curitiba \u2022 Bras\u00edlia \u2022 S\u00e3o Paulo\",\"publisher\":{\"@id\":\"https:\\\/\\\/www.34.239.117.254.sslip.io\\\/#organization\"},\"potentialAction\":[{\"@type\":\"SearchAction\",\"target\":{\"@type\":\"EntryPoint\",\"urlTemplate\":\"https:\\\/\\\/www.34.239.117.254.sslip.io\\\/?s={search_term_string}\"},\"query-input\":{\"@type\":\"PropertyValueSpecification\",\"valueRequired\":true,\"valueName\":\"search_term_string\"}}],\"inLanguage\":\"pt-BR\"},{\"@type\":\"Organization\",\"@id\":\"https:\\\/\\\/www.34.239.117.254.sslip.io\\\/#organization\",\"name\":\"Amaral, Yazbek Advogados\",\"url\":\"https:\\\/\\\/www.34.239.117.254.sslip.io\\\/\",\"logo\":{\"@type\":\"ImageObject\",\"inLanguage\":\"pt-BR\",\"@id\":\"https:\\\/\\\/www.34.239.117.254.sslip.io\\\/#\\\/schema\\\/logo\\\/image\\\/\",\"url\":\"http:\\\/\\\/34.239.117.254\\\/wp-content\\\/uploads\\\/2021\\\/03\\\/logo-ay-g.png\",\"contentUrl\":\"http:\\\/\\\/34.239.117.254\\\/wp-content\\\/uploads\\\/2021\\\/03\\\/logo-ay-g.png\",\"width\":434,\"height\":106,\"caption\":\"Amaral, Yazbek Advogados\"},\"image\":{\"@id\":\"https:\\\/\\\/www.34.239.117.254.sslip.io\\\/#\\\/schema\\\/logo\\\/image\\\/\"},\"sameAs\":[\"https:\\\/\\\/www.facebook.com\\\/AYadvogados\",\"https:\\\/\\\/www.instagram.com\\\/ayadvogados\\\/\"]},{\"@type\":\"Person\",\"@id\":\"https:\\\/\\\/www.34.239.117.254.sslip.io\\\/#\\\/schema\\\/person\\\/6b9165a58758b048b8ea5a4fbd4ec3c4\",\"name\":\"Infra\",\"image\":{\"@type\":\"ImageObject\",\"inLanguage\":\"pt-BR\",\"@id\":\"https:\\\/\\\/secure.gravatar.com\\\/avatar\\\/60bf67293e186b9c834e31753dcc586dfcedb661d13b6b9ba29ac991ccafc035?s=96&d=mm&r=g\",\"url\":\"https:\\\/\\\/secure.gravatar.com\\\/avatar\\\/60bf67293e186b9c834e31753dcc586dfcedb661d13b6b9ba29ac991ccafc035?s=96&d=mm&r=g\",\"contentUrl\":\"https:\\\/\\\/secure.gravatar.com\\\/avatar\\\/60bf67293e186b9c834e31753dcc586dfcedb661d13b6b9ba29ac991ccafc035?s=96&d=mm&r=g\",\"caption\":\"Infra\"},\"url\":\"https:\\\/\\\/www.ayadvogados.com.br\\\/?author=3\"}]}<\/script>\n<!-- \/ Yoast SEO plugin. -->","yoast_head_json":{"title":"Tribunal autoriza plano de sa\u00fade a usar preju\u00edzo fiscal em parcelamento federal - Amaral, Yazbek Advogados","robots":{"index":"index","follow":"follow","max-snippet":"max-snippet:-1","max-image-preview":"max-image-preview:large","max-video-preview":"max-video-preview:-1"},"canonical":"https:\/\/www.34.239.117.254.sslip.io\/?p=169","og_locale":"pt_BR","og_type":"article","og_title":"Tribunal autoriza plano de sa\u00fade a usar preju\u00edzo fiscal em parcelamento federal - Amaral, Yazbek Advogados","og_description":"O Tribunal Regional Federal (TRF) da 3\u00aa Regi\u00e3o, com sede em S\u00e3o Paulo, autorizou um plano de sa\u00fade a usar no Programa Especial de Regulariza\u00e7\u00e3o Tribut\u00e1ria (Pert), parcelamento federal aberto em 2017, cr\u00e9ditos de preju\u00edzo fiscal e de base de c\u00e1lculo negativa da CSLL de sua controladora. A medida, n\u00e3o permitida pela Procuradoria-Geral da Fazenda [&hellip;]","og_url":"https:\/\/www.34.239.117.254.sslip.io\/?p=169","og_site_name":"Amaral, Yazbek Advogados","article_publisher":"https:\/\/www.facebook.com\/AYadvogados","article_published_time":"2021-01-14T12:41:00+00:00","article_modified_time":"2021-02-26T12:42:06+00:00","author":"Infra","twitter_card":"summary_large_image","twitter_misc":{"Escrito por":"Infra","Est. tempo de leitura":"5 minutos"},"schema":{"@context":"https:\/\/schema.org","@graph":[{"@type":"Article","@id":"https:\/\/www.34.239.117.254.sslip.io\/?p=169#article","isPartOf":{"@id":"https:\/\/www.34.239.117.254.sslip.io\/?p=169"},"author":{"name":"Infra","@id":"https:\/\/www.34.239.117.254.sslip.io\/#\/schema\/person\/6b9165a58758b048b8ea5a4fbd4ec3c4"},"headline":"Tribunal autoriza plano de sa\u00fade a usar preju\u00edzo fiscal em parcelamento federal","datePublished":"2021-01-14T12:41:00+00:00","dateModified":"2021-02-26T12:42:06+00:00","mainEntityOfPage":{"@id":"https:\/\/www.34.239.117.254.sslip.io\/?p=169"},"wordCount":1111,"commentCount":0,"publisher":{"@id":"https:\/\/www.34.239.117.254.sslip.io\/#organization"},"articleSection":["Not\u00edcia do Dia"],"inLanguage":"pt-BR","potentialAction":[{"@type":"CommentAction","name":"Comment","target":["https:\/\/www.34.239.117.254.sslip.io\/?p=169#respond"]}]},{"@type":"WebPage","@id":"https:\/\/www.34.239.117.254.sslip.io\/?p=169","url":"https:\/\/www.34.239.117.254.sslip.io\/?p=169","name":"Tribunal autoriza plano de sa\u00fade a usar preju\u00edzo fiscal em parcelamento federal - Amaral, Yazbek Advogados","isPartOf":{"@id":"https:\/\/www.34.239.117.254.sslip.io\/#website"},"datePublished":"2021-01-14T12:41:00+00:00","dateModified":"2021-02-26T12:42:06+00:00","breadcrumb":{"@id":"https:\/\/www.34.239.117.254.sslip.io\/?p=169#breadcrumb"},"inLanguage":"pt-BR","potentialAction":[{"@type":"ReadAction","target":["https:\/\/www.34.239.117.254.sslip.io\/?p=169"]}]},{"@type":"BreadcrumbList","@id":"https:\/\/www.34.239.117.254.sslip.io\/?p=169#breadcrumb","itemListElement":[{"@type":"ListItem","position":1,"name":"In\u00edcio","item":"https:\/\/www.34.239.117.254.sslip.io\/"},{"@type":"ListItem","position":2,"name":"Tribunal autoriza plano de sa\u00fade a usar preju\u00edzo fiscal em parcelamento federal"}]},{"@type":"WebSite","@id":"https:\/\/www.34.239.117.254.sslip.io\/#website","url":"https:\/\/www.34.239.117.254.sslip.io\/","name":"Amaral, Yazbek Advogados","description":"Curitiba \u2022 Bras\u00edlia \u2022 S\u00e3o Paulo","publisher":{"@id":"https:\/\/www.34.239.117.254.sslip.io\/#organization"},"potentialAction":[{"@type":"SearchAction","target":{"@type":"EntryPoint","urlTemplate":"https:\/\/www.34.239.117.254.sslip.io\/?s={search_term_string}"},"query-input":{"@type":"PropertyValueSpecification","valueRequired":true,"valueName":"search_term_string"}}],"inLanguage":"pt-BR"},{"@type":"Organization","@id":"https:\/\/www.34.239.117.254.sslip.io\/#organization","name":"Amaral, Yazbek Advogados","url":"https:\/\/www.34.239.117.254.sslip.io\/","logo":{"@type":"ImageObject","inLanguage":"pt-BR","@id":"https:\/\/www.34.239.117.254.sslip.io\/#\/schema\/logo\/image\/","url":"http:\/\/34.239.117.254\/wp-content\/uploads\/2021\/03\/logo-ay-g.png","contentUrl":"http:\/\/34.239.117.254\/wp-content\/uploads\/2021\/03\/logo-ay-g.png","width":434,"height":106,"caption":"Amaral, Yazbek Advogados"},"image":{"@id":"https:\/\/www.34.239.117.254.sslip.io\/#\/schema\/logo\/image\/"},"sameAs":["https:\/\/www.facebook.com\/AYadvogados","https:\/\/www.instagram.com\/ayadvogados\/"]},{"@type":"Person","@id":"https:\/\/www.34.239.117.254.sslip.io\/#\/schema\/person\/6b9165a58758b048b8ea5a4fbd4ec3c4","name":"Infra","image":{"@type":"ImageObject","inLanguage":"pt-BR","@id":"https:\/\/secure.gravatar.com\/avatar\/60bf67293e186b9c834e31753dcc586dfcedb661d13b6b9ba29ac991ccafc035?s=96&d=mm&r=g","url":"https:\/\/secure.gravatar.com\/avatar\/60bf67293e186b9c834e31753dcc586dfcedb661d13b6b9ba29ac991ccafc035?s=96&d=mm&r=g","contentUrl":"https:\/\/secure.gravatar.com\/avatar\/60bf67293e186b9c834e31753dcc586dfcedb661d13b6b9ba29ac991ccafc035?s=96&d=mm&r=g","caption":"Infra"},"url":"https:\/\/www.ayadvogados.com.br\/?author=3"}]}},"rttpg_featured_image_url":null,"rttpg_author":{"display_name":"Infra","author_link":"https:\/\/www.ayadvogados.com.br\/?author=3"},"rttpg_comment":0,"rttpg_category":"<a href=\"https:\/\/www.ayadvogados.com.br\/?cat=1\" rel=\"category\">Not\u00edcia do Dia<\/a>","rttpg_excerpt":"O Tribunal Regional Federal (TRF) da 3\u00aa Regi\u00e3o, com sede em S\u00e3o Paulo, autorizou um plano de sa\u00fade a usar no Programa Especial de Regulariza\u00e7\u00e3o Tribut\u00e1ria (Pert), parcelamento federal aberto em 2017, cr\u00e9ditos de preju\u00edzo fiscal e de base de c\u00e1lculo negativa da CSLL de sua controladora. A medida, n\u00e3o permitida pela Procuradoria-Geral da Fazenda&hellip;","_links":{"self":[{"href":"https:\/\/www.ayadvogados.com.br\/index.php?rest_route=\/wp\/v2\/posts\/169","targetHints":{"allow":["GET"]}}],"collection":[{"href":"https:\/\/www.ayadvogados.com.br\/index.php?rest_route=\/wp\/v2\/posts"}],"about":[{"href":"https:\/\/www.ayadvogados.com.br\/index.php?rest_route=\/wp\/v2\/types\/post"}],"author":[{"embeddable":true,"href":"https:\/\/www.ayadvogados.com.br\/index.php?rest_route=\/wp\/v2\/users\/3"}],"replies":[{"embeddable":true,"href":"https:\/\/www.ayadvogados.com.br\/index.php?rest_route=%2Fwp%2Fv2%2Fcomments&post=169"}],"version-history":[{"count":1,"href":"https:\/\/www.ayadvogados.com.br\/index.php?rest_route=\/wp\/v2\/posts\/169\/revisions"}],"predecessor-version":[{"id":170,"href":"https:\/\/www.ayadvogados.com.br\/index.php?rest_route=\/wp\/v2\/posts\/169\/revisions\/170"}],"wp:attachment":[{"href":"https:\/\/www.ayadvogados.com.br\/index.php?rest_route=%2Fwp%2Fv2%2Fmedia&parent=169"}],"wp:term":[{"taxonomy":"category","embeddable":true,"href":"https:\/\/www.ayadvogados.com.br\/index.php?rest_route=%2Fwp%2Fv2%2Fcategories&post=169"},{"taxonomy":"post_tag","embeddable":true,"href":"https:\/\/www.ayadvogados.com.br\/index.php?rest_route=%2Fwp%2Fv2%2Ftags&post=169"}],"curies":[{"name":"wp","href":"https:\/\/api.w.org\/{rel}","templated":true}]}}