{"id":165,"date":"2021-01-18T09:40:00","date_gmt":"2021-01-18T12:40:00","guid":{"rendered":"http:\/\/34.239.117.254\/?p=165"},"modified":"2021-02-26T09:40:44","modified_gmt":"2021-02-26T12:40:44","slug":"carf-informa-portaria-carf-altera-procedimentos-para-sessoes-virtuais","status":"publish","type":"post","link":"https:\/\/www.ayadvogados.com.br\/?p=165","title":{"rendered":"Carf informa: Portaria CARF altera procedimentos para sess\u00f5es virtuais"},"content":{"rendered":"\n<p>Foi publicada no Di\u00e1rio Oficial da Uni\u00e3o de hoje, 18 de janeiro de 20210, a Portaria CARF n\u00ba 690 que trata de reuni\u00e3o de julgamento virtual e revoga as portarias CARF n\u00ba 17.296, de 17 de julho de 2020, n\u00ba 18.077, de 30 de julho de 2020, e n\u00ba 19.336, de 14 de agosto de 2020.<\/p>\n\n\n\n<p>A portaria, que regulamenta o disposto na Portaria ME n\u00ba 665, de 14 de janeiro de 2021, amplia o limite do valor dos processos para julgamento em sess\u00e3o n\u00e3o presencial para&nbsp;R$ 12.000.000,00 (doze milh\u00f5es de reais), como tamb\u00e9m disciplina o julgamento por meio de videoconfer\u00eancia da representa\u00e7\u00e3o de nulidade de que trata o art. 80 do Anexo II do RICARF.<\/p>\n\n\n\n<p>As medidas aplicam-se \u00e0s sess\u00f5es de julgamento realizadas a partir de 1\u00ba de fevereiro de 2021.<\/p>\n\n\n\n<p>Clique <a href=\"http:\/\/idg.carf.fazenda.gov.br\/noticias\/2021\/portaria-carf-altera-procedimentos-para-sessoes-virtuais\/portaria-18-01-2021-portaria-carf-me-no-690-de-15-de-janeiro-de-2021.pdf\">AQUI<\/a>&nbsp;para ler na \u00edntegra a Portaria CARF n\u00ba 690\/2021.<\/p>\n\n\n\n<p>Com informa\u00e7\u00f5es da assessoria de imprensa do&nbsp;Carf<\/p>\n\n\n\n<p>Fonte: <a href=\"https:\/\/monitordomercado.com.br\/noticias\/15783-portaria-carf-altera-procedimentos-para-\">Monitor de Mercado&nbsp;<\/a><\/p>\n\n\n\n<p>A Amaral, Yazbek, OAB\/PR 762, possui 35 anos de experi\u00eancia auxiliando empresas a transformar a tributa\u00e7\u00e3o em lucro. Entre em contato com um dos s\u00f3cios para agendamento de reuni\u00e3o em caso de d\u00favidas.<\/p>\n\n\n\n<p>Contato: 41 3595-8300 ou pelo nosso WhatsApp 41 99567-5696<\/p>\n\n\n\n<p>Av. C\u00e2ndido Hartmann, 50 \u2013 Bigorrilho | Curitiba-PR<\/p>\n\n\n\n<p>Assine nossa Newsletter e fique por dentro das novidades!<\/p>\n\n\n\n<p>Quer receber seu exemplar da revista Governan\u00e7a Jur\u00eddica? Clique <a href=\"http:\/\/ayadvogados.com.br\/revista\">aqui<\/a>&nbsp;e pe\u00e7a a sua.<\/p>\n\n\n\n<p>Nos acompanhe nas redes sociais: <a href=\"https:\/\/www.facebook.com\/amaral.yazbek\">Facebook<\/a>&nbsp;| <a href=\"https:\/\/www.instagram.com\/amaral.yazbek\/\">Instagram<\/a> | <a href=\"https:\/\/www.linkedin.com\/company\/3357082\/admin\/\">Linkedin<\/a><\/p>\n\n\n\n<p>J\u00e1 conhece o canal Direito da Intelig\u00eancia de Neg\u00f3cios? <a href=\"https:\/\/www.youtube.com\/channel\/UCu2Mpu32ht8DEN8OFRXYMyw\">Inscreva-se j\u00e1<\/a><\/p>\n","protected":false},"excerpt":{"rendered":"<p>Foi publicada no Di\u00e1rio Oficial da Uni\u00e3o de hoje, 18 de janeiro de 20210, a Portaria CARF n\u00ba 690 que trata de reuni\u00e3o de julgamento virtual e revoga as portarias CARF n\u00ba 17.296, de 17 de julho de 2020, n\u00ba 18.077, de 30 de julho de 2020, e n\u00ba 19.336, de 14 de agosto de [&hellip;]<\/p>\n","protected":false},"author":3,"featured_media":0,"comment_status":"open","ping_status":"open","sticky":false,"template":"","format":"standard","meta":{"footnotes":""},"categories":[1],"tags":[],"class_list":["post-165","post","type-post","status-publish","format-standard","hentry","category-noticia-do-dia"],"blocksy_meta":{"styles_descriptor":{"styles":{"desktop":"","tablet":"","mobile":""},"google_fonts":[],"version":6}},"yoast_head":"<!-- This site is optimized with the Yoast SEO plugin v27.5 - https:\/\/yoast.com\/product\/yoast-seo-wordpress\/ -->\n<title>Carf informa: Portaria CARF altera procedimentos para sess\u00f5es virtuais - Amaral, Yazbek Advogados<\/title>\n<meta name=\"robots\" content=\"index, follow, max-snippet:-1, max-image-preview:large, max-video-preview:-1\" \/>\n<link rel=\"canonical\" href=\"https:\/\/www.eloquent-edison.34-239-117-254.plesk.page\/?p=165\" \/>\n<meta property=\"og:locale\" content=\"pt_BR\" \/>\n<meta property=\"og:type\" content=\"article\" \/>\n<meta property=\"og:title\" content=\"Carf informa: Portaria CARF altera procedimentos para sess\u00f5es virtuais - Amaral, Yazbek Advogados\" \/>\n<meta property=\"og:description\" content=\"Foi publicada no Di\u00e1rio Oficial da Uni\u00e3o de hoje, 18 de janeiro de 20210, a Portaria CARF n\u00ba 690 que trata de reuni\u00e3o de julgamento virtual e revoga as portarias CARF n\u00ba 17.296, de 17 de julho de 2020, n\u00ba 18.077, de 30 de julho de 2020, e n\u00ba 19.336, de 14 de agosto de [&hellip;]\" \/>\n<meta property=\"og:url\" content=\"https:\/\/www.eloquent-edison.34-239-117-254.plesk.page\/?p=165\" \/>\n<meta property=\"og:site_name\" content=\"Amaral, Yazbek Advogados\" \/>\n<meta property=\"article:publisher\" content=\"https:\/\/www.facebook.com\/AYadvogados\" \/>\n<meta property=\"article:published_time\" content=\"2021-01-18T12:40:00+00:00\" \/>\n<meta property=\"article:modified_time\" content=\"2021-02-26T12:40:44+00:00\" \/>\n<meta name=\"author\" content=\"Infra\" \/>\n<meta name=\"twitter:card\" content=\"summary_large_image\" \/>\n<meta name=\"twitter:label1\" content=\"Escrito por\" \/>\n\t<meta name=\"twitter:data1\" content=\"Infra\" \/>\n\t<meta name=\"twitter:label2\" content=\"Est. tempo de leitura\" \/>\n\t<meta name=\"twitter:data2\" content=\"1 minuto\" \/>\n<script type=\"application\/ld+json\" class=\"yoast-schema-graph\">{\"@context\":\"https:\\\/\\\/schema.org\",\"@graph\":[{\"@type\":\"Article\",\"@id\":\"https:\\\/\\\/www.eloquent-edison.34-239-117-254.plesk.page\\\/?p=165#article\",\"isPartOf\":{\"@id\":\"https:\\\/\\\/www.eloquent-edison.34-239-117-254.plesk.page\\\/?p=165\"},\"author\":{\"name\":\"Infra\",\"@id\":\"https:\\\/\\\/www.34.239.117.254.sslip.io\\\/#\\\/schema\\\/person\\\/6b9165a58758b048b8ea5a4fbd4ec3c4\"},\"headline\":\"Carf informa: Portaria CARF altera procedimentos para sess\u00f5es virtuais\",\"datePublished\":\"2021-01-18T12:40:00+00:00\",\"dateModified\":\"2021-02-26T12:40:44+00:00\",\"mainEntityOfPage\":{\"@id\":\"https:\\\/\\\/www.eloquent-edison.34-239-117-254.plesk.page\\\/?p=165\"},\"wordCount\":260,\"commentCount\":0,\"publisher\":{\"@id\":\"https:\\\/\\\/www.34.239.117.254.sslip.io\\\/#organization\"},\"articleSection\":[\"Not\u00edcia do Dia\"],\"inLanguage\":\"pt-BR\",\"potentialAction\":[{\"@type\":\"CommentAction\",\"name\":\"Comment\",\"target\":[\"https:\\\/\\\/www.eloquent-edison.34-239-117-254.plesk.page\\\/?p=165#respond\"]}]},{\"@type\":\"WebPage\",\"@id\":\"https:\\\/\\\/www.eloquent-edison.34-239-117-254.plesk.page\\\/?p=165\",\"url\":\"https:\\\/\\\/www.eloquent-edison.34-239-117-254.plesk.page\\\/?p=165\",\"name\":\"Carf informa: Portaria CARF altera procedimentos para sess\u00f5es virtuais - Amaral, Yazbek Advogados\",\"isPartOf\":{\"@id\":\"https:\\\/\\\/www.34.239.117.254.sslip.io\\\/#website\"},\"datePublished\":\"2021-01-18T12:40:00+00:00\",\"dateModified\":\"2021-02-26T12:40:44+00:00\",\"breadcrumb\":{\"@id\":\"https:\\\/\\\/www.eloquent-edison.34-239-117-254.plesk.page\\\/?p=165#breadcrumb\"},\"inLanguage\":\"pt-BR\",\"potentialAction\":[{\"@type\":\"ReadAction\",\"target\":[\"https:\\\/\\\/www.eloquent-edison.34-239-117-254.plesk.page\\\/?p=165\"]}]},{\"@type\":\"BreadcrumbList\",\"@id\":\"https:\\\/\\\/www.eloquent-edison.34-239-117-254.plesk.page\\\/?p=165#breadcrumb\",\"itemListElement\":[{\"@type\":\"ListItem\",\"position\":1,\"name\":\"In\u00edcio\",\"item\":\"https:\\\/\\\/www.34.239.117.254.sslip.io\\\/\"},{\"@type\":\"ListItem\",\"position\":2,\"name\":\"Carf informa: Portaria CARF altera procedimentos para sess\u00f5es virtuais\"}]},{\"@type\":\"WebSite\",\"@id\":\"https:\\\/\\\/www.34.239.117.254.sslip.io\\\/#website\",\"url\":\"https:\\\/\\\/www.34.239.117.254.sslip.io\\\/\",\"name\":\"Amaral, Yazbek Advogados\",\"description\":\"Curitiba \u2022 Bras\u00edlia \u2022 S\u00e3o Paulo\",\"publisher\":{\"@id\":\"https:\\\/\\\/www.34.239.117.254.sslip.io\\\/#organization\"},\"potentialAction\":[{\"@type\":\"SearchAction\",\"target\":{\"@type\":\"EntryPoint\",\"urlTemplate\":\"https:\\\/\\\/www.34.239.117.254.sslip.io\\\/?s={search_term_string}\"},\"query-input\":{\"@type\":\"PropertyValueSpecification\",\"valueRequired\":true,\"valueName\":\"search_term_string\"}}],\"inLanguage\":\"pt-BR\"},{\"@type\":\"Organization\",\"@id\":\"https:\\\/\\\/www.34.239.117.254.sslip.io\\\/#organization\",\"name\":\"Amaral, Yazbek Advogados\",\"url\":\"https:\\\/\\\/www.34.239.117.254.sslip.io\\\/\",\"logo\":{\"@type\":\"ImageObject\",\"inLanguage\":\"pt-BR\",\"@id\":\"https:\\\/\\\/www.34.239.117.254.sslip.io\\\/#\\\/schema\\\/logo\\\/image\\\/\",\"url\":\"http:\\\/\\\/34.239.117.254\\\/wp-content\\\/uploads\\\/2021\\\/03\\\/logo-ay-g.png\",\"contentUrl\":\"http:\\\/\\\/34.239.117.254\\\/wp-content\\\/uploads\\\/2021\\\/03\\\/logo-ay-g.png\",\"width\":434,\"height\":106,\"caption\":\"Amaral, Yazbek Advogados\"},\"image\":{\"@id\":\"https:\\\/\\\/www.34.239.117.254.sslip.io\\\/#\\\/schema\\\/logo\\\/image\\\/\"},\"sameAs\":[\"https:\\\/\\\/www.facebook.com\\\/AYadvogados\",\"https:\\\/\\\/www.instagram.com\\\/ayadvogados\\\/\"]},{\"@type\":\"Person\",\"@id\":\"https:\\\/\\\/www.34.239.117.254.sslip.io\\\/#\\\/schema\\\/person\\\/6b9165a58758b048b8ea5a4fbd4ec3c4\",\"name\":\"Infra\",\"image\":{\"@type\":\"ImageObject\",\"inLanguage\":\"pt-BR\",\"@id\":\"https:\\\/\\\/secure.gravatar.com\\\/avatar\\\/60bf67293e186b9c834e31753dcc586dfcedb661d13b6b9ba29ac991ccafc035?s=96&d=mm&r=g\",\"url\":\"https:\\\/\\\/secure.gravatar.com\\\/avatar\\\/60bf67293e186b9c834e31753dcc586dfcedb661d13b6b9ba29ac991ccafc035?s=96&d=mm&r=g\",\"contentUrl\":\"https:\\\/\\\/secure.gravatar.com\\\/avatar\\\/60bf67293e186b9c834e31753dcc586dfcedb661d13b6b9ba29ac991ccafc035?s=96&d=mm&r=g\",\"caption\":\"Infra\"},\"url\":\"https:\\\/\\\/www.ayadvogados.com.br\\\/?author=3\"}]}<\/script>\n<!-- \/ Yoast SEO plugin. -->","yoast_head_json":{"title":"Carf informa: Portaria CARF altera procedimentos para sess\u00f5es virtuais - Amaral, Yazbek Advogados","robots":{"index":"index","follow":"follow","max-snippet":"max-snippet:-1","max-image-preview":"max-image-preview:large","max-video-preview":"max-video-preview:-1"},"canonical":"https:\/\/www.eloquent-edison.34-239-117-254.plesk.page\/?p=165","og_locale":"pt_BR","og_type":"article","og_title":"Carf informa: Portaria CARF altera procedimentos para sess\u00f5es virtuais - Amaral, Yazbek Advogados","og_description":"Foi publicada no Di\u00e1rio Oficial da Uni\u00e3o de hoje, 18 de janeiro de 20210, a Portaria CARF n\u00ba 690 que trata de reuni\u00e3o de julgamento virtual e revoga as portarias CARF n\u00ba 17.296, de 17 de julho de 2020, n\u00ba 18.077, de 30 de julho de 2020, e n\u00ba 19.336, de 14 de agosto de [&hellip;]","og_url":"https:\/\/www.eloquent-edison.34-239-117-254.plesk.page\/?p=165","og_site_name":"Amaral, Yazbek Advogados","article_publisher":"https:\/\/www.facebook.com\/AYadvogados","article_published_time":"2021-01-18T12:40:00+00:00","article_modified_time":"2021-02-26T12:40:44+00:00","author":"Infra","twitter_card":"summary_large_image","twitter_misc":{"Escrito por":"Infra","Est. tempo de leitura":"1 minuto"},"schema":{"@context":"https:\/\/schema.org","@graph":[{"@type":"Article","@id":"https:\/\/www.eloquent-edison.34-239-117-254.plesk.page\/?p=165#article","isPartOf":{"@id":"https:\/\/www.eloquent-edison.34-239-117-254.plesk.page\/?p=165"},"author":{"name":"Infra","@id":"https:\/\/www.34.239.117.254.sslip.io\/#\/schema\/person\/6b9165a58758b048b8ea5a4fbd4ec3c4"},"headline":"Carf informa: Portaria CARF altera procedimentos para sess\u00f5es virtuais","datePublished":"2021-01-18T12:40:00+00:00","dateModified":"2021-02-26T12:40:44+00:00","mainEntityOfPage":{"@id":"https:\/\/www.eloquent-edison.34-239-117-254.plesk.page\/?p=165"},"wordCount":260,"commentCount":0,"publisher":{"@id":"https:\/\/www.34.239.117.254.sslip.io\/#organization"},"articleSection":["Not\u00edcia do Dia"],"inLanguage":"pt-BR","potentialAction":[{"@type":"CommentAction","name":"Comment","target":["https:\/\/www.eloquent-edison.34-239-117-254.plesk.page\/?p=165#respond"]}]},{"@type":"WebPage","@id":"https:\/\/www.eloquent-edison.34-239-117-254.plesk.page\/?p=165","url":"https:\/\/www.eloquent-edison.34-239-117-254.plesk.page\/?p=165","name":"Carf informa: Portaria CARF altera procedimentos para sess\u00f5es virtuais - Amaral, Yazbek Advogados","isPartOf":{"@id":"https:\/\/www.34.239.117.254.sslip.io\/#website"},"datePublished":"2021-01-18T12:40:00+00:00","dateModified":"2021-02-26T12:40:44+00:00","breadcrumb":{"@id":"https:\/\/www.eloquent-edison.34-239-117-254.plesk.page\/?p=165#breadcrumb"},"inLanguage":"pt-BR","potentialAction":[{"@type":"ReadAction","target":["https:\/\/www.eloquent-edison.34-239-117-254.plesk.page\/?p=165"]}]},{"@type":"BreadcrumbList","@id":"https:\/\/www.eloquent-edison.34-239-117-254.plesk.page\/?p=165#breadcrumb","itemListElement":[{"@type":"ListItem","position":1,"name":"In\u00edcio","item":"https:\/\/www.34.239.117.254.sslip.io\/"},{"@type":"ListItem","position":2,"name":"Carf informa: Portaria CARF altera procedimentos para sess\u00f5es virtuais"}]},{"@type":"WebSite","@id":"https:\/\/www.34.239.117.254.sslip.io\/#website","url":"https:\/\/www.34.239.117.254.sslip.io\/","name":"Amaral, Yazbek Advogados","description":"Curitiba \u2022 Bras\u00edlia \u2022 S\u00e3o Paulo","publisher":{"@id":"https:\/\/www.34.239.117.254.sslip.io\/#organization"},"potentialAction":[{"@type":"SearchAction","target":{"@type":"EntryPoint","urlTemplate":"https:\/\/www.34.239.117.254.sslip.io\/?s={search_term_string}"},"query-input":{"@type":"PropertyValueSpecification","valueRequired":true,"valueName":"search_term_string"}}],"inLanguage":"pt-BR"},{"@type":"Organization","@id":"https:\/\/www.34.239.117.254.sslip.io\/#organization","name":"Amaral, Yazbek Advogados","url":"https:\/\/www.34.239.117.254.sslip.io\/","logo":{"@type":"ImageObject","inLanguage":"pt-BR","@id":"https:\/\/www.34.239.117.254.sslip.io\/#\/schema\/logo\/image\/","url":"http:\/\/34.239.117.254\/wp-content\/uploads\/2021\/03\/logo-ay-g.png","contentUrl":"http:\/\/34.239.117.254\/wp-content\/uploads\/2021\/03\/logo-ay-g.png","width":434,"height":106,"caption":"Amaral, Yazbek Advogados"},"image":{"@id":"https:\/\/www.34.239.117.254.sslip.io\/#\/schema\/logo\/image\/"},"sameAs":["https:\/\/www.facebook.com\/AYadvogados","https:\/\/www.instagram.com\/ayadvogados\/"]},{"@type":"Person","@id":"https:\/\/www.34.239.117.254.sslip.io\/#\/schema\/person\/6b9165a58758b048b8ea5a4fbd4ec3c4","name":"Infra","image":{"@type":"ImageObject","inLanguage":"pt-BR","@id":"https:\/\/secure.gravatar.com\/avatar\/60bf67293e186b9c834e31753dcc586dfcedb661d13b6b9ba29ac991ccafc035?s=96&d=mm&r=g","url":"https:\/\/secure.gravatar.com\/avatar\/60bf67293e186b9c834e31753dcc586dfcedb661d13b6b9ba29ac991ccafc035?s=96&d=mm&r=g","contentUrl":"https:\/\/secure.gravatar.com\/avatar\/60bf67293e186b9c834e31753dcc586dfcedb661d13b6b9ba29ac991ccafc035?s=96&d=mm&r=g","caption":"Infra"},"url":"https:\/\/www.ayadvogados.com.br\/?author=3"}]}},"rttpg_featured_image_url":null,"rttpg_author":{"display_name":"Infra","author_link":"https:\/\/www.ayadvogados.com.br\/?author=3"},"rttpg_comment":0,"rttpg_category":"<a href=\"https:\/\/www.ayadvogados.com.br\/?cat=1\" rel=\"category\">Not\u00edcia do Dia<\/a>","rttpg_excerpt":"Foi publicada no Di\u00e1rio Oficial da Uni\u00e3o de hoje, 18 de janeiro de 20210, a Portaria CARF n\u00ba 690 que trata de reuni\u00e3o de julgamento virtual e revoga as portarias CARF n\u00ba 17.296, de 17 de julho de 2020, n\u00ba 18.077, de 30 de julho de 2020, e n\u00ba 19.336, de 14 de agosto de&hellip;","_links":{"self":[{"href":"https:\/\/www.ayadvogados.com.br\/index.php?rest_route=\/wp\/v2\/posts\/165","targetHints":{"allow":["GET"]}}],"collection":[{"href":"https:\/\/www.ayadvogados.com.br\/index.php?rest_route=\/wp\/v2\/posts"}],"about":[{"href":"https:\/\/www.ayadvogados.com.br\/index.php?rest_route=\/wp\/v2\/types\/post"}],"author":[{"embeddable":true,"href":"https:\/\/www.ayadvogados.com.br\/index.php?rest_route=\/wp\/v2\/users\/3"}],"replies":[{"embeddable":true,"href":"https:\/\/www.ayadvogados.com.br\/index.php?rest_route=%2Fwp%2Fv2%2Fcomments&post=165"}],"version-history":[{"count":1,"href":"https:\/\/www.ayadvogados.com.br\/index.php?rest_route=\/wp\/v2\/posts\/165\/revisions"}],"predecessor-version":[{"id":166,"href":"https:\/\/www.ayadvogados.com.br\/index.php?rest_route=\/wp\/v2\/posts\/165\/revisions\/166"}],"wp:attachment":[{"href":"https:\/\/www.ayadvogados.com.br\/index.php?rest_route=%2Fwp%2Fv2%2Fmedia&parent=165"}],"wp:term":[{"taxonomy":"category","embeddable":true,"href":"https:\/\/www.ayadvogados.com.br\/index.php?rest_route=%2Fwp%2Fv2%2Fcategories&post=165"},{"taxonomy":"post_tag","embeddable":true,"href":"https:\/\/www.ayadvogados.com.br\/index.php?rest_route=%2Fwp%2Fv2%2Ftags&post=165"}],"curies":[{"name":"wp","href":"https:\/\/api.w.org\/{rel}","templated":true}]}}