{"id":1613,"date":"2021-10-01T09:24:00","date_gmt":"2021-10-01T12:24:00","guid":{"rendered":"http:\/\/34.239.117.254\/?p=1613"},"modified":"2021-10-04T09:30:30","modified_gmt":"2021-10-04T12:30:30","slug":"o-fim-da-desoneracao-da-folha-de-pagamento-e-os-efeitos-para-o-seu-negocio","status":"publish","type":"post","link":"https:\/\/www.ayadvogados.com.br\/?p=1613","title":{"rendered":"O fim da desonera\u00e7\u00e3o da folha de pagamento e os efeitos para o seu neg\u00f3cio!"},"content":{"rendered":"\n<p>Ol\u00e1. Sejam bem-vindos ao DIN&nbsp;Cast, o podcast feito para ajudar empres\u00e1rios e executivos de m\u00e9dias e grandes empresas a se tornarem l\u00edderes de mercado por meio da transforma\u00e7\u00e3o de dados e estrat\u00e9gia de neg\u00f3cios.&nbsp;<\/p>\n\n\n\n<p>Eu me chamo Wendy Prado e sou advogada parceira da Amaral,&nbsp;Yazbek, advogados e no epis\u00f3dio de hoje falaremos sobre&nbsp;a desonera\u00e7\u00e3o da folha de pagamento.&nbsp;<\/p>\n\n\n\n<p>Escute a mat\u00e9ria completa:&nbsp;<\/p>\n\n\n\n<figure class=\"wp-block-embed is-type-rich is-provider-spotify wp-block-embed-spotify wp-embed-aspect-21-9 wp-has-aspect-ratio\"><div class=\"wp-block-embed__wrapper\">\n<iframe title=\"Spotify Embed:  O fim da desonera\u00e7\u00e3o da folha de pagamento e os efeitos para o seu neg\u00f3cio! \" width=\"100%\" height=\"152\" frameborder=\"0\" allowfullscreen allow=\"autoplay; clipboard-write; encrypted-media; fullscreen; picture-in-picture\" src=\"https:\/\/open.spotify.com\/embed\/episode\/7gxu3dnNZsERsJkGIYQ0oV?si=Jms59VKVRPWCpCurd4nP5A&#038;dl_branch=1\"><\/iframe>\n<\/div><\/figure>\n\n\n\n<p>A desonera\u00e7\u00e3o da folha de pagamentos \u00e9 uma substitui\u00e7\u00e3o da base de c\u00e1lculo previdenci\u00e1ria. Ao inv\u00e9s de pagar a contribui\u00e7\u00e3o previdenci\u00e1ria&nbsp;sobre a folha de pagamento, se paga sobre a receita bruta. Na pr\u00e1tica, essa substitui\u00e7\u00e3o gera economia&nbsp;fiscal,&nbsp;j\u00e1 que a al\u00edquota incidente sobre&nbsp;a receita bruta \u00e9 menor do que a aplicada sobre a folha de pagamento.&nbsp;A al\u00edquota varia de acordo com o setor e atividade desenvolvida pela empresa.&nbsp;<\/p>\n\n\n\n<p>A Lei 12.546\/2011 que regulamentou a desonera\u00e7\u00e3o previu a possibilidade de substitui\u00e7\u00e3o at\u00e9 31 de dezembro desse ano.&nbsp;A c\u00e2mara dos deputados j\u00e1 discute a prorroga\u00e7\u00e3o da desonera\u00e7\u00e3o desde agosto.&nbsp;No \u00faltimo dia 15, o projeto de lei foi aprovado na comiss\u00e3o de finan\u00e7as e tributa\u00e7\u00e3o da c\u00e2mara&nbsp;e ir\u00e1 passar pela comiss\u00e3o de constitui\u00e7\u00e3o e justi\u00e7a.&nbsp;O texto legal prorroga por mais cinco anos a desonera\u00e7\u00e3o da folha de pagamento, por\u00e9m&nbsp;para&nbsp;apenas 17&nbsp;setores da economia.&nbsp;&nbsp;<\/p>\n\n\n\n<p>N\u00e3o s\u00e3o apenas esses setores os que sofreram com a paralisa\u00e7\u00e3o das atividades, pequenos com\u00e9rcios tamb\u00e9m tiveram enormes preju\u00edzos com as portas fechadas. Mas o entendimento da c\u00e2mara \u00e9 de favorecer principalmente os setores que geram mais empregos.&nbsp;<\/p>\n\n\n\n<p>Apesar da medida ser favor\u00e1vel aos contribuintes, h\u00e1 mais um lado a ser levado em considera\u00e7\u00e3o que \u00e9 o vi\u00e9s do equil\u00edbrio fiscal. O t\u00e9rmino da&nbsp;desonera\u00e7\u00e3o impacta positivamente os cofres p\u00fablicos.&nbsp;Inclusive, segundo informa\u00e7\u00f5es do governo disponibilizadas pela c\u00e2mara de not\u00edcias, a desonera\u00e7\u00e3o at\u00e9 o final deste ano custar\u00e1 R$ 10 bilh\u00f5es aos cofres p\u00fablicos.&nbsp;<\/p>\n\n\n\n<p>Mas, no que tange,&nbsp;ao foco do&nbsp;nosso&nbsp;podcast, a pergunta que o ouvinte&nbsp;deve&nbsp;estar se fazendo \u00e9:&nbsp;caso, o projeto de lei n\u00e3o seja promulgado,&nbsp;qual&nbsp;ser\u00e1&nbsp;o impacto&nbsp;do t\u00e9rmino da desonera\u00e7\u00e3o&nbsp;para mim e para a minha empresa?&nbsp;<\/p>\n\n\n\n<p>Mas, o cen\u00e1rio \u00e9 otimista e estamos aguardando a promulga\u00e7\u00e3o do projeto de lei.&nbsp;&nbsp;<\/p>\n\n\n\n<p>Ficou com alguma d\u00favida sobre o assunto? Acompanhe as nossas redes sociais, diariamente postamos informa\u00e7\u00f5es que ajudam as empresas a crescerem usando a tributa\u00e7\u00e3o como parte da estrat\u00e9gia de intelig\u00eancia de neg\u00f3cios.&nbsp;<\/p>\n\n\n\n<hr class=\"wp-block-separator has-text-color has-background has-palette-color-1-background-color has-palette-color-1-color is-style-dots\"\/>\n\n\n\n<div class=\"wp-block-group has-palette-color-6-background-color has-background is-layout-flow wp-block-group-is-layout-flow\">\n<p style=\"font-size:0.8em\">A Amaral,\u00a0Yazbek, OAB\/PR 762, possui 36 anos de experi\u00eancia auxiliando empresas a transformar a tributa\u00e7\u00e3o em lucro. Entre em contato com um dos s\u00f3cios para agendamento de reuni\u00e3o em caso de d\u00favidas.\u00a0\u00a0\u00a0<\/p>\n\n\n\n<p style=\"font-size:0.8em\">Contato: 41 3595-8300 ou pelo nosso WhatsApp 41 99567-5696\u00a0\u00a0\u00a0<\/p>\n\n\n\n<p style=\"font-size:0.8em\">Av. C\u00e2ndido Hartmann, 50 \u2013\u00a0Bigorrilho\u00a0| Curitiba-PR\u00a0\u00a0\u00a0<\/p>\n\n\n\n<p style=\"font-size:0.8em\">Assine nossa <a href=\"http:\/\/ayadvogados.com.br\/contato\/\">Newsletter<\/a> e fique por dentro das novidades!\u00a0\u00a0\u00a0<\/p>\n\n\n\n<p style=\"font-size:0.8em\">Quer receber seu exemplar da revista Governan\u00e7a Jur\u00eddica? <a href=\"http:\/\/ayadvogados.com.br\/revista\/\" data-type=\"page\" data-id=\"68\">Clique\u00a0aqui\u00a0e pe\u00e7a a sua<\/a>.\u00a0\u00a0\u00a0<\/p>\n\n\n\n<p style=\"font-size:0.8em\">Nos acompanhe nas redes sociais:\u00a0<a href=\"https:\/\/www.facebook.com\/AYadvogados\">Facebook<\/a>\u00a0|\u00a0<a href=\"https:\/\/www.instagram.com\/ayadvogados\/\">Instagram<\/a>\u00a0|\u00a0<a href=\"https:\/\/www.linkedin.com\/company\/amaral-yazbek-advogados\">Linkedin<\/a>\u00a0<\/p>\n\n\n\n<p style=\"font-size:0.8em\">J\u00e1 conhece o canal Direito da Intelig\u00eancia de Neg\u00f3cios?\u00a0<a href=\"https:\/\/www.youtube.com\/channel\/UCu2Mpu32ht8DEN8OFRXYMyw\">Inscreva-se j\u00e1<\/a><\/p>\n<\/div>\n","protected":false},"excerpt":{"rendered":"<p>Ol\u00e1. Sejam bem-vindos ao DIN&nbsp;Cast, o podcast feito para ajudar empres\u00e1rios e executivos de m\u00e9dias e grandes empresas a se tornarem l\u00edderes de mercado por meio da transforma\u00e7\u00e3o de dados e estrat\u00e9gia de neg\u00f3cios.&nbsp; Eu me chamo Wendy Prado e sou advogada parceira da Amaral,&nbsp;Yazbek, advogados e no epis\u00f3dio de hoje falaremos sobre&nbsp;a desonera\u00e7\u00e3o da [&hellip;]<\/p>\n","protected":false},"author":3,"featured_media":1616,"comment_status":"open","ping_status":"open","sticky":false,"template":"","format":"standard","meta":{"footnotes":""},"categories":[5],"tags":[],"class_list":["post-1613","post","type-post","status-publish","format-standard","has-post-thumbnail","hentry","category-dincast"],"blocksy_meta":{"styles_descriptor":{"styles":{"desktop":"","tablet":"","mobile":""},"google_fonts":[],"version":6}},"yoast_head":"<!-- This site is optimized with the Yoast SEO plugin v27.5 - https:\/\/yoast.com\/product\/yoast-seo-wordpress\/ -->\n<title>O fim da desonera\u00e7\u00e3o da folha de pagamento e os efeitos para o seu neg\u00f3cio! - Amaral, Yazbek Advogados<\/title>\n<meta name=\"robots\" content=\"index, follow, max-snippet:-1, max-image-preview:large, max-video-preview:-1\" \/>\n<link rel=\"canonical\" href=\"https:\/\/www.34.239.117.254.sslip.io\/?p=1613\" \/>\n<meta property=\"og:locale\" content=\"pt_BR\" \/>\n<meta property=\"og:type\" content=\"article\" \/>\n<meta property=\"og:title\" content=\"O fim da desonera\u00e7\u00e3o da folha de pagamento e os efeitos para o seu neg\u00f3cio! - Amaral, Yazbek Advogados\" \/>\n<meta property=\"og:description\" content=\"Ol\u00e1. Sejam bem-vindos ao DIN&nbsp;Cast, o podcast feito para ajudar empres\u00e1rios e executivos de m\u00e9dias e grandes empresas a se tornarem l\u00edderes de mercado por meio da transforma\u00e7\u00e3o de dados e estrat\u00e9gia de neg\u00f3cios.&nbsp; Eu me chamo Wendy Prado e sou advogada parceira da Amaral,&nbsp;Yazbek, advogados e no epis\u00f3dio de hoje falaremos sobre&nbsp;a desonera\u00e7\u00e3o da [&hellip;]\" \/>\n<meta property=\"og:url\" content=\"https:\/\/www.34.239.117.254.sslip.io\/?p=1613\" \/>\n<meta property=\"og:site_name\" content=\"Amaral, Yazbek Advogados\" \/>\n<meta property=\"article:publisher\" content=\"https:\/\/www.facebook.com\/AYadvogados\" \/>\n<meta property=\"article:published_time\" content=\"2021-10-01T12:24:00+00:00\" \/>\n<meta property=\"article:modified_time\" content=\"2021-10-04T12:30:30+00:00\" \/>\n<meta property=\"og:image\" content=\"https:\/\/www.34.239.117.254.sslip.io\/wp-content\/uploads\/2021\/10\/capa-ytb-.png\" \/>\n\t<meta property=\"og:image:width\" content=\"1920\" \/>\n\t<meta property=\"og:image:height\" content=\"1080\" \/>\n\t<meta property=\"og:image:type\" content=\"image\/png\" \/>\n<meta name=\"author\" content=\"Infra\" \/>\n<meta name=\"twitter:card\" content=\"summary_large_image\" \/>\n<meta name=\"twitter:label1\" content=\"Escrito por\" \/>\n\t<meta name=\"twitter:data1\" content=\"Infra\" \/>\n\t<meta name=\"twitter:label2\" content=\"Est. tempo de leitura\" \/>\n\t<meta name=\"twitter:data2\" content=\"3 minutos\" \/>\n<script type=\"application\/ld+json\" class=\"yoast-schema-graph\">{\"@context\":\"https:\\\/\\\/schema.org\",\"@graph\":[{\"@type\":\"Article\",\"@id\":\"https:\\\/\\\/www.34.239.117.254.sslip.io\\\/?p=1613#article\",\"isPartOf\":{\"@id\":\"https:\\\/\\\/www.34.239.117.254.sslip.io\\\/?p=1613\"},\"author\":{\"name\":\"Infra\",\"@id\":\"https:\\\/\\\/www.34.239.117.254.sslip.io\\\/#\\\/schema\\\/person\\\/6b9165a58758b048b8ea5a4fbd4ec3c4\"},\"headline\":\"O fim da desonera\u00e7\u00e3o da folha de pagamento e os efeitos para o seu neg\u00f3cio!\",\"datePublished\":\"2021-10-01T12:24:00+00:00\",\"dateModified\":\"2021-10-04T12:30:30+00:00\",\"mainEntityOfPage\":{\"@id\":\"https:\\\/\\\/www.34.239.117.254.sslip.io\\\/?p=1613\"},\"wordCount\":524,\"commentCount\":0,\"publisher\":{\"@id\":\"https:\\\/\\\/www.34.239.117.254.sslip.io\\\/#organization\"},\"image\":{\"@id\":\"https:\\\/\\\/www.34.239.117.254.sslip.io\\\/?p=1613#primaryimage\"},\"thumbnailUrl\":\"https:\\\/\\\/www.ayadvogados.com.br\\\/wp-content\\\/uploads\\\/2021\\\/10\\\/capa-ytb-.png\",\"articleSection\":[\"DINCast\"],\"inLanguage\":\"pt-BR\",\"potentialAction\":[{\"@type\":\"CommentAction\",\"name\":\"Comment\",\"target\":[\"https:\\\/\\\/www.34.239.117.254.sslip.io\\\/?p=1613#respond\"]}]},{\"@type\":\"WebPage\",\"@id\":\"https:\\\/\\\/www.34.239.117.254.sslip.io\\\/?p=1613\",\"url\":\"https:\\\/\\\/www.34.239.117.254.sslip.io\\\/?p=1613\",\"name\":\"O fim da desonera\u00e7\u00e3o da folha de pagamento e os efeitos para o seu neg\u00f3cio! - Amaral, Yazbek Advogados\",\"isPartOf\":{\"@id\":\"https:\\\/\\\/www.34.239.117.254.sslip.io\\\/#website\"},\"primaryImageOfPage\":{\"@id\":\"https:\\\/\\\/www.34.239.117.254.sslip.io\\\/?p=1613#primaryimage\"},\"image\":{\"@id\":\"https:\\\/\\\/www.34.239.117.254.sslip.io\\\/?p=1613#primaryimage\"},\"thumbnailUrl\":\"https:\\\/\\\/www.ayadvogados.com.br\\\/wp-content\\\/uploads\\\/2021\\\/10\\\/capa-ytb-.png\",\"datePublished\":\"2021-10-01T12:24:00+00:00\",\"dateModified\":\"2021-10-04T12:30:30+00:00\",\"breadcrumb\":{\"@id\":\"https:\\\/\\\/www.34.239.117.254.sslip.io\\\/?p=1613#breadcrumb\"},\"inLanguage\":\"pt-BR\",\"potentialAction\":[{\"@type\":\"ReadAction\",\"target\":[\"https:\\\/\\\/www.34.239.117.254.sslip.io\\\/?p=1613\"]}]},{\"@type\":\"ImageObject\",\"inLanguage\":\"pt-BR\",\"@id\":\"https:\\\/\\\/www.34.239.117.254.sslip.io\\\/?p=1613#primaryimage\",\"url\":\"https:\\\/\\\/www.ayadvogados.com.br\\\/wp-content\\\/uploads\\\/2021\\\/10\\\/capa-ytb-.png\",\"contentUrl\":\"https:\\\/\\\/www.ayadvogados.com.br\\\/wp-content\\\/uploads\\\/2021\\\/10\\\/capa-ytb-.png\",\"width\":1920,\"height\":1080},{\"@type\":\"BreadcrumbList\",\"@id\":\"https:\\\/\\\/www.34.239.117.254.sslip.io\\\/?p=1613#breadcrumb\",\"itemListElement\":[{\"@type\":\"ListItem\",\"position\":1,\"name\":\"In\u00edcio\",\"item\":\"https:\\\/\\\/www.34.239.117.254.sslip.io\\\/\"},{\"@type\":\"ListItem\",\"position\":2,\"name\":\"O fim da desonera\u00e7\u00e3o da folha de pagamento e os efeitos para o seu neg\u00f3cio!\"}]},{\"@type\":\"WebSite\",\"@id\":\"https:\\\/\\\/www.34.239.117.254.sslip.io\\\/#website\",\"url\":\"https:\\\/\\\/www.34.239.117.254.sslip.io\\\/\",\"name\":\"Amaral, Yazbek Advogados\",\"description\":\"Curitiba \u2022 Bras\u00edlia \u2022 S\u00e3o Paulo\",\"publisher\":{\"@id\":\"https:\\\/\\\/www.34.239.117.254.sslip.io\\\/#organization\"},\"potentialAction\":[{\"@type\":\"SearchAction\",\"target\":{\"@type\":\"EntryPoint\",\"urlTemplate\":\"https:\\\/\\\/www.34.239.117.254.sslip.io\\\/?s={search_term_string}\"},\"query-input\":{\"@type\":\"PropertyValueSpecification\",\"valueRequired\":true,\"valueName\":\"search_term_string\"}}],\"inLanguage\":\"pt-BR\"},{\"@type\":\"Organization\",\"@id\":\"https:\\\/\\\/www.34.239.117.254.sslip.io\\\/#organization\",\"name\":\"Amaral, Yazbek Advogados\",\"url\":\"https:\\\/\\\/www.34.239.117.254.sslip.io\\\/\",\"logo\":{\"@type\":\"ImageObject\",\"inLanguage\":\"pt-BR\",\"@id\":\"https:\\\/\\\/www.34.239.117.254.sslip.io\\\/#\\\/schema\\\/logo\\\/image\\\/\",\"url\":\"http:\\\/\\\/34.239.117.254\\\/wp-content\\\/uploads\\\/2021\\\/03\\\/logo-ay-g.png\",\"contentUrl\":\"http:\\\/\\\/34.239.117.254\\\/wp-content\\\/uploads\\\/2021\\\/03\\\/logo-ay-g.png\",\"width\":434,\"height\":106,\"caption\":\"Amaral, Yazbek Advogados\"},\"image\":{\"@id\":\"https:\\\/\\\/www.34.239.117.254.sslip.io\\\/#\\\/schema\\\/logo\\\/image\\\/\"},\"sameAs\":[\"https:\\\/\\\/www.facebook.com\\\/AYadvogados\",\"https:\\\/\\\/www.instagram.com\\\/ayadvogados\\\/\"]},{\"@type\":\"Person\",\"@id\":\"https:\\\/\\\/www.34.239.117.254.sslip.io\\\/#\\\/schema\\\/person\\\/6b9165a58758b048b8ea5a4fbd4ec3c4\",\"name\":\"Infra\",\"image\":{\"@type\":\"ImageObject\",\"inLanguage\":\"pt-BR\",\"@id\":\"https:\\\/\\\/secure.gravatar.com\\\/avatar\\\/60bf67293e186b9c834e31753dcc586dfcedb661d13b6b9ba29ac991ccafc035?s=96&d=mm&r=g\",\"url\":\"https:\\\/\\\/secure.gravatar.com\\\/avatar\\\/60bf67293e186b9c834e31753dcc586dfcedb661d13b6b9ba29ac991ccafc035?s=96&d=mm&r=g\",\"contentUrl\":\"https:\\\/\\\/secure.gravatar.com\\\/avatar\\\/60bf67293e186b9c834e31753dcc586dfcedb661d13b6b9ba29ac991ccafc035?s=96&d=mm&r=g\",\"caption\":\"Infra\"},\"url\":\"https:\\\/\\\/www.ayadvogados.com.br\\\/?author=3\"}]}<\/script>\n<!-- \/ Yoast SEO plugin. -->","yoast_head_json":{"title":"O fim da desonera\u00e7\u00e3o da folha de pagamento e os efeitos para o seu neg\u00f3cio! - Amaral, Yazbek Advogados","robots":{"index":"index","follow":"follow","max-snippet":"max-snippet:-1","max-image-preview":"max-image-preview:large","max-video-preview":"max-video-preview:-1"},"canonical":"https:\/\/www.34.239.117.254.sslip.io\/?p=1613","og_locale":"pt_BR","og_type":"article","og_title":"O fim da desonera\u00e7\u00e3o da folha de pagamento e os efeitos para o seu neg\u00f3cio! - Amaral, Yazbek Advogados","og_description":"Ol\u00e1. Sejam bem-vindos ao DIN&nbsp;Cast, o podcast feito para ajudar empres\u00e1rios e executivos de m\u00e9dias e grandes empresas a se tornarem l\u00edderes de mercado por meio da transforma\u00e7\u00e3o de dados e estrat\u00e9gia de neg\u00f3cios.&nbsp; Eu me chamo Wendy Prado e sou advogada parceira da Amaral,&nbsp;Yazbek, advogados e no epis\u00f3dio de hoje falaremos sobre&nbsp;a desonera\u00e7\u00e3o da [&hellip;]","og_url":"https:\/\/www.34.239.117.254.sslip.io\/?p=1613","og_site_name":"Amaral, Yazbek Advogados","article_publisher":"https:\/\/www.facebook.com\/AYadvogados","article_published_time":"2021-10-01T12:24:00+00:00","article_modified_time":"2021-10-04T12:30:30+00:00","og_image":[{"width":1920,"height":1080,"url":"https:\/\/www.34.239.117.254.sslip.io\/wp-content\/uploads\/2021\/10\/capa-ytb-.png","type":"image\/png"}],"author":"Infra","twitter_card":"summary_large_image","twitter_misc":{"Escrito por":"Infra","Est. tempo de leitura":"3 minutos"},"schema":{"@context":"https:\/\/schema.org","@graph":[{"@type":"Article","@id":"https:\/\/www.34.239.117.254.sslip.io\/?p=1613#article","isPartOf":{"@id":"https:\/\/www.34.239.117.254.sslip.io\/?p=1613"},"author":{"name":"Infra","@id":"https:\/\/www.34.239.117.254.sslip.io\/#\/schema\/person\/6b9165a58758b048b8ea5a4fbd4ec3c4"},"headline":"O fim da desonera\u00e7\u00e3o da folha de pagamento e os efeitos para o seu neg\u00f3cio!","datePublished":"2021-10-01T12:24:00+00:00","dateModified":"2021-10-04T12:30:30+00:00","mainEntityOfPage":{"@id":"https:\/\/www.34.239.117.254.sslip.io\/?p=1613"},"wordCount":524,"commentCount":0,"publisher":{"@id":"https:\/\/www.34.239.117.254.sslip.io\/#organization"},"image":{"@id":"https:\/\/www.34.239.117.254.sslip.io\/?p=1613#primaryimage"},"thumbnailUrl":"https:\/\/www.ayadvogados.com.br\/wp-content\/uploads\/2021\/10\/capa-ytb-.png","articleSection":["DINCast"],"inLanguage":"pt-BR","potentialAction":[{"@type":"CommentAction","name":"Comment","target":["https:\/\/www.34.239.117.254.sslip.io\/?p=1613#respond"]}]},{"@type":"WebPage","@id":"https:\/\/www.34.239.117.254.sslip.io\/?p=1613","url":"https:\/\/www.34.239.117.254.sslip.io\/?p=1613","name":"O fim da desonera\u00e7\u00e3o da folha de pagamento e os efeitos para o seu neg\u00f3cio! - Amaral, Yazbek Advogados","isPartOf":{"@id":"https:\/\/www.34.239.117.254.sslip.io\/#website"},"primaryImageOfPage":{"@id":"https:\/\/www.34.239.117.254.sslip.io\/?p=1613#primaryimage"},"image":{"@id":"https:\/\/www.34.239.117.254.sslip.io\/?p=1613#primaryimage"},"thumbnailUrl":"https:\/\/www.ayadvogados.com.br\/wp-content\/uploads\/2021\/10\/capa-ytb-.png","datePublished":"2021-10-01T12:24:00+00:00","dateModified":"2021-10-04T12:30:30+00:00","breadcrumb":{"@id":"https:\/\/www.34.239.117.254.sslip.io\/?p=1613#breadcrumb"},"inLanguage":"pt-BR","potentialAction":[{"@type":"ReadAction","target":["https:\/\/www.34.239.117.254.sslip.io\/?p=1613"]}]},{"@type":"ImageObject","inLanguage":"pt-BR","@id":"https:\/\/www.34.239.117.254.sslip.io\/?p=1613#primaryimage","url":"https:\/\/www.ayadvogados.com.br\/wp-content\/uploads\/2021\/10\/capa-ytb-.png","contentUrl":"https:\/\/www.ayadvogados.com.br\/wp-content\/uploads\/2021\/10\/capa-ytb-.png","width":1920,"height":1080},{"@type":"BreadcrumbList","@id":"https:\/\/www.34.239.117.254.sslip.io\/?p=1613#breadcrumb","itemListElement":[{"@type":"ListItem","position":1,"name":"In\u00edcio","item":"https:\/\/www.34.239.117.254.sslip.io\/"},{"@type":"ListItem","position":2,"name":"O fim da desonera\u00e7\u00e3o da folha de pagamento e os efeitos para o seu neg\u00f3cio!"}]},{"@type":"WebSite","@id":"https:\/\/www.34.239.117.254.sslip.io\/#website","url":"https:\/\/www.34.239.117.254.sslip.io\/","name":"Amaral, Yazbek Advogados","description":"Curitiba \u2022 Bras\u00edlia \u2022 S\u00e3o Paulo","publisher":{"@id":"https:\/\/www.34.239.117.254.sslip.io\/#organization"},"potentialAction":[{"@type":"SearchAction","target":{"@type":"EntryPoint","urlTemplate":"https:\/\/www.34.239.117.254.sslip.io\/?s={search_term_string}"},"query-input":{"@type":"PropertyValueSpecification","valueRequired":true,"valueName":"search_term_string"}}],"inLanguage":"pt-BR"},{"@type":"Organization","@id":"https:\/\/www.34.239.117.254.sslip.io\/#organization","name":"Amaral, Yazbek Advogados","url":"https:\/\/www.34.239.117.254.sslip.io\/","logo":{"@type":"ImageObject","inLanguage":"pt-BR","@id":"https:\/\/www.34.239.117.254.sslip.io\/#\/schema\/logo\/image\/","url":"http:\/\/34.239.117.254\/wp-content\/uploads\/2021\/03\/logo-ay-g.png","contentUrl":"http:\/\/34.239.117.254\/wp-content\/uploads\/2021\/03\/logo-ay-g.png","width":434,"height":106,"caption":"Amaral, Yazbek Advogados"},"image":{"@id":"https:\/\/www.34.239.117.254.sslip.io\/#\/schema\/logo\/image\/"},"sameAs":["https:\/\/www.facebook.com\/AYadvogados","https:\/\/www.instagram.com\/ayadvogados\/"]},{"@type":"Person","@id":"https:\/\/www.34.239.117.254.sslip.io\/#\/schema\/person\/6b9165a58758b048b8ea5a4fbd4ec3c4","name":"Infra","image":{"@type":"ImageObject","inLanguage":"pt-BR","@id":"https:\/\/secure.gravatar.com\/avatar\/60bf67293e186b9c834e31753dcc586dfcedb661d13b6b9ba29ac991ccafc035?s=96&d=mm&r=g","url":"https:\/\/secure.gravatar.com\/avatar\/60bf67293e186b9c834e31753dcc586dfcedb661d13b6b9ba29ac991ccafc035?s=96&d=mm&r=g","contentUrl":"https:\/\/secure.gravatar.com\/avatar\/60bf67293e186b9c834e31753dcc586dfcedb661d13b6b9ba29ac991ccafc035?s=96&d=mm&r=g","caption":"Infra"},"url":"https:\/\/www.ayadvogados.com.br\/?author=3"}]}},"rttpg_featured_image_url":{"full":["https:\/\/www.ayadvogados.com.br\/wp-content\/uploads\/2021\/10\/capa-ytb-.png",1920,1080,false],"landscape":["https:\/\/www.ayadvogados.com.br\/wp-content\/uploads\/2021\/10\/capa-ytb-.png",1920,1080,false],"portraits":["https:\/\/www.ayadvogados.com.br\/wp-content\/uploads\/2021\/10\/capa-ytb-.png",1920,1080,false],"thumbnail":["https:\/\/www.ayadvogados.com.br\/wp-content\/uploads\/2021\/10\/capa-ytb--150x150.png",150,150,true],"medium":["https:\/\/www.ayadvogados.com.br\/wp-content\/uploads\/2021\/10\/capa-ytb--300x169.png",300,169,true],"large":["https:\/\/www.ayadvogados.com.br\/wp-content\/uploads\/2021\/10\/capa-ytb--1024x576.png",1024,576,true],"1536x1536":["https:\/\/www.ayadvogados.com.br\/wp-content\/uploads\/2021\/10\/capa-ytb--1536x864.png",1536,864,true],"2048x2048":["https:\/\/www.ayadvogados.com.br\/wp-content\/uploads\/2021\/10\/capa-ytb-.png",1920,1080,false]},"rttpg_author":{"display_name":"Infra","author_link":"https:\/\/www.ayadvogados.com.br\/?author=3"},"rttpg_comment":0,"rttpg_category":"<a href=\"https:\/\/www.ayadvogados.com.br\/?cat=5\" rel=\"category\">DINCast<\/a>","rttpg_excerpt":"Ol\u00e1. Sejam bem-vindos ao DIN&nbsp;Cast, o podcast feito para ajudar empres\u00e1rios e executivos de m\u00e9dias e grandes empresas a se tornarem l\u00edderes de mercado por meio da transforma\u00e7\u00e3o de dados e estrat\u00e9gia de neg\u00f3cios.&nbsp; Eu me chamo Wendy Prado e sou advogada parceira da Amaral,&nbsp;Yazbek, advogados e no epis\u00f3dio de hoje falaremos sobre&nbsp;a desonera\u00e7\u00e3o da&hellip;","_links":{"self":[{"href":"https:\/\/www.ayadvogados.com.br\/index.php?rest_route=\/wp\/v2\/posts\/1613","targetHints":{"allow":["GET"]}}],"collection":[{"href":"https:\/\/www.ayadvogados.com.br\/index.php?rest_route=\/wp\/v2\/posts"}],"about":[{"href":"https:\/\/www.ayadvogados.com.br\/index.php?rest_route=\/wp\/v2\/types\/post"}],"author":[{"embeddable":true,"href":"https:\/\/www.ayadvogados.com.br\/index.php?rest_route=\/wp\/v2\/users\/3"}],"replies":[{"embeddable":true,"href":"https:\/\/www.ayadvogados.com.br\/index.php?rest_route=%2Fwp%2Fv2%2Fcomments&post=1613"}],"version-history":[{"count":2,"href":"https:\/\/www.ayadvogados.com.br\/index.php?rest_route=\/wp\/v2\/posts\/1613\/revisions"}],"predecessor-version":[{"id":1615,"href":"https:\/\/www.ayadvogados.com.br\/index.php?rest_route=\/wp\/v2\/posts\/1613\/revisions\/1615"}],"wp:featuredmedia":[{"embeddable":true,"href":"https:\/\/www.ayadvogados.com.br\/index.php?rest_route=\/wp\/v2\/media\/1616"}],"wp:attachment":[{"href":"https:\/\/www.ayadvogados.com.br\/index.php?rest_route=%2Fwp%2Fv2%2Fmedia&parent=1613"}],"wp:term":[{"taxonomy":"category","embeddable":true,"href":"https:\/\/www.ayadvogados.com.br\/index.php?rest_route=%2Fwp%2Fv2%2Fcategories&post=1613"},{"taxonomy":"post_tag","embeddable":true,"href":"https:\/\/www.ayadvogados.com.br\/index.php?rest_route=%2Fwp%2Fv2%2Ftags&post=1613"}],"curies":[{"name":"wp","href":"https:\/\/api.w.org\/{rel}","templated":true}]}}