{"id":1609,"date":"2021-09-30T16:49:41","date_gmt":"2021-09-30T19:49:41","guid":{"rendered":"http:\/\/34.239.117.254\/?p=1609"},"modified":"2021-09-30T16:49:41","modified_gmt":"2021-09-30T19:49:41","slug":"mais-uma-vitoria-aos-contribuintes-decisao-determina-que-a-uniao-deixe-de-exigir-o-irpj-e-a-csll-sobre-a-taxa-selic-aplicado-do-indebito-tributario","status":"publish","type":"post","link":"https:\/\/www.ayadvogados.com.br\/?p=1609","title":{"rendered":"Mais uma vit\u00f3ria aos contribuintes! Decis\u00e3o determina que a Uni\u00e3o deixe de exigir o IRPJ e a CSLL sobre a taxa Selic aplicado do ind\u00e9bito tribut\u00e1rio"},"content":{"rendered":"\n<p>Na \u00faltima quinta-feira, dia 27, noticiamos a vit\u00f3ria dos contribuintes com o julgamento no STF sobre a tributa\u00e7\u00e3o da&nbsp;Selic. Os ministros votaram contra a tributa\u00e7\u00e3o gerando um ganho de&nbsp;R$ 65 bilh\u00f5es para os contribuintes.&nbsp;&nbsp;<\/p>\n\n\n\n<p>Hoje, o Tribunal Regional Federal da 3\u00aa Regi\u00e3o seguindo o entendimento do STF determinou, em liminar, que a Uni\u00e3o deixe de exigir o IRPJ e a CSLL&nbsp;sobre a taxa Selic aplicado do ind\u00e9bito tribut\u00e1rio.&nbsp;&nbsp;<\/p>\n\n\n\n<p>O que isso significa? A taxa Selic funciona como par\u00e2metro indenizat\u00f3rio em casos de incid\u00eancia de juros de mora ou corre\u00e7\u00e3o monet\u00e1ria e n\u00e3o poderia representar acr\u00e9scimo patrimonial tribut\u00e1vel.&nbsp;&nbsp;<\/p>\n\n\n\n<p>&#8220;O car\u00e1ter indenizat\u00f3rio que envolve a aplica\u00e7\u00e3o da taxa em quest\u00e3o nos remete a uma ideia de recomposi\u00e7\u00e3o, n\u00e3o restando razo\u00e1vel considerarmos a exist\u00eancia de qualquer esp\u00e9cie de acr\u00e9scimo patrimonial, muito menos eventual hip\u00f3tese de tributa\u00e7\u00e3o incidente sobre o respectivo resultado&#8221;, apontou o magistrado.&nbsp;<\/p>\n\n\n\n<p>A decis\u00e3o&nbsp;\u00e9 acertada, pois \u00e9 n\u00edtido que a Selic \u00e9 uma recomposi\u00e7\u00e3o de efetivas perdas e n\u00e3o implica em acr\u00e9scimo de patrim\u00f4nio, e os juros de mora est\u00e3o fora do campo de incid\u00eancia das contribui\u00e7\u00f5es.&nbsp;<\/p>\n\n\n\n<p>Saiba mais em:\u00a0<a href=\"https:\/\/www.conjur.com.br\/2021-set-29\/liminar-afasta-exigencia-irpj-csll-selic-indebito\">CONJUR<\/a>\u00a0<\/p>\n\n\n\n<hr class=\"wp-block-separator has-text-color has-background has-palette-color-1-background-color has-palette-color-1-color is-style-dots\"\/>\n\n\n\n<div class=\"wp-block-group has-palette-color-6-background-color has-background is-layout-flow wp-block-group-is-layout-flow\">\n<p style=\"font-size:0.8em\">A Amaral,\u00a0Yazbek, OAB\/PR 762, possui 36 anos de experi\u00eancia auxiliando empresas a transformar a tributa\u00e7\u00e3o em lucro. Entre em contato com um dos s\u00f3cios para agendamento de reuni\u00e3o em caso de d\u00favidas.\u00a0\u00a0\u00a0<\/p>\n\n\n\n<p style=\"font-size:0.8em\">Contato: 41 3595-8300 ou pelo nosso WhatsApp 41 99567-5696\u00a0\u00a0\u00a0<\/p>\n\n\n\n<p style=\"font-size:0.8em\">Av. C\u00e2ndido Hartmann, 50 \u2013\u00a0Bigorrilho\u00a0| Curitiba-PR\u00a0\u00a0\u00a0<\/p>\n\n\n\n<p style=\"font-size:0.8em\">Assine nossa <a href=\"http:\/\/ayadvogados.com.br\/contato\/\">Newsletter<\/a> e fique por dentro das novidades!\u00a0\u00a0\u00a0<\/p>\n\n\n\n<p style=\"font-size:0.8em\">Quer receber seu exemplar da revista Governan\u00e7a Jur\u00eddica? <a href=\"http:\/\/ayadvogados.com.br\/revista\/\" data-type=\"page\" data-id=\"68\">Clique\u00a0aqui\u00a0e pe\u00e7a a sua<\/a>.\u00a0\u00a0\u00a0<\/p>\n\n\n\n<p style=\"font-size:0.8em\">Nos acompanhe nas redes sociais:\u00a0<a href=\"https:\/\/www.facebook.com\/AYadvogados\">Facebook<\/a>\u00a0|\u00a0<a href=\"https:\/\/www.instagram.com\/ayadvogados\/\">Instagram<\/a>\u00a0|\u00a0<a href=\"https:\/\/www.linkedin.com\/company\/amaral-yazbek-advogados\">Linkedin<\/a>\u00a0<\/p>\n\n\n\n<p style=\"font-size:0.8em\">J\u00e1 conhece o canal Direito da Intelig\u00eancia de Neg\u00f3cios?\u00a0<a href=\"https:\/\/www.youtube.com\/channel\/UCu2Mpu32ht8DEN8OFRXYMyw\">Inscreva-se j\u00e1<\/a><\/p>\n<\/div>\n","protected":false},"excerpt":{"rendered":"<p>Na \u00faltima quinta-feira, dia 27, noticiamos a vit\u00f3ria dos contribuintes com o julgamento no STF sobre a tributa\u00e7\u00e3o da&nbsp;Selic. Os ministros votaram contra a tributa\u00e7\u00e3o gerando um ganho de&nbsp;R$ 65 bilh\u00f5es para os contribuintes.&nbsp;&nbsp; Hoje, o Tribunal Regional Federal da 3\u00aa Regi\u00e3o seguindo o entendimento do STF determinou, em liminar, que a Uni\u00e3o deixe de [&hellip;]<\/p>\n","protected":false},"author":3,"featured_media":1610,"comment_status":"open","ping_status":"open","sticky":false,"template":"","format":"standard","meta":{"footnotes":""},"categories":[1],"tags":[],"class_list":["post-1609","post","type-post","status-publish","format-standard","has-post-thumbnail","hentry","category-noticia-do-dia"],"blocksy_meta":{"styles_descriptor":{"styles":{"desktop":"","tablet":"","mobile":""},"google_fonts":[],"version":6}},"yoast_head":"<!-- This site is optimized with the Yoast SEO plugin v27.5 - https:\/\/yoast.com\/product\/yoast-seo-wordpress\/ -->\n<title>Mais uma vit\u00f3ria aos contribuintes! Decis\u00e3o determina que a Uni\u00e3o deixe de exigir o IRPJ e a CSLL sobre a taxa Selic aplicado do ind\u00e9bito tribut\u00e1rio - Amaral, Yazbek Advogados<\/title>\n<meta name=\"robots\" content=\"index, follow, max-snippet:-1, max-image-preview:large, max-video-preview:-1\" \/>\n<link rel=\"canonical\" href=\"https:\/\/www.ayadvogados.com.br\/?p=1609\" \/>\n<meta property=\"og:locale\" content=\"pt_BR\" \/>\n<meta property=\"og:type\" content=\"article\" \/>\n<meta property=\"og:title\" content=\"Mais uma vit\u00f3ria aos contribuintes! Decis\u00e3o determina que a Uni\u00e3o deixe de exigir o IRPJ e a CSLL sobre a taxa Selic aplicado do ind\u00e9bito tribut\u00e1rio - Amaral, Yazbek Advogados\" \/>\n<meta property=\"og:description\" content=\"Na \u00faltima quinta-feira, dia 27, noticiamos a vit\u00f3ria dos contribuintes com o julgamento no STF sobre a tributa\u00e7\u00e3o da&nbsp;Selic. Os ministros votaram contra a tributa\u00e7\u00e3o gerando um ganho de&nbsp;R$ 65 bilh\u00f5es para os contribuintes.&nbsp;&nbsp; Hoje, o Tribunal Regional Federal da 3\u00aa Regi\u00e3o seguindo o entendimento do STF determinou, em liminar, que a Uni\u00e3o deixe de [&hellip;]\" \/>\n<meta property=\"og:url\" content=\"https:\/\/www.ayadvogados.com.br\/?p=1609\" \/>\n<meta property=\"og:site_name\" content=\"Amaral, Yazbek Advogados\" \/>\n<meta property=\"article:publisher\" content=\"https:\/\/www.facebook.com\/AYadvogados\" \/>\n<meta property=\"article:published_time\" content=\"2021-09-30T19:49:41+00:00\" \/>\n<meta property=\"og:image\" content=\"https:\/\/www.ayadvogados.com.br\/wp-content\/uploads\/2021\/09\/Blog-2-1.png\" \/>\n\t<meta property=\"og:image:width\" content=\"1000\" \/>\n\t<meta property=\"og:image:height\" content=\"620\" \/>\n\t<meta property=\"og:image:type\" content=\"image\/png\" \/>\n<meta name=\"author\" content=\"Infra\" \/>\n<meta name=\"twitter:card\" content=\"summary_large_image\" \/>\n<meta name=\"twitter:label1\" content=\"Escrito por\" \/>\n\t<meta name=\"twitter:data1\" content=\"Infra\" \/>\n\t<meta name=\"twitter:label2\" content=\"Est. tempo de leitura\" \/>\n\t<meta name=\"twitter:data2\" content=\"1 minuto\" \/>\n<script type=\"application\/ld+json\" class=\"yoast-schema-graph\">{\"@context\":\"https:\\\/\\\/schema.org\",\"@graph\":[{\"@type\":\"Article\",\"@id\":\"https:\\\/\\\/www.ayadvogados.com.br\\\/?p=1609#article\",\"isPartOf\":{\"@id\":\"https:\\\/\\\/www.ayadvogados.com.br\\\/?p=1609\"},\"author\":{\"name\":\"Infra\",\"@id\":\"https:\\\/\\\/www.ayadvogados.com.br\\\/#\\\/schema\\\/person\\\/6b9165a58758b048b8ea5a4fbd4ec3c4\"},\"headline\":\"Mais uma vit\u00f3ria aos contribuintes! Decis\u00e3o determina que a Uni\u00e3o deixe de exigir o IRPJ e a CSLL sobre a taxa Selic aplicado do ind\u00e9bito tribut\u00e1rio\",\"datePublished\":\"2021-09-30T19:49:41+00:00\",\"mainEntityOfPage\":{\"@id\":\"https:\\\/\\\/www.ayadvogados.com.br\\\/?p=1609\"},\"wordCount\":258,\"commentCount\":0,\"publisher\":{\"@id\":\"https:\\\/\\\/www.ayadvogados.com.br\\\/#organization\"},\"image\":{\"@id\":\"https:\\\/\\\/www.ayadvogados.com.br\\\/?p=1609#primaryimage\"},\"thumbnailUrl\":\"https:\\\/\\\/www.ayadvogados.com.br\\\/wp-content\\\/uploads\\\/2021\\\/09\\\/Blog-2-1.png\",\"articleSection\":[\"Not\u00edcia do Dia\"],\"inLanguage\":\"pt-BR\",\"potentialAction\":[{\"@type\":\"CommentAction\",\"name\":\"Comment\",\"target\":[\"https:\\\/\\\/www.ayadvogados.com.br\\\/?p=1609#respond\"]}]},{\"@type\":\"WebPage\",\"@id\":\"https:\\\/\\\/www.ayadvogados.com.br\\\/?p=1609\",\"url\":\"https:\\\/\\\/www.ayadvogados.com.br\\\/?p=1609\",\"name\":\"Mais uma vit\u00f3ria aos contribuintes! Decis\u00e3o determina que a Uni\u00e3o deixe de exigir o IRPJ e a CSLL sobre a taxa Selic aplicado do ind\u00e9bito tribut\u00e1rio - Amaral, Yazbek Advogados\",\"isPartOf\":{\"@id\":\"https:\\\/\\\/www.ayadvogados.com.br\\\/#website\"},\"primaryImageOfPage\":{\"@id\":\"https:\\\/\\\/www.ayadvogados.com.br\\\/?p=1609#primaryimage\"},\"image\":{\"@id\":\"https:\\\/\\\/www.ayadvogados.com.br\\\/?p=1609#primaryimage\"},\"thumbnailUrl\":\"https:\\\/\\\/www.ayadvogados.com.br\\\/wp-content\\\/uploads\\\/2021\\\/09\\\/Blog-2-1.png\",\"datePublished\":\"2021-09-30T19:49:41+00:00\",\"breadcrumb\":{\"@id\":\"https:\\\/\\\/www.ayadvogados.com.br\\\/?p=1609#breadcrumb\"},\"inLanguage\":\"pt-BR\",\"potentialAction\":[{\"@type\":\"ReadAction\",\"target\":[\"https:\\\/\\\/www.ayadvogados.com.br\\\/?p=1609\"]}]},{\"@type\":\"ImageObject\",\"inLanguage\":\"pt-BR\",\"@id\":\"https:\\\/\\\/www.ayadvogados.com.br\\\/?p=1609#primaryimage\",\"url\":\"https:\\\/\\\/www.ayadvogados.com.br\\\/wp-content\\\/uploads\\\/2021\\\/09\\\/Blog-2-1.png\",\"contentUrl\":\"https:\\\/\\\/www.ayadvogados.com.br\\\/wp-content\\\/uploads\\\/2021\\\/09\\\/Blog-2-1.png\",\"width\":1000,\"height\":620},{\"@type\":\"BreadcrumbList\",\"@id\":\"https:\\\/\\\/www.ayadvogados.com.br\\\/?p=1609#breadcrumb\",\"itemListElement\":[{\"@type\":\"ListItem\",\"position\":1,\"name\":\"In\u00edcio\",\"item\":\"https:\\\/\\\/www.ayadvogados.com.br\\\/\"},{\"@type\":\"ListItem\",\"position\":2,\"name\":\"Mais uma vit\u00f3ria aos contribuintes! Decis\u00e3o determina que a Uni\u00e3o deixe de exigir o IRPJ e a CSLL sobre a taxa Selic aplicado do ind\u00e9bito tribut\u00e1rio\"}]},{\"@type\":\"WebSite\",\"@id\":\"https:\\\/\\\/www.ayadvogados.com.br\\\/#website\",\"url\":\"https:\\\/\\\/www.ayadvogados.com.br\\\/\",\"name\":\"Amaral, Yazbek Advogados\",\"description\":\"Curitiba \u2022 Bras\u00edlia \u2022 S\u00e3o Paulo\",\"publisher\":{\"@id\":\"https:\\\/\\\/www.ayadvogados.com.br\\\/#organization\"},\"potentialAction\":[{\"@type\":\"SearchAction\",\"target\":{\"@type\":\"EntryPoint\",\"urlTemplate\":\"https:\\\/\\\/www.ayadvogados.com.br\\\/?s={search_term_string}\"},\"query-input\":{\"@type\":\"PropertyValueSpecification\",\"valueRequired\":true,\"valueName\":\"search_term_string\"}}],\"inLanguage\":\"pt-BR\"},{\"@type\":\"Organization\",\"@id\":\"https:\\\/\\\/www.ayadvogados.com.br\\\/#organization\",\"name\":\"Amaral, Yazbek Advogados\",\"url\":\"https:\\\/\\\/www.ayadvogados.com.br\\\/\",\"logo\":{\"@type\":\"ImageObject\",\"inLanguage\":\"pt-BR\",\"@id\":\"https:\\\/\\\/www.ayadvogados.com.br\\\/#\\\/schema\\\/logo\\\/image\\\/\",\"url\":\"http:\\\/\\\/34.239.117.254\\\/wp-content\\\/uploads\\\/2021\\\/03\\\/logo-ay-g.png\",\"contentUrl\":\"http:\\\/\\\/34.239.117.254\\\/wp-content\\\/uploads\\\/2021\\\/03\\\/logo-ay-g.png\",\"width\":434,\"height\":106,\"caption\":\"Amaral, Yazbek Advogados\"},\"image\":{\"@id\":\"https:\\\/\\\/www.ayadvogados.com.br\\\/#\\\/schema\\\/logo\\\/image\\\/\"},\"sameAs\":[\"https:\\\/\\\/www.facebook.com\\\/AYadvogados\",\"https:\\\/\\\/www.instagram.com\\\/ayadvogados\\\/\"]},{\"@type\":\"Person\",\"@id\":\"https:\\\/\\\/www.ayadvogados.com.br\\\/#\\\/schema\\\/person\\\/6b9165a58758b048b8ea5a4fbd4ec3c4\",\"name\":\"Infra\",\"image\":{\"@type\":\"ImageObject\",\"inLanguage\":\"pt-BR\",\"@id\":\"https:\\\/\\\/secure.gravatar.com\\\/avatar\\\/60bf67293e186b9c834e31753dcc586dfcedb661d13b6b9ba29ac991ccafc035?s=96&d=mm&r=g\",\"url\":\"https:\\\/\\\/secure.gravatar.com\\\/avatar\\\/60bf67293e186b9c834e31753dcc586dfcedb661d13b6b9ba29ac991ccafc035?s=96&d=mm&r=g\",\"contentUrl\":\"https:\\\/\\\/secure.gravatar.com\\\/avatar\\\/60bf67293e186b9c834e31753dcc586dfcedb661d13b6b9ba29ac991ccafc035?s=96&d=mm&r=g\",\"caption\":\"Infra\"},\"url\":\"https:\\\/\\\/www.ayadvogados.com.br\\\/?author=3\"}]}<\/script>\n<!-- \/ Yoast SEO plugin. -->","yoast_head_json":{"title":"Mais uma vit\u00f3ria aos contribuintes! Decis\u00e3o determina que a Uni\u00e3o deixe de exigir o IRPJ e a CSLL sobre a taxa Selic aplicado do ind\u00e9bito tribut\u00e1rio - Amaral, Yazbek Advogados","robots":{"index":"index","follow":"follow","max-snippet":"max-snippet:-1","max-image-preview":"max-image-preview:large","max-video-preview":"max-video-preview:-1"},"canonical":"https:\/\/www.ayadvogados.com.br\/?p=1609","og_locale":"pt_BR","og_type":"article","og_title":"Mais uma vit\u00f3ria aos contribuintes! Decis\u00e3o determina que a Uni\u00e3o deixe de exigir o IRPJ e a CSLL sobre a taxa Selic aplicado do ind\u00e9bito tribut\u00e1rio - Amaral, Yazbek Advogados","og_description":"Na \u00faltima quinta-feira, dia 27, noticiamos a vit\u00f3ria dos contribuintes com o julgamento no STF sobre a tributa\u00e7\u00e3o da&nbsp;Selic. Os ministros votaram contra a tributa\u00e7\u00e3o gerando um ganho de&nbsp;R$ 65 bilh\u00f5es para os contribuintes.&nbsp;&nbsp; Hoje, o Tribunal Regional Federal da 3\u00aa Regi\u00e3o seguindo o entendimento do STF determinou, em liminar, que a Uni\u00e3o deixe de [&hellip;]","og_url":"https:\/\/www.ayadvogados.com.br\/?p=1609","og_site_name":"Amaral, Yazbek Advogados","article_publisher":"https:\/\/www.facebook.com\/AYadvogados","article_published_time":"2021-09-30T19:49:41+00:00","og_image":[{"width":1000,"height":620,"url":"https:\/\/www.ayadvogados.com.br\/wp-content\/uploads\/2021\/09\/Blog-2-1.png","type":"image\/png"}],"author":"Infra","twitter_card":"summary_large_image","twitter_misc":{"Escrito por":"Infra","Est. tempo de leitura":"1 minuto"},"schema":{"@context":"https:\/\/schema.org","@graph":[{"@type":"Article","@id":"https:\/\/www.ayadvogados.com.br\/?p=1609#article","isPartOf":{"@id":"https:\/\/www.ayadvogados.com.br\/?p=1609"},"author":{"name":"Infra","@id":"https:\/\/www.ayadvogados.com.br\/#\/schema\/person\/6b9165a58758b048b8ea5a4fbd4ec3c4"},"headline":"Mais uma vit\u00f3ria aos contribuintes! Decis\u00e3o determina que a Uni\u00e3o deixe de exigir o IRPJ e a CSLL sobre a taxa Selic aplicado do ind\u00e9bito tribut\u00e1rio","datePublished":"2021-09-30T19:49:41+00:00","mainEntityOfPage":{"@id":"https:\/\/www.ayadvogados.com.br\/?p=1609"},"wordCount":258,"commentCount":0,"publisher":{"@id":"https:\/\/www.ayadvogados.com.br\/#organization"},"image":{"@id":"https:\/\/www.ayadvogados.com.br\/?p=1609#primaryimage"},"thumbnailUrl":"https:\/\/www.ayadvogados.com.br\/wp-content\/uploads\/2021\/09\/Blog-2-1.png","articleSection":["Not\u00edcia do Dia"],"inLanguage":"pt-BR","potentialAction":[{"@type":"CommentAction","name":"Comment","target":["https:\/\/www.ayadvogados.com.br\/?p=1609#respond"]}]},{"@type":"WebPage","@id":"https:\/\/www.ayadvogados.com.br\/?p=1609","url":"https:\/\/www.ayadvogados.com.br\/?p=1609","name":"Mais uma vit\u00f3ria aos contribuintes! Decis\u00e3o determina que a Uni\u00e3o deixe de exigir o IRPJ e a CSLL sobre a taxa Selic aplicado do ind\u00e9bito tribut\u00e1rio - Amaral, Yazbek Advogados","isPartOf":{"@id":"https:\/\/www.ayadvogados.com.br\/#website"},"primaryImageOfPage":{"@id":"https:\/\/www.ayadvogados.com.br\/?p=1609#primaryimage"},"image":{"@id":"https:\/\/www.ayadvogados.com.br\/?p=1609#primaryimage"},"thumbnailUrl":"https:\/\/www.ayadvogados.com.br\/wp-content\/uploads\/2021\/09\/Blog-2-1.png","datePublished":"2021-09-30T19:49:41+00:00","breadcrumb":{"@id":"https:\/\/www.ayadvogados.com.br\/?p=1609#breadcrumb"},"inLanguage":"pt-BR","potentialAction":[{"@type":"ReadAction","target":["https:\/\/www.ayadvogados.com.br\/?p=1609"]}]},{"@type":"ImageObject","inLanguage":"pt-BR","@id":"https:\/\/www.ayadvogados.com.br\/?p=1609#primaryimage","url":"https:\/\/www.ayadvogados.com.br\/wp-content\/uploads\/2021\/09\/Blog-2-1.png","contentUrl":"https:\/\/www.ayadvogados.com.br\/wp-content\/uploads\/2021\/09\/Blog-2-1.png","width":1000,"height":620},{"@type":"BreadcrumbList","@id":"https:\/\/www.ayadvogados.com.br\/?p=1609#breadcrumb","itemListElement":[{"@type":"ListItem","position":1,"name":"In\u00edcio","item":"https:\/\/www.ayadvogados.com.br\/"},{"@type":"ListItem","position":2,"name":"Mais uma vit\u00f3ria aos contribuintes! Decis\u00e3o determina que a Uni\u00e3o deixe de exigir o IRPJ e a CSLL sobre a taxa Selic aplicado do ind\u00e9bito tribut\u00e1rio"}]},{"@type":"WebSite","@id":"https:\/\/www.ayadvogados.com.br\/#website","url":"https:\/\/www.ayadvogados.com.br\/","name":"Amaral, Yazbek Advogados","description":"Curitiba \u2022 Bras\u00edlia \u2022 S\u00e3o Paulo","publisher":{"@id":"https:\/\/www.ayadvogados.com.br\/#organization"},"potentialAction":[{"@type":"SearchAction","target":{"@type":"EntryPoint","urlTemplate":"https:\/\/www.ayadvogados.com.br\/?s={search_term_string}"},"query-input":{"@type":"PropertyValueSpecification","valueRequired":true,"valueName":"search_term_string"}}],"inLanguage":"pt-BR"},{"@type":"Organization","@id":"https:\/\/www.ayadvogados.com.br\/#organization","name":"Amaral, Yazbek Advogados","url":"https:\/\/www.ayadvogados.com.br\/","logo":{"@type":"ImageObject","inLanguage":"pt-BR","@id":"https:\/\/www.ayadvogados.com.br\/#\/schema\/logo\/image\/","url":"http:\/\/34.239.117.254\/wp-content\/uploads\/2021\/03\/logo-ay-g.png","contentUrl":"http:\/\/34.239.117.254\/wp-content\/uploads\/2021\/03\/logo-ay-g.png","width":434,"height":106,"caption":"Amaral, Yazbek Advogados"},"image":{"@id":"https:\/\/www.ayadvogados.com.br\/#\/schema\/logo\/image\/"},"sameAs":["https:\/\/www.facebook.com\/AYadvogados","https:\/\/www.instagram.com\/ayadvogados\/"]},{"@type":"Person","@id":"https:\/\/www.ayadvogados.com.br\/#\/schema\/person\/6b9165a58758b048b8ea5a4fbd4ec3c4","name":"Infra","image":{"@type":"ImageObject","inLanguage":"pt-BR","@id":"https:\/\/secure.gravatar.com\/avatar\/60bf67293e186b9c834e31753dcc586dfcedb661d13b6b9ba29ac991ccafc035?s=96&d=mm&r=g","url":"https:\/\/secure.gravatar.com\/avatar\/60bf67293e186b9c834e31753dcc586dfcedb661d13b6b9ba29ac991ccafc035?s=96&d=mm&r=g","contentUrl":"https:\/\/secure.gravatar.com\/avatar\/60bf67293e186b9c834e31753dcc586dfcedb661d13b6b9ba29ac991ccafc035?s=96&d=mm&r=g","caption":"Infra"},"url":"https:\/\/www.ayadvogados.com.br\/?author=3"}]}},"rttpg_featured_image_url":{"full":["https:\/\/www.ayadvogados.com.br\/wp-content\/uploads\/2021\/09\/Blog-2-1.png",1000,620,false],"landscape":["https:\/\/www.ayadvogados.com.br\/wp-content\/uploads\/2021\/09\/Blog-2-1.png",1000,620,false],"portraits":["https:\/\/www.ayadvogados.com.br\/wp-content\/uploads\/2021\/09\/Blog-2-1.png",1000,620,false],"thumbnail":["https:\/\/www.ayadvogados.com.br\/wp-content\/uploads\/2021\/09\/Blog-2-1-150x150.png",150,150,true],"medium":["https:\/\/www.ayadvogados.com.br\/wp-content\/uploads\/2021\/09\/Blog-2-1-300x186.png",300,186,true],"large":["https:\/\/www.ayadvogados.com.br\/wp-content\/uploads\/2021\/09\/Blog-2-1.png",1000,620,false],"1536x1536":["https:\/\/www.ayadvogados.com.br\/wp-content\/uploads\/2021\/09\/Blog-2-1.png",1000,620,false],"2048x2048":["https:\/\/www.ayadvogados.com.br\/wp-content\/uploads\/2021\/09\/Blog-2-1.png",1000,620,false]},"rttpg_author":{"display_name":"Infra","author_link":"https:\/\/www.ayadvogados.com.br\/?author=3"},"rttpg_comment":0,"rttpg_category":"<a href=\"https:\/\/www.ayadvogados.com.br\/?cat=1\" rel=\"category\">Not\u00edcia do Dia<\/a>","rttpg_excerpt":"Na \u00faltima quinta-feira, dia 27, noticiamos a vit\u00f3ria dos contribuintes com o julgamento no STF sobre a tributa\u00e7\u00e3o da&nbsp;Selic. Os ministros votaram contra a tributa\u00e7\u00e3o gerando um ganho de&nbsp;R$ 65 bilh\u00f5es para os contribuintes.&nbsp;&nbsp; Hoje, o Tribunal Regional Federal da 3\u00aa Regi\u00e3o seguindo o entendimento do STF determinou, em liminar, que a Uni\u00e3o deixe de&hellip;","_links":{"self":[{"href":"https:\/\/www.ayadvogados.com.br\/index.php?rest_route=\/wp\/v2\/posts\/1609","targetHints":{"allow":["GET"]}}],"collection":[{"href":"https:\/\/www.ayadvogados.com.br\/index.php?rest_route=\/wp\/v2\/posts"}],"about":[{"href":"https:\/\/www.ayadvogados.com.br\/index.php?rest_route=\/wp\/v2\/types\/post"}],"author":[{"embeddable":true,"href":"https:\/\/www.ayadvogados.com.br\/index.php?rest_route=\/wp\/v2\/users\/3"}],"replies":[{"embeddable":true,"href":"https:\/\/www.ayadvogados.com.br\/index.php?rest_route=%2Fwp%2Fv2%2Fcomments&post=1609"}],"version-history":[{"count":1,"href":"https:\/\/www.ayadvogados.com.br\/index.php?rest_route=\/wp\/v2\/posts\/1609\/revisions"}],"predecessor-version":[{"id":1611,"href":"https:\/\/www.ayadvogados.com.br\/index.php?rest_route=\/wp\/v2\/posts\/1609\/revisions\/1611"}],"wp:featuredmedia":[{"embeddable":true,"href":"https:\/\/www.ayadvogados.com.br\/index.php?rest_route=\/wp\/v2\/media\/1610"}],"wp:attachment":[{"href":"https:\/\/www.ayadvogados.com.br\/index.php?rest_route=%2Fwp%2Fv2%2Fmedia&parent=1609"}],"wp:term":[{"taxonomy":"category","embeddable":true,"href":"https:\/\/www.ayadvogados.com.br\/index.php?rest_route=%2Fwp%2Fv2%2Fcategories&post=1609"},{"taxonomy":"post_tag","embeddable":true,"href":"https:\/\/www.ayadvogados.com.br\/index.php?rest_route=%2Fwp%2Fv2%2Ftags&post=1609"}],"curies":[{"name":"wp","href":"https:\/\/api.w.org\/{rel}","templated":true}]}}