{"id":1528,"date":"2021-09-16T18:44:24","date_gmt":"2021-09-16T21:44:24","guid":{"rendered":"http:\/\/34.239.117.254\/?p=1528"},"modified":"2021-09-16T18:44:24","modified_gmt":"2021-09-16T21:44:24","slug":"nova-proposta-para-incentivar-as-empresas-a-preservar-empregos-e-aprovada-pela-comissao","status":"publish","type":"post","link":"https:\/\/www.ayadvogados.com.br\/?p=1528","title":{"rendered":"Nova proposta para incentivar as empresas a preservar empregos \u00e9 aprovada pela Comiss\u00e3o"},"content":{"rendered":"\n<p>A Comiss\u00e3o de Finan\u00e7as e Tributa\u00e7\u00e3o da C\u00e2mara dos Deputados aprovou o <a href=\"https:\/\/www.camara.leg.br\/noticias\/799815-PROPOSTA-PRORROGA-A-DESONERACAO-DA-FOLHA-DE-PAGAMENTOS-ATE-2026\">Projeto de Lei 2541\/21<\/a>, que prorroga de dezembro de 2021 para dezembro de 2026 a desonera\u00e7\u00e3o da folha de pagamentos para 17 setores da economia, considerados alguns dos mais intensivos em m\u00e3o de obra.<\/p>\n\n\n\n<p>Os setores s\u00e3o: cal\u00e7ados, call center, comunica\u00e7\u00e3o, confec\u00e7\u00e3o\/vestu\u00e1rio, constru\u00e7\u00e3o civil, empresas de constru\u00e7\u00e3o e obras de infraestrutura, couro, fabrica\u00e7\u00e3o de ve\u00edculos e carro\u00e7arias, m\u00e1quinas e equipamentos, prote\u00edna animal, t\u00eaxtil, TI (tecnologia da informa\u00e7\u00e3o), TIC (tecnologia de comunica\u00e7\u00e3o), projeto de circuitos integrados, transporte metroferrovi\u00e1rio de passageiros, transporte rodovi\u00e1rio coletivo e transporte rodovi\u00e1rio de cargas.<\/p>\n\n\n\n<p>A comiss\u00e3o acolheu parecer favor\u00e1vel do relator, deputado <a href=\"https:\/\/www.camara.leg.br\/deputados\/160570\">Jer\u00f4nimo Goergen (PP-RS)<\/a>. \u201cA extin\u00e7\u00e3o da desonera\u00e7\u00e3o da folha representaria obst\u00e1culo \u00e0 manuten\u00e7\u00e3o e \u00e0 gera\u00e7\u00e3o de empregos, pois agravaria custos de contra\u00e7\u00e3o para os importantes setores da ind\u00fastria, dos servi\u00e7os, dos transportes e da constru\u00e7\u00e3o\u201d, disse.<\/p>\n\n\n\n<p>\u201cA pandemia da Covid-19 imp\u00f5e incertezas sobre a recupera\u00e7\u00e3o econ\u00f4mica no curto prazo. O ritmo da retomada n\u00e3o se encontra num patamar satisfat\u00f3rio, e os segmentos mais diretamente afetados pelo distanciamento social continuam bastante deprimidos. Por isso, n\u00e3o parece oportuno retirar os est\u00edmulos fiscais hoje existentes, em especial os de natureza tribut\u00e1ria\u201d, afirmou Georgen.<\/p>\n\n\n\n<p>A proposta aprovada altera a <a href=\"https:\/\/www2.camara.gov.br\/legin\/fed\/lei\/2011\/lei-12546-14-dezembro-2011-612002-norma-pl.html\">Lei 12.546\/11<\/a>, que trata de temas tribut\u00e1rios. O texto tamb\u00e9m eleva em um ponto percentual a al\u00edquota de Cofins-Importa\u00e7\u00e3o para um conjunto de produtos, de forma a equilibrar os custos entre bens produzidos no Brasil e no exterior.<\/p>\n\n\n\n<p>\u201cProponho a continuidade da desonera\u00e7\u00e3o da folha de pagamentos para todos os setores que atualmente se valem dela, a fim de promover o bem-estar social e o desenvolvimento econ\u00f4mico\u201d, disse o autor, deputado <a href=\"https:\/\/www.camara.leg.br\/deputados\/141422\">Efraim Filho (DEM-PB)<\/a>. J\u00e1 o aumento da Cofins-Importa\u00e7\u00e3o visa proteger os fabricantes brasileiros.<\/p>\n\n\n\n<p><strong>Vetos presidenciais<\/strong><br>Em 2020, o Congresso Nacional aprovou o aumento da Cofins-Importa\u00e7\u00e3o nos itens que concorrem com a produ\u00e7\u00e3o de setores beneficiados pela desonera\u00e7\u00e3o da folha de pagamentos. No entanto, ao sancionar a <a href=\"https:\/\/www2.camara.gov.br\/legin\/fed\/lei\/2020\/lei-14020-6-julho-2020-790388-norma-pl.html\">Lei 14.020\/20<\/a>, o presidente Jair Bolsonaro vetou esse ponto, e o Congresso manteve o veto.<\/p>\n\n\n\n<p>Na ocasi\u00e3o, Bolsonaro tamb\u00e9m vetou a prorroga\u00e7\u00e3o, at\u00e9 o pr\u00f3ximo dia 31 de dezembro, da desonera\u00e7\u00e3o da folha para os mesmos 17 setores. O Congresso, no entanto, derrubou esse veto. Na C\u00e2mara dos Deputados foram 430 votos a 33 em defesa da desonera\u00e7\u00e3o. No Senado, 64 votos a 2.<\/p>\n\n\n\n<p>Segundo o governo, a desonera\u00e7\u00e3o at\u00e9 o final deste ano custar\u00e1 R$ 10 bilh\u00f5es aos cofres p\u00fablicos. O mecanismo permite que as empresas paguem al\u00edquotas de 1% a 4,5% sobre a receita bruta em vez de 20% sobre a folha de sal\u00e1rios. Os setores beneficiados dizem que isso ajuda a manter 6 milh\u00f5es de empregos.<\/p>\n\n\n\n<p>No projeto, Efraim Filho n\u00e3o estimou os custos da eventual nova prorroga\u00e7\u00e3o. \u201cA an\u00e1lise do impacto or\u00e7ament\u00e1rio e das poss\u00edveis compensa\u00e7\u00f5es, assim como de medidas para a boa governan\u00e7a e a prud\u00eancia fiscal, poder\u00e1 ocorrer durante o processo legislativo, com o oportuno di\u00e1logo com o Poder Executivo\u201d, disse.<\/p>\n\n\n\n<p><strong>Tramita\u00e7\u00e3o<\/strong><br>O projeto tramita em car\u00e1ter conclusivo e ainda ser\u00e1 analisado pela Comiss\u00e3o de Constitui\u00e7\u00e3o e Justi\u00e7a e de Cidadania.<\/p>\n\n\n\n<p>Fonte: <a href=\"https:\/\/www.camara.leg.br\/noticias\/806227-comissao-aprova-proposta-que-prorroga-a-desoneracao-da-folha-de-pagamentos-ate-2026\">C\u00e2mara<\/a><\/p>\n","protected":false},"excerpt":{"rendered":"<p>A Comiss\u00e3o de Finan\u00e7as e Tributa\u00e7\u00e3o da C\u00e2mara dos Deputados aprovou o Projeto de Lei 2541\/21, que prorroga de dezembro de 2021 para dezembro de 2026 a desonera\u00e7\u00e3o da folha de pagamentos para 17 setores da economia, considerados alguns dos mais intensivos em m\u00e3o de obra. Os setores s\u00e3o: cal\u00e7ados, call center, comunica\u00e7\u00e3o, confec\u00e7\u00e3o\/vestu\u00e1rio, constru\u00e7\u00e3o [&hellip;]<\/p>\n","protected":false},"author":2,"featured_media":1530,"comment_status":"open","ping_status":"open","sticky":false,"template":"","format":"standard","meta":{"footnotes":""},"categories":[1],"tags":[9,63],"class_list":["post-1528","post","type-post","status-publish","format-standard","has-post-thumbnail","hentry","category-noticia-do-dia","tag-amaral-yazbek","tag-noticia-do-dia"],"blocksy_meta":{"styles_descriptor":{"styles":{"desktop":"","tablet":"","mobile":""},"google_fonts":[],"version":6}},"yoast_head":"<!-- This site is optimized with the Yoast SEO plugin v27.5 - https:\/\/yoast.com\/product\/yoast-seo-wordpress\/ -->\n<title>Nova proposta para incentivar as empresas a preservar empregos \u00e9 aprovada pela Comiss\u00e3o - Amaral, Yazbek Advogados<\/title>\n<meta name=\"robots\" content=\"index, follow, max-snippet:-1, max-image-preview:large, max-video-preview:-1\" \/>\n<link rel=\"canonical\" href=\"https:\/\/www.ayadvogados.com.br\/?p=1528\" \/>\n<meta property=\"og:locale\" content=\"pt_BR\" \/>\n<meta property=\"og:type\" content=\"article\" \/>\n<meta property=\"og:title\" content=\"Nova proposta para incentivar as empresas a preservar empregos \u00e9 aprovada pela Comiss\u00e3o - Amaral, Yazbek Advogados\" \/>\n<meta property=\"og:description\" content=\"A Comiss\u00e3o de Finan\u00e7as e Tributa\u00e7\u00e3o da C\u00e2mara dos Deputados aprovou o Projeto de Lei 2541\/21, que prorroga de dezembro de 2021 para dezembro de 2026 a desonera\u00e7\u00e3o da folha de pagamentos para 17 setores da economia, considerados alguns dos mais intensivos em m\u00e3o de obra. Os setores s\u00e3o: cal\u00e7ados, call center, comunica\u00e7\u00e3o, confec\u00e7\u00e3o\/vestu\u00e1rio, constru\u00e7\u00e3o [&hellip;]\" \/>\n<meta property=\"og:url\" content=\"https:\/\/www.ayadvogados.com.br\/?p=1528\" \/>\n<meta property=\"og:site_name\" content=\"Amaral, Yazbek Advogados\" \/>\n<meta property=\"article:publisher\" content=\"https:\/\/www.facebook.com\/AYadvogados\" \/>\n<meta property=\"article:published_time\" content=\"2021-09-16T21:44:24+00:00\" \/>\n<meta property=\"og:image\" content=\"https:\/\/www.ayadvogados.com.br\/wp-content\/uploads\/2021\/09\/Blog-3.png\" \/>\n\t<meta property=\"og:image:width\" content=\"1000\" \/>\n\t<meta property=\"og:image:height\" content=\"620\" \/>\n\t<meta property=\"og:image:type\" content=\"image\/png\" \/>\n<meta name=\"author\" content=\"AY Advogados\" \/>\n<meta name=\"twitter:card\" content=\"summary_large_image\" \/>\n<meta name=\"twitter:label1\" content=\"Escrito por\" \/>\n\t<meta name=\"twitter:data1\" content=\"AY Advogados\" \/>\n\t<meta name=\"twitter:label2\" content=\"Est. tempo de leitura\" \/>\n\t<meta name=\"twitter:data2\" content=\"3 minutos\" \/>\n<script type=\"application\/ld+json\" class=\"yoast-schema-graph\">{\"@context\":\"https:\\\/\\\/schema.org\",\"@graph\":[{\"@type\":\"Article\",\"@id\":\"https:\\\/\\\/www.ayadvogados.com.br\\\/?p=1528#article\",\"isPartOf\":{\"@id\":\"https:\\\/\\\/www.ayadvogados.com.br\\\/?p=1528\"},\"author\":{\"name\":\"AY Advogados\",\"@id\":\"https:\\\/\\\/www.ayadvogados.com.br\\\/#\\\/schema\\\/person\\\/4abfbf03ad3e577e691d333af064a912\"},\"headline\":\"Nova proposta para incentivar as empresas a preservar empregos \u00e9 aprovada pela Comiss\u00e3o\",\"datePublished\":\"2021-09-16T21:44:24+00:00\",\"mainEntityOfPage\":{\"@id\":\"https:\\\/\\\/www.ayadvogados.com.br\\\/?p=1528\"},\"wordCount\":586,\"commentCount\":0,\"publisher\":{\"@id\":\"https:\\\/\\\/www.ayadvogados.com.br\\\/#organization\"},\"image\":{\"@id\":\"https:\\\/\\\/www.ayadvogados.com.br\\\/?p=1528#primaryimage\"},\"thumbnailUrl\":\"https:\\\/\\\/www.ayadvogados.com.br\\\/wp-content\\\/uploads\\\/2021\\\/09\\\/Blog-3.png\",\"keywords\":[\"amaral yazbek\",\"noticia do dia\"],\"articleSection\":[\"Not\u00edcia do Dia\"],\"inLanguage\":\"pt-BR\",\"potentialAction\":[{\"@type\":\"CommentAction\",\"name\":\"Comment\",\"target\":[\"https:\\\/\\\/www.ayadvogados.com.br\\\/?p=1528#respond\"]}]},{\"@type\":\"WebPage\",\"@id\":\"https:\\\/\\\/www.ayadvogados.com.br\\\/?p=1528\",\"url\":\"https:\\\/\\\/www.ayadvogados.com.br\\\/?p=1528\",\"name\":\"Nova proposta para incentivar as empresas a preservar empregos \u00e9 aprovada pela Comiss\u00e3o - Amaral, Yazbek Advogados\",\"isPartOf\":{\"@id\":\"https:\\\/\\\/www.ayadvogados.com.br\\\/#website\"},\"primaryImageOfPage\":{\"@id\":\"https:\\\/\\\/www.ayadvogados.com.br\\\/?p=1528#primaryimage\"},\"image\":{\"@id\":\"https:\\\/\\\/www.ayadvogados.com.br\\\/?p=1528#primaryimage\"},\"thumbnailUrl\":\"https:\\\/\\\/www.ayadvogados.com.br\\\/wp-content\\\/uploads\\\/2021\\\/09\\\/Blog-3.png\",\"datePublished\":\"2021-09-16T21:44:24+00:00\",\"breadcrumb\":{\"@id\":\"https:\\\/\\\/www.ayadvogados.com.br\\\/?p=1528#breadcrumb\"},\"inLanguage\":\"pt-BR\",\"potentialAction\":[{\"@type\":\"ReadAction\",\"target\":[\"https:\\\/\\\/www.ayadvogados.com.br\\\/?p=1528\"]}]},{\"@type\":\"ImageObject\",\"inLanguage\":\"pt-BR\",\"@id\":\"https:\\\/\\\/www.ayadvogados.com.br\\\/?p=1528#primaryimage\",\"url\":\"https:\\\/\\\/www.ayadvogados.com.br\\\/wp-content\\\/uploads\\\/2021\\\/09\\\/Blog-3.png\",\"contentUrl\":\"https:\\\/\\\/www.ayadvogados.com.br\\\/wp-content\\\/uploads\\\/2021\\\/09\\\/Blog-3.png\",\"width\":1000,\"height\":620},{\"@type\":\"BreadcrumbList\",\"@id\":\"https:\\\/\\\/www.ayadvogados.com.br\\\/?p=1528#breadcrumb\",\"itemListElement\":[{\"@type\":\"ListItem\",\"position\":1,\"name\":\"In\u00edcio\",\"item\":\"https:\\\/\\\/www.ayadvogados.com.br\\\/\"},{\"@type\":\"ListItem\",\"position\":2,\"name\":\"Nova proposta para incentivar as empresas a preservar empregos \u00e9 aprovada pela Comiss\u00e3o\"}]},{\"@type\":\"WebSite\",\"@id\":\"https:\\\/\\\/www.ayadvogados.com.br\\\/#website\",\"url\":\"https:\\\/\\\/www.ayadvogados.com.br\\\/\",\"name\":\"Amaral, Yazbek Advogados\",\"description\":\"Curitiba \u2022 Bras\u00edlia \u2022 S\u00e3o Paulo\",\"publisher\":{\"@id\":\"https:\\\/\\\/www.ayadvogados.com.br\\\/#organization\"},\"potentialAction\":[{\"@type\":\"SearchAction\",\"target\":{\"@type\":\"EntryPoint\",\"urlTemplate\":\"https:\\\/\\\/www.ayadvogados.com.br\\\/?s={search_term_string}\"},\"query-input\":{\"@type\":\"PropertyValueSpecification\",\"valueRequired\":true,\"valueName\":\"search_term_string\"}}],\"inLanguage\":\"pt-BR\"},{\"@type\":\"Organization\",\"@id\":\"https:\\\/\\\/www.ayadvogados.com.br\\\/#organization\",\"name\":\"Amaral, Yazbek Advogados\",\"url\":\"https:\\\/\\\/www.ayadvogados.com.br\\\/\",\"logo\":{\"@type\":\"ImageObject\",\"inLanguage\":\"pt-BR\",\"@id\":\"https:\\\/\\\/www.ayadvogados.com.br\\\/#\\\/schema\\\/logo\\\/image\\\/\",\"url\":\"http:\\\/\\\/34.239.117.254\\\/wp-content\\\/uploads\\\/2021\\\/03\\\/logo-ay-g.png\",\"contentUrl\":\"http:\\\/\\\/34.239.117.254\\\/wp-content\\\/uploads\\\/2021\\\/03\\\/logo-ay-g.png\",\"width\":434,\"height\":106,\"caption\":\"Amaral, Yazbek Advogados\"},\"image\":{\"@id\":\"https:\\\/\\\/www.ayadvogados.com.br\\\/#\\\/schema\\\/logo\\\/image\\\/\"},\"sameAs\":[\"https:\\\/\\\/www.facebook.com\\\/AYadvogados\",\"https:\\\/\\\/www.instagram.com\\\/ayadvogados\\\/\"]},{\"@type\":\"Person\",\"@id\":\"https:\\\/\\\/www.ayadvogados.com.br\\\/#\\\/schema\\\/person\\\/4abfbf03ad3e577e691d333af064a912\",\"name\":\"AY Advogados\",\"image\":{\"@type\":\"ImageObject\",\"inLanguage\":\"pt-BR\",\"@id\":\"https:\\\/\\\/secure.gravatar.com\\\/avatar\\\/1473912b851241f5503026e6156e144dcd83ff7addb67f65e1ed9ca21ee1d9cf?s=96&d=mm&r=g\",\"url\":\"https:\\\/\\\/secure.gravatar.com\\\/avatar\\\/1473912b851241f5503026e6156e144dcd83ff7addb67f65e1ed9ca21ee1d9cf?s=96&d=mm&r=g\",\"contentUrl\":\"https:\\\/\\\/secure.gravatar.com\\\/avatar\\\/1473912b851241f5503026e6156e144dcd83ff7addb67f65e1ed9ca21ee1d9cf?s=96&d=mm&r=g\",\"caption\":\"AY Advogados\"},\"sameAs\":[\"https:\\\/\\\/ayadvogados.com.br\"],\"url\":\"https:\\\/\\\/www.ayadvogados.com.br\\\/?author=2\"}]}<\/script>\n<!-- \/ Yoast SEO plugin. -->","yoast_head_json":{"title":"Nova proposta para incentivar as empresas a preservar empregos \u00e9 aprovada pela Comiss\u00e3o - Amaral, Yazbek Advogados","robots":{"index":"index","follow":"follow","max-snippet":"max-snippet:-1","max-image-preview":"max-image-preview:large","max-video-preview":"max-video-preview:-1"},"canonical":"https:\/\/www.ayadvogados.com.br\/?p=1528","og_locale":"pt_BR","og_type":"article","og_title":"Nova proposta para incentivar as empresas a preservar empregos \u00e9 aprovada pela Comiss\u00e3o - Amaral, Yazbek Advogados","og_description":"A Comiss\u00e3o de Finan\u00e7as e Tributa\u00e7\u00e3o da C\u00e2mara dos Deputados aprovou o Projeto de Lei 2541\/21, que prorroga de dezembro de 2021 para dezembro de 2026 a desonera\u00e7\u00e3o da folha de pagamentos para 17 setores da economia, considerados alguns dos mais intensivos em m\u00e3o de obra. Os setores s\u00e3o: cal\u00e7ados, call center, comunica\u00e7\u00e3o, confec\u00e7\u00e3o\/vestu\u00e1rio, constru\u00e7\u00e3o [&hellip;]","og_url":"https:\/\/www.ayadvogados.com.br\/?p=1528","og_site_name":"Amaral, Yazbek Advogados","article_publisher":"https:\/\/www.facebook.com\/AYadvogados","article_published_time":"2021-09-16T21:44:24+00:00","og_image":[{"width":1000,"height":620,"url":"https:\/\/www.ayadvogados.com.br\/wp-content\/uploads\/2021\/09\/Blog-3.png","type":"image\/png"}],"author":"AY Advogados","twitter_card":"summary_large_image","twitter_misc":{"Escrito por":"AY Advogados","Est. tempo de leitura":"3 minutos"},"schema":{"@context":"https:\/\/schema.org","@graph":[{"@type":"Article","@id":"https:\/\/www.ayadvogados.com.br\/?p=1528#article","isPartOf":{"@id":"https:\/\/www.ayadvogados.com.br\/?p=1528"},"author":{"name":"AY Advogados","@id":"https:\/\/www.ayadvogados.com.br\/#\/schema\/person\/4abfbf03ad3e577e691d333af064a912"},"headline":"Nova proposta para incentivar as empresas a preservar empregos \u00e9 aprovada pela Comiss\u00e3o","datePublished":"2021-09-16T21:44:24+00:00","mainEntityOfPage":{"@id":"https:\/\/www.ayadvogados.com.br\/?p=1528"},"wordCount":586,"commentCount":0,"publisher":{"@id":"https:\/\/www.ayadvogados.com.br\/#organization"},"image":{"@id":"https:\/\/www.ayadvogados.com.br\/?p=1528#primaryimage"},"thumbnailUrl":"https:\/\/www.ayadvogados.com.br\/wp-content\/uploads\/2021\/09\/Blog-3.png","keywords":["amaral yazbek","noticia do dia"],"articleSection":["Not\u00edcia do Dia"],"inLanguage":"pt-BR","potentialAction":[{"@type":"CommentAction","name":"Comment","target":["https:\/\/www.ayadvogados.com.br\/?p=1528#respond"]}]},{"@type":"WebPage","@id":"https:\/\/www.ayadvogados.com.br\/?p=1528","url":"https:\/\/www.ayadvogados.com.br\/?p=1528","name":"Nova proposta para incentivar as empresas a preservar empregos \u00e9 aprovada pela Comiss\u00e3o - Amaral, Yazbek Advogados","isPartOf":{"@id":"https:\/\/www.ayadvogados.com.br\/#website"},"primaryImageOfPage":{"@id":"https:\/\/www.ayadvogados.com.br\/?p=1528#primaryimage"},"image":{"@id":"https:\/\/www.ayadvogados.com.br\/?p=1528#primaryimage"},"thumbnailUrl":"https:\/\/www.ayadvogados.com.br\/wp-content\/uploads\/2021\/09\/Blog-3.png","datePublished":"2021-09-16T21:44:24+00:00","breadcrumb":{"@id":"https:\/\/www.ayadvogados.com.br\/?p=1528#breadcrumb"},"inLanguage":"pt-BR","potentialAction":[{"@type":"ReadAction","target":["https:\/\/www.ayadvogados.com.br\/?p=1528"]}]},{"@type":"ImageObject","inLanguage":"pt-BR","@id":"https:\/\/www.ayadvogados.com.br\/?p=1528#primaryimage","url":"https:\/\/www.ayadvogados.com.br\/wp-content\/uploads\/2021\/09\/Blog-3.png","contentUrl":"https:\/\/www.ayadvogados.com.br\/wp-content\/uploads\/2021\/09\/Blog-3.png","width":1000,"height":620},{"@type":"BreadcrumbList","@id":"https:\/\/www.ayadvogados.com.br\/?p=1528#breadcrumb","itemListElement":[{"@type":"ListItem","position":1,"name":"In\u00edcio","item":"https:\/\/www.ayadvogados.com.br\/"},{"@type":"ListItem","position":2,"name":"Nova proposta para incentivar as empresas a preservar empregos \u00e9 aprovada pela Comiss\u00e3o"}]},{"@type":"WebSite","@id":"https:\/\/www.ayadvogados.com.br\/#website","url":"https:\/\/www.ayadvogados.com.br\/","name":"Amaral, Yazbek Advogados","description":"Curitiba \u2022 Bras\u00edlia \u2022 S\u00e3o Paulo","publisher":{"@id":"https:\/\/www.ayadvogados.com.br\/#organization"},"potentialAction":[{"@type":"SearchAction","target":{"@type":"EntryPoint","urlTemplate":"https:\/\/www.ayadvogados.com.br\/?s={search_term_string}"},"query-input":{"@type":"PropertyValueSpecification","valueRequired":true,"valueName":"search_term_string"}}],"inLanguage":"pt-BR"},{"@type":"Organization","@id":"https:\/\/www.ayadvogados.com.br\/#organization","name":"Amaral, Yazbek Advogados","url":"https:\/\/www.ayadvogados.com.br\/","logo":{"@type":"ImageObject","inLanguage":"pt-BR","@id":"https:\/\/www.ayadvogados.com.br\/#\/schema\/logo\/image\/","url":"http:\/\/34.239.117.254\/wp-content\/uploads\/2021\/03\/logo-ay-g.png","contentUrl":"http:\/\/34.239.117.254\/wp-content\/uploads\/2021\/03\/logo-ay-g.png","width":434,"height":106,"caption":"Amaral, Yazbek Advogados"},"image":{"@id":"https:\/\/www.ayadvogados.com.br\/#\/schema\/logo\/image\/"},"sameAs":["https:\/\/www.facebook.com\/AYadvogados","https:\/\/www.instagram.com\/ayadvogados\/"]},{"@type":"Person","@id":"https:\/\/www.ayadvogados.com.br\/#\/schema\/person\/4abfbf03ad3e577e691d333af064a912","name":"AY Advogados","image":{"@type":"ImageObject","inLanguage":"pt-BR","@id":"https:\/\/secure.gravatar.com\/avatar\/1473912b851241f5503026e6156e144dcd83ff7addb67f65e1ed9ca21ee1d9cf?s=96&d=mm&r=g","url":"https:\/\/secure.gravatar.com\/avatar\/1473912b851241f5503026e6156e144dcd83ff7addb67f65e1ed9ca21ee1d9cf?s=96&d=mm&r=g","contentUrl":"https:\/\/secure.gravatar.com\/avatar\/1473912b851241f5503026e6156e144dcd83ff7addb67f65e1ed9ca21ee1d9cf?s=96&d=mm&r=g","caption":"AY Advogados"},"sameAs":["https:\/\/ayadvogados.com.br"],"url":"https:\/\/www.ayadvogados.com.br\/?author=2"}]}},"rttpg_featured_image_url":{"full":["https:\/\/www.ayadvogados.com.br\/wp-content\/uploads\/2021\/09\/Blog-3.png",1000,620,false],"landscape":["https:\/\/www.ayadvogados.com.br\/wp-content\/uploads\/2021\/09\/Blog-3.png",1000,620,false],"portraits":["https:\/\/www.ayadvogados.com.br\/wp-content\/uploads\/2021\/09\/Blog-3.png",1000,620,false],"thumbnail":["https:\/\/www.ayadvogados.com.br\/wp-content\/uploads\/2021\/09\/Blog-3-150x150.png",150,150,true],"medium":["https:\/\/www.ayadvogados.com.br\/wp-content\/uploads\/2021\/09\/Blog-3-300x186.png",300,186,true],"large":["https:\/\/www.ayadvogados.com.br\/wp-content\/uploads\/2021\/09\/Blog-3.png",1000,620,false],"1536x1536":["https:\/\/www.ayadvogados.com.br\/wp-content\/uploads\/2021\/09\/Blog-3.png",1000,620,false],"2048x2048":["https:\/\/www.ayadvogados.com.br\/wp-content\/uploads\/2021\/09\/Blog-3.png",1000,620,false]},"rttpg_author":{"display_name":"AY Advogados","author_link":"https:\/\/www.ayadvogados.com.br\/?author=2"},"rttpg_comment":0,"rttpg_category":"<a href=\"https:\/\/www.ayadvogados.com.br\/?cat=1\" rel=\"category\">Not\u00edcia do Dia<\/a>","rttpg_excerpt":"A Comiss\u00e3o de Finan\u00e7as e Tributa\u00e7\u00e3o da C\u00e2mara dos Deputados aprovou o Projeto de Lei 2541\/21, que prorroga de dezembro de 2021 para dezembro de 2026 a desonera\u00e7\u00e3o da folha de pagamentos para 17 setores da economia, considerados alguns dos mais intensivos em m\u00e3o de obra. Os setores s\u00e3o: cal\u00e7ados, call center, comunica\u00e7\u00e3o, confec\u00e7\u00e3o\/vestu\u00e1rio, constru\u00e7\u00e3o&hellip;","_links":{"self":[{"href":"https:\/\/www.ayadvogados.com.br\/index.php?rest_route=\/wp\/v2\/posts\/1528","targetHints":{"allow":["GET"]}}],"collection":[{"href":"https:\/\/www.ayadvogados.com.br\/index.php?rest_route=\/wp\/v2\/posts"}],"about":[{"href":"https:\/\/www.ayadvogados.com.br\/index.php?rest_route=\/wp\/v2\/types\/post"}],"author":[{"embeddable":true,"href":"https:\/\/www.ayadvogados.com.br\/index.php?rest_route=\/wp\/v2\/users\/2"}],"replies":[{"embeddable":true,"href":"https:\/\/www.ayadvogados.com.br\/index.php?rest_route=%2Fwp%2Fv2%2Fcomments&post=1528"}],"version-history":[{"count":1,"href":"https:\/\/www.ayadvogados.com.br\/index.php?rest_route=\/wp\/v2\/posts\/1528\/revisions"}],"predecessor-version":[{"id":1531,"href":"https:\/\/www.ayadvogados.com.br\/index.php?rest_route=\/wp\/v2\/posts\/1528\/revisions\/1531"}],"wp:featuredmedia":[{"embeddable":true,"href":"https:\/\/www.ayadvogados.com.br\/index.php?rest_route=\/wp\/v2\/media\/1530"}],"wp:attachment":[{"href":"https:\/\/www.ayadvogados.com.br\/index.php?rest_route=%2Fwp%2Fv2%2Fmedia&parent=1528"}],"wp:term":[{"taxonomy":"category","embeddable":true,"href":"https:\/\/www.ayadvogados.com.br\/index.php?rest_route=%2Fwp%2Fv2%2Fcategories&post=1528"},{"taxonomy":"post_tag","embeddable":true,"href":"https:\/\/www.ayadvogados.com.br\/index.php?rest_route=%2Fwp%2Fv2%2Ftags&post=1528"}],"curies":[{"name":"wp","href":"https:\/\/api.w.org\/{rel}","templated":true}]}}