{"id":1523,"date":"2021-09-15T17:54:53","date_gmt":"2021-09-15T20:54:53","guid":{"rendered":"http:\/\/34.239.117.254\/?p=1523"},"modified":"2021-09-15T17:54:53","modified_gmt":"2021-09-15T20:54:53","slug":"empresas-podem-conseguir-reduzir-o-inss-atraves-dos-valores-descontados-do-vale-transporte","status":"publish","type":"post","link":"https:\/\/www.ayadvogados.com.br\/?p=1523","title":{"rendered":"Empresas podem conseguir reduzir o INSS atrav\u00e9s dos valores descontados do vale-transporte"},"content":{"rendered":"\n<p>A tese sobre&nbsp;a exclus\u00e3o de valores descontados de empregados para uso de vale-transporte, vale-alimenta\u00e7\u00e3o e plano de sa\u00fade com coparticipa\u00e7\u00e3o do c\u00e1lculo da contribui\u00e7\u00e3o previdenci\u00e1ria patronal \u00e9 uma das mais importantes do \u00e2mbito previdenci\u00e1rio para as empresas, e ganhou for\u00e7a na pandemia como uma oportunidade para as empresas refor\u00e7arem o caixa.&nbsp;<\/p>\n\n\n\n<p>Os contribuintes alegam nos processos que deve entrar no c\u00e1lculo da contribui\u00e7\u00e3o previdenci\u00e1ria apenas o que for destinado a retribuir o trabalho, como prev\u00ea o artigo 195, inciso I, al\u00ednea a, da Constitui\u00e7\u00e3o e o artigo 22, inciso I, da Lei n\u00ba 8.212, de 1991. O que n\u00e3o seria o caso dos valores descontados dos funcion\u00e1rios referentes a vale-transporte&nbsp;<\/p>\n\n\n\n<p>J\u00e1 para a Receita Federal, esses mesmos valores fazem parte da remunera\u00e7\u00e3o do colaborador e n\u00e3o podem ser&nbsp;exclu\u00eddos&nbsp;da base da contribui\u00e7\u00e3o patronal, que \u00e9 a folha salarial \u2013 com al\u00edquota de 20%.&nbsp;<\/p>\n\n\n\n<p>Esse entendimento est\u00e1 na Solu\u00e7\u00e3o de Consulta n\u00ba 96, da Coordena\u00e7\u00e3o-Geral de Tributa\u00e7\u00e3o (Cosit), que desde junho orienta os fiscais do pa\u00eds.&nbsp;<\/p>\n\n\n\n<p><strong>Quer saber mais sobre o assunto?<\/strong>&nbsp;<\/p>\n\n\n\n<p><strong>Leia a not\u00edcia completa no site:&nbsp;<\/strong><a href=\"https:\/\/valor.globo.com\/legislacao\/noticia\/2021\/09\/15\/empresas-conseguem-no-stj-reduzir-contribuicao-ao-inss.ghtml\" target=\"_blank\" rel=\"noreferrer noopener\"><strong>Valor<\/strong><\/a><strong><\/strong>&nbsp;<\/p>\n\n\n\n<p>A Amaral,&nbsp;Yazbek, OAB\/PR 762, possui 35 anos de experi\u00eancia auxiliando empresas a transformar a tributa\u00e7\u00e3o em lucro. Entre em contato com um dos s\u00f3cios para agendamento de reuni\u00e3o em caso de d\u00favidas.&nbsp;&nbsp;<\/p>\n\n\n\n<p>Contato: 41 3595-8300 ou pelo nosso WhatsApp 41 99567-5696&nbsp;&nbsp;<\/p>\n\n\n\n<p>Av. C\u00e2ndido Hartmann, 50 \u2013&nbsp;Bigorrilho&nbsp;| Curitiba-PR&nbsp;&nbsp;<\/p>\n\n\n\n<p>Assine nossa Newsletter e fique por dentro das novidades!&nbsp;&nbsp;<\/p>\n\n\n\n<p>Quer receber seu exemplar da revista Governan\u00e7a Jur\u00eddica? Clique&nbsp;<a href=\"http:\/\/ayadvogados.com.br\/revista\" target=\"_blank\" rel=\"noreferrer noopener\">aqui<\/a>&nbsp;e pe\u00e7a a sua.&nbsp;&nbsp;<\/p>\n\n\n\n<p>Nos acompanhe nas redes sociais:&nbsp;<a href=\"https:\/\/www.facebook.com\/amaral.yazbek\" target=\"_blank\" rel=\"noreferrer noopener\">Facebook<\/a>&nbsp;|&nbsp;<a href=\"https:\/\/www.instagram.com\/amaral.yazbek\/\" target=\"_blank\" rel=\"noreferrer noopener\">Instagram<\/a>&nbsp;|&nbsp;<a href=\"https:\/\/www.linkedin.com\/company\/3357082\/admin\/\" target=\"_blank\" rel=\"noreferrer noopener\">Linkedin<\/a>&nbsp;J\u00e1 conhece o canal Direito da Intelig\u00eancia de Neg\u00f3cios?&nbsp;<a href=\"https:\/\/www.youtube.com\/channel\/UCu2Mpu32ht8DEN8OFRXYMyw\" target=\"_blank\" rel=\"noreferrer noopener\">Inscreva-se j\u00e1<\/a>&nbsp;<\/p>\n","protected":false},"excerpt":{"rendered":"<p>A tese sobre&nbsp;a exclus\u00e3o de valores descontados de empregados para uso de vale-transporte, vale-alimenta\u00e7\u00e3o e plano de sa\u00fade com coparticipa\u00e7\u00e3o do c\u00e1lculo da contribui\u00e7\u00e3o previdenci\u00e1ria patronal \u00e9 uma das mais importantes do \u00e2mbito previdenci\u00e1rio para as empresas, e ganhou for\u00e7a na pandemia como uma oportunidade para as empresas refor\u00e7arem o caixa.&nbsp; Os contribuintes alegam nos [&hellip;]<\/p>\n","protected":false},"author":2,"featured_media":1525,"comment_status":"open","ping_status":"open","sticky":false,"template":"","format":"standard","meta":{"footnotes":""},"categories":[1],"tags":[9,63],"class_list":["post-1523","post","type-post","status-publish","format-standard","has-post-thumbnail","hentry","category-noticia-do-dia","tag-amaral-yazbek","tag-noticia-do-dia"],"blocksy_meta":{"styles_descriptor":{"styles":{"desktop":"","tablet":"","mobile":""},"google_fonts":[],"version":6}},"yoast_head":"<!-- This site is optimized with the Yoast SEO plugin v27.5 - https:\/\/yoast.com\/product\/yoast-seo-wordpress\/ -->\n<title>Empresas podem conseguir reduzir o INSS atrav\u00e9s dos valores descontados do vale-transporte - Amaral, Yazbek Advogados<\/title>\n<meta name=\"robots\" content=\"index, follow, max-snippet:-1, max-image-preview:large, max-video-preview:-1\" \/>\n<link rel=\"canonical\" href=\"https:\/\/www.ayadvogados.com.br\/?p=1523\" \/>\n<meta property=\"og:locale\" content=\"pt_BR\" \/>\n<meta property=\"og:type\" content=\"article\" \/>\n<meta property=\"og:title\" content=\"Empresas podem conseguir reduzir o INSS atrav\u00e9s dos valores descontados do vale-transporte - Amaral, Yazbek Advogados\" \/>\n<meta property=\"og:description\" content=\"A tese sobre&nbsp;a exclus\u00e3o de valores descontados de empregados para uso de vale-transporte, vale-alimenta\u00e7\u00e3o e plano de sa\u00fade com coparticipa\u00e7\u00e3o do c\u00e1lculo da contribui\u00e7\u00e3o previdenci\u00e1ria patronal \u00e9 uma das mais importantes do \u00e2mbito previdenci\u00e1rio para as empresas, e ganhou for\u00e7a na pandemia como uma oportunidade para as empresas refor\u00e7arem o caixa.&nbsp; Os contribuintes alegam nos [&hellip;]\" \/>\n<meta property=\"og:url\" content=\"https:\/\/www.ayadvogados.com.br\/?p=1523\" \/>\n<meta property=\"og:site_name\" content=\"Amaral, Yazbek Advogados\" \/>\n<meta property=\"article:publisher\" content=\"https:\/\/www.facebook.com\/AYadvogados\" \/>\n<meta property=\"article:published_time\" content=\"2021-09-15T20:54:53+00:00\" \/>\n<meta property=\"og:image\" content=\"https:\/\/www.ayadvogados.com.br\/wp-content\/uploads\/2021\/09\/sds.png\" \/>\n\t<meta property=\"og:image:width\" content=\"1000\" \/>\n\t<meta property=\"og:image:height\" content=\"620\" \/>\n\t<meta property=\"og:image:type\" content=\"image\/png\" \/>\n<meta name=\"author\" content=\"AY Advogados\" \/>\n<meta name=\"twitter:card\" content=\"summary_large_image\" \/>\n<meta name=\"twitter:label1\" content=\"Escrito por\" \/>\n\t<meta name=\"twitter:data1\" content=\"AY Advogados\" \/>\n\t<meta name=\"twitter:label2\" content=\"Est. tempo de leitura\" \/>\n\t<meta name=\"twitter:data2\" content=\"2 minutos\" \/>\n<script type=\"application\/ld+json\" class=\"yoast-schema-graph\">{\"@context\":\"https:\\\/\\\/schema.org\",\"@graph\":[{\"@type\":\"Article\",\"@id\":\"https:\\\/\\\/www.ayadvogados.com.br\\\/?p=1523#article\",\"isPartOf\":{\"@id\":\"https:\\\/\\\/www.ayadvogados.com.br\\\/?p=1523\"},\"author\":{\"name\":\"AY Advogados\",\"@id\":\"https:\\\/\\\/www.ayadvogados.com.br\\\/#\\\/schema\\\/person\\\/4abfbf03ad3e577e691d333af064a912\"},\"headline\":\"Empresas podem conseguir reduzir o INSS atrav\u00e9s dos valores descontados do vale-transporte\",\"datePublished\":\"2021-09-15T20:54:53+00:00\",\"mainEntityOfPage\":{\"@id\":\"https:\\\/\\\/www.ayadvogados.com.br\\\/?p=1523\"},\"wordCount\":341,\"commentCount\":0,\"publisher\":{\"@id\":\"https:\\\/\\\/www.ayadvogados.com.br\\\/#organization\"},\"image\":{\"@id\":\"https:\\\/\\\/www.ayadvogados.com.br\\\/?p=1523#primaryimage\"},\"thumbnailUrl\":\"https:\\\/\\\/www.ayadvogados.com.br\\\/wp-content\\\/uploads\\\/2021\\\/09\\\/sds.png\",\"keywords\":[\"amaral yazbek\",\"noticia do dia\"],\"articleSection\":[\"Not\u00edcia do Dia\"],\"inLanguage\":\"pt-BR\",\"potentialAction\":[{\"@type\":\"CommentAction\",\"name\":\"Comment\",\"target\":[\"https:\\\/\\\/www.ayadvogados.com.br\\\/?p=1523#respond\"]}]},{\"@type\":\"WebPage\",\"@id\":\"https:\\\/\\\/www.ayadvogados.com.br\\\/?p=1523\",\"url\":\"https:\\\/\\\/www.ayadvogados.com.br\\\/?p=1523\",\"name\":\"Empresas podem conseguir reduzir o INSS atrav\u00e9s dos valores descontados do vale-transporte - Amaral, Yazbek Advogados\",\"isPartOf\":{\"@id\":\"https:\\\/\\\/www.ayadvogados.com.br\\\/#website\"},\"primaryImageOfPage\":{\"@id\":\"https:\\\/\\\/www.ayadvogados.com.br\\\/?p=1523#primaryimage\"},\"image\":{\"@id\":\"https:\\\/\\\/www.ayadvogados.com.br\\\/?p=1523#primaryimage\"},\"thumbnailUrl\":\"https:\\\/\\\/www.ayadvogados.com.br\\\/wp-content\\\/uploads\\\/2021\\\/09\\\/sds.png\",\"datePublished\":\"2021-09-15T20:54:53+00:00\",\"breadcrumb\":{\"@id\":\"https:\\\/\\\/www.ayadvogados.com.br\\\/?p=1523#breadcrumb\"},\"inLanguage\":\"pt-BR\",\"potentialAction\":[{\"@type\":\"ReadAction\",\"target\":[\"https:\\\/\\\/www.ayadvogados.com.br\\\/?p=1523\"]}]},{\"@type\":\"ImageObject\",\"inLanguage\":\"pt-BR\",\"@id\":\"https:\\\/\\\/www.ayadvogados.com.br\\\/?p=1523#primaryimage\",\"url\":\"https:\\\/\\\/www.ayadvogados.com.br\\\/wp-content\\\/uploads\\\/2021\\\/09\\\/sds.png\",\"contentUrl\":\"https:\\\/\\\/www.ayadvogados.com.br\\\/wp-content\\\/uploads\\\/2021\\\/09\\\/sds.png\",\"width\":1000,\"height\":620},{\"@type\":\"BreadcrumbList\",\"@id\":\"https:\\\/\\\/www.ayadvogados.com.br\\\/?p=1523#breadcrumb\",\"itemListElement\":[{\"@type\":\"ListItem\",\"position\":1,\"name\":\"In\u00edcio\",\"item\":\"https:\\\/\\\/www.ayadvogados.com.br\\\/\"},{\"@type\":\"ListItem\",\"position\":2,\"name\":\"Empresas podem conseguir reduzir o INSS atrav\u00e9s dos valores descontados do vale-transporte\"}]},{\"@type\":\"WebSite\",\"@id\":\"https:\\\/\\\/www.ayadvogados.com.br\\\/#website\",\"url\":\"https:\\\/\\\/www.ayadvogados.com.br\\\/\",\"name\":\"Amaral, Yazbek Advogados\",\"description\":\"Curitiba \u2022 Bras\u00edlia \u2022 S\u00e3o Paulo\",\"publisher\":{\"@id\":\"https:\\\/\\\/www.ayadvogados.com.br\\\/#organization\"},\"potentialAction\":[{\"@type\":\"SearchAction\",\"target\":{\"@type\":\"EntryPoint\",\"urlTemplate\":\"https:\\\/\\\/www.ayadvogados.com.br\\\/?s={search_term_string}\"},\"query-input\":{\"@type\":\"PropertyValueSpecification\",\"valueRequired\":true,\"valueName\":\"search_term_string\"}}],\"inLanguage\":\"pt-BR\"},{\"@type\":\"Organization\",\"@id\":\"https:\\\/\\\/www.ayadvogados.com.br\\\/#organization\",\"name\":\"Amaral, Yazbek Advogados\",\"url\":\"https:\\\/\\\/www.ayadvogados.com.br\\\/\",\"logo\":{\"@type\":\"ImageObject\",\"inLanguage\":\"pt-BR\",\"@id\":\"https:\\\/\\\/www.ayadvogados.com.br\\\/#\\\/schema\\\/logo\\\/image\\\/\",\"url\":\"http:\\\/\\\/34.239.117.254\\\/wp-content\\\/uploads\\\/2021\\\/03\\\/logo-ay-g.png\",\"contentUrl\":\"http:\\\/\\\/34.239.117.254\\\/wp-content\\\/uploads\\\/2021\\\/03\\\/logo-ay-g.png\",\"width\":434,\"height\":106,\"caption\":\"Amaral, Yazbek Advogados\"},\"image\":{\"@id\":\"https:\\\/\\\/www.ayadvogados.com.br\\\/#\\\/schema\\\/logo\\\/image\\\/\"},\"sameAs\":[\"https:\\\/\\\/www.facebook.com\\\/AYadvogados\",\"https:\\\/\\\/www.instagram.com\\\/ayadvogados\\\/\"]},{\"@type\":\"Person\",\"@id\":\"https:\\\/\\\/www.ayadvogados.com.br\\\/#\\\/schema\\\/person\\\/4abfbf03ad3e577e691d333af064a912\",\"name\":\"AY Advogados\",\"image\":{\"@type\":\"ImageObject\",\"inLanguage\":\"pt-BR\",\"@id\":\"https:\\\/\\\/secure.gravatar.com\\\/avatar\\\/1473912b851241f5503026e6156e144dcd83ff7addb67f65e1ed9ca21ee1d9cf?s=96&d=mm&r=g\",\"url\":\"https:\\\/\\\/secure.gravatar.com\\\/avatar\\\/1473912b851241f5503026e6156e144dcd83ff7addb67f65e1ed9ca21ee1d9cf?s=96&d=mm&r=g\",\"contentUrl\":\"https:\\\/\\\/secure.gravatar.com\\\/avatar\\\/1473912b851241f5503026e6156e144dcd83ff7addb67f65e1ed9ca21ee1d9cf?s=96&d=mm&r=g\",\"caption\":\"AY Advogados\"},\"sameAs\":[\"https:\\\/\\\/ayadvogados.com.br\"],\"url\":\"https:\\\/\\\/www.ayadvogados.com.br\\\/?author=2\"}]}<\/script>\n<!-- \/ Yoast SEO plugin. -->","yoast_head_json":{"title":"Empresas podem conseguir reduzir o INSS atrav\u00e9s dos valores descontados do vale-transporte - Amaral, Yazbek Advogados","robots":{"index":"index","follow":"follow","max-snippet":"max-snippet:-1","max-image-preview":"max-image-preview:large","max-video-preview":"max-video-preview:-1"},"canonical":"https:\/\/www.ayadvogados.com.br\/?p=1523","og_locale":"pt_BR","og_type":"article","og_title":"Empresas podem conseguir reduzir o INSS atrav\u00e9s dos valores descontados do vale-transporte - Amaral, Yazbek Advogados","og_description":"A tese sobre&nbsp;a exclus\u00e3o de valores descontados de empregados para uso de vale-transporte, vale-alimenta\u00e7\u00e3o e plano de sa\u00fade com coparticipa\u00e7\u00e3o do c\u00e1lculo da contribui\u00e7\u00e3o previdenci\u00e1ria patronal \u00e9 uma das mais importantes do \u00e2mbito previdenci\u00e1rio para as empresas, e ganhou for\u00e7a na pandemia como uma oportunidade para as empresas refor\u00e7arem o caixa.&nbsp; Os contribuintes alegam nos [&hellip;]","og_url":"https:\/\/www.ayadvogados.com.br\/?p=1523","og_site_name":"Amaral, Yazbek Advogados","article_publisher":"https:\/\/www.facebook.com\/AYadvogados","article_published_time":"2021-09-15T20:54:53+00:00","og_image":[{"width":1000,"height":620,"url":"https:\/\/www.ayadvogados.com.br\/wp-content\/uploads\/2021\/09\/sds.png","type":"image\/png"}],"author":"AY Advogados","twitter_card":"summary_large_image","twitter_misc":{"Escrito por":"AY Advogados","Est. tempo de leitura":"2 minutos"},"schema":{"@context":"https:\/\/schema.org","@graph":[{"@type":"Article","@id":"https:\/\/www.ayadvogados.com.br\/?p=1523#article","isPartOf":{"@id":"https:\/\/www.ayadvogados.com.br\/?p=1523"},"author":{"name":"AY Advogados","@id":"https:\/\/www.ayadvogados.com.br\/#\/schema\/person\/4abfbf03ad3e577e691d333af064a912"},"headline":"Empresas podem conseguir reduzir o INSS atrav\u00e9s dos valores descontados do vale-transporte","datePublished":"2021-09-15T20:54:53+00:00","mainEntityOfPage":{"@id":"https:\/\/www.ayadvogados.com.br\/?p=1523"},"wordCount":341,"commentCount":0,"publisher":{"@id":"https:\/\/www.ayadvogados.com.br\/#organization"},"image":{"@id":"https:\/\/www.ayadvogados.com.br\/?p=1523#primaryimage"},"thumbnailUrl":"https:\/\/www.ayadvogados.com.br\/wp-content\/uploads\/2021\/09\/sds.png","keywords":["amaral yazbek","noticia do dia"],"articleSection":["Not\u00edcia do Dia"],"inLanguage":"pt-BR","potentialAction":[{"@type":"CommentAction","name":"Comment","target":["https:\/\/www.ayadvogados.com.br\/?p=1523#respond"]}]},{"@type":"WebPage","@id":"https:\/\/www.ayadvogados.com.br\/?p=1523","url":"https:\/\/www.ayadvogados.com.br\/?p=1523","name":"Empresas podem conseguir reduzir o INSS atrav\u00e9s dos valores descontados do vale-transporte - Amaral, Yazbek Advogados","isPartOf":{"@id":"https:\/\/www.ayadvogados.com.br\/#website"},"primaryImageOfPage":{"@id":"https:\/\/www.ayadvogados.com.br\/?p=1523#primaryimage"},"image":{"@id":"https:\/\/www.ayadvogados.com.br\/?p=1523#primaryimage"},"thumbnailUrl":"https:\/\/www.ayadvogados.com.br\/wp-content\/uploads\/2021\/09\/sds.png","datePublished":"2021-09-15T20:54:53+00:00","breadcrumb":{"@id":"https:\/\/www.ayadvogados.com.br\/?p=1523#breadcrumb"},"inLanguage":"pt-BR","potentialAction":[{"@type":"ReadAction","target":["https:\/\/www.ayadvogados.com.br\/?p=1523"]}]},{"@type":"ImageObject","inLanguage":"pt-BR","@id":"https:\/\/www.ayadvogados.com.br\/?p=1523#primaryimage","url":"https:\/\/www.ayadvogados.com.br\/wp-content\/uploads\/2021\/09\/sds.png","contentUrl":"https:\/\/www.ayadvogados.com.br\/wp-content\/uploads\/2021\/09\/sds.png","width":1000,"height":620},{"@type":"BreadcrumbList","@id":"https:\/\/www.ayadvogados.com.br\/?p=1523#breadcrumb","itemListElement":[{"@type":"ListItem","position":1,"name":"In\u00edcio","item":"https:\/\/www.ayadvogados.com.br\/"},{"@type":"ListItem","position":2,"name":"Empresas podem conseguir reduzir o INSS atrav\u00e9s dos valores descontados do vale-transporte"}]},{"@type":"WebSite","@id":"https:\/\/www.ayadvogados.com.br\/#website","url":"https:\/\/www.ayadvogados.com.br\/","name":"Amaral, Yazbek Advogados","description":"Curitiba \u2022 Bras\u00edlia \u2022 S\u00e3o Paulo","publisher":{"@id":"https:\/\/www.ayadvogados.com.br\/#organization"},"potentialAction":[{"@type":"SearchAction","target":{"@type":"EntryPoint","urlTemplate":"https:\/\/www.ayadvogados.com.br\/?s={search_term_string}"},"query-input":{"@type":"PropertyValueSpecification","valueRequired":true,"valueName":"search_term_string"}}],"inLanguage":"pt-BR"},{"@type":"Organization","@id":"https:\/\/www.ayadvogados.com.br\/#organization","name":"Amaral, Yazbek Advogados","url":"https:\/\/www.ayadvogados.com.br\/","logo":{"@type":"ImageObject","inLanguage":"pt-BR","@id":"https:\/\/www.ayadvogados.com.br\/#\/schema\/logo\/image\/","url":"http:\/\/34.239.117.254\/wp-content\/uploads\/2021\/03\/logo-ay-g.png","contentUrl":"http:\/\/34.239.117.254\/wp-content\/uploads\/2021\/03\/logo-ay-g.png","width":434,"height":106,"caption":"Amaral, Yazbek Advogados"},"image":{"@id":"https:\/\/www.ayadvogados.com.br\/#\/schema\/logo\/image\/"},"sameAs":["https:\/\/www.facebook.com\/AYadvogados","https:\/\/www.instagram.com\/ayadvogados\/"]},{"@type":"Person","@id":"https:\/\/www.ayadvogados.com.br\/#\/schema\/person\/4abfbf03ad3e577e691d333af064a912","name":"AY Advogados","image":{"@type":"ImageObject","inLanguage":"pt-BR","@id":"https:\/\/secure.gravatar.com\/avatar\/1473912b851241f5503026e6156e144dcd83ff7addb67f65e1ed9ca21ee1d9cf?s=96&d=mm&r=g","url":"https:\/\/secure.gravatar.com\/avatar\/1473912b851241f5503026e6156e144dcd83ff7addb67f65e1ed9ca21ee1d9cf?s=96&d=mm&r=g","contentUrl":"https:\/\/secure.gravatar.com\/avatar\/1473912b851241f5503026e6156e144dcd83ff7addb67f65e1ed9ca21ee1d9cf?s=96&d=mm&r=g","caption":"AY Advogados"},"sameAs":["https:\/\/ayadvogados.com.br"],"url":"https:\/\/www.ayadvogados.com.br\/?author=2"}]}},"rttpg_featured_image_url":{"full":["https:\/\/www.ayadvogados.com.br\/wp-content\/uploads\/2021\/09\/sds.png",1000,620,false],"landscape":["https:\/\/www.ayadvogados.com.br\/wp-content\/uploads\/2021\/09\/sds.png",1000,620,false],"portraits":["https:\/\/www.ayadvogados.com.br\/wp-content\/uploads\/2021\/09\/sds.png",1000,620,false],"thumbnail":["https:\/\/www.ayadvogados.com.br\/wp-content\/uploads\/2021\/09\/sds-150x150.png",150,150,true],"medium":["https:\/\/www.ayadvogados.com.br\/wp-content\/uploads\/2021\/09\/sds-300x186.png",300,186,true],"large":["https:\/\/www.ayadvogados.com.br\/wp-content\/uploads\/2021\/09\/sds.png",1000,620,false],"1536x1536":["https:\/\/www.ayadvogados.com.br\/wp-content\/uploads\/2021\/09\/sds.png",1000,620,false],"2048x2048":["https:\/\/www.ayadvogados.com.br\/wp-content\/uploads\/2021\/09\/sds.png",1000,620,false]},"rttpg_author":{"display_name":"AY Advogados","author_link":"https:\/\/www.ayadvogados.com.br\/?author=2"},"rttpg_comment":0,"rttpg_category":"<a href=\"https:\/\/www.ayadvogados.com.br\/?cat=1\" rel=\"category\">Not\u00edcia do Dia<\/a>","rttpg_excerpt":"A tese sobre&nbsp;a exclus\u00e3o de valores descontados de empregados para uso de vale-transporte, vale-alimenta\u00e7\u00e3o e plano de sa\u00fade com coparticipa\u00e7\u00e3o do c\u00e1lculo da contribui\u00e7\u00e3o previdenci\u00e1ria patronal \u00e9 uma das mais importantes do \u00e2mbito previdenci\u00e1rio para as empresas, e ganhou for\u00e7a na pandemia como uma oportunidade para as empresas refor\u00e7arem o caixa.&nbsp; Os contribuintes alegam nos&hellip;","_links":{"self":[{"href":"https:\/\/www.ayadvogados.com.br\/index.php?rest_route=\/wp\/v2\/posts\/1523","targetHints":{"allow":["GET"]}}],"collection":[{"href":"https:\/\/www.ayadvogados.com.br\/index.php?rest_route=\/wp\/v2\/posts"}],"about":[{"href":"https:\/\/www.ayadvogados.com.br\/index.php?rest_route=\/wp\/v2\/types\/post"}],"author":[{"embeddable":true,"href":"https:\/\/www.ayadvogados.com.br\/index.php?rest_route=\/wp\/v2\/users\/2"}],"replies":[{"embeddable":true,"href":"https:\/\/www.ayadvogados.com.br\/index.php?rest_route=%2Fwp%2Fv2%2Fcomments&post=1523"}],"version-history":[{"count":1,"href":"https:\/\/www.ayadvogados.com.br\/index.php?rest_route=\/wp\/v2\/posts\/1523\/revisions"}],"predecessor-version":[{"id":1526,"href":"https:\/\/www.ayadvogados.com.br\/index.php?rest_route=\/wp\/v2\/posts\/1523\/revisions\/1526"}],"wp:featuredmedia":[{"embeddable":true,"href":"https:\/\/www.ayadvogados.com.br\/index.php?rest_route=\/wp\/v2\/media\/1525"}],"wp:attachment":[{"href":"https:\/\/www.ayadvogados.com.br\/index.php?rest_route=%2Fwp%2Fv2%2Fmedia&parent=1523"}],"wp:term":[{"taxonomy":"category","embeddable":true,"href":"https:\/\/www.ayadvogados.com.br\/index.php?rest_route=%2Fwp%2Fv2%2Fcategories&post=1523"},{"taxonomy":"post_tag","embeddable":true,"href":"https:\/\/www.ayadvogados.com.br\/index.php?rest_route=%2Fwp%2Fv2%2Ftags&post=1523"}],"curies":[{"name":"wp","href":"https:\/\/api.w.org\/{rel}","templated":true}]}}