{"id":149,"date":"2021-01-27T09:33:00","date_gmt":"2021-01-27T12:33:00","guid":{"rendered":"http:\/\/34.239.117.254\/?p=149"},"modified":"2021-02-26T09:33:57","modified_gmt":"2021-02-26T12:33:57","slug":"ministros-do-stf-iniciam-o-ano-com-pauta-tributaria-bilionaria","status":"publish","type":"post","link":"https:\/\/www.ayadvogados.com.br\/?p=149","title":{"rendered":"Ministros do STF iniciam o ano com pauta tribut\u00e1ria bilion\u00e1ria"},"content":{"rendered":"\n<p>O Supremo Tribunal Federal (STF) retorna do recesso, na semana que vem, com a promessa de julgar, neste semestre, pelo menos dez processos tribut\u00e1rios importantes para o mercado. Tr\u00eas deles, que tratam de disputas travadas entre os contribuintes e a Uni\u00e3o, podem custar aos cofres p\u00fablicos R$ 26,5 bilh\u00f5es \u2014 no pior cen\u00e1rio para o governo, se perder a a\u00e7\u00e3o e tiver que devolver o que recebeu nos \u00faltimos cinco anos.<\/p>\n\n\n\n<p>Uma das brigas mais valiosas envolve a Contribui\u00e7\u00e3o de Interven\u00e7\u00e3o no Dom\u00ednio Econ\u00f4mico (Cide). O impacto, segundo consta na Lei de Diretrizes Or\u00e7ament\u00e1rias (LDO), pode chegar a R$ 17,7 bilh\u00f5es. Nos outros dois casos bilion\u00e1rios se discute a cobran\u00e7a de PIS e Cofins sobre a receita gerada com a loca\u00e7\u00e3o de im\u00f3veis e a contribui\u00e7\u00e3o ao Servi\u00e7o Nacional de Aprendizagem Rural (Senar), que incide sobre a receita bruta do produtor rural.<\/p>\n\n\n\n<p>Os ministros v\u00e3o decidir, em rela\u00e7\u00e3o \u00e0 Cide, se pode ser cobrada sobre valores enviados ao exterior como pagamento por contratos de licen\u00e7a de uso de software. As empresas, hoje, t\u00eam que deixar na mesa, para a Uni\u00e3o, 10% do montante.<\/p>\n\n\n\n<p>Esse julgamento interessa a qualquer empresa que adquire tecnologia no exterior \u2014 as pequenas que compram software e tamb\u00e9m as grandes que adquirem licen\u00e7as ou integram grupos econ\u00f4micos.<\/p>\n\n\n\n<p>O processo que ser\u00e1 julgado pelo STF foi ajuizado pela Scania Latin America. A companhia contesta ac\u00f3rd\u00e3o do Tribunal Regional Federal (TRF) da 3\u00aa Regi\u00e3o, com sede em S\u00e3o Paulo, que decidiu pela cobran\u00e7a da Cide sobre remessas decorrentes de contrato de compartilhamento de custos (cost sharing) \u2014 referente \u00e0 pesquisa de desenvolvimento \u2014 que foi assinado com a matriz estrangeira, localizada na Su\u00e9cia.<\/p>\n\n\n\n<p>Esse caso ser\u00e1 um dos \u00faltimos do semestre. Est\u00e1 pautado para 24 de junho (RE 928943). \u201c\u00c9 muito importante. Tem bastante dinheiro envolvido\u201d, afirma Priscila Faricelli, do escrit\u00f3rio Demarest. \u201cA Constitui\u00e7\u00e3o diz que a arrecada\u00e7\u00e3o precisa ter destina\u00e7\u00e3o exclusiva e uma das alega\u00e7\u00f5es do contribuinte \u00e9 que se criou a contribui\u00e7\u00e3o, mas n\u00e3o o fundo para destinar a arrecada\u00e7\u00e3o corretamente.\u201d<\/p>\n\n\n\n<p>Tamb\u00e9m para o m\u00eas de junho est\u00e3o previstos outros dois julgamentos importantes. S\u00e3o duas a\u00e7\u00f5es diretas de inconstitucionalidade \u2014 essas sem impacto estimado na LDO. A ADI 6055, prevista para o dia 2, tem como autora a Confedera\u00e7\u00e3o Nacional da Ind\u00fastria (CNI). A entidade tenta impedir que as al\u00edquotas do Regime Especial de Reintegra\u00e7\u00e3o de Valores Tribut\u00e1rios para as Empresas Exportadoras (Reintegra) sejam livremente reduzidas pelo governo.<\/p>\n\n\n\n<p>O Reintegra foi criado em 2011, por meio da Lei n\u00ba 12.546, com o objetivo de ressarcir os custos das exportadoras. As companhias, em raz\u00e3o desse regime, t\u00eam direito a um cr\u00e9dito tribut\u00e1rio que \u00e9 calculado sobre a receita auferida com as exporta\u00e7\u00f5es.<\/p>\n\n\n\n<p>A a\u00e7\u00e3o da CNI foi movida pouco depois da greve dos caminhoneiros que ocorreu no ano de 2018. Para cobrir as despesas geradas com o acordo firmado com a categoria, o governo reduziu o cr\u00e9dito do Reintegra \u2014 antes variava entre 0,1% e 3% e depois foi fixado entre 0,1% e 2%.<\/p>\n\n\n\n<p>O julgamento da outra ADI (4397) est\u00e1 marcado para o dia 17 de junho. A Associa\u00e7\u00e3o Brasileira de Empresas de Refei\u00e7\u00f5es Coletivas (Aberc) questiona a aplica\u00e7\u00e3o do Fator Acident\u00e1rio de Preven\u00e7\u00e3o (FAP).<\/p>\n\n\n\n<p>Esse \u00edndice \u00e9 usado para calcular o valor que uma empresa precisa pagar para cobrir os custos da Previd\u00eancia Social com v\u00edtimas de acidentes de trabalho ou doen\u00e7as ocupacionais. Pode reduzir ou aumentar \u2014 dependendo de cada caso \u2014 a al\u00edquota dos Riscos Ambientais do Trabalho (RAT), um seguro contra acidentes, que varia entre 1% e 3% sobre a folha de sal\u00e1rios.<\/p>\n\n\n\n<p>J\u00e1 um outro julgamento, previsto para abril, pode custar at\u00e9 R$ 5,6 bilh\u00f5es aos cofres p\u00fablicos. Os ministros v\u00e3o decidir se h\u00e1 incid\u00eancia de PIS e Cofins sobre as receitas decorrentes de loca\u00e7\u00e3o de im\u00f3veis. Esse tema ser\u00e1 julgado por meio de um recurso da Uni\u00e3o contra decis\u00e3o do TRF da 3\u00aa Regi\u00e3o que liberou do pagamento uma ind\u00fastria de S\u00e3o Paulo (RE 599658).<\/p>\n\n\n\n<p>Esse caso est\u00e1 previsto para ir a plen\u00e1rio no dia 15 de abril. Na semana anterior, dia 8, os ministros julgar\u00e3o um tema semelhante: a cobran\u00e7a de PIS e Cofins sobre loca\u00e7\u00e3o de bens m\u00f3veis (RE 659412). \u201cA diferen\u00e7a entre os dois casos \u00e9 s\u00f3 o objeto\u201d, diz Leonardo Augusto Andrade, do escrit\u00f3rio Velloza.<\/p>\n\n\n\n<p>Ele afirma que esses dois temas podem ser considerados como \u201cteses filhotes\u201d do processo que tratou sobre o alargamento da base das contribui\u00e7\u00f5es. \u201cOs ministros, em 2005, afastaram esse alargamento. Disseram que faturamento equivale \u00e0 receita da venda de bens ou de presta\u00e7\u00e3o de servi\u00e7os. S\u00f3 que algumas quest\u00f5es n\u00e3o foram resolvidas. Entre elas, a loca\u00e7\u00e3o, que n\u00e3o se identifica nem com a venda de mercadorias nem com a presta\u00e7\u00e3o de servi\u00e7os\u201d, diz.<\/p>\n\n\n\n<p>Tamb\u00e9m no m\u00eas de abril, dia 22, os ministros devem se debru\u00e7ar sobre mais um cap\u00edtulo do Funrural. V\u00e3o decidir sobre uma a\u00e7\u00e3o (ADI 4395) proposta pela Associa\u00e7\u00e3o Brasileira de Frigor\u00edficos (Abrafrigo). A entidade questiona a possibilidade de o Fisco cobrar das empresas os valores que s\u00e3o devidos pelos agropecuaristas, pessoas f\u00edsicas fornecedores de seus associados, a t\u00edtulo de contribui\u00e7\u00e3o previdenci\u00e1ria.<\/p>\n\n\n\n<p>\u201cAs leis n\u00e3o trataram da sub-roga\u00e7\u00e3o\u201d, diz o advogado F\u00e1bio Calcini, s\u00f3cio do Brasil, Salom\u00e3o e Matthes. Esse julgamento, acrescenta, \u00e9 importante principalmente em rela\u00e7\u00e3o ao per\u00edodo passado. \u201cMuitas empresas acabaram deixando de reter esses valores do produtor rural por for\u00e7a de liminar ou mesmo por entender que o Funrural era inconstitucional e, com isso, sofreram v\u00e1rias autua\u00e7\u00f5es.\u201d<\/p>\n\n\n\n<p>Esse tema interessa aos frigor\u00edficos e tamb\u00e9m \u00e0 ind\u00fastria aliment\u00edcia como um todo, segundo Calcini. O desfecho depende somente do voto do ministro Dias Toffoli. Esse julgamento teve in\u00edcio, no plen\u00e1rio virtual, em maio do ano passado. Dez ministros se posicionaram na plataforma: cinco contra e cinco favor\u00e1veis \u00e0 ADI.<\/p>\n\n\n\n<p>Em maio, no dia 12, haver\u00e1 um outro julgamento de interesse para o agroneg\u00f3cio. Os ministros v\u00e3o decidir sobre a constitucionalidade da contribui\u00e7\u00e3o ao Senar \u2014 cobrada sobre a receita bruta do produtor rural pessoa f\u00edsica, com al\u00edquota de 0,2% (RE 816830).<\/p>\n\n\n\n<p>Essa discuss\u00e3o, segundo consta na LDO, pode ter impacto de R$ 3,2 bilh\u00f5es se a Uni\u00e3o tiver que devolver os valores que foram pagos pelos produtores nos \u00faltimos cinco anos.<\/p>\n\n\n\n<p>Esses processos \u2014 e outros envolvendo tributos estaduais (leia mais abaixo) \u2014 foram indicados pelo presidente da Corte, o ministro Luiz Fux, para ir \u00e0 vota\u00e7\u00e3o no Plen\u00e1rio do STF. Os julgamentos, em raz\u00e3o pandemia, t\u00eam sido realizados por meio de videoconfer\u00eancia.<\/p>\n\n\n\n<p>\u201cPodemos dizer que as discuss\u00f5es tribut\u00e1rias est\u00e3o voltando para o Plen\u00e1rio. Era algo que advocacia estava pedindo muito. N\u00e3o quer\u00edamos que ficasse somente no virtual\u201d, diz Tiago Conde, s\u00f3cio do escrit\u00f3rio Sacha Calmon.<\/p>\n\n\n\n<p>O STF julgou, em 2020, muitos casos tribut\u00e1rios \u2014 como nunca antes em sua hist\u00f3ria. Mas a maioria foi analisada no Plen\u00e1rio Virtual. Os ministros aprovaram uma mudan\u00e7a no regimento interno logo no come\u00e7o da pandemia, em mar\u00e7o, e passaram a permitir, ent\u00e3o, o julgamento de processos com repercuss\u00e3o geral nesse ambiente.<\/p>\n\n\n\n<p>Advogados reclamam que h\u00e1 preju\u00edzos. Os debates entre os ministros ficam prejudicados e os advogados, eles dizem, n\u00e3o t\u00eam ampla participa\u00e7\u00e3o \u2014 diferentemente do que ocorre nos julgamentos presenciais.<\/p>\n\n\n\n<p>Fonte: <a href=\"https:\/\/valor.globo.com\/legislacao\/noticia\/2021\/01\/26\/ministros-do-stf-iniciam-o-ano-com-pauta-tributaria-bilionaria.ghtml\">Valor<\/a><\/p>\n\n\n\n<p>A Amaral, Yazbek, OAB\/PR 762, possui 35 anos de experi\u00eancia auxiliando empresas a transformar a tributa\u00e7\u00e3o em lucro. Entre em contato com um dos s\u00f3cios para agendamento de reuni\u00e3o em caso de d\u00favidas.<\/p>\n\n\n\n<p>Contato: 41 3595-8300 ou pelo nosso WhatsApp 41 99567-5696<\/p>\n\n\n\n<p>Av. C\u00e2ndido Hartmann, 50 \u2013 Bigorrilho | Curitiba-PR<\/p>\n\n\n\n<p>Assine nossa Newsletter e fique por dentro das novidades!<\/p>\n\n\n\n<p>Quer receber seu exemplar da revista Governan\u00e7a Jur\u00eddica? Clique <a href=\"http:\/\/ayadvogados.com.br\/revista\">aqui<\/a>&nbsp;e pe\u00e7a a sua.<\/p>\n\n\n\n<p>Nos acompanhe nas redes sociais: <a href=\"https:\/\/www.facebook.com\/amaral.yazbek\">Facebook<\/a>&nbsp;| <a href=\"https:\/\/www.instagram.com\/amaral.yazbek\/\">Instagram<\/a> | <a href=\"https:\/\/www.linkedin.com\/company\/3357082\/admin\/\">Linkedin<\/a><\/p>\n\n\n\n<p>J\u00e1 conhece o canal Direito da Intelig\u00eancia de Neg\u00f3cios? <a href=\"https:\/\/www.youtube.com\/channel\/UCu2Mpu32ht8DEN8OFRXYMyw\">Inscreva-se j\u00e1<\/a><\/p>\n","protected":false},"excerpt":{"rendered":"<p>O Supremo Tribunal Federal (STF) retorna do recesso, na semana que vem, com a promessa de julgar, neste semestre, pelo menos dez processos tribut\u00e1rios importantes para o mercado. Tr\u00eas deles, que tratam de disputas travadas entre os contribuintes e a Uni\u00e3o, podem custar aos cofres p\u00fablicos R$ 26,5 bilh\u00f5es \u2014 no pior cen\u00e1rio para o [&hellip;]<\/p>\n","protected":false},"author":3,"featured_media":0,"comment_status":"open","ping_status":"open","sticky":false,"template":"","format":"standard","meta":{"footnotes":""},"categories":[1],"tags":[],"class_list":["post-149","post","type-post","status-publish","format-standard","hentry","category-noticia-do-dia"],"blocksy_meta":{"styles_descriptor":{"styles":{"desktop":"","tablet":"","mobile":""},"google_fonts":[],"version":6}},"yoast_head":"<!-- This site is optimized with the Yoast SEO plugin v27.5 - https:\/\/yoast.com\/product\/yoast-seo-wordpress\/ -->\n<title>Ministros do STF iniciam o ano com pauta tribut\u00e1ria bilion\u00e1ria - Amaral, Yazbek Advogados<\/title>\n<meta name=\"robots\" content=\"index, follow, max-snippet:-1, max-image-preview:large, max-video-preview:-1\" \/>\n<link rel=\"canonical\" href=\"https:\/\/www.eloquent-edison.34-239-117-254.plesk.page\/?p=149\" \/>\n<meta property=\"og:locale\" content=\"pt_BR\" \/>\n<meta property=\"og:type\" content=\"article\" \/>\n<meta property=\"og:title\" content=\"Ministros do STF iniciam o ano com pauta tribut\u00e1ria bilion\u00e1ria - Amaral, Yazbek Advogados\" \/>\n<meta property=\"og:description\" content=\"O Supremo Tribunal Federal (STF) retorna do recesso, na semana que vem, com a promessa de julgar, neste semestre, pelo menos dez processos tribut\u00e1rios importantes para o mercado. Tr\u00eas deles, que tratam de disputas travadas entre os contribuintes e a Uni\u00e3o, podem custar aos cofres p\u00fablicos R$ 26,5 bilh\u00f5es \u2014 no pior cen\u00e1rio para o [&hellip;]\" \/>\n<meta property=\"og:url\" content=\"https:\/\/www.eloquent-edison.34-239-117-254.plesk.page\/?p=149\" \/>\n<meta property=\"og:site_name\" content=\"Amaral, Yazbek Advogados\" \/>\n<meta property=\"article:publisher\" content=\"https:\/\/www.facebook.com\/AYadvogados\" \/>\n<meta property=\"article:published_time\" content=\"2021-01-27T12:33:00+00:00\" \/>\n<meta property=\"article:modified_time\" content=\"2021-02-26T12:33:57+00:00\" \/>\n<meta name=\"author\" content=\"Infra\" \/>\n<meta name=\"twitter:card\" content=\"summary_large_image\" \/>\n<meta name=\"twitter:label1\" content=\"Escrito por\" \/>\n\t<meta name=\"twitter:data1\" content=\"Infra\" \/>\n\t<meta name=\"twitter:label2\" content=\"Est. tempo de leitura\" \/>\n\t<meta name=\"twitter:data2\" content=\"7 minutos\" \/>\n<script type=\"application\/ld+json\" class=\"yoast-schema-graph\">{\"@context\":\"https:\\\/\\\/schema.org\",\"@graph\":[{\"@type\":\"Article\",\"@id\":\"https:\\\/\\\/www.eloquent-edison.34-239-117-254.plesk.page\\\/?p=149#article\",\"isPartOf\":{\"@id\":\"https:\\\/\\\/www.eloquent-edison.34-239-117-254.plesk.page\\\/?p=149\"},\"author\":{\"name\":\"Infra\",\"@id\":\"https:\\\/\\\/www.34.239.117.254.sslip.io\\\/#\\\/schema\\\/person\\\/6b9165a58758b048b8ea5a4fbd4ec3c4\"},\"headline\":\"Ministros do STF iniciam o ano com pauta tribut\u00e1ria bilion\u00e1ria\",\"datePublished\":\"2021-01-27T12:33:00+00:00\",\"dateModified\":\"2021-02-26T12:33:57+00:00\",\"mainEntityOfPage\":{\"@id\":\"https:\\\/\\\/www.eloquent-edison.34-239-117-254.plesk.page\\\/?p=149\"},\"wordCount\":1393,\"commentCount\":0,\"publisher\":{\"@id\":\"https:\\\/\\\/www.34.239.117.254.sslip.io\\\/#organization\"},\"articleSection\":[\"Not\u00edcia do Dia\"],\"inLanguage\":\"pt-BR\",\"potentialAction\":[{\"@type\":\"CommentAction\",\"name\":\"Comment\",\"target\":[\"https:\\\/\\\/www.eloquent-edison.34-239-117-254.plesk.page\\\/?p=149#respond\"]}]},{\"@type\":\"WebPage\",\"@id\":\"https:\\\/\\\/www.eloquent-edison.34-239-117-254.plesk.page\\\/?p=149\",\"url\":\"https:\\\/\\\/www.eloquent-edison.34-239-117-254.plesk.page\\\/?p=149\",\"name\":\"Ministros do STF iniciam o ano com pauta tribut\u00e1ria bilion\u00e1ria - Amaral, Yazbek Advogados\",\"isPartOf\":{\"@id\":\"https:\\\/\\\/www.34.239.117.254.sslip.io\\\/#website\"},\"datePublished\":\"2021-01-27T12:33:00+00:00\",\"dateModified\":\"2021-02-26T12:33:57+00:00\",\"breadcrumb\":{\"@id\":\"https:\\\/\\\/www.eloquent-edison.34-239-117-254.plesk.page\\\/?p=149#breadcrumb\"},\"inLanguage\":\"pt-BR\",\"potentialAction\":[{\"@type\":\"ReadAction\",\"target\":[\"https:\\\/\\\/www.eloquent-edison.34-239-117-254.plesk.page\\\/?p=149\"]}]},{\"@type\":\"BreadcrumbList\",\"@id\":\"https:\\\/\\\/www.eloquent-edison.34-239-117-254.plesk.page\\\/?p=149#breadcrumb\",\"itemListElement\":[{\"@type\":\"ListItem\",\"position\":1,\"name\":\"In\u00edcio\",\"item\":\"https:\\\/\\\/www.34.239.117.254.sslip.io\\\/\"},{\"@type\":\"ListItem\",\"position\":2,\"name\":\"Ministros do STF iniciam o ano com pauta tribut\u00e1ria bilion\u00e1ria\"}]},{\"@type\":\"WebSite\",\"@id\":\"https:\\\/\\\/www.34.239.117.254.sslip.io\\\/#website\",\"url\":\"https:\\\/\\\/www.34.239.117.254.sslip.io\\\/\",\"name\":\"Amaral, Yazbek Advogados\",\"description\":\"Curitiba \u2022 Bras\u00edlia \u2022 S\u00e3o Paulo\",\"publisher\":{\"@id\":\"https:\\\/\\\/www.34.239.117.254.sslip.io\\\/#organization\"},\"potentialAction\":[{\"@type\":\"SearchAction\",\"target\":{\"@type\":\"EntryPoint\",\"urlTemplate\":\"https:\\\/\\\/www.34.239.117.254.sslip.io\\\/?s={search_term_string}\"},\"query-input\":{\"@type\":\"PropertyValueSpecification\",\"valueRequired\":true,\"valueName\":\"search_term_string\"}}],\"inLanguage\":\"pt-BR\"},{\"@type\":\"Organization\",\"@id\":\"https:\\\/\\\/www.34.239.117.254.sslip.io\\\/#organization\",\"name\":\"Amaral, Yazbek Advogados\",\"url\":\"https:\\\/\\\/www.34.239.117.254.sslip.io\\\/\",\"logo\":{\"@type\":\"ImageObject\",\"inLanguage\":\"pt-BR\",\"@id\":\"https:\\\/\\\/www.34.239.117.254.sslip.io\\\/#\\\/schema\\\/logo\\\/image\\\/\",\"url\":\"http:\\\/\\\/34.239.117.254\\\/wp-content\\\/uploads\\\/2021\\\/03\\\/logo-ay-g.png\",\"contentUrl\":\"http:\\\/\\\/34.239.117.254\\\/wp-content\\\/uploads\\\/2021\\\/03\\\/logo-ay-g.png\",\"width\":434,\"height\":106,\"caption\":\"Amaral, Yazbek Advogados\"},\"image\":{\"@id\":\"https:\\\/\\\/www.34.239.117.254.sslip.io\\\/#\\\/schema\\\/logo\\\/image\\\/\"},\"sameAs\":[\"https:\\\/\\\/www.facebook.com\\\/AYadvogados\",\"https:\\\/\\\/www.instagram.com\\\/ayadvogados\\\/\"]},{\"@type\":\"Person\",\"@id\":\"https:\\\/\\\/www.34.239.117.254.sslip.io\\\/#\\\/schema\\\/person\\\/6b9165a58758b048b8ea5a4fbd4ec3c4\",\"name\":\"Infra\",\"image\":{\"@type\":\"ImageObject\",\"inLanguage\":\"pt-BR\",\"@id\":\"https:\\\/\\\/secure.gravatar.com\\\/avatar\\\/60bf67293e186b9c834e31753dcc586dfcedb661d13b6b9ba29ac991ccafc035?s=96&d=mm&r=g\",\"url\":\"https:\\\/\\\/secure.gravatar.com\\\/avatar\\\/60bf67293e186b9c834e31753dcc586dfcedb661d13b6b9ba29ac991ccafc035?s=96&d=mm&r=g\",\"contentUrl\":\"https:\\\/\\\/secure.gravatar.com\\\/avatar\\\/60bf67293e186b9c834e31753dcc586dfcedb661d13b6b9ba29ac991ccafc035?s=96&d=mm&r=g\",\"caption\":\"Infra\"},\"url\":\"https:\\\/\\\/www.ayadvogados.com.br\\\/?author=3\"}]}<\/script>\n<!-- \/ Yoast SEO plugin. -->","yoast_head_json":{"title":"Ministros do STF iniciam o ano com pauta tribut\u00e1ria bilion\u00e1ria - Amaral, Yazbek Advogados","robots":{"index":"index","follow":"follow","max-snippet":"max-snippet:-1","max-image-preview":"max-image-preview:large","max-video-preview":"max-video-preview:-1"},"canonical":"https:\/\/www.eloquent-edison.34-239-117-254.plesk.page\/?p=149","og_locale":"pt_BR","og_type":"article","og_title":"Ministros do STF iniciam o ano com pauta tribut\u00e1ria bilion\u00e1ria - Amaral, Yazbek Advogados","og_description":"O Supremo Tribunal Federal (STF) retorna do recesso, na semana que vem, com a promessa de julgar, neste semestre, pelo menos dez processos tribut\u00e1rios importantes para o mercado. Tr\u00eas deles, que tratam de disputas travadas entre os contribuintes e a Uni\u00e3o, podem custar aos cofres p\u00fablicos R$ 26,5 bilh\u00f5es \u2014 no pior cen\u00e1rio para o [&hellip;]","og_url":"https:\/\/www.eloquent-edison.34-239-117-254.plesk.page\/?p=149","og_site_name":"Amaral, Yazbek Advogados","article_publisher":"https:\/\/www.facebook.com\/AYadvogados","article_published_time":"2021-01-27T12:33:00+00:00","article_modified_time":"2021-02-26T12:33:57+00:00","author":"Infra","twitter_card":"summary_large_image","twitter_misc":{"Escrito por":"Infra","Est. tempo de leitura":"7 minutos"},"schema":{"@context":"https:\/\/schema.org","@graph":[{"@type":"Article","@id":"https:\/\/www.eloquent-edison.34-239-117-254.plesk.page\/?p=149#article","isPartOf":{"@id":"https:\/\/www.eloquent-edison.34-239-117-254.plesk.page\/?p=149"},"author":{"name":"Infra","@id":"https:\/\/www.34.239.117.254.sslip.io\/#\/schema\/person\/6b9165a58758b048b8ea5a4fbd4ec3c4"},"headline":"Ministros do STF iniciam o ano com pauta tribut\u00e1ria bilion\u00e1ria","datePublished":"2021-01-27T12:33:00+00:00","dateModified":"2021-02-26T12:33:57+00:00","mainEntityOfPage":{"@id":"https:\/\/www.eloquent-edison.34-239-117-254.plesk.page\/?p=149"},"wordCount":1393,"commentCount":0,"publisher":{"@id":"https:\/\/www.34.239.117.254.sslip.io\/#organization"},"articleSection":["Not\u00edcia do Dia"],"inLanguage":"pt-BR","potentialAction":[{"@type":"CommentAction","name":"Comment","target":["https:\/\/www.eloquent-edison.34-239-117-254.plesk.page\/?p=149#respond"]}]},{"@type":"WebPage","@id":"https:\/\/www.eloquent-edison.34-239-117-254.plesk.page\/?p=149","url":"https:\/\/www.eloquent-edison.34-239-117-254.plesk.page\/?p=149","name":"Ministros do STF iniciam o ano com pauta tribut\u00e1ria bilion\u00e1ria - Amaral, Yazbek Advogados","isPartOf":{"@id":"https:\/\/www.34.239.117.254.sslip.io\/#website"},"datePublished":"2021-01-27T12:33:00+00:00","dateModified":"2021-02-26T12:33:57+00:00","breadcrumb":{"@id":"https:\/\/www.eloquent-edison.34-239-117-254.plesk.page\/?p=149#breadcrumb"},"inLanguage":"pt-BR","potentialAction":[{"@type":"ReadAction","target":["https:\/\/www.eloquent-edison.34-239-117-254.plesk.page\/?p=149"]}]},{"@type":"BreadcrumbList","@id":"https:\/\/www.eloquent-edison.34-239-117-254.plesk.page\/?p=149#breadcrumb","itemListElement":[{"@type":"ListItem","position":1,"name":"In\u00edcio","item":"https:\/\/www.34.239.117.254.sslip.io\/"},{"@type":"ListItem","position":2,"name":"Ministros do STF iniciam o ano com pauta tribut\u00e1ria bilion\u00e1ria"}]},{"@type":"WebSite","@id":"https:\/\/www.34.239.117.254.sslip.io\/#website","url":"https:\/\/www.34.239.117.254.sslip.io\/","name":"Amaral, Yazbek Advogados","description":"Curitiba \u2022 Bras\u00edlia \u2022 S\u00e3o Paulo","publisher":{"@id":"https:\/\/www.34.239.117.254.sslip.io\/#organization"},"potentialAction":[{"@type":"SearchAction","target":{"@type":"EntryPoint","urlTemplate":"https:\/\/www.34.239.117.254.sslip.io\/?s={search_term_string}"},"query-input":{"@type":"PropertyValueSpecification","valueRequired":true,"valueName":"search_term_string"}}],"inLanguage":"pt-BR"},{"@type":"Organization","@id":"https:\/\/www.34.239.117.254.sslip.io\/#organization","name":"Amaral, Yazbek Advogados","url":"https:\/\/www.34.239.117.254.sslip.io\/","logo":{"@type":"ImageObject","inLanguage":"pt-BR","@id":"https:\/\/www.34.239.117.254.sslip.io\/#\/schema\/logo\/image\/","url":"http:\/\/34.239.117.254\/wp-content\/uploads\/2021\/03\/logo-ay-g.png","contentUrl":"http:\/\/34.239.117.254\/wp-content\/uploads\/2021\/03\/logo-ay-g.png","width":434,"height":106,"caption":"Amaral, Yazbek Advogados"},"image":{"@id":"https:\/\/www.34.239.117.254.sslip.io\/#\/schema\/logo\/image\/"},"sameAs":["https:\/\/www.facebook.com\/AYadvogados","https:\/\/www.instagram.com\/ayadvogados\/"]},{"@type":"Person","@id":"https:\/\/www.34.239.117.254.sslip.io\/#\/schema\/person\/6b9165a58758b048b8ea5a4fbd4ec3c4","name":"Infra","image":{"@type":"ImageObject","inLanguage":"pt-BR","@id":"https:\/\/secure.gravatar.com\/avatar\/60bf67293e186b9c834e31753dcc586dfcedb661d13b6b9ba29ac991ccafc035?s=96&d=mm&r=g","url":"https:\/\/secure.gravatar.com\/avatar\/60bf67293e186b9c834e31753dcc586dfcedb661d13b6b9ba29ac991ccafc035?s=96&d=mm&r=g","contentUrl":"https:\/\/secure.gravatar.com\/avatar\/60bf67293e186b9c834e31753dcc586dfcedb661d13b6b9ba29ac991ccafc035?s=96&d=mm&r=g","caption":"Infra"},"url":"https:\/\/www.ayadvogados.com.br\/?author=3"}]}},"rttpg_featured_image_url":null,"rttpg_author":{"display_name":"Infra","author_link":"https:\/\/www.ayadvogados.com.br\/?author=3"},"rttpg_comment":0,"rttpg_category":"<a href=\"https:\/\/www.ayadvogados.com.br\/?cat=1\" rel=\"category\">Not\u00edcia do Dia<\/a>","rttpg_excerpt":"O Supremo Tribunal Federal (STF) retorna do recesso, na semana que vem, com a promessa de julgar, neste semestre, pelo menos dez processos tribut\u00e1rios importantes para o mercado. Tr\u00eas deles, que tratam de disputas travadas entre os contribuintes e a Uni\u00e3o, podem custar aos cofres p\u00fablicos R$ 26,5 bilh\u00f5es \u2014 no pior cen\u00e1rio para o&hellip;","_links":{"self":[{"href":"https:\/\/www.ayadvogados.com.br\/index.php?rest_route=\/wp\/v2\/posts\/149","targetHints":{"allow":["GET"]}}],"collection":[{"href":"https:\/\/www.ayadvogados.com.br\/index.php?rest_route=\/wp\/v2\/posts"}],"about":[{"href":"https:\/\/www.ayadvogados.com.br\/index.php?rest_route=\/wp\/v2\/types\/post"}],"author":[{"embeddable":true,"href":"https:\/\/www.ayadvogados.com.br\/index.php?rest_route=\/wp\/v2\/users\/3"}],"replies":[{"embeddable":true,"href":"https:\/\/www.ayadvogados.com.br\/index.php?rest_route=%2Fwp%2Fv2%2Fcomments&post=149"}],"version-history":[{"count":1,"href":"https:\/\/www.ayadvogados.com.br\/index.php?rest_route=\/wp\/v2\/posts\/149\/revisions"}],"predecessor-version":[{"id":150,"href":"https:\/\/www.ayadvogados.com.br\/index.php?rest_route=\/wp\/v2\/posts\/149\/revisions\/150"}],"wp:attachment":[{"href":"https:\/\/www.ayadvogados.com.br\/index.php?rest_route=%2Fwp%2Fv2%2Fmedia&parent=149"}],"wp:term":[{"taxonomy":"category","embeddable":true,"href":"https:\/\/www.ayadvogados.com.br\/index.php?rest_route=%2Fwp%2Fv2%2Fcategories&post=149"},{"taxonomy":"post_tag","embeddable":true,"href":"https:\/\/www.ayadvogados.com.br\/index.php?rest_route=%2Fwp%2Fv2%2Ftags&post=149"}],"curies":[{"name":"wp","href":"https:\/\/api.w.org\/{rel}","templated":true}]}}