{"id":1486,"date":"2021-09-02T14:32:37","date_gmt":"2021-09-02T17:32:37","guid":{"rendered":"http:\/\/34.239.117.254\/?p=1486"},"modified":"2021-09-02T14:32:37","modified_gmt":"2021-09-02T17:32:37","slug":"camara-dos-deputados-aprova-texto-base-da-reforma-do-imposto-de-renda","status":"publish","type":"post","link":"https:\/\/www.ayadvogados.com.br\/?p=1486","title":{"rendered":"C\u00e2mara dos Deputados aprova texto-base da reforma do Imposto de Renda"},"content":{"rendered":"\n<p>Por 398 votos a 77, a C\u00e2mara dos Deputados aprovou nesta quarta-feira (1\u00ba) o texto-base da reforma do Imposto de Renda (IR) de pessoas f\u00edsicas, empresas e investimentos.<\/p>\n\n\n\n<p>A sess\u00e3o foi encerrada antes da an\u00e1lise dos chamados destaques (sugest\u00f5es de altera\u00e7\u00e3o na mat\u00e9ria), que podem ser votados nesta quinta (2). Aprovada na C\u00e2mara, a mat\u00e9ria seguir\u00e1 para o Senado.<\/p>\n\n\n\n<p>At\u00e9 o in\u00edcio da tarde desta quarta-feira, o presidente da C\u00e2mara, Arthur Lira (PP-AL), disse que estava \u201cfinalizando algumas conversas\u201d para viabilizar a vota\u00e7\u00e3o. A vota\u00e7\u00e3o se deu ap\u00f3s acordo entre parlamentares do governo e da oposi\u00e7\u00e3o.<\/p>\n\n\n\n<p>O relator da mat\u00e9ria, deputado Celso Sabino (PSDB-PA), atendeu a demandas de deputados para chegar a um consenso \u2014 como a retirada do limite de renda de quem pode fazer declara\u00e7\u00e3o simplificada do Imposto de Renda.<\/p>\n\n\n\n<p>O projeto foi enviado em junho pelo governo ao Congresso como parte da reforma tribut\u00e1ria. Para as pessoas f\u00edsicas, as principais mudan\u00e7as s\u00e3o o reajuste na tabela do IR e a amplia\u00e7\u00e3o da faixa de isen\u00e7\u00e3o.<\/p>\n\n\n\n<p>Mudan\u00e7as no IR das empresas<\/p>\n\n\n\n<p>O relator apresentou cinco vers\u00f5es do seu parecer. Na \u00faltima, protocolada nesta quarta-feira (1), Sabino previu um corte de sete pontos percentuais (de 15% para 8%) na al\u00edquota do Imposto de Renda das empresas (IRPJ) e um corte de um ponto percentual na Contribui\u00e7\u00e3o Social sobre Lucro L\u00edquido (CSLL). O corte na CSLL est\u00e1 vinculado \u00e0 redu\u00e7\u00e3o de incentivos tribut\u00e1rios destinados a setores espec\u00edficos.<\/p>\n\n\n\n<p>Inicialmente, o deputado previa cortar em 12,5 pontos percentuais o IRPJ e n\u00e3o previa mudan\u00e7as na CSLL.<\/p>\n\n\n\n<p>Ele mudou de ideia para angariar apoio de governadores e prefeitos, que alegam perda de recursos com a reforma, j\u00e1 que a arrecada\u00e7\u00e3o do Imposto de Renda das empresas \u00e9 compartilhada com estados e munic\u00edpios e a CSLL, n\u00e3o.<\/p>\n\n\n\n<p>Mesmo com as mudan\u00e7as desta quarta-feira, secret\u00e1rios estaduais de Fazenda calculam perdas de R$ 9,5 bilh\u00f5es por ano para os cofres estaduais e municipais.<\/p>\n\n\n\n<p>A Associa\u00e7\u00e3o Brasileira das Secretarias de Finan\u00e7as das Capitais (Abrasf) manteve a estimativa de perda de R$ 1,5 bilh\u00e3o somente para as capitais e maiores cidades do pa\u00eds.<\/p>\n\n\n\n<p>Pela proposta original do Executivo, o impacto fiscal da reforma do Imposto de Renda seria nulo \u2014 ou seja, n\u00e3o haveria aumento nem queda de carga tribut\u00e1ria ou arrecada\u00e7\u00e3o.<\/p>\n\n\n\n<p>O Minist\u00e9rio da Economia, entretanto, n\u00e3o divulgou estimativas sobre o impacto fiscal da vers\u00e3o da reforma aprovada pela C\u00e2mara.<\/p>\n\n\n\n<p>Taxa\u00e7\u00e3o de lucros e dividendos<\/p>\n\n\n\n<p>O texto aprovado prev\u00ea a tributa\u00e7\u00e3o em 20% de lucros e dividendos distribu\u00eddos pelas empresas. \u00c9 uma forma de compensar a redu\u00e7\u00e3o dos demais impostos.<\/p>\n\n\n\n<p>Os dividendos s\u00e3o isentos de impostos no Brasil desde 1995. A mudan\u00e7a \u00e9 uma das bandeiras da oposi\u00e7\u00e3o. Contudo, ainda h\u00e1 a expectativa de que o percentual caia para 15% durante a vota\u00e7\u00e3o dos destaques.<\/p>\n\n\n\n<p>Ficam isentos da cobran\u00e7a os lucros e dividendos distribu\u00eddos por empresas que est\u00e3o no Simples Nacional e por empresas optantes do regime de lucro presumido que faturam at\u00e9 R$ 4,8 milh\u00f5es.<\/p>\n\n\n\n<p>Dividendos at\u00e9 R$ 20 mil distribu\u00eddos por pequenos neg\u00f3cios e os distribu\u00eddos entre integrantes do mesmo grupo econ\u00f4mico tamb\u00e9m permanecem isentos de cobran\u00e7a.<\/p>\n\n\n\n<p>O texto ainda prev\u00ea o fim da dedutibilidade dos Juros sobre Capital Pr\u00f3prio (JCP), uma forma de remunerar os acionistas que traz vantagens tribut\u00e1rias \u00e0s empresas. Diversos setores da economia s\u00e3o contra o fim do JCP.<\/p>\n\n\n\n<p>Pessoas f\u00edsicas<\/p>\n\n\n\n<p>A reforma do Imposto de Renda tamb\u00e9m afeta as pessoas f\u00edsicas. Uma das altera\u00e7\u00f5es \u00e9 a atualiza\u00e7\u00e3o da tabela do Imposto de Renda (IR) de pessoas f\u00edsicas, isentando de Imposto de Renda todos os trabalhadores celetistas que recebem at\u00e9 R$ 2,5 mil, o que corresponde a uma corre\u00e7\u00e3o de 31% em rela\u00e7\u00e3o ao limite atual (R$ 1,9 mil).<\/p>\n\n\n\n<p>Os valores das demais faixas do IR tamb\u00e9m ser\u00e3o reajustados, em menor propor\u00e7\u00e3o.<\/p>\n\n\n\n<p>Segundo o governo, a atualiza\u00e7\u00e3o vai isentar 5,6 milh\u00f5es de novos contribuintes. Com isso, os isentos passariam dos atuais 10,7 milh\u00f5es para 16,3 milh\u00f5es. J\u00e1 os demais trabalhadores celetistas ter\u00e3o um desconto menor no contracheque.<\/p>\n\n\n\n<p>Inicialmente, o projeto previa um limite de R$ 40 mil de renda anual para o contribuinte optar pela declara\u00e7\u00e3o simplificada de Imposto de Renda.<\/p>\n\n\n\n<p>Contudo, pelo acordo firmado com o relator, esse limite foi retirado \u2014 isto \u00e9, qualquer faixa salarial poder\u00e1 optar por esse modelo.<\/p>\n\n\n\n<p>De acordo com o texto, os contribuintes que optam pela declara\u00e7\u00e3o simplificada podem abater 20% de Imposto de Renda sobre a soma dos rendimentos tributados at\u00e9 o limite de R$ 10.563,60.<\/p>\n\n\n\n<p>Corte de benef\u00edcios<\/p>\n\n\n\n<p>Tamb\u00e9m para compensar a perda de arrecada\u00e7\u00e3o com a redu\u00e7\u00e3o do imposto das empresas, o relator prop\u00f4s cortar alguns benef\u00edcios fiscais:<\/p>\n\n\n\n<p>\u00b7isen\u00e7\u00e3o de IR sobre aux\u00edlio-moradia de agentes p\u00fablicos;<br>\u00b7cr\u00e9dito presumido aos produtores e importadores de medicamentos;<br>\u00b7redu\u00e7\u00e3o a zero das al\u00edquotas de determinados produtos qu\u00edmicos e farmac\u00eauticos;<br>\u00b7desonera\u00e7\u00e3o para termel\u00e9tricas a g\u00e1s natural e carv\u00e3o mineral.<\/p>\n\n\n\n<p>Embora inicialmente Sabino tivesse encerrado a desonera\u00e7\u00e3o de embarca\u00e7\u00f5es, aeronaves e suas partes e pe\u00e7as, no texto aprovado o benef\u00edcio fiscal permanece em vigor.<\/p>\n\n\n\n<p>A vers\u00e3o aprovada tamb\u00e9m aumenta de 4% para 5,5% a al\u00edquota sobre ferro, cobre, bauxita, ouro, mangan\u00eas, caulim e n\u00edquel da Compensa\u00e7\u00e3o Financeira por Explora\u00e7\u00e3o Mineral (CFEM), cobrada por uma autarquia do Minist\u00e9rio de Minas e Energia. Ainda, inclui o ni\u00f3bio e o l\u00edtio no rol desses min\u00e9rios.<\/p>\n\n\n\n<p>Originalmente, o relator havia sugerido repassar a parte da Uni\u00e3o na arrecada\u00e7\u00e3o para estados e munic\u00edpios, a fim de compensar as perdas na arrecada\u00e7\u00e3o com o IRPJ. Entretanto, o texto aprovado mant\u00e9m a fatia com a Uni\u00e3o.<\/p>\n\n\n\n<p>A pedido da Frente Parlamentar da Agricultura (FPA), o texto continuar\u00e1 permitindo a dedu\u00e7\u00e3o do Programa de Alimenta\u00e7\u00e3o do Trabalhador (PAT) do IRPJ.<\/p>\n\n\n\n<p>Como parte do acordo, tamb\u00e9m foi mantida a dedu\u00e7\u00e3o de doa\u00e7\u00f5es para os Fundos do Idoso e da Crian\u00e7a e do Adolescente, em favor de projetos desportivos e paradesportivos, de projetos culturais, de obras audiovisuais brasileiras de produ\u00e7\u00e3o independente e de servi\u00e7os e a\u00e7\u00f5es do Programa Nacional de Apoio \u00e0 Aten\u00e7\u00e3o Oncol\u00f3gica (Pronon) e do Programa Nacional de Apoio \u00e0 Aten\u00e7\u00e3o da Sa\u00fade da Pessoa com Defici\u00eancia (Pronas\/PCD).<\/p>\n\n\n\n<p>Fonte: <a href=\"https:\/\/g1.globo.com\/politica\/noticia\/2021\/09\/01\/camara-reforma-imposto-renda.ghtml\">G1<\/a><\/p>\n\n\n\n<p>Quer estar sempre atualizado sobre as novidades no setor tribut\u00e1rio?&nbsp;<\/p>\n\n\n\n<p>Siga a Amaral, Yazbek nas redes sociais:<\/p>\n\n\n\n<p>\ud83d\udc49Facebook: https:\/\/www.facebook.com\/AYadvogados\u200b<\/p>\n\n\n\n<p>\ud83d\udc49Instagram: https:\/\/www.instagram.com\/amaral.yazbek\u200b<\/p>\n\n\n\n<p>\ud83d\udc49Linkedin: https:\/\/www.linkedin.com\/company\/amaral-yazbek-advogados\/<\/p>\n\n\n\n<p>\ud83c\udf81 Queremos te oferecer um presente! Preparamos a 10\u00aa edi\u00e7\u00e3o da revista Governan\u00e7a Jur\u00eddica dando dicas de ordem tribut\u00e1ria para que os empres\u00e1rios, independentemente do porte do seu neg\u00f3cio, possam reduzir os seus custos no per\u00edodo dif\u00edcil em que estamos vivendo.&nbsp;<\/p>\n\n\n\n<p>\ud83d\udc49Baixe gratuitamente: http:\/\/ayadvogados.com.br\/revista\/<\/p>\n\n\n\n<p>A Amaral, Yazbek, Advogados, OAB-PR 762, atua com excel\u00eancia no setor tribut\u00e1rio h\u00e1 35 anos, auxiliando empresas a transformarem tributa\u00e7\u00e3o em lucro.<\/p>\n\n\n\n<p><\/p>\n","protected":false},"excerpt":{"rendered":"<p>Por 398 votos a 77, a C\u00e2mara dos Deputados aprovou nesta quarta-feira (1\u00ba) o texto-base da reforma do Imposto de Renda (IR) de pessoas f\u00edsicas, empresas e investimentos. A sess\u00e3o foi encerrada antes da an\u00e1lise dos chamados destaques (sugest\u00f5es de altera\u00e7\u00e3o na mat\u00e9ria), que podem ser votados nesta quinta (2). Aprovada na C\u00e2mara, a mat\u00e9ria [&hellip;]<\/p>\n","protected":false},"author":2,"featured_media":1489,"comment_status":"open","ping_status":"open","sticky":false,"template":"","format":"standard","meta":{"footnotes":""},"categories":[1],"tags":[9,63],"class_list":["post-1486","post","type-post","status-publish","format-standard","has-post-thumbnail","hentry","category-noticia-do-dia","tag-amaral-yazbek","tag-noticia-do-dia"],"blocksy_meta":{"styles_descriptor":{"styles":{"desktop":"","tablet":"","mobile":""},"google_fonts":[],"version":6}},"yoast_head":"<!-- This site is optimized with the Yoast SEO plugin v27.5 - https:\/\/yoast.com\/product\/yoast-seo-wordpress\/ -->\n<title>C\u00e2mara dos Deputados aprova texto-base da reforma do Imposto de Renda - Amaral, Yazbek Advogados<\/title>\n<meta name=\"robots\" content=\"index, follow, max-snippet:-1, max-image-preview:large, max-video-preview:-1\" \/>\n<link rel=\"canonical\" href=\"https:\/\/www.ayadvogados.com.br\/?p=1486\" \/>\n<meta property=\"og:locale\" content=\"pt_BR\" \/>\n<meta property=\"og:type\" content=\"article\" \/>\n<meta property=\"og:title\" content=\"C\u00e2mara dos Deputados aprova texto-base da reforma do Imposto de Renda - Amaral, Yazbek Advogados\" \/>\n<meta property=\"og:description\" content=\"Por 398 votos a 77, a C\u00e2mara dos Deputados aprovou nesta quarta-feira (1\u00ba) o texto-base da reforma do Imposto de Renda (IR) de pessoas f\u00edsicas, empresas e investimentos. A sess\u00e3o foi encerrada antes da an\u00e1lise dos chamados destaques (sugest\u00f5es de altera\u00e7\u00e3o na mat\u00e9ria), que podem ser votados nesta quinta (2). Aprovada na C\u00e2mara, a mat\u00e9ria [&hellip;]\" \/>\n<meta property=\"og:url\" content=\"https:\/\/www.ayadvogados.com.br\/?p=1486\" \/>\n<meta property=\"og:site_name\" content=\"Amaral, Yazbek Advogados\" \/>\n<meta property=\"article:publisher\" content=\"https:\/\/www.facebook.com\/AYadvogados\" \/>\n<meta property=\"article:published_time\" content=\"2021-09-02T17:32:37+00:00\" \/>\n<meta property=\"og:image\" content=\"https:\/\/www.ayadvogados.com.br\/wp-content\/uploads\/2021\/09\/Blog-1.png\" \/>\n\t<meta property=\"og:image:width\" content=\"1000\" \/>\n\t<meta property=\"og:image:height\" content=\"620\" \/>\n\t<meta property=\"og:image:type\" content=\"image\/png\" \/>\n<meta name=\"author\" content=\"AY Advogados\" \/>\n<meta name=\"twitter:card\" content=\"summary_large_image\" \/>\n<meta name=\"twitter:label1\" content=\"Escrito por\" \/>\n\t<meta name=\"twitter:data1\" content=\"AY Advogados\" \/>\n\t<meta name=\"twitter:label2\" content=\"Est. tempo de leitura\" \/>\n\t<meta name=\"twitter:data2\" content=\"6 minutos\" \/>\n<script type=\"application\/ld+json\" class=\"yoast-schema-graph\">{\"@context\":\"https:\\\/\\\/schema.org\",\"@graph\":[{\"@type\":\"Article\",\"@id\":\"https:\\\/\\\/www.ayadvogados.com.br\\\/?p=1486#article\",\"isPartOf\":{\"@id\":\"https:\\\/\\\/www.ayadvogados.com.br\\\/?p=1486\"},\"author\":{\"name\":\"AY Advogados\",\"@id\":\"https:\\\/\\\/www.ayadvogados.com.br\\\/#\\\/schema\\\/person\\\/4abfbf03ad3e577e691d333af064a912\"},\"headline\":\"C\u00e2mara dos Deputados aprova texto-base da reforma do Imposto de Renda\",\"datePublished\":\"2021-09-02T17:32:37+00:00\",\"mainEntityOfPage\":{\"@id\":\"https:\\\/\\\/www.ayadvogados.com.br\\\/?p=1486\"},\"wordCount\":1230,\"commentCount\":0,\"publisher\":{\"@id\":\"https:\\\/\\\/www.ayadvogados.com.br\\\/#organization\"},\"image\":{\"@id\":\"https:\\\/\\\/www.ayadvogados.com.br\\\/?p=1486#primaryimage\"},\"thumbnailUrl\":\"https:\\\/\\\/www.ayadvogados.com.br\\\/wp-content\\\/uploads\\\/2021\\\/09\\\/Blog-1.png\",\"keywords\":[\"amaral yazbek\",\"noticia do dia\"],\"articleSection\":[\"Not\u00edcia do Dia\"],\"inLanguage\":\"pt-BR\",\"potentialAction\":[{\"@type\":\"CommentAction\",\"name\":\"Comment\",\"target\":[\"https:\\\/\\\/www.ayadvogados.com.br\\\/?p=1486#respond\"]}]},{\"@type\":\"WebPage\",\"@id\":\"https:\\\/\\\/www.ayadvogados.com.br\\\/?p=1486\",\"url\":\"https:\\\/\\\/www.ayadvogados.com.br\\\/?p=1486\",\"name\":\"C\u00e2mara dos Deputados aprova texto-base da reforma do Imposto de Renda - Amaral, Yazbek Advogados\",\"isPartOf\":{\"@id\":\"https:\\\/\\\/www.ayadvogados.com.br\\\/#website\"},\"primaryImageOfPage\":{\"@id\":\"https:\\\/\\\/www.ayadvogados.com.br\\\/?p=1486#primaryimage\"},\"image\":{\"@id\":\"https:\\\/\\\/www.ayadvogados.com.br\\\/?p=1486#primaryimage\"},\"thumbnailUrl\":\"https:\\\/\\\/www.ayadvogados.com.br\\\/wp-content\\\/uploads\\\/2021\\\/09\\\/Blog-1.png\",\"datePublished\":\"2021-09-02T17:32:37+00:00\",\"breadcrumb\":{\"@id\":\"https:\\\/\\\/www.ayadvogados.com.br\\\/?p=1486#breadcrumb\"},\"inLanguage\":\"pt-BR\",\"potentialAction\":[{\"@type\":\"ReadAction\",\"target\":[\"https:\\\/\\\/www.ayadvogados.com.br\\\/?p=1486\"]}]},{\"@type\":\"ImageObject\",\"inLanguage\":\"pt-BR\",\"@id\":\"https:\\\/\\\/www.ayadvogados.com.br\\\/?p=1486#primaryimage\",\"url\":\"https:\\\/\\\/www.ayadvogados.com.br\\\/wp-content\\\/uploads\\\/2021\\\/09\\\/Blog-1.png\",\"contentUrl\":\"https:\\\/\\\/www.ayadvogados.com.br\\\/wp-content\\\/uploads\\\/2021\\\/09\\\/Blog-1.png\",\"width\":1000,\"height\":620},{\"@type\":\"BreadcrumbList\",\"@id\":\"https:\\\/\\\/www.ayadvogados.com.br\\\/?p=1486#breadcrumb\",\"itemListElement\":[{\"@type\":\"ListItem\",\"position\":1,\"name\":\"In\u00edcio\",\"item\":\"https:\\\/\\\/www.ayadvogados.com.br\\\/\"},{\"@type\":\"ListItem\",\"position\":2,\"name\":\"C\u00e2mara dos Deputados aprova texto-base da reforma do Imposto de Renda\"}]},{\"@type\":\"WebSite\",\"@id\":\"https:\\\/\\\/www.ayadvogados.com.br\\\/#website\",\"url\":\"https:\\\/\\\/www.ayadvogados.com.br\\\/\",\"name\":\"Amaral, Yazbek Advogados\",\"description\":\"Curitiba \u2022 Bras\u00edlia \u2022 S\u00e3o Paulo\",\"publisher\":{\"@id\":\"https:\\\/\\\/www.ayadvogados.com.br\\\/#organization\"},\"potentialAction\":[{\"@type\":\"SearchAction\",\"target\":{\"@type\":\"EntryPoint\",\"urlTemplate\":\"https:\\\/\\\/www.ayadvogados.com.br\\\/?s={search_term_string}\"},\"query-input\":{\"@type\":\"PropertyValueSpecification\",\"valueRequired\":true,\"valueName\":\"search_term_string\"}}],\"inLanguage\":\"pt-BR\"},{\"@type\":\"Organization\",\"@id\":\"https:\\\/\\\/www.ayadvogados.com.br\\\/#organization\",\"name\":\"Amaral, Yazbek Advogados\",\"url\":\"https:\\\/\\\/www.ayadvogados.com.br\\\/\",\"logo\":{\"@type\":\"ImageObject\",\"inLanguage\":\"pt-BR\",\"@id\":\"https:\\\/\\\/www.ayadvogados.com.br\\\/#\\\/schema\\\/logo\\\/image\\\/\",\"url\":\"http:\\\/\\\/34.239.117.254\\\/wp-content\\\/uploads\\\/2021\\\/03\\\/logo-ay-g.png\",\"contentUrl\":\"http:\\\/\\\/34.239.117.254\\\/wp-content\\\/uploads\\\/2021\\\/03\\\/logo-ay-g.png\",\"width\":434,\"height\":106,\"caption\":\"Amaral, Yazbek Advogados\"},\"image\":{\"@id\":\"https:\\\/\\\/www.ayadvogados.com.br\\\/#\\\/schema\\\/logo\\\/image\\\/\"},\"sameAs\":[\"https:\\\/\\\/www.facebook.com\\\/AYadvogados\",\"https:\\\/\\\/www.instagram.com\\\/ayadvogados\\\/\"]},{\"@type\":\"Person\",\"@id\":\"https:\\\/\\\/www.ayadvogados.com.br\\\/#\\\/schema\\\/person\\\/4abfbf03ad3e577e691d333af064a912\",\"name\":\"AY Advogados\",\"image\":{\"@type\":\"ImageObject\",\"inLanguage\":\"pt-BR\",\"@id\":\"https:\\\/\\\/secure.gravatar.com\\\/avatar\\\/1473912b851241f5503026e6156e144dcd83ff7addb67f65e1ed9ca21ee1d9cf?s=96&d=mm&r=g\",\"url\":\"https:\\\/\\\/secure.gravatar.com\\\/avatar\\\/1473912b851241f5503026e6156e144dcd83ff7addb67f65e1ed9ca21ee1d9cf?s=96&d=mm&r=g\",\"contentUrl\":\"https:\\\/\\\/secure.gravatar.com\\\/avatar\\\/1473912b851241f5503026e6156e144dcd83ff7addb67f65e1ed9ca21ee1d9cf?s=96&d=mm&r=g\",\"caption\":\"AY Advogados\"},\"sameAs\":[\"https:\\\/\\\/ayadvogados.com.br\"],\"url\":\"https:\\\/\\\/www.ayadvogados.com.br\\\/?author=2\"}]}<\/script>\n<!-- \/ Yoast SEO plugin. -->","yoast_head_json":{"title":"C\u00e2mara dos Deputados aprova texto-base da reforma do Imposto de Renda - Amaral, Yazbek Advogados","robots":{"index":"index","follow":"follow","max-snippet":"max-snippet:-1","max-image-preview":"max-image-preview:large","max-video-preview":"max-video-preview:-1"},"canonical":"https:\/\/www.ayadvogados.com.br\/?p=1486","og_locale":"pt_BR","og_type":"article","og_title":"C\u00e2mara dos Deputados aprova texto-base da reforma do Imposto de Renda - Amaral, Yazbek Advogados","og_description":"Por 398 votos a 77, a C\u00e2mara dos Deputados aprovou nesta quarta-feira (1\u00ba) o texto-base da reforma do Imposto de Renda (IR) de pessoas f\u00edsicas, empresas e investimentos. A sess\u00e3o foi encerrada antes da an\u00e1lise dos chamados destaques (sugest\u00f5es de altera\u00e7\u00e3o na mat\u00e9ria), que podem ser votados nesta quinta (2). Aprovada na C\u00e2mara, a mat\u00e9ria [&hellip;]","og_url":"https:\/\/www.ayadvogados.com.br\/?p=1486","og_site_name":"Amaral, Yazbek Advogados","article_publisher":"https:\/\/www.facebook.com\/AYadvogados","article_published_time":"2021-09-02T17:32:37+00:00","og_image":[{"width":1000,"height":620,"url":"https:\/\/www.ayadvogados.com.br\/wp-content\/uploads\/2021\/09\/Blog-1.png","type":"image\/png"}],"author":"AY Advogados","twitter_card":"summary_large_image","twitter_misc":{"Escrito por":"AY Advogados","Est. tempo de leitura":"6 minutos"},"schema":{"@context":"https:\/\/schema.org","@graph":[{"@type":"Article","@id":"https:\/\/www.ayadvogados.com.br\/?p=1486#article","isPartOf":{"@id":"https:\/\/www.ayadvogados.com.br\/?p=1486"},"author":{"name":"AY Advogados","@id":"https:\/\/www.ayadvogados.com.br\/#\/schema\/person\/4abfbf03ad3e577e691d333af064a912"},"headline":"C\u00e2mara dos Deputados aprova texto-base da reforma do Imposto de Renda","datePublished":"2021-09-02T17:32:37+00:00","mainEntityOfPage":{"@id":"https:\/\/www.ayadvogados.com.br\/?p=1486"},"wordCount":1230,"commentCount":0,"publisher":{"@id":"https:\/\/www.ayadvogados.com.br\/#organization"},"image":{"@id":"https:\/\/www.ayadvogados.com.br\/?p=1486#primaryimage"},"thumbnailUrl":"https:\/\/www.ayadvogados.com.br\/wp-content\/uploads\/2021\/09\/Blog-1.png","keywords":["amaral yazbek","noticia do dia"],"articleSection":["Not\u00edcia do Dia"],"inLanguage":"pt-BR","potentialAction":[{"@type":"CommentAction","name":"Comment","target":["https:\/\/www.ayadvogados.com.br\/?p=1486#respond"]}]},{"@type":"WebPage","@id":"https:\/\/www.ayadvogados.com.br\/?p=1486","url":"https:\/\/www.ayadvogados.com.br\/?p=1486","name":"C\u00e2mara dos Deputados aprova texto-base da reforma do Imposto de Renda - Amaral, Yazbek Advogados","isPartOf":{"@id":"https:\/\/www.ayadvogados.com.br\/#website"},"primaryImageOfPage":{"@id":"https:\/\/www.ayadvogados.com.br\/?p=1486#primaryimage"},"image":{"@id":"https:\/\/www.ayadvogados.com.br\/?p=1486#primaryimage"},"thumbnailUrl":"https:\/\/www.ayadvogados.com.br\/wp-content\/uploads\/2021\/09\/Blog-1.png","datePublished":"2021-09-02T17:32:37+00:00","breadcrumb":{"@id":"https:\/\/www.ayadvogados.com.br\/?p=1486#breadcrumb"},"inLanguage":"pt-BR","potentialAction":[{"@type":"ReadAction","target":["https:\/\/www.ayadvogados.com.br\/?p=1486"]}]},{"@type":"ImageObject","inLanguage":"pt-BR","@id":"https:\/\/www.ayadvogados.com.br\/?p=1486#primaryimage","url":"https:\/\/www.ayadvogados.com.br\/wp-content\/uploads\/2021\/09\/Blog-1.png","contentUrl":"https:\/\/www.ayadvogados.com.br\/wp-content\/uploads\/2021\/09\/Blog-1.png","width":1000,"height":620},{"@type":"BreadcrumbList","@id":"https:\/\/www.ayadvogados.com.br\/?p=1486#breadcrumb","itemListElement":[{"@type":"ListItem","position":1,"name":"In\u00edcio","item":"https:\/\/www.ayadvogados.com.br\/"},{"@type":"ListItem","position":2,"name":"C\u00e2mara dos Deputados aprova texto-base da reforma do Imposto de Renda"}]},{"@type":"WebSite","@id":"https:\/\/www.ayadvogados.com.br\/#website","url":"https:\/\/www.ayadvogados.com.br\/","name":"Amaral, Yazbek Advogados","description":"Curitiba \u2022 Bras\u00edlia \u2022 S\u00e3o Paulo","publisher":{"@id":"https:\/\/www.ayadvogados.com.br\/#organization"},"potentialAction":[{"@type":"SearchAction","target":{"@type":"EntryPoint","urlTemplate":"https:\/\/www.ayadvogados.com.br\/?s={search_term_string}"},"query-input":{"@type":"PropertyValueSpecification","valueRequired":true,"valueName":"search_term_string"}}],"inLanguage":"pt-BR"},{"@type":"Organization","@id":"https:\/\/www.ayadvogados.com.br\/#organization","name":"Amaral, Yazbek Advogados","url":"https:\/\/www.ayadvogados.com.br\/","logo":{"@type":"ImageObject","inLanguage":"pt-BR","@id":"https:\/\/www.ayadvogados.com.br\/#\/schema\/logo\/image\/","url":"http:\/\/34.239.117.254\/wp-content\/uploads\/2021\/03\/logo-ay-g.png","contentUrl":"http:\/\/34.239.117.254\/wp-content\/uploads\/2021\/03\/logo-ay-g.png","width":434,"height":106,"caption":"Amaral, Yazbek Advogados"},"image":{"@id":"https:\/\/www.ayadvogados.com.br\/#\/schema\/logo\/image\/"},"sameAs":["https:\/\/www.facebook.com\/AYadvogados","https:\/\/www.instagram.com\/ayadvogados\/"]},{"@type":"Person","@id":"https:\/\/www.ayadvogados.com.br\/#\/schema\/person\/4abfbf03ad3e577e691d333af064a912","name":"AY Advogados","image":{"@type":"ImageObject","inLanguage":"pt-BR","@id":"https:\/\/secure.gravatar.com\/avatar\/1473912b851241f5503026e6156e144dcd83ff7addb67f65e1ed9ca21ee1d9cf?s=96&d=mm&r=g","url":"https:\/\/secure.gravatar.com\/avatar\/1473912b851241f5503026e6156e144dcd83ff7addb67f65e1ed9ca21ee1d9cf?s=96&d=mm&r=g","contentUrl":"https:\/\/secure.gravatar.com\/avatar\/1473912b851241f5503026e6156e144dcd83ff7addb67f65e1ed9ca21ee1d9cf?s=96&d=mm&r=g","caption":"AY Advogados"},"sameAs":["https:\/\/ayadvogados.com.br"],"url":"https:\/\/www.ayadvogados.com.br\/?author=2"}]}},"rttpg_featured_image_url":{"full":["https:\/\/www.ayadvogados.com.br\/wp-content\/uploads\/2021\/09\/Blog-1.png",1000,620,false],"landscape":["https:\/\/www.ayadvogados.com.br\/wp-content\/uploads\/2021\/09\/Blog-1.png",1000,620,false],"portraits":["https:\/\/www.ayadvogados.com.br\/wp-content\/uploads\/2021\/09\/Blog-1.png",1000,620,false],"thumbnail":["https:\/\/www.ayadvogados.com.br\/wp-content\/uploads\/2021\/09\/Blog-1-150x150.png",150,150,true],"medium":["https:\/\/www.ayadvogados.com.br\/wp-content\/uploads\/2021\/09\/Blog-1-300x186.png",300,186,true],"large":["https:\/\/www.ayadvogados.com.br\/wp-content\/uploads\/2021\/09\/Blog-1.png",1000,620,false],"1536x1536":["https:\/\/www.ayadvogados.com.br\/wp-content\/uploads\/2021\/09\/Blog-1.png",1000,620,false],"2048x2048":["https:\/\/www.ayadvogados.com.br\/wp-content\/uploads\/2021\/09\/Blog-1.png",1000,620,false]},"rttpg_author":{"display_name":"AY Advogados","author_link":"https:\/\/www.ayadvogados.com.br\/?author=2"},"rttpg_comment":0,"rttpg_category":"<a href=\"https:\/\/www.ayadvogados.com.br\/?cat=1\" rel=\"category\">Not\u00edcia do Dia<\/a>","rttpg_excerpt":"Por 398 votos a 77, a C\u00e2mara dos Deputados aprovou nesta quarta-feira (1\u00ba) o texto-base da reforma do Imposto de Renda (IR) de pessoas f\u00edsicas, empresas e investimentos. A sess\u00e3o foi encerrada antes da an\u00e1lise dos chamados destaques (sugest\u00f5es de altera\u00e7\u00e3o na mat\u00e9ria), que podem ser votados nesta quinta (2). Aprovada na C\u00e2mara, a mat\u00e9ria&hellip;","_links":{"self":[{"href":"https:\/\/www.ayadvogados.com.br\/index.php?rest_route=\/wp\/v2\/posts\/1486","targetHints":{"allow":["GET"]}}],"collection":[{"href":"https:\/\/www.ayadvogados.com.br\/index.php?rest_route=\/wp\/v2\/posts"}],"about":[{"href":"https:\/\/www.ayadvogados.com.br\/index.php?rest_route=\/wp\/v2\/types\/post"}],"author":[{"embeddable":true,"href":"https:\/\/www.ayadvogados.com.br\/index.php?rest_route=\/wp\/v2\/users\/2"}],"replies":[{"embeddable":true,"href":"https:\/\/www.ayadvogados.com.br\/index.php?rest_route=%2Fwp%2Fv2%2Fcomments&post=1486"}],"version-history":[{"count":2,"href":"https:\/\/www.ayadvogados.com.br\/index.php?rest_route=\/wp\/v2\/posts\/1486\/revisions"}],"predecessor-version":[{"id":1488,"href":"https:\/\/www.ayadvogados.com.br\/index.php?rest_route=\/wp\/v2\/posts\/1486\/revisions\/1488"}],"wp:featuredmedia":[{"embeddable":true,"href":"https:\/\/www.ayadvogados.com.br\/index.php?rest_route=\/wp\/v2\/media\/1489"}],"wp:attachment":[{"href":"https:\/\/www.ayadvogados.com.br\/index.php?rest_route=%2Fwp%2Fv2%2Fmedia&parent=1486"}],"wp:term":[{"taxonomy":"category","embeddable":true,"href":"https:\/\/www.ayadvogados.com.br\/index.php?rest_route=%2Fwp%2Fv2%2Fcategories&post=1486"},{"taxonomy":"post_tag","embeddable":true,"href":"https:\/\/www.ayadvogados.com.br\/index.php?rest_route=%2Fwp%2Fv2%2Ftags&post=1486"}],"curies":[{"name":"wp","href":"https:\/\/api.w.org\/{rel}","templated":true}]}}