{"id":1482,"date":"2021-09-01T15:22:45","date_gmt":"2021-09-01T18:22:45","guid":{"rendered":"http:\/\/34.239.117.254\/?p=1482"},"modified":"2021-09-01T15:22:45","modified_gmt":"2021-09-01T18:22:45","slug":"tribunal-garante-a-empresas-credito-integral-de-pis-cofins","status":"publish","type":"post","link":"https:\/\/www.ayadvogados.com.br\/?p=1482","title":{"rendered":"Tribunal garante a empresas cr\u00e9dito integral de PIS\/Cofins"},"content":{"rendered":"\n<p>Tribunal garante a empresas cr\u00e9dito integral de PIS\/Cofins | Legisla\u00e7\u00e3o | Valor Econ\u00f4mico<\/p>\n\n\n\n<p>Empresas est\u00e3o conseguindo barrar, na <strong>Justi\u00e7a<\/strong>, a tentativa da <strong>Uni\u00e3o<\/strong> de reduzir o valor dos <strong>cr\u00e9ditos de PIS e Cofins<\/strong> gerados com a aquisi\u00e7\u00e3o de bens e insumos. Em pelo menos duas decis\u00f5es, o Tribunal Regional Federal (<strong>TRF<\/strong>) da 3\u00aa Regi\u00e3o, com sede em S\u00e3o Paulo, afastou o entendimento de que o <strong>ICMS<\/strong> deve ser exclu\u00eddo do c\u00e1lculo.<\/p>\n\n\n\n<p>Esse tema \u00e9 um dos desdobramentos da chamada \u201c<strong>tese do s\u00e9culo<\/strong>\u201d. S\u00f3 que se aceito o posicionamento da Uni\u00e3o, pode provocar <strong>aumento de carga tribut\u00e1ria <\/strong>para o contribuinte. A tomada de cr\u00e9dito faz parte da apura\u00e7\u00e3o de quem est\u00e1 no regime n\u00e3o cumulativo &#8211; praticamente todas as grandes empresas. A al\u00edquota de PIS e Cofins, nesses casos, \u00e9 de <strong>9,25%<\/strong>.<\/p>\n\n\n\n<p>Para calcular quanto deve, o contribuinte precisa separar as notas de sa\u00edda, referentes \u00e0s vendas realizadas no m\u00eas, das notas de entrada, que cont\u00eam o custo de aquisi\u00e7\u00e3o de produtos que d\u00e3o direito a cr\u00e9dito (insumos, por exemplo). \u00c9 feito um encontro de contas entre esses dois grupos de notas e sobre o resultado aplica-se a al\u00edquota.<\/p>\n\n\n\n<p>O Supremo Tribunal federal (STF) decidiu, em maio, que a parcela do ICMS que consta na nota de sa\u00edda &#8211; na venda dos produtos, portanto &#8211; deve ser retirada do c\u00e1lculo do PIS e da Cofins. Os ministros consideraram que o imposto estadual n\u00e3o pode ser classificado como receita ou faturamento, que \u00e9 a base de incid\u00eancia das contribui\u00e7\u00f5es.<\/p>\n\n\n\n<p>Com a retirada do imposto estadual da conta, a base de c\u00e1lculo do PIS e da Cofins foi reduzida e, consequentemente, os valores a pagar ao governo ficaram menores. As empresas, al\u00e9m disso, t\u00eam o direito de receber de volta o que pagaram de forma indevida nos \u00faltimos anos. O custo dessa tese para a Uni\u00e3o est\u00e1 estimado em <strong>R$ 358 bilh\u00f5es<\/strong>, segundo estudo do Instituto Brasileiro de Planejamento e Tributa\u00e7\u00e3o (<strong>IBPT<\/strong>).<\/p>\n\n\n\n<p>A <strong>Receita Federal<\/strong> vem defendendo, agora, que o mesmo crit\u00e9rio tem que ser utilizado para contabilizar os cr\u00e9ditos &#8211; ou seja, com a exclus\u00e3o do ICMS das notas de entrada, referentes \u00e0 aquisi\u00e7\u00e3o de bens e insumos.<\/p>\n\n\n\n<p>Aqui, o efeito \u00e9 inverso: sem o ICMS, o valor do cr\u00e9dito diminui e a conta a pagar ao governo aumenta. Seria uma forma de a Uni\u00e3o reduzir o impacto da chamada \u201ctese do s\u00e9culo\u201d.<\/p>\n\n\n\n<p>Os desembargadores do TRF, no entanto, entendem que n\u00e3o pode ser dessa forma. A decis\u00e3o mais recente foi proferida pela 3\u00ba Turma e beneficia uma <strong>ind\u00fastria farmac\u00eautica<\/strong> (processo n\u00ba 5000337-26.2017.4.03.6130).<\/p>\n\n\n\n<p>\u00c9 a primeira que se tem not\u00edcia desde que ganhou notoriedade, entre advogados, um <strong>parecer da Coordena\u00e7\u00e3o-Geral de Tributa\u00e7\u00e3o (Cosit) <\/strong>sobre o tema. No documento, a Receita firma a sua posi\u00e7\u00e3o &#8211; favor\u00e1vel \u00e0 redu\u00e7\u00e3o dos cr\u00e9ditos &#8211; e pede \u00e0 Procuradoria-Geral da Fazenda Nacional (<strong>PGFN<\/strong>) a \u201cratifica\u00e7\u00e3o ou retifica\u00e7\u00e3o\u201d do entendimento.<\/p>\n\n\n\n<p>Um dos principais argumentos \u00e9 o de que a manuten\u00e7\u00e3o do ICMS no valor de aquisi\u00e7\u00e3o dos bens que d\u00e3o direito a cr\u00e9dito poder\u00e1 provocar um \u201cesvaziamento na arrecada\u00e7\u00e3o\u201d.<\/p>\n\n\n\n<p>\u201cA decis\u00e3o do TRF da 3\u00aa Regi\u00e3o, contra essa tese, \u00e9 muito importante para os contribuintes e oportuna nesse momento porque esclarece desde j\u00e1 que s\u00e3o situa\u00e7\u00f5es diferentes\u201d, diz o advogado Maur\u00edcio Faro, do escrit\u00f3rio BMA.<\/p>\n\n\n\n<p>Os desembargadores da 3\u00aa Turma afirmam que a base de c\u00e1lculo dos cr\u00e9ditos \u00e9 o pre\u00e7o da aquisi\u00e7\u00e3o do produto. As leis do PIS e da Cofins estabelecem dessa forma. J\u00e1 o c\u00e1lculo dos pagamentos ao governo, frisam, leva em considera\u00e7\u00e3o o conceito de faturamento &#8211; consta em um outro trecho da legisla\u00e7\u00e3o e foi objeto de discuss\u00e3o no STF durante o julgamento da \u201ctese do s\u00e9culo\u201d.<\/p>\n\n\n\n<p>\u201cAs rela\u00e7\u00f5es n\u00e3o se confundem e n\u00e3o se comunicam. A decis\u00e3o proferida no RE 574.706 [tese do s\u00e9culo] em nada alterou a forma de apura\u00e7\u00e3o dos cr\u00e9ditos, permanecendo inc\u00f3lume a legisla\u00e7\u00e3o que trata do tema\u201d, diz o relator, desembargador Antonio Cedenho, no voto. O entendimento foi seguido de forma un\u00e2nime na turma.<\/p>\n\n\n\n<p>Essa discuss\u00e3o sobre os cr\u00e9ditos foi levantada pela PGFN por meio de embargos de declara\u00e7\u00e3o num processo ajuizado pela empresa para discutir a exclus\u00e3o do ICMS da base de c\u00e1lculo dos pagamentos de PIS e Cofins.<\/p>\n\n\n\n<p>O outro caso, tamb\u00e9m julgado pelo TRF, foi conclu\u00eddo em junho pela 6\u00aa Turma (processo n\u00ba 5003367-70.2019.4.03.6107). A companhia, aqui, optou por se antecipar a uma poss\u00edvel autua\u00e7\u00e3o da Receita. Isso ocorreu por conta de uma norma publicada pelo \u00f3rg\u00e3o.<\/p>\n\n\n\n<p>Trata-se da Instru\u00e7\u00e3o Normativa n\u00ba 1911, de 2019. Essa norma revogou uma anterior, de n\u00ba 404, em que constava, de forma expressa, a possibilidade de tomar cr\u00e9dito sobre a parcela referente ao ICMS.<\/p>\n\n\n\n<p>A norma de 2019 omitiu esse trecho do texto. N\u00e3o diz que pode nem que n\u00e3o pode contabilizar a parcela do ICMS que consta nas notas de aquisi\u00e7\u00e3o de bens e insumos.<\/p>\n\n\n\n<p>Os desembargadores da 6\u00aa Turma citam, na decis\u00e3o, que o IPI &#8211; assim como o ICMS &#8211; tamb\u00e9m comp\u00f5e o custo de aquisi\u00e7\u00e3o de bens e n\u00e3o \u00e9 descartado na tomada de cr\u00e9ditos do PIS e da Cofins. \u201cAdmitida a situa\u00e7\u00e3o para o IPI, n\u00e3o se v\u00ea o porqu\u00ea de, em sede exclusivamente administrativa, refutar igual tratamento para o ICMS\u201d, diz o relator, Lu\u00eds Ant\u00f4nio Johonsom Di Salvo.<\/p>\n\n\n\n<p>Ele acrescenta que qualquer mudan\u00e7a nesse sentido s\u00f3 seria poss\u00edvel por meio de lei. \u201cN\u00e3o se v\u00ea justificativa para a diferencia\u00e7\u00e3o almejada pelo Fisco quanto ao ICMS que n\u00e3o, aparentemente, a tentativa de minimizar as perdas decorrentes da decis\u00e3o proferida no RE 574.706\u201d, complementa o relator.<\/p>\n\n\n\n<p>H\u00e1 preocupa\u00e7\u00e3o do mercado com o desenrolar desse tema. Especialmente em rela\u00e7\u00e3o \u00e0 possibilidade de a Receita Federal realizar cobran\u00e7as referentes a anos passados.<\/p>\n\n\n\n<p>\u201cVai ter autua\u00e7\u00e3o? Se sim, vai retroagir at\u00e9 a data do julgamento da tese do s\u00e9culo, no STF, ou at\u00e9 2019 quando foi publicada a Instru\u00e7\u00e3o Normativa? Existe essa inseguran\u00e7a e, se isso acontecer, haver\u00e1 lit\u00edgio. A tese do s\u00e9culo vai acabar virando a tese do mil\u00eanio\u201d, observa Rafael Nichele, do Nichele Advogados.<\/p>\n\n\n\n<p>O tributarista Leo Lopes, s\u00f3cio do FAS Advogados, observa que a Uni\u00e3o poder\u00e1 ter ainda mais perda financeira se decidir seguir adiante com essa discuss\u00e3o. \u201cPorque os novos lit\u00edgios, no final, v\u00e3o s\u00f3 onerar os cofres p\u00fablicos. A expectativa, por todos os argumentos que est\u00e3o postos e pelo cen\u00e1rio de anos dessa discuss\u00e3o, \u00e9 favor\u00e1vel aos contribuintes.\u201d<\/p>\n\n\n\n<p>Pelo menos duas empresas, segundo reportagem publicada pelo <strong>Valor<\/strong>, j\u00e1 foram cobradas por valores que teriam deixado de recolher nos \u00faltimos cinco anos. Foram autuadas depois de informar \u00e0 Receita sobre o que t\u00eam a receber por conta de decis\u00f5es permitindo a exclus\u00e3o do ICMS do c\u00e1lculo do PIS e da Cofins. Elas pretendiam utilizar tais quantias para quitar tributos correntes.<\/p>\n\n\n\n<p>Subsecret\u00e1rio de Arrecada\u00e7\u00e3o e Cobran\u00e7a da Receita Federal, Frederico Faber afirmou, naquela ocasi\u00e3o, no entanto, que n\u00e3o tratava-se de um movimento coordenado do \u00f3rg\u00e3o. Disse que aguardavam a publica\u00e7\u00e3o do ac\u00f3rd\u00e3o da \u201ctese do s\u00e9culo\u201d &#8211; o que ocorreu dias depois, em 12 de agosto &#8211; e emitiriam, ent\u00e3o, um comunicado oficial aos contribuintes sobre a interpreta\u00e7\u00e3o e operacionaliza\u00e7\u00e3o da decis\u00e3o dos ministros.<\/p>\n\n\n\n<p>As quest\u00f5es relacionadas aos cr\u00e9ditos decorrentes da aquisi\u00e7\u00e3o de insumos, ele disse, constariam nesse documento. At\u00e9 ontem a Receita Federal n\u00e3o havia publicado nada nesse sentido.<\/p>\n\n\n\n<p>A PGFN foi procurada pelo <strong>Valor<\/strong> para comentar as decis\u00f5es proferidas pelo TRF, mas n\u00e3o deu retorno at\u00e9 o fechamento da edi\u00e7\u00e3o.<\/p>\n\n\n\n<p><\/p>\n\n\n\n<p>Fonte: <a href=\"https:\/\/valor.globo.com\/legislacao\/noticia\/2021\/09\/01\/tribunal-garante-a-empresas-credito-integral-de-pis-cofins.ghtml\">Valor<\/a><\/p>\n\n\n\n<p><\/p>\n\n\n\n<p>Quer estar sempre atualizado sobre as novidades no setor tribut\u00e1rio?&nbsp;<\/p>\n\n\n\n<p>Siga a Amaral, Yazbek nas redes sociais:<\/p>\n\n\n\n<p>\ud83d\udc49Facebook: https:\/\/www.facebook.com\/AYadvogados\u200b<\/p>\n\n\n\n<p>\ud83d\udc49Instagram: https:\/\/www.instagram.com\/amaral.yazbek\u200b<\/p>\n\n\n\n<p>\ud83d\udc49Linkedin: https:\/\/www.linkedin.com\/company\/amaral-yazbek-advogados\/<\/p>\n\n\n\n<p>\ud83c\udf81 Queremos te oferecer um presente! Preparamos a 10\u00aa edi\u00e7\u00e3o da revista Governan\u00e7a Jur\u00eddica dando dicas de ordem tribut\u00e1ria para que os empres\u00e1rios, independentemente do porte do seu neg\u00f3cio, possam reduzir os seus custos no per\u00edodo dif\u00edcil em que estamos vivendo.&nbsp;<\/p>\n\n\n\n<p>\ud83d\udc49Baixe gratuitamente: http:\/\/ayadvogados.com.br\/revista\/<\/p>\n\n\n\n<p>A Amaral, Yazbek, Advogados, OAB-PR 762, atua com excel\u00eancia no setor tribut\u00e1rio h\u00e1 35 anos, auxiliando empresas a transformarem tributa\u00e7\u00e3o em lucro.<\/p>\n\n\n\n<p>#amaralyazbek #atualidadesjuridicas #retrospectotribut\u00e1rio #empresas #business #reformatribut\u00e1ria<\/p>\n","protected":false},"excerpt":{"rendered":"<p>Tribunal garante a empresas cr\u00e9dito integral de PIS\/Cofins | Legisla\u00e7\u00e3o | Valor Econ\u00f4mico Empresas est\u00e3o conseguindo barrar, na Justi\u00e7a, a tentativa da Uni\u00e3o de reduzir o valor dos cr\u00e9ditos de PIS e Cofins gerados com a aquisi\u00e7\u00e3o de bens e insumos. Em pelo menos duas decis\u00f5es, o Tribunal Regional Federal (TRF) da 3\u00aa Regi\u00e3o, com [&hellip;]<\/p>\n","protected":false},"author":2,"featured_media":1483,"comment_status":"open","ping_status":"open","sticky":false,"template":"","format":"standard","meta":{"footnotes":""},"categories":[1],"tags":[9,29,33,63],"class_list":["post-1482","post","type-post","status-publish","format-standard","has-post-thumbnail","hentry","category-noticia-do-dia","tag-amaral-yazbek","tag-empresas","tag-negocios","tag-noticia-do-dia"],"blocksy_meta":{"styles_descriptor":{"styles":{"desktop":"","tablet":"","mobile":""},"google_fonts":[],"version":6}},"yoast_head":"<!-- This site is optimized with the Yoast SEO plugin v27.5 - https:\/\/yoast.com\/product\/yoast-seo-wordpress\/ -->\n<title>Tribunal garante a empresas cr\u00e9dito integral de PIS\/Cofins - Amaral, Yazbek Advogados<\/title>\n<meta name=\"robots\" content=\"index, follow, max-snippet:-1, max-image-preview:large, max-video-preview:-1\" \/>\n<link rel=\"canonical\" href=\"https:\/\/www.ayadvogados.com.br\/?p=1482\" \/>\n<meta property=\"og:locale\" content=\"pt_BR\" \/>\n<meta property=\"og:type\" content=\"article\" \/>\n<meta property=\"og:title\" content=\"Tribunal garante a empresas cr\u00e9dito integral de PIS\/Cofins - Amaral, Yazbek Advogados\" \/>\n<meta property=\"og:description\" content=\"Tribunal garante a empresas cr\u00e9dito integral de PIS\/Cofins | Legisla\u00e7\u00e3o | Valor Econ\u00f4mico Empresas est\u00e3o conseguindo barrar, na Justi\u00e7a, a tentativa da Uni\u00e3o de reduzir o valor dos cr\u00e9ditos de PIS e Cofins gerados com a aquisi\u00e7\u00e3o de bens e insumos. Em pelo menos duas decis\u00f5es, o Tribunal Regional Federal (TRF) da 3\u00aa Regi\u00e3o, com [&hellip;]\" \/>\n<meta property=\"og:url\" content=\"https:\/\/www.ayadvogados.com.br\/?p=1482\" \/>\n<meta property=\"og:site_name\" content=\"Amaral, Yazbek Advogados\" \/>\n<meta property=\"article:publisher\" content=\"https:\/\/www.facebook.com\/AYadvogados\" \/>\n<meta property=\"article:published_time\" content=\"2021-09-01T18:22:45+00:00\" \/>\n<meta property=\"og:image\" content=\"https:\/\/www.ayadvogados.com.br\/wp-content\/uploads\/2021\/09\/Blog.png\" \/>\n\t<meta property=\"og:image:width\" content=\"1000\" \/>\n\t<meta property=\"og:image:height\" content=\"620\" \/>\n\t<meta property=\"og:image:type\" content=\"image\/png\" \/>\n<meta name=\"author\" content=\"AY Advogados\" \/>\n<meta name=\"twitter:card\" content=\"summary_large_image\" \/>\n<meta name=\"twitter:label1\" content=\"Escrito por\" \/>\n\t<meta name=\"twitter:data1\" content=\"AY Advogados\" \/>\n\t<meta name=\"twitter:label2\" content=\"Est. tempo de leitura\" \/>\n\t<meta name=\"twitter:data2\" content=\"7 minutos\" \/>\n<script type=\"application\/ld+json\" class=\"yoast-schema-graph\">{\"@context\":\"https:\\\/\\\/schema.org\",\"@graph\":[{\"@type\":\"Article\",\"@id\":\"https:\\\/\\\/www.ayadvogados.com.br\\\/?p=1482#article\",\"isPartOf\":{\"@id\":\"https:\\\/\\\/www.ayadvogados.com.br\\\/?p=1482\"},\"author\":{\"name\":\"AY Advogados\",\"@id\":\"https:\\\/\\\/www.ayadvogados.com.br\\\/#\\\/schema\\\/person\\\/4abfbf03ad3e577e691d333af064a912\"},\"headline\":\"Tribunal garante a empresas cr\u00e9dito integral de PIS\\\/Cofins\",\"datePublished\":\"2021-09-01T18:22:45+00:00\",\"mainEntityOfPage\":{\"@id\":\"https:\\\/\\\/www.ayadvogados.com.br\\\/?p=1482\"},\"wordCount\":1486,\"commentCount\":0,\"publisher\":{\"@id\":\"https:\\\/\\\/www.ayadvogados.com.br\\\/#organization\"},\"image\":{\"@id\":\"https:\\\/\\\/www.ayadvogados.com.br\\\/?p=1482#primaryimage\"},\"thumbnailUrl\":\"https:\\\/\\\/www.ayadvogados.com.br\\\/wp-content\\\/uploads\\\/2021\\\/09\\\/Blog.png\",\"keywords\":[\"amaral yazbek\",\"empresas\",\"neg\u00f3cios\",\"noticia do dia\"],\"articleSection\":[\"Not\u00edcia do Dia\"],\"inLanguage\":\"pt-BR\",\"potentialAction\":[{\"@type\":\"CommentAction\",\"name\":\"Comment\",\"target\":[\"https:\\\/\\\/www.ayadvogados.com.br\\\/?p=1482#respond\"]}]},{\"@type\":\"WebPage\",\"@id\":\"https:\\\/\\\/www.ayadvogados.com.br\\\/?p=1482\",\"url\":\"https:\\\/\\\/www.ayadvogados.com.br\\\/?p=1482\",\"name\":\"Tribunal garante a empresas cr\u00e9dito integral de PIS\\\/Cofins - Amaral, Yazbek Advogados\",\"isPartOf\":{\"@id\":\"https:\\\/\\\/www.ayadvogados.com.br\\\/#website\"},\"primaryImageOfPage\":{\"@id\":\"https:\\\/\\\/www.ayadvogados.com.br\\\/?p=1482#primaryimage\"},\"image\":{\"@id\":\"https:\\\/\\\/www.ayadvogados.com.br\\\/?p=1482#primaryimage\"},\"thumbnailUrl\":\"https:\\\/\\\/www.ayadvogados.com.br\\\/wp-content\\\/uploads\\\/2021\\\/09\\\/Blog.png\",\"datePublished\":\"2021-09-01T18:22:45+00:00\",\"breadcrumb\":{\"@id\":\"https:\\\/\\\/www.ayadvogados.com.br\\\/?p=1482#breadcrumb\"},\"inLanguage\":\"pt-BR\",\"potentialAction\":[{\"@type\":\"ReadAction\",\"target\":[\"https:\\\/\\\/www.ayadvogados.com.br\\\/?p=1482\"]}]},{\"@type\":\"ImageObject\",\"inLanguage\":\"pt-BR\",\"@id\":\"https:\\\/\\\/www.ayadvogados.com.br\\\/?p=1482#primaryimage\",\"url\":\"https:\\\/\\\/www.ayadvogados.com.br\\\/wp-content\\\/uploads\\\/2021\\\/09\\\/Blog.png\",\"contentUrl\":\"https:\\\/\\\/www.ayadvogados.com.br\\\/wp-content\\\/uploads\\\/2021\\\/09\\\/Blog.png\",\"width\":1000,\"height\":620},{\"@type\":\"BreadcrumbList\",\"@id\":\"https:\\\/\\\/www.ayadvogados.com.br\\\/?p=1482#breadcrumb\",\"itemListElement\":[{\"@type\":\"ListItem\",\"position\":1,\"name\":\"In\u00edcio\",\"item\":\"https:\\\/\\\/www.ayadvogados.com.br\\\/\"},{\"@type\":\"ListItem\",\"position\":2,\"name\":\"Tribunal garante a empresas cr\u00e9dito integral de PIS\\\/Cofins\"}]},{\"@type\":\"WebSite\",\"@id\":\"https:\\\/\\\/www.ayadvogados.com.br\\\/#website\",\"url\":\"https:\\\/\\\/www.ayadvogados.com.br\\\/\",\"name\":\"Amaral, Yazbek Advogados\",\"description\":\"Curitiba \u2022 Bras\u00edlia \u2022 S\u00e3o Paulo\",\"publisher\":{\"@id\":\"https:\\\/\\\/www.ayadvogados.com.br\\\/#organization\"},\"potentialAction\":[{\"@type\":\"SearchAction\",\"target\":{\"@type\":\"EntryPoint\",\"urlTemplate\":\"https:\\\/\\\/www.ayadvogados.com.br\\\/?s={search_term_string}\"},\"query-input\":{\"@type\":\"PropertyValueSpecification\",\"valueRequired\":true,\"valueName\":\"search_term_string\"}}],\"inLanguage\":\"pt-BR\"},{\"@type\":\"Organization\",\"@id\":\"https:\\\/\\\/www.ayadvogados.com.br\\\/#organization\",\"name\":\"Amaral, Yazbek Advogados\",\"url\":\"https:\\\/\\\/www.ayadvogados.com.br\\\/\",\"logo\":{\"@type\":\"ImageObject\",\"inLanguage\":\"pt-BR\",\"@id\":\"https:\\\/\\\/www.ayadvogados.com.br\\\/#\\\/schema\\\/logo\\\/image\\\/\",\"url\":\"http:\\\/\\\/34.239.117.254\\\/wp-content\\\/uploads\\\/2021\\\/03\\\/logo-ay-g.png\",\"contentUrl\":\"http:\\\/\\\/34.239.117.254\\\/wp-content\\\/uploads\\\/2021\\\/03\\\/logo-ay-g.png\",\"width\":434,\"height\":106,\"caption\":\"Amaral, Yazbek Advogados\"},\"image\":{\"@id\":\"https:\\\/\\\/www.ayadvogados.com.br\\\/#\\\/schema\\\/logo\\\/image\\\/\"},\"sameAs\":[\"https:\\\/\\\/www.facebook.com\\\/AYadvogados\",\"https:\\\/\\\/www.instagram.com\\\/ayadvogados\\\/\"]},{\"@type\":\"Person\",\"@id\":\"https:\\\/\\\/www.ayadvogados.com.br\\\/#\\\/schema\\\/person\\\/4abfbf03ad3e577e691d333af064a912\",\"name\":\"AY Advogados\",\"image\":{\"@type\":\"ImageObject\",\"inLanguage\":\"pt-BR\",\"@id\":\"https:\\\/\\\/secure.gravatar.com\\\/avatar\\\/1473912b851241f5503026e6156e144dcd83ff7addb67f65e1ed9ca21ee1d9cf?s=96&d=mm&r=g\",\"url\":\"https:\\\/\\\/secure.gravatar.com\\\/avatar\\\/1473912b851241f5503026e6156e144dcd83ff7addb67f65e1ed9ca21ee1d9cf?s=96&d=mm&r=g\",\"contentUrl\":\"https:\\\/\\\/secure.gravatar.com\\\/avatar\\\/1473912b851241f5503026e6156e144dcd83ff7addb67f65e1ed9ca21ee1d9cf?s=96&d=mm&r=g\",\"caption\":\"AY Advogados\"},\"sameAs\":[\"https:\\\/\\\/ayadvogados.com.br\"],\"url\":\"https:\\\/\\\/www.ayadvogados.com.br\\\/?author=2\"}]}<\/script>\n<!-- \/ Yoast SEO plugin. -->","yoast_head_json":{"title":"Tribunal garante a empresas cr\u00e9dito integral de PIS\/Cofins - Amaral, Yazbek Advogados","robots":{"index":"index","follow":"follow","max-snippet":"max-snippet:-1","max-image-preview":"max-image-preview:large","max-video-preview":"max-video-preview:-1"},"canonical":"https:\/\/www.ayadvogados.com.br\/?p=1482","og_locale":"pt_BR","og_type":"article","og_title":"Tribunal garante a empresas cr\u00e9dito integral de PIS\/Cofins - Amaral, Yazbek Advogados","og_description":"Tribunal garante a empresas cr\u00e9dito integral de PIS\/Cofins | Legisla\u00e7\u00e3o | Valor Econ\u00f4mico Empresas est\u00e3o conseguindo barrar, na Justi\u00e7a, a tentativa da Uni\u00e3o de reduzir o valor dos cr\u00e9ditos de PIS e Cofins gerados com a aquisi\u00e7\u00e3o de bens e insumos. Em pelo menos duas decis\u00f5es, o Tribunal Regional Federal (TRF) da 3\u00aa Regi\u00e3o, com [&hellip;]","og_url":"https:\/\/www.ayadvogados.com.br\/?p=1482","og_site_name":"Amaral, Yazbek Advogados","article_publisher":"https:\/\/www.facebook.com\/AYadvogados","article_published_time":"2021-09-01T18:22:45+00:00","og_image":[{"width":1000,"height":620,"url":"https:\/\/www.ayadvogados.com.br\/wp-content\/uploads\/2021\/09\/Blog.png","type":"image\/png"}],"author":"AY Advogados","twitter_card":"summary_large_image","twitter_misc":{"Escrito por":"AY Advogados","Est. tempo de leitura":"7 minutos"},"schema":{"@context":"https:\/\/schema.org","@graph":[{"@type":"Article","@id":"https:\/\/www.ayadvogados.com.br\/?p=1482#article","isPartOf":{"@id":"https:\/\/www.ayadvogados.com.br\/?p=1482"},"author":{"name":"AY Advogados","@id":"https:\/\/www.ayadvogados.com.br\/#\/schema\/person\/4abfbf03ad3e577e691d333af064a912"},"headline":"Tribunal garante a empresas cr\u00e9dito integral de PIS\/Cofins","datePublished":"2021-09-01T18:22:45+00:00","mainEntityOfPage":{"@id":"https:\/\/www.ayadvogados.com.br\/?p=1482"},"wordCount":1486,"commentCount":0,"publisher":{"@id":"https:\/\/www.ayadvogados.com.br\/#organization"},"image":{"@id":"https:\/\/www.ayadvogados.com.br\/?p=1482#primaryimage"},"thumbnailUrl":"https:\/\/www.ayadvogados.com.br\/wp-content\/uploads\/2021\/09\/Blog.png","keywords":["amaral yazbek","empresas","neg\u00f3cios","noticia do dia"],"articleSection":["Not\u00edcia do Dia"],"inLanguage":"pt-BR","potentialAction":[{"@type":"CommentAction","name":"Comment","target":["https:\/\/www.ayadvogados.com.br\/?p=1482#respond"]}]},{"@type":"WebPage","@id":"https:\/\/www.ayadvogados.com.br\/?p=1482","url":"https:\/\/www.ayadvogados.com.br\/?p=1482","name":"Tribunal garante a empresas cr\u00e9dito integral de PIS\/Cofins - Amaral, Yazbek Advogados","isPartOf":{"@id":"https:\/\/www.ayadvogados.com.br\/#website"},"primaryImageOfPage":{"@id":"https:\/\/www.ayadvogados.com.br\/?p=1482#primaryimage"},"image":{"@id":"https:\/\/www.ayadvogados.com.br\/?p=1482#primaryimage"},"thumbnailUrl":"https:\/\/www.ayadvogados.com.br\/wp-content\/uploads\/2021\/09\/Blog.png","datePublished":"2021-09-01T18:22:45+00:00","breadcrumb":{"@id":"https:\/\/www.ayadvogados.com.br\/?p=1482#breadcrumb"},"inLanguage":"pt-BR","potentialAction":[{"@type":"ReadAction","target":["https:\/\/www.ayadvogados.com.br\/?p=1482"]}]},{"@type":"ImageObject","inLanguage":"pt-BR","@id":"https:\/\/www.ayadvogados.com.br\/?p=1482#primaryimage","url":"https:\/\/www.ayadvogados.com.br\/wp-content\/uploads\/2021\/09\/Blog.png","contentUrl":"https:\/\/www.ayadvogados.com.br\/wp-content\/uploads\/2021\/09\/Blog.png","width":1000,"height":620},{"@type":"BreadcrumbList","@id":"https:\/\/www.ayadvogados.com.br\/?p=1482#breadcrumb","itemListElement":[{"@type":"ListItem","position":1,"name":"In\u00edcio","item":"https:\/\/www.ayadvogados.com.br\/"},{"@type":"ListItem","position":2,"name":"Tribunal garante a empresas cr\u00e9dito integral de PIS\/Cofins"}]},{"@type":"WebSite","@id":"https:\/\/www.ayadvogados.com.br\/#website","url":"https:\/\/www.ayadvogados.com.br\/","name":"Amaral, Yazbek Advogados","description":"Curitiba \u2022 Bras\u00edlia \u2022 S\u00e3o Paulo","publisher":{"@id":"https:\/\/www.ayadvogados.com.br\/#organization"},"potentialAction":[{"@type":"SearchAction","target":{"@type":"EntryPoint","urlTemplate":"https:\/\/www.ayadvogados.com.br\/?s={search_term_string}"},"query-input":{"@type":"PropertyValueSpecification","valueRequired":true,"valueName":"search_term_string"}}],"inLanguage":"pt-BR"},{"@type":"Organization","@id":"https:\/\/www.ayadvogados.com.br\/#organization","name":"Amaral, Yazbek Advogados","url":"https:\/\/www.ayadvogados.com.br\/","logo":{"@type":"ImageObject","inLanguage":"pt-BR","@id":"https:\/\/www.ayadvogados.com.br\/#\/schema\/logo\/image\/","url":"http:\/\/34.239.117.254\/wp-content\/uploads\/2021\/03\/logo-ay-g.png","contentUrl":"http:\/\/34.239.117.254\/wp-content\/uploads\/2021\/03\/logo-ay-g.png","width":434,"height":106,"caption":"Amaral, Yazbek Advogados"},"image":{"@id":"https:\/\/www.ayadvogados.com.br\/#\/schema\/logo\/image\/"},"sameAs":["https:\/\/www.facebook.com\/AYadvogados","https:\/\/www.instagram.com\/ayadvogados\/"]},{"@type":"Person","@id":"https:\/\/www.ayadvogados.com.br\/#\/schema\/person\/4abfbf03ad3e577e691d333af064a912","name":"AY Advogados","image":{"@type":"ImageObject","inLanguage":"pt-BR","@id":"https:\/\/secure.gravatar.com\/avatar\/1473912b851241f5503026e6156e144dcd83ff7addb67f65e1ed9ca21ee1d9cf?s=96&d=mm&r=g","url":"https:\/\/secure.gravatar.com\/avatar\/1473912b851241f5503026e6156e144dcd83ff7addb67f65e1ed9ca21ee1d9cf?s=96&d=mm&r=g","contentUrl":"https:\/\/secure.gravatar.com\/avatar\/1473912b851241f5503026e6156e144dcd83ff7addb67f65e1ed9ca21ee1d9cf?s=96&d=mm&r=g","caption":"AY Advogados"},"sameAs":["https:\/\/ayadvogados.com.br"],"url":"https:\/\/www.ayadvogados.com.br\/?author=2"}]}},"rttpg_featured_image_url":{"full":["https:\/\/www.ayadvogados.com.br\/wp-content\/uploads\/2021\/09\/Blog.png",1000,620,false],"landscape":["https:\/\/www.ayadvogados.com.br\/wp-content\/uploads\/2021\/09\/Blog.png",1000,620,false],"portraits":["https:\/\/www.ayadvogados.com.br\/wp-content\/uploads\/2021\/09\/Blog.png",1000,620,false],"thumbnail":["https:\/\/www.ayadvogados.com.br\/wp-content\/uploads\/2021\/09\/Blog-150x150.png",150,150,true],"medium":["https:\/\/www.ayadvogados.com.br\/wp-content\/uploads\/2021\/09\/Blog-300x186.png",300,186,true],"large":["https:\/\/www.ayadvogados.com.br\/wp-content\/uploads\/2021\/09\/Blog.png",1000,620,false],"1536x1536":["https:\/\/www.ayadvogados.com.br\/wp-content\/uploads\/2021\/09\/Blog.png",1000,620,false],"2048x2048":["https:\/\/www.ayadvogados.com.br\/wp-content\/uploads\/2021\/09\/Blog.png",1000,620,false]},"rttpg_author":{"display_name":"AY Advogados","author_link":"https:\/\/www.ayadvogados.com.br\/?author=2"},"rttpg_comment":0,"rttpg_category":"<a href=\"https:\/\/www.ayadvogados.com.br\/?cat=1\" rel=\"category\">Not\u00edcia do Dia<\/a>","rttpg_excerpt":"Tribunal garante a empresas cr\u00e9dito integral de PIS\/Cofins | Legisla\u00e7\u00e3o | Valor Econ\u00f4mico Empresas est\u00e3o conseguindo barrar, na Justi\u00e7a, a tentativa da Uni\u00e3o de reduzir o valor dos cr\u00e9ditos de PIS e Cofins gerados com a aquisi\u00e7\u00e3o de bens e insumos. Em pelo menos duas decis\u00f5es, o Tribunal Regional Federal (TRF) da 3\u00aa Regi\u00e3o, com&hellip;","_links":{"self":[{"href":"https:\/\/www.ayadvogados.com.br\/index.php?rest_route=\/wp\/v2\/posts\/1482","targetHints":{"allow":["GET"]}}],"collection":[{"href":"https:\/\/www.ayadvogados.com.br\/index.php?rest_route=\/wp\/v2\/posts"}],"about":[{"href":"https:\/\/www.ayadvogados.com.br\/index.php?rest_route=\/wp\/v2\/types\/post"}],"author":[{"embeddable":true,"href":"https:\/\/www.ayadvogados.com.br\/index.php?rest_route=\/wp\/v2\/users\/2"}],"replies":[{"embeddable":true,"href":"https:\/\/www.ayadvogados.com.br\/index.php?rest_route=%2Fwp%2Fv2%2Fcomments&post=1482"}],"version-history":[{"count":1,"href":"https:\/\/www.ayadvogados.com.br\/index.php?rest_route=\/wp\/v2\/posts\/1482\/revisions"}],"predecessor-version":[{"id":1484,"href":"https:\/\/www.ayadvogados.com.br\/index.php?rest_route=\/wp\/v2\/posts\/1482\/revisions\/1484"}],"wp:featuredmedia":[{"embeddable":true,"href":"https:\/\/www.ayadvogados.com.br\/index.php?rest_route=\/wp\/v2\/media\/1483"}],"wp:attachment":[{"href":"https:\/\/www.ayadvogados.com.br\/index.php?rest_route=%2Fwp%2Fv2%2Fmedia&parent=1482"}],"wp:term":[{"taxonomy":"category","embeddable":true,"href":"https:\/\/www.ayadvogados.com.br\/index.php?rest_route=%2Fwp%2Fv2%2Fcategories&post=1482"},{"taxonomy":"post_tag","embeddable":true,"href":"https:\/\/www.ayadvogados.com.br\/index.php?rest_route=%2Fwp%2Fv2%2Ftags&post=1482"}],"curies":[{"name":"wp","href":"https:\/\/api.w.org\/{rel}","templated":true}]}}