{"id":1470,"date":"2021-08-30T15:01:58","date_gmt":"2021-08-30T18:01:58","guid":{"rendered":"http:\/\/34.239.117.254\/?p=1470"},"modified":"2021-08-30T15:03:57","modified_gmt":"2021-08-30T18:03:57","slug":"contribuinte-perde-no-supremo-e-stj-teses-de-tributo-sobre-tributo","status":"publish","type":"post","link":"https:\/\/www.ayadvogados.com.br\/?p=1470","title":{"rendered":"Contribuinte perde no Supremo e STJ teses de tributo sobre tributo"},"content":{"rendered":"\n<p>O julgamento da exclus\u00e3o do <strong>ICMS <\/strong>do c\u00e1lculo do <strong>PIS<\/strong> e da <strong>Cofins<\/strong> &#8211; \u201ca <strong>tese do s\u00e9culo<\/strong>\u201d &#8211; pode ter sido a \u00fanica vit\u00f3ria dos contribuintes nas discuss\u00f5es que envolvem <strong>tributo sobre tributo<\/strong>. Ministros do Supremo Tribunal Federal (<strong>STF<\/strong>) e do Superior Tribunal de Justi\u00e7a (<strong>STJ<\/strong>) n\u00e3o est\u00e3o usando o caso como precedente e t\u00eam rejeitado outras teses.<\/p>\n\n\n\n<p>Os contribuintes foram derrotados em pelo menos quatro das chamadas \u201c<strong>teses filhotes<\/strong>\u201d e uma outra, considerada por advogados como a mais importante, est\u00e1 em risco. Trata da exclus\u00e3o do<strong> ISS <\/strong>do c\u00e1lculo das contribui\u00e7\u00f5es, com impacto de at\u00e9 <strong>R$ 32,3 bilh\u00f5es<\/strong> para a Uni\u00e3o em caso de derrota.<\/p>\n\n\n\n<p>Havia chances de esse caso ser encerrado no <strong>Plen\u00e1rio Virtual<\/strong> do STF na sexta-feira. Por volta das 14h, quando o placar estava em quatro a quatro, o <strong>ministro Luiz Fux<\/strong>, presidente da Corte, tomou a decis\u00e3o de interromper as discuss\u00f5es. Ele apresentou pedido de destaque, que desloca o caso para julgamento presencial.<\/p>\n\n\n\n<p>A inten\u00e7\u00e3o de Fux, segundo um interlocutor, \u00e9 a de colocar esse caso em pauta somente quando a composi\u00e7\u00e3o estiver completa, ou seja, com um substituto para Marco Aur\u00e9lio, que se aposentou no m\u00eas de julho. \u201cDiante da relev\u00e2ncia do tema\u201d, disse ao <strong>Valor<\/strong>.<\/p>\n\n\n\n<p>O presidente da Rep\u00fablica, Jair Bolsonaro, indicou para vaga Andr\u00e9 Mendon\u00e7a &#8211; que atuou como ministro da Justi\u00e7a e advogado-geral da Uni\u00e3o. S\u00f3 que, para assumir, ele ainda precisa passar por sabatina no Senado e n\u00e3o h\u00e1 ainda uma data prevista para que isso ocorra.<\/p>\n\n\n\n<p>Advogados entendem que essa espera, no entanto, pode diminuir as chances dos contribuintes. \u201cHistoricamente \u00e9 muito raro um ministro votar contra o governo que o indicou logo ao chegar na Corte\u201d, observa Luis Alexandre Barbosa, s\u00f3cio do escrit\u00f3rio LBMF.<\/p>\n\n\n\n<p>Existe ainda uma outra quest\u00e3o: com o deslocamento do caso para o presencial, o placar zera e todos os ministros t\u00eam que se posicionar novamente. E, aqui, o contribuinte corre mais riscos de ver o placar virar contra ele.<\/p>\n\n\n\n<p>Haver\u00e1 uma \u201ctroca\u201d de relatores. Celso de Mello, o relator original desse recurso, proferiu voto antes de se aposentar. Ele havia se posicionado a favor do contribuinte, ou seja, para excluir o ISS da base de c\u00e1lculo do PIS e da Cofins. O ministro Kassio Nunes Marques, seu substituto, em raz\u00e3o disso, n\u00e3o se manifestaria se o julgamento tivesse continuado no Plen\u00e1rio Virtual.<\/p>\n\n\n\n<p>Agora, por\u00e9m, Nunes Marques assume o papel de relator e vai proferir o voto condutor desse caso. A tend\u00eancia, dizem advogados, \u00e9 que ele apresente uma posi\u00e7\u00e3o contr\u00e1ria. O ministro vem demonstrando, durante os julgamentos, que est\u00e1 mais alinhado \u00e0 argumenta\u00e7\u00e3o da Fazenda Nacional.<\/p>\n\n\n\n<p>Na \u201ctese do s\u00e9culo\u201d, no m\u00eas de maio, por exemplo, Nunes Marques deu raz\u00e3o \u00e0 Uni\u00e3o sobre qual ICMS deveria ser exclu\u00eddo do c\u00e1lculo das contribui\u00e7\u00f5es. Votou pelo efetivamente recolhido aos Estados e n\u00e3o pelo que consta na nota fiscal, geralmente maior e que beneficia mais o contribuinte. Ele, por\u00e9m, ficou vencido.<\/p>\n\n\n\n<p>O ministro tamb\u00e9m se posicionou contra o contribuinte nos dois casos de \u201cteses filhotes\u201d j\u00e1 julgados pelo Supremo. Tratavam sobre a exclus\u00e3o do ISS e do ICMS da base de c\u00e1lculo da Contribui\u00e7\u00e3o Previdenci\u00e1ria sobre a Receita Bruta (CPRB).<\/p>\n\n\n\n<p>Nesses dois casos, no entanto, a posi\u00e7\u00e3o de Nunes Marques foi a mesma da maioria dos ministros. As \u201cteses filhotes\u201d foram derrubadas por sete votos a quatro. Al\u00e9m de Nunes Marques, votaram contra o pleito do contribuinte os ministros Alexandre de Moraes, Edson Fachin, Gilmar Mendes, Lu\u00eds Roberto Barroso, Dias Toffoli e Luiz Fux.<\/p>\n\n\n\n<p>A mudan\u00e7a de relator &#8211; e de posicionamento &#8211; no julgamento do ISS, no entanto, \u00e9 vista com bastante pol\u00eamica no meio jur\u00eddico. Advogados entendem que, al\u00e9m de desrespeitoso com Celso de Mello, poderia estigmatizar o Plen\u00e1rio Virtual.<\/p>\n\n\n\n<p>\u201cTrar\u00e1 a inseguran\u00e7a de que as discuss\u00f5es n\u00e3o s\u00e3o confi\u00e1veis. Quando os julgamentos eram presenciais, a possibilidade de se desconsiderar um voto jamais foi levantada\u201d, afirma Tatiana Del Giudice Cappa Chiaradia, s\u00f3cia do escrit\u00f3rio Candido Martins.<\/p>\n\n\n\n<p>As chamadas \u201cteses filhotes\u201d ganharam corpo com a exclus\u00e3o do ICMS do c\u00e1lculo do PIS e da Cofins &#8211; a \u201ctese do s\u00e9culo\u201d. Os contribuintes, a partir dessa decis\u00e3o, passaram a defender que o mesmo entendimento deveria ser aplicado para discuss\u00f5es semelhantes envolvendo outros tributos. H\u00e1 uma por\u00e7\u00e3o delas no Judici\u00e1rio &#8211; e vem da\u00ed a denomina\u00e7\u00e3o \u201cfilhote\u201d.<\/p>\n\n\n\n<p>S\u00f3 que o resultado n\u00e3o vem saindo como o esperado. Nos casos que foram julgados no STF, por exemplo, os ministros classificaram a <strong>CPRB<\/strong> como benef\u00edcio fiscal e, sendo assim, afirmaram, se mexessem no c\u00e1lculo &#8211; provocando redu\u00e7\u00e3o de tributo &#8211; o ampliariam demais (RE 1187264 e RE 1285845).<\/p>\n\n\n\n<p>O STF tamb\u00e9m declinou de alguns julgamentos. Tratou duas teses filhotes como \u201ctema infraconstitucional\u201d: a exclus\u00e3o do <strong>ICMS-ST<\/strong> (substitui\u00e7\u00e3o tribut\u00e1ria) do c\u00e1lculo do PIS e da Cofins e a exclus\u00e3o da CPRB da base de c\u00e1lculo do PIS e da Cofins. Nesses casos, portanto, a palavra final fica com o Superior Tribunal de Justi\u00e7a (STJ) &#8211; onde os contribuintes tamb\u00e9m n\u00e3o est\u00e3o tendo sucesso.<\/p>\n\n\n\n<p>A 2\u00aa Turma tem decis\u00e3o un\u00e2nime contra a possibilidade de exclus\u00e3o do ICMS-ST (REsp 1885048). A substitui\u00e7\u00e3o tribut\u00e1ria \u00e9 uma forma de arrecada\u00e7\u00e3o em que um contribuinte da cadeia de consumo \u00e9 o respons\u00e1vel por recolher o imposto de todos os outros, para facilitar a fiscaliza\u00e7\u00e3o.<\/p>\n\n\n\n<p>Uma peculiaridade nessa sistem\u00e1tica, para os ministros, faz com que seja imposs\u00edvel igualar o caso ao da \u201ctese do s\u00e9culo\u201d: o ICMS-ST &#8211; diferentemente do ICMS &#8211; \u00e9 destacado formalmente na nota fiscal de aquisi\u00e7\u00e3o das mercadorias, mas n\u00e3o na nota fiscal de sa\u00edda ou de revenda do produto.<\/p>\n\n\n\n<p>Tamb\u00e9m na 2\u00aa Turma h\u00e1 decis\u00e3o contra a exclus\u00e3o da CPRB da base de c\u00e1lculo do PIS e da Cofins. Foi proferida na semana passada. Os ministros entenderam que h\u00e1 similaridade entre esse caso e as duas \u201cfilhotes\u201d que foram julgadas no STF. \u201cTamb\u00e9m se discutiu o conceito de receita bruta\u201d, disse o relator do caso, o ministro Herman Benjamin (REsp 1930041).<\/p>\n\n\n\n<p>Na 1\u00aa Turma h\u00e1 um caso desses, envolvendo a exclus\u00e3o da CPRB, mas ainda sem decis\u00e3o definitiva. Est\u00e1 no Plen\u00e1rio Virtual da Corte, com previs\u00e3o para ser conclu\u00eddo hoje. O relator, ministro Benedito Gon\u00e7alves, votou contra a exclus\u00e3o (REsp 1932521).<\/p>\n\n\n\n<p>Se o entendimento prevalecer, as duas turmas que julgam as quest\u00f5es de direito p\u00fablico no STJ ter\u00e3o posicionamento igual, ou seja, negando o pleito do contribuinte. E, nesse caso, ficar\u00e1 muito dif\u00edcil de a situa\u00e7\u00e3o ser revertida.<\/p>\n\n\n\n<p>Quando decidiram sobre a \u201ctese do s\u00e9culo\u201d, os ministros do STF consideraram que o ICMS n\u00e3o poderia ser enquadrado como faturamento ou receita bruta &#8211; a base de incid\u00eancia do PIS e da Cofins &#8211; e por esse motivo, ent\u00e3o, deveria ser exclu\u00eddo do c\u00e1lculo das contribui\u00e7\u00f5es.<\/p>\n\n\n\n<p>Entre as filhotes, a que mais se aproxima desse conceito, segundo os advogados, \u00e9 a que envolve a exclus\u00e3o do ISS. A \u00fanica diferen\u00e7a, entre os dois casos, eles dizem, \u00e9 que um trata de imposto estadual e o outro municipal. Por isso o julgamento \u00e9 t\u00e3o aguardado. Uma negativa dos ministros pode colocar em risco todas as outras teses constru\u00eddas com argumentos semelhantes.<\/p>\n\n\n\n<p>Fonte: <a href=\"https:\/\/valor.globo.com\/legislacao\/noticia\/2021\/08\/30\/contribuinte-perde-no-supremo-e-stj-teses-de-tributo-sobre-tributo.ghtml\">Valor<\/a><\/p>\n\n\n\n<p>A Amaral, Yazbek, OAB\/PR 762, possui 35 anos de experi\u00eancia auxiliando empresas a transformar a tributa\u00e7\u00e3o em lucro. Entre em contato com um dos s\u00f3cios para agendamento de reuni\u00e3o em caso de d\u00favidas.<\/p>\n\n\n\n<p>Contato: 41 3595-8300 ou pelo nosso WhatsApp 41 99567-5696<\/p>\n\n\n\n<p>Av. C\u00e2ndido Hartmann, 50 \u2013 Bigorrilho | Curitiba-PR<\/p>\n\n\n\n<p>Assine nossa Newsletter e fique por dentro das novidades!<\/p>\n\n\n\n<p>Quer receber seu exemplar da revista Governan\u00e7a Jur\u00eddica? Clique&nbsp;<a href=\"http:\/\/ayadvogados.com.br\/revista\">aqui<\/a>&nbsp;e pe\u00e7a a sua.<\/p>\n\n\n\n<p>Nos acompanhe nas redes sociais:&nbsp;<a href=\"https:\/\/www.facebook.com\/amaral.yazbek\">Facebook<\/a>&nbsp;|&nbsp;<a href=\"https:\/\/www.instagram.com\/amaral.yazbek\/\">Instagram<\/a>&nbsp;|&nbsp;<a href=\"https:\/\/www.linkedin.com\/company\/3357082\/admin\/\">Linkedin<\/a><\/p>\n\n\n\n<p>J\u00e1 conhece o canal Direito da Intelig\u00eancia de Neg\u00f3cios?&nbsp;<a href=\"https:\/\/www.youtube.com\/channel\/UCu2Mpu32ht8DEN8OFRXYMyw\">Inscreva-se j\u00e1<\/a><\/p>\n","protected":false},"excerpt":{"rendered":"<p>O julgamento da exclus\u00e3o do ICMS do c\u00e1lculo do PIS e da Cofins &#8211; \u201ca tese do s\u00e9culo\u201d &#8211; pode ter sido a \u00fanica vit\u00f3ria dos contribuintes nas discuss\u00f5es que envolvem tributo sobre tributo. Ministros do Supremo Tribunal Federal (STF) e do Superior Tribunal de Justi\u00e7a (STJ) n\u00e3o est\u00e3o usando o caso como precedente e [&hellip;]<\/p>\n","protected":false},"author":2,"featured_media":1471,"comment_status":"open","ping_status":"open","sticky":false,"template":"","format":"standard","meta":{"footnotes":""},"categories":[1],"tags":[9,36],"class_list":["post-1470","post","type-post","status-publish","format-standard","has-post-thumbnail","hentry","category-noticia-do-dia","tag-amaral-yazbek","tag-revista-governanca-juridica"],"blocksy_meta":{"styles_descriptor":{"styles":{"desktop":"","tablet":"","mobile":""},"google_fonts":[],"version":6}},"yoast_head":"<!-- This site is optimized with the Yoast SEO plugin v27.5 - https:\/\/yoast.com\/product\/yoast-seo-wordpress\/ -->\n<title>Contribuinte perde no Supremo e STJ teses de tributo sobre tributo - Amaral, Yazbek Advogados<\/title>\n<meta name=\"robots\" content=\"index, follow, max-snippet:-1, max-image-preview:large, max-video-preview:-1\" \/>\n<link rel=\"canonical\" href=\"https:\/\/www.ayadvogados.com.br\/?p=1470\" \/>\n<meta property=\"og:locale\" content=\"pt_BR\" \/>\n<meta property=\"og:type\" content=\"article\" \/>\n<meta property=\"og:title\" content=\"Contribuinte perde no Supremo e STJ teses de tributo sobre tributo - Amaral, Yazbek Advogados\" \/>\n<meta property=\"og:description\" content=\"O julgamento da exclus\u00e3o do ICMS do c\u00e1lculo do PIS e da Cofins &#8211; \u201ca tese do s\u00e9culo\u201d &#8211; pode ter sido a \u00fanica vit\u00f3ria dos contribuintes nas discuss\u00f5es que envolvem tributo sobre tributo. Ministros do Supremo Tribunal Federal (STF) e do Superior Tribunal de Justi\u00e7a (STJ) n\u00e3o est\u00e3o usando o caso como precedente e [&hellip;]\" \/>\n<meta property=\"og:url\" content=\"https:\/\/www.ayadvogados.com.br\/?p=1470\" \/>\n<meta property=\"og:site_name\" content=\"Amaral, Yazbek Advogados\" \/>\n<meta property=\"article:publisher\" content=\"https:\/\/www.facebook.com\/AYadvogados\" \/>\n<meta property=\"article:published_time\" content=\"2021-08-30T18:01:58+00:00\" \/>\n<meta property=\"article:modified_time\" content=\"2021-08-30T18:03:57+00:00\" \/>\n<meta property=\"og:image\" content=\"https:\/\/www.ayadvogados.com.br\/wp-content\/uploads\/2021\/08\/Blog-15.png\" \/>\n\t<meta property=\"og:image:width\" content=\"1000\" \/>\n\t<meta property=\"og:image:height\" content=\"620\" \/>\n\t<meta property=\"og:image:type\" content=\"image\/png\" \/>\n<meta name=\"author\" content=\"AY Advogados\" \/>\n<meta name=\"twitter:card\" content=\"summary_large_image\" \/>\n<meta name=\"twitter:label1\" content=\"Escrito por\" \/>\n\t<meta name=\"twitter:data1\" content=\"AY Advogados\" \/>\n\t<meta name=\"twitter:label2\" content=\"Est. tempo de leitura\" \/>\n\t<meta name=\"twitter:data2\" content=\"7 minutos\" \/>\n<script type=\"application\/ld+json\" class=\"yoast-schema-graph\">{\"@context\":\"https:\\\/\\\/schema.org\",\"@graph\":[{\"@type\":\"Article\",\"@id\":\"https:\\\/\\\/www.ayadvogados.com.br\\\/?p=1470#article\",\"isPartOf\":{\"@id\":\"https:\\\/\\\/www.ayadvogados.com.br\\\/?p=1470\"},\"author\":{\"name\":\"AY Advogados\",\"@id\":\"https:\\\/\\\/www.ayadvogados.com.br\\\/#\\\/schema\\\/person\\\/4abfbf03ad3e577e691d333af064a912\"},\"headline\":\"Contribuinte perde no Supremo e STJ teses de tributo sobre tributo\",\"datePublished\":\"2021-08-30T18:01:58+00:00\",\"dateModified\":\"2021-08-30T18:03:57+00:00\",\"mainEntityOfPage\":{\"@id\":\"https:\\\/\\\/www.ayadvogados.com.br\\\/?p=1470\"},\"wordCount\":1399,\"commentCount\":0,\"publisher\":{\"@id\":\"https:\\\/\\\/www.ayadvogados.com.br\\\/#organization\"},\"image\":{\"@id\":\"https:\\\/\\\/www.ayadvogados.com.br\\\/?p=1470#primaryimage\"},\"thumbnailUrl\":\"https:\\\/\\\/www.ayadvogados.com.br\\\/wp-content\\\/uploads\\\/2021\\\/08\\\/Blog-15.png\",\"keywords\":[\"amaral yazbek\",\"Revista Governan\u00e7a Jur\u00eddica\"],\"articleSection\":[\"Not\u00edcia do Dia\"],\"inLanguage\":\"pt-BR\",\"potentialAction\":[{\"@type\":\"CommentAction\",\"name\":\"Comment\",\"target\":[\"https:\\\/\\\/www.ayadvogados.com.br\\\/?p=1470#respond\"]}]},{\"@type\":\"WebPage\",\"@id\":\"https:\\\/\\\/www.ayadvogados.com.br\\\/?p=1470\",\"url\":\"https:\\\/\\\/www.ayadvogados.com.br\\\/?p=1470\",\"name\":\"Contribuinte perde no Supremo e STJ teses de tributo sobre tributo - Amaral, Yazbek Advogados\",\"isPartOf\":{\"@id\":\"https:\\\/\\\/www.ayadvogados.com.br\\\/#website\"},\"primaryImageOfPage\":{\"@id\":\"https:\\\/\\\/www.ayadvogados.com.br\\\/?p=1470#primaryimage\"},\"image\":{\"@id\":\"https:\\\/\\\/www.ayadvogados.com.br\\\/?p=1470#primaryimage\"},\"thumbnailUrl\":\"https:\\\/\\\/www.ayadvogados.com.br\\\/wp-content\\\/uploads\\\/2021\\\/08\\\/Blog-15.png\",\"datePublished\":\"2021-08-30T18:01:58+00:00\",\"dateModified\":\"2021-08-30T18:03:57+00:00\",\"breadcrumb\":{\"@id\":\"https:\\\/\\\/www.ayadvogados.com.br\\\/?p=1470#breadcrumb\"},\"inLanguage\":\"pt-BR\",\"potentialAction\":[{\"@type\":\"ReadAction\",\"target\":[\"https:\\\/\\\/www.ayadvogados.com.br\\\/?p=1470\"]}]},{\"@type\":\"ImageObject\",\"inLanguage\":\"pt-BR\",\"@id\":\"https:\\\/\\\/www.ayadvogados.com.br\\\/?p=1470#primaryimage\",\"url\":\"https:\\\/\\\/www.ayadvogados.com.br\\\/wp-content\\\/uploads\\\/2021\\\/08\\\/Blog-15.png\",\"contentUrl\":\"https:\\\/\\\/www.ayadvogados.com.br\\\/wp-content\\\/uploads\\\/2021\\\/08\\\/Blog-15.png\",\"width\":1000,\"height\":620},{\"@type\":\"BreadcrumbList\",\"@id\":\"https:\\\/\\\/www.ayadvogados.com.br\\\/?p=1470#breadcrumb\",\"itemListElement\":[{\"@type\":\"ListItem\",\"position\":1,\"name\":\"In\u00edcio\",\"item\":\"https:\\\/\\\/www.ayadvogados.com.br\\\/\"},{\"@type\":\"ListItem\",\"position\":2,\"name\":\"Contribuinte perde no Supremo e STJ teses de tributo sobre tributo\"}]},{\"@type\":\"WebSite\",\"@id\":\"https:\\\/\\\/www.ayadvogados.com.br\\\/#website\",\"url\":\"https:\\\/\\\/www.ayadvogados.com.br\\\/\",\"name\":\"Amaral, Yazbek Advogados\",\"description\":\"Curitiba \u2022 Bras\u00edlia \u2022 S\u00e3o Paulo\",\"publisher\":{\"@id\":\"https:\\\/\\\/www.ayadvogados.com.br\\\/#organization\"},\"potentialAction\":[{\"@type\":\"SearchAction\",\"target\":{\"@type\":\"EntryPoint\",\"urlTemplate\":\"https:\\\/\\\/www.ayadvogados.com.br\\\/?s={search_term_string}\"},\"query-input\":{\"@type\":\"PropertyValueSpecification\",\"valueRequired\":true,\"valueName\":\"search_term_string\"}}],\"inLanguage\":\"pt-BR\"},{\"@type\":\"Organization\",\"@id\":\"https:\\\/\\\/www.ayadvogados.com.br\\\/#organization\",\"name\":\"Amaral, Yazbek Advogados\",\"url\":\"https:\\\/\\\/www.ayadvogados.com.br\\\/\",\"logo\":{\"@type\":\"ImageObject\",\"inLanguage\":\"pt-BR\",\"@id\":\"https:\\\/\\\/www.ayadvogados.com.br\\\/#\\\/schema\\\/logo\\\/image\\\/\",\"url\":\"http:\\\/\\\/34.239.117.254\\\/wp-content\\\/uploads\\\/2021\\\/03\\\/logo-ay-g.png\",\"contentUrl\":\"http:\\\/\\\/34.239.117.254\\\/wp-content\\\/uploads\\\/2021\\\/03\\\/logo-ay-g.png\",\"width\":434,\"height\":106,\"caption\":\"Amaral, Yazbek Advogados\"},\"image\":{\"@id\":\"https:\\\/\\\/www.ayadvogados.com.br\\\/#\\\/schema\\\/logo\\\/image\\\/\"},\"sameAs\":[\"https:\\\/\\\/www.facebook.com\\\/AYadvogados\",\"https:\\\/\\\/www.instagram.com\\\/ayadvogados\\\/\"]},{\"@type\":\"Person\",\"@id\":\"https:\\\/\\\/www.ayadvogados.com.br\\\/#\\\/schema\\\/person\\\/4abfbf03ad3e577e691d333af064a912\",\"name\":\"AY Advogados\",\"image\":{\"@type\":\"ImageObject\",\"inLanguage\":\"pt-BR\",\"@id\":\"https:\\\/\\\/secure.gravatar.com\\\/avatar\\\/1473912b851241f5503026e6156e144dcd83ff7addb67f65e1ed9ca21ee1d9cf?s=96&d=mm&r=g\",\"url\":\"https:\\\/\\\/secure.gravatar.com\\\/avatar\\\/1473912b851241f5503026e6156e144dcd83ff7addb67f65e1ed9ca21ee1d9cf?s=96&d=mm&r=g\",\"contentUrl\":\"https:\\\/\\\/secure.gravatar.com\\\/avatar\\\/1473912b851241f5503026e6156e144dcd83ff7addb67f65e1ed9ca21ee1d9cf?s=96&d=mm&r=g\",\"caption\":\"AY Advogados\"},\"sameAs\":[\"https:\\\/\\\/ayadvogados.com.br\"],\"url\":\"https:\\\/\\\/www.ayadvogados.com.br\\\/?author=2\"}]}<\/script>\n<!-- \/ Yoast SEO plugin. -->","yoast_head_json":{"title":"Contribuinte perde no Supremo e STJ teses de tributo sobre tributo - Amaral, Yazbek Advogados","robots":{"index":"index","follow":"follow","max-snippet":"max-snippet:-1","max-image-preview":"max-image-preview:large","max-video-preview":"max-video-preview:-1"},"canonical":"https:\/\/www.ayadvogados.com.br\/?p=1470","og_locale":"pt_BR","og_type":"article","og_title":"Contribuinte perde no Supremo e STJ teses de tributo sobre tributo - Amaral, Yazbek Advogados","og_description":"O julgamento da exclus\u00e3o do ICMS do c\u00e1lculo do PIS e da Cofins &#8211; \u201ca tese do s\u00e9culo\u201d &#8211; pode ter sido a \u00fanica vit\u00f3ria dos contribuintes nas discuss\u00f5es que envolvem tributo sobre tributo. Ministros do Supremo Tribunal Federal (STF) e do Superior Tribunal de Justi\u00e7a (STJ) n\u00e3o est\u00e3o usando o caso como precedente e [&hellip;]","og_url":"https:\/\/www.ayadvogados.com.br\/?p=1470","og_site_name":"Amaral, Yazbek Advogados","article_publisher":"https:\/\/www.facebook.com\/AYadvogados","article_published_time":"2021-08-30T18:01:58+00:00","article_modified_time":"2021-08-30T18:03:57+00:00","og_image":[{"width":1000,"height":620,"url":"https:\/\/www.ayadvogados.com.br\/wp-content\/uploads\/2021\/08\/Blog-15.png","type":"image\/png"}],"author":"AY Advogados","twitter_card":"summary_large_image","twitter_misc":{"Escrito por":"AY Advogados","Est. tempo de leitura":"7 minutos"},"schema":{"@context":"https:\/\/schema.org","@graph":[{"@type":"Article","@id":"https:\/\/www.ayadvogados.com.br\/?p=1470#article","isPartOf":{"@id":"https:\/\/www.ayadvogados.com.br\/?p=1470"},"author":{"name":"AY Advogados","@id":"https:\/\/www.ayadvogados.com.br\/#\/schema\/person\/4abfbf03ad3e577e691d333af064a912"},"headline":"Contribuinte perde no Supremo e STJ teses de tributo sobre tributo","datePublished":"2021-08-30T18:01:58+00:00","dateModified":"2021-08-30T18:03:57+00:00","mainEntityOfPage":{"@id":"https:\/\/www.ayadvogados.com.br\/?p=1470"},"wordCount":1399,"commentCount":0,"publisher":{"@id":"https:\/\/www.ayadvogados.com.br\/#organization"},"image":{"@id":"https:\/\/www.ayadvogados.com.br\/?p=1470#primaryimage"},"thumbnailUrl":"https:\/\/www.ayadvogados.com.br\/wp-content\/uploads\/2021\/08\/Blog-15.png","keywords":["amaral yazbek","Revista Governan\u00e7a Jur\u00eddica"],"articleSection":["Not\u00edcia do Dia"],"inLanguage":"pt-BR","potentialAction":[{"@type":"CommentAction","name":"Comment","target":["https:\/\/www.ayadvogados.com.br\/?p=1470#respond"]}]},{"@type":"WebPage","@id":"https:\/\/www.ayadvogados.com.br\/?p=1470","url":"https:\/\/www.ayadvogados.com.br\/?p=1470","name":"Contribuinte perde no Supremo e STJ teses de tributo sobre tributo - Amaral, Yazbek Advogados","isPartOf":{"@id":"https:\/\/www.ayadvogados.com.br\/#website"},"primaryImageOfPage":{"@id":"https:\/\/www.ayadvogados.com.br\/?p=1470#primaryimage"},"image":{"@id":"https:\/\/www.ayadvogados.com.br\/?p=1470#primaryimage"},"thumbnailUrl":"https:\/\/www.ayadvogados.com.br\/wp-content\/uploads\/2021\/08\/Blog-15.png","datePublished":"2021-08-30T18:01:58+00:00","dateModified":"2021-08-30T18:03:57+00:00","breadcrumb":{"@id":"https:\/\/www.ayadvogados.com.br\/?p=1470#breadcrumb"},"inLanguage":"pt-BR","potentialAction":[{"@type":"ReadAction","target":["https:\/\/www.ayadvogados.com.br\/?p=1470"]}]},{"@type":"ImageObject","inLanguage":"pt-BR","@id":"https:\/\/www.ayadvogados.com.br\/?p=1470#primaryimage","url":"https:\/\/www.ayadvogados.com.br\/wp-content\/uploads\/2021\/08\/Blog-15.png","contentUrl":"https:\/\/www.ayadvogados.com.br\/wp-content\/uploads\/2021\/08\/Blog-15.png","width":1000,"height":620},{"@type":"BreadcrumbList","@id":"https:\/\/www.ayadvogados.com.br\/?p=1470#breadcrumb","itemListElement":[{"@type":"ListItem","position":1,"name":"In\u00edcio","item":"https:\/\/www.ayadvogados.com.br\/"},{"@type":"ListItem","position":2,"name":"Contribuinte perde no Supremo e STJ teses de tributo sobre tributo"}]},{"@type":"WebSite","@id":"https:\/\/www.ayadvogados.com.br\/#website","url":"https:\/\/www.ayadvogados.com.br\/","name":"Amaral, Yazbek Advogados","description":"Curitiba \u2022 Bras\u00edlia \u2022 S\u00e3o Paulo","publisher":{"@id":"https:\/\/www.ayadvogados.com.br\/#organization"},"potentialAction":[{"@type":"SearchAction","target":{"@type":"EntryPoint","urlTemplate":"https:\/\/www.ayadvogados.com.br\/?s={search_term_string}"},"query-input":{"@type":"PropertyValueSpecification","valueRequired":true,"valueName":"search_term_string"}}],"inLanguage":"pt-BR"},{"@type":"Organization","@id":"https:\/\/www.ayadvogados.com.br\/#organization","name":"Amaral, Yazbek Advogados","url":"https:\/\/www.ayadvogados.com.br\/","logo":{"@type":"ImageObject","inLanguage":"pt-BR","@id":"https:\/\/www.ayadvogados.com.br\/#\/schema\/logo\/image\/","url":"http:\/\/34.239.117.254\/wp-content\/uploads\/2021\/03\/logo-ay-g.png","contentUrl":"http:\/\/34.239.117.254\/wp-content\/uploads\/2021\/03\/logo-ay-g.png","width":434,"height":106,"caption":"Amaral, Yazbek Advogados"},"image":{"@id":"https:\/\/www.ayadvogados.com.br\/#\/schema\/logo\/image\/"},"sameAs":["https:\/\/www.facebook.com\/AYadvogados","https:\/\/www.instagram.com\/ayadvogados\/"]},{"@type":"Person","@id":"https:\/\/www.ayadvogados.com.br\/#\/schema\/person\/4abfbf03ad3e577e691d333af064a912","name":"AY Advogados","image":{"@type":"ImageObject","inLanguage":"pt-BR","@id":"https:\/\/secure.gravatar.com\/avatar\/1473912b851241f5503026e6156e144dcd83ff7addb67f65e1ed9ca21ee1d9cf?s=96&d=mm&r=g","url":"https:\/\/secure.gravatar.com\/avatar\/1473912b851241f5503026e6156e144dcd83ff7addb67f65e1ed9ca21ee1d9cf?s=96&d=mm&r=g","contentUrl":"https:\/\/secure.gravatar.com\/avatar\/1473912b851241f5503026e6156e144dcd83ff7addb67f65e1ed9ca21ee1d9cf?s=96&d=mm&r=g","caption":"AY Advogados"},"sameAs":["https:\/\/ayadvogados.com.br"],"url":"https:\/\/www.ayadvogados.com.br\/?author=2"}]}},"rttpg_featured_image_url":{"full":["https:\/\/www.ayadvogados.com.br\/wp-content\/uploads\/2021\/08\/Blog-15.png",1000,620,false],"landscape":["https:\/\/www.ayadvogados.com.br\/wp-content\/uploads\/2021\/08\/Blog-15.png",1000,620,false],"portraits":["https:\/\/www.ayadvogados.com.br\/wp-content\/uploads\/2021\/08\/Blog-15.png",1000,620,false],"thumbnail":["https:\/\/www.ayadvogados.com.br\/wp-content\/uploads\/2021\/08\/Blog-15-150x150.png",150,150,true],"medium":["https:\/\/www.ayadvogados.com.br\/wp-content\/uploads\/2021\/08\/Blog-15-300x186.png",300,186,true],"large":["https:\/\/www.ayadvogados.com.br\/wp-content\/uploads\/2021\/08\/Blog-15.png",1000,620,false],"1536x1536":["https:\/\/www.ayadvogados.com.br\/wp-content\/uploads\/2021\/08\/Blog-15.png",1000,620,false],"2048x2048":["https:\/\/www.ayadvogados.com.br\/wp-content\/uploads\/2021\/08\/Blog-15.png",1000,620,false]},"rttpg_author":{"display_name":"AY Advogados","author_link":"https:\/\/www.ayadvogados.com.br\/?author=2"},"rttpg_comment":0,"rttpg_category":"<a href=\"https:\/\/www.ayadvogados.com.br\/?cat=1\" rel=\"category\">Not\u00edcia do Dia<\/a>","rttpg_excerpt":"O julgamento da exclus\u00e3o do ICMS do c\u00e1lculo do PIS e da Cofins &#8211; \u201ca tese do s\u00e9culo\u201d &#8211; pode ter sido a \u00fanica vit\u00f3ria dos contribuintes nas discuss\u00f5es que envolvem tributo sobre tributo. Ministros do Supremo Tribunal Federal (STF) e do Superior Tribunal de Justi\u00e7a (STJ) n\u00e3o est\u00e3o usando o caso como precedente e&hellip;","_links":{"self":[{"href":"https:\/\/www.ayadvogados.com.br\/index.php?rest_route=\/wp\/v2\/posts\/1470","targetHints":{"allow":["GET"]}}],"collection":[{"href":"https:\/\/www.ayadvogados.com.br\/index.php?rest_route=\/wp\/v2\/posts"}],"about":[{"href":"https:\/\/www.ayadvogados.com.br\/index.php?rest_route=\/wp\/v2\/types\/post"}],"author":[{"embeddable":true,"href":"https:\/\/www.ayadvogados.com.br\/index.php?rest_route=\/wp\/v2\/users\/2"}],"replies":[{"embeddable":true,"href":"https:\/\/www.ayadvogados.com.br\/index.php?rest_route=%2Fwp%2Fv2%2Fcomments&post=1470"}],"version-history":[{"count":2,"href":"https:\/\/www.ayadvogados.com.br\/index.php?rest_route=\/wp\/v2\/posts\/1470\/revisions"}],"predecessor-version":[{"id":1473,"href":"https:\/\/www.ayadvogados.com.br\/index.php?rest_route=\/wp\/v2\/posts\/1470\/revisions\/1473"}],"wp:featuredmedia":[{"embeddable":true,"href":"https:\/\/www.ayadvogados.com.br\/index.php?rest_route=\/wp\/v2\/media\/1471"}],"wp:attachment":[{"href":"https:\/\/www.ayadvogados.com.br\/index.php?rest_route=%2Fwp%2Fv2%2Fmedia&parent=1470"}],"wp:term":[{"taxonomy":"category","embeddable":true,"href":"https:\/\/www.ayadvogados.com.br\/index.php?rest_route=%2Fwp%2Fv2%2Fcategories&post=1470"},{"taxonomy":"post_tag","embeddable":true,"href":"https:\/\/www.ayadvogados.com.br\/index.php?rest_route=%2Fwp%2Fv2%2Ftags&post=1470"}],"curies":[{"name":"wp","href":"https:\/\/api.w.org\/{rel}","templated":true}]}}