{"id":1463,"date":"2021-08-25T15:39:40","date_gmt":"2021-08-25T18:39:40","guid":{"rendered":"http:\/\/34.239.117.254\/?p=1463"},"modified":"2021-08-25T15:39:40","modified_gmt":"2021-08-25T18:39:40","slug":"receita-quer-reduzir-creditos-de-pis-e-cofins","status":"publish","type":"post","link":"https:\/\/www.ayadvogados.com.br\/?p=1463","title":{"rendered":"Receita quer reduzir cr\u00e9ditos de PIS e Cofins"},"content":{"rendered":"\n<p>A Receita Federal busca o respaldo da Procuradoria-Geral da Fazenda Nacional (PGFN) para reduzir o valor dos cr\u00e9ditos de PIS e Cofins gerados com a aquisi\u00e7\u00e3o de bens e insumos. O entendimento \u00e9 de que os contribuintes devem contabilizar esses cr\u00e9ditos usando o mesmo crit\u00e9rio de c\u00e1lculo dos pagamentos \u00e0 Uni\u00e3o &#8211; ou seja, sem o ICMS embutido.&nbsp;<\/p>\n\n\n\n<p>Trata-se de um desdobramento da chamada \u201ctese do s\u00e9culo\u201d, conclu\u00edda no m\u00eas de maio pelo Supremo Tribunal Federal (STF). S\u00f3 que aqui o efeito \u00e9 ruim para as empresas: sem o ICMS, o valor do cr\u00e9dito diminui e a conta a pagar ao governo aumenta.<\/p>\n\n\n\n<p>A posi\u00e7\u00e3o da Receita Federal consta em um parecer da Coordena\u00e7\u00e3o-Geral de Tributa\u00e7\u00e3o (Cosit). \u00c9 um documento interno. Ganhou notoriedade, entre advogados, porque foi juntado em um processo que tramita no Tribunal Regional Federal (TRF) da 3\u00aa Regi\u00e3o, com sede em S\u00e3o Paulo, no dia 13 &#8211; menos de 24 horas depois de o STF ter publicado o ac\u00f3rd\u00e3o da \u201ctese do s\u00e9culo\u201d (processo n\u00ba 5000538- 78.2017.4.03.6110).&nbsp;<\/p>\n\n\n\n<p>A Receita Federal afirma, nesse parecer, que o est\u00e1 enviando para a PGFN em forma de \u201cconsulta\u201d. Solicita que os procuradores fa\u00e7am a \u201cratifica\u00e7\u00e3o ou retifica\u00e7\u00e3o\u201d do entendimento<\/p>\n\n\n\n<p>\u201cSe for admitida a manuten\u00e7\u00e3o do ICMS no valor de aquisi\u00e7\u00e3o de bens que d\u00e3o direito a cr\u00e9dito, haver\u00e1 um completo desvirtuamento da n\u00e3o cumulatividade da contribui\u00e7\u00e3o para o PIS e a Cofins, esvaziando a arrecada\u00e7\u00e3o\u201d, diz no texto.<\/p>\n\n\n\n<p>&nbsp;Consta ainda, nesse parecer, que \u201cem situa\u00e7\u00e3o limite, considerando as margens de agrega\u00e7\u00e3o na cadeia de produ\u00e7\u00e3o e comercializa\u00e7\u00e3o de determinado produto, \u00e9 poss\u00edvel chegar-se a saldo l\u00edquido negativo\u201d. E, nesse caso, frisa, o contribuinte teria valores a receber e n\u00e3o a pagar, o que faria com a Uni\u00e3o subsidiasse a atividade econ\u00f4mica com valores retirados da seguridade social. A tomada de cr\u00e9dito faz parte da apura\u00e7\u00e3o das contribui\u00e7\u00f5es sociais para quem est\u00e1 no regime n\u00e3o cumulativo &#8211; praticamente todas as grandes empresas. A al\u00edquota de PIS e Cofins, nesses casos, \u00e9 de 9,25%.<\/p>\n\n\n\n<p>A tomada de cr\u00e9dito faz parte da apura\u00e7\u00e3o das contribui\u00e7\u00f5es sociais para quem est\u00e1 no regime n\u00e3o cumulativo &#8211; praticamente todas as grandes empresas. A al\u00edquota de PIS e Cofins, nesses casos, \u00e9 de 9,25%.<\/p>\n\n\n\n<p>O STF decidiu, em maio, que a parcela do ICMS que consta na nota de sa\u00edda &#8211; na venda dos produtos, portanto &#8211; deve ser retirada do c\u00e1lculo do PIS e da Cofins. Os ministros consideraram que o imposto estadual n\u00e3o pode ser classificado como receita ou faturamento, que \u00e9 a base de incid\u00eancia das contribui\u00e7\u00f5es.&nbsp;<\/p>\n\n\n\n<p>O advogado Matheus Bueno, s\u00f3cio do Bueno &amp; Castro Tax Lawyers, chama a aten\u00e7\u00e3o, al\u00e9m disso, que o Supremo Tribunal Federal n\u00e3o tratou dessa quest\u00e3o ao decidir sobre a \u201ctese do s\u00e9culo\u201d. \u201cSe est\u00e1 inaugurando um outro contencioso igualmente complexo e valioso\u201d, afirma. A conduta da Receita Federal, por\u00e9m, n\u00e3o causa surpre sa no mercado. Pelo menos duas empresas foram cobradas por valores que teriam deixado de recolher aos cofres p\u00fablicos nos \u00faltimos cinco anos.<\/p>\n\n\n\n<p>Fonte: <a href=\"https:\/\/valor.globo.com\/legislacao\/noticia\/2021\/08\/23\/contribuintes-obtem-liminares-contra-cobrancas-retroativas-de-iss.ghtml#\">Valo<\/a><\/p>\n\n\n\n<p><a href=\"https:\/\/valor.globo.com\/legislacao\/noticia\/2021\/08\/23\/contribuintes-obtem-liminares-contra-cobrancas-retroativas-de-iss.ghtml#\">r<\/a><\/p>\n\n\n\n<p>Quer estar sempre atualizado sobre as novidades no setor tribut\u00e1rio?&nbsp;<\/p>\n\n\n\n<p>Siga a Amaral, Yazbek nas redes sociais:<\/p>\n\n\n\n<p>\ud83d\udc49Facebook: https:\/\/www.facebook.com\/AYadvogados\u200b<\/p>\n\n\n\n<p>\ud83d\udc49Instagram: https:\/\/www.instagram.com\/amaral.yazbek\u200b<\/p>\n\n\n\n<p>\ud83d\udc49Linkedin: <a href=\"https:\/\/www.linkedin.com\/company\/amaral-yazbek-advogados\/\">https:\/\/www.linkedin.com\/company\/amaral-yazbek-advogados\/<\/a><\/p>\n\n\n\n<p>\ud83c\udf81 Queremos te oferecer um presente! Preparamos a 10\u00aa edi\u00e7\u00e3o da revista Governan\u00e7a Jur\u00eddica dando dicas de ordem tribut\u00e1ria para que os empres\u00e1rios, independentemente do porte do seu neg\u00f3cio, possam reduzir os seus custos no per\u00edodo dif\u00edcil em que estamos vivendo.&nbsp;<\/p>\n\n\n\n<p>\ud83d\udc49Baixe gratuitamente: <a href=\"http:\/\/ayadvogados.com.br\/revista\/\">http:\/\/ayadvogados.com.br\/revista\/<\/a><\/p>\n\n\n\n<p>A Amaral, Yazbek, Advogados, OAB-PR 762, atua com excel\u00eancia no setor tribut\u00e1rio h\u00e1 35 anos, auxiliando empresas a transformarem a tributa\u00e7\u00e3o em lucro.<\/p>\n\n\n\n<p>#amaralyazbek #atualidadesjuridicas #retrospectotribut\u00e1rio #empresas #business #reformatribut\u00e1ria<\/p>\n","protected":false},"excerpt":{"rendered":"<p>A Receita Federal busca o respaldo da Procuradoria-Geral da Fazenda Nacional (PGFN) para reduzir o valor dos cr\u00e9ditos de PIS e Cofins gerados com a aquisi\u00e7\u00e3o de bens e insumos. O entendimento \u00e9 de que os contribuintes devem contabilizar esses cr\u00e9ditos usando o mesmo crit\u00e9rio de c\u00e1lculo dos pagamentos \u00e0 Uni\u00e3o &#8211; ou seja, sem [&hellip;]<\/p>\n","protected":false},"author":2,"featured_media":1464,"comment_status":"open","ping_status":"open","sticky":false,"template":"","format":"standard","meta":{"footnotes":""},"categories":[1],"tags":[],"class_list":["post-1463","post","type-post","status-publish","format-standard","has-post-thumbnail","hentry","category-noticia-do-dia"],"blocksy_meta":{"styles_descriptor":{"styles":{"desktop":"","tablet":"","mobile":""},"google_fonts":[],"version":6}},"yoast_head":"<!-- This site is optimized with the Yoast SEO plugin v27.5 - https:\/\/yoast.com\/product\/yoast-seo-wordpress\/ -->\n<title>Receita quer reduzir cr\u00e9ditos de PIS e Cofins - Amaral, Yazbek Advogados<\/title>\n<meta name=\"robots\" content=\"index, follow, max-snippet:-1, max-image-preview:large, max-video-preview:-1\" \/>\n<link rel=\"canonical\" href=\"https:\/\/www.ayadvogados.com.br\/?p=1463\" \/>\n<meta property=\"og:locale\" content=\"pt_BR\" \/>\n<meta property=\"og:type\" content=\"article\" \/>\n<meta property=\"og:title\" content=\"Receita quer reduzir cr\u00e9ditos de PIS e Cofins - Amaral, Yazbek Advogados\" \/>\n<meta property=\"og:description\" content=\"A Receita Federal busca o respaldo da Procuradoria-Geral da Fazenda Nacional (PGFN) para reduzir o valor dos cr\u00e9ditos de PIS e Cofins gerados com a aquisi\u00e7\u00e3o de bens e insumos. O entendimento \u00e9 de que os contribuintes devem contabilizar esses cr\u00e9ditos usando o mesmo crit\u00e9rio de c\u00e1lculo dos pagamentos \u00e0 Uni\u00e3o &#8211; ou seja, sem [&hellip;]\" \/>\n<meta property=\"og:url\" content=\"https:\/\/www.ayadvogados.com.br\/?p=1463\" \/>\n<meta property=\"og:site_name\" content=\"Amaral, Yazbek Advogados\" \/>\n<meta property=\"article:publisher\" content=\"https:\/\/www.facebook.com\/AYadvogados\" \/>\n<meta property=\"article:published_time\" content=\"2021-08-25T18:39:40+00:00\" \/>\n<meta property=\"og:image\" content=\"https:\/\/www.ayadvogados.com.br\/wp-content\/uploads\/2021\/08\/Blog-14.png\" \/>\n\t<meta property=\"og:image:width\" content=\"1000\" \/>\n\t<meta property=\"og:image:height\" content=\"620\" \/>\n\t<meta property=\"og:image:type\" content=\"image\/png\" \/>\n<meta name=\"author\" content=\"AY Advogados\" \/>\n<meta name=\"twitter:card\" content=\"summary_large_image\" \/>\n<meta name=\"twitter:label1\" content=\"Escrito por\" \/>\n\t<meta name=\"twitter:data1\" content=\"AY Advogados\" \/>\n\t<meta name=\"twitter:label2\" content=\"Est. tempo de leitura\" \/>\n\t<meta name=\"twitter:data2\" content=\"3 minutos\" \/>\n<script type=\"application\/ld+json\" class=\"yoast-schema-graph\">{\"@context\":\"https:\\\/\\\/schema.org\",\"@graph\":[{\"@type\":\"Article\",\"@id\":\"https:\\\/\\\/www.ayadvogados.com.br\\\/?p=1463#article\",\"isPartOf\":{\"@id\":\"https:\\\/\\\/www.ayadvogados.com.br\\\/?p=1463\"},\"author\":{\"name\":\"AY Advogados\",\"@id\":\"https:\\\/\\\/www.ayadvogados.com.br\\\/#\\\/schema\\\/person\\\/4abfbf03ad3e577e691d333af064a912\"},\"headline\":\"Receita quer reduzir cr\u00e9ditos de PIS e Cofins\",\"datePublished\":\"2021-08-25T18:39:40+00:00\",\"mainEntityOfPage\":{\"@id\":\"https:\\\/\\\/www.ayadvogados.com.br\\\/?p=1463\"},\"wordCount\":686,\"commentCount\":0,\"publisher\":{\"@id\":\"https:\\\/\\\/www.ayadvogados.com.br\\\/#organization\"},\"image\":{\"@id\":\"https:\\\/\\\/www.ayadvogados.com.br\\\/?p=1463#primaryimage\"},\"thumbnailUrl\":\"https:\\\/\\\/www.ayadvogados.com.br\\\/wp-content\\\/uploads\\\/2021\\\/08\\\/Blog-14.png\",\"articleSection\":[\"Not\u00edcia do Dia\"],\"inLanguage\":\"pt-BR\",\"potentialAction\":[{\"@type\":\"CommentAction\",\"name\":\"Comment\",\"target\":[\"https:\\\/\\\/www.ayadvogados.com.br\\\/?p=1463#respond\"]}]},{\"@type\":\"WebPage\",\"@id\":\"https:\\\/\\\/www.ayadvogados.com.br\\\/?p=1463\",\"url\":\"https:\\\/\\\/www.ayadvogados.com.br\\\/?p=1463\",\"name\":\"Receita quer reduzir cr\u00e9ditos de PIS e Cofins - Amaral, Yazbek Advogados\",\"isPartOf\":{\"@id\":\"https:\\\/\\\/www.ayadvogados.com.br\\\/#website\"},\"primaryImageOfPage\":{\"@id\":\"https:\\\/\\\/www.ayadvogados.com.br\\\/?p=1463#primaryimage\"},\"image\":{\"@id\":\"https:\\\/\\\/www.ayadvogados.com.br\\\/?p=1463#primaryimage\"},\"thumbnailUrl\":\"https:\\\/\\\/www.ayadvogados.com.br\\\/wp-content\\\/uploads\\\/2021\\\/08\\\/Blog-14.png\",\"datePublished\":\"2021-08-25T18:39:40+00:00\",\"breadcrumb\":{\"@id\":\"https:\\\/\\\/www.ayadvogados.com.br\\\/?p=1463#breadcrumb\"},\"inLanguage\":\"pt-BR\",\"potentialAction\":[{\"@type\":\"ReadAction\",\"target\":[\"https:\\\/\\\/www.ayadvogados.com.br\\\/?p=1463\"]}]},{\"@type\":\"ImageObject\",\"inLanguage\":\"pt-BR\",\"@id\":\"https:\\\/\\\/www.ayadvogados.com.br\\\/?p=1463#primaryimage\",\"url\":\"https:\\\/\\\/www.ayadvogados.com.br\\\/wp-content\\\/uploads\\\/2021\\\/08\\\/Blog-14.png\",\"contentUrl\":\"https:\\\/\\\/www.ayadvogados.com.br\\\/wp-content\\\/uploads\\\/2021\\\/08\\\/Blog-14.png\",\"width\":1000,\"height\":620},{\"@type\":\"BreadcrumbList\",\"@id\":\"https:\\\/\\\/www.ayadvogados.com.br\\\/?p=1463#breadcrumb\",\"itemListElement\":[{\"@type\":\"ListItem\",\"position\":1,\"name\":\"In\u00edcio\",\"item\":\"https:\\\/\\\/www.ayadvogados.com.br\\\/\"},{\"@type\":\"ListItem\",\"position\":2,\"name\":\"Receita quer reduzir cr\u00e9ditos de PIS e Cofins\"}]},{\"@type\":\"WebSite\",\"@id\":\"https:\\\/\\\/www.ayadvogados.com.br\\\/#website\",\"url\":\"https:\\\/\\\/www.ayadvogados.com.br\\\/\",\"name\":\"Amaral, Yazbek Advogados\",\"description\":\"Curitiba \u2022 Bras\u00edlia \u2022 S\u00e3o Paulo\",\"publisher\":{\"@id\":\"https:\\\/\\\/www.ayadvogados.com.br\\\/#organization\"},\"potentialAction\":[{\"@type\":\"SearchAction\",\"target\":{\"@type\":\"EntryPoint\",\"urlTemplate\":\"https:\\\/\\\/www.ayadvogados.com.br\\\/?s={search_term_string}\"},\"query-input\":{\"@type\":\"PropertyValueSpecification\",\"valueRequired\":true,\"valueName\":\"search_term_string\"}}],\"inLanguage\":\"pt-BR\"},{\"@type\":\"Organization\",\"@id\":\"https:\\\/\\\/www.ayadvogados.com.br\\\/#organization\",\"name\":\"Amaral, Yazbek Advogados\",\"url\":\"https:\\\/\\\/www.ayadvogados.com.br\\\/\",\"logo\":{\"@type\":\"ImageObject\",\"inLanguage\":\"pt-BR\",\"@id\":\"https:\\\/\\\/www.ayadvogados.com.br\\\/#\\\/schema\\\/logo\\\/image\\\/\",\"url\":\"http:\\\/\\\/34.239.117.254\\\/wp-content\\\/uploads\\\/2021\\\/03\\\/logo-ay-g.png\",\"contentUrl\":\"http:\\\/\\\/34.239.117.254\\\/wp-content\\\/uploads\\\/2021\\\/03\\\/logo-ay-g.png\",\"width\":434,\"height\":106,\"caption\":\"Amaral, Yazbek Advogados\"},\"image\":{\"@id\":\"https:\\\/\\\/www.ayadvogados.com.br\\\/#\\\/schema\\\/logo\\\/image\\\/\"},\"sameAs\":[\"https:\\\/\\\/www.facebook.com\\\/AYadvogados\",\"https:\\\/\\\/www.instagram.com\\\/ayadvogados\\\/\"]},{\"@type\":\"Person\",\"@id\":\"https:\\\/\\\/www.ayadvogados.com.br\\\/#\\\/schema\\\/person\\\/4abfbf03ad3e577e691d333af064a912\",\"name\":\"AY Advogados\",\"image\":{\"@type\":\"ImageObject\",\"inLanguage\":\"pt-BR\",\"@id\":\"https:\\\/\\\/secure.gravatar.com\\\/avatar\\\/1473912b851241f5503026e6156e144dcd83ff7addb67f65e1ed9ca21ee1d9cf?s=96&d=mm&r=g\",\"url\":\"https:\\\/\\\/secure.gravatar.com\\\/avatar\\\/1473912b851241f5503026e6156e144dcd83ff7addb67f65e1ed9ca21ee1d9cf?s=96&d=mm&r=g\",\"contentUrl\":\"https:\\\/\\\/secure.gravatar.com\\\/avatar\\\/1473912b851241f5503026e6156e144dcd83ff7addb67f65e1ed9ca21ee1d9cf?s=96&d=mm&r=g\",\"caption\":\"AY Advogados\"},\"sameAs\":[\"https:\\\/\\\/ayadvogados.com.br\"],\"url\":\"https:\\\/\\\/www.ayadvogados.com.br\\\/?author=2\"}]}<\/script>\n<!-- \/ Yoast SEO plugin. -->","yoast_head_json":{"title":"Receita quer reduzir cr\u00e9ditos de PIS e Cofins - Amaral, Yazbek Advogados","robots":{"index":"index","follow":"follow","max-snippet":"max-snippet:-1","max-image-preview":"max-image-preview:large","max-video-preview":"max-video-preview:-1"},"canonical":"https:\/\/www.ayadvogados.com.br\/?p=1463","og_locale":"pt_BR","og_type":"article","og_title":"Receita quer reduzir cr\u00e9ditos de PIS e Cofins - Amaral, Yazbek Advogados","og_description":"A Receita Federal busca o respaldo da Procuradoria-Geral da Fazenda Nacional (PGFN) para reduzir o valor dos cr\u00e9ditos de PIS e Cofins gerados com a aquisi\u00e7\u00e3o de bens e insumos. O entendimento \u00e9 de que os contribuintes devem contabilizar esses cr\u00e9ditos usando o mesmo crit\u00e9rio de c\u00e1lculo dos pagamentos \u00e0 Uni\u00e3o &#8211; ou seja, sem [&hellip;]","og_url":"https:\/\/www.ayadvogados.com.br\/?p=1463","og_site_name":"Amaral, Yazbek Advogados","article_publisher":"https:\/\/www.facebook.com\/AYadvogados","article_published_time":"2021-08-25T18:39:40+00:00","og_image":[{"width":1000,"height":620,"url":"https:\/\/www.ayadvogados.com.br\/wp-content\/uploads\/2021\/08\/Blog-14.png","type":"image\/png"}],"author":"AY Advogados","twitter_card":"summary_large_image","twitter_misc":{"Escrito por":"AY Advogados","Est. tempo de leitura":"3 minutos"},"schema":{"@context":"https:\/\/schema.org","@graph":[{"@type":"Article","@id":"https:\/\/www.ayadvogados.com.br\/?p=1463#article","isPartOf":{"@id":"https:\/\/www.ayadvogados.com.br\/?p=1463"},"author":{"name":"AY Advogados","@id":"https:\/\/www.ayadvogados.com.br\/#\/schema\/person\/4abfbf03ad3e577e691d333af064a912"},"headline":"Receita quer reduzir cr\u00e9ditos de PIS e Cofins","datePublished":"2021-08-25T18:39:40+00:00","mainEntityOfPage":{"@id":"https:\/\/www.ayadvogados.com.br\/?p=1463"},"wordCount":686,"commentCount":0,"publisher":{"@id":"https:\/\/www.ayadvogados.com.br\/#organization"},"image":{"@id":"https:\/\/www.ayadvogados.com.br\/?p=1463#primaryimage"},"thumbnailUrl":"https:\/\/www.ayadvogados.com.br\/wp-content\/uploads\/2021\/08\/Blog-14.png","articleSection":["Not\u00edcia do Dia"],"inLanguage":"pt-BR","potentialAction":[{"@type":"CommentAction","name":"Comment","target":["https:\/\/www.ayadvogados.com.br\/?p=1463#respond"]}]},{"@type":"WebPage","@id":"https:\/\/www.ayadvogados.com.br\/?p=1463","url":"https:\/\/www.ayadvogados.com.br\/?p=1463","name":"Receita quer reduzir cr\u00e9ditos de PIS e Cofins - Amaral, Yazbek Advogados","isPartOf":{"@id":"https:\/\/www.ayadvogados.com.br\/#website"},"primaryImageOfPage":{"@id":"https:\/\/www.ayadvogados.com.br\/?p=1463#primaryimage"},"image":{"@id":"https:\/\/www.ayadvogados.com.br\/?p=1463#primaryimage"},"thumbnailUrl":"https:\/\/www.ayadvogados.com.br\/wp-content\/uploads\/2021\/08\/Blog-14.png","datePublished":"2021-08-25T18:39:40+00:00","breadcrumb":{"@id":"https:\/\/www.ayadvogados.com.br\/?p=1463#breadcrumb"},"inLanguage":"pt-BR","potentialAction":[{"@type":"ReadAction","target":["https:\/\/www.ayadvogados.com.br\/?p=1463"]}]},{"@type":"ImageObject","inLanguage":"pt-BR","@id":"https:\/\/www.ayadvogados.com.br\/?p=1463#primaryimage","url":"https:\/\/www.ayadvogados.com.br\/wp-content\/uploads\/2021\/08\/Blog-14.png","contentUrl":"https:\/\/www.ayadvogados.com.br\/wp-content\/uploads\/2021\/08\/Blog-14.png","width":1000,"height":620},{"@type":"BreadcrumbList","@id":"https:\/\/www.ayadvogados.com.br\/?p=1463#breadcrumb","itemListElement":[{"@type":"ListItem","position":1,"name":"In\u00edcio","item":"https:\/\/www.ayadvogados.com.br\/"},{"@type":"ListItem","position":2,"name":"Receita quer reduzir cr\u00e9ditos de PIS e Cofins"}]},{"@type":"WebSite","@id":"https:\/\/www.ayadvogados.com.br\/#website","url":"https:\/\/www.ayadvogados.com.br\/","name":"Amaral, Yazbek Advogados","description":"Curitiba \u2022 Bras\u00edlia \u2022 S\u00e3o Paulo","publisher":{"@id":"https:\/\/www.ayadvogados.com.br\/#organization"},"potentialAction":[{"@type":"SearchAction","target":{"@type":"EntryPoint","urlTemplate":"https:\/\/www.ayadvogados.com.br\/?s={search_term_string}"},"query-input":{"@type":"PropertyValueSpecification","valueRequired":true,"valueName":"search_term_string"}}],"inLanguage":"pt-BR"},{"@type":"Organization","@id":"https:\/\/www.ayadvogados.com.br\/#organization","name":"Amaral, Yazbek Advogados","url":"https:\/\/www.ayadvogados.com.br\/","logo":{"@type":"ImageObject","inLanguage":"pt-BR","@id":"https:\/\/www.ayadvogados.com.br\/#\/schema\/logo\/image\/","url":"http:\/\/34.239.117.254\/wp-content\/uploads\/2021\/03\/logo-ay-g.png","contentUrl":"http:\/\/34.239.117.254\/wp-content\/uploads\/2021\/03\/logo-ay-g.png","width":434,"height":106,"caption":"Amaral, Yazbek Advogados"},"image":{"@id":"https:\/\/www.ayadvogados.com.br\/#\/schema\/logo\/image\/"},"sameAs":["https:\/\/www.facebook.com\/AYadvogados","https:\/\/www.instagram.com\/ayadvogados\/"]},{"@type":"Person","@id":"https:\/\/www.ayadvogados.com.br\/#\/schema\/person\/4abfbf03ad3e577e691d333af064a912","name":"AY Advogados","image":{"@type":"ImageObject","inLanguage":"pt-BR","@id":"https:\/\/secure.gravatar.com\/avatar\/1473912b851241f5503026e6156e144dcd83ff7addb67f65e1ed9ca21ee1d9cf?s=96&d=mm&r=g","url":"https:\/\/secure.gravatar.com\/avatar\/1473912b851241f5503026e6156e144dcd83ff7addb67f65e1ed9ca21ee1d9cf?s=96&d=mm&r=g","contentUrl":"https:\/\/secure.gravatar.com\/avatar\/1473912b851241f5503026e6156e144dcd83ff7addb67f65e1ed9ca21ee1d9cf?s=96&d=mm&r=g","caption":"AY Advogados"},"sameAs":["https:\/\/ayadvogados.com.br"],"url":"https:\/\/www.ayadvogados.com.br\/?author=2"}]}},"rttpg_featured_image_url":{"full":["https:\/\/www.ayadvogados.com.br\/wp-content\/uploads\/2021\/08\/Blog-14.png",1000,620,false],"landscape":["https:\/\/www.ayadvogados.com.br\/wp-content\/uploads\/2021\/08\/Blog-14.png",1000,620,false],"portraits":["https:\/\/www.ayadvogados.com.br\/wp-content\/uploads\/2021\/08\/Blog-14.png",1000,620,false],"thumbnail":["https:\/\/www.ayadvogados.com.br\/wp-content\/uploads\/2021\/08\/Blog-14-150x150.png",150,150,true],"medium":["https:\/\/www.ayadvogados.com.br\/wp-content\/uploads\/2021\/08\/Blog-14-300x186.png",300,186,true],"large":["https:\/\/www.ayadvogados.com.br\/wp-content\/uploads\/2021\/08\/Blog-14.png",1000,620,false],"1536x1536":["https:\/\/www.ayadvogados.com.br\/wp-content\/uploads\/2021\/08\/Blog-14.png",1000,620,false],"2048x2048":["https:\/\/www.ayadvogados.com.br\/wp-content\/uploads\/2021\/08\/Blog-14.png",1000,620,false]},"rttpg_author":{"display_name":"AY Advogados","author_link":"https:\/\/www.ayadvogados.com.br\/?author=2"},"rttpg_comment":0,"rttpg_category":"<a href=\"https:\/\/www.ayadvogados.com.br\/?cat=1\" rel=\"category\">Not\u00edcia do Dia<\/a>","rttpg_excerpt":"A Receita Federal busca o respaldo da Procuradoria-Geral da Fazenda Nacional (PGFN) para reduzir o valor dos cr\u00e9ditos de PIS e Cofins gerados com a aquisi\u00e7\u00e3o de bens e insumos. O entendimento \u00e9 de que os contribuintes devem contabilizar esses cr\u00e9ditos usando o mesmo crit\u00e9rio de c\u00e1lculo dos pagamentos \u00e0 Uni\u00e3o &#8211; ou seja, sem&hellip;","_links":{"self":[{"href":"https:\/\/www.ayadvogados.com.br\/index.php?rest_route=\/wp\/v2\/posts\/1463","targetHints":{"allow":["GET"]}}],"collection":[{"href":"https:\/\/www.ayadvogados.com.br\/index.php?rest_route=\/wp\/v2\/posts"}],"about":[{"href":"https:\/\/www.ayadvogados.com.br\/index.php?rest_route=\/wp\/v2\/types\/post"}],"author":[{"embeddable":true,"href":"https:\/\/www.ayadvogados.com.br\/index.php?rest_route=\/wp\/v2\/users\/2"}],"replies":[{"embeddable":true,"href":"https:\/\/www.ayadvogados.com.br\/index.php?rest_route=%2Fwp%2Fv2%2Fcomments&post=1463"}],"version-history":[{"count":1,"href":"https:\/\/www.ayadvogados.com.br\/index.php?rest_route=\/wp\/v2\/posts\/1463\/revisions"}],"predecessor-version":[{"id":1465,"href":"https:\/\/www.ayadvogados.com.br\/index.php?rest_route=\/wp\/v2\/posts\/1463\/revisions\/1465"}],"wp:featuredmedia":[{"embeddable":true,"href":"https:\/\/www.ayadvogados.com.br\/index.php?rest_route=\/wp\/v2\/media\/1464"}],"wp:attachment":[{"href":"https:\/\/www.ayadvogados.com.br\/index.php?rest_route=%2Fwp%2Fv2%2Fmedia&parent=1463"}],"wp:term":[{"taxonomy":"category","embeddable":true,"href":"https:\/\/www.ayadvogados.com.br\/index.php?rest_route=%2Fwp%2Fv2%2Fcategories&post=1463"},{"taxonomy":"post_tag","embeddable":true,"href":"https:\/\/www.ayadvogados.com.br\/index.php?rest_route=%2Fwp%2Fv2%2Ftags&post=1463"}],"curies":[{"name":"wp","href":"https:\/\/api.w.org\/{rel}","templated":true}]}}