{"id":1460,"date":"2021-08-24T15:03:42","date_gmt":"2021-08-24T18:03:42","guid":{"rendered":"http:\/\/34.239.117.254\/?p=1460"},"modified":"2021-08-24T15:03:42","modified_gmt":"2021-08-24T18:03:42","slug":"grandes-empresas-conseguem-nos-tribunais-reduzir-contribuicao-ao-inss","status":"publish","type":"post","link":"https:\/\/www.ayadvogados.com.br\/?p=1460","title":{"rendered":"Grandes empresas conseguem nos tribunais reduzir contribui\u00e7\u00e3o ao INSS"},"content":{"rendered":"\n<p>Grandes empresas conseguem nos tribunais reduzir contribui\u00e7\u00e3o ao INSS | Legisla\u00e7\u00e3o | Valor Econ\u00f4mico<\/p>\n\n\n\n<p>Grandes empresas t\u00eam conseguido decis\u00f5es nos Tribunais Regionais Federais (<strong>TRFs<\/strong>) para excluir do c\u00e1lculo da <strong>contribui\u00e7\u00e3o previdenci\u00e1ria<\/strong> patronal e das contribui\u00e7\u00f5es destinadas a terceiros &#8211; como o Sistema S &#8211; valores descontados de empregados por uso de <strong>vale-transporte, vale-alimenta\u00e7\u00e3o e plano de sa\u00fade com coparticipa\u00e7\u00e3o<\/strong>. A rede de farm\u00e1cias <strong>Pague Menos<\/strong> e a <strong>Ciclus Ambiental<\/strong>, respons\u00e1vel pela coleta de lixo na cidade do Rio de Janeiro, est\u00e3o entre as beneficiadas.<\/p>\n\n\n\n<p>A tese, segundo advogados, \u00e9 uma das mais importantes da \u00e1rea previdenci\u00e1ria. Surgiu ap\u00f3s a elabora\u00e7\u00e3o de pareceres por grandes escrit\u00f3rios e ganhou ainda mais for\u00e7a na <strong>pandemia<\/strong>, como uma forma de refor\u00e7ar o caixa das empresas. Algumas, por\u00e9m, resolveram adotar a pr\u00e1tica sem levar a discuss\u00e3o \u00e0 Justi\u00e7a. E, em caso de autua\u00e7\u00e3o, pretendem se defender na esfera administrativa.<\/p>\n\n\n\n<p>No Judici\u00e1rio, o tema ainda divide os tribunais. Apenas no <strong>TRF da 5\u00aa Regi\u00e3o<\/strong>, que abrange seis Estados do Nordeste, j\u00e1 existe uma consolida\u00e7\u00e3o a favor das empresas, segundo levantamento realizado pelo TSA Advogados.<\/p>\n\n\n\n<p>Nos <strong>TRFs da 3\u00aa (SP e MS) e 4\u00aa Regi\u00f5es (Estados do Sul)<\/strong>, de acordo com o levantamento, existem decis\u00f5es nos dois sentidos. Na <strong>2\u00aa Regi\u00e3o (RJ e ES)<\/strong>, h\u00e1 poucos ac\u00f3rd\u00e3os favor\u00e1veis \u00e0s empresas. E no <strong>TRF da 1\u00aa Regi\u00e3o<\/strong>, que abrange 13 Estados mais o Distrito Federal, nada foi localizado.<\/p>\n\n\n\n<p>As empresas alegam, nos processos, que deve entrar no c\u00e1lculo das contribui\u00e7\u00f5es previdenci\u00e1rias apenas o que for destinado a retribuir o trabalho, como prev\u00ea o artigo 195, inciso I, al\u00ednea a, da Constitui\u00e7\u00e3o e o artigo 22, inciso I, da Lei n\u00ba 8.212, de 1991. O que n\u00e3o seria o caso dos valores descontados dos funcion\u00e1rios referentes a vale-transporte, alimenta\u00e7\u00e3o e plano de sa\u00fade.<\/p>\n\n\n\n<p>Para a Receita Federal, por\u00e9m, esses valores fizeram parte da remunera\u00e7\u00e3o do trabalhador e n\u00e3o podem ser exclu\u00eddos da base das contribui\u00e7\u00f5es, que \u00e9 a folha de pagamentos &#8211; no caso da patronal, a al\u00edquota \u00e9 de 20%. O entendimento est\u00e1 na Solu\u00e7\u00e3o de Consulta n\u00ba 96, editada em junho pela Coordena\u00e7\u00e3o-Geral de Tributa\u00e7\u00e3o (Cosit), que orienta os fiscais do pa\u00eds.<\/p>\n\n\n\n<p>Ao contr\u00e1rio da orienta\u00e7\u00e3o da Receita, o <strong>TRF da 5\u00aa Regi\u00e3o<\/strong> acatou tr\u00eas pedidos da rede de farm\u00e1cias Pague Menos. Duas decis\u00f5es transitaram em julgado &#8211; n\u00e3o h\u00e1 mais como recorrer. Tratam de assist\u00eancia m\u00e9dica e vale-transporte (processos n\u00ba 0821963-38.2019.4.05.8100 e n\u00ba 0821762-46-2019.4.05.8100). No processo sobre vale-alimenta\u00e7\u00e3o (n\u00ba 0821952-09.2019.4.05.8100) ainda cabe recurso.<\/p>\n\n\n\n<p>Ao analisar o pedido referente \u00e0 assist\u00eancia m\u00e9dica, a 2\u00aa Turma entendeu que o artigo 28, par\u00e1grafo 9\u00ba, al\u00ednea q, da Lei n\u00ba 8.212, de 1991, \u00e9 claro ao afirmar que esses descontos \u201cn\u00e3o integram o sal\u00e1rio-de-contribui\u00e7\u00e3o\u201d. E a 3\u00aa Turma, ao tratar do vale-transporte, destaca decis\u00f5es do Superior Tribunal de Justi\u00e7a (<strong>STJ<\/strong>) para a exclus\u00e3o da coparticipa\u00e7\u00e3o da base de c\u00e1lculo das contribui\u00e7\u00f5es (Resp 1.614.585 e Resp 1.598.509).<\/p>\n\n\n\n<p>No ac\u00f3rd\u00e3o sobre vale-alimenta\u00e7\u00e3o, o relator, desembargador Fernando Braga Damasceno, da 3\u00aa Turma, cita decis\u00e3o do Supremo Tribunal Federal (<strong>STF<\/strong>). Os ministros, acrescenta, entenderam que o pagamento da contribui\u00e7\u00e3o patronal incide sobre ganhos habituais do empregado (RE 565.160).<\/p>\n\n\n\n<p>\u201cDesse modo, tratando-se a rubrica em debate de um valor descontado da remunera\u00e7\u00e3o do trabalhador, n\u00e3o pode ser enquadrada como um valor pago, devido ou creditado, muito menos ganho habitual\u201d, diz no voto.<\/p>\n\n\n\n<p>An\u00e1rio Carvalho, diretor de Controladoria e Planejamento da Pague Menos, afirma que a rede optou pela via do Judici\u00e1rio \u201ca fim de seguirmos em conformidade com os dispositivos legais e demais regramentos para cumprimento das obriga\u00e7\u00f5es tribut\u00e1rias\u201d.<\/p>\n\n\n\n<p>J\u00e1 a Ciclus obteve decis\u00e3o definitiva e un\u00e2nime da 3\u00aa Turma do <strong>TRF da 2\u00aa Regi\u00e3o<\/strong> para retirar do c\u00e1lculo das contribui\u00e7\u00f5es os descontos de assist\u00eancia m\u00e9dica (processo n\u00ba 5032219-45.2019.4.02.5101).<\/p>\n\n\n\n<p>O relator do caso, desembargador Theophilo Antonio Miguel Filho entendeu que \u201chavendo participa\u00e7\u00e3o financeira do empregado beneficiado, mediante desconto sobre seu vencimento, tal parcela n\u00e3o pode ser usada como base para a contribui\u00e7\u00e3o previdenci\u00e1ria, por ostentar natureza indenizat\u00f3ria\u201d.<\/p>\n\n\n\n<p>Segundo o advogado que assessorou a Pague Menos e a Ciclus nos processos, Gustavo Mitne, s\u00f3cio do Balera, Berbel e Mitne Advogados, j\u00e1 existem diversas decis\u00f5es de segunda inst\u00e2ncia confirmando o direito dos contribuintes, a despeito de todas as solu\u00e7\u00f5es de consulta emitidas pela Receita Federal &#8211; as n\u00ba 4, 35 e 313, todas de 2019, e a n\u00ba 58, de 2020, al\u00e9m da editada neste ano.<\/p>\n\n\n\n<p>Em mar\u00e7o, o \u00f3rg\u00e3o chegou a editar uma solu\u00e7\u00e3o de consulta favor\u00e1vel ao contribuinte, para a exclus\u00e3o de valores de vale-transporte e de assist\u00eancia m\u00e9dica. Logo depois, por\u00e9m, foi cancelada. \u201cN\u00e3o se pode dizer que esses valores s\u00e3o remunera\u00e7\u00f5es. O trabalhador nunca colocou as m\u00e3os nesse dinheiro\u201d, diz Mitne.<\/p>\n\n\n\n<p>A discuss\u00e3o sobre o tema aumentou desde 2020, segundo o advogado Eduardo Correa da Silva, do Correa Porto Advogados. \u201cEssas decis\u00f5es de TRFs t\u00eam dado mais for\u00e7a \u00e0 tese\u201d, afirma ele, que obteve recentemente decis\u00e3o favor\u00e1vel a um cliente no <strong>TRF da 3\u00aa Regi\u00e3o<\/strong> (processo n\u00ba 5002988-49.2021.4.03.0000).<\/p>\n\n\n\n<p>Apesar das decis\u00f5es favor\u00e1veis, o tema ainda est\u00e1 em aberto, diz o advogado Alessandro Mendes Cardoso, do escrit\u00f3rio Rolim, Viotti, Goulart, Cardoso Advogados. \u201cA tese para vale-transporte e aux\u00edlio-alimenta\u00e7\u00e3o \u00e9 boa, j\u00e1 que se trata de verba de natureza social e n\u00e3o remunerat\u00f3ria, seja na parcela do empregador ou do empregado.\u201d<\/p>\n\n\n\n<p>H\u00e1 um problema, por\u00e9m, nessas discuss\u00f5es, segundo Caio Taniguchi, do TSA Advogados. Com a exclus\u00e3o desses valores, a Previd\u00eancia pode n\u00e3o contar determinados per\u00edodos para a aposentadoria dos trabalhadores que ganham um sal\u00e1rio m\u00ednimo, j\u00e1 que a lei estabelece esse limite para o c\u00e1lculo. Ele destaca ainda que, com as decis\u00f5es favor\u00e1veis, surgiram \u201cteses filhotes\u201d, que incluem <strong>seguro de vida e previd\u00eancia privada<\/strong>.<\/p>\n\n\n\n<p>Por nota, a Procuradoria-Geral da Fazenda Nacional (PGFN) afirma que essas verbas t\u00eam natureza remunerat\u00f3ria. E como j\u00e1 decidiu o <strong>STJ<\/strong>, em repetitivo (REsp 1358281), acrescenta, \u201cse a verba possuir natureza remunerat\u00f3ria, destinando-se a retribuir o trabalho, qualquer que seja a sua forma, ela deve integrar a base de c\u00e1lculo da contribui\u00e7\u00e3o\u201d.<\/p>\n","protected":false},"excerpt":{"rendered":"<p>Grandes empresas conseguem nos tribunais reduzir contribui\u00e7\u00e3o ao INSS | Legisla\u00e7\u00e3o | Valor Econ\u00f4mico Grandes empresas t\u00eam conseguido decis\u00f5es nos Tribunais Regionais Federais (TRFs) para excluir do c\u00e1lculo da contribui\u00e7\u00e3o previdenci\u00e1ria patronal e das contribui\u00e7\u00f5es destinadas a terceiros &#8211; como o Sistema S &#8211; valores descontados de empregados por uso de vale-transporte, vale-alimenta\u00e7\u00e3o e plano [&hellip;]<\/p>\n","protected":false},"author":2,"featured_media":1461,"comment_status":"open","ping_status":"open","sticky":false,"template":"","format":"standard","meta":{"footnotes":""},"categories":[1],"tags":[9,10,33],"class_list":["post-1460","post","type-post","status-publish","format-standard","has-post-thumbnail","hentry","category-noticia-do-dia","tag-amaral-yazbek","tag-dincast","tag-negocios"],"blocksy_meta":{"styles_descriptor":{"styles":{"desktop":"","tablet":"","mobile":""},"google_fonts":[],"version":6}},"yoast_head":"<!-- This site is optimized with the Yoast SEO plugin v27.5 - https:\/\/yoast.com\/product\/yoast-seo-wordpress\/ -->\n<title>Grandes empresas conseguem nos tribunais reduzir contribui\u00e7\u00e3o ao INSS - Amaral, Yazbek Advogados<\/title>\n<meta name=\"robots\" content=\"index, follow, max-snippet:-1, max-image-preview:large, max-video-preview:-1\" \/>\n<link rel=\"canonical\" href=\"https:\/\/www.ayadvogados.com.br\/?p=1460\" \/>\n<meta property=\"og:locale\" content=\"pt_BR\" \/>\n<meta property=\"og:type\" content=\"article\" \/>\n<meta property=\"og:title\" content=\"Grandes empresas conseguem nos tribunais reduzir contribui\u00e7\u00e3o ao INSS - Amaral, Yazbek Advogados\" \/>\n<meta property=\"og:description\" content=\"Grandes empresas conseguem nos tribunais reduzir contribui\u00e7\u00e3o ao INSS | Legisla\u00e7\u00e3o | Valor Econ\u00f4mico Grandes empresas t\u00eam conseguido decis\u00f5es nos Tribunais Regionais Federais (TRFs) para excluir do c\u00e1lculo da contribui\u00e7\u00e3o previdenci\u00e1ria patronal e das contribui\u00e7\u00f5es destinadas a terceiros &#8211; como o Sistema S &#8211; valores descontados de empregados por uso de vale-transporte, vale-alimenta\u00e7\u00e3o e plano [&hellip;]\" \/>\n<meta property=\"og:url\" content=\"https:\/\/www.ayadvogados.com.br\/?p=1460\" \/>\n<meta property=\"og:site_name\" content=\"Amaral, Yazbek Advogados\" \/>\n<meta property=\"article:publisher\" content=\"https:\/\/www.facebook.com\/AYadvogados\" \/>\n<meta property=\"article:published_time\" content=\"2021-08-24T18:03:42+00:00\" \/>\n<meta property=\"og:image\" content=\"https:\/\/www.ayadvogados.com.br\/wp-content\/uploads\/2021\/08\/Blog-13.png\" \/>\n\t<meta property=\"og:image:width\" content=\"1000\" \/>\n\t<meta property=\"og:image:height\" content=\"620\" \/>\n\t<meta property=\"og:image:type\" content=\"image\/png\" \/>\n<meta name=\"author\" content=\"AY Advogados\" \/>\n<meta name=\"twitter:card\" content=\"summary_large_image\" \/>\n<meta name=\"twitter:label1\" content=\"Escrito por\" \/>\n\t<meta name=\"twitter:data1\" content=\"AY Advogados\" \/>\n\t<meta name=\"twitter:label2\" content=\"Est. tempo de leitura\" \/>\n\t<meta name=\"twitter:data2\" content=\"5 minutos\" \/>\n<script type=\"application\/ld+json\" class=\"yoast-schema-graph\">{\"@context\":\"https:\\\/\\\/schema.org\",\"@graph\":[{\"@type\":\"Article\",\"@id\":\"https:\\\/\\\/www.ayadvogados.com.br\\\/?p=1460#article\",\"isPartOf\":{\"@id\":\"https:\\\/\\\/www.ayadvogados.com.br\\\/?p=1460\"},\"author\":{\"name\":\"AY Advogados\",\"@id\":\"https:\\\/\\\/www.ayadvogados.com.br\\\/#\\\/schema\\\/person\\\/4abfbf03ad3e577e691d333af064a912\"},\"headline\":\"Grandes empresas conseguem nos tribunais reduzir contribui\u00e7\u00e3o ao INSS\",\"datePublished\":\"2021-08-24T18:03:42+00:00\",\"mainEntityOfPage\":{\"@id\":\"https:\\\/\\\/www.ayadvogados.com.br\\\/?p=1460\"},\"wordCount\":1097,\"commentCount\":0,\"publisher\":{\"@id\":\"https:\\\/\\\/www.ayadvogados.com.br\\\/#organization\"},\"image\":{\"@id\":\"https:\\\/\\\/www.ayadvogados.com.br\\\/?p=1460#primaryimage\"},\"thumbnailUrl\":\"https:\\\/\\\/www.ayadvogados.com.br\\\/wp-content\\\/uploads\\\/2021\\\/08\\\/Blog-13.png\",\"keywords\":[\"amaral yazbek\",\"dincast\",\"neg\u00f3cios\"],\"articleSection\":[\"Not\u00edcia do Dia\"],\"inLanguage\":\"pt-BR\",\"potentialAction\":[{\"@type\":\"CommentAction\",\"name\":\"Comment\",\"target\":[\"https:\\\/\\\/www.ayadvogados.com.br\\\/?p=1460#respond\"]}]},{\"@type\":\"WebPage\",\"@id\":\"https:\\\/\\\/www.ayadvogados.com.br\\\/?p=1460\",\"url\":\"https:\\\/\\\/www.ayadvogados.com.br\\\/?p=1460\",\"name\":\"Grandes empresas conseguem nos tribunais reduzir contribui\u00e7\u00e3o ao INSS - Amaral, Yazbek Advogados\",\"isPartOf\":{\"@id\":\"https:\\\/\\\/www.ayadvogados.com.br\\\/#website\"},\"primaryImageOfPage\":{\"@id\":\"https:\\\/\\\/www.ayadvogados.com.br\\\/?p=1460#primaryimage\"},\"image\":{\"@id\":\"https:\\\/\\\/www.ayadvogados.com.br\\\/?p=1460#primaryimage\"},\"thumbnailUrl\":\"https:\\\/\\\/www.ayadvogados.com.br\\\/wp-content\\\/uploads\\\/2021\\\/08\\\/Blog-13.png\",\"datePublished\":\"2021-08-24T18:03:42+00:00\",\"breadcrumb\":{\"@id\":\"https:\\\/\\\/www.ayadvogados.com.br\\\/?p=1460#breadcrumb\"},\"inLanguage\":\"pt-BR\",\"potentialAction\":[{\"@type\":\"ReadAction\",\"target\":[\"https:\\\/\\\/www.ayadvogados.com.br\\\/?p=1460\"]}]},{\"@type\":\"ImageObject\",\"inLanguage\":\"pt-BR\",\"@id\":\"https:\\\/\\\/www.ayadvogados.com.br\\\/?p=1460#primaryimage\",\"url\":\"https:\\\/\\\/www.ayadvogados.com.br\\\/wp-content\\\/uploads\\\/2021\\\/08\\\/Blog-13.png\",\"contentUrl\":\"https:\\\/\\\/www.ayadvogados.com.br\\\/wp-content\\\/uploads\\\/2021\\\/08\\\/Blog-13.png\",\"width\":1000,\"height\":620},{\"@type\":\"BreadcrumbList\",\"@id\":\"https:\\\/\\\/www.ayadvogados.com.br\\\/?p=1460#breadcrumb\",\"itemListElement\":[{\"@type\":\"ListItem\",\"position\":1,\"name\":\"In\u00edcio\",\"item\":\"https:\\\/\\\/www.ayadvogados.com.br\\\/\"},{\"@type\":\"ListItem\",\"position\":2,\"name\":\"Grandes empresas conseguem nos tribunais reduzir contribui\u00e7\u00e3o ao INSS\"}]},{\"@type\":\"WebSite\",\"@id\":\"https:\\\/\\\/www.ayadvogados.com.br\\\/#website\",\"url\":\"https:\\\/\\\/www.ayadvogados.com.br\\\/\",\"name\":\"Amaral, Yazbek Advogados\",\"description\":\"Curitiba \u2022 Bras\u00edlia \u2022 S\u00e3o Paulo\",\"publisher\":{\"@id\":\"https:\\\/\\\/www.ayadvogados.com.br\\\/#organization\"},\"potentialAction\":[{\"@type\":\"SearchAction\",\"target\":{\"@type\":\"EntryPoint\",\"urlTemplate\":\"https:\\\/\\\/www.ayadvogados.com.br\\\/?s={search_term_string}\"},\"query-input\":{\"@type\":\"PropertyValueSpecification\",\"valueRequired\":true,\"valueName\":\"search_term_string\"}}],\"inLanguage\":\"pt-BR\"},{\"@type\":\"Organization\",\"@id\":\"https:\\\/\\\/www.ayadvogados.com.br\\\/#organization\",\"name\":\"Amaral, Yazbek Advogados\",\"url\":\"https:\\\/\\\/www.ayadvogados.com.br\\\/\",\"logo\":{\"@type\":\"ImageObject\",\"inLanguage\":\"pt-BR\",\"@id\":\"https:\\\/\\\/www.ayadvogados.com.br\\\/#\\\/schema\\\/logo\\\/image\\\/\",\"url\":\"http:\\\/\\\/34.239.117.254\\\/wp-content\\\/uploads\\\/2021\\\/03\\\/logo-ay-g.png\",\"contentUrl\":\"http:\\\/\\\/34.239.117.254\\\/wp-content\\\/uploads\\\/2021\\\/03\\\/logo-ay-g.png\",\"width\":434,\"height\":106,\"caption\":\"Amaral, Yazbek Advogados\"},\"image\":{\"@id\":\"https:\\\/\\\/www.ayadvogados.com.br\\\/#\\\/schema\\\/logo\\\/image\\\/\"},\"sameAs\":[\"https:\\\/\\\/www.facebook.com\\\/AYadvogados\",\"https:\\\/\\\/www.instagram.com\\\/ayadvogados\\\/\"]},{\"@type\":\"Person\",\"@id\":\"https:\\\/\\\/www.ayadvogados.com.br\\\/#\\\/schema\\\/person\\\/4abfbf03ad3e577e691d333af064a912\",\"name\":\"AY Advogados\",\"image\":{\"@type\":\"ImageObject\",\"inLanguage\":\"pt-BR\",\"@id\":\"https:\\\/\\\/secure.gravatar.com\\\/avatar\\\/1473912b851241f5503026e6156e144dcd83ff7addb67f65e1ed9ca21ee1d9cf?s=96&d=mm&r=g\",\"url\":\"https:\\\/\\\/secure.gravatar.com\\\/avatar\\\/1473912b851241f5503026e6156e144dcd83ff7addb67f65e1ed9ca21ee1d9cf?s=96&d=mm&r=g\",\"contentUrl\":\"https:\\\/\\\/secure.gravatar.com\\\/avatar\\\/1473912b851241f5503026e6156e144dcd83ff7addb67f65e1ed9ca21ee1d9cf?s=96&d=mm&r=g\",\"caption\":\"AY Advogados\"},\"sameAs\":[\"https:\\\/\\\/ayadvogados.com.br\"],\"url\":\"https:\\\/\\\/www.ayadvogados.com.br\\\/?author=2\"}]}<\/script>\n<!-- \/ Yoast SEO plugin. -->","yoast_head_json":{"title":"Grandes empresas conseguem nos tribunais reduzir contribui\u00e7\u00e3o ao INSS - Amaral, Yazbek Advogados","robots":{"index":"index","follow":"follow","max-snippet":"max-snippet:-1","max-image-preview":"max-image-preview:large","max-video-preview":"max-video-preview:-1"},"canonical":"https:\/\/www.ayadvogados.com.br\/?p=1460","og_locale":"pt_BR","og_type":"article","og_title":"Grandes empresas conseguem nos tribunais reduzir contribui\u00e7\u00e3o ao INSS - Amaral, Yazbek Advogados","og_description":"Grandes empresas conseguem nos tribunais reduzir contribui\u00e7\u00e3o ao INSS | Legisla\u00e7\u00e3o | Valor Econ\u00f4mico Grandes empresas t\u00eam conseguido decis\u00f5es nos Tribunais Regionais Federais (TRFs) para excluir do c\u00e1lculo da contribui\u00e7\u00e3o previdenci\u00e1ria patronal e das contribui\u00e7\u00f5es destinadas a terceiros &#8211; como o Sistema S &#8211; valores descontados de empregados por uso de vale-transporte, vale-alimenta\u00e7\u00e3o e plano [&hellip;]","og_url":"https:\/\/www.ayadvogados.com.br\/?p=1460","og_site_name":"Amaral, Yazbek Advogados","article_publisher":"https:\/\/www.facebook.com\/AYadvogados","article_published_time":"2021-08-24T18:03:42+00:00","og_image":[{"width":1000,"height":620,"url":"https:\/\/www.ayadvogados.com.br\/wp-content\/uploads\/2021\/08\/Blog-13.png","type":"image\/png"}],"author":"AY Advogados","twitter_card":"summary_large_image","twitter_misc":{"Escrito por":"AY Advogados","Est. tempo de leitura":"5 minutos"},"schema":{"@context":"https:\/\/schema.org","@graph":[{"@type":"Article","@id":"https:\/\/www.ayadvogados.com.br\/?p=1460#article","isPartOf":{"@id":"https:\/\/www.ayadvogados.com.br\/?p=1460"},"author":{"name":"AY Advogados","@id":"https:\/\/www.ayadvogados.com.br\/#\/schema\/person\/4abfbf03ad3e577e691d333af064a912"},"headline":"Grandes empresas conseguem nos tribunais reduzir contribui\u00e7\u00e3o ao INSS","datePublished":"2021-08-24T18:03:42+00:00","mainEntityOfPage":{"@id":"https:\/\/www.ayadvogados.com.br\/?p=1460"},"wordCount":1097,"commentCount":0,"publisher":{"@id":"https:\/\/www.ayadvogados.com.br\/#organization"},"image":{"@id":"https:\/\/www.ayadvogados.com.br\/?p=1460#primaryimage"},"thumbnailUrl":"https:\/\/www.ayadvogados.com.br\/wp-content\/uploads\/2021\/08\/Blog-13.png","keywords":["amaral yazbek","dincast","neg\u00f3cios"],"articleSection":["Not\u00edcia do Dia"],"inLanguage":"pt-BR","potentialAction":[{"@type":"CommentAction","name":"Comment","target":["https:\/\/www.ayadvogados.com.br\/?p=1460#respond"]}]},{"@type":"WebPage","@id":"https:\/\/www.ayadvogados.com.br\/?p=1460","url":"https:\/\/www.ayadvogados.com.br\/?p=1460","name":"Grandes empresas conseguem nos tribunais reduzir contribui\u00e7\u00e3o ao INSS - Amaral, Yazbek Advogados","isPartOf":{"@id":"https:\/\/www.ayadvogados.com.br\/#website"},"primaryImageOfPage":{"@id":"https:\/\/www.ayadvogados.com.br\/?p=1460#primaryimage"},"image":{"@id":"https:\/\/www.ayadvogados.com.br\/?p=1460#primaryimage"},"thumbnailUrl":"https:\/\/www.ayadvogados.com.br\/wp-content\/uploads\/2021\/08\/Blog-13.png","datePublished":"2021-08-24T18:03:42+00:00","breadcrumb":{"@id":"https:\/\/www.ayadvogados.com.br\/?p=1460#breadcrumb"},"inLanguage":"pt-BR","potentialAction":[{"@type":"ReadAction","target":["https:\/\/www.ayadvogados.com.br\/?p=1460"]}]},{"@type":"ImageObject","inLanguage":"pt-BR","@id":"https:\/\/www.ayadvogados.com.br\/?p=1460#primaryimage","url":"https:\/\/www.ayadvogados.com.br\/wp-content\/uploads\/2021\/08\/Blog-13.png","contentUrl":"https:\/\/www.ayadvogados.com.br\/wp-content\/uploads\/2021\/08\/Blog-13.png","width":1000,"height":620},{"@type":"BreadcrumbList","@id":"https:\/\/www.ayadvogados.com.br\/?p=1460#breadcrumb","itemListElement":[{"@type":"ListItem","position":1,"name":"In\u00edcio","item":"https:\/\/www.ayadvogados.com.br\/"},{"@type":"ListItem","position":2,"name":"Grandes empresas conseguem nos tribunais reduzir contribui\u00e7\u00e3o ao INSS"}]},{"@type":"WebSite","@id":"https:\/\/www.ayadvogados.com.br\/#website","url":"https:\/\/www.ayadvogados.com.br\/","name":"Amaral, Yazbek Advogados","description":"Curitiba \u2022 Bras\u00edlia \u2022 S\u00e3o Paulo","publisher":{"@id":"https:\/\/www.ayadvogados.com.br\/#organization"},"potentialAction":[{"@type":"SearchAction","target":{"@type":"EntryPoint","urlTemplate":"https:\/\/www.ayadvogados.com.br\/?s={search_term_string}"},"query-input":{"@type":"PropertyValueSpecification","valueRequired":true,"valueName":"search_term_string"}}],"inLanguage":"pt-BR"},{"@type":"Organization","@id":"https:\/\/www.ayadvogados.com.br\/#organization","name":"Amaral, Yazbek Advogados","url":"https:\/\/www.ayadvogados.com.br\/","logo":{"@type":"ImageObject","inLanguage":"pt-BR","@id":"https:\/\/www.ayadvogados.com.br\/#\/schema\/logo\/image\/","url":"http:\/\/34.239.117.254\/wp-content\/uploads\/2021\/03\/logo-ay-g.png","contentUrl":"http:\/\/34.239.117.254\/wp-content\/uploads\/2021\/03\/logo-ay-g.png","width":434,"height":106,"caption":"Amaral, Yazbek Advogados"},"image":{"@id":"https:\/\/www.ayadvogados.com.br\/#\/schema\/logo\/image\/"},"sameAs":["https:\/\/www.facebook.com\/AYadvogados","https:\/\/www.instagram.com\/ayadvogados\/"]},{"@type":"Person","@id":"https:\/\/www.ayadvogados.com.br\/#\/schema\/person\/4abfbf03ad3e577e691d333af064a912","name":"AY Advogados","image":{"@type":"ImageObject","inLanguage":"pt-BR","@id":"https:\/\/secure.gravatar.com\/avatar\/1473912b851241f5503026e6156e144dcd83ff7addb67f65e1ed9ca21ee1d9cf?s=96&d=mm&r=g","url":"https:\/\/secure.gravatar.com\/avatar\/1473912b851241f5503026e6156e144dcd83ff7addb67f65e1ed9ca21ee1d9cf?s=96&d=mm&r=g","contentUrl":"https:\/\/secure.gravatar.com\/avatar\/1473912b851241f5503026e6156e144dcd83ff7addb67f65e1ed9ca21ee1d9cf?s=96&d=mm&r=g","caption":"AY Advogados"},"sameAs":["https:\/\/ayadvogados.com.br"],"url":"https:\/\/www.ayadvogados.com.br\/?author=2"}]}},"rttpg_featured_image_url":{"full":["https:\/\/www.ayadvogados.com.br\/wp-content\/uploads\/2021\/08\/Blog-13.png",1000,620,false],"landscape":["https:\/\/www.ayadvogados.com.br\/wp-content\/uploads\/2021\/08\/Blog-13.png",1000,620,false],"portraits":["https:\/\/www.ayadvogados.com.br\/wp-content\/uploads\/2021\/08\/Blog-13.png",1000,620,false],"thumbnail":["https:\/\/www.ayadvogados.com.br\/wp-content\/uploads\/2021\/08\/Blog-13-150x150.png",150,150,true],"medium":["https:\/\/www.ayadvogados.com.br\/wp-content\/uploads\/2021\/08\/Blog-13-300x186.png",300,186,true],"large":["https:\/\/www.ayadvogados.com.br\/wp-content\/uploads\/2021\/08\/Blog-13.png",1000,620,false],"1536x1536":["https:\/\/www.ayadvogados.com.br\/wp-content\/uploads\/2021\/08\/Blog-13.png",1000,620,false],"2048x2048":["https:\/\/www.ayadvogados.com.br\/wp-content\/uploads\/2021\/08\/Blog-13.png",1000,620,false]},"rttpg_author":{"display_name":"AY Advogados","author_link":"https:\/\/www.ayadvogados.com.br\/?author=2"},"rttpg_comment":0,"rttpg_category":"<a href=\"https:\/\/www.ayadvogados.com.br\/?cat=1\" rel=\"category\">Not\u00edcia do Dia<\/a>","rttpg_excerpt":"Grandes empresas conseguem nos tribunais reduzir contribui\u00e7\u00e3o ao INSS | Legisla\u00e7\u00e3o | Valor Econ\u00f4mico Grandes empresas t\u00eam conseguido decis\u00f5es nos Tribunais Regionais Federais (TRFs) para excluir do c\u00e1lculo da contribui\u00e7\u00e3o previdenci\u00e1ria patronal e das contribui\u00e7\u00f5es destinadas a terceiros &#8211; como o Sistema S &#8211; valores descontados de empregados por uso de vale-transporte, vale-alimenta\u00e7\u00e3o e plano&hellip;","_links":{"self":[{"href":"https:\/\/www.ayadvogados.com.br\/index.php?rest_route=\/wp\/v2\/posts\/1460","targetHints":{"allow":["GET"]}}],"collection":[{"href":"https:\/\/www.ayadvogados.com.br\/index.php?rest_route=\/wp\/v2\/posts"}],"about":[{"href":"https:\/\/www.ayadvogados.com.br\/index.php?rest_route=\/wp\/v2\/types\/post"}],"author":[{"embeddable":true,"href":"https:\/\/www.ayadvogados.com.br\/index.php?rest_route=\/wp\/v2\/users\/2"}],"replies":[{"embeddable":true,"href":"https:\/\/www.ayadvogados.com.br\/index.php?rest_route=%2Fwp%2Fv2%2Fcomments&post=1460"}],"version-history":[{"count":1,"href":"https:\/\/www.ayadvogados.com.br\/index.php?rest_route=\/wp\/v2\/posts\/1460\/revisions"}],"predecessor-version":[{"id":1462,"href":"https:\/\/www.ayadvogados.com.br\/index.php?rest_route=\/wp\/v2\/posts\/1460\/revisions\/1462"}],"wp:featuredmedia":[{"embeddable":true,"href":"https:\/\/www.ayadvogados.com.br\/index.php?rest_route=\/wp\/v2\/media\/1461"}],"wp:attachment":[{"href":"https:\/\/www.ayadvogados.com.br\/index.php?rest_route=%2Fwp%2Fv2%2Fmedia&parent=1460"}],"wp:term":[{"taxonomy":"category","embeddable":true,"href":"https:\/\/www.ayadvogados.com.br\/index.php?rest_route=%2Fwp%2Fv2%2Fcategories&post=1460"},{"taxonomy":"post_tag","embeddable":true,"href":"https:\/\/www.ayadvogados.com.br\/index.php?rest_route=%2Fwp%2Fv2%2Ftags&post=1460"}],"curies":[{"name":"wp","href":"https:\/\/api.w.org\/{rel}","templated":true}]}}