{"id":1457,"date":"2021-08-23T15:11:06","date_gmt":"2021-08-23T18:11:06","guid":{"rendered":"http:\/\/34.239.117.254\/?p=1457"},"modified":"2021-08-23T15:11:06","modified_gmt":"2021-08-23T18:11:06","slug":"contribuintes-obtem-liminares-contra-cobrancas-retroativas-de-iss","status":"publish","type":"post","link":"https:\/\/www.ayadvogados.com.br\/?p=1457","title":{"rendered":"Contribuintes obt\u00eam liminares contra cobran\u00e7as retroativas de ISS"},"content":{"rendered":"\n<p>Contribuintes obt\u00eam liminares contra cobran\u00e7as retroativas de ISS | Legisla\u00e7\u00e3o | Valor Econ\u00f4mico<\/p>\n\n\n\n<p><strong>Barueri,<\/strong> cidade da regi\u00e3o metropolitana de S\u00e3o Paulo conhecida por atrair empresas com a <strong>al\u00edquota reduzida de ISS <\/strong>&#8211; cobra <strong>2%<\/strong>, enquanto na capital, por exemplo, o percentual chega a <strong>5%<\/strong> -, trava agora um embate com os contribuintes. O munic\u00edpio ampliou a base de c\u00e1lculo do imposto, elevando os valores a serem recolhidos, e passou a cobrar o passado.<\/p>\n\n\n\n<p>Uma \u00fanica empresa, por exemplo, foi notificada a recolher cerca de <strong>R$ 20 milh\u00f5es<\/strong>. O montante corresponde a valores que n\u00e3o haviam sido cobrados e, obviamente, n\u00e3o foram pagos nos anos de 2016 e 2017.<\/p>\n\n\n\n<p>Dez empresas, pelo menos, recorreram \u00e0 Justi\u00e7a e obtiveram decis\u00f5es, em car\u00e1ter liminar, para suspender essas cobran\u00e7as. Atuam nos setores de tecnologia, constru\u00e7\u00e3o e sa\u00fade. Outras, do setor financeiro, dizem advogados, tamb\u00e9m devem buscar o Judici\u00e1rio.<\/p>\n\n\n\n<p>A previs\u00e3o \u00e9 de que esse n\u00famero possa chegar a milhares. Isso porque, segundo os advogados, o movimento de Barueri \u00e9 coordenado, ou seja, atinge empresas de todos os setores que t\u00eam sede no munic\u00edpio e s\u00e3o contribuintes do ISS.<\/p>\n\n\n\n<p>Essas cobran\u00e7as t\u00eam como pano de fundo uma decis\u00e3o proferida pelo Supremo Tribunal Federal (<strong>STF<\/strong>) em agosto do ano passado. Os ministros analisaram o C\u00f3digo Tribut\u00e1rio do Munic\u00edpio (CTM), com reda\u00e7\u00e3o dada pela Lei Complementar n\u00ba 185, de 2007, e vetaram a aplica\u00e7\u00e3o do artigo 41, que tratava sobre o c\u00e1lculo do ISS.<\/p>\n\n\n\n<p>O dispositivo permitia retirar da base de incid\u00eancia do imposto municipal os tributos federais &#8211; <strong>Imposto de Renda<\/strong> (IRPJ), <strong>CSLL<\/strong>, <strong>PIS e Cofins<\/strong>. O munic\u00edpio cobrava ISS, portanto, somente sobre o pre\u00e7o do servi\u00e7o efetivamente prestado pelo contribuinte.<\/p>\n\n\n\n<p>Os ministros declararam o artigo 41 inconstitucional com o argumento de que o artigo 88 do Ato das Disposi\u00e7\u00f5es Constitucionais Transit\u00f3rias (ADCT) estabelece, para o ISS, a al\u00edquota m\u00ednima de 2%. Afirmaram que o munic\u00edpio, pela sua base de c\u00e1lculo diferenciada, estaria reduzindo esse percentual de forma indireta.<\/p>\n\n\n\n<p>Os contribuintes acreditavam que essa decis\u00e3o, no entanto, n\u00e3o teria efeito pr\u00e1tico. Isso porque em 2017 houve uma nova altera\u00e7\u00e3o no CTM, pela Lei Complementar n\u00ba 419. Essa norma retirou a previs\u00e3o que exclu\u00eda os tributos federais do c\u00e1lculo. Entrou em vigor no dia 1\u00ba de janeiro de 2018. Desde l\u00e1, portanto, paga-se o imposto de acordo com o que ficou definido no STF.<\/p>\n\n\n\n<p>O munic\u00edpio, por\u00e9m, entende ter o direito de cobrar os valores de forma retroativa &#8211; dos cinco anos anteriores. E \u00e9 o que vem fazendo: exige das empresas o pagamento da diferen\u00e7a correspondente aos anos de 2016 e 2017 &#8211; os \u00faltimos em que o c\u00e1lculo anterior esteve vigente.<\/p>\n\n\n\n<p>As notifica\u00e7\u00f5es de que tais d\u00e9bitos existem e ser\u00e3o inscritos em d\u00edvida ativa come\u00e7aram a chegar para os contribuintes, em maior n\u00famero, no m\u00eas passado. O advogado Luca Salvoni, do escrit\u00f3rio Cascione, tem um cliente nessa situa\u00e7\u00e3o. \u201cN\u00e3o teve sequer instaura\u00e7\u00e3o de procedimento administrativo. O contribuinte n\u00e3o pode se defender\u201d, diz.<\/p>\n\n\n\n<p>Para o advogado, a cobran\u00e7a, al\u00e9m de ilegal, \u201c\u00e9 uma afronta absoluta \u00e0 seguran\u00e7a jur\u00eddica\u201d. \u201cOs contribuintes precisam ter o m\u00ednimo de garantia. N\u00e3o podem ser penalizados por cumprir o que estava na lei\u201d, afirma. O cliente para quem ele atua conseguiu suspender a cobran\u00e7a na Justi\u00e7a<\/p>\n\n\n\n<p>Os dez processos aos quais o <strong>Valor<\/strong> teve acesso foram julgados pela ju\u00edza Graciella Lorenzo Salzman, da Vara de Fazenda P\u00fablica de Barueri. Segundo a magistrada, a conduta do munic\u00edpio viola o artigo 146 do C\u00f3digo Tribut\u00e1rio Nacional (CTN). Consta nesse dispositivo que a modifica\u00e7\u00e3o nos crit\u00e9rios jur\u00eddicos adotados pela autoridade administrativa s\u00f3 podem ser efetivados para fatos geradores ocorridos posteriormente.<\/p>\n\n\n\n<p>\u201cA decis\u00e3o que alterou o crit\u00e9rio jur\u00eddico a ser adotado para a base de c\u00e1lculo foi a decis\u00e3o do STF, publicada em sess\u00e3o de julgamento na data de 28 de agosto de 2020. Portanto, somente fatos geradores ocorridos ap\u00f3s esta data poderiam utilizar os crit\u00e9rios por ela fixados\u201d, afirma ela em praticamente todos os casos julgados (processos n\u00ba 1012018-94. 2021.8.26.0068, n\u00ba 1010962-26. 2021.8.26.0068 e n\u00ba 1011206-52. 2021.8.26.0068, entre outros).<\/p>\n\n\n\n<p>O advogado Lu\u00eds Alexandre Barbosa, s\u00f3cio do escrit\u00f3rio LBMF, diz que tr\u00eas de seus clientes receberam notifica\u00e7\u00e3o e est\u00e3o se preparando para entrar com a\u00e7\u00e3o contra as cobran\u00e7as. Ele destaca que o processo no STF, que vem sendo usado por Barueri como base para as autua\u00e7\u00f5es fiscais, sequer est\u00e1 encerrado.<\/p>\n\n\n\n<p>\u201cH\u00e1 recurso ainda pendente de julgamento. Foi apresentado pelo pr\u00f3prio munic\u00edpio de Barueri e existe pedido de modula\u00e7\u00e3o\u201d, afirma Barbosa. Trata-se de uma medida que pode ser usada pelos ministros do STF para limitar, no tempo, os efeitos das pr\u00f3prias decis\u00f5es &#8211; geralmente contr\u00e1ria \u00e0 aplica\u00e7\u00e3o retroativa.<\/p>\n\n\n\n<p>O advogado aponta ainda que a mudan\u00e7a nas regras de Barueri foi motivada pela edi\u00e7\u00e3o de uma Lei Complementar Federal, a n\u00ba 157, de 2016. Essa norma incluiu o artigo 8-A na <strong>Lei Complementar n\u00ba 116<\/strong>, de 2003, que impede os munic\u00edpios de fazerem qualquer tipo de redu\u00e7\u00e3o na base de c\u00e1lculo do imposto.<\/p>\n\n\n\n<p>A mesma lei, no artigo 6\u00ba, diz o advogado, concedeu prazo de um ano, contado da data da publica\u00e7\u00e3o da legisla\u00e7\u00e3o, para que os munic\u00edpios fizessem adequa\u00e7\u00f5es \u00e0s normas, revogando dispositivos contr\u00e1rios.<\/p>\n\n\n\n<p>\u201cSignifica dizer, portanto, que somente ap\u00f3s 30 de dezembro de 2017 estaria impedida qualquer al\u00edquota de ISS abaixo de 2%. Foi exatamente o que o munic\u00edpio de Barueri fez ao editar a Lei Complementar n\u00ba 419. Cobrar os valores de forma retroativa viola a legalidade, a irretroatividade, a n\u00e3o surpresa e a confian\u00e7a leg\u00edtima do contribuinte\u201d, afirma Barbosa.<\/p>\n\n\n\n<p>O munic\u00edpio de Barueri foi procurado pelo <strong>Valor<\/strong>, mas n\u00e3o deu retorno at\u00e9 o fechamento da edi\u00e7\u00e3o.<\/p>\n\n\n\n<p><\/p>\n\n\n\n<p>Fonte: <a href=\"https:\/\/valor.globo.com\/legislacao\/noticia\/2021\/08\/23\/contribuintes-obtem-liminares-contra-cobrancas-retroativas-de-iss.ghtml#\">Valor<\/a><\/p>\n\n\n\n<p><\/p>\n\n\n\n<p>Quer estar sempre atualizado sobre as novidades no setor tribut\u00e1rio?&nbsp;<\/p>\n\n\n\n<p>Siga a Amaral, Yazbek nas redes sociais:<\/p>\n\n\n\n<p>\ud83d\udc49Facebook: https:\/\/www.facebook.com\/AYadvogados\u200b<\/p>\n\n\n\n<p>\ud83d\udc49Instagram: https:\/\/www.instagram.com\/amaral.yazbek\u200b<\/p>\n\n\n\n<p>\ud83d\udc49Linkedin: https:\/\/www.linkedin.com\/company\/amaral-yazbek-advogados\/<\/p>\n\n\n\n<p>\ud83c\udf81 Queremos te oferecer um presente! Preparamos a 10\u00aa edi\u00e7\u00e3o da revista Governan\u00e7a Jur\u00eddica dando dicas de ordem tribut\u00e1ria para que os empres\u00e1rios, independentemente do porte do seu neg\u00f3cio, possam reduzir os seus custos no per\u00edodo dif\u00edcil em que estamos vivendo.&nbsp;<\/p>\n\n\n\n<p>\ud83d\udc49Baixe gratuitamente: http:\/\/ayadvogados.com.br\/revista\/<\/p>\n\n\n\n<p>A Amaral, Yazbek, Advogados, OAB-PR 762, atua com excel\u00eancia no setor tribut\u00e1rio h\u00e1 35 anos,auxiliando empresas a transformarem tributa\u00e7\u00e3o em lucro<\/p>\n\n\n\n<p>#amaralyazbek #atualidadesjuridicas #retrospectotribut\u00e1rio #empresas #business #reformatribut\u00e1ria<\/p>\n","protected":false},"excerpt":{"rendered":"<p>Contribuintes obt\u00eam liminares contra cobran\u00e7as retroativas de ISS | Legisla\u00e7\u00e3o | Valor Econ\u00f4mico Barueri, cidade da regi\u00e3o metropolitana de S\u00e3o Paulo conhecida por atrair empresas com a al\u00edquota reduzida de ISS &#8211; cobra 2%, enquanto na capital, por exemplo, o percentual chega a 5% -, trava agora um embate com os contribuintes. O munic\u00edpio ampliou [&hellip;]<\/p>\n","protected":false},"author":2,"featured_media":1458,"comment_status":"open","ping_status":"open","sticky":false,"template":"","format":"standard","meta":{"footnotes":""},"categories":[1],"tags":[9,47],"class_list":["post-1457","post","type-post","status-publish","format-standard","has-post-thumbnail","hentry","category-noticia-do-dia","tag-amaral-yazbek","tag-podcast-tributario-2"],"blocksy_meta":{"styles_descriptor":{"styles":{"desktop":"","tablet":"","mobile":""},"google_fonts":[],"version":6}},"yoast_head":"<!-- This site is optimized with the Yoast SEO plugin v27.5 - https:\/\/yoast.com\/product\/yoast-seo-wordpress\/ -->\n<title>Contribuintes obt\u00eam liminares contra cobran\u00e7as retroativas de ISS - Amaral, Yazbek Advogados<\/title>\n<meta name=\"robots\" content=\"index, follow, max-snippet:-1, max-image-preview:large, max-video-preview:-1\" \/>\n<link rel=\"canonical\" href=\"https:\/\/www.ayadvogados.com.br\/?p=1457\" \/>\n<meta property=\"og:locale\" content=\"pt_BR\" \/>\n<meta property=\"og:type\" content=\"article\" \/>\n<meta property=\"og:title\" content=\"Contribuintes obt\u00eam liminares contra cobran\u00e7as retroativas de ISS - Amaral, Yazbek Advogados\" \/>\n<meta property=\"og:description\" content=\"Contribuintes obt\u00eam liminares contra cobran\u00e7as retroativas de ISS | Legisla\u00e7\u00e3o | Valor Econ\u00f4mico Barueri, cidade da regi\u00e3o metropolitana de S\u00e3o Paulo conhecida por atrair empresas com a al\u00edquota reduzida de ISS &#8211; cobra 2%, enquanto na capital, por exemplo, o percentual chega a 5% -, trava agora um embate com os contribuintes. O munic\u00edpio ampliou [&hellip;]\" \/>\n<meta property=\"og:url\" content=\"https:\/\/www.ayadvogados.com.br\/?p=1457\" \/>\n<meta property=\"og:site_name\" content=\"Amaral, Yazbek Advogados\" \/>\n<meta property=\"article:publisher\" content=\"https:\/\/www.facebook.com\/AYadvogados\" \/>\n<meta property=\"article:published_time\" content=\"2021-08-23T18:11:06+00:00\" \/>\n<meta property=\"og:image\" content=\"https:\/\/www.ayadvogados.com.br\/wp-content\/uploads\/2021\/08\/Blog-12.png\" \/>\n\t<meta property=\"og:image:width\" content=\"1000\" \/>\n\t<meta property=\"og:image:height\" content=\"620\" \/>\n\t<meta property=\"og:image:type\" content=\"image\/png\" \/>\n<meta name=\"author\" content=\"AY Advogados\" \/>\n<meta name=\"twitter:card\" content=\"summary_large_image\" \/>\n<meta name=\"twitter:label1\" content=\"Escrito por\" \/>\n\t<meta name=\"twitter:data1\" content=\"AY Advogados\" \/>\n\t<meta name=\"twitter:label2\" content=\"Est. tempo de leitura\" \/>\n\t<meta name=\"twitter:data2\" content=\"6 minutos\" \/>\n<script type=\"application\/ld+json\" class=\"yoast-schema-graph\">{\"@context\":\"https:\\\/\\\/schema.org\",\"@graph\":[{\"@type\":\"Article\",\"@id\":\"https:\\\/\\\/www.ayadvogados.com.br\\\/?p=1457#article\",\"isPartOf\":{\"@id\":\"https:\\\/\\\/www.ayadvogados.com.br\\\/?p=1457\"},\"author\":{\"name\":\"AY Advogados\",\"@id\":\"https:\\\/\\\/www.ayadvogados.com.br\\\/#\\\/schema\\\/person\\\/4abfbf03ad3e577e691d333af064a912\"},\"headline\":\"Contribuintes obt\u00eam liminares contra cobran\u00e7as retroativas de ISS\",\"datePublished\":\"2021-08-23T18:11:06+00:00\",\"mainEntityOfPage\":{\"@id\":\"https:\\\/\\\/www.ayadvogados.com.br\\\/?p=1457\"},\"wordCount\":1144,\"commentCount\":0,\"publisher\":{\"@id\":\"https:\\\/\\\/www.ayadvogados.com.br\\\/#organization\"},\"image\":{\"@id\":\"https:\\\/\\\/www.ayadvogados.com.br\\\/?p=1457#primaryimage\"},\"thumbnailUrl\":\"https:\\\/\\\/www.ayadvogados.com.br\\\/wp-content\\\/uploads\\\/2021\\\/08\\\/Blog-12.png\",\"keywords\":[\"amaral yazbek\",\"podcast tribut\u00e1rio\"],\"articleSection\":[\"Not\u00edcia do Dia\"],\"inLanguage\":\"pt-BR\",\"potentialAction\":[{\"@type\":\"CommentAction\",\"name\":\"Comment\",\"target\":[\"https:\\\/\\\/www.ayadvogados.com.br\\\/?p=1457#respond\"]}]},{\"@type\":\"WebPage\",\"@id\":\"https:\\\/\\\/www.ayadvogados.com.br\\\/?p=1457\",\"url\":\"https:\\\/\\\/www.ayadvogados.com.br\\\/?p=1457\",\"name\":\"Contribuintes obt\u00eam liminares contra cobran\u00e7as retroativas de ISS - Amaral, Yazbek Advogados\",\"isPartOf\":{\"@id\":\"https:\\\/\\\/www.ayadvogados.com.br\\\/#website\"},\"primaryImageOfPage\":{\"@id\":\"https:\\\/\\\/www.ayadvogados.com.br\\\/?p=1457#primaryimage\"},\"image\":{\"@id\":\"https:\\\/\\\/www.ayadvogados.com.br\\\/?p=1457#primaryimage\"},\"thumbnailUrl\":\"https:\\\/\\\/www.ayadvogados.com.br\\\/wp-content\\\/uploads\\\/2021\\\/08\\\/Blog-12.png\",\"datePublished\":\"2021-08-23T18:11:06+00:00\",\"breadcrumb\":{\"@id\":\"https:\\\/\\\/www.ayadvogados.com.br\\\/?p=1457#breadcrumb\"},\"inLanguage\":\"pt-BR\",\"potentialAction\":[{\"@type\":\"ReadAction\",\"target\":[\"https:\\\/\\\/www.ayadvogados.com.br\\\/?p=1457\"]}]},{\"@type\":\"ImageObject\",\"inLanguage\":\"pt-BR\",\"@id\":\"https:\\\/\\\/www.ayadvogados.com.br\\\/?p=1457#primaryimage\",\"url\":\"https:\\\/\\\/www.ayadvogados.com.br\\\/wp-content\\\/uploads\\\/2021\\\/08\\\/Blog-12.png\",\"contentUrl\":\"https:\\\/\\\/www.ayadvogados.com.br\\\/wp-content\\\/uploads\\\/2021\\\/08\\\/Blog-12.png\",\"width\":1000,\"height\":620},{\"@type\":\"BreadcrumbList\",\"@id\":\"https:\\\/\\\/www.ayadvogados.com.br\\\/?p=1457#breadcrumb\",\"itemListElement\":[{\"@type\":\"ListItem\",\"position\":1,\"name\":\"In\u00edcio\",\"item\":\"https:\\\/\\\/www.ayadvogados.com.br\\\/\"},{\"@type\":\"ListItem\",\"position\":2,\"name\":\"Contribuintes obt\u00eam liminares contra cobran\u00e7as retroativas de ISS\"}]},{\"@type\":\"WebSite\",\"@id\":\"https:\\\/\\\/www.ayadvogados.com.br\\\/#website\",\"url\":\"https:\\\/\\\/www.ayadvogados.com.br\\\/\",\"name\":\"Amaral, Yazbek Advogados\",\"description\":\"Curitiba \u2022 Bras\u00edlia \u2022 S\u00e3o Paulo\",\"publisher\":{\"@id\":\"https:\\\/\\\/www.ayadvogados.com.br\\\/#organization\"},\"potentialAction\":[{\"@type\":\"SearchAction\",\"target\":{\"@type\":\"EntryPoint\",\"urlTemplate\":\"https:\\\/\\\/www.ayadvogados.com.br\\\/?s={search_term_string}\"},\"query-input\":{\"@type\":\"PropertyValueSpecification\",\"valueRequired\":true,\"valueName\":\"search_term_string\"}}],\"inLanguage\":\"pt-BR\"},{\"@type\":\"Organization\",\"@id\":\"https:\\\/\\\/www.ayadvogados.com.br\\\/#organization\",\"name\":\"Amaral, Yazbek Advogados\",\"url\":\"https:\\\/\\\/www.ayadvogados.com.br\\\/\",\"logo\":{\"@type\":\"ImageObject\",\"inLanguage\":\"pt-BR\",\"@id\":\"https:\\\/\\\/www.ayadvogados.com.br\\\/#\\\/schema\\\/logo\\\/image\\\/\",\"url\":\"http:\\\/\\\/34.239.117.254\\\/wp-content\\\/uploads\\\/2021\\\/03\\\/logo-ay-g.png\",\"contentUrl\":\"http:\\\/\\\/34.239.117.254\\\/wp-content\\\/uploads\\\/2021\\\/03\\\/logo-ay-g.png\",\"width\":434,\"height\":106,\"caption\":\"Amaral, Yazbek Advogados\"},\"image\":{\"@id\":\"https:\\\/\\\/www.ayadvogados.com.br\\\/#\\\/schema\\\/logo\\\/image\\\/\"},\"sameAs\":[\"https:\\\/\\\/www.facebook.com\\\/AYadvogados\",\"https:\\\/\\\/www.instagram.com\\\/ayadvogados\\\/\"]},{\"@type\":\"Person\",\"@id\":\"https:\\\/\\\/www.ayadvogados.com.br\\\/#\\\/schema\\\/person\\\/4abfbf03ad3e577e691d333af064a912\",\"name\":\"AY Advogados\",\"image\":{\"@type\":\"ImageObject\",\"inLanguage\":\"pt-BR\",\"@id\":\"https:\\\/\\\/secure.gravatar.com\\\/avatar\\\/1473912b851241f5503026e6156e144dcd83ff7addb67f65e1ed9ca21ee1d9cf?s=96&d=mm&r=g\",\"url\":\"https:\\\/\\\/secure.gravatar.com\\\/avatar\\\/1473912b851241f5503026e6156e144dcd83ff7addb67f65e1ed9ca21ee1d9cf?s=96&d=mm&r=g\",\"contentUrl\":\"https:\\\/\\\/secure.gravatar.com\\\/avatar\\\/1473912b851241f5503026e6156e144dcd83ff7addb67f65e1ed9ca21ee1d9cf?s=96&d=mm&r=g\",\"caption\":\"AY Advogados\"},\"sameAs\":[\"https:\\\/\\\/ayadvogados.com.br\"],\"url\":\"https:\\\/\\\/www.ayadvogados.com.br\\\/?author=2\"}]}<\/script>\n<!-- \/ Yoast SEO plugin. -->","yoast_head_json":{"title":"Contribuintes obt\u00eam liminares contra cobran\u00e7as retroativas de ISS - Amaral, Yazbek Advogados","robots":{"index":"index","follow":"follow","max-snippet":"max-snippet:-1","max-image-preview":"max-image-preview:large","max-video-preview":"max-video-preview:-1"},"canonical":"https:\/\/www.ayadvogados.com.br\/?p=1457","og_locale":"pt_BR","og_type":"article","og_title":"Contribuintes obt\u00eam liminares contra cobran\u00e7as retroativas de ISS - Amaral, Yazbek Advogados","og_description":"Contribuintes obt\u00eam liminares contra cobran\u00e7as retroativas de ISS | Legisla\u00e7\u00e3o | Valor Econ\u00f4mico Barueri, cidade da regi\u00e3o metropolitana de S\u00e3o Paulo conhecida por atrair empresas com a al\u00edquota reduzida de ISS &#8211; cobra 2%, enquanto na capital, por exemplo, o percentual chega a 5% -, trava agora um embate com os contribuintes. O munic\u00edpio ampliou [&hellip;]","og_url":"https:\/\/www.ayadvogados.com.br\/?p=1457","og_site_name":"Amaral, Yazbek Advogados","article_publisher":"https:\/\/www.facebook.com\/AYadvogados","article_published_time":"2021-08-23T18:11:06+00:00","og_image":[{"width":1000,"height":620,"url":"https:\/\/www.ayadvogados.com.br\/wp-content\/uploads\/2021\/08\/Blog-12.png","type":"image\/png"}],"author":"AY Advogados","twitter_card":"summary_large_image","twitter_misc":{"Escrito por":"AY Advogados","Est. tempo de leitura":"6 minutos"},"schema":{"@context":"https:\/\/schema.org","@graph":[{"@type":"Article","@id":"https:\/\/www.ayadvogados.com.br\/?p=1457#article","isPartOf":{"@id":"https:\/\/www.ayadvogados.com.br\/?p=1457"},"author":{"name":"AY Advogados","@id":"https:\/\/www.ayadvogados.com.br\/#\/schema\/person\/4abfbf03ad3e577e691d333af064a912"},"headline":"Contribuintes obt\u00eam liminares contra cobran\u00e7as retroativas de ISS","datePublished":"2021-08-23T18:11:06+00:00","mainEntityOfPage":{"@id":"https:\/\/www.ayadvogados.com.br\/?p=1457"},"wordCount":1144,"commentCount":0,"publisher":{"@id":"https:\/\/www.ayadvogados.com.br\/#organization"},"image":{"@id":"https:\/\/www.ayadvogados.com.br\/?p=1457#primaryimage"},"thumbnailUrl":"https:\/\/www.ayadvogados.com.br\/wp-content\/uploads\/2021\/08\/Blog-12.png","keywords":["amaral yazbek","podcast tribut\u00e1rio"],"articleSection":["Not\u00edcia do Dia"],"inLanguage":"pt-BR","potentialAction":[{"@type":"CommentAction","name":"Comment","target":["https:\/\/www.ayadvogados.com.br\/?p=1457#respond"]}]},{"@type":"WebPage","@id":"https:\/\/www.ayadvogados.com.br\/?p=1457","url":"https:\/\/www.ayadvogados.com.br\/?p=1457","name":"Contribuintes obt\u00eam liminares contra cobran\u00e7as retroativas de ISS - Amaral, Yazbek Advogados","isPartOf":{"@id":"https:\/\/www.ayadvogados.com.br\/#website"},"primaryImageOfPage":{"@id":"https:\/\/www.ayadvogados.com.br\/?p=1457#primaryimage"},"image":{"@id":"https:\/\/www.ayadvogados.com.br\/?p=1457#primaryimage"},"thumbnailUrl":"https:\/\/www.ayadvogados.com.br\/wp-content\/uploads\/2021\/08\/Blog-12.png","datePublished":"2021-08-23T18:11:06+00:00","breadcrumb":{"@id":"https:\/\/www.ayadvogados.com.br\/?p=1457#breadcrumb"},"inLanguage":"pt-BR","potentialAction":[{"@type":"ReadAction","target":["https:\/\/www.ayadvogados.com.br\/?p=1457"]}]},{"@type":"ImageObject","inLanguage":"pt-BR","@id":"https:\/\/www.ayadvogados.com.br\/?p=1457#primaryimage","url":"https:\/\/www.ayadvogados.com.br\/wp-content\/uploads\/2021\/08\/Blog-12.png","contentUrl":"https:\/\/www.ayadvogados.com.br\/wp-content\/uploads\/2021\/08\/Blog-12.png","width":1000,"height":620},{"@type":"BreadcrumbList","@id":"https:\/\/www.ayadvogados.com.br\/?p=1457#breadcrumb","itemListElement":[{"@type":"ListItem","position":1,"name":"In\u00edcio","item":"https:\/\/www.ayadvogados.com.br\/"},{"@type":"ListItem","position":2,"name":"Contribuintes obt\u00eam liminares contra cobran\u00e7as retroativas de ISS"}]},{"@type":"WebSite","@id":"https:\/\/www.ayadvogados.com.br\/#website","url":"https:\/\/www.ayadvogados.com.br\/","name":"Amaral, Yazbek Advogados","description":"Curitiba \u2022 Bras\u00edlia \u2022 S\u00e3o Paulo","publisher":{"@id":"https:\/\/www.ayadvogados.com.br\/#organization"},"potentialAction":[{"@type":"SearchAction","target":{"@type":"EntryPoint","urlTemplate":"https:\/\/www.ayadvogados.com.br\/?s={search_term_string}"},"query-input":{"@type":"PropertyValueSpecification","valueRequired":true,"valueName":"search_term_string"}}],"inLanguage":"pt-BR"},{"@type":"Organization","@id":"https:\/\/www.ayadvogados.com.br\/#organization","name":"Amaral, Yazbek Advogados","url":"https:\/\/www.ayadvogados.com.br\/","logo":{"@type":"ImageObject","inLanguage":"pt-BR","@id":"https:\/\/www.ayadvogados.com.br\/#\/schema\/logo\/image\/","url":"http:\/\/34.239.117.254\/wp-content\/uploads\/2021\/03\/logo-ay-g.png","contentUrl":"http:\/\/34.239.117.254\/wp-content\/uploads\/2021\/03\/logo-ay-g.png","width":434,"height":106,"caption":"Amaral, Yazbek Advogados"},"image":{"@id":"https:\/\/www.ayadvogados.com.br\/#\/schema\/logo\/image\/"},"sameAs":["https:\/\/www.facebook.com\/AYadvogados","https:\/\/www.instagram.com\/ayadvogados\/"]},{"@type":"Person","@id":"https:\/\/www.ayadvogados.com.br\/#\/schema\/person\/4abfbf03ad3e577e691d333af064a912","name":"AY Advogados","image":{"@type":"ImageObject","inLanguage":"pt-BR","@id":"https:\/\/secure.gravatar.com\/avatar\/1473912b851241f5503026e6156e144dcd83ff7addb67f65e1ed9ca21ee1d9cf?s=96&d=mm&r=g","url":"https:\/\/secure.gravatar.com\/avatar\/1473912b851241f5503026e6156e144dcd83ff7addb67f65e1ed9ca21ee1d9cf?s=96&d=mm&r=g","contentUrl":"https:\/\/secure.gravatar.com\/avatar\/1473912b851241f5503026e6156e144dcd83ff7addb67f65e1ed9ca21ee1d9cf?s=96&d=mm&r=g","caption":"AY Advogados"},"sameAs":["https:\/\/ayadvogados.com.br"],"url":"https:\/\/www.ayadvogados.com.br\/?author=2"}]}},"rttpg_featured_image_url":{"full":["https:\/\/www.ayadvogados.com.br\/wp-content\/uploads\/2021\/08\/Blog-12.png",1000,620,false],"landscape":["https:\/\/www.ayadvogados.com.br\/wp-content\/uploads\/2021\/08\/Blog-12.png",1000,620,false],"portraits":["https:\/\/www.ayadvogados.com.br\/wp-content\/uploads\/2021\/08\/Blog-12.png",1000,620,false],"thumbnail":["https:\/\/www.ayadvogados.com.br\/wp-content\/uploads\/2021\/08\/Blog-12-150x150.png",150,150,true],"medium":["https:\/\/www.ayadvogados.com.br\/wp-content\/uploads\/2021\/08\/Blog-12-300x186.png",300,186,true],"large":["https:\/\/www.ayadvogados.com.br\/wp-content\/uploads\/2021\/08\/Blog-12.png",1000,620,false],"1536x1536":["https:\/\/www.ayadvogados.com.br\/wp-content\/uploads\/2021\/08\/Blog-12.png",1000,620,false],"2048x2048":["https:\/\/www.ayadvogados.com.br\/wp-content\/uploads\/2021\/08\/Blog-12.png",1000,620,false]},"rttpg_author":{"display_name":"AY Advogados","author_link":"https:\/\/www.ayadvogados.com.br\/?author=2"},"rttpg_comment":0,"rttpg_category":"<a href=\"https:\/\/www.ayadvogados.com.br\/?cat=1\" rel=\"category\">Not\u00edcia do Dia<\/a>","rttpg_excerpt":"Contribuintes obt\u00eam liminares contra cobran\u00e7as retroativas de ISS | Legisla\u00e7\u00e3o | Valor Econ\u00f4mico Barueri, cidade da regi\u00e3o metropolitana de S\u00e3o Paulo conhecida por atrair empresas com a al\u00edquota reduzida de ISS &#8211; cobra 2%, enquanto na capital, por exemplo, o percentual chega a 5% -, trava agora um embate com os contribuintes. O munic\u00edpio ampliou&hellip;","_links":{"self":[{"href":"https:\/\/www.ayadvogados.com.br\/index.php?rest_route=\/wp\/v2\/posts\/1457","targetHints":{"allow":["GET"]}}],"collection":[{"href":"https:\/\/www.ayadvogados.com.br\/index.php?rest_route=\/wp\/v2\/posts"}],"about":[{"href":"https:\/\/www.ayadvogados.com.br\/index.php?rest_route=\/wp\/v2\/types\/post"}],"author":[{"embeddable":true,"href":"https:\/\/www.ayadvogados.com.br\/index.php?rest_route=\/wp\/v2\/users\/2"}],"replies":[{"embeddable":true,"href":"https:\/\/www.ayadvogados.com.br\/index.php?rest_route=%2Fwp%2Fv2%2Fcomments&post=1457"}],"version-history":[{"count":1,"href":"https:\/\/www.ayadvogados.com.br\/index.php?rest_route=\/wp\/v2\/posts\/1457\/revisions"}],"predecessor-version":[{"id":1459,"href":"https:\/\/www.ayadvogados.com.br\/index.php?rest_route=\/wp\/v2\/posts\/1457\/revisions\/1459"}],"wp:featuredmedia":[{"embeddable":true,"href":"https:\/\/www.ayadvogados.com.br\/index.php?rest_route=\/wp\/v2\/media\/1458"}],"wp:attachment":[{"href":"https:\/\/www.ayadvogados.com.br\/index.php?rest_route=%2Fwp%2Fv2%2Fmedia&parent=1457"}],"wp:term":[{"taxonomy":"category","embeddable":true,"href":"https:\/\/www.ayadvogados.com.br\/index.php?rest_route=%2Fwp%2Fv2%2Fcategories&post=1457"},{"taxonomy":"post_tag","embeddable":true,"href":"https:\/\/www.ayadvogados.com.br\/index.php?rest_route=%2Fwp%2Fv2%2Ftags&post=1457"}],"curies":[{"name":"wp","href":"https:\/\/api.w.org\/{rel}","templated":true}]}}