{"id":1445,"date":"2021-08-20T15:07:27","date_gmt":"2021-08-20T18:07:27","guid":{"rendered":"http:\/\/34.239.117.254\/?p=1445"},"modified":"2021-08-20T15:07:27","modified_gmt":"2021-08-20T18:07:27","slug":"stf-retoma-julgamento-bilionario-sobre-exclusao-do-iss-do-pis-cofins","status":"publish","type":"post","link":"https:\/\/www.ayadvogados.com.br\/?p=1445","title":{"rendered":"STF retoma julgamento bilion\u00e1rio sobre exclus\u00e3o do ISS do PIS\/Cofins\u00a0"},"content":{"rendered":"\n<p>O Supremo Tribunal Federal (STF) retomou o julgamento de uma quest\u00e3o que pode custar R$ 32,3 bilh\u00f5es \u00e0 Uni\u00e3o em caso de derrota. Trata-se da exclus\u00e3o do ISS do c\u00e1lculo do PIS e da Cofins, uma das principais \u201cteses filhotes\u201d da retirada do ICMS da base das contribui\u00e7\u00f5es sociais \u2014 a chamada \u201ctese do s\u00e9culo\u201d.Pelo menos dois ministros j\u00e1 votaram, de formas opostas. Os ministros t\u00eam at\u00e9 a pr\u00f3xima sexta-feira para depositar os votos.&nbsp;<\/p>\n\n\n\n<p>O primeiro voto, do relator, ministro Celso de Mello, havia sido proferido a favor dos contribuintes, em agosto do ano passado. A an\u00e1lise do caso foi interrompida, naquela ocasi\u00e3o, por um pedido de vista de Dias Toffoli.<\/p>\n\n\n\n<p>No voto depositado hoje, Toffoli lembra que, no caso do ICMS na base do PIS e da Cofins \u2014 que Celso de Mello considera precedente para esse caso \u2014, ele ficou vencido junto com os ministros Edson Fachin, Roberto Barroso e Gilmar Mendes. \u201cContinuo convencido de que o ICMS integra a base de c\u00e1lculo do PIS e da Cofins\u201d, afirma Toffoli.&nbsp;<\/p>\n\n\n\n<p>O ministro destacou que aquele julgamento esteve ligado \u00e0 an\u00e1lise do imposto estadual e n\u00e3o se aplicaria ao ISS. Para Toffoli, o problema da inclus\u00e3o do imposto estadual na base de c\u00e1lculo das contribui\u00e7\u00f5es decorria de sua t\u00e9cnica de arrecada\u00e7\u00e3o, o que n\u00e3o acontece no ISS. \u201cO imposto municipal n\u00e3o est\u00e1 sujeito \u00e0 n\u00e3o cumulatividade. Ademais, n\u00e3o \u00e9 ele destacado na nota fiscal\u201d, afirma.&nbsp;<\/p>\n\n\n\n<p>Outros oito ministros ainda v\u00e3o se posicionar sobre o ISS. Como o Celso de Mello votou antes de se aposentar, Nunes Marques n\u00e3o vota (RE 592616)<\/p>\n\n\n\n<p>Com uma decis\u00e3o contr\u00e1ria, a arrecada\u00e7\u00e3o seria reduzida em R$ 6,1 bilh\u00f5es, segundo consta na Lei de Diretrizes Or\u00e7ament\u00e1rias (LDO). E pode alcan\u00e7ar R$ 32,3 bilh\u00f5es se o governo federal tiver que devolver os valores que foram pagos pelos contribuintes nos \u00faltimos cinco anos.&nbsp;<\/p>\n\n\n\n<p>Contexto&nbsp;<\/p>\n\n\n\n<p>As chamadas \u201cteses filhotes\u201d ganharam corpo com a exclus\u00e3o do ICMS do c\u00e1lculo do PIS e da Cofins. Os contribuintes, a partir dessa decis\u00e3o, passaram a defender que o mesmo entendimento deveria ser aplicado para discuss\u00f5es semelhantes envolvendo outros tributos.<\/p>\n\n\n\n<p>Duas dessas \u201cteses filhotes\u201d j\u00e1 foram julgadas pelo STF. Em ambos os casos, os contribuintes n\u00e3o conseguiram convencer os ministros. Tratavam sobre a exclus\u00e3o do ISS e do ICMS da base de c\u00e1lculo da Contribui\u00e7\u00e3o Previdenci\u00e1ria sobre a Receita Bruta (CPRB)<\/p>\n\n\n\n<p>Os ministros descolaram esses casos da \u201ctese do s\u00e9culo\u201d. Classificaram a CPRB como benef\u00edcio fiscal e, sendo assim, afirmaram, se mexessem no c\u00e1lculo \u2014 provocando redu\u00e7\u00e3o de tributo \u2014 o ampliariam demais (RE 1187264 e RE 1285845).<\/p>\n\n\n\n<p>Para advogados, no entanto, essa argumenta\u00e7\u00e3o n\u00e3o se aplica aos casos envolvendo PIS e Cofins. A \u00fanica diferen\u00e7a entre a exclus\u00e3o do ISS \u2014 que est\u00e1, agora, em pauta \u2014 e a \u201ctese do s\u00e9culo\u201d, dizem, \u00e9 que um envolve imposto municipal e o outro imposto estadual.<\/p>\n\n\n\n<p>Ao entender dessa forma ao votar a favor dos contribuintes, Celso de Mello, relator do caso, afirmou no voto que os fundamentos que deram suporte \u00e0 \u201ctese do s\u00e9culo\u201d s\u00e3o \u201cinteiramente\u201d aplic\u00e1veis ao julgamento atual (Colaborou Joice Bacelo).&nbsp;<\/p>\n\n\n\n<p>Fonte: <a href=\"https:\/\/valor.globo.com\/legislacao\/noticia\/2021\/08\/20\/stf-retoma-julgamento-bilionrio-sobre-excluso-do-iss-do-piscofins.ghtml\">Valor<\/a><\/p>\n\n\n\n<p>Quer estar sempre por dentro de assuntos relevantes e mat\u00e9rias exclusivas que comp\u00f5em o cen\u00e1rio tribut\u00e1rio e jur\u00eddico?<\/p>\n\n\n\n<p>Ou\u00e7a o DIN Cast, o podcast voltado para o mundo dos neg\u00f3cios que vai ajudar sua empresa a se tornar l\u00edder de mercado atrav\u00e9s da intelig\u00eancia de neg\u00f3cios<\/p>\n\n\n\n<p>Acesse nosso blog e confira:<\/p>\n\n\n\n<p>\ud83d\udc49http:\/\/ayadvogados.com.br\/category\/dincast\/<\/p>\n\n\n\n<p>Quer estar sempre atualizado sobre as novidades no setor tribut\u00e1rio?&nbsp;<\/p>\n\n\n\n<p>Siga a Amaral, Yazbek nas redes sociais:<\/p>\n\n\n\n<p>\ud83d\udc49Facebook: https:\/\/www.facebook.com\/AYadvogados\u200b<\/p>\n\n\n\n<p>\ud83d\udc49Instagram: https:\/\/www.instagram.com\/ayadvogados<\/p>\n\n\n\n<p>\ud83d\udc49Linkedin: https:\/\/www.linkedin.com\/company\/amaral-yazbek-advogados\/<\/p>\n\n\n\n<p>\ud83c\udf81 Queremos te oferecer um presente! Preparamos a 10\u00aa edi\u00e7\u00e3o da revista Governan\u00e7a Jur\u00eddica dando dicas de ordem tribut\u00e1ria para que os empres\u00e1rios, independentemente do porte do seu neg\u00f3cio, possam reduzir os seus custos no per\u00edodo dif\u00edcil em que estamos vivendo.&nbsp;<\/p>\n\n\n\n<p>\ud83d\udc49Baixe gratuitamente: http:\/\/ayadvogados.com.br\/revista\/<\/p>\n\n\n\n<p>A Amaral, Yazbek, Advogados, OAB-PR 762, atua com excel\u00eancia no setor tribut\u00e1rio h\u00e1 35 anos, auxiliando empresas a transformarem a tributa\u00e7\u00e3o em lucro.<\/p>\n","protected":false},"excerpt":{"rendered":"<p>O Supremo Tribunal Federal (STF) retomou o julgamento de uma quest\u00e3o que pode custar R$ 32,3 bilh\u00f5es \u00e0 Uni\u00e3o em caso de derrota. Trata-se da exclus\u00e3o do ISS do c\u00e1lculo do PIS e da Cofins, uma das principais \u201cteses filhotes\u201d da retirada do ICMS da base das contribui\u00e7\u00f5es sociais \u2014 a chamada \u201ctese do s\u00e9culo\u201d.Pelo [&hellip;]<\/p>\n","protected":false},"author":2,"featured_media":1446,"comment_status":"open","ping_status":"open","sticky":false,"template":"","format":"standard","meta":{"footnotes":""},"categories":[1],"tags":[9,10,63],"class_list":["post-1445","post","type-post","status-publish","format-standard","has-post-thumbnail","hentry","category-noticia-do-dia","tag-amaral-yazbek","tag-dincast","tag-noticia-do-dia"],"blocksy_meta":{"styles_descriptor":{"styles":{"desktop":"","tablet":"","mobile":""},"google_fonts":[],"version":6}},"yoast_head":"<!-- This site is optimized with the Yoast SEO plugin v27.5 - https:\/\/yoast.com\/product\/yoast-seo-wordpress\/ -->\n<title>STF retoma julgamento bilion\u00e1rio sobre exclus\u00e3o do ISS do PIS\/Cofins\u00a0 - Amaral, Yazbek Advogados<\/title>\n<meta name=\"robots\" content=\"index, follow, max-snippet:-1, max-image-preview:large, max-video-preview:-1\" \/>\n<link rel=\"canonical\" href=\"https:\/\/www.ayadvogados.com.br\/?p=1445\" \/>\n<meta property=\"og:locale\" content=\"pt_BR\" \/>\n<meta property=\"og:type\" content=\"article\" \/>\n<meta property=\"og:title\" content=\"STF retoma julgamento bilion\u00e1rio sobre exclus\u00e3o do ISS do PIS\/Cofins\u00a0 - Amaral, Yazbek Advogados\" \/>\n<meta property=\"og:description\" content=\"O Supremo Tribunal Federal (STF) retomou o julgamento de uma quest\u00e3o que pode custar R$ 32,3 bilh\u00f5es \u00e0 Uni\u00e3o em caso de derrota. Trata-se da exclus\u00e3o do ISS do c\u00e1lculo do PIS e da Cofins, uma das principais \u201cteses filhotes\u201d da retirada do ICMS da base das contribui\u00e7\u00f5es sociais \u2014 a chamada \u201ctese do s\u00e9culo\u201d.Pelo [&hellip;]\" \/>\n<meta property=\"og:url\" content=\"https:\/\/www.ayadvogados.com.br\/?p=1445\" \/>\n<meta property=\"og:site_name\" content=\"Amaral, Yazbek Advogados\" \/>\n<meta property=\"article:publisher\" content=\"https:\/\/www.facebook.com\/AYadvogados\" \/>\n<meta property=\"article:published_time\" content=\"2021-08-20T18:07:27+00:00\" \/>\n<meta property=\"og:image\" content=\"https:\/\/www.ayadvogados.com.br\/wp-content\/uploads\/2021\/08\/Blog-11.png\" \/>\n\t<meta property=\"og:image:width\" content=\"1000\" \/>\n\t<meta property=\"og:image:height\" content=\"620\" \/>\n\t<meta property=\"og:image:type\" content=\"image\/png\" \/>\n<meta name=\"author\" content=\"AY Advogados\" \/>\n<meta name=\"twitter:card\" content=\"summary_large_image\" \/>\n<meta name=\"twitter:label1\" content=\"Escrito por\" \/>\n\t<meta name=\"twitter:data1\" content=\"AY Advogados\" \/>\n\t<meta name=\"twitter:label2\" content=\"Est. tempo de leitura\" \/>\n\t<meta name=\"twitter:data2\" content=\"4 minutos\" \/>\n<script type=\"application\/ld+json\" class=\"yoast-schema-graph\">{\"@context\":\"https:\\\/\\\/schema.org\",\"@graph\":[{\"@type\":\"Article\",\"@id\":\"https:\\\/\\\/www.ayadvogados.com.br\\\/?p=1445#article\",\"isPartOf\":{\"@id\":\"https:\\\/\\\/www.ayadvogados.com.br\\\/?p=1445\"},\"author\":{\"name\":\"AY Advogados\",\"@id\":\"https:\\\/\\\/www.ayadvogados.com.br\\\/#\\\/schema\\\/person\\\/4abfbf03ad3e577e691d333af064a912\"},\"headline\":\"STF retoma julgamento bilion\u00e1rio sobre exclus\u00e3o do ISS do PIS\\\/Cofins\u00a0\",\"datePublished\":\"2021-08-20T18:07:27+00:00\",\"mainEntityOfPage\":{\"@id\":\"https:\\\/\\\/www.ayadvogados.com.br\\\/?p=1445\"},\"wordCount\":752,\"commentCount\":0,\"publisher\":{\"@id\":\"https:\\\/\\\/www.ayadvogados.com.br\\\/#organization\"},\"image\":{\"@id\":\"https:\\\/\\\/www.ayadvogados.com.br\\\/?p=1445#primaryimage\"},\"thumbnailUrl\":\"https:\\\/\\\/www.ayadvogados.com.br\\\/wp-content\\\/uploads\\\/2021\\\/08\\\/Blog-11.png\",\"keywords\":[\"amaral yazbek\",\"dincast\",\"noticia do dia\"],\"articleSection\":[\"Not\u00edcia do Dia\"],\"inLanguage\":\"pt-BR\",\"potentialAction\":[{\"@type\":\"CommentAction\",\"name\":\"Comment\",\"target\":[\"https:\\\/\\\/www.ayadvogados.com.br\\\/?p=1445#respond\"]}]},{\"@type\":\"WebPage\",\"@id\":\"https:\\\/\\\/www.ayadvogados.com.br\\\/?p=1445\",\"url\":\"https:\\\/\\\/www.ayadvogados.com.br\\\/?p=1445\",\"name\":\"STF retoma julgamento bilion\u00e1rio sobre exclus\u00e3o do ISS do PIS\\\/Cofins\u00a0 - Amaral, Yazbek Advogados\",\"isPartOf\":{\"@id\":\"https:\\\/\\\/www.ayadvogados.com.br\\\/#website\"},\"primaryImageOfPage\":{\"@id\":\"https:\\\/\\\/www.ayadvogados.com.br\\\/?p=1445#primaryimage\"},\"image\":{\"@id\":\"https:\\\/\\\/www.ayadvogados.com.br\\\/?p=1445#primaryimage\"},\"thumbnailUrl\":\"https:\\\/\\\/www.ayadvogados.com.br\\\/wp-content\\\/uploads\\\/2021\\\/08\\\/Blog-11.png\",\"datePublished\":\"2021-08-20T18:07:27+00:00\",\"breadcrumb\":{\"@id\":\"https:\\\/\\\/www.ayadvogados.com.br\\\/?p=1445#breadcrumb\"},\"inLanguage\":\"pt-BR\",\"potentialAction\":[{\"@type\":\"ReadAction\",\"target\":[\"https:\\\/\\\/www.ayadvogados.com.br\\\/?p=1445\"]}]},{\"@type\":\"ImageObject\",\"inLanguage\":\"pt-BR\",\"@id\":\"https:\\\/\\\/www.ayadvogados.com.br\\\/?p=1445#primaryimage\",\"url\":\"https:\\\/\\\/www.ayadvogados.com.br\\\/wp-content\\\/uploads\\\/2021\\\/08\\\/Blog-11.png\",\"contentUrl\":\"https:\\\/\\\/www.ayadvogados.com.br\\\/wp-content\\\/uploads\\\/2021\\\/08\\\/Blog-11.png\",\"width\":1000,\"height\":620},{\"@type\":\"BreadcrumbList\",\"@id\":\"https:\\\/\\\/www.ayadvogados.com.br\\\/?p=1445#breadcrumb\",\"itemListElement\":[{\"@type\":\"ListItem\",\"position\":1,\"name\":\"In\u00edcio\",\"item\":\"https:\\\/\\\/www.ayadvogados.com.br\\\/\"},{\"@type\":\"ListItem\",\"position\":2,\"name\":\"STF retoma julgamento bilion\u00e1rio sobre exclus\u00e3o do ISS do PIS\\\/Cofins\u00a0\"}]},{\"@type\":\"WebSite\",\"@id\":\"https:\\\/\\\/www.ayadvogados.com.br\\\/#website\",\"url\":\"https:\\\/\\\/www.ayadvogados.com.br\\\/\",\"name\":\"Amaral, Yazbek Advogados\",\"description\":\"Curitiba \u2022 Bras\u00edlia \u2022 S\u00e3o Paulo\",\"publisher\":{\"@id\":\"https:\\\/\\\/www.ayadvogados.com.br\\\/#organization\"},\"potentialAction\":[{\"@type\":\"SearchAction\",\"target\":{\"@type\":\"EntryPoint\",\"urlTemplate\":\"https:\\\/\\\/www.ayadvogados.com.br\\\/?s={search_term_string}\"},\"query-input\":{\"@type\":\"PropertyValueSpecification\",\"valueRequired\":true,\"valueName\":\"search_term_string\"}}],\"inLanguage\":\"pt-BR\"},{\"@type\":\"Organization\",\"@id\":\"https:\\\/\\\/www.ayadvogados.com.br\\\/#organization\",\"name\":\"Amaral, Yazbek Advogados\",\"url\":\"https:\\\/\\\/www.ayadvogados.com.br\\\/\",\"logo\":{\"@type\":\"ImageObject\",\"inLanguage\":\"pt-BR\",\"@id\":\"https:\\\/\\\/www.ayadvogados.com.br\\\/#\\\/schema\\\/logo\\\/image\\\/\",\"url\":\"http:\\\/\\\/34.239.117.254\\\/wp-content\\\/uploads\\\/2021\\\/03\\\/logo-ay-g.png\",\"contentUrl\":\"http:\\\/\\\/34.239.117.254\\\/wp-content\\\/uploads\\\/2021\\\/03\\\/logo-ay-g.png\",\"width\":434,\"height\":106,\"caption\":\"Amaral, Yazbek Advogados\"},\"image\":{\"@id\":\"https:\\\/\\\/www.ayadvogados.com.br\\\/#\\\/schema\\\/logo\\\/image\\\/\"},\"sameAs\":[\"https:\\\/\\\/www.facebook.com\\\/AYadvogados\",\"https:\\\/\\\/www.instagram.com\\\/ayadvogados\\\/\"]},{\"@type\":\"Person\",\"@id\":\"https:\\\/\\\/www.ayadvogados.com.br\\\/#\\\/schema\\\/person\\\/4abfbf03ad3e577e691d333af064a912\",\"name\":\"AY Advogados\",\"image\":{\"@type\":\"ImageObject\",\"inLanguage\":\"pt-BR\",\"@id\":\"https:\\\/\\\/secure.gravatar.com\\\/avatar\\\/1473912b851241f5503026e6156e144dcd83ff7addb67f65e1ed9ca21ee1d9cf?s=96&d=mm&r=g\",\"url\":\"https:\\\/\\\/secure.gravatar.com\\\/avatar\\\/1473912b851241f5503026e6156e144dcd83ff7addb67f65e1ed9ca21ee1d9cf?s=96&d=mm&r=g\",\"contentUrl\":\"https:\\\/\\\/secure.gravatar.com\\\/avatar\\\/1473912b851241f5503026e6156e144dcd83ff7addb67f65e1ed9ca21ee1d9cf?s=96&d=mm&r=g\",\"caption\":\"AY Advogados\"},\"sameAs\":[\"https:\\\/\\\/ayadvogados.com.br\"],\"url\":\"https:\\\/\\\/www.ayadvogados.com.br\\\/?author=2\"}]}<\/script>\n<!-- \/ Yoast SEO plugin. -->","yoast_head_json":{"title":"STF retoma julgamento bilion\u00e1rio sobre exclus\u00e3o do ISS do PIS\/Cofins\u00a0 - Amaral, Yazbek Advogados","robots":{"index":"index","follow":"follow","max-snippet":"max-snippet:-1","max-image-preview":"max-image-preview:large","max-video-preview":"max-video-preview:-1"},"canonical":"https:\/\/www.ayadvogados.com.br\/?p=1445","og_locale":"pt_BR","og_type":"article","og_title":"STF retoma julgamento bilion\u00e1rio sobre exclus\u00e3o do ISS do PIS\/Cofins\u00a0 - Amaral, Yazbek Advogados","og_description":"O Supremo Tribunal Federal (STF) retomou o julgamento de uma quest\u00e3o que pode custar R$ 32,3 bilh\u00f5es \u00e0 Uni\u00e3o em caso de derrota. Trata-se da exclus\u00e3o do ISS do c\u00e1lculo do PIS e da Cofins, uma das principais \u201cteses filhotes\u201d da retirada do ICMS da base das contribui\u00e7\u00f5es sociais \u2014 a chamada \u201ctese do s\u00e9culo\u201d.Pelo [&hellip;]","og_url":"https:\/\/www.ayadvogados.com.br\/?p=1445","og_site_name":"Amaral, Yazbek Advogados","article_publisher":"https:\/\/www.facebook.com\/AYadvogados","article_published_time":"2021-08-20T18:07:27+00:00","og_image":[{"width":1000,"height":620,"url":"https:\/\/www.ayadvogados.com.br\/wp-content\/uploads\/2021\/08\/Blog-11.png","type":"image\/png"}],"author":"AY Advogados","twitter_card":"summary_large_image","twitter_misc":{"Escrito por":"AY Advogados","Est. tempo de leitura":"4 minutos"},"schema":{"@context":"https:\/\/schema.org","@graph":[{"@type":"Article","@id":"https:\/\/www.ayadvogados.com.br\/?p=1445#article","isPartOf":{"@id":"https:\/\/www.ayadvogados.com.br\/?p=1445"},"author":{"name":"AY Advogados","@id":"https:\/\/www.ayadvogados.com.br\/#\/schema\/person\/4abfbf03ad3e577e691d333af064a912"},"headline":"STF retoma julgamento bilion\u00e1rio sobre exclus\u00e3o do ISS do PIS\/Cofins\u00a0","datePublished":"2021-08-20T18:07:27+00:00","mainEntityOfPage":{"@id":"https:\/\/www.ayadvogados.com.br\/?p=1445"},"wordCount":752,"commentCount":0,"publisher":{"@id":"https:\/\/www.ayadvogados.com.br\/#organization"},"image":{"@id":"https:\/\/www.ayadvogados.com.br\/?p=1445#primaryimage"},"thumbnailUrl":"https:\/\/www.ayadvogados.com.br\/wp-content\/uploads\/2021\/08\/Blog-11.png","keywords":["amaral yazbek","dincast","noticia do dia"],"articleSection":["Not\u00edcia do Dia"],"inLanguage":"pt-BR","potentialAction":[{"@type":"CommentAction","name":"Comment","target":["https:\/\/www.ayadvogados.com.br\/?p=1445#respond"]}]},{"@type":"WebPage","@id":"https:\/\/www.ayadvogados.com.br\/?p=1445","url":"https:\/\/www.ayadvogados.com.br\/?p=1445","name":"STF retoma julgamento bilion\u00e1rio sobre exclus\u00e3o do ISS do PIS\/Cofins\u00a0 - Amaral, Yazbek Advogados","isPartOf":{"@id":"https:\/\/www.ayadvogados.com.br\/#website"},"primaryImageOfPage":{"@id":"https:\/\/www.ayadvogados.com.br\/?p=1445#primaryimage"},"image":{"@id":"https:\/\/www.ayadvogados.com.br\/?p=1445#primaryimage"},"thumbnailUrl":"https:\/\/www.ayadvogados.com.br\/wp-content\/uploads\/2021\/08\/Blog-11.png","datePublished":"2021-08-20T18:07:27+00:00","breadcrumb":{"@id":"https:\/\/www.ayadvogados.com.br\/?p=1445#breadcrumb"},"inLanguage":"pt-BR","potentialAction":[{"@type":"ReadAction","target":["https:\/\/www.ayadvogados.com.br\/?p=1445"]}]},{"@type":"ImageObject","inLanguage":"pt-BR","@id":"https:\/\/www.ayadvogados.com.br\/?p=1445#primaryimage","url":"https:\/\/www.ayadvogados.com.br\/wp-content\/uploads\/2021\/08\/Blog-11.png","contentUrl":"https:\/\/www.ayadvogados.com.br\/wp-content\/uploads\/2021\/08\/Blog-11.png","width":1000,"height":620},{"@type":"BreadcrumbList","@id":"https:\/\/www.ayadvogados.com.br\/?p=1445#breadcrumb","itemListElement":[{"@type":"ListItem","position":1,"name":"In\u00edcio","item":"https:\/\/www.ayadvogados.com.br\/"},{"@type":"ListItem","position":2,"name":"STF retoma julgamento bilion\u00e1rio sobre exclus\u00e3o do ISS do PIS\/Cofins\u00a0"}]},{"@type":"WebSite","@id":"https:\/\/www.ayadvogados.com.br\/#website","url":"https:\/\/www.ayadvogados.com.br\/","name":"Amaral, Yazbek Advogados","description":"Curitiba \u2022 Bras\u00edlia \u2022 S\u00e3o Paulo","publisher":{"@id":"https:\/\/www.ayadvogados.com.br\/#organization"},"potentialAction":[{"@type":"SearchAction","target":{"@type":"EntryPoint","urlTemplate":"https:\/\/www.ayadvogados.com.br\/?s={search_term_string}"},"query-input":{"@type":"PropertyValueSpecification","valueRequired":true,"valueName":"search_term_string"}}],"inLanguage":"pt-BR"},{"@type":"Organization","@id":"https:\/\/www.ayadvogados.com.br\/#organization","name":"Amaral, Yazbek Advogados","url":"https:\/\/www.ayadvogados.com.br\/","logo":{"@type":"ImageObject","inLanguage":"pt-BR","@id":"https:\/\/www.ayadvogados.com.br\/#\/schema\/logo\/image\/","url":"http:\/\/34.239.117.254\/wp-content\/uploads\/2021\/03\/logo-ay-g.png","contentUrl":"http:\/\/34.239.117.254\/wp-content\/uploads\/2021\/03\/logo-ay-g.png","width":434,"height":106,"caption":"Amaral, Yazbek Advogados"},"image":{"@id":"https:\/\/www.ayadvogados.com.br\/#\/schema\/logo\/image\/"},"sameAs":["https:\/\/www.facebook.com\/AYadvogados","https:\/\/www.instagram.com\/ayadvogados\/"]},{"@type":"Person","@id":"https:\/\/www.ayadvogados.com.br\/#\/schema\/person\/4abfbf03ad3e577e691d333af064a912","name":"AY Advogados","image":{"@type":"ImageObject","inLanguage":"pt-BR","@id":"https:\/\/secure.gravatar.com\/avatar\/1473912b851241f5503026e6156e144dcd83ff7addb67f65e1ed9ca21ee1d9cf?s=96&d=mm&r=g","url":"https:\/\/secure.gravatar.com\/avatar\/1473912b851241f5503026e6156e144dcd83ff7addb67f65e1ed9ca21ee1d9cf?s=96&d=mm&r=g","contentUrl":"https:\/\/secure.gravatar.com\/avatar\/1473912b851241f5503026e6156e144dcd83ff7addb67f65e1ed9ca21ee1d9cf?s=96&d=mm&r=g","caption":"AY Advogados"},"sameAs":["https:\/\/ayadvogados.com.br"],"url":"https:\/\/www.ayadvogados.com.br\/?author=2"}]}},"rttpg_featured_image_url":{"full":["https:\/\/www.ayadvogados.com.br\/wp-content\/uploads\/2021\/08\/Blog-11.png",1000,620,false],"landscape":["https:\/\/www.ayadvogados.com.br\/wp-content\/uploads\/2021\/08\/Blog-11.png",1000,620,false],"portraits":["https:\/\/www.ayadvogados.com.br\/wp-content\/uploads\/2021\/08\/Blog-11.png",1000,620,false],"thumbnail":["https:\/\/www.ayadvogados.com.br\/wp-content\/uploads\/2021\/08\/Blog-11-150x150.png",150,150,true],"medium":["https:\/\/www.ayadvogados.com.br\/wp-content\/uploads\/2021\/08\/Blog-11-300x186.png",300,186,true],"large":["https:\/\/www.ayadvogados.com.br\/wp-content\/uploads\/2021\/08\/Blog-11.png",1000,620,false],"1536x1536":["https:\/\/www.ayadvogados.com.br\/wp-content\/uploads\/2021\/08\/Blog-11.png",1000,620,false],"2048x2048":["https:\/\/www.ayadvogados.com.br\/wp-content\/uploads\/2021\/08\/Blog-11.png",1000,620,false]},"rttpg_author":{"display_name":"AY Advogados","author_link":"https:\/\/www.ayadvogados.com.br\/?author=2"},"rttpg_comment":0,"rttpg_category":"<a href=\"https:\/\/www.ayadvogados.com.br\/?cat=1\" rel=\"category\">Not\u00edcia do Dia<\/a>","rttpg_excerpt":"O Supremo Tribunal Federal (STF) retomou o julgamento de uma quest\u00e3o que pode custar R$ 32,3 bilh\u00f5es \u00e0 Uni\u00e3o em caso de derrota. Trata-se da exclus\u00e3o do ISS do c\u00e1lculo do PIS e da Cofins, uma das principais \u201cteses filhotes\u201d da retirada do ICMS da base das contribui\u00e7\u00f5es sociais \u2014 a chamada \u201ctese do s\u00e9culo\u201d.Pelo&hellip;","_links":{"self":[{"href":"https:\/\/www.ayadvogados.com.br\/index.php?rest_route=\/wp\/v2\/posts\/1445","targetHints":{"allow":["GET"]}}],"collection":[{"href":"https:\/\/www.ayadvogados.com.br\/index.php?rest_route=\/wp\/v2\/posts"}],"about":[{"href":"https:\/\/www.ayadvogados.com.br\/index.php?rest_route=\/wp\/v2\/types\/post"}],"author":[{"embeddable":true,"href":"https:\/\/www.ayadvogados.com.br\/index.php?rest_route=\/wp\/v2\/users\/2"}],"replies":[{"embeddable":true,"href":"https:\/\/www.ayadvogados.com.br\/index.php?rest_route=%2Fwp%2Fv2%2Fcomments&post=1445"}],"version-history":[{"count":1,"href":"https:\/\/www.ayadvogados.com.br\/index.php?rest_route=\/wp\/v2\/posts\/1445\/revisions"}],"predecessor-version":[{"id":1447,"href":"https:\/\/www.ayadvogados.com.br\/index.php?rest_route=\/wp\/v2\/posts\/1445\/revisions\/1447"}],"wp:featuredmedia":[{"embeddable":true,"href":"https:\/\/www.ayadvogados.com.br\/index.php?rest_route=\/wp\/v2\/media\/1446"}],"wp:attachment":[{"href":"https:\/\/www.ayadvogados.com.br\/index.php?rest_route=%2Fwp%2Fv2%2Fmedia&parent=1445"}],"wp:term":[{"taxonomy":"category","embeddable":true,"href":"https:\/\/www.ayadvogados.com.br\/index.php?rest_route=%2Fwp%2Fv2%2Fcategories&post=1445"},{"taxonomy":"post_tag","embeddable":true,"href":"https:\/\/www.ayadvogados.com.br\/index.php?rest_route=%2Fwp%2Fv2%2Ftags&post=1445"}],"curies":[{"name":"wp","href":"https:\/\/api.w.org\/{rel}","templated":true}]}}