{"id":1432,"date":"2021-08-17T17:17:38","date_gmt":"2021-08-17T20:17:38","guid":{"rendered":"http:\/\/34.239.117.254\/?p=1432"},"modified":"2021-08-17T17:17:38","modified_gmt":"2021-08-17T20:17:38","slug":"trf-4-anula-cobranca-tributaria-por-aproveitamento-de-agio","status":"publish","type":"post","link":"https:\/\/www.ayadvogados.com.br\/?p=1432","title":{"rendered":"TRF-4 anula cobran\u00e7a tribut\u00e1ria por aproveitamento de \u00e1gio."},"content":{"rendered":"\n<p>A 2\u00aa Turma do Tribunal Regional Federal da 4\u00aa Regi\u00e3o (sul do pa\u00eds) negou recurso da<br>Uni\u00e3o e anulou cobran\u00e7a tribut\u00e1ria contra a empresa Cremer S.A, relacionada a<br>aproveitamento de \u00e1gio. A decis\u00e3o un\u00e2nime do colegiado foi proferida em sess\u00e3o<br>virtual de julgamento realizada nesta semana.<\/p>\n\n\n\n<p><\/p>\n\n\n\n<p>Os autos de infra\u00e7\u00e3o foram aplicados sobre \u00e1gios (diferen\u00e7a entre o valor pago e<br>valor da avalia\u00e7\u00e3o de um patrim\u00f4nio) decorrentes da incorpora\u00e7\u00e3o da Cremepar<br>pela Cremer, em 2004.<\/p>\n\n\n\n<p><\/p>\n\n\n\n<p>A empresa, autora da a\u00e7\u00e3o, defendeu que n\u00e3o haveria proibi\u00e7\u00e3o legal na pr\u00e1tica, na<br>\u00e9poca das transa\u00e7\u00f5es.<\/p>\n\n\n\n<p><\/p>\n\n\n\n<p>Segundo a Uni\u00e3o, as opera\u00e7\u00f5es financeiras de compra das a\u00e7\u00f5es da empresa do<br>mesmo grupo econ\u00f4mico foram at\u00edpicas. Alegou ainda que a forma\u00e7\u00e3o do \u00e1gio n\u00e3o<br>ocorre de forma aleat\u00f3ria, devendo ser motivado por um fundamento econ\u00f4mico, o<br>que n\u00e3o teria ocorrido no caso.<\/p>\n\n\n\n<p><\/p>\n\n\n\n<p>O relator do caso na Corte, juiz federal convocado Alexandre Rossato da Silva \u00c1vila,<br>destacou que n\u00e3o se pode admitir um tratamento tribut\u00e1rio diverso do previsto na<br>lei vigente na \u00e9poca.<\/p>\n\n\n\n<p><\/p>\n\n\n\n<p>\u201cAt\u00e9 a vig\u00eancia da Lei n\u00ba 12.973\/14 n\u00e3o havia proibi\u00e7\u00e3o legal que fosse gerado \u00e1gio<br>entre partes relacionadas. E a forma legal espec\u00edfica de sua amortiza\u00e7\u00e3o era a do<br>artigo 7\u00ba, da Lei n\u00ba 9.532\/97. Existia a defini\u00e7\u00e3o precisa da regra aplic\u00e1vel, sem<br>qualquer veda\u00e7\u00e3o ao aproveitamento do \u00e1gio entre partes dependentes\u201d, destacou<br>o magistrado (processo\u00ba 5010311-02.2018.4.04.7205).<\/p>\n\n\n\n<p><\/p>\n\n\n\n<p>Fonte: <a href=\"https:\/\/valor.globo.com\/legislacao\/noticia\/2021\/08\/13\/trf-4-anula-cobranca-tributaria-por-aproveitamento-de-agio.ghtml\">Valor<\/a><\/p>\n\n\n\n<p>Quer estar sempre por dentro de assuntos relevantes para empresas e mat\u00e9rias exclusivas que comp\u00f5em o cen\u00e1rio tribut\u00e1rio?<\/p>\n\n\n\n<p>Ou\u00e7a o DIN Cast, o podcast voltado para o mundo dos neg\u00f3cios que vai ajudar sua empresa a se tornar l\u00edder de mercado atrav\u00e9s da intelig\u00eancia de neg\u00f3cios<\/p>\n\n\n\n<p>Acesse nosso blog e confira:<\/p>\n\n\n\n<p>\ud83d\udc49http:\/\/ayadvogados.com.br\/category\/dincast\/<\/p>\n\n\n\n<p>Quer estar sempre atualizado sobre as novidades no setor tribut\u00e1rio?&nbsp;<\/p>\n\n\n\n<p>Siga a Amaral, Yazbek nas redes sociais:<\/p>\n\n\n\n<p>\ud83d\udc49Facebook:<a href=\"https:\/\/www.youtube.com\/redirect?event=video_description&amp;redir_token=QUFFLUhqbF9kQmhFdmNsbVNjRlRQTkhQSWhVWGdORWZ1QXxBQ3Jtc0tucW0ydjVzSGJpbFRyb1RZY3hKeFBGYzFob1VWYUtzUzF5OGJxZl9TelJUNGI4OG9odEtsTUlSUWRUeHdYR2ZuaFBRNTh4OEdMU1FoLXlOV1d5WVJhNGdZRlNkR2JtdUJCaVlEblphZjVMUjJ6b3B2cw&amp;q=https%3A%2F%2Fwww.facebook.com%2FAYadvogados\"> https:\/\/www.facebook.com\/AYadvogados\u200b<\/a><\/p>\n\n\n\n<p>\ud83d\udc49Instagram:<a href=\"https:\/\/www.youtube.com\/redirect?event=video_description&amp;redir_token=QUFFLUhqa3NISmpmWEd2R1k5VllqTWlGS283d052bTQxZ3xBQ3Jtc0tuV0VvTnlObjJKS0lBNmtILXpOaFMzcU1VSERNMXJWN1hnQWloOGIyVXp5ZzZPYVJqREpvcXJTcVd1RFJ5ZzRBMEVsLURab1U0R1ZWVHplYlN3b2FKcWdnVGVySjAwR2M0TTVnM2xrQkxHNlM5YXEwNA&amp;q=https%3A%2F%2Fwww.instagram.com%2Famaral.yazbek\"> https:\/\/www.instagram.com\/ayadvogados<\/a><\/p>\n\n\n\n<p>\ud83d\udc49Linkedin: <a href=\"http:\/\/www.linkedin.com\/company\/amaral-yazbek-advogados\/\">https:\/\/www.linkedin.com\/company\/amaral-yazbek-advogados\/<\/a><\/p>\n\n\n\n<p>\ud83c\udf81 Queremos te oferecer um presente! Preparamos a 10\u00aa edi\u00e7\u00e3o da revista Governan\u00e7a Jur\u00eddica dando dicas de ordem tribut\u00e1ria para que os empres\u00e1rios, independentemente do porte do seu neg\u00f3cio, possam reduzir os seus custos no per\u00edodo dif\u00edcil em que estamos vivendo.&nbsp;<\/p>\n\n\n\n<p>\ud83d\udc49Baixe gratuitamente: <a href=\"http:\/\/ayadvogados.com.br\/revista\/\">http:\/\/ayadvogados.com.br\/revista\/<\/a><\/p>\n\n\n\n<p>A Amaral, Yazbek, Advogados, OAB-PR 762, atua com excel\u00eancia no setor tribut\u00e1rio h\u00e1 35 anos, auxiliando empresas a transformarem a tributa\u00e7\u00e3o em lucro.<\/p>\n","protected":false},"excerpt":{"rendered":"<p>A 2\u00aa Turma do Tribunal Regional Federal da 4\u00aa Regi\u00e3o (sul do pa\u00eds) negou recurso daUni\u00e3o e anulou cobran\u00e7a tribut\u00e1ria contra a empresa Cremer S.A, relacionada aaproveitamento de \u00e1gio. A decis\u00e3o un\u00e2nime do colegiado foi proferida em sess\u00e3ovirtual de julgamento realizada nesta semana. Os autos de infra\u00e7\u00e3o foram aplicados sobre \u00e1gios (diferen\u00e7a entre o valor [&hellip;]<\/p>\n","protected":false},"author":2,"featured_media":1433,"comment_status":"open","ping_status":"open","sticky":false,"template":"","format":"standard","meta":{"footnotes":""},"categories":[1],"tags":[10,63],"class_list":["post-1432","post","type-post","status-publish","format-standard","has-post-thumbnail","hentry","category-noticia-do-dia","tag-dincast","tag-noticia-do-dia"],"blocksy_meta":{"styles_descriptor":{"styles":{"desktop":"","tablet":"","mobile":""},"google_fonts":[],"version":6}},"yoast_head":"<!-- This site is optimized with the Yoast SEO plugin v27.5 - https:\/\/yoast.com\/product\/yoast-seo-wordpress\/ -->\n<title>TRF-4 anula cobran\u00e7a tribut\u00e1ria por aproveitamento de \u00e1gio. - Amaral, Yazbek Advogados<\/title>\n<meta name=\"robots\" content=\"index, follow, max-snippet:-1, max-image-preview:large, max-video-preview:-1\" \/>\n<link rel=\"canonical\" href=\"https:\/\/www.ayadvogados.com.br\/?p=1432\" \/>\n<meta property=\"og:locale\" content=\"pt_BR\" \/>\n<meta property=\"og:type\" content=\"article\" \/>\n<meta property=\"og:title\" content=\"TRF-4 anula cobran\u00e7a tribut\u00e1ria por aproveitamento de \u00e1gio. - Amaral, Yazbek Advogados\" \/>\n<meta property=\"og:description\" content=\"A 2\u00aa Turma do Tribunal Regional Federal da 4\u00aa Regi\u00e3o (sul do pa\u00eds) negou recurso daUni\u00e3o e anulou cobran\u00e7a tribut\u00e1ria contra a empresa Cremer S.A, relacionada aaproveitamento de \u00e1gio. A decis\u00e3o un\u00e2nime do colegiado foi proferida em sess\u00e3ovirtual de julgamento realizada nesta semana. Os autos de infra\u00e7\u00e3o foram aplicados sobre \u00e1gios (diferen\u00e7a entre o valor [&hellip;]\" \/>\n<meta property=\"og:url\" content=\"https:\/\/www.ayadvogados.com.br\/?p=1432\" \/>\n<meta property=\"og:site_name\" content=\"Amaral, Yazbek Advogados\" \/>\n<meta property=\"article:publisher\" content=\"https:\/\/www.facebook.com\/AYadvogados\" \/>\n<meta property=\"article:published_time\" content=\"2021-08-17T20:17:38+00:00\" \/>\n<meta property=\"og:image\" content=\"https:\/\/www.ayadvogados.com.br\/wp-content\/uploads\/2021\/08\/Blog-8.png\" \/>\n\t<meta property=\"og:image:width\" content=\"1000\" \/>\n\t<meta property=\"og:image:height\" content=\"620\" \/>\n\t<meta property=\"og:image:type\" content=\"image\/png\" \/>\n<meta name=\"author\" content=\"AY Advogados\" \/>\n<meta name=\"twitter:card\" content=\"summary_large_image\" \/>\n<meta name=\"twitter:label1\" content=\"Escrito por\" \/>\n\t<meta name=\"twitter:data1\" content=\"AY Advogados\" \/>\n\t<meta name=\"twitter:label2\" content=\"Est. tempo de leitura\" \/>\n\t<meta name=\"twitter:data2\" content=\"2 minutos\" \/>\n<script type=\"application\/ld+json\" class=\"yoast-schema-graph\">{\"@context\":\"https:\\\/\\\/schema.org\",\"@graph\":[{\"@type\":\"Article\",\"@id\":\"https:\\\/\\\/www.ayadvogados.com.br\\\/?p=1432#article\",\"isPartOf\":{\"@id\":\"https:\\\/\\\/www.ayadvogados.com.br\\\/?p=1432\"},\"author\":{\"name\":\"AY Advogados\",\"@id\":\"https:\\\/\\\/www.ayadvogados.com.br\\\/#\\\/schema\\\/person\\\/4abfbf03ad3e577e691d333af064a912\"},\"headline\":\"TRF-4 anula cobran\u00e7a tribut\u00e1ria por aproveitamento de \u00e1gio.\",\"datePublished\":\"2021-08-17T20:17:38+00:00\",\"mainEntityOfPage\":{\"@id\":\"https:\\\/\\\/www.ayadvogados.com.br\\\/?p=1432\"},\"wordCount\":440,\"commentCount\":0,\"publisher\":{\"@id\":\"https:\\\/\\\/www.ayadvogados.com.br\\\/#organization\"},\"image\":{\"@id\":\"https:\\\/\\\/www.ayadvogados.com.br\\\/?p=1432#primaryimage\"},\"thumbnailUrl\":\"https:\\\/\\\/www.ayadvogados.com.br\\\/wp-content\\\/uploads\\\/2021\\\/08\\\/Blog-8.png\",\"keywords\":[\"dincast\",\"noticia do dia\"],\"articleSection\":[\"Not\u00edcia do Dia\"],\"inLanguage\":\"pt-BR\",\"potentialAction\":[{\"@type\":\"CommentAction\",\"name\":\"Comment\",\"target\":[\"https:\\\/\\\/www.ayadvogados.com.br\\\/?p=1432#respond\"]}]},{\"@type\":\"WebPage\",\"@id\":\"https:\\\/\\\/www.ayadvogados.com.br\\\/?p=1432\",\"url\":\"https:\\\/\\\/www.ayadvogados.com.br\\\/?p=1432\",\"name\":\"TRF-4 anula cobran\u00e7a tribut\u00e1ria por aproveitamento de \u00e1gio. - Amaral, Yazbek Advogados\",\"isPartOf\":{\"@id\":\"https:\\\/\\\/www.ayadvogados.com.br\\\/#website\"},\"primaryImageOfPage\":{\"@id\":\"https:\\\/\\\/www.ayadvogados.com.br\\\/?p=1432#primaryimage\"},\"image\":{\"@id\":\"https:\\\/\\\/www.ayadvogados.com.br\\\/?p=1432#primaryimage\"},\"thumbnailUrl\":\"https:\\\/\\\/www.ayadvogados.com.br\\\/wp-content\\\/uploads\\\/2021\\\/08\\\/Blog-8.png\",\"datePublished\":\"2021-08-17T20:17:38+00:00\",\"breadcrumb\":{\"@id\":\"https:\\\/\\\/www.ayadvogados.com.br\\\/?p=1432#breadcrumb\"},\"inLanguage\":\"pt-BR\",\"potentialAction\":[{\"@type\":\"ReadAction\",\"target\":[\"https:\\\/\\\/www.ayadvogados.com.br\\\/?p=1432\"]}]},{\"@type\":\"ImageObject\",\"inLanguage\":\"pt-BR\",\"@id\":\"https:\\\/\\\/www.ayadvogados.com.br\\\/?p=1432#primaryimage\",\"url\":\"https:\\\/\\\/www.ayadvogados.com.br\\\/wp-content\\\/uploads\\\/2021\\\/08\\\/Blog-8.png\",\"contentUrl\":\"https:\\\/\\\/www.ayadvogados.com.br\\\/wp-content\\\/uploads\\\/2021\\\/08\\\/Blog-8.png\",\"width\":1000,\"height\":620},{\"@type\":\"BreadcrumbList\",\"@id\":\"https:\\\/\\\/www.ayadvogados.com.br\\\/?p=1432#breadcrumb\",\"itemListElement\":[{\"@type\":\"ListItem\",\"position\":1,\"name\":\"In\u00edcio\",\"item\":\"https:\\\/\\\/www.ayadvogados.com.br\\\/\"},{\"@type\":\"ListItem\",\"position\":2,\"name\":\"TRF-4 anula cobran\u00e7a tribut\u00e1ria por aproveitamento de \u00e1gio.\"}]},{\"@type\":\"WebSite\",\"@id\":\"https:\\\/\\\/www.ayadvogados.com.br\\\/#website\",\"url\":\"https:\\\/\\\/www.ayadvogados.com.br\\\/\",\"name\":\"Amaral, Yazbek Advogados\",\"description\":\"Curitiba \u2022 Bras\u00edlia \u2022 S\u00e3o Paulo\",\"publisher\":{\"@id\":\"https:\\\/\\\/www.ayadvogados.com.br\\\/#organization\"},\"potentialAction\":[{\"@type\":\"SearchAction\",\"target\":{\"@type\":\"EntryPoint\",\"urlTemplate\":\"https:\\\/\\\/www.ayadvogados.com.br\\\/?s={search_term_string}\"},\"query-input\":{\"@type\":\"PropertyValueSpecification\",\"valueRequired\":true,\"valueName\":\"search_term_string\"}}],\"inLanguage\":\"pt-BR\"},{\"@type\":\"Organization\",\"@id\":\"https:\\\/\\\/www.ayadvogados.com.br\\\/#organization\",\"name\":\"Amaral, Yazbek Advogados\",\"url\":\"https:\\\/\\\/www.ayadvogados.com.br\\\/\",\"logo\":{\"@type\":\"ImageObject\",\"inLanguage\":\"pt-BR\",\"@id\":\"https:\\\/\\\/www.ayadvogados.com.br\\\/#\\\/schema\\\/logo\\\/image\\\/\",\"url\":\"http:\\\/\\\/34.239.117.254\\\/wp-content\\\/uploads\\\/2021\\\/03\\\/logo-ay-g.png\",\"contentUrl\":\"http:\\\/\\\/34.239.117.254\\\/wp-content\\\/uploads\\\/2021\\\/03\\\/logo-ay-g.png\",\"width\":434,\"height\":106,\"caption\":\"Amaral, Yazbek Advogados\"},\"image\":{\"@id\":\"https:\\\/\\\/www.ayadvogados.com.br\\\/#\\\/schema\\\/logo\\\/image\\\/\"},\"sameAs\":[\"https:\\\/\\\/www.facebook.com\\\/AYadvogados\",\"https:\\\/\\\/www.instagram.com\\\/ayadvogados\\\/\"]},{\"@type\":\"Person\",\"@id\":\"https:\\\/\\\/www.ayadvogados.com.br\\\/#\\\/schema\\\/person\\\/4abfbf03ad3e577e691d333af064a912\",\"name\":\"AY Advogados\",\"image\":{\"@type\":\"ImageObject\",\"inLanguage\":\"pt-BR\",\"@id\":\"https:\\\/\\\/secure.gravatar.com\\\/avatar\\\/1473912b851241f5503026e6156e144dcd83ff7addb67f65e1ed9ca21ee1d9cf?s=96&d=mm&r=g\",\"url\":\"https:\\\/\\\/secure.gravatar.com\\\/avatar\\\/1473912b851241f5503026e6156e144dcd83ff7addb67f65e1ed9ca21ee1d9cf?s=96&d=mm&r=g\",\"contentUrl\":\"https:\\\/\\\/secure.gravatar.com\\\/avatar\\\/1473912b851241f5503026e6156e144dcd83ff7addb67f65e1ed9ca21ee1d9cf?s=96&d=mm&r=g\",\"caption\":\"AY Advogados\"},\"sameAs\":[\"https:\\\/\\\/ayadvogados.com.br\"],\"url\":\"https:\\\/\\\/www.ayadvogados.com.br\\\/?author=2\"}]}<\/script>\n<!-- \/ Yoast SEO plugin. -->","yoast_head_json":{"title":"TRF-4 anula cobran\u00e7a tribut\u00e1ria por aproveitamento de \u00e1gio. - Amaral, Yazbek Advogados","robots":{"index":"index","follow":"follow","max-snippet":"max-snippet:-1","max-image-preview":"max-image-preview:large","max-video-preview":"max-video-preview:-1"},"canonical":"https:\/\/www.ayadvogados.com.br\/?p=1432","og_locale":"pt_BR","og_type":"article","og_title":"TRF-4 anula cobran\u00e7a tribut\u00e1ria por aproveitamento de \u00e1gio. - Amaral, Yazbek Advogados","og_description":"A 2\u00aa Turma do Tribunal Regional Federal da 4\u00aa Regi\u00e3o (sul do pa\u00eds) negou recurso daUni\u00e3o e anulou cobran\u00e7a tribut\u00e1ria contra a empresa Cremer S.A, relacionada aaproveitamento de \u00e1gio. A decis\u00e3o un\u00e2nime do colegiado foi proferida em sess\u00e3ovirtual de julgamento realizada nesta semana. Os autos de infra\u00e7\u00e3o foram aplicados sobre \u00e1gios (diferen\u00e7a entre o valor [&hellip;]","og_url":"https:\/\/www.ayadvogados.com.br\/?p=1432","og_site_name":"Amaral, Yazbek Advogados","article_publisher":"https:\/\/www.facebook.com\/AYadvogados","article_published_time":"2021-08-17T20:17:38+00:00","og_image":[{"width":1000,"height":620,"url":"https:\/\/www.ayadvogados.com.br\/wp-content\/uploads\/2021\/08\/Blog-8.png","type":"image\/png"}],"author":"AY Advogados","twitter_card":"summary_large_image","twitter_misc":{"Escrito por":"AY Advogados","Est. tempo de leitura":"2 minutos"},"schema":{"@context":"https:\/\/schema.org","@graph":[{"@type":"Article","@id":"https:\/\/www.ayadvogados.com.br\/?p=1432#article","isPartOf":{"@id":"https:\/\/www.ayadvogados.com.br\/?p=1432"},"author":{"name":"AY Advogados","@id":"https:\/\/www.ayadvogados.com.br\/#\/schema\/person\/4abfbf03ad3e577e691d333af064a912"},"headline":"TRF-4 anula cobran\u00e7a tribut\u00e1ria por aproveitamento de \u00e1gio.","datePublished":"2021-08-17T20:17:38+00:00","mainEntityOfPage":{"@id":"https:\/\/www.ayadvogados.com.br\/?p=1432"},"wordCount":440,"commentCount":0,"publisher":{"@id":"https:\/\/www.ayadvogados.com.br\/#organization"},"image":{"@id":"https:\/\/www.ayadvogados.com.br\/?p=1432#primaryimage"},"thumbnailUrl":"https:\/\/www.ayadvogados.com.br\/wp-content\/uploads\/2021\/08\/Blog-8.png","keywords":["dincast","noticia do dia"],"articleSection":["Not\u00edcia do Dia"],"inLanguage":"pt-BR","potentialAction":[{"@type":"CommentAction","name":"Comment","target":["https:\/\/www.ayadvogados.com.br\/?p=1432#respond"]}]},{"@type":"WebPage","@id":"https:\/\/www.ayadvogados.com.br\/?p=1432","url":"https:\/\/www.ayadvogados.com.br\/?p=1432","name":"TRF-4 anula cobran\u00e7a tribut\u00e1ria por aproveitamento de \u00e1gio. - Amaral, Yazbek Advogados","isPartOf":{"@id":"https:\/\/www.ayadvogados.com.br\/#website"},"primaryImageOfPage":{"@id":"https:\/\/www.ayadvogados.com.br\/?p=1432#primaryimage"},"image":{"@id":"https:\/\/www.ayadvogados.com.br\/?p=1432#primaryimage"},"thumbnailUrl":"https:\/\/www.ayadvogados.com.br\/wp-content\/uploads\/2021\/08\/Blog-8.png","datePublished":"2021-08-17T20:17:38+00:00","breadcrumb":{"@id":"https:\/\/www.ayadvogados.com.br\/?p=1432#breadcrumb"},"inLanguage":"pt-BR","potentialAction":[{"@type":"ReadAction","target":["https:\/\/www.ayadvogados.com.br\/?p=1432"]}]},{"@type":"ImageObject","inLanguage":"pt-BR","@id":"https:\/\/www.ayadvogados.com.br\/?p=1432#primaryimage","url":"https:\/\/www.ayadvogados.com.br\/wp-content\/uploads\/2021\/08\/Blog-8.png","contentUrl":"https:\/\/www.ayadvogados.com.br\/wp-content\/uploads\/2021\/08\/Blog-8.png","width":1000,"height":620},{"@type":"BreadcrumbList","@id":"https:\/\/www.ayadvogados.com.br\/?p=1432#breadcrumb","itemListElement":[{"@type":"ListItem","position":1,"name":"In\u00edcio","item":"https:\/\/www.ayadvogados.com.br\/"},{"@type":"ListItem","position":2,"name":"TRF-4 anula cobran\u00e7a tribut\u00e1ria por aproveitamento de \u00e1gio."}]},{"@type":"WebSite","@id":"https:\/\/www.ayadvogados.com.br\/#website","url":"https:\/\/www.ayadvogados.com.br\/","name":"Amaral, Yazbek Advogados","description":"Curitiba \u2022 Bras\u00edlia \u2022 S\u00e3o Paulo","publisher":{"@id":"https:\/\/www.ayadvogados.com.br\/#organization"},"potentialAction":[{"@type":"SearchAction","target":{"@type":"EntryPoint","urlTemplate":"https:\/\/www.ayadvogados.com.br\/?s={search_term_string}"},"query-input":{"@type":"PropertyValueSpecification","valueRequired":true,"valueName":"search_term_string"}}],"inLanguage":"pt-BR"},{"@type":"Organization","@id":"https:\/\/www.ayadvogados.com.br\/#organization","name":"Amaral, Yazbek Advogados","url":"https:\/\/www.ayadvogados.com.br\/","logo":{"@type":"ImageObject","inLanguage":"pt-BR","@id":"https:\/\/www.ayadvogados.com.br\/#\/schema\/logo\/image\/","url":"http:\/\/34.239.117.254\/wp-content\/uploads\/2021\/03\/logo-ay-g.png","contentUrl":"http:\/\/34.239.117.254\/wp-content\/uploads\/2021\/03\/logo-ay-g.png","width":434,"height":106,"caption":"Amaral, Yazbek Advogados"},"image":{"@id":"https:\/\/www.ayadvogados.com.br\/#\/schema\/logo\/image\/"},"sameAs":["https:\/\/www.facebook.com\/AYadvogados","https:\/\/www.instagram.com\/ayadvogados\/"]},{"@type":"Person","@id":"https:\/\/www.ayadvogados.com.br\/#\/schema\/person\/4abfbf03ad3e577e691d333af064a912","name":"AY Advogados","image":{"@type":"ImageObject","inLanguage":"pt-BR","@id":"https:\/\/secure.gravatar.com\/avatar\/1473912b851241f5503026e6156e144dcd83ff7addb67f65e1ed9ca21ee1d9cf?s=96&d=mm&r=g","url":"https:\/\/secure.gravatar.com\/avatar\/1473912b851241f5503026e6156e144dcd83ff7addb67f65e1ed9ca21ee1d9cf?s=96&d=mm&r=g","contentUrl":"https:\/\/secure.gravatar.com\/avatar\/1473912b851241f5503026e6156e144dcd83ff7addb67f65e1ed9ca21ee1d9cf?s=96&d=mm&r=g","caption":"AY Advogados"},"sameAs":["https:\/\/ayadvogados.com.br"],"url":"https:\/\/www.ayadvogados.com.br\/?author=2"}]}},"rttpg_featured_image_url":{"full":["https:\/\/www.ayadvogados.com.br\/wp-content\/uploads\/2021\/08\/Blog-8.png",1000,620,false],"landscape":["https:\/\/www.ayadvogados.com.br\/wp-content\/uploads\/2021\/08\/Blog-8.png",1000,620,false],"portraits":["https:\/\/www.ayadvogados.com.br\/wp-content\/uploads\/2021\/08\/Blog-8.png",1000,620,false],"thumbnail":["https:\/\/www.ayadvogados.com.br\/wp-content\/uploads\/2021\/08\/Blog-8-150x150.png",150,150,true],"medium":["https:\/\/www.ayadvogados.com.br\/wp-content\/uploads\/2021\/08\/Blog-8-300x186.png",300,186,true],"large":["https:\/\/www.ayadvogados.com.br\/wp-content\/uploads\/2021\/08\/Blog-8.png",1000,620,false],"1536x1536":["https:\/\/www.ayadvogados.com.br\/wp-content\/uploads\/2021\/08\/Blog-8.png",1000,620,false],"2048x2048":["https:\/\/www.ayadvogados.com.br\/wp-content\/uploads\/2021\/08\/Blog-8.png",1000,620,false]},"rttpg_author":{"display_name":"AY Advogados","author_link":"https:\/\/www.ayadvogados.com.br\/?author=2"},"rttpg_comment":0,"rttpg_category":"<a href=\"https:\/\/www.ayadvogados.com.br\/?cat=1\" rel=\"category\">Not\u00edcia do Dia<\/a>","rttpg_excerpt":"A 2\u00aa Turma do Tribunal Regional Federal da 4\u00aa Regi\u00e3o (sul do pa\u00eds) negou recurso daUni\u00e3o e anulou cobran\u00e7a tribut\u00e1ria contra a empresa Cremer S.A, relacionada aaproveitamento de \u00e1gio. A decis\u00e3o un\u00e2nime do colegiado foi proferida em sess\u00e3ovirtual de julgamento realizada nesta semana. Os autos de infra\u00e7\u00e3o foram aplicados sobre \u00e1gios (diferen\u00e7a entre o valor&hellip;","_links":{"self":[{"href":"https:\/\/www.ayadvogados.com.br\/index.php?rest_route=\/wp\/v2\/posts\/1432","targetHints":{"allow":["GET"]}}],"collection":[{"href":"https:\/\/www.ayadvogados.com.br\/index.php?rest_route=\/wp\/v2\/posts"}],"about":[{"href":"https:\/\/www.ayadvogados.com.br\/index.php?rest_route=\/wp\/v2\/types\/post"}],"author":[{"embeddable":true,"href":"https:\/\/www.ayadvogados.com.br\/index.php?rest_route=\/wp\/v2\/users\/2"}],"replies":[{"embeddable":true,"href":"https:\/\/www.ayadvogados.com.br\/index.php?rest_route=%2Fwp%2Fv2%2Fcomments&post=1432"}],"version-history":[{"count":1,"href":"https:\/\/www.ayadvogados.com.br\/index.php?rest_route=\/wp\/v2\/posts\/1432\/revisions"}],"predecessor-version":[{"id":1434,"href":"https:\/\/www.ayadvogados.com.br\/index.php?rest_route=\/wp\/v2\/posts\/1432\/revisions\/1434"}],"wp:featuredmedia":[{"embeddable":true,"href":"https:\/\/www.ayadvogados.com.br\/index.php?rest_route=\/wp\/v2\/media\/1433"}],"wp:attachment":[{"href":"https:\/\/www.ayadvogados.com.br\/index.php?rest_route=%2Fwp%2Fv2%2Fmedia&parent=1432"}],"wp:term":[{"taxonomy":"category","embeddable":true,"href":"https:\/\/www.ayadvogados.com.br\/index.php?rest_route=%2Fwp%2Fv2%2Fcategories&post=1432"},{"taxonomy":"post_tag","embeddable":true,"href":"https:\/\/www.ayadvogados.com.br\/index.php?rest_route=%2Fwp%2Fv2%2Ftags&post=1432"}],"curies":[{"name":"wp","href":"https:\/\/api.w.org\/{rel}","templated":true}]}}