{"id":1421,"date":"2021-08-12T17:07:47","date_gmt":"2021-08-12T20:07:47","guid":{"rendered":"http:\/\/34.239.117.254\/?p=1421"},"modified":"2021-08-12T17:07:47","modified_gmt":"2021-08-12T20:07:47","slug":"justica-nega-liminares-contra-aumento-da-csll-2","status":"publish","type":"post","link":"https:\/\/www.ayadvogados.com.br\/?p=1421","title":{"rendered":"Justi\u00e7a nega liminares contra aumento da CSLL"},"content":{"rendered":"\n<p><\/p>\n\n\n\n<p>Bancos e outras institui\u00e7\u00f5es financeiras passaram a recorrer \u00e0 Justi\u00e7a contra o aumento de cinco pontos porcentuais na al\u00edquota da CSLL, previsto na Lei n\u00ba 14.183, publicada em julho. As primeiras decis\u00f5es liminares, por\u00e9m, s\u00e3o desfavor\u00e1veis.&nbsp;<\/p>\n\n\n\n<p>Na sexta-feira, a Justi\u00e7a Federal de S\u00e3o Paulo negou pedido do Banco Sofisa. A B&amp;T Corretora de C\u00e2mbios tamb\u00e9m n\u00e3o obteve liminar contra a mudan\u00e7a. No caso dos bancos, a al\u00edquota passou de 20% para 25%. As demais institui\u00e7\u00f5es financeiras &#8211; como corretoras de c\u00e2mbio &#8211; passaram a pagar 20% (antes era 15%). A mudan\u00e7a vale at\u00e9 o fim do ano e, em 2022, voltam os percentuais anteriores.&nbsp;<\/p>\n\n\n\n<p>O impacto pode ser significativo porque o tributo incide sobre os lucros. No ano passado, o Banco Sofisa, por exemplo, teve um lucro l\u00edquido de R$ 140,1 milh\u00f5es.<\/p>\n\n\n\n<p>Na a\u00e7\u00e3o, o Sofisa alegou que esse aumento n\u00e3o poderia ocorrer no meio do ano, com base em decis\u00e3o do Supremo Tribunal Federal (STF). Os ministros definiram, em agosto de 2020, que para tributos com fato gerador complexivo &#8211; que se estendem no tempo, como o Imposto de Renda (IRPJ) e a CSLL -, a lei aplic\u00e1vel \u00e9 a vigente antes do in\u00edcio do fato gerador (RE 159.180). Ou seja, a nova norma teria que ter sido sancionada em 2020.&nbsp;<\/p>\n\n\n\n<p>Para o juiz da 8\u00aa Vara C\u00edvel Federal de S\u00e3o Paulo, Hong Kou Hen, por\u00e9m, o argumento do banco s\u00f3 valeria para o Imposto de Renda. Para ele, apesar do disposto na Lei n\u00ba 9.430, de 1996, que estabelece as mesmas regras e periodicidade para apura\u00e7\u00e3o do IRPJ e da CSLL, \u201cos tributos possuem tratamentos diversos pela Constitui\u00e7\u00e3o Federal\u201d.&nbsp;<\/p>\n\n\n\n<p>O IRPJ, afirma, est\u00e1 sujeito \u00e0 regra do artigo 150, inciso II, al\u00ednea b, da Constitui\u00e7\u00e3o, que veda a cobran\u00e7a de tributos no mesmo exerc\u00edcio financeiro. J\u00e1 a CSLL ao que est\u00e1 no artigo 195, par\u00e1grafo 6\u00ba. O dispositivo determina que as altera\u00e7\u00f5es nas al\u00edquotas das contribui\u00e7\u00f5es sociais s\u00f3 podem ser exigidas ap\u00f3s 90 dias.<\/p>\n\n\n\n<p>\u201cA majora\u00e7\u00e3o do IRPJ somente ser\u00e1 exig\u00edvel no exerc\u00edcio seguinte \u00e0 publica\u00e7\u00e3o da lei, mas em rela\u00e7\u00e3o \u00e0 CSLL basta a observ\u00e2ncia da anterioridade nonagesimal [prazo de 90 dias para entrar em vigor]\u201d &#8211; cumprida com a MP 1.034\/2021 (processo n\u00ba 5018693-23.2021.4.03.6100).&nbsp;<\/p>\n\n\n\n<p>Segundo o advogado Diogo Ferraz, do Freitas Leite Advogados, a decis\u00e3o n\u00e3o citou o julgamento do STF. Para ele, existe uma confus\u00e3o entre a anterioridade (prazo de 90 dias) e a irretroatividade, que impede mudan\u00e7a no meio do ano.&nbsp;<\/p>\n\n\n\n<p>Embora o Supremo tenha tratado do IRPJ, Ferraz afirma que n\u00e3o h\u00e1 raz\u00e3o para tratamento diferente para a CSLL. Isso porque essa contribui\u00e7\u00e3o tamb\u00e9m tem um fato gerador complexivo, que, no regime de apura\u00e7\u00e3o anual, se inicia em 1\u00ba de janeiro e termina em 31 de dezembro.<\/p>\n\n\n\n<p>No caso da B&amp;T, a corretora alegou que a majora\u00e7\u00e3o deveria ser suspensa por n\u00e3o haver justificativa para o aumento, al\u00e9m de viola\u00e7\u00e3o aos princ\u00edpios da razoabilidade e da proporcionalidade. A ju\u00edza da 10\u00aa Vara C\u00edvel Federal de S\u00e3o Paulo, Ana Lucia Petri Betto, entendeu, por\u00e9m, que n\u00e3o existiria viola\u00e7\u00e3o (processo n\u00ba 5009060- 85.2021.4.03.6100).&nbsp;<\/p>\n\n\n\n<p>O diretor de marketing da B&amp;T, Cazou Vilela, afirma que essa majora\u00e7\u00e3o \u00e9 injusta e discriminat\u00f3ria, em especial para o segmento de c\u00e2mbio, que sofreu grandes perdas na pandemia. O mercado de c\u00e2mbio turismo, acrescentou, caiu em 90%.<\/p>\n\n\n\n<p>A medida, contudo, n\u00e3o deve ser questionada pela Febraban. Em nota, informa que \u201cdiante do compromisso do governo de que o aumento da CSLL para o setor de 20%.<\/p>\n\n\n\n<p>A Procuradoria-Geral da Fazenda Nacional (PGFN) afirma, em nota, que a anterioridade nonagesimal foi respeitada e que al\u00edquota foi majorada apenas em rela\u00e7\u00e3o ao lucro auferido a partir de 1\u00b0 de julho, \u201cde modo que n\u00e3o h\u00e1 aplica\u00e7\u00e3o da lei aos fatos ocorridos antes da sua vig\u00eancia\u201d.<\/p>\n\n\n\n<p><\/p>\n\n\n\n<p>fonte: <a href=\"https:\/\/valor.globo.com\/legislacao\/noticia\/2021\/08\/11\/justica-nega-liminares-contra-aumento-da-csll.ghtml\">Valor<\/a><\/p>\n\n\n\n<p>Quer estar sempre por dentro de assuntos relevantes e mat\u00e9rias exclusivas que comp\u00f5em o cen\u00e1rio tribut\u00e1rio e jur\u00eddico?<\/p>\n\n\n\n<p>Ou\u00e7a o DIN Cast, o podcast voltado para o mundo dos neg\u00f3cios que vai ajudar sua empresa a se tornar l\u00edder de mercado atrav\u00e9s da intelig\u00eancia de neg\u00f3cios<\/p>\n\n\n\n<p>Acesse nosso blog e confira:<\/p>\n\n\n\n<p>\ud83d\udc49http:\/\/ayadvogados.com.br\/category\/dincast\/<\/p>\n\n\n\n<p>Quer estar sempre atualizado sobre as novidades no setor tribut\u00e1rio?&nbsp;<\/p>\n\n\n\n<p>Siga a Amaral, Yazbek nas redes sociais:<\/p>\n\n\n\n<p>\ud83d\udc49Facebook:<a href=\"https:\/\/www.youtube.com\/redirect?event=video_description&amp;redir_token=QUFFLUhqbF9kQmhFdmNsbVNjRlRQTkhQSWhVWGdORWZ1QXxBQ3Jtc0tucW0ydjVzSGJpbFRyb1RZY3hKeFBGYzFob1VWYUtzUzF5OGJxZl9TelJUNGI4OG9odEtsTUlSUWRUeHdYR2ZuaFBRNTh4OEdMU1FoLXlOV1d5WVJhNGdZRlNkR2JtdUJCaVlEblphZjVMUjJ6b3B2cw&amp;q=https%3A%2F%2Fwww.facebook.com%2FAYadvogados\"> https:\/\/www.facebook.com\/AYadvogados\u200b<\/a><\/p>\n\n\n\n<p>\ud83d\udc49Instagram:<a href=\"https:\/\/www.youtube.com\/redirect?event=video_description&amp;redir_token=QUFFLUhqa3NISmpmWEd2R1k5VllqTWlGS283d052bTQxZ3xBQ3Jtc0tuV0VvTnlObjJKS0lBNmtILXpOaFMzcU1VSERNMXJWN1hnQWloOGIyVXp5ZzZPYVJqREpvcXJTcVd1RFJ5ZzRBMEVsLURab1U0R1ZWVHplYlN3b2FKcWdnVGVySjAwR2M0TTVnM2xrQkxHNlM5YXEwNA&amp;q=https%3A%2F%2Fwww.instagram.com%2Famaral.yazbek\"> https:\/\/www.instagram.com\/ayadvogados<\/a><\/p>\n\n\n\n<p>\ud83d\udc49Linkedin: <a href=\"http:\/\/www.linkedin.com\/company\/amaral-yazbek-advogados\/\">https:\/\/www.linkedin.com\/company\/amaral-yazbek-advogados\/<\/a><\/p>\n\n\n\n<p>\ud83c\udf81 Queremos te oferecer um presente! Preparamos a 10\u00aa edi\u00e7\u00e3o da revista Governan\u00e7a Jur\u00eddica dando dicas de ordem tribut\u00e1ria para que os empres\u00e1rios, independentemente do porte do seu neg\u00f3cio, possam reduzir os seus custos no per\u00edodo dif\u00edcil em que estamos vivendo.&nbsp;<\/p>\n\n\n\n<p>\ud83d\udc49Baixe gratuitamente: <a href=\"http:\/\/ayadvogados.com.br\/revista\/\">http:\/\/ayadvogados.com.br\/revista\/<\/a><\/p>\n\n\n\n<p>A Amaral, Yazbek, Advogados, OAB-PR 762, atua com excel\u00eancia no setor tribut\u00e1rio h\u00e1 35 anos, auxiliando empresas a transformarem a tributa\u00e7\u00e3o em lucro.<\/p>\n","protected":false},"excerpt":{"rendered":"<p>Bancos e outras institui\u00e7\u00f5es financeiras passaram a recorrer \u00e0 Justi\u00e7a contra o aumento de cinco pontos porcentuais na al\u00edquota da CSLL, previsto na Lei n\u00ba 14.183, publicada em julho. As primeiras decis\u00f5es liminares, por\u00e9m, s\u00e3o desfavor\u00e1veis.&nbsp; Na sexta-feira, a Justi\u00e7a Federal de S\u00e3o Paulo negou pedido do Banco Sofisa. A B&amp;T Corretora de C\u00e2mbios tamb\u00e9m [&hellip;]<\/p>\n","protected":false},"author":2,"featured_media":1422,"comment_status":"open","ping_status":"open","sticky":false,"template":"","format":"standard","meta":{"footnotes":""},"categories":[1],"tags":[10,63],"class_list":["post-1421","post","type-post","status-publish","format-standard","has-post-thumbnail","hentry","category-noticia-do-dia","tag-dincast","tag-noticia-do-dia"],"blocksy_meta":{"styles_descriptor":{"styles":{"desktop":"","tablet":"","mobile":""},"google_fonts":[],"version":6}},"yoast_head":"<!-- This site is optimized with the Yoast SEO plugin v27.5 - https:\/\/yoast.com\/product\/yoast-seo-wordpress\/ -->\n<title>Justi\u00e7a nega liminares contra aumento da CSLL - Amaral, Yazbek Advogados<\/title>\n<meta name=\"robots\" content=\"index, follow, max-snippet:-1, max-image-preview:large, max-video-preview:-1\" \/>\n<link rel=\"canonical\" href=\"https:\/\/www.ayadvogados.com.br\/?p=1421\" \/>\n<meta property=\"og:locale\" content=\"pt_BR\" \/>\n<meta property=\"og:type\" content=\"article\" \/>\n<meta property=\"og:title\" content=\"Justi\u00e7a nega liminares contra aumento da CSLL - Amaral, Yazbek Advogados\" \/>\n<meta property=\"og:description\" content=\"Bancos e outras institui\u00e7\u00f5es financeiras passaram a recorrer \u00e0 Justi\u00e7a contra o aumento de cinco pontos porcentuais na al\u00edquota da CSLL, previsto na Lei n\u00ba 14.183, publicada em julho. As primeiras decis\u00f5es liminares, por\u00e9m, s\u00e3o desfavor\u00e1veis.&nbsp; Na sexta-feira, a Justi\u00e7a Federal de S\u00e3o Paulo negou pedido do Banco Sofisa. A B&amp;T Corretora de C\u00e2mbios tamb\u00e9m [&hellip;]\" \/>\n<meta property=\"og:url\" content=\"https:\/\/www.ayadvogados.com.br\/?p=1421\" \/>\n<meta property=\"og:site_name\" content=\"Amaral, Yazbek Advogados\" \/>\n<meta property=\"article:publisher\" content=\"https:\/\/www.facebook.com\/AYadvogados\" \/>\n<meta property=\"article:published_time\" content=\"2021-08-12T20:07:47+00:00\" \/>\n<meta property=\"og:image\" content=\"https:\/\/www.ayadvogados.com.br\/wp-content\/uploads\/2021\/08\/Blog-7.png\" \/>\n\t<meta property=\"og:image:width\" content=\"1000\" \/>\n\t<meta property=\"og:image:height\" content=\"620\" \/>\n\t<meta property=\"og:image:type\" content=\"image\/png\" \/>\n<meta name=\"author\" content=\"AY Advogados\" \/>\n<meta name=\"twitter:card\" content=\"summary_large_image\" \/>\n<meta name=\"twitter:label1\" content=\"Escrito por\" \/>\n\t<meta name=\"twitter:data1\" content=\"AY Advogados\" \/>\n\t<meta name=\"twitter:label2\" content=\"Est. tempo de leitura\" \/>\n\t<meta name=\"twitter:data2\" content=\"4 minutos\" \/>\n<script type=\"application\/ld+json\" class=\"yoast-schema-graph\">{\"@context\":\"https:\\\/\\\/schema.org\",\"@graph\":[{\"@type\":\"Article\",\"@id\":\"https:\\\/\\\/www.ayadvogados.com.br\\\/?p=1421#article\",\"isPartOf\":{\"@id\":\"https:\\\/\\\/www.ayadvogados.com.br\\\/?p=1421\"},\"author\":{\"name\":\"AY Advogados\",\"@id\":\"https:\\\/\\\/www.ayadvogados.com.br\\\/#\\\/schema\\\/person\\\/4abfbf03ad3e577e691d333af064a912\"},\"headline\":\"Justi\u00e7a nega liminares contra aumento da CSLL\",\"datePublished\":\"2021-08-12T20:07:47+00:00\",\"mainEntityOfPage\":{\"@id\":\"https:\\\/\\\/www.ayadvogados.com.br\\\/?p=1421\"},\"wordCount\":871,\"commentCount\":0,\"publisher\":{\"@id\":\"https:\\\/\\\/www.ayadvogados.com.br\\\/#organization\"},\"image\":{\"@id\":\"https:\\\/\\\/www.ayadvogados.com.br\\\/?p=1421#primaryimage\"},\"thumbnailUrl\":\"https:\\\/\\\/www.ayadvogados.com.br\\\/wp-content\\\/uploads\\\/2021\\\/08\\\/Blog-7.png\",\"keywords\":[\"dincast\",\"noticia do dia\"],\"articleSection\":[\"Not\u00edcia do Dia\"],\"inLanguage\":\"pt-BR\",\"potentialAction\":[{\"@type\":\"CommentAction\",\"name\":\"Comment\",\"target\":[\"https:\\\/\\\/www.ayadvogados.com.br\\\/?p=1421#respond\"]}]},{\"@type\":\"WebPage\",\"@id\":\"https:\\\/\\\/www.ayadvogados.com.br\\\/?p=1421\",\"url\":\"https:\\\/\\\/www.ayadvogados.com.br\\\/?p=1421\",\"name\":\"Justi\u00e7a nega liminares contra aumento da CSLL - Amaral, Yazbek Advogados\",\"isPartOf\":{\"@id\":\"https:\\\/\\\/www.ayadvogados.com.br\\\/#website\"},\"primaryImageOfPage\":{\"@id\":\"https:\\\/\\\/www.ayadvogados.com.br\\\/?p=1421#primaryimage\"},\"image\":{\"@id\":\"https:\\\/\\\/www.ayadvogados.com.br\\\/?p=1421#primaryimage\"},\"thumbnailUrl\":\"https:\\\/\\\/www.ayadvogados.com.br\\\/wp-content\\\/uploads\\\/2021\\\/08\\\/Blog-7.png\",\"datePublished\":\"2021-08-12T20:07:47+00:00\",\"breadcrumb\":{\"@id\":\"https:\\\/\\\/www.ayadvogados.com.br\\\/?p=1421#breadcrumb\"},\"inLanguage\":\"pt-BR\",\"potentialAction\":[{\"@type\":\"ReadAction\",\"target\":[\"https:\\\/\\\/www.ayadvogados.com.br\\\/?p=1421\"]}]},{\"@type\":\"ImageObject\",\"inLanguage\":\"pt-BR\",\"@id\":\"https:\\\/\\\/www.ayadvogados.com.br\\\/?p=1421#primaryimage\",\"url\":\"https:\\\/\\\/www.ayadvogados.com.br\\\/wp-content\\\/uploads\\\/2021\\\/08\\\/Blog-7.png\",\"contentUrl\":\"https:\\\/\\\/www.ayadvogados.com.br\\\/wp-content\\\/uploads\\\/2021\\\/08\\\/Blog-7.png\",\"width\":1000,\"height\":620},{\"@type\":\"BreadcrumbList\",\"@id\":\"https:\\\/\\\/www.ayadvogados.com.br\\\/?p=1421#breadcrumb\",\"itemListElement\":[{\"@type\":\"ListItem\",\"position\":1,\"name\":\"In\u00edcio\",\"item\":\"https:\\\/\\\/www.ayadvogados.com.br\\\/\"},{\"@type\":\"ListItem\",\"position\":2,\"name\":\"Justi\u00e7a nega liminares contra aumento da CSLL\"}]},{\"@type\":\"WebSite\",\"@id\":\"https:\\\/\\\/www.ayadvogados.com.br\\\/#website\",\"url\":\"https:\\\/\\\/www.ayadvogados.com.br\\\/\",\"name\":\"Amaral, Yazbek Advogados\",\"description\":\"Curitiba \u2022 Bras\u00edlia \u2022 S\u00e3o Paulo\",\"publisher\":{\"@id\":\"https:\\\/\\\/www.ayadvogados.com.br\\\/#organization\"},\"potentialAction\":[{\"@type\":\"SearchAction\",\"target\":{\"@type\":\"EntryPoint\",\"urlTemplate\":\"https:\\\/\\\/www.ayadvogados.com.br\\\/?s={search_term_string}\"},\"query-input\":{\"@type\":\"PropertyValueSpecification\",\"valueRequired\":true,\"valueName\":\"search_term_string\"}}],\"inLanguage\":\"pt-BR\"},{\"@type\":\"Organization\",\"@id\":\"https:\\\/\\\/www.ayadvogados.com.br\\\/#organization\",\"name\":\"Amaral, Yazbek Advogados\",\"url\":\"https:\\\/\\\/www.ayadvogados.com.br\\\/\",\"logo\":{\"@type\":\"ImageObject\",\"inLanguage\":\"pt-BR\",\"@id\":\"https:\\\/\\\/www.ayadvogados.com.br\\\/#\\\/schema\\\/logo\\\/image\\\/\",\"url\":\"http:\\\/\\\/34.239.117.254\\\/wp-content\\\/uploads\\\/2021\\\/03\\\/logo-ay-g.png\",\"contentUrl\":\"http:\\\/\\\/34.239.117.254\\\/wp-content\\\/uploads\\\/2021\\\/03\\\/logo-ay-g.png\",\"width\":434,\"height\":106,\"caption\":\"Amaral, Yazbek Advogados\"},\"image\":{\"@id\":\"https:\\\/\\\/www.ayadvogados.com.br\\\/#\\\/schema\\\/logo\\\/image\\\/\"},\"sameAs\":[\"https:\\\/\\\/www.facebook.com\\\/AYadvogados\",\"https:\\\/\\\/www.instagram.com\\\/ayadvogados\\\/\"]},{\"@type\":\"Person\",\"@id\":\"https:\\\/\\\/www.ayadvogados.com.br\\\/#\\\/schema\\\/person\\\/4abfbf03ad3e577e691d333af064a912\",\"name\":\"AY Advogados\",\"image\":{\"@type\":\"ImageObject\",\"inLanguage\":\"pt-BR\",\"@id\":\"https:\\\/\\\/secure.gravatar.com\\\/avatar\\\/1473912b851241f5503026e6156e144dcd83ff7addb67f65e1ed9ca21ee1d9cf?s=96&d=mm&r=g\",\"url\":\"https:\\\/\\\/secure.gravatar.com\\\/avatar\\\/1473912b851241f5503026e6156e144dcd83ff7addb67f65e1ed9ca21ee1d9cf?s=96&d=mm&r=g\",\"contentUrl\":\"https:\\\/\\\/secure.gravatar.com\\\/avatar\\\/1473912b851241f5503026e6156e144dcd83ff7addb67f65e1ed9ca21ee1d9cf?s=96&d=mm&r=g\",\"caption\":\"AY Advogados\"},\"sameAs\":[\"https:\\\/\\\/ayadvogados.com.br\"],\"url\":\"https:\\\/\\\/www.ayadvogados.com.br\\\/?author=2\"}]}<\/script>\n<!-- \/ Yoast SEO plugin. -->","yoast_head_json":{"title":"Justi\u00e7a nega liminares contra aumento da CSLL - Amaral, Yazbek Advogados","robots":{"index":"index","follow":"follow","max-snippet":"max-snippet:-1","max-image-preview":"max-image-preview:large","max-video-preview":"max-video-preview:-1"},"canonical":"https:\/\/www.ayadvogados.com.br\/?p=1421","og_locale":"pt_BR","og_type":"article","og_title":"Justi\u00e7a nega liminares contra aumento da CSLL - Amaral, Yazbek Advogados","og_description":"Bancos e outras institui\u00e7\u00f5es financeiras passaram a recorrer \u00e0 Justi\u00e7a contra o aumento de cinco pontos porcentuais na al\u00edquota da CSLL, previsto na Lei n\u00ba 14.183, publicada em julho. As primeiras decis\u00f5es liminares, por\u00e9m, s\u00e3o desfavor\u00e1veis.&nbsp; Na sexta-feira, a Justi\u00e7a Federal de S\u00e3o Paulo negou pedido do Banco Sofisa. A B&amp;T Corretora de C\u00e2mbios tamb\u00e9m [&hellip;]","og_url":"https:\/\/www.ayadvogados.com.br\/?p=1421","og_site_name":"Amaral, Yazbek Advogados","article_publisher":"https:\/\/www.facebook.com\/AYadvogados","article_published_time":"2021-08-12T20:07:47+00:00","og_image":[{"width":1000,"height":620,"url":"https:\/\/www.ayadvogados.com.br\/wp-content\/uploads\/2021\/08\/Blog-7.png","type":"image\/png"}],"author":"AY Advogados","twitter_card":"summary_large_image","twitter_misc":{"Escrito por":"AY Advogados","Est. tempo de leitura":"4 minutos"},"schema":{"@context":"https:\/\/schema.org","@graph":[{"@type":"Article","@id":"https:\/\/www.ayadvogados.com.br\/?p=1421#article","isPartOf":{"@id":"https:\/\/www.ayadvogados.com.br\/?p=1421"},"author":{"name":"AY Advogados","@id":"https:\/\/www.ayadvogados.com.br\/#\/schema\/person\/4abfbf03ad3e577e691d333af064a912"},"headline":"Justi\u00e7a nega liminares contra aumento da CSLL","datePublished":"2021-08-12T20:07:47+00:00","mainEntityOfPage":{"@id":"https:\/\/www.ayadvogados.com.br\/?p=1421"},"wordCount":871,"commentCount":0,"publisher":{"@id":"https:\/\/www.ayadvogados.com.br\/#organization"},"image":{"@id":"https:\/\/www.ayadvogados.com.br\/?p=1421#primaryimage"},"thumbnailUrl":"https:\/\/www.ayadvogados.com.br\/wp-content\/uploads\/2021\/08\/Blog-7.png","keywords":["dincast","noticia do dia"],"articleSection":["Not\u00edcia do Dia"],"inLanguage":"pt-BR","potentialAction":[{"@type":"CommentAction","name":"Comment","target":["https:\/\/www.ayadvogados.com.br\/?p=1421#respond"]}]},{"@type":"WebPage","@id":"https:\/\/www.ayadvogados.com.br\/?p=1421","url":"https:\/\/www.ayadvogados.com.br\/?p=1421","name":"Justi\u00e7a nega liminares contra aumento da CSLL - Amaral, Yazbek Advogados","isPartOf":{"@id":"https:\/\/www.ayadvogados.com.br\/#website"},"primaryImageOfPage":{"@id":"https:\/\/www.ayadvogados.com.br\/?p=1421#primaryimage"},"image":{"@id":"https:\/\/www.ayadvogados.com.br\/?p=1421#primaryimage"},"thumbnailUrl":"https:\/\/www.ayadvogados.com.br\/wp-content\/uploads\/2021\/08\/Blog-7.png","datePublished":"2021-08-12T20:07:47+00:00","breadcrumb":{"@id":"https:\/\/www.ayadvogados.com.br\/?p=1421#breadcrumb"},"inLanguage":"pt-BR","potentialAction":[{"@type":"ReadAction","target":["https:\/\/www.ayadvogados.com.br\/?p=1421"]}]},{"@type":"ImageObject","inLanguage":"pt-BR","@id":"https:\/\/www.ayadvogados.com.br\/?p=1421#primaryimage","url":"https:\/\/www.ayadvogados.com.br\/wp-content\/uploads\/2021\/08\/Blog-7.png","contentUrl":"https:\/\/www.ayadvogados.com.br\/wp-content\/uploads\/2021\/08\/Blog-7.png","width":1000,"height":620},{"@type":"BreadcrumbList","@id":"https:\/\/www.ayadvogados.com.br\/?p=1421#breadcrumb","itemListElement":[{"@type":"ListItem","position":1,"name":"In\u00edcio","item":"https:\/\/www.ayadvogados.com.br\/"},{"@type":"ListItem","position":2,"name":"Justi\u00e7a nega liminares contra aumento da CSLL"}]},{"@type":"WebSite","@id":"https:\/\/www.ayadvogados.com.br\/#website","url":"https:\/\/www.ayadvogados.com.br\/","name":"Amaral, Yazbek Advogados","description":"Curitiba \u2022 Bras\u00edlia \u2022 S\u00e3o Paulo","publisher":{"@id":"https:\/\/www.ayadvogados.com.br\/#organization"},"potentialAction":[{"@type":"SearchAction","target":{"@type":"EntryPoint","urlTemplate":"https:\/\/www.ayadvogados.com.br\/?s={search_term_string}"},"query-input":{"@type":"PropertyValueSpecification","valueRequired":true,"valueName":"search_term_string"}}],"inLanguage":"pt-BR"},{"@type":"Organization","@id":"https:\/\/www.ayadvogados.com.br\/#organization","name":"Amaral, Yazbek Advogados","url":"https:\/\/www.ayadvogados.com.br\/","logo":{"@type":"ImageObject","inLanguage":"pt-BR","@id":"https:\/\/www.ayadvogados.com.br\/#\/schema\/logo\/image\/","url":"http:\/\/34.239.117.254\/wp-content\/uploads\/2021\/03\/logo-ay-g.png","contentUrl":"http:\/\/34.239.117.254\/wp-content\/uploads\/2021\/03\/logo-ay-g.png","width":434,"height":106,"caption":"Amaral, Yazbek Advogados"},"image":{"@id":"https:\/\/www.ayadvogados.com.br\/#\/schema\/logo\/image\/"},"sameAs":["https:\/\/www.facebook.com\/AYadvogados","https:\/\/www.instagram.com\/ayadvogados\/"]},{"@type":"Person","@id":"https:\/\/www.ayadvogados.com.br\/#\/schema\/person\/4abfbf03ad3e577e691d333af064a912","name":"AY Advogados","image":{"@type":"ImageObject","inLanguage":"pt-BR","@id":"https:\/\/secure.gravatar.com\/avatar\/1473912b851241f5503026e6156e144dcd83ff7addb67f65e1ed9ca21ee1d9cf?s=96&d=mm&r=g","url":"https:\/\/secure.gravatar.com\/avatar\/1473912b851241f5503026e6156e144dcd83ff7addb67f65e1ed9ca21ee1d9cf?s=96&d=mm&r=g","contentUrl":"https:\/\/secure.gravatar.com\/avatar\/1473912b851241f5503026e6156e144dcd83ff7addb67f65e1ed9ca21ee1d9cf?s=96&d=mm&r=g","caption":"AY Advogados"},"sameAs":["https:\/\/ayadvogados.com.br"],"url":"https:\/\/www.ayadvogados.com.br\/?author=2"}]}},"rttpg_featured_image_url":{"full":["https:\/\/www.ayadvogados.com.br\/wp-content\/uploads\/2021\/08\/Blog-7.png",1000,620,false],"landscape":["https:\/\/www.ayadvogados.com.br\/wp-content\/uploads\/2021\/08\/Blog-7.png",1000,620,false],"portraits":["https:\/\/www.ayadvogados.com.br\/wp-content\/uploads\/2021\/08\/Blog-7.png",1000,620,false],"thumbnail":["https:\/\/www.ayadvogados.com.br\/wp-content\/uploads\/2021\/08\/Blog-7-150x150.png",150,150,true],"medium":["https:\/\/www.ayadvogados.com.br\/wp-content\/uploads\/2021\/08\/Blog-7-300x186.png",300,186,true],"large":["https:\/\/www.ayadvogados.com.br\/wp-content\/uploads\/2021\/08\/Blog-7.png",1000,620,false],"1536x1536":["https:\/\/www.ayadvogados.com.br\/wp-content\/uploads\/2021\/08\/Blog-7.png",1000,620,false],"2048x2048":["https:\/\/www.ayadvogados.com.br\/wp-content\/uploads\/2021\/08\/Blog-7.png",1000,620,false]},"rttpg_author":{"display_name":"AY Advogados","author_link":"https:\/\/www.ayadvogados.com.br\/?author=2"},"rttpg_comment":0,"rttpg_category":"<a href=\"https:\/\/www.ayadvogados.com.br\/?cat=1\" rel=\"category\">Not\u00edcia do Dia<\/a>","rttpg_excerpt":"Bancos e outras institui\u00e7\u00f5es financeiras passaram a recorrer \u00e0 Justi\u00e7a contra o aumento de cinco pontos porcentuais na al\u00edquota da CSLL, previsto na Lei n\u00ba 14.183, publicada em julho. As primeiras decis\u00f5es liminares, por\u00e9m, s\u00e3o desfavor\u00e1veis.&nbsp; Na sexta-feira, a Justi\u00e7a Federal de S\u00e3o Paulo negou pedido do Banco Sofisa. A B&amp;T Corretora de C\u00e2mbios tamb\u00e9m&hellip;","_links":{"self":[{"href":"https:\/\/www.ayadvogados.com.br\/index.php?rest_route=\/wp\/v2\/posts\/1421","targetHints":{"allow":["GET"]}}],"collection":[{"href":"https:\/\/www.ayadvogados.com.br\/index.php?rest_route=\/wp\/v2\/posts"}],"about":[{"href":"https:\/\/www.ayadvogados.com.br\/index.php?rest_route=\/wp\/v2\/types\/post"}],"author":[{"embeddable":true,"href":"https:\/\/www.ayadvogados.com.br\/index.php?rest_route=\/wp\/v2\/users\/2"}],"replies":[{"embeddable":true,"href":"https:\/\/www.ayadvogados.com.br\/index.php?rest_route=%2Fwp%2Fv2%2Fcomments&post=1421"}],"version-history":[{"count":1,"href":"https:\/\/www.ayadvogados.com.br\/index.php?rest_route=\/wp\/v2\/posts\/1421\/revisions"}],"predecessor-version":[{"id":1423,"href":"https:\/\/www.ayadvogados.com.br\/index.php?rest_route=\/wp\/v2\/posts\/1421\/revisions\/1423"}],"wp:featuredmedia":[{"embeddable":true,"href":"https:\/\/www.ayadvogados.com.br\/index.php?rest_route=\/wp\/v2\/media\/1422"}],"wp:attachment":[{"href":"https:\/\/www.ayadvogados.com.br\/index.php?rest_route=%2Fwp%2Fv2%2Fmedia&parent=1421"}],"wp:term":[{"taxonomy":"category","embeddable":true,"href":"https:\/\/www.ayadvogados.com.br\/index.php?rest_route=%2Fwp%2Fv2%2Fcategories&post=1421"},{"taxonomy":"post_tag","embeddable":true,"href":"https:\/\/www.ayadvogados.com.br\/index.php?rest_route=%2Fwp%2Fv2%2Ftags&post=1421"}],"curies":[{"name":"wp","href":"https:\/\/api.w.org\/{rel}","templated":true}]}}