{"id":1405,"date":"2021-08-06T18:04:35","date_gmt":"2021-08-06T21:04:35","guid":{"rendered":"http:\/\/34.239.117.254\/?p=1405"},"modified":"2021-08-06T18:04:35","modified_gmt":"2021-08-06T21:04:35","slug":"senado-aprova-programa-especial-de-regularizacao-tributaria-o-novo-refis","status":"publish","type":"post","link":"https:\/\/www.ayadvogados.com.br\/?p=1405","title":{"rendered":"Senado aprova Programa Especial de Regulariza\u00e7\u00e3o Tribut\u00e1ria, o novo Refis."},"content":{"rendered":"\n<p>O Senado aprovou, em vota\u00e7\u00e3o simb\u00f3lica, o PL 4728\/2020, que reabre o prazo de ades\u00e3o ao Programa Especial de Regulariza\u00e7\u00e3o Tribut\u00e1ria (PERT) e ajusta seus prazos e modalidades de pagamento.<\/p>\n\n\n\n<p>Buscando um al\u00edvio \u00e0s empresas afetadas pela pandemia, o senador Fernando Bezerra Coelho (MDB-PE) apresentou nesta quinta-feira (5\/8) parecer ao PL 4728\/2021, que institui um novo Refis, para prever a possibilidade de parcelamento de d\u00edvidas tribut\u00e1rias em at\u00e9 144 vezes. O substitutivo permite desconto de at\u00e9 90% nos juros e multas e traz altera\u00e7\u00f5es no instituto da transa\u00e7\u00e3o tribut\u00e1ria, para garantir mais parcelas e descontos aos contribuintes.<\/p>\n\n\n\n<p>De acordo com o parecer, empresas com maiores quedas de faturamento ter\u00e3o maiores descontos em juros e multas de d\u00e9bitos tribut\u00e1rios. Al\u00e9m disso, companhias mais afetadas poder\u00e3o utilizar parcela maior de preju\u00edzo fiscal e base de c\u00e1lculo negativa de CSLL para abater as d\u00edvidas, al\u00e9m de ter uma entrada menor.<\/p>\n\n\n\n<p>O PL 4728\/2021 reabre o prazo de ades\u00e3o ao Programa Especial de Regulariza\u00e7\u00e3o Tribut\u00e1ria (PERT) \u2013 chamado de projeto do novo Refis e classificado como uma das etapas da reforma tribut\u00e1ria fatiada.<\/p>\n\n\n\n<p>A aprova\u00e7\u00e3o em vota\u00e7\u00e3o simb\u00f3lica mostra o sucesso da costura pol\u00edtica do l\u00edder do governo, Fernando Bezerra (MDB-PE), e do presidente do Senado, Rodrigo Pacheco (DEM-MG), autor da mat\u00e9ria. A necessidade de aprova\u00e7\u00e3o de um Refis para ajudar empresas atingidas pela pandemia \u00e9 tema que est\u00e1 nas discuss\u00f5es de bastidor da C\u00e2mara, portanto a expectativa \u00e9 de boa receptividade ao tema naquela Casa. O PL 4728\/2020 agora seguir\u00e1 para a C\u00e2mara dos Deputados.<\/p>\n\n\n\n<p>O texto aprovado no Senado nesta quinta prop\u00f5e seis faixas para enquadramento das companhias, a depender da queda de faturamento por conta da pandemia. Empresas que n\u00e3o tiveram queda de faturamento, por exemplo, ter\u00e3o desconto de 65% nos juros e multas dos d\u00e9bitos inclu\u00eddos no Refis e 75% nos encargos legais. Essas companhias pagar\u00e3o uma entrada de 25% dos d\u00e9bitos e podem quitar at\u00e9 25% do restante com o uso de preju\u00edzo fiscal e base negativa.<\/p>\n\n\n\n<p>Na outra ponta, as empresas que tiveram mais de 80% de queda de faturamento ter\u00e3o desconto de 90% nos juros e multas e 100% nos encargos legais. A entrada fica em 2,5% do valor dos d\u00e9bitos e \u00e9 poss\u00edvel pagar at\u00e9 50% do restante com o uso de preju\u00edzo fiscal e base negativa.<\/p>\n\n\n\n<p>O parecer tamb\u00e9m prev\u00ea que empresas com patrim\u00f4nio l\u00edquido negativo no balan\u00e7o patrimonial encerrado em 31 de dezembro de 2020 possam aderir ao programa nas mesmas condi\u00e7\u00f5es de quem teve queda no faturamento de 15% ou mais. Isso significa que as companhias ter\u00e3o desconto de 70% nos juros e multas e de 80% nos encargos legais. Elas pagar\u00e3o entrada de 20% dos d\u00e9bitos, e podem quitar at\u00e9 30% do restante com o uso de preju\u00edzo fiscal e base negativa.<\/p>\n\n\n\n<p>Em todos os casos, ap\u00f3s o pagamento da entrada, do uso de preju\u00edzo fiscal ou de base negativa e a incid\u00eancia de descontos, o saldo remanescente poder\u00e1 ser quitado em at\u00e9 144 meses. O prazo de ades\u00e3o ao Pert fica aberto at\u00e9 30 de setembro. As empresas do Simples Nacional n\u00e3o est\u00e3o contempladas pelo projeto por conta da exig\u00eancia de Lei Complementar para tanto.<\/p>\n\n\n\n<p>Para o tributarista Jos\u00e9 Eduardo Jardim, s\u00f3cio do Eduardo Jardim Advogados, ao considerar o n\u00edvel de queda no faturamento dos contribuintes na defini\u00e7\u00e3o das regras, o relator trouxe uma flexibilidade importante para as empresas neste momento de crise.<\/p>\n\n\n\n<p>\u201c\u00c9 uma forma de n\u00e3o colocar uma r\u00e9gua, um crit\u00e9rio \u00fanico para todas as empresas, e me parece um par\u00e2metro adequado para possibilitar que contribuintes que tiveram uma redu\u00e7\u00e3o brutal em seu faturamento possam pagar as d\u00edvidas\u201d, disse<\/p>\n\n\n\n<p>Pessoas f\u00edsicas podem aderir<\/p>\n\n\n\n<p>Para pessoas f\u00edsicas, o parecer prev\u00ea as mesmas condi\u00e7\u00f5es oferecidas a empresas com queda de mais de 80% no faturamento. Isso significa uma entrada de 2,5% do valor dos d\u00e9bitos, e, sobre o valor restante, desconto de 90% nos juros e multas e de 100% nos encargos legais. O requisito \u00e9 que essas pessoas tenham enfrentado redu\u00e7\u00e3o de rendimentos tribut\u00e1veis igual ou superior a 15% no ano-calend\u00e1rio de 2020 em compara\u00e7\u00e3o com o ano-calend\u00e1rio de 2019.<\/p>\n\n\n\n<p>Quem teve queda nos rendimentos inferior a 15% poder\u00e1 aderir ao programa com uma entrada maior, de 5% do valor do d\u00e9bito, e pagamento do restante com desconto de 85% nos juros e de 95% nos encargos legais.<\/p>\n\n\n\n<p>O substitutivo prev\u00ea, tanto para pessoas jur\u00eddicas quanto f\u00edsicas, na hip\u00f3tese de cr\u00e9ditos inscritos em d\u00edvida ativa da Uni\u00e3o, a possibilidade de o devedor pagar a d\u00edvida por meio de bens im\u00f3veis. Para isso, a Fazenda precisa aceitar a proposta previamente.<\/p>\n\n\n\n<p>Transa\u00e7\u00e3o tribut\u00e1ria poder\u00e1 ser parcelada em at\u00e9 120 meses<\/p>\n\n\n\n<p>No parecer, o relator tamb\u00e9m prop\u00f4s altera\u00e7\u00f5es na Lei 13.988\/20, que regulamenta a transa\u00e7\u00e3o tribut\u00e1ria no pa\u00eds. Por meio do instituto, a Procuradoria-Geral da Fazenda Nacional (PGFN) e a Receita Federal podem negociar d\u00edvidas com contribuintes.<\/p>\n\n\n\n<p>Caso as mudan\u00e7as sugeridas pelo relator sejam aprovadas, o PL permitir\u00e1, entre outros pontos, que o prazo m\u00e1ximo de parcelamento na transa\u00e7\u00e3o passe de 84 para 120 meses, com possibilidade de descontos de at\u00e9 70%. Haver\u00e1 ainda a possibilidade de amortiza\u00e7\u00e3o da d\u00edvida com preju\u00edzo fiscal, base negativa de CSLL ou precat\u00f3rios.<\/p>\n\n\n\n<p>Al\u00e9m disso, o devedor poder\u00e1 usar cr\u00e9ditos de preju\u00edzo fiscal e de base de c\u00e1lculo negativa da CSLL para quitar at\u00e9 70% do saldo remanescente ap\u00f3s a incid\u00eancia de descontos. No caso de contribui\u00e7\u00f5es previdenci\u00e1rias, o uso desses cr\u00e9ditos poder\u00e1 quitar a totalidade da d\u00edvida.<\/p>\n\n\n\n<p>Ser\u00e1 poss\u00edvel tamb\u00e9m a transa\u00e7\u00e3o envolvendo d\u00e9bitos n\u00e3o tribut\u00e1rios administrados por autarquias e funda\u00e7\u00f5es p\u00fablicas federais, ressalvados os administrados pelo Banco Central do Brasil. O parecer permite a concess\u00e3o de descontos para todos os tipos de juros, e n\u00e3o apenas os de mora.<\/p>\n\n\n\n<p>Outro ponto alterado seria o artigo 19-C da Lei 10.522\/02, para autorizar a realiza\u00e7\u00e3o de acordos em processos em fase de cumprimento de senten\u00e7a.<\/p>\n\n\n\n<p>Para Maria Rita Ferragut, s\u00f3cia da \u00e1rea tribut\u00e1ria do escrit\u00f3rio Trench Rossi Watanabe, essas mudan\u00e7as ser\u00e3o ben\u00e9ficas para o contribuinte e importantes em um momento de crise como o atual.<\/p>\n\n\n\n<p>Ela avalia que o parecer amplia o leque de possibilidades de ades\u00e3o, uma vez que a Procuradoria-Geral da Fazenda Nacional (PGFN) analisa caso a caso a situa\u00e7\u00e3o do contribuinte para aplicar o instituto. Para a advogada, as mudan\u00e7as propostas buscam atender ao contribuinte que mais necessita se regularizar.<\/p>\n\n\n\n<p>\u201cNa transa\u00e7\u00e3o tribut\u00e1ria, a peculiaridade de cada devedor \u00e9 levada em considera\u00e7\u00e3o. Isso tem de ser valorizado porque \u00e9 uma forma de justi\u00e7a social trazida pela transa\u00e7\u00e3o\u201d, diz a advogada.<\/p>\n\n\n\n<p>Maria Rita ressalta que o Refis deve ser algo excepcional, mas que o atual momento justifica a sua cria\u00e7\u00e3o. A seu ver, a proposta, al\u00e9m de aumentar de modo imediato a arrecada\u00e7\u00e3o do Estado, socorre milhares de devedores. \u201cEssas s\u00e3o propostas trazidas em um momento econ\u00f4mico relevante. S\u00e3o propostas legais e constitucionais\u201d, afirma.<\/p>\n\n\n\n<p>Programa busca mitigar abalo econ\u00f4mico, diz relator<\/p>\n\n\n\n<p>Para o relator, a reabertura do Pert \u201cser\u00e1 medida destinada a mitigar o abalo econ\u00f4mico sofrido por diversos setores da atividade produtiva, em sintonia com as recomenda\u00e7\u00f5es internacionais\u201d.<\/p>\n\n\n\n<p>Ele ressaltou que, al\u00e9m dos terr\u00edveis efeitos ocasionados na sa\u00fade p\u00fablica, os indicadores revelam o desastre que a pandemia da Covid-19 ocasionou na economia Brasileira, com destaque para uma redu\u00e7\u00e3o de 4,1% no Produto Interno Bruto (PIB) em 2020.<\/p>\n\n\n\n<p>O relator disse que, embora os parcelamentos especiais sejam questionados sob a justificativa de que podem gerar efeitos negativos, o momento \u00e9 absolutamente excepcional.<\/p>\n\n\n\n<p>\u201cAn\u00e1lises efetuadas em momentos normais n\u00e3o se aplicam na quadra atual de gigantesco abalo econ\u00f4mico que a pandemia da Covid-19 e as medidas restritivas impostas pelo Poder P\u00fablico, especialmente pelos governos subnacionais, acarretaram na atividade econ\u00f4mica. \u00c9 preciso focar, neste momento, na redu\u00e7\u00e3o do impacto do Estado sobre as empresas, de modo a permitir que se recuperem e sobrevivam\u201d, escreveu Bezerra Coelho.<\/p>\n\n\n\n<p><\/p>\n\n\n\n<p>Fonte: <a href=\"https:\/\/www.jota.info\/tributos-e-empresas\/tributario\/parecer-do-novo-refis-preve-desconto-de-ate-90-nos-juros-e-multas-05082021\">Jota<\/a><\/p>\n\n\n\n<p><\/p>\n\n\n\n<p>Ou\u00e7a o DIN Cast, o podcast voltado para o mundo dos neg\u00f3cios que vai ajudar sua empresa a se tornar l\u00edder de mercado atrav\u00e9s da intelig\u00eancia de neg\u00f3cios<\/p>\n\n\n\n<p>Acesse nosso blog e confira:<\/p>\n\n\n\n<p>\ud83d\udc49http:\/\/ayadvogados.com.br\/category\/dincast\/<\/p>\n\n\n\n<p>Quer estar sempre atualizado sobre as novidades no setor tribut\u00e1rio?&nbsp;<\/p>\n\n\n\n<p>Siga a Amaral, Yazbek nas redes sociais:<\/p>\n\n\n\n<p>\ud83d\udc49Facebook:<a href=\"https:\/\/www.youtube.com\/redirect?event=video_description&amp;redir_token=QUFFLUhqbF9kQmhFdmNsbVNjRlRQTkhQSWhVWGdORWZ1QXxBQ3Jtc0tucW0ydjVzSGJpbFRyb1RZY3hKeFBGYzFob1VWYUtzUzF5OGJxZl9TelJUNGI4OG9odEtsTUlSUWRUeHdYR2ZuaFBRNTh4OEdMU1FoLXlOV1d5WVJhNGdZRlNkR2JtdUJCaVlEblphZjVMUjJ6b3B2cw&amp;q=https%3A%2F%2Fwww.facebook.com%2FAYadvogados\"> https:\/\/www.facebook.com\/AYadvogados\u200b<\/a><\/p>\n\n\n\n<p>\ud83d\udc49Instagram:<a href=\"https:\/\/www.youtube.com\/redirect?event=video_description&amp;redir_token=QUFFLUhqa3NISmpmWEd2R1k5VllqTWlGS283d052bTQxZ3xBQ3Jtc0tuV0VvTnlObjJKS0lBNmtILXpOaFMzcU1VSERNMXJWN1hnQWloOGIyVXp5ZzZPYVJqREpvcXJTcVd1RFJ5ZzRBMEVsLURab1U0R1ZWVHplYlN3b2FKcWdnVGVySjAwR2M0TTVnM2xrQkxHNlM5YXEwNA&amp;q=https%3A%2F%2Fwww.instagram.com%2Famaral.yazbek\"> https:\/\/www.instagram.com\/ayadvogados<\/a><\/p>\n\n\n\n<p>\ud83d\udc49Linkedin: <a href=\"http:\/\/www.linkedin.com\/company\/amaral-yazbek-advogados\/\">https:\/\/www.linkedin.com\/company\/amaral-yazbek-advogados\/<\/a><\/p>\n\n\n\n<p>\ud83c\udf81 Queremos te oferecer um presente! Preparamos a 10\u00aa edi\u00e7\u00e3o da revista Governan\u00e7a Jur\u00eddica dando dicas de ordem tribut\u00e1ria para que os empres\u00e1rios, independentemente do porte do seu neg\u00f3cio, possam reduzir os seus custos no per\u00edodo dif\u00edcil em que estamos vivendo.&nbsp;<\/p>\n\n\n\n<p>\ud83d\udc49Baixe gratuitamente: <a href=\"http:\/\/ayadvogados.com.br\/revista\/\">http:\/\/ayadvogados.com.br\/revista\/<\/a><\/p>\n\n\n\n<p>A Amaral, Yazbek, Advogados, OAB-PR 762, atua com excel\u00eancia no setor tribut\u00e1rio h\u00e1 35 anos, auxiliando empresas a transformarem a tributa\u00e7\u00e3o em lucro.<\/p>\n","protected":false},"excerpt":{"rendered":"<p>O Senado aprovou, em vota\u00e7\u00e3o simb\u00f3lica, o PL 4728\/2020, que reabre o prazo de ades\u00e3o ao Programa Especial de Regulariza\u00e7\u00e3o Tribut\u00e1ria (PERT) e ajusta seus prazos e modalidades de pagamento. Buscando um al\u00edvio \u00e0s empresas afetadas pela pandemia, o senador Fernando Bezerra Coelho (MDB-PE) apresentou nesta quinta-feira (5\/8) parecer ao PL 4728\/2021, que institui um [&hellip;]<\/p>\n","protected":false},"author":2,"featured_media":1406,"comment_status":"open","ping_status":"open","sticky":false,"template":"","format":"standard","meta":{"footnotes":""},"categories":[1],"tags":[9,67],"class_list":["post-1405","post","type-post","status-publish","format-standard","has-post-thumbnail","hentry","category-noticia-do-dia","tag-amaral-yazbek","tag-noticia-do-dia-2"],"blocksy_meta":{"styles_descriptor":{"styles":{"desktop":"","tablet":"","mobile":""},"google_fonts":[],"version":6}},"yoast_head":"<!-- This site is optimized with the Yoast SEO plugin v27.5 - https:\/\/yoast.com\/product\/yoast-seo-wordpress\/ -->\n<title>Senado aprova Programa Especial de Regulariza\u00e7\u00e3o Tribut\u00e1ria, o novo Refis. - Amaral, Yazbek Advogados<\/title>\n<meta name=\"robots\" content=\"index, follow, max-snippet:-1, max-image-preview:large, max-video-preview:-1\" \/>\n<link rel=\"canonical\" href=\"https:\/\/www.ayadvogados.com.br\/?p=1405\" \/>\n<meta property=\"og:locale\" content=\"pt_BR\" \/>\n<meta property=\"og:type\" content=\"article\" \/>\n<meta property=\"og:title\" content=\"Senado aprova Programa Especial de Regulariza\u00e7\u00e3o Tribut\u00e1ria, o novo Refis. - Amaral, Yazbek Advogados\" \/>\n<meta property=\"og:description\" content=\"O Senado aprovou, em vota\u00e7\u00e3o simb\u00f3lica, o PL 4728\/2020, que reabre o prazo de ades\u00e3o ao Programa Especial de Regulariza\u00e7\u00e3o Tribut\u00e1ria (PERT) e ajusta seus prazos e modalidades de pagamento. Buscando um al\u00edvio \u00e0s empresas afetadas pela pandemia, o senador Fernando Bezerra Coelho (MDB-PE) apresentou nesta quinta-feira (5\/8) parecer ao PL 4728\/2021, que institui um [&hellip;]\" \/>\n<meta property=\"og:url\" content=\"https:\/\/www.ayadvogados.com.br\/?p=1405\" \/>\n<meta property=\"og:site_name\" content=\"Amaral, Yazbek Advogados\" \/>\n<meta property=\"article:publisher\" content=\"https:\/\/www.facebook.com\/AYadvogados\" \/>\n<meta property=\"article:published_time\" content=\"2021-08-06T21:04:35+00:00\" \/>\n<meta property=\"og:image\" content=\"https:\/\/www.ayadvogados.com.br\/wp-content\/uploads\/2021\/08\/Blog-3.png\" \/>\n\t<meta property=\"og:image:width\" content=\"1000\" \/>\n\t<meta property=\"og:image:height\" content=\"620\" \/>\n\t<meta property=\"og:image:type\" content=\"image\/png\" \/>\n<meta name=\"author\" content=\"AY Advogados\" \/>\n<meta name=\"twitter:card\" content=\"summary_large_image\" \/>\n<meta name=\"twitter:label1\" content=\"Escrito por\" \/>\n\t<meta name=\"twitter:data1\" content=\"AY Advogados\" \/>\n\t<meta name=\"twitter:label2\" content=\"Est. tempo de leitura\" \/>\n\t<meta name=\"twitter:data2\" content=\"8 minutos\" \/>\n<script type=\"application\/ld+json\" class=\"yoast-schema-graph\">{\"@context\":\"https:\\\/\\\/schema.org\",\"@graph\":[{\"@type\":\"Article\",\"@id\":\"https:\\\/\\\/www.ayadvogados.com.br\\\/?p=1405#article\",\"isPartOf\":{\"@id\":\"https:\\\/\\\/www.ayadvogados.com.br\\\/?p=1405\"},\"author\":{\"name\":\"AY Advogados\",\"@id\":\"https:\\\/\\\/www.ayadvogados.com.br\\\/#\\\/schema\\\/person\\\/4abfbf03ad3e577e691d333af064a912\"},\"headline\":\"Senado aprova Programa Especial de Regulariza\u00e7\u00e3o Tribut\u00e1ria, o novo Refis.\",\"datePublished\":\"2021-08-06T21:04:35+00:00\",\"mainEntityOfPage\":{\"@id\":\"https:\\\/\\\/www.ayadvogados.com.br\\\/?p=1405\"},\"wordCount\":1571,\"commentCount\":0,\"publisher\":{\"@id\":\"https:\\\/\\\/www.ayadvogados.com.br\\\/#organization\"},\"image\":{\"@id\":\"https:\\\/\\\/www.ayadvogados.com.br\\\/?p=1405#primaryimage\"},\"thumbnailUrl\":\"https:\\\/\\\/www.ayadvogados.com.br\\\/wp-content\\\/uploads\\\/2021\\\/08\\\/Blog-3.png\",\"keywords\":[\"amaral yazbek\",\"not\u00edcia do dia\"],\"articleSection\":[\"Not\u00edcia do Dia\"],\"inLanguage\":\"pt-BR\",\"potentialAction\":[{\"@type\":\"CommentAction\",\"name\":\"Comment\",\"target\":[\"https:\\\/\\\/www.ayadvogados.com.br\\\/?p=1405#respond\"]}]},{\"@type\":\"WebPage\",\"@id\":\"https:\\\/\\\/www.ayadvogados.com.br\\\/?p=1405\",\"url\":\"https:\\\/\\\/www.ayadvogados.com.br\\\/?p=1405\",\"name\":\"Senado aprova Programa Especial de Regulariza\u00e7\u00e3o Tribut\u00e1ria, o novo Refis. - Amaral, Yazbek Advogados\",\"isPartOf\":{\"@id\":\"https:\\\/\\\/www.ayadvogados.com.br\\\/#website\"},\"primaryImageOfPage\":{\"@id\":\"https:\\\/\\\/www.ayadvogados.com.br\\\/?p=1405#primaryimage\"},\"image\":{\"@id\":\"https:\\\/\\\/www.ayadvogados.com.br\\\/?p=1405#primaryimage\"},\"thumbnailUrl\":\"https:\\\/\\\/www.ayadvogados.com.br\\\/wp-content\\\/uploads\\\/2021\\\/08\\\/Blog-3.png\",\"datePublished\":\"2021-08-06T21:04:35+00:00\",\"breadcrumb\":{\"@id\":\"https:\\\/\\\/www.ayadvogados.com.br\\\/?p=1405#breadcrumb\"},\"inLanguage\":\"pt-BR\",\"potentialAction\":[{\"@type\":\"ReadAction\",\"target\":[\"https:\\\/\\\/www.ayadvogados.com.br\\\/?p=1405\"]}]},{\"@type\":\"ImageObject\",\"inLanguage\":\"pt-BR\",\"@id\":\"https:\\\/\\\/www.ayadvogados.com.br\\\/?p=1405#primaryimage\",\"url\":\"https:\\\/\\\/www.ayadvogados.com.br\\\/wp-content\\\/uploads\\\/2021\\\/08\\\/Blog-3.png\",\"contentUrl\":\"https:\\\/\\\/www.ayadvogados.com.br\\\/wp-content\\\/uploads\\\/2021\\\/08\\\/Blog-3.png\",\"width\":1000,\"height\":620},{\"@type\":\"BreadcrumbList\",\"@id\":\"https:\\\/\\\/www.ayadvogados.com.br\\\/?p=1405#breadcrumb\",\"itemListElement\":[{\"@type\":\"ListItem\",\"position\":1,\"name\":\"In\u00edcio\",\"item\":\"https:\\\/\\\/www.ayadvogados.com.br\\\/\"},{\"@type\":\"ListItem\",\"position\":2,\"name\":\"Senado aprova Programa Especial de Regulariza\u00e7\u00e3o Tribut\u00e1ria, o novo Refis.\"}]},{\"@type\":\"WebSite\",\"@id\":\"https:\\\/\\\/www.ayadvogados.com.br\\\/#website\",\"url\":\"https:\\\/\\\/www.ayadvogados.com.br\\\/\",\"name\":\"Amaral, Yazbek Advogados\",\"description\":\"Curitiba \u2022 Bras\u00edlia \u2022 S\u00e3o Paulo\",\"publisher\":{\"@id\":\"https:\\\/\\\/www.ayadvogados.com.br\\\/#organization\"},\"potentialAction\":[{\"@type\":\"SearchAction\",\"target\":{\"@type\":\"EntryPoint\",\"urlTemplate\":\"https:\\\/\\\/www.ayadvogados.com.br\\\/?s={search_term_string}\"},\"query-input\":{\"@type\":\"PropertyValueSpecification\",\"valueRequired\":true,\"valueName\":\"search_term_string\"}}],\"inLanguage\":\"pt-BR\"},{\"@type\":\"Organization\",\"@id\":\"https:\\\/\\\/www.ayadvogados.com.br\\\/#organization\",\"name\":\"Amaral, Yazbek Advogados\",\"url\":\"https:\\\/\\\/www.ayadvogados.com.br\\\/\",\"logo\":{\"@type\":\"ImageObject\",\"inLanguage\":\"pt-BR\",\"@id\":\"https:\\\/\\\/www.ayadvogados.com.br\\\/#\\\/schema\\\/logo\\\/image\\\/\",\"url\":\"http:\\\/\\\/34.239.117.254\\\/wp-content\\\/uploads\\\/2021\\\/03\\\/logo-ay-g.png\",\"contentUrl\":\"http:\\\/\\\/34.239.117.254\\\/wp-content\\\/uploads\\\/2021\\\/03\\\/logo-ay-g.png\",\"width\":434,\"height\":106,\"caption\":\"Amaral, Yazbek Advogados\"},\"image\":{\"@id\":\"https:\\\/\\\/www.ayadvogados.com.br\\\/#\\\/schema\\\/logo\\\/image\\\/\"},\"sameAs\":[\"https:\\\/\\\/www.facebook.com\\\/AYadvogados\",\"https:\\\/\\\/www.instagram.com\\\/ayadvogados\\\/\"]},{\"@type\":\"Person\",\"@id\":\"https:\\\/\\\/www.ayadvogados.com.br\\\/#\\\/schema\\\/person\\\/4abfbf03ad3e577e691d333af064a912\",\"name\":\"AY Advogados\",\"image\":{\"@type\":\"ImageObject\",\"inLanguage\":\"pt-BR\",\"@id\":\"https:\\\/\\\/secure.gravatar.com\\\/avatar\\\/1473912b851241f5503026e6156e144dcd83ff7addb67f65e1ed9ca21ee1d9cf?s=96&d=mm&r=g\",\"url\":\"https:\\\/\\\/secure.gravatar.com\\\/avatar\\\/1473912b851241f5503026e6156e144dcd83ff7addb67f65e1ed9ca21ee1d9cf?s=96&d=mm&r=g\",\"contentUrl\":\"https:\\\/\\\/secure.gravatar.com\\\/avatar\\\/1473912b851241f5503026e6156e144dcd83ff7addb67f65e1ed9ca21ee1d9cf?s=96&d=mm&r=g\",\"caption\":\"AY Advogados\"},\"sameAs\":[\"https:\\\/\\\/ayadvogados.com.br\"],\"url\":\"https:\\\/\\\/www.ayadvogados.com.br\\\/?author=2\"}]}<\/script>\n<!-- \/ Yoast SEO plugin. -->","yoast_head_json":{"title":"Senado aprova Programa Especial de Regulariza\u00e7\u00e3o Tribut\u00e1ria, o novo Refis. - Amaral, Yazbek Advogados","robots":{"index":"index","follow":"follow","max-snippet":"max-snippet:-1","max-image-preview":"max-image-preview:large","max-video-preview":"max-video-preview:-1"},"canonical":"https:\/\/www.ayadvogados.com.br\/?p=1405","og_locale":"pt_BR","og_type":"article","og_title":"Senado aprova Programa Especial de Regulariza\u00e7\u00e3o Tribut\u00e1ria, o novo Refis. - Amaral, Yazbek Advogados","og_description":"O Senado aprovou, em vota\u00e7\u00e3o simb\u00f3lica, o PL 4728\/2020, que reabre o prazo de ades\u00e3o ao Programa Especial de Regulariza\u00e7\u00e3o Tribut\u00e1ria (PERT) e ajusta seus prazos e modalidades de pagamento. Buscando um al\u00edvio \u00e0s empresas afetadas pela pandemia, o senador Fernando Bezerra Coelho (MDB-PE) apresentou nesta quinta-feira (5\/8) parecer ao PL 4728\/2021, que institui um [&hellip;]","og_url":"https:\/\/www.ayadvogados.com.br\/?p=1405","og_site_name":"Amaral, Yazbek Advogados","article_publisher":"https:\/\/www.facebook.com\/AYadvogados","article_published_time":"2021-08-06T21:04:35+00:00","og_image":[{"width":1000,"height":620,"url":"https:\/\/www.ayadvogados.com.br\/wp-content\/uploads\/2021\/08\/Blog-3.png","type":"image\/png"}],"author":"AY Advogados","twitter_card":"summary_large_image","twitter_misc":{"Escrito por":"AY Advogados","Est. tempo de leitura":"8 minutos"},"schema":{"@context":"https:\/\/schema.org","@graph":[{"@type":"Article","@id":"https:\/\/www.ayadvogados.com.br\/?p=1405#article","isPartOf":{"@id":"https:\/\/www.ayadvogados.com.br\/?p=1405"},"author":{"name":"AY Advogados","@id":"https:\/\/www.ayadvogados.com.br\/#\/schema\/person\/4abfbf03ad3e577e691d333af064a912"},"headline":"Senado aprova Programa Especial de Regulariza\u00e7\u00e3o Tribut\u00e1ria, o novo Refis.","datePublished":"2021-08-06T21:04:35+00:00","mainEntityOfPage":{"@id":"https:\/\/www.ayadvogados.com.br\/?p=1405"},"wordCount":1571,"commentCount":0,"publisher":{"@id":"https:\/\/www.ayadvogados.com.br\/#organization"},"image":{"@id":"https:\/\/www.ayadvogados.com.br\/?p=1405#primaryimage"},"thumbnailUrl":"https:\/\/www.ayadvogados.com.br\/wp-content\/uploads\/2021\/08\/Blog-3.png","keywords":["amaral yazbek","not\u00edcia do dia"],"articleSection":["Not\u00edcia do Dia"],"inLanguage":"pt-BR","potentialAction":[{"@type":"CommentAction","name":"Comment","target":["https:\/\/www.ayadvogados.com.br\/?p=1405#respond"]}]},{"@type":"WebPage","@id":"https:\/\/www.ayadvogados.com.br\/?p=1405","url":"https:\/\/www.ayadvogados.com.br\/?p=1405","name":"Senado aprova Programa Especial de Regulariza\u00e7\u00e3o Tribut\u00e1ria, o novo Refis. - Amaral, Yazbek Advogados","isPartOf":{"@id":"https:\/\/www.ayadvogados.com.br\/#website"},"primaryImageOfPage":{"@id":"https:\/\/www.ayadvogados.com.br\/?p=1405#primaryimage"},"image":{"@id":"https:\/\/www.ayadvogados.com.br\/?p=1405#primaryimage"},"thumbnailUrl":"https:\/\/www.ayadvogados.com.br\/wp-content\/uploads\/2021\/08\/Blog-3.png","datePublished":"2021-08-06T21:04:35+00:00","breadcrumb":{"@id":"https:\/\/www.ayadvogados.com.br\/?p=1405#breadcrumb"},"inLanguage":"pt-BR","potentialAction":[{"@type":"ReadAction","target":["https:\/\/www.ayadvogados.com.br\/?p=1405"]}]},{"@type":"ImageObject","inLanguage":"pt-BR","@id":"https:\/\/www.ayadvogados.com.br\/?p=1405#primaryimage","url":"https:\/\/www.ayadvogados.com.br\/wp-content\/uploads\/2021\/08\/Blog-3.png","contentUrl":"https:\/\/www.ayadvogados.com.br\/wp-content\/uploads\/2021\/08\/Blog-3.png","width":1000,"height":620},{"@type":"BreadcrumbList","@id":"https:\/\/www.ayadvogados.com.br\/?p=1405#breadcrumb","itemListElement":[{"@type":"ListItem","position":1,"name":"In\u00edcio","item":"https:\/\/www.ayadvogados.com.br\/"},{"@type":"ListItem","position":2,"name":"Senado aprova Programa Especial de Regulariza\u00e7\u00e3o Tribut\u00e1ria, o novo Refis."}]},{"@type":"WebSite","@id":"https:\/\/www.ayadvogados.com.br\/#website","url":"https:\/\/www.ayadvogados.com.br\/","name":"Amaral, Yazbek Advogados","description":"Curitiba \u2022 Bras\u00edlia \u2022 S\u00e3o Paulo","publisher":{"@id":"https:\/\/www.ayadvogados.com.br\/#organization"},"potentialAction":[{"@type":"SearchAction","target":{"@type":"EntryPoint","urlTemplate":"https:\/\/www.ayadvogados.com.br\/?s={search_term_string}"},"query-input":{"@type":"PropertyValueSpecification","valueRequired":true,"valueName":"search_term_string"}}],"inLanguage":"pt-BR"},{"@type":"Organization","@id":"https:\/\/www.ayadvogados.com.br\/#organization","name":"Amaral, Yazbek Advogados","url":"https:\/\/www.ayadvogados.com.br\/","logo":{"@type":"ImageObject","inLanguage":"pt-BR","@id":"https:\/\/www.ayadvogados.com.br\/#\/schema\/logo\/image\/","url":"http:\/\/34.239.117.254\/wp-content\/uploads\/2021\/03\/logo-ay-g.png","contentUrl":"http:\/\/34.239.117.254\/wp-content\/uploads\/2021\/03\/logo-ay-g.png","width":434,"height":106,"caption":"Amaral, Yazbek Advogados"},"image":{"@id":"https:\/\/www.ayadvogados.com.br\/#\/schema\/logo\/image\/"},"sameAs":["https:\/\/www.facebook.com\/AYadvogados","https:\/\/www.instagram.com\/ayadvogados\/"]},{"@type":"Person","@id":"https:\/\/www.ayadvogados.com.br\/#\/schema\/person\/4abfbf03ad3e577e691d333af064a912","name":"AY Advogados","image":{"@type":"ImageObject","inLanguage":"pt-BR","@id":"https:\/\/secure.gravatar.com\/avatar\/1473912b851241f5503026e6156e144dcd83ff7addb67f65e1ed9ca21ee1d9cf?s=96&d=mm&r=g","url":"https:\/\/secure.gravatar.com\/avatar\/1473912b851241f5503026e6156e144dcd83ff7addb67f65e1ed9ca21ee1d9cf?s=96&d=mm&r=g","contentUrl":"https:\/\/secure.gravatar.com\/avatar\/1473912b851241f5503026e6156e144dcd83ff7addb67f65e1ed9ca21ee1d9cf?s=96&d=mm&r=g","caption":"AY Advogados"},"sameAs":["https:\/\/ayadvogados.com.br"],"url":"https:\/\/www.ayadvogados.com.br\/?author=2"}]}},"rttpg_featured_image_url":{"full":["https:\/\/www.ayadvogados.com.br\/wp-content\/uploads\/2021\/08\/Blog-3.png",1000,620,false],"landscape":["https:\/\/www.ayadvogados.com.br\/wp-content\/uploads\/2021\/08\/Blog-3.png",1000,620,false],"portraits":["https:\/\/www.ayadvogados.com.br\/wp-content\/uploads\/2021\/08\/Blog-3.png",1000,620,false],"thumbnail":["https:\/\/www.ayadvogados.com.br\/wp-content\/uploads\/2021\/08\/Blog-3-150x150.png",150,150,true],"medium":["https:\/\/www.ayadvogados.com.br\/wp-content\/uploads\/2021\/08\/Blog-3-300x186.png",300,186,true],"large":["https:\/\/www.ayadvogados.com.br\/wp-content\/uploads\/2021\/08\/Blog-3.png",1000,620,false],"1536x1536":["https:\/\/www.ayadvogados.com.br\/wp-content\/uploads\/2021\/08\/Blog-3.png",1000,620,false],"2048x2048":["https:\/\/www.ayadvogados.com.br\/wp-content\/uploads\/2021\/08\/Blog-3.png",1000,620,false]},"rttpg_author":{"display_name":"AY Advogados","author_link":"https:\/\/www.ayadvogados.com.br\/?author=2"},"rttpg_comment":0,"rttpg_category":"<a href=\"https:\/\/www.ayadvogados.com.br\/?cat=1\" rel=\"category\">Not\u00edcia do Dia<\/a>","rttpg_excerpt":"O Senado aprovou, em vota\u00e7\u00e3o simb\u00f3lica, o PL 4728\/2020, que reabre o prazo de ades\u00e3o ao Programa Especial de Regulariza\u00e7\u00e3o Tribut\u00e1ria (PERT) e ajusta seus prazos e modalidades de pagamento. Buscando um al\u00edvio \u00e0s empresas afetadas pela pandemia, o senador Fernando Bezerra Coelho (MDB-PE) apresentou nesta quinta-feira (5\/8) parecer ao PL 4728\/2021, que institui um&hellip;","_links":{"self":[{"href":"https:\/\/www.ayadvogados.com.br\/index.php?rest_route=\/wp\/v2\/posts\/1405","targetHints":{"allow":["GET"]}}],"collection":[{"href":"https:\/\/www.ayadvogados.com.br\/index.php?rest_route=\/wp\/v2\/posts"}],"about":[{"href":"https:\/\/www.ayadvogados.com.br\/index.php?rest_route=\/wp\/v2\/types\/post"}],"author":[{"embeddable":true,"href":"https:\/\/www.ayadvogados.com.br\/index.php?rest_route=\/wp\/v2\/users\/2"}],"replies":[{"embeddable":true,"href":"https:\/\/www.ayadvogados.com.br\/index.php?rest_route=%2Fwp%2Fv2%2Fcomments&post=1405"}],"version-history":[{"count":1,"href":"https:\/\/www.ayadvogados.com.br\/index.php?rest_route=\/wp\/v2\/posts\/1405\/revisions"}],"predecessor-version":[{"id":1407,"href":"https:\/\/www.ayadvogados.com.br\/index.php?rest_route=\/wp\/v2\/posts\/1405\/revisions\/1407"}],"wp:featuredmedia":[{"embeddable":true,"href":"https:\/\/www.ayadvogados.com.br\/index.php?rest_route=\/wp\/v2\/media\/1406"}],"wp:attachment":[{"href":"https:\/\/www.ayadvogados.com.br\/index.php?rest_route=%2Fwp%2Fv2%2Fmedia&parent=1405"}],"wp:term":[{"taxonomy":"category","embeddable":true,"href":"https:\/\/www.ayadvogados.com.br\/index.php?rest_route=%2Fwp%2Fv2%2Fcategories&post=1405"},{"taxonomy":"post_tag","embeddable":true,"href":"https:\/\/www.ayadvogados.com.br\/index.php?rest_route=%2Fwp%2Fv2%2Ftags&post=1405"}],"curies":[{"name":"wp","href":"https:\/\/api.w.org\/{rel}","templated":true}]}}