{"id":1401,"date":"2021-08-04T17:06:42","date_gmt":"2021-08-04T20:06:42","guid":{"rendered":"http:\/\/34.239.117.254\/?p=1401"},"modified":"2021-08-04T17:06:42","modified_gmt":"2021-08-04T20:06:42","slug":"stj-confirma-decisao-a-favor-de-beneficio-fiscal-para-varejistas","status":"publish","type":"post","link":"https:\/\/www.ayadvogados.com.br\/?p=1401","title":{"rendered":"STJ confirma decis\u00e3o a favor de benef\u00edcio fiscal para varejistas"},"content":{"rendered":"\n<p>Os ministros da 1\u00aa Turma do Superior Tribunal de Justi\u00e7a (STJ) confirmaram o entendimento de que a Uni\u00e3o n\u00e3o poderia ter revogado antecipadamente a al\u00edquota zero de PIS e Cofins sobre a receita bruta da venda a varejo de determinados eletr\u00f4nicos, como smartphones e notebooks. A isen\u00e7\u00e3o deveria valer at\u00e9 2018, mas foi cancelada em 2015. O julgamento ocorreu nesta ter\u00e7a-feira. \u00c9 a primeira vez que a turma julga o tema com a nova composi\u00e7\u00e3o, que n\u00e3o conta mais com a presen\u00e7a de Napole\u00e3o Nunes Maia Filho, aposentado desde dezembro.&nbsp;<\/p>\n\n\n\n<p>Havia preocupa\u00e7\u00e3o, por parte das empresas, porque quando a turma decidiu de forma favor\u00e1vel ao contribuinte, o placar foi apertado: tr\u00eas ministros votaram contra a revoga\u00e7\u00e3o antecipada do benef\u00edcio e dois se manifestaram a favor.<\/p>\n\n\n\n<p>Napole\u00e3o era o relator do caso e votou a favor do contribuinte. Havia o receio de que o seu substituto, Manoel Erhardt, desembargador convocado para a fun\u00e7\u00e3o, se posicionasse de forma diferente. Se acontecesse, viraria o jogo, dando vit\u00f3ria ao Fisco.<\/p>\n\n\n\n<p>Os ministros, no julgamento de hoje, no entanto, optaram por privilegiar a seguran\u00e7a jur\u00eddica. Mesmo os dois que, anteriormente, tinham votado contra o contribuinte &#8211; Gurgel de Faria e Benedito Gon\u00e7alves &#8211; decidiram, agora, acompanhar o entendimento favor\u00e1vel (Resp n\u00ba 1941121).<\/p>\n\n\n\n<p>&#8220;Em respeito \u00e0 seguran\u00e7a jur\u00eddica e homenagem ao princ\u00edpio da colegialidade eu vou ressalvar o meu ponto de vista. N\u00e3o estou abandonando, estou apenas ressalvando&#8221;, afirmou o ministro Gurgel de Faria, acrescentando que quando o tema chegar \u00e0 1\u00aa Se\u00e7\u00e3o &#8211; que uniformiza o entendimento das turmas de direito p\u00fablico &#8211; ele ter\u00e1 a liberdade de externar a sua posi\u00e7\u00e3o.<\/p>\n\n\n\n<p>Manoel Erhardt, o substituto do ministro Napole\u00e3o, seguiu pelo mesmo caminho: &#8220;Entendo pela necessidade de preservar a jurisprud\u00eancia, mas destacando a relev\u00e2ncia do voto da relatora, ministra Regina Helena, demonstrando, inclusive, a conota\u00e7\u00e3o social de que se revestiu o deferimento desse benef\u00edcio&#8221;.<\/p>\n\n\n\n<p>A Lei do Bem (n\u00ba 11.196, de 2005) criou o programa de inclus\u00e3o digital. Houve redu\u00e7\u00e3o \u00e0 zero das al\u00edquotas de PIS e Cofins nas vendas a varejo de produtos de inform\u00e1tica e tecnologia. O objetivo era estimular a compra de produtos de inform\u00e1tica.<\/p>\n\n\n\n<p>Esse benef\u00edcio fiscal foi prorrogado por duas vezes. Em 2009, a al\u00edquota zero foi estendida at\u00e9 2014, quando foi novamente prorrogada at\u00e9 2018, pela Lei n\u00ba 13.097. Mas a Lei n\u00ba 13.241, de 2015, retirou a isen\u00e7\u00e3o fiscal para as varejistas.<\/p>\n\n\n\n<p>A validade dessa revoga\u00e7\u00e3o \u00e9 o que estava sendo questionado no STJ. De acordo com a Fazenda Nacional, a al\u00edquota zero ao varejo representa R$ 6,7 bilh\u00f5es de gasto tribut\u00e1rio anual. Esse montante deixa de ser arrecadado com o benef\u00edcio concedido.<\/p>\n\n\n\n<p>A Procuradoria-Geral da Fazenda Nacional (PGFN) considera que a discuss\u00e3o \u00e9 constitucional, pois cabe definir se uma lei poderia revogar o benef\u00edcio de al\u00edquota zero institu\u00eddo por outra lei. A discuss\u00e3o, por esse motivo, caberia ao Supremo Tribunal Federal (STF).<\/p>\n\n\n\n<p>Ainda cabe recurso (embargos de declara\u00e7\u00e3o) da decis\u00e3o proferida hoje no STJ, mas somente para apontar omiss\u00f5es ou pedir esclarecimentos.<\/p>\n\n\n\n<p>Quer estar sempre por dentro de assuntos relevantes e mat\u00e9rias exclusivas que comp\u00f5em o cen\u00e1rio tribut\u00e1rio e jur\u00eddico?<\/p>\n\n\n\n<p>Ou\u00e7a o DIN Cast, o podcast voltado para o mundo dos neg\u00f3cios que vai ajudar sua empresa a se tornar l\u00edder de mercado atrav\u00e9s da intelig\u00eancia de neg\u00f3cios<\/p>\n\n\n\n<p>Acesse nosso blog e confira:<\/p>\n\n\n\n<p>\ud83d\udc49http:\/\/ayadvogados.com.br\/category\/dincast\/<\/p>\n\n\n\n<p>Quer estar sempre atualizado sobre as novidades no setor tribut\u00e1rio?&nbsp;<\/p>\n\n\n\n<p>Siga a Amaral, Yazbek nas redes sociais:<\/p>\n\n\n\n<p>\ud83d\udc49Facebook:<a href=\"https:\/\/www.youtube.com\/redirect?event=video_description&amp;redir_token=QUFFLUhqbF9kQmhFdmNsbVNjRlRQTkhQSWhVWGdORWZ1QXxBQ3Jtc0tucW0ydjVzSGJpbFRyb1RZY3hKeFBGYzFob1VWYUtzUzF5OGJxZl9TelJUNGI4OG9odEtsTUlSUWRUeHdYR2ZuaFBRNTh4OEdMU1FoLXlOV1d5WVJhNGdZRlNkR2JtdUJCaVlEblphZjVMUjJ6b3B2cw&amp;q=https%3A%2F%2Fwww.facebook.com%2FAYadvogados\"> https:\/\/www.facebook.com\/AYadvogados\u200b<\/a><\/p>\n\n\n\n<p>\ud83d\udc49Instagram:<a href=\"https:\/\/www.youtube.com\/redirect?event=video_description&amp;redir_token=QUFFLUhqa3NISmpmWEd2R1k5VllqTWlGS283d052bTQxZ3xBQ3Jtc0tuV0VvTnlObjJKS0lBNmtILXpOaFMzcU1VSERNMXJWN1hnQWloOGIyVXp5ZzZPYVJqREpvcXJTcVd1RFJ5ZzRBMEVsLURab1U0R1ZWVHplYlN3b2FKcWdnVGVySjAwR2M0TTVnM2xrQkxHNlM5YXEwNA&amp;q=https%3A%2F%2Fwww.instagram.com%2Famaral.yazbek\"> https:\/\/www.instagram.com\/ayadvogados<\/a><\/p>\n\n\n\n<p>\ud83d\udc49Linkedin: <a href=\"http:\/\/www.linkedin.com\/company\/amaral-yazbek-advogados\/\">https:\/\/www.linkedin.com\/company\/amaral-yazbek-advogados\/<\/a><\/p>\n\n\n\n<p>\ud83c\udf81 Queremos te oferecer um presente! Preparamos a 10\u00aa edi\u00e7\u00e3o da revista Governan\u00e7a Jur\u00eddica dando dicas de ordem tribut\u00e1ria para que os empres\u00e1rios, independentemente do porte do seu neg\u00f3cio, possam reduzir os seus custos no per\u00edodo dif\u00edcil em que estamos vivendo.&nbsp;<\/p>\n\n\n\n<p>\ud83d\udc49Baixe gratuitamente: <a href=\"http:\/\/ayadvogados.com.br\/revista\/\">http:\/\/ayadvogados.com.br\/revista\/<\/a><\/p>\n\n\n\n<p>A Amaral, Yazbek, Advogados, OAB-PR 762, atua com excel\u00eancia no setor tribut\u00e1rio h\u00e1 35 anos, auxiliando empresas a transformarem tributa\u00e7\u00e3o em lucro.<\/p>\n","protected":false},"excerpt":{"rendered":"<p>Os ministros da 1\u00aa Turma do Superior Tribunal de Justi\u00e7a (STJ) confirmaram o entendimento de que a Uni\u00e3o n\u00e3o poderia ter revogado antecipadamente a al\u00edquota zero de PIS e Cofins sobre a receita bruta da venda a varejo de determinados eletr\u00f4nicos, como smartphones e notebooks. A isen\u00e7\u00e3o deveria valer at\u00e9 2018, mas foi cancelada em [&hellip;]<\/p>\n","protected":false},"author":2,"featured_media":1403,"comment_status":"open","ping_status":"open","sticky":false,"template":"","format":"standard","meta":{"footnotes":""},"categories":[1],"tags":[9,63],"class_list":["post-1401","post","type-post","status-publish","format-standard","has-post-thumbnail","hentry","category-noticia-do-dia","tag-amaral-yazbek","tag-noticia-do-dia"],"blocksy_meta":{"styles_descriptor":{"styles":{"desktop":"","tablet":"","mobile":""},"google_fonts":[],"version":6}},"yoast_head":"<!-- This site is optimized with the Yoast SEO plugin v27.5 - https:\/\/yoast.com\/product\/yoast-seo-wordpress\/ -->\n<title>STJ confirma decis\u00e3o a favor de benef\u00edcio fiscal para varejistas - Amaral, Yazbek Advogados<\/title>\n<meta name=\"robots\" content=\"index, follow, max-snippet:-1, max-image-preview:large, max-video-preview:-1\" \/>\n<link rel=\"canonical\" href=\"https:\/\/www.ayadvogados.com.br\/?p=1401\" \/>\n<meta property=\"og:locale\" content=\"pt_BR\" \/>\n<meta property=\"og:type\" content=\"article\" \/>\n<meta property=\"og:title\" content=\"STJ confirma decis\u00e3o a favor de benef\u00edcio fiscal para varejistas - Amaral, Yazbek Advogados\" \/>\n<meta property=\"og:description\" content=\"Os ministros da 1\u00aa Turma do Superior Tribunal de Justi\u00e7a (STJ) confirmaram o entendimento de que a Uni\u00e3o n\u00e3o poderia ter revogado antecipadamente a al\u00edquota zero de PIS e Cofins sobre a receita bruta da venda a varejo de determinados eletr\u00f4nicos, como smartphones e notebooks. A isen\u00e7\u00e3o deveria valer at\u00e9 2018, mas foi cancelada em [&hellip;]\" \/>\n<meta property=\"og:url\" content=\"https:\/\/www.ayadvogados.com.br\/?p=1401\" \/>\n<meta property=\"og:site_name\" content=\"Amaral, Yazbek Advogados\" \/>\n<meta property=\"article:publisher\" content=\"https:\/\/www.facebook.com\/AYadvogados\" \/>\n<meta property=\"article:published_time\" content=\"2021-08-04T20:06:42+00:00\" \/>\n<meta property=\"og:image\" content=\"https:\/\/www.ayadvogados.com.br\/wp-content\/uploads\/2021\/08\/Blog-2.png\" \/>\n\t<meta property=\"og:image:width\" content=\"1000\" \/>\n\t<meta property=\"og:image:height\" content=\"620\" \/>\n\t<meta property=\"og:image:type\" content=\"image\/png\" \/>\n<meta name=\"author\" content=\"AY Advogados\" \/>\n<meta name=\"twitter:card\" content=\"summary_large_image\" \/>\n<meta name=\"twitter:label1\" content=\"Escrito por\" \/>\n\t<meta name=\"twitter:data1\" content=\"AY Advogados\" \/>\n\t<meta name=\"twitter:label2\" content=\"Est. tempo de leitura\" \/>\n\t<meta name=\"twitter:data2\" content=\"4 minutos\" \/>\n<script type=\"application\/ld+json\" class=\"yoast-schema-graph\">{\"@context\":\"https:\\\/\\\/schema.org\",\"@graph\":[{\"@type\":\"Article\",\"@id\":\"https:\\\/\\\/www.ayadvogados.com.br\\\/?p=1401#article\",\"isPartOf\":{\"@id\":\"https:\\\/\\\/www.ayadvogados.com.br\\\/?p=1401\"},\"author\":{\"name\":\"AY Advogados\",\"@id\":\"https:\\\/\\\/www.ayadvogados.com.br\\\/#\\\/schema\\\/person\\\/4abfbf03ad3e577e691d333af064a912\"},\"headline\":\"STJ confirma decis\u00e3o a favor de benef\u00edcio fiscal para varejistas\",\"datePublished\":\"2021-08-04T20:06:42+00:00\",\"mainEntityOfPage\":{\"@id\":\"https:\\\/\\\/www.ayadvogados.com.br\\\/?p=1401\"},\"wordCount\":728,\"commentCount\":0,\"publisher\":{\"@id\":\"https:\\\/\\\/www.ayadvogados.com.br\\\/#organization\"},\"image\":{\"@id\":\"https:\\\/\\\/www.ayadvogados.com.br\\\/?p=1401#primaryimage\"},\"thumbnailUrl\":\"https:\\\/\\\/www.ayadvogados.com.br\\\/wp-content\\\/uploads\\\/2021\\\/08\\\/Blog-2.png\",\"keywords\":[\"amaral yazbek\",\"noticia do dia\"],\"articleSection\":[\"Not\u00edcia do Dia\"],\"inLanguage\":\"pt-BR\",\"potentialAction\":[{\"@type\":\"CommentAction\",\"name\":\"Comment\",\"target\":[\"https:\\\/\\\/www.ayadvogados.com.br\\\/?p=1401#respond\"]}]},{\"@type\":\"WebPage\",\"@id\":\"https:\\\/\\\/www.ayadvogados.com.br\\\/?p=1401\",\"url\":\"https:\\\/\\\/www.ayadvogados.com.br\\\/?p=1401\",\"name\":\"STJ confirma decis\u00e3o a favor de benef\u00edcio fiscal para varejistas - Amaral, Yazbek Advogados\",\"isPartOf\":{\"@id\":\"https:\\\/\\\/www.ayadvogados.com.br\\\/#website\"},\"primaryImageOfPage\":{\"@id\":\"https:\\\/\\\/www.ayadvogados.com.br\\\/?p=1401#primaryimage\"},\"image\":{\"@id\":\"https:\\\/\\\/www.ayadvogados.com.br\\\/?p=1401#primaryimage\"},\"thumbnailUrl\":\"https:\\\/\\\/www.ayadvogados.com.br\\\/wp-content\\\/uploads\\\/2021\\\/08\\\/Blog-2.png\",\"datePublished\":\"2021-08-04T20:06:42+00:00\",\"breadcrumb\":{\"@id\":\"https:\\\/\\\/www.ayadvogados.com.br\\\/?p=1401#breadcrumb\"},\"inLanguage\":\"pt-BR\",\"potentialAction\":[{\"@type\":\"ReadAction\",\"target\":[\"https:\\\/\\\/www.ayadvogados.com.br\\\/?p=1401\"]}]},{\"@type\":\"ImageObject\",\"inLanguage\":\"pt-BR\",\"@id\":\"https:\\\/\\\/www.ayadvogados.com.br\\\/?p=1401#primaryimage\",\"url\":\"https:\\\/\\\/www.ayadvogados.com.br\\\/wp-content\\\/uploads\\\/2021\\\/08\\\/Blog-2.png\",\"contentUrl\":\"https:\\\/\\\/www.ayadvogados.com.br\\\/wp-content\\\/uploads\\\/2021\\\/08\\\/Blog-2.png\",\"width\":1000,\"height\":620},{\"@type\":\"BreadcrumbList\",\"@id\":\"https:\\\/\\\/www.ayadvogados.com.br\\\/?p=1401#breadcrumb\",\"itemListElement\":[{\"@type\":\"ListItem\",\"position\":1,\"name\":\"In\u00edcio\",\"item\":\"https:\\\/\\\/www.ayadvogados.com.br\\\/\"},{\"@type\":\"ListItem\",\"position\":2,\"name\":\"STJ confirma decis\u00e3o a favor de benef\u00edcio fiscal para varejistas\"}]},{\"@type\":\"WebSite\",\"@id\":\"https:\\\/\\\/www.ayadvogados.com.br\\\/#website\",\"url\":\"https:\\\/\\\/www.ayadvogados.com.br\\\/\",\"name\":\"Amaral, Yazbek Advogados\",\"description\":\"Curitiba \u2022 Bras\u00edlia \u2022 S\u00e3o Paulo\",\"publisher\":{\"@id\":\"https:\\\/\\\/www.ayadvogados.com.br\\\/#organization\"},\"potentialAction\":[{\"@type\":\"SearchAction\",\"target\":{\"@type\":\"EntryPoint\",\"urlTemplate\":\"https:\\\/\\\/www.ayadvogados.com.br\\\/?s={search_term_string}\"},\"query-input\":{\"@type\":\"PropertyValueSpecification\",\"valueRequired\":true,\"valueName\":\"search_term_string\"}}],\"inLanguage\":\"pt-BR\"},{\"@type\":\"Organization\",\"@id\":\"https:\\\/\\\/www.ayadvogados.com.br\\\/#organization\",\"name\":\"Amaral, Yazbek Advogados\",\"url\":\"https:\\\/\\\/www.ayadvogados.com.br\\\/\",\"logo\":{\"@type\":\"ImageObject\",\"inLanguage\":\"pt-BR\",\"@id\":\"https:\\\/\\\/www.ayadvogados.com.br\\\/#\\\/schema\\\/logo\\\/image\\\/\",\"url\":\"http:\\\/\\\/34.239.117.254\\\/wp-content\\\/uploads\\\/2021\\\/03\\\/logo-ay-g.png\",\"contentUrl\":\"http:\\\/\\\/34.239.117.254\\\/wp-content\\\/uploads\\\/2021\\\/03\\\/logo-ay-g.png\",\"width\":434,\"height\":106,\"caption\":\"Amaral, Yazbek Advogados\"},\"image\":{\"@id\":\"https:\\\/\\\/www.ayadvogados.com.br\\\/#\\\/schema\\\/logo\\\/image\\\/\"},\"sameAs\":[\"https:\\\/\\\/www.facebook.com\\\/AYadvogados\",\"https:\\\/\\\/www.instagram.com\\\/ayadvogados\\\/\"]},{\"@type\":\"Person\",\"@id\":\"https:\\\/\\\/www.ayadvogados.com.br\\\/#\\\/schema\\\/person\\\/4abfbf03ad3e577e691d333af064a912\",\"name\":\"AY Advogados\",\"image\":{\"@type\":\"ImageObject\",\"inLanguage\":\"pt-BR\",\"@id\":\"https:\\\/\\\/secure.gravatar.com\\\/avatar\\\/1473912b851241f5503026e6156e144dcd83ff7addb67f65e1ed9ca21ee1d9cf?s=96&d=mm&r=g\",\"url\":\"https:\\\/\\\/secure.gravatar.com\\\/avatar\\\/1473912b851241f5503026e6156e144dcd83ff7addb67f65e1ed9ca21ee1d9cf?s=96&d=mm&r=g\",\"contentUrl\":\"https:\\\/\\\/secure.gravatar.com\\\/avatar\\\/1473912b851241f5503026e6156e144dcd83ff7addb67f65e1ed9ca21ee1d9cf?s=96&d=mm&r=g\",\"caption\":\"AY Advogados\"},\"sameAs\":[\"https:\\\/\\\/ayadvogados.com.br\"],\"url\":\"https:\\\/\\\/www.ayadvogados.com.br\\\/?author=2\"}]}<\/script>\n<!-- \/ Yoast SEO plugin. -->","yoast_head_json":{"title":"STJ confirma decis\u00e3o a favor de benef\u00edcio fiscal para varejistas - Amaral, Yazbek Advogados","robots":{"index":"index","follow":"follow","max-snippet":"max-snippet:-1","max-image-preview":"max-image-preview:large","max-video-preview":"max-video-preview:-1"},"canonical":"https:\/\/www.ayadvogados.com.br\/?p=1401","og_locale":"pt_BR","og_type":"article","og_title":"STJ confirma decis\u00e3o a favor de benef\u00edcio fiscal para varejistas - Amaral, Yazbek Advogados","og_description":"Os ministros da 1\u00aa Turma do Superior Tribunal de Justi\u00e7a (STJ) confirmaram o entendimento de que a Uni\u00e3o n\u00e3o poderia ter revogado antecipadamente a al\u00edquota zero de PIS e Cofins sobre a receita bruta da venda a varejo de determinados eletr\u00f4nicos, como smartphones e notebooks. A isen\u00e7\u00e3o deveria valer at\u00e9 2018, mas foi cancelada em [&hellip;]","og_url":"https:\/\/www.ayadvogados.com.br\/?p=1401","og_site_name":"Amaral, Yazbek Advogados","article_publisher":"https:\/\/www.facebook.com\/AYadvogados","article_published_time":"2021-08-04T20:06:42+00:00","og_image":[{"width":1000,"height":620,"url":"https:\/\/www.ayadvogados.com.br\/wp-content\/uploads\/2021\/08\/Blog-2.png","type":"image\/png"}],"author":"AY Advogados","twitter_card":"summary_large_image","twitter_misc":{"Escrito por":"AY Advogados","Est. tempo de leitura":"4 minutos"},"schema":{"@context":"https:\/\/schema.org","@graph":[{"@type":"Article","@id":"https:\/\/www.ayadvogados.com.br\/?p=1401#article","isPartOf":{"@id":"https:\/\/www.ayadvogados.com.br\/?p=1401"},"author":{"name":"AY Advogados","@id":"https:\/\/www.ayadvogados.com.br\/#\/schema\/person\/4abfbf03ad3e577e691d333af064a912"},"headline":"STJ confirma decis\u00e3o a favor de benef\u00edcio fiscal para varejistas","datePublished":"2021-08-04T20:06:42+00:00","mainEntityOfPage":{"@id":"https:\/\/www.ayadvogados.com.br\/?p=1401"},"wordCount":728,"commentCount":0,"publisher":{"@id":"https:\/\/www.ayadvogados.com.br\/#organization"},"image":{"@id":"https:\/\/www.ayadvogados.com.br\/?p=1401#primaryimage"},"thumbnailUrl":"https:\/\/www.ayadvogados.com.br\/wp-content\/uploads\/2021\/08\/Blog-2.png","keywords":["amaral yazbek","noticia do dia"],"articleSection":["Not\u00edcia do Dia"],"inLanguage":"pt-BR","potentialAction":[{"@type":"CommentAction","name":"Comment","target":["https:\/\/www.ayadvogados.com.br\/?p=1401#respond"]}]},{"@type":"WebPage","@id":"https:\/\/www.ayadvogados.com.br\/?p=1401","url":"https:\/\/www.ayadvogados.com.br\/?p=1401","name":"STJ confirma decis\u00e3o a favor de benef\u00edcio fiscal para varejistas - Amaral, Yazbek Advogados","isPartOf":{"@id":"https:\/\/www.ayadvogados.com.br\/#website"},"primaryImageOfPage":{"@id":"https:\/\/www.ayadvogados.com.br\/?p=1401#primaryimage"},"image":{"@id":"https:\/\/www.ayadvogados.com.br\/?p=1401#primaryimage"},"thumbnailUrl":"https:\/\/www.ayadvogados.com.br\/wp-content\/uploads\/2021\/08\/Blog-2.png","datePublished":"2021-08-04T20:06:42+00:00","breadcrumb":{"@id":"https:\/\/www.ayadvogados.com.br\/?p=1401#breadcrumb"},"inLanguage":"pt-BR","potentialAction":[{"@type":"ReadAction","target":["https:\/\/www.ayadvogados.com.br\/?p=1401"]}]},{"@type":"ImageObject","inLanguage":"pt-BR","@id":"https:\/\/www.ayadvogados.com.br\/?p=1401#primaryimage","url":"https:\/\/www.ayadvogados.com.br\/wp-content\/uploads\/2021\/08\/Blog-2.png","contentUrl":"https:\/\/www.ayadvogados.com.br\/wp-content\/uploads\/2021\/08\/Blog-2.png","width":1000,"height":620},{"@type":"BreadcrumbList","@id":"https:\/\/www.ayadvogados.com.br\/?p=1401#breadcrumb","itemListElement":[{"@type":"ListItem","position":1,"name":"In\u00edcio","item":"https:\/\/www.ayadvogados.com.br\/"},{"@type":"ListItem","position":2,"name":"STJ confirma decis\u00e3o a favor de benef\u00edcio fiscal para varejistas"}]},{"@type":"WebSite","@id":"https:\/\/www.ayadvogados.com.br\/#website","url":"https:\/\/www.ayadvogados.com.br\/","name":"Amaral, Yazbek Advogados","description":"Curitiba \u2022 Bras\u00edlia \u2022 S\u00e3o Paulo","publisher":{"@id":"https:\/\/www.ayadvogados.com.br\/#organization"},"potentialAction":[{"@type":"SearchAction","target":{"@type":"EntryPoint","urlTemplate":"https:\/\/www.ayadvogados.com.br\/?s={search_term_string}"},"query-input":{"@type":"PropertyValueSpecification","valueRequired":true,"valueName":"search_term_string"}}],"inLanguage":"pt-BR"},{"@type":"Organization","@id":"https:\/\/www.ayadvogados.com.br\/#organization","name":"Amaral, Yazbek Advogados","url":"https:\/\/www.ayadvogados.com.br\/","logo":{"@type":"ImageObject","inLanguage":"pt-BR","@id":"https:\/\/www.ayadvogados.com.br\/#\/schema\/logo\/image\/","url":"http:\/\/34.239.117.254\/wp-content\/uploads\/2021\/03\/logo-ay-g.png","contentUrl":"http:\/\/34.239.117.254\/wp-content\/uploads\/2021\/03\/logo-ay-g.png","width":434,"height":106,"caption":"Amaral, Yazbek Advogados"},"image":{"@id":"https:\/\/www.ayadvogados.com.br\/#\/schema\/logo\/image\/"},"sameAs":["https:\/\/www.facebook.com\/AYadvogados","https:\/\/www.instagram.com\/ayadvogados\/"]},{"@type":"Person","@id":"https:\/\/www.ayadvogados.com.br\/#\/schema\/person\/4abfbf03ad3e577e691d333af064a912","name":"AY Advogados","image":{"@type":"ImageObject","inLanguage":"pt-BR","@id":"https:\/\/secure.gravatar.com\/avatar\/1473912b851241f5503026e6156e144dcd83ff7addb67f65e1ed9ca21ee1d9cf?s=96&d=mm&r=g","url":"https:\/\/secure.gravatar.com\/avatar\/1473912b851241f5503026e6156e144dcd83ff7addb67f65e1ed9ca21ee1d9cf?s=96&d=mm&r=g","contentUrl":"https:\/\/secure.gravatar.com\/avatar\/1473912b851241f5503026e6156e144dcd83ff7addb67f65e1ed9ca21ee1d9cf?s=96&d=mm&r=g","caption":"AY Advogados"},"sameAs":["https:\/\/ayadvogados.com.br"],"url":"https:\/\/www.ayadvogados.com.br\/?author=2"}]}},"rttpg_featured_image_url":{"full":["https:\/\/www.ayadvogados.com.br\/wp-content\/uploads\/2021\/08\/Blog-2.png",1000,620,false],"landscape":["https:\/\/www.ayadvogados.com.br\/wp-content\/uploads\/2021\/08\/Blog-2.png",1000,620,false],"portraits":["https:\/\/www.ayadvogados.com.br\/wp-content\/uploads\/2021\/08\/Blog-2.png",1000,620,false],"thumbnail":["https:\/\/www.ayadvogados.com.br\/wp-content\/uploads\/2021\/08\/Blog-2-150x150.png",150,150,true],"medium":["https:\/\/www.ayadvogados.com.br\/wp-content\/uploads\/2021\/08\/Blog-2-300x186.png",300,186,true],"large":["https:\/\/www.ayadvogados.com.br\/wp-content\/uploads\/2021\/08\/Blog-2.png",1000,620,false],"1536x1536":["https:\/\/www.ayadvogados.com.br\/wp-content\/uploads\/2021\/08\/Blog-2.png",1000,620,false],"2048x2048":["https:\/\/www.ayadvogados.com.br\/wp-content\/uploads\/2021\/08\/Blog-2.png",1000,620,false]},"rttpg_author":{"display_name":"AY Advogados","author_link":"https:\/\/www.ayadvogados.com.br\/?author=2"},"rttpg_comment":0,"rttpg_category":"<a href=\"https:\/\/www.ayadvogados.com.br\/?cat=1\" rel=\"category\">Not\u00edcia do Dia<\/a>","rttpg_excerpt":"Os ministros da 1\u00aa Turma do Superior Tribunal de Justi\u00e7a (STJ) confirmaram o entendimento de que a Uni\u00e3o n\u00e3o poderia ter revogado antecipadamente a al\u00edquota zero de PIS e Cofins sobre a receita bruta da venda a varejo de determinados eletr\u00f4nicos, como smartphones e notebooks. A isen\u00e7\u00e3o deveria valer at\u00e9 2018, mas foi cancelada em&hellip;","_links":{"self":[{"href":"https:\/\/www.ayadvogados.com.br\/index.php?rest_route=\/wp\/v2\/posts\/1401","targetHints":{"allow":["GET"]}}],"collection":[{"href":"https:\/\/www.ayadvogados.com.br\/index.php?rest_route=\/wp\/v2\/posts"}],"about":[{"href":"https:\/\/www.ayadvogados.com.br\/index.php?rest_route=\/wp\/v2\/types\/post"}],"author":[{"embeddable":true,"href":"https:\/\/www.ayadvogados.com.br\/index.php?rest_route=\/wp\/v2\/users\/2"}],"replies":[{"embeddable":true,"href":"https:\/\/www.ayadvogados.com.br\/index.php?rest_route=%2Fwp%2Fv2%2Fcomments&post=1401"}],"version-history":[{"count":1,"href":"https:\/\/www.ayadvogados.com.br\/index.php?rest_route=\/wp\/v2\/posts\/1401\/revisions"}],"predecessor-version":[{"id":1404,"href":"https:\/\/www.ayadvogados.com.br\/index.php?rest_route=\/wp\/v2\/posts\/1401\/revisions\/1404"}],"wp:featuredmedia":[{"embeddable":true,"href":"https:\/\/www.ayadvogados.com.br\/index.php?rest_route=\/wp\/v2\/media\/1403"}],"wp:attachment":[{"href":"https:\/\/www.ayadvogados.com.br\/index.php?rest_route=%2Fwp%2Fv2%2Fmedia&parent=1401"}],"wp:term":[{"taxonomy":"category","embeddable":true,"href":"https:\/\/www.ayadvogados.com.br\/index.php?rest_route=%2Fwp%2Fv2%2Fcategories&post=1401"},{"taxonomy":"post_tag","embeddable":true,"href":"https:\/\/www.ayadvogados.com.br\/index.php?rest_route=%2Fwp%2Fv2%2Ftags&post=1401"}],"curies":[{"name":"wp","href":"https:\/\/api.w.org\/{rel}","templated":true}]}}