{"id":1395,"date":"2021-08-03T16:18:48","date_gmt":"2021-08-03T19:18:48","guid":{"rendered":"http:\/\/34.239.117.254\/?p=1395"},"modified":"2021-08-03T16:19:22","modified_gmt":"2021-08-03T19:19:22","slug":"uniaoconseguena-justica-suspender-credito-obtidos-com-exclusao-do-icms","status":"publish","type":"post","link":"https:\/\/www.ayadvogados.com.br\/?p=1395","title":{"rendered":"Uni\u00e3o consegu ena Justi\u00e7a suspender cr\u00e9dito obtidos com exclus\u00e3o do ICMS"},"content":{"rendered":"\n<p>A Procuradoria-Geral da Fazenda Nacional (PGFN) est\u00e1 atuando para reabrir processos sobre a exclus\u00e3o do ICMS do c\u00e1lculo do PIS e da Cofins. As investidas ocorrem contra empresas que ajuizaram a\u00e7\u00e3o depois de mar\u00e7o de 2017 e obtiveram a decis\u00e3o definitiva antes de o Supremo Tribunal Federal (STF) concluir o julgamento da tese, no m\u00eas de maio. H\u00e1 pelo menos duas liminares favor\u00e1veis.<\/p>\n\n\n\n<p>&nbsp;Essas companhias obtiveram, com os processos, o direito de receber de volta os valores que pagaram a mais ao governo e v\u00eam utilizando tais cr\u00e9ditos para quitar tributos correntes. Mas, mesmo com uma decis\u00e3o favor\u00e1vel em m\u00e3os, dizem os advogados, com o contra-ataque do Fisco correm o risco de sofrer um rev\u00e9s e ter que devolver quantias j\u00e1 utilizadas. As liminares foram dadas em a\u00e7\u00f5es rescis\u00f3rias.<\/p>\n\n\n\n<p>&nbsp;Desembargadores dos Tribunais Regionais Federais (TRF) da 4\u00aa Regi\u00e3o, no Sul do pa\u00eds, e da 5\u00aa Regi\u00e3o, que abrange Estados do Nordeste, suspenderam os efeitos de decis\u00f5es finais (transitadas em julgado) que favoreciam os contribuintes. Existe um outro caso semelhante tamb\u00e9m julgado pelo TRF da 5\u00aa Regi\u00e3o. Os procuradores fizeram o mesmo pedido, mas em execu\u00e7\u00e3o de senten\u00e7a &#8211; uma outra via processual. Isso porque, nesse caso especificamente, a empresa tem interesse em receber os valores devidos pela Uni\u00e3o por meio de precat\u00f3rio.&nbsp;<\/p>\n\n\n\n<p>O pedido da Fazenda foi negado. Esse risco foi levantado por advogados tributaristas quando o STF concluiu o julgamento da chamada \u201ctese do s\u00e9culo\u201d (RE 574.706). \u00c9 que os ministros, nessa ocasi\u00e3o, limitaram os efeitos da decis\u00e3o que determinou a exclus\u00e3o do ICMS do c\u00e1lculo do PIS e da Cofins, tomada antes, em 15 de mar\u00e7o de 2017. Os ministros aplicaram ao caso a chamada modula\u00e7\u00e3o de efeitos.&nbsp;<\/p>\n\n\n\n<p>Eles fizeram um recorte no tempo, usando como data-base o julgamento de m\u00e9rito. De 15 de mar\u00e7o de 2017 para frente, nenhum contribuinte precisava mais recolher PIS e Cofins com o imposto estadual embutido na conta. Mas foram criadas situa\u00e7\u00f5es diferentes em rela\u00e7\u00e3o \u00e0 recupera\u00e7\u00e3o dos valores que foram pagos a mais no passado, antes da data-base.&nbsp;<\/p>\n\n\n\n<p>Aqueles contribuintes que tinham a\u00e7\u00f5es em curso at\u00e9 o dia 15 de mar\u00e7o de 2017 t\u00eam o direito \u00e0 restitui\u00e7\u00e3o integral &#8211; os cinco anos anteriores ao ajuizamento da a\u00e7\u00e3o. A regra muda, no entanto, para quem ajuizou a\u00e7\u00e3o depois de 15 de mar\u00e7o de 2017. Para essas empresas, a recupera\u00e7\u00e3o do passado ficou limitada.&nbsp;<\/p>\n\n\n\n<p>Vale a data-base. Uma empresa que entrou com o processo em 2018, por exemplo, poder\u00e1 recuperar o que pagou de forma indevida desde 2017 somente. Sem a modula\u00e7\u00e3o de efeitos, ela teria at\u00e9 2013. Por\u00e9m, como o STF demorou para julgar esse caso &#8211; foram quatro anos entre a decis\u00e3o de m\u00e9rito e a conclus\u00e3o, por meio de embargos &#8211; muitas empresas que entraram com a a\u00e7\u00e3o depois de mar\u00e7o de 2017 j\u00e1 haviam obtido decis\u00f5es finais (transitadas em julgado). Essas decis\u00f5es individuais, por serem anteriores, n\u00e3o trazem uma limita\u00e7\u00e3o de tempo.<\/p>\n\n\n\n<p>&nbsp;\u00c9 por esse motivo que as empresas contabilizaram os valores pagos a mais no passado &#8211; anteriores a 2017 &#8211; e v\u00eam utilizando esses cr\u00e9ditos para pagar tributos correntes. Uma das companhias que \u00e9 alvo da PGFN, por exemplo, j\u00e1 fez a habilita\u00e7\u00e3o de R$ 30 milh\u00f5es perante a Receita Federal.&nbsp;<\/p>\n\n\n\n<p>A atua\u00e7\u00e3o dos procuradores \u00e9 para travar o uso desses cr\u00e9ditos ou, no caso dos precat\u00f3rios, garantir que sejam expedidos valores menores. Argumentam aos ju\u00edzes que as decis\u00f5es violam a modula\u00e7\u00e3o estabelecida, posteriormente, pelo STF e pedem para que sejam feitas adequa\u00e7\u00f5es. Esses pedidos t\u00eam base no artigo 966, par\u00e1grafo 5\u00ba, do C\u00f3digo de Processo Civil (CPC).&nbsp;<\/p>\n\n\n\n<p>Consta nesse dispositivo que \u201ccabe a\u00e7\u00e3o rescis\u00f3ria contra decis\u00e3o baseada em enunciado de s\u00famula ou ac\u00f3rd\u00e3o proferido em julgamento de casos repetitivos que n\u00e3o tenha considerado a exist\u00eancia de distin\u00e7\u00e3o entre a quest\u00e3o discutida no processo e o padr\u00e3o decis\u00f3rio que lhe deu fundamento\u201d.&nbsp;<\/p>\n\n\n\n<p>Os advogados das empresas discordam. Julio Janolio, do escrit\u00f3rio Vinhas e Redenschi, afirma que o artigo 966 tem que ser interpretado em conjunto com o 535, que, no par\u00e1grafo 7\u00ba, afirma que as decis\u00f5es do STF n\u00e3o se aplicam para senten\u00e7as que transitaram em julgado em momento anterior. \u201cA modula\u00e7\u00e3o n\u00e3o alterou o m\u00e9rito da tese e n\u00e3o houve, al\u00e9m disso, qualquer modifica\u00e7\u00e3o de orienta\u00e7\u00e3o jurisprudencial\u201d, diz.&nbsp;<\/p>\n\n\n\n<p>Ainda \u00e9 cedo para dizer qual entendimento vai prevalecer entre os ju\u00edzes. Existem poucas decis\u00f5es e foram proferidas de forma monocr\u00e1tica &#8211; todas no m\u00eas de julho. A desembargadora Luciane Amaral Corr\u00eaa M\u00fcnch, do TRF da 4\u00aa Regi\u00e3o, afirma que \u201ch\u00e1 plausibilidade na alega\u00e7\u00e3o\u201d da Fazenda Nacional e concedeu liminar na sexta-feira passada (processo n\u00ba 5029969-88.2021.4.04.0000).&nbsp;<\/p>\n\n\n\n<p>Poucos dias antes, o desembargador Elio Wanderley de Siqueira Filho, do TRF da 5\u00aa Regi\u00e3o, j\u00e1 havia feito o mesmo (processo n\u00ba 0808389-27.2021.4.05.0000). Ele destaca, na decis\u00e3o, que h\u00e1 prazo de dois anos, contados a partir do julgamento do STF, para que as a\u00e7\u00f5es rescis\u00f3rias sejam ajuizadas. J\u00e1 o desembargador Leonardo Carvalho, que tamb\u00e9m atua no TRF da 5\u00aa Regi\u00e3o, deu raz\u00e3o ao contribuinte.&nbsp;<\/p>\n\n\n\n<p>A argumenta\u00e7\u00e3o da empresa tem como base o artigo 535, par\u00e1grafo 7\u00ba, do CPC. \u201cO pr\u00f3prio STF pacificou a controv\u00e9rsia no julgamento do tema 360 (RE 611503)\u201d, diz (processo n\u00ba 080 7622-86.2021.4.05.0000). Especialista na \u00e1rea, Diego Miguita, do escrit\u00f3rio VBSO Advogados, afirma que esse tema tem potencial para se transformar em mais uma longa disputa entre a Uni\u00e3o e os contribuintes. \u201cPode acabar, mais uma vez, no Supremo\u201d, diz.&nbsp;<\/p>\n\n\n\n<p>O advogado critica o cabimento das a\u00e7\u00f5es rescis\u00f3rias. Ele afirma que o pr\u00f3prio instrumento da modula\u00e7\u00e3o de efeitos tem como objetivo garantir a seguran\u00e7a jur\u00eddica, em que se inclui \u201ca prote\u00e7\u00e3o da coisa julgada\u201d. \u201c\u00c9 preciso diferenciar a situa\u00e7\u00e3o do contribuinte que tem uma a\u00e7\u00e3o perfeita e acabada, daquele que est\u00e1 com o pedido em curso.\u201d<\/p>\n\n\n\n<p>\u00a0A PGFN, afirma, em nota, que avalia cada caso concreto, \u201ccom base em crit\u00e9rios estrat\u00e9gicos de prioriza\u00e7\u00e3o institucionalmente definidos\u201d, para decidir se cabe ou n\u00e3o a\u00e7\u00e3o rescis\u00f3ria e que os ajuizamentos j\u00e1 realizados s\u00e3o pontuais. \u201cN\u00e3o chegam a uma dezena\u201d, diz. Sobre a decis\u00e3o do TRF da 5\u00aa Regi\u00e3o que negou o pedido, informa tratar-se de um caso diferente dos demais. \u201cDiscute-se quest\u00e3o espec\u00edfica sobre peculiaridades do caso concreto, que, frise-se, encontra-se em momento processual distinto.\u201d\u00a0<\/p>\n\n\n\n<p><\/p>\n\n\n\n<p>Fonte: <a href=\"https:\/\/valor.globo.com\/legislacao\/noticia\/2021\/08\/03\/uniao-consegue-na-justica-suspender-creditos-obtidos-com-exclusao-do-icms.ghtml\">Valor<\/a><\/p>\n\n\n\n<p>Quer estar sempre por dentro de assuntos relevantes e mat\u00e9rias exclusivas que comp\u00f5em o cen\u00e1rio tribut\u00e1rio e jur\u00eddico?<\/p>\n\n\n\n<p>Ou\u00e7a o DIN Cast, o podcast voltado para o mundo dos neg\u00f3cios que vai ajudar sua empresa a se tornar l\u00edder de mercado atrav\u00e9s da intelig\u00eancia de neg\u00f3cios<\/p>\n\n\n\n<p>Acesse nosso blog e confira:<\/p>\n\n\n\n<p>\ud83d\udc49http:\/\/ayadvogados.com.br\/category\/dincast\/<\/p>\n\n\n\n<p>Quer estar sempre atualizado sobre as novidades no setor tribut\u00e1rio?&nbsp;<\/p>\n\n\n\n<p>Siga a Amaral, Yazbek nas redes sociais:<\/p>\n\n\n\n<p>\ud83d\udc49Facebook:<a href=\"https:\/\/www.youtube.com\/redirect?event=video_description&amp;redir_token=QUFFLUhqbF9kQmhFdmNsbVNjRlRQTkhQSWhVWGdORWZ1QXxBQ3Jtc0tucW0ydjVzSGJpbFRyb1RZY3hKeFBGYzFob1VWYUtzUzF5OGJxZl9TelJUNGI4OG9odEtsTUlSUWRUeHdYR2ZuaFBRNTh4OEdMU1FoLXlOV1d5WVJhNGdZRlNkR2JtdUJCaVlEblphZjVMUjJ6b3B2cw&amp;q=https%3A%2F%2Fwww.facebook.com%2FAYadvogados\"> https:\/\/www.facebook.com\/AYadvogados\u200b<\/a><\/p>\n\n\n\n<p>\ud83d\udc49Instagram:<a href=\"https:\/\/www.youtube.com\/redirect?event=video_description&amp;redir_token=QUFFLUhqa3NISmpmWEd2R1k5VllqTWlGS283d052bTQxZ3xBQ3Jtc0tuV0VvTnlObjJKS0lBNmtILXpOaFMzcU1VSERNMXJWN1hnQWloOGIyVXp5ZzZPYVJqREpvcXJTcVd1RFJ5ZzRBMEVsLURab1U0R1ZWVHplYlN3b2FKcWdnVGVySjAwR2M0TTVnM2xrQkxHNlM5YXEwNA&amp;q=https%3A%2F%2Fwww.instagram.com%2Famaral.yazbek\"> https:\/\/www.instagram.com\/ayadvogados<\/a><\/p>\n\n\n\n<p>\ud83d\udc49Linkedin: <a href=\"http:\/\/www.linkedin.com\/company\/amaral-yazbek-advogados\/\">https:\/\/www.linkedin.com\/company\/amaral-yazbek-advogados\/<\/a><\/p>\n\n\n\n<p>\ud83c\udf81 Queremos te oferecer um presente! Preparamos a 10\u00aa edi\u00e7\u00e3o da revista Governan\u00e7a Jur\u00eddica dando dicas de ordem tribut\u00e1ria para que os empres\u00e1rios, independentemente do porte do seu neg\u00f3cio, possam reduzir os seus custos no per\u00edodo dif\u00edcil em que estamos vivendo.&nbsp;<\/p>\n\n\n\n<p>\ud83d\udc49Baixe gratuitamente: <a href=\"http:\/\/ayadvogados.com.br\/revista\/\">http:\/\/ayadvogados.com.br\/revista\/<\/a><\/p>\n","protected":false},"excerpt":{"rendered":"<p>A Procuradoria-Geral da Fazenda Nacional (PGFN) est\u00e1 atuando para reabrir processos sobre a exclus\u00e3o do ICMS do c\u00e1lculo do PIS e da Cofins. As investidas ocorrem contra empresas que ajuizaram a\u00e7\u00e3o depois de mar\u00e7o de 2017 e obtiveram a decis\u00e3o definitiva antes de o Supremo Tribunal Federal (STF) concluir o julgamento da tese, no m\u00eas [&hellip;]<\/p>\n","protected":false},"author":2,"featured_media":1396,"comment_status":"open","ping_status":"open","sticky":false,"template":"","format":"standard","meta":{"footnotes":""},"categories":[1],"tags":[9,63],"class_list":["post-1395","post","type-post","status-publish","format-standard","has-post-thumbnail","hentry","category-noticia-do-dia","tag-amaral-yazbek","tag-noticia-do-dia"],"blocksy_meta":{"styles_descriptor":{"styles":{"desktop":"","tablet":"","mobile":""},"google_fonts":[],"version":6}},"yoast_head":"<!-- This site is optimized with the Yoast SEO plugin v27.5 - https:\/\/yoast.com\/product\/yoast-seo-wordpress\/ -->\n<title>Uni\u00e3o consegu ena Justi\u00e7a suspender cr\u00e9dito obtidos com exclus\u00e3o do ICMS - Amaral, Yazbek Advogados<\/title>\n<meta name=\"robots\" content=\"index, follow, max-snippet:-1, max-image-preview:large, max-video-preview:-1\" \/>\n<link rel=\"canonical\" href=\"https:\/\/www.ayadvogados.com.br\/?p=1395\" \/>\n<meta property=\"og:locale\" content=\"pt_BR\" \/>\n<meta property=\"og:type\" content=\"article\" \/>\n<meta property=\"og:title\" content=\"Uni\u00e3o consegu ena Justi\u00e7a suspender cr\u00e9dito obtidos com exclus\u00e3o do ICMS - Amaral, Yazbek Advogados\" \/>\n<meta property=\"og:description\" content=\"A Procuradoria-Geral da Fazenda Nacional (PGFN) est\u00e1 atuando para reabrir processos sobre a exclus\u00e3o do ICMS do c\u00e1lculo do PIS e da Cofins. As investidas ocorrem contra empresas que ajuizaram a\u00e7\u00e3o depois de mar\u00e7o de 2017 e obtiveram a decis\u00e3o definitiva antes de o Supremo Tribunal Federal (STF) concluir o julgamento da tese, no m\u00eas [&hellip;]\" \/>\n<meta property=\"og:url\" content=\"https:\/\/www.ayadvogados.com.br\/?p=1395\" \/>\n<meta property=\"og:site_name\" content=\"Amaral, Yazbek Advogados\" \/>\n<meta property=\"article:publisher\" content=\"https:\/\/www.facebook.com\/AYadvogados\" \/>\n<meta property=\"article:published_time\" content=\"2021-08-03T19:18:48+00:00\" \/>\n<meta property=\"article:modified_time\" content=\"2021-08-03T19:19:22+00:00\" \/>\n<meta property=\"og:image\" content=\"https:\/\/www.ayadvogados.com.br\/wp-content\/uploads\/2021\/08\/Blog-1.png\" \/>\n\t<meta property=\"og:image:width\" content=\"1000\" \/>\n\t<meta property=\"og:image:height\" content=\"620\" \/>\n\t<meta property=\"og:image:type\" content=\"image\/png\" \/>\n<meta name=\"author\" content=\"AY Advogados\" \/>\n<meta name=\"twitter:card\" content=\"summary_large_image\" \/>\n<meta name=\"twitter:label1\" content=\"Escrito por\" \/>\n\t<meta name=\"twitter:data1\" content=\"AY Advogados\" \/>\n\t<meta name=\"twitter:label2\" content=\"Est. tempo de leitura\" \/>\n\t<meta name=\"twitter:data2\" content=\"6 minutos\" \/>\n<script type=\"application\/ld+json\" class=\"yoast-schema-graph\">{\"@context\":\"https:\\\/\\\/schema.org\",\"@graph\":[{\"@type\":\"Article\",\"@id\":\"https:\\\/\\\/www.ayadvogados.com.br\\\/?p=1395#article\",\"isPartOf\":{\"@id\":\"https:\\\/\\\/www.ayadvogados.com.br\\\/?p=1395\"},\"author\":{\"name\":\"AY Advogados\",\"@id\":\"https:\\\/\\\/www.ayadvogados.com.br\\\/#\\\/schema\\\/person\\\/4abfbf03ad3e577e691d333af064a912\"},\"headline\":\"Uni\u00e3o consegu ena Justi\u00e7a suspender cr\u00e9dito obtidos com exclus\u00e3o do ICMS\",\"datePublished\":\"2021-08-03T19:18:48+00:00\",\"dateModified\":\"2021-08-03T19:19:22+00:00\",\"mainEntityOfPage\":{\"@id\":\"https:\\\/\\\/www.ayadvogados.com.br\\\/?p=1395\"},\"wordCount\":1311,\"commentCount\":0,\"publisher\":{\"@id\":\"https:\\\/\\\/www.ayadvogados.com.br\\\/#organization\"},\"image\":{\"@id\":\"https:\\\/\\\/www.ayadvogados.com.br\\\/?p=1395#primaryimage\"},\"thumbnailUrl\":\"https:\\\/\\\/www.ayadvogados.com.br\\\/wp-content\\\/uploads\\\/2021\\\/08\\\/Blog-1.png\",\"keywords\":[\"amaral yazbek\",\"noticia do dia\"],\"articleSection\":[\"Not\u00edcia do Dia\"],\"inLanguage\":\"pt-BR\",\"potentialAction\":[{\"@type\":\"CommentAction\",\"name\":\"Comment\",\"target\":[\"https:\\\/\\\/www.ayadvogados.com.br\\\/?p=1395#respond\"]}]},{\"@type\":\"WebPage\",\"@id\":\"https:\\\/\\\/www.ayadvogados.com.br\\\/?p=1395\",\"url\":\"https:\\\/\\\/www.ayadvogados.com.br\\\/?p=1395\",\"name\":\"Uni\u00e3o consegu ena Justi\u00e7a suspender cr\u00e9dito obtidos com exclus\u00e3o do ICMS - Amaral, Yazbek Advogados\",\"isPartOf\":{\"@id\":\"https:\\\/\\\/www.ayadvogados.com.br\\\/#website\"},\"primaryImageOfPage\":{\"@id\":\"https:\\\/\\\/www.ayadvogados.com.br\\\/?p=1395#primaryimage\"},\"image\":{\"@id\":\"https:\\\/\\\/www.ayadvogados.com.br\\\/?p=1395#primaryimage\"},\"thumbnailUrl\":\"https:\\\/\\\/www.ayadvogados.com.br\\\/wp-content\\\/uploads\\\/2021\\\/08\\\/Blog-1.png\",\"datePublished\":\"2021-08-03T19:18:48+00:00\",\"dateModified\":\"2021-08-03T19:19:22+00:00\",\"breadcrumb\":{\"@id\":\"https:\\\/\\\/www.ayadvogados.com.br\\\/?p=1395#breadcrumb\"},\"inLanguage\":\"pt-BR\",\"potentialAction\":[{\"@type\":\"ReadAction\",\"target\":[\"https:\\\/\\\/www.ayadvogados.com.br\\\/?p=1395\"]}]},{\"@type\":\"ImageObject\",\"inLanguage\":\"pt-BR\",\"@id\":\"https:\\\/\\\/www.ayadvogados.com.br\\\/?p=1395#primaryimage\",\"url\":\"https:\\\/\\\/www.ayadvogados.com.br\\\/wp-content\\\/uploads\\\/2021\\\/08\\\/Blog-1.png\",\"contentUrl\":\"https:\\\/\\\/www.ayadvogados.com.br\\\/wp-content\\\/uploads\\\/2021\\\/08\\\/Blog-1.png\",\"width\":1000,\"height\":620},{\"@type\":\"BreadcrumbList\",\"@id\":\"https:\\\/\\\/www.ayadvogados.com.br\\\/?p=1395#breadcrumb\",\"itemListElement\":[{\"@type\":\"ListItem\",\"position\":1,\"name\":\"In\u00edcio\",\"item\":\"https:\\\/\\\/www.ayadvogados.com.br\\\/\"},{\"@type\":\"ListItem\",\"position\":2,\"name\":\"Uni\u00e3o consegu ena Justi\u00e7a suspender cr\u00e9dito obtidos com exclus\u00e3o do ICMS\"}]},{\"@type\":\"WebSite\",\"@id\":\"https:\\\/\\\/www.ayadvogados.com.br\\\/#website\",\"url\":\"https:\\\/\\\/www.ayadvogados.com.br\\\/\",\"name\":\"Amaral, Yazbek Advogados\",\"description\":\"Curitiba \u2022 Bras\u00edlia \u2022 S\u00e3o Paulo\",\"publisher\":{\"@id\":\"https:\\\/\\\/www.ayadvogados.com.br\\\/#organization\"},\"potentialAction\":[{\"@type\":\"SearchAction\",\"target\":{\"@type\":\"EntryPoint\",\"urlTemplate\":\"https:\\\/\\\/www.ayadvogados.com.br\\\/?s={search_term_string}\"},\"query-input\":{\"@type\":\"PropertyValueSpecification\",\"valueRequired\":true,\"valueName\":\"search_term_string\"}}],\"inLanguage\":\"pt-BR\"},{\"@type\":\"Organization\",\"@id\":\"https:\\\/\\\/www.ayadvogados.com.br\\\/#organization\",\"name\":\"Amaral, Yazbek Advogados\",\"url\":\"https:\\\/\\\/www.ayadvogados.com.br\\\/\",\"logo\":{\"@type\":\"ImageObject\",\"inLanguage\":\"pt-BR\",\"@id\":\"https:\\\/\\\/www.ayadvogados.com.br\\\/#\\\/schema\\\/logo\\\/image\\\/\",\"url\":\"http:\\\/\\\/34.239.117.254\\\/wp-content\\\/uploads\\\/2021\\\/03\\\/logo-ay-g.png\",\"contentUrl\":\"http:\\\/\\\/34.239.117.254\\\/wp-content\\\/uploads\\\/2021\\\/03\\\/logo-ay-g.png\",\"width\":434,\"height\":106,\"caption\":\"Amaral, Yazbek Advogados\"},\"image\":{\"@id\":\"https:\\\/\\\/www.ayadvogados.com.br\\\/#\\\/schema\\\/logo\\\/image\\\/\"},\"sameAs\":[\"https:\\\/\\\/www.facebook.com\\\/AYadvogados\",\"https:\\\/\\\/www.instagram.com\\\/ayadvogados\\\/\"]},{\"@type\":\"Person\",\"@id\":\"https:\\\/\\\/www.ayadvogados.com.br\\\/#\\\/schema\\\/person\\\/4abfbf03ad3e577e691d333af064a912\",\"name\":\"AY Advogados\",\"image\":{\"@type\":\"ImageObject\",\"inLanguage\":\"pt-BR\",\"@id\":\"https:\\\/\\\/secure.gravatar.com\\\/avatar\\\/1473912b851241f5503026e6156e144dcd83ff7addb67f65e1ed9ca21ee1d9cf?s=96&d=mm&r=g\",\"url\":\"https:\\\/\\\/secure.gravatar.com\\\/avatar\\\/1473912b851241f5503026e6156e144dcd83ff7addb67f65e1ed9ca21ee1d9cf?s=96&d=mm&r=g\",\"contentUrl\":\"https:\\\/\\\/secure.gravatar.com\\\/avatar\\\/1473912b851241f5503026e6156e144dcd83ff7addb67f65e1ed9ca21ee1d9cf?s=96&d=mm&r=g\",\"caption\":\"AY Advogados\"},\"sameAs\":[\"https:\\\/\\\/ayadvogados.com.br\"],\"url\":\"https:\\\/\\\/www.ayadvogados.com.br\\\/?author=2\"}]}<\/script>\n<!-- \/ Yoast SEO plugin. -->","yoast_head_json":{"title":"Uni\u00e3o consegu ena Justi\u00e7a suspender cr\u00e9dito obtidos com exclus\u00e3o do ICMS - Amaral, Yazbek Advogados","robots":{"index":"index","follow":"follow","max-snippet":"max-snippet:-1","max-image-preview":"max-image-preview:large","max-video-preview":"max-video-preview:-1"},"canonical":"https:\/\/www.ayadvogados.com.br\/?p=1395","og_locale":"pt_BR","og_type":"article","og_title":"Uni\u00e3o consegu ena Justi\u00e7a suspender cr\u00e9dito obtidos com exclus\u00e3o do ICMS - Amaral, Yazbek Advogados","og_description":"A Procuradoria-Geral da Fazenda Nacional (PGFN) est\u00e1 atuando para reabrir processos sobre a exclus\u00e3o do ICMS do c\u00e1lculo do PIS e da Cofins. As investidas ocorrem contra empresas que ajuizaram a\u00e7\u00e3o depois de mar\u00e7o de 2017 e obtiveram a decis\u00e3o definitiva antes de o Supremo Tribunal Federal (STF) concluir o julgamento da tese, no m\u00eas [&hellip;]","og_url":"https:\/\/www.ayadvogados.com.br\/?p=1395","og_site_name":"Amaral, Yazbek Advogados","article_publisher":"https:\/\/www.facebook.com\/AYadvogados","article_published_time":"2021-08-03T19:18:48+00:00","article_modified_time":"2021-08-03T19:19:22+00:00","og_image":[{"width":1000,"height":620,"url":"https:\/\/www.ayadvogados.com.br\/wp-content\/uploads\/2021\/08\/Blog-1.png","type":"image\/png"}],"author":"AY Advogados","twitter_card":"summary_large_image","twitter_misc":{"Escrito por":"AY Advogados","Est. tempo de leitura":"6 minutos"},"schema":{"@context":"https:\/\/schema.org","@graph":[{"@type":"Article","@id":"https:\/\/www.ayadvogados.com.br\/?p=1395#article","isPartOf":{"@id":"https:\/\/www.ayadvogados.com.br\/?p=1395"},"author":{"name":"AY Advogados","@id":"https:\/\/www.ayadvogados.com.br\/#\/schema\/person\/4abfbf03ad3e577e691d333af064a912"},"headline":"Uni\u00e3o consegu ena Justi\u00e7a suspender cr\u00e9dito obtidos com exclus\u00e3o do ICMS","datePublished":"2021-08-03T19:18:48+00:00","dateModified":"2021-08-03T19:19:22+00:00","mainEntityOfPage":{"@id":"https:\/\/www.ayadvogados.com.br\/?p=1395"},"wordCount":1311,"commentCount":0,"publisher":{"@id":"https:\/\/www.ayadvogados.com.br\/#organization"},"image":{"@id":"https:\/\/www.ayadvogados.com.br\/?p=1395#primaryimage"},"thumbnailUrl":"https:\/\/www.ayadvogados.com.br\/wp-content\/uploads\/2021\/08\/Blog-1.png","keywords":["amaral yazbek","noticia do dia"],"articleSection":["Not\u00edcia do Dia"],"inLanguage":"pt-BR","potentialAction":[{"@type":"CommentAction","name":"Comment","target":["https:\/\/www.ayadvogados.com.br\/?p=1395#respond"]}]},{"@type":"WebPage","@id":"https:\/\/www.ayadvogados.com.br\/?p=1395","url":"https:\/\/www.ayadvogados.com.br\/?p=1395","name":"Uni\u00e3o consegu ena Justi\u00e7a suspender cr\u00e9dito obtidos com exclus\u00e3o do ICMS - Amaral, Yazbek Advogados","isPartOf":{"@id":"https:\/\/www.ayadvogados.com.br\/#website"},"primaryImageOfPage":{"@id":"https:\/\/www.ayadvogados.com.br\/?p=1395#primaryimage"},"image":{"@id":"https:\/\/www.ayadvogados.com.br\/?p=1395#primaryimage"},"thumbnailUrl":"https:\/\/www.ayadvogados.com.br\/wp-content\/uploads\/2021\/08\/Blog-1.png","datePublished":"2021-08-03T19:18:48+00:00","dateModified":"2021-08-03T19:19:22+00:00","breadcrumb":{"@id":"https:\/\/www.ayadvogados.com.br\/?p=1395#breadcrumb"},"inLanguage":"pt-BR","potentialAction":[{"@type":"ReadAction","target":["https:\/\/www.ayadvogados.com.br\/?p=1395"]}]},{"@type":"ImageObject","inLanguage":"pt-BR","@id":"https:\/\/www.ayadvogados.com.br\/?p=1395#primaryimage","url":"https:\/\/www.ayadvogados.com.br\/wp-content\/uploads\/2021\/08\/Blog-1.png","contentUrl":"https:\/\/www.ayadvogados.com.br\/wp-content\/uploads\/2021\/08\/Blog-1.png","width":1000,"height":620},{"@type":"BreadcrumbList","@id":"https:\/\/www.ayadvogados.com.br\/?p=1395#breadcrumb","itemListElement":[{"@type":"ListItem","position":1,"name":"In\u00edcio","item":"https:\/\/www.ayadvogados.com.br\/"},{"@type":"ListItem","position":2,"name":"Uni\u00e3o consegu ena Justi\u00e7a suspender cr\u00e9dito obtidos com exclus\u00e3o do ICMS"}]},{"@type":"WebSite","@id":"https:\/\/www.ayadvogados.com.br\/#website","url":"https:\/\/www.ayadvogados.com.br\/","name":"Amaral, Yazbek Advogados","description":"Curitiba \u2022 Bras\u00edlia \u2022 S\u00e3o Paulo","publisher":{"@id":"https:\/\/www.ayadvogados.com.br\/#organization"},"potentialAction":[{"@type":"SearchAction","target":{"@type":"EntryPoint","urlTemplate":"https:\/\/www.ayadvogados.com.br\/?s={search_term_string}"},"query-input":{"@type":"PropertyValueSpecification","valueRequired":true,"valueName":"search_term_string"}}],"inLanguage":"pt-BR"},{"@type":"Organization","@id":"https:\/\/www.ayadvogados.com.br\/#organization","name":"Amaral, Yazbek Advogados","url":"https:\/\/www.ayadvogados.com.br\/","logo":{"@type":"ImageObject","inLanguage":"pt-BR","@id":"https:\/\/www.ayadvogados.com.br\/#\/schema\/logo\/image\/","url":"http:\/\/34.239.117.254\/wp-content\/uploads\/2021\/03\/logo-ay-g.png","contentUrl":"http:\/\/34.239.117.254\/wp-content\/uploads\/2021\/03\/logo-ay-g.png","width":434,"height":106,"caption":"Amaral, Yazbek Advogados"},"image":{"@id":"https:\/\/www.ayadvogados.com.br\/#\/schema\/logo\/image\/"},"sameAs":["https:\/\/www.facebook.com\/AYadvogados","https:\/\/www.instagram.com\/ayadvogados\/"]},{"@type":"Person","@id":"https:\/\/www.ayadvogados.com.br\/#\/schema\/person\/4abfbf03ad3e577e691d333af064a912","name":"AY Advogados","image":{"@type":"ImageObject","inLanguage":"pt-BR","@id":"https:\/\/secure.gravatar.com\/avatar\/1473912b851241f5503026e6156e144dcd83ff7addb67f65e1ed9ca21ee1d9cf?s=96&d=mm&r=g","url":"https:\/\/secure.gravatar.com\/avatar\/1473912b851241f5503026e6156e144dcd83ff7addb67f65e1ed9ca21ee1d9cf?s=96&d=mm&r=g","contentUrl":"https:\/\/secure.gravatar.com\/avatar\/1473912b851241f5503026e6156e144dcd83ff7addb67f65e1ed9ca21ee1d9cf?s=96&d=mm&r=g","caption":"AY Advogados"},"sameAs":["https:\/\/ayadvogados.com.br"],"url":"https:\/\/www.ayadvogados.com.br\/?author=2"}]}},"rttpg_featured_image_url":{"full":["https:\/\/www.ayadvogados.com.br\/wp-content\/uploads\/2021\/08\/Blog-1.png",1000,620,false],"landscape":["https:\/\/www.ayadvogados.com.br\/wp-content\/uploads\/2021\/08\/Blog-1.png",1000,620,false],"portraits":["https:\/\/www.ayadvogados.com.br\/wp-content\/uploads\/2021\/08\/Blog-1.png",1000,620,false],"thumbnail":["https:\/\/www.ayadvogados.com.br\/wp-content\/uploads\/2021\/08\/Blog-1-150x150.png",150,150,true],"medium":["https:\/\/www.ayadvogados.com.br\/wp-content\/uploads\/2021\/08\/Blog-1-300x186.png",300,186,true],"large":["https:\/\/www.ayadvogados.com.br\/wp-content\/uploads\/2021\/08\/Blog-1.png",1000,620,false],"1536x1536":["https:\/\/www.ayadvogados.com.br\/wp-content\/uploads\/2021\/08\/Blog-1.png",1000,620,false],"2048x2048":["https:\/\/www.ayadvogados.com.br\/wp-content\/uploads\/2021\/08\/Blog-1.png",1000,620,false]},"rttpg_author":{"display_name":"AY Advogados","author_link":"https:\/\/www.ayadvogados.com.br\/?author=2"},"rttpg_comment":0,"rttpg_category":"<a href=\"https:\/\/www.ayadvogados.com.br\/?cat=1\" rel=\"category\">Not\u00edcia do Dia<\/a>","rttpg_excerpt":"A Procuradoria-Geral da Fazenda Nacional (PGFN) est\u00e1 atuando para reabrir processos sobre a exclus\u00e3o do ICMS do c\u00e1lculo do PIS e da Cofins. As investidas ocorrem contra empresas que ajuizaram a\u00e7\u00e3o depois de mar\u00e7o de 2017 e obtiveram a decis\u00e3o definitiva antes de o Supremo Tribunal Federal (STF) concluir o julgamento da tese, no m\u00eas&hellip;","_links":{"self":[{"href":"https:\/\/www.ayadvogados.com.br\/index.php?rest_route=\/wp\/v2\/posts\/1395","targetHints":{"allow":["GET"]}}],"collection":[{"href":"https:\/\/www.ayadvogados.com.br\/index.php?rest_route=\/wp\/v2\/posts"}],"about":[{"href":"https:\/\/www.ayadvogados.com.br\/index.php?rest_route=\/wp\/v2\/types\/post"}],"author":[{"embeddable":true,"href":"https:\/\/www.ayadvogados.com.br\/index.php?rest_route=\/wp\/v2\/users\/2"}],"replies":[{"embeddable":true,"href":"https:\/\/www.ayadvogados.com.br\/index.php?rest_route=%2Fwp%2Fv2%2Fcomments&post=1395"}],"version-history":[{"count":4,"href":"https:\/\/www.ayadvogados.com.br\/index.php?rest_route=\/wp\/v2\/posts\/1395\/revisions"}],"predecessor-version":[{"id":1400,"href":"https:\/\/www.ayadvogados.com.br\/index.php?rest_route=\/wp\/v2\/posts\/1395\/revisions\/1400"}],"wp:featuredmedia":[{"embeddable":true,"href":"https:\/\/www.ayadvogados.com.br\/index.php?rest_route=\/wp\/v2\/media\/1396"}],"wp:attachment":[{"href":"https:\/\/www.ayadvogados.com.br\/index.php?rest_route=%2Fwp%2Fv2%2Fmedia&parent=1395"}],"wp:term":[{"taxonomy":"category","embeddable":true,"href":"https:\/\/www.ayadvogados.com.br\/index.php?rest_route=%2Fwp%2Fv2%2Fcategories&post=1395"},{"taxonomy":"post_tag","embeddable":true,"href":"https:\/\/www.ayadvogados.com.br\/index.php?rest_route=%2Fwp%2Fv2%2Ftags&post=1395"}],"curies":[{"name":"wp","href":"https:\/\/api.w.org\/{rel}","templated":true}]}}