{"id":1392,"date":"2021-08-02T17:57:45","date_gmt":"2021-08-02T20:57:45","guid":{"rendered":"http:\/\/34.239.117.254\/?p=1392"},"modified":"2021-08-02T17:57:45","modified_gmt":"2021-08-02T20:57:45","slug":"grandes-empresas-nao-podem-descontar-danos-morais-do-ir","status":"publish","type":"post","link":"https:\/\/www.ayadvogados.com.br\/?p=1392","title":{"rendered":"Grandes empresas n\u00e3o podem descontar danos morais do IR"},"content":{"rendered":"\n<p><\/p>\n\n\n\n<p>As grandes empresas n\u00e3o podem descontar do Imposto de Renda (IRPJ) valores de indeniza\u00e7\u00f5es por danos morais e materiais pagos por meio de acordos judiciais trabalhistas. A orienta\u00e7\u00e3o est\u00e1 em solu\u00e7\u00e3o de consulta da Receita Federal. O texto surpreendeu advogados, que preveem uma onda de autua\u00e7\u00f5es.&nbsp;<\/p>\n\n\n\n<p>At\u00e9 ent\u00e3o, os contribuintes costumavam abater essas despesas da base de c\u00e1lculo do Imposto de Renda. Agora, segundo especialistas, podem ter de pagar o que foi descontado, com multa de 75% sobre o valor devido.&nbsp;<\/p>\n\n\n\n<p>A solu\u00e7\u00e3o de consulta, de n\u00ba 77, foi editada pela Coordena\u00e7\u00e3o-Geral de Tributa\u00e7\u00e3o (Cosit) e publicada no dia 25 de junho. O entendimento da Receita, que vale para as empresas que apuram o imposto pelo lucro real &#8211; com faturamento anual acima de R$ 78 milh\u00f5es -, foi o de que esses valores n\u00e3o podem ser considerados como despesas necess\u00e1rias, usuais ou normais \u00e0 atividade da pessoa jur\u00eddica.&nbsp;<\/p>\n\n\n\n<p>Acordos s\u00e3o comuns na Justi\u00e7a do Trabalho e as indeniza\u00e7\u00f5es predominam em muitos deles, principalmente nos firmados antes de senten\u00e7as. Neste ano, foram homologados mais de 310 mil, segundo informa\u00e7\u00f5es do Tribunal Superior do Trabalho (TST). Em 2020, foram fechados 510,5 mil e no ano anterior, 853,7 mil<\/p>\n\n\n\n<p>Nesses acertos, \u00e9 comum o pagamento de verbas trabalhistas por meio de indeniza\u00e7\u00e3o, para escapar da tributa\u00e7\u00e3o, segundo a advogada trabalhista Manoela Pascal, do Souto Correa Advogados. \u201cS\u00e3o isentas [as indeniza\u00e7\u00f5es]. \u00c9 uma forma de oferecer valores mais altos para o empregado, j\u00e1 que n\u00e3o h\u00e1 descontos\u201d, diz.&nbsp;<\/p>\n\n\n\n<p>Mesmo ap\u00f3s mudan\u00e7a na Consolida\u00e7\u00e3o das Leis do Trabalho (CLT), a pr\u00e1tica foi mantida. A Lei n\u00ba 13.876, de 2019, introduziu o par\u00e1grafo 3\u00ba-A ao artigo 832 da norma e estabeleceu que no m\u00ednimo o equivalente a um sal\u00e1rio m\u00ednimo deve ser discriminado como verba remunerat\u00f3ria.&nbsp;<\/p>\n\n\n\n<p>No caso analisado pela Receita, a empresa queria verificar a possibilidade de dedu\u00e7\u00e3o de valores estabelecidos em acordo com um trabalhador. Al\u00e9m de indeniza\u00e7\u00f5es por danos materiais e morais, a serem pagas em dez parcelas iguais, mensais e sucessivas, o acerto inclui o plano de assist\u00eancia m\u00e9dica, que dever\u00e1 ser mantido por tr\u00eas anos.<\/p>\n\n\n\n<p>Na resposta, a Receita afirma que o artigo 311 do Decreto n\u00ba 9.580, de 2018, que regulamenta o Imposto de Renda, estabelece que ser\u00e3o somente dedut\u00edveis as<\/p>\n\n\n\n<p>despesas necess\u00e1rias \u00e0 atividade da empresa e \u00e0 manuten\u00e7\u00e3o da respectiva fonte produtora ou as despesas operacionais ou usuais na atividade da companhia. A mesma determina\u00e7\u00e3o, segundo o \u00f3rg\u00e3o, est\u00e1 no artigo 68 da Instru\u00e7\u00e3o Normativa RFB n\u00ba 1.700, de 2017.&nbsp;<\/p>\n\n\n\n<p>A Receita tamb\u00e9m cita duas solu\u00e7\u00f5es de consulta. A primeira, de n\u00ba 281, editada em 2019, esclarece que a legisla\u00e7\u00e3o tribut\u00e1ria n\u00e3o estipula um rol taxativo de despesas dedut\u00edveis, tampouco o faz em rela\u00e7\u00e3o \u00e0s despesas indedut\u00edveis. \u201cAo inv\u00e9s disso, estabelece uma regra geral de dedutibilidade, no qual s\u00e3o impostos os requisitos da necessidade e usualidade\u201d, diz.&nbsp;<\/p>\n\n\n\n<p>A segunda, de n\u00ba 209, tamb\u00e9m de 2019, trata da indedutibilidade de valores em acordo judicial sobre compensa\u00e7\u00e3o por perdas patrimoniais, decorrentes da divulga\u00e7\u00e3o de informa\u00e7\u00f5es erradas pela companhia, e honor\u00e1rios advocat\u00edcios.&nbsp;<\/p>\n\n\n\n<p>Para o \u00f3rg\u00e3o, \u201ccontrapresta\u00e7\u00f5es pagas em virtude da pr\u00e1tica de atos il\u00edcitos ou para encerrar, sem solu\u00e7\u00e3o de m\u00e9rito, processos em que \u00e9 aferida a pr\u00e1tica de il\u00edcitos n\u00e3o podem ser consideradas necess\u00e1rias \u00e0 atividade da empresa\u201d.&nbsp;<\/p>\n\n\n\n<p>Sobre as despesas com plano de sa\u00fade, a Receita afirma que podem ser dedut\u00edveis da base de c\u00e1lculo, desde que preencham certos requisitos, presentes no artigo 372, do Decreto n\u00ba 9.580, de 2018.&nbsp;<\/p>\n\n\n\n<p>At\u00e9 ent\u00e3o, segundo o advogado Lu\u00eds Felipe de Campos, s\u00f3cio do Rolim, Viotti, Goulart, Cardoso Advogados, as empresas de lucro real deduziam esses valores e \u201cn\u00e3o havia d\u00favidas sobre isso\u201d. Agora, acrescenta, correm o risco de serem autuadas.&nbsp;<\/p>\n\n\n\n<p>A argumenta\u00e7\u00e3o da Receita de que se trata de ato il\u00edcito e, por isso, n\u00e3o poderia ser deduzido, afirma Campos, vai na contram\u00e3o do que diz o artigo 118 do C\u00f3digo Tribut\u00e1rio Nacional (CTN). De acordo com o dispositivo, a defini\u00e7\u00e3o legal do fato gerador \u00e9 interpretada abstraindo-se da validade jur\u00eddica dos atos efetivamente praticados, bem como da natureza do seu objeto ou dos seus efeitos.<\/p>\n\n\n\n<p>&nbsp;A recomenda\u00e7\u00e3o, segundo Campos, \u00e9 que as empresas continuem deduzindo essas despesas e, se forem autuadas, discutam a quest\u00e3o administrativamente. At\u00e9 porque, diz, existe decis\u00e3o do Conselho Administrativo de Recursos Fiscais (Carf) de 2018 que tratou da possibilidade de abatimento de indeniza\u00e7\u00f5es trabalhistas fundadas em lei ou em conven\u00e7\u00e3o coletiva (ac\u00f3rd\u00e3o n\u00ba 1301-002.830).<\/p>\n\n\n\n<p>Para a advogada tributarista Thais Meira, s\u00f3cia do BMA Advogados, esse entendimento da Receita sobre as indeniza\u00e7\u00f5es \u00e9 preocupante e as companhias que n\u00e3o quiserem correr riscos podem entrar com a\u00e7\u00e3o judicial.<\/p>\n\n\n\n<p>Os contribuintes, segundo a advogada, podem alegar que esse tipo de gasto dever ser considerado como necess\u00e1rio porque, ao firmar um acordo, s\u00e3o obrigados a cumpri-lo, diante da homologa\u00e7\u00e3o do juiz.<\/p>\n\n\n\n<p>&nbsp;A advogada ainda lembra que existem entendimentos pela dedu\u00e7\u00e3o de multas por descumprimento contratual, que podem ser usadas por analogia. Est\u00e3o nos Pareceres Normativos CST da Receita n\u00ba 50 e n\u00ba 66, ambos de 1976. H\u00e1 tamb\u00e9m decis\u00f5es do Carf no mesmo sentido (ac\u00f3rd\u00e3o n\u00ba 103- 19.527).&nbsp;<\/p>\n\n\n\n<p>Fonte: <a href=\"https:\/\/valor.globo.com\/legislacao\/noticia\/2021\/08\/02\/grandes-empresas-nao-podem-descontar-danos-morais-do-ir.ghtml\">Valor<\/a><\/p>\n\n\n\n<p>Quer estar sempre por dentro de assuntos relevantes e mat\u00e9rias exclusivas que comp\u00f5em o cen\u00e1rio tribut\u00e1rio e jur\u00eddico?<\/p>\n\n\n\n<p>Ou\u00e7a o DIN Cast, o podcast voltado para o mundo dos neg\u00f3cios que vai ajudar sua empresa a se tornar l\u00edder de mercado atrav\u00e9s da intelig\u00eancia de neg\u00f3cios<\/p>\n\n\n\n<p>Acesse nosso blog e confira:<\/p>\n\n\n\n<p>\ud83d\udc49http:\/\/ayadvogados.com.br\/category\/dincast\/<\/p>\n\n\n\n<p>Quer estar sempre atualizado sobre as novidades no setor tribut\u00e1rio?&nbsp;<\/p>\n\n\n\n<p>Siga a Amaral, Yazbek nas redes sociais:<\/p>\n\n\n\n<p>\ud83d\udc49Facebook:<a href=\"https:\/\/www.youtube.com\/redirect?event=video_description&amp;redir_token=QUFFLUhqbF9kQmhFdmNsbVNjRlRQTkhQSWhVWGdORWZ1QXxBQ3Jtc0tucW0ydjVzSGJpbFRyb1RZY3hKeFBGYzFob1VWYUtzUzF5OGJxZl9TelJUNGI4OG9odEtsTUlSUWRUeHdYR2ZuaFBRNTh4OEdMU1FoLXlOV1d5WVJhNGdZRlNkR2JtdUJCaVlEblphZjVMUjJ6b3B2cw&amp;q=https%3A%2F%2Fwww.facebook.com%2FAYadvogados\"> https:\/\/www.facebook.com\/AYadvogados\u200b<\/a><\/p>\n\n\n\n<p>\ud83d\udc49Instagram:<a href=\"https:\/\/www.youtube.com\/redirect?event=video_description&amp;redir_token=QUFFLUhqa3NISmpmWEd2R1k5VllqTWlGS283d052bTQxZ3xBQ3Jtc0tuV0VvTnlObjJKS0lBNmtILXpOaFMzcU1VSERNMXJWN1hnQWloOGIyVXp5ZzZPYVJqREpvcXJTcVd1RFJ5ZzRBMEVsLURab1U0R1ZWVHplYlN3b2FKcWdnVGVySjAwR2M0TTVnM2xrQkxHNlM5YXEwNA&amp;q=https%3A%2F%2Fwww.instagram.com%2Famaral.yazbek\"> https:\/\/www.instagram.com\/ayadvogados<\/a><\/p>\n\n\n\n<p>\ud83d\udc49Linkedin: <a href=\"http:\/\/www.linkedin.com\/company\/amaral-yazbek-advogados\/\">https:\/\/www.linkedin.com\/company\/amaral-yazbek-advogados\/<\/a><\/p>\n\n\n\n<p>\ud83c\udf81 Queremos te oferecer um presente! Preparamos a 10\u00aa edi\u00e7\u00e3o da revista Governan\u00e7a Jur\u00eddica dando dicas de ordem tribut\u00e1ria para que os empres\u00e1rios, independentemente do porte do seu neg\u00f3cio, possam reduzir os seus custos no per\u00edodo dif\u00edcil em que estamos vivendo.&nbsp;<\/p>\n\n\n\n<p>\ud83d\udc49Baixe gratuitamente: <a href=\"http:\/\/ayadvogados.com.br\/revista\/\">http:\/\/ayadvogados.com.br\/revista\/<\/a><\/p>\n\n\n\n<p>.<\/p>\n","protected":false},"excerpt":{"rendered":"<p>As grandes empresas n\u00e3o podem descontar do Imposto de Renda (IRPJ) valores de indeniza\u00e7\u00f5es por danos morais e materiais pagos por meio de acordos judiciais trabalhistas. A orienta\u00e7\u00e3o est\u00e1 em solu\u00e7\u00e3o de consulta da Receita Federal. O texto surpreendeu advogados, que preveem uma onda de autua\u00e7\u00f5es.&nbsp; At\u00e9 ent\u00e3o, os contribuintes costumavam abater essas despesas da [&hellip;]<\/p>\n","protected":false},"author":2,"featured_media":1393,"comment_status":"open","ping_status":"open","sticky":false,"template":"","format":"standard","meta":{"footnotes":""},"categories":[1],"tags":[27,67],"class_list":["post-1392","post","type-post","status-publish","format-standard","has-post-thumbnail","hentry","category-noticia-do-dia","tag-amaral-yazbek-advogados","tag-noticia-do-dia-2"],"blocksy_meta":{"styles_descriptor":{"styles":{"desktop":"","tablet":"","mobile":""},"google_fonts":[],"version":6}},"yoast_head":"<!-- This site is optimized with the Yoast SEO plugin v27.5 - https:\/\/yoast.com\/product\/yoast-seo-wordpress\/ -->\n<title>Grandes empresas n\u00e3o podem descontar danos morais do IR - Amaral, Yazbek Advogados<\/title>\n<meta name=\"robots\" content=\"index, follow, max-snippet:-1, max-image-preview:large, max-video-preview:-1\" \/>\n<link rel=\"canonical\" href=\"https:\/\/www.ayadvogados.com.br\/?p=1392\" \/>\n<meta property=\"og:locale\" content=\"pt_BR\" \/>\n<meta property=\"og:type\" content=\"article\" \/>\n<meta property=\"og:title\" content=\"Grandes empresas n\u00e3o podem descontar danos morais do IR - Amaral, Yazbek Advogados\" \/>\n<meta property=\"og:description\" content=\"As grandes empresas n\u00e3o podem descontar do Imposto de Renda (IRPJ) valores de indeniza\u00e7\u00f5es por danos morais e materiais pagos por meio de acordos judiciais trabalhistas. A orienta\u00e7\u00e3o est\u00e1 em solu\u00e7\u00e3o de consulta da Receita Federal. O texto surpreendeu advogados, que preveem uma onda de autua\u00e7\u00f5es.&nbsp; At\u00e9 ent\u00e3o, os contribuintes costumavam abater essas despesas da [&hellip;]\" \/>\n<meta property=\"og:url\" content=\"https:\/\/www.ayadvogados.com.br\/?p=1392\" \/>\n<meta property=\"og:site_name\" content=\"Amaral, Yazbek Advogados\" \/>\n<meta property=\"article:publisher\" content=\"https:\/\/www.facebook.com\/AYadvogados\" \/>\n<meta property=\"article:published_time\" content=\"2021-08-02T20:57:45+00:00\" \/>\n<meta property=\"og:image\" content=\"https:\/\/www.ayadvogados.com.br\/wp-content\/uploads\/2021\/08\/Blog.png\" \/>\n\t<meta property=\"og:image:width\" content=\"1000\" \/>\n\t<meta property=\"og:image:height\" content=\"620\" \/>\n\t<meta property=\"og:image:type\" content=\"image\/png\" \/>\n<meta name=\"author\" content=\"AY Advogados\" \/>\n<meta name=\"twitter:card\" content=\"summary_large_image\" \/>\n<meta name=\"twitter:label1\" content=\"Escrito por\" \/>\n\t<meta name=\"twitter:data1\" content=\"AY Advogados\" \/>\n\t<meta name=\"twitter:label2\" content=\"Est. tempo de leitura\" \/>\n\t<meta name=\"twitter:data2\" content=\"5 minutos\" \/>\n<script type=\"application\/ld+json\" class=\"yoast-schema-graph\">{\"@context\":\"https:\\\/\\\/schema.org\",\"@graph\":[{\"@type\":\"Article\",\"@id\":\"https:\\\/\\\/www.ayadvogados.com.br\\\/?p=1392#article\",\"isPartOf\":{\"@id\":\"https:\\\/\\\/www.ayadvogados.com.br\\\/?p=1392\"},\"author\":{\"name\":\"AY Advogados\",\"@id\":\"https:\\\/\\\/www.ayadvogados.com.br\\\/#\\\/schema\\\/person\\\/4abfbf03ad3e577e691d333af064a912\"},\"headline\":\"Grandes empresas n\u00e3o podem descontar danos morais do IR\",\"datePublished\":\"2021-08-02T20:57:45+00:00\",\"mainEntityOfPage\":{\"@id\":\"https:\\\/\\\/www.ayadvogados.com.br\\\/?p=1392\"},\"wordCount\":1094,\"commentCount\":0,\"publisher\":{\"@id\":\"https:\\\/\\\/www.ayadvogados.com.br\\\/#organization\"},\"image\":{\"@id\":\"https:\\\/\\\/www.ayadvogados.com.br\\\/?p=1392#primaryimage\"},\"thumbnailUrl\":\"https:\\\/\\\/www.ayadvogados.com.br\\\/wp-content\\\/uploads\\\/2021\\\/08\\\/Blog.png\",\"keywords\":[\"amaral yazbek advogados\",\"not\u00edcia do dia\"],\"articleSection\":[\"Not\u00edcia do Dia\"],\"inLanguage\":\"pt-BR\",\"potentialAction\":[{\"@type\":\"CommentAction\",\"name\":\"Comment\",\"target\":[\"https:\\\/\\\/www.ayadvogados.com.br\\\/?p=1392#respond\"]}]},{\"@type\":\"WebPage\",\"@id\":\"https:\\\/\\\/www.ayadvogados.com.br\\\/?p=1392\",\"url\":\"https:\\\/\\\/www.ayadvogados.com.br\\\/?p=1392\",\"name\":\"Grandes empresas n\u00e3o podem descontar danos morais do IR - Amaral, Yazbek Advogados\",\"isPartOf\":{\"@id\":\"https:\\\/\\\/www.ayadvogados.com.br\\\/#website\"},\"primaryImageOfPage\":{\"@id\":\"https:\\\/\\\/www.ayadvogados.com.br\\\/?p=1392#primaryimage\"},\"image\":{\"@id\":\"https:\\\/\\\/www.ayadvogados.com.br\\\/?p=1392#primaryimage\"},\"thumbnailUrl\":\"https:\\\/\\\/www.ayadvogados.com.br\\\/wp-content\\\/uploads\\\/2021\\\/08\\\/Blog.png\",\"datePublished\":\"2021-08-02T20:57:45+00:00\",\"breadcrumb\":{\"@id\":\"https:\\\/\\\/www.ayadvogados.com.br\\\/?p=1392#breadcrumb\"},\"inLanguage\":\"pt-BR\",\"potentialAction\":[{\"@type\":\"ReadAction\",\"target\":[\"https:\\\/\\\/www.ayadvogados.com.br\\\/?p=1392\"]}]},{\"@type\":\"ImageObject\",\"inLanguage\":\"pt-BR\",\"@id\":\"https:\\\/\\\/www.ayadvogados.com.br\\\/?p=1392#primaryimage\",\"url\":\"https:\\\/\\\/www.ayadvogados.com.br\\\/wp-content\\\/uploads\\\/2021\\\/08\\\/Blog.png\",\"contentUrl\":\"https:\\\/\\\/www.ayadvogados.com.br\\\/wp-content\\\/uploads\\\/2021\\\/08\\\/Blog.png\",\"width\":1000,\"height\":620},{\"@type\":\"BreadcrumbList\",\"@id\":\"https:\\\/\\\/www.ayadvogados.com.br\\\/?p=1392#breadcrumb\",\"itemListElement\":[{\"@type\":\"ListItem\",\"position\":1,\"name\":\"In\u00edcio\",\"item\":\"https:\\\/\\\/www.ayadvogados.com.br\\\/\"},{\"@type\":\"ListItem\",\"position\":2,\"name\":\"Grandes empresas n\u00e3o podem descontar danos morais do IR\"}]},{\"@type\":\"WebSite\",\"@id\":\"https:\\\/\\\/www.ayadvogados.com.br\\\/#website\",\"url\":\"https:\\\/\\\/www.ayadvogados.com.br\\\/\",\"name\":\"Amaral, Yazbek Advogados\",\"description\":\"Curitiba \u2022 Bras\u00edlia \u2022 S\u00e3o Paulo\",\"publisher\":{\"@id\":\"https:\\\/\\\/www.ayadvogados.com.br\\\/#organization\"},\"potentialAction\":[{\"@type\":\"SearchAction\",\"target\":{\"@type\":\"EntryPoint\",\"urlTemplate\":\"https:\\\/\\\/www.ayadvogados.com.br\\\/?s={search_term_string}\"},\"query-input\":{\"@type\":\"PropertyValueSpecification\",\"valueRequired\":true,\"valueName\":\"search_term_string\"}}],\"inLanguage\":\"pt-BR\"},{\"@type\":\"Organization\",\"@id\":\"https:\\\/\\\/www.ayadvogados.com.br\\\/#organization\",\"name\":\"Amaral, Yazbek Advogados\",\"url\":\"https:\\\/\\\/www.ayadvogados.com.br\\\/\",\"logo\":{\"@type\":\"ImageObject\",\"inLanguage\":\"pt-BR\",\"@id\":\"https:\\\/\\\/www.ayadvogados.com.br\\\/#\\\/schema\\\/logo\\\/image\\\/\",\"url\":\"http:\\\/\\\/34.239.117.254\\\/wp-content\\\/uploads\\\/2021\\\/03\\\/logo-ay-g.png\",\"contentUrl\":\"http:\\\/\\\/34.239.117.254\\\/wp-content\\\/uploads\\\/2021\\\/03\\\/logo-ay-g.png\",\"width\":434,\"height\":106,\"caption\":\"Amaral, Yazbek Advogados\"},\"image\":{\"@id\":\"https:\\\/\\\/www.ayadvogados.com.br\\\/#\\\/schema\\\/logo\\\/image\\\/\"},\"sameAs\":[\"https:\\\/\\\/www.facebook.com\\\/AYadvogados\",\"https:\\\/\\\/www.instagram.com\\\/ayadvogados\\\/\"]},{\"@type\":\"Person\",\"@id\":\"https:\\\/\\\/www.ayadvogados.com.br\\\/#\\\/schema\\\/person\\\/4abfbf03ad3e577e691d333af064a912\",\"name\":\"AY Advogados\",\"image\":{\"@type\":\"ImageObject\",\"inLanguage\":\"pt-BR\",\"@id\":\"https:\\\/\\\/secure.gravatar.com\\\/avatar\\\/1473912b851241f5503026e6156e144dcd83ff7addb67f65e1ed9ca21ee1d9cf?s=96&d=mm&r=g\",\"url\":\"https:\\\/\\\/secure.gravatar.com\\\/avatar\\\/1473912b851241f5503026e6156e144dcd83ff7addb67f65e1ed9ca21ee1d9cf?s=96&d=mm&r=g\",\"contentUrl\":\"https:\\\/\\\/secure.gravatar.com\\\/avatar\\\/1473912b851241f5503026e6156e144dcd83ff7addb67f65e1ed9ca21ee1d9cf?s=96&d=mm&r=g\",\"caption\":\"AY Advogados\"},\"sameAs\":[\"https:\\\/\\\/ayadvogados.com.br\"],\"url\":\"https:\\\/\\\/www.ayadvogados.com.br\\\/?author=2\"}]}<\/script>\n<!-- \/ Yoast SEO plugin. -->","yoast_head_json":{"title":"Grandes empresas n\u00e3o podem descontar danos morais do IR - Amaral, Yazbek Advogados","robots":{"index":"index","follow":"follow","max-snippet":"max-snippet:-1","max-image-preview":"max-image-preview:large","max-video-preview":"max-video-preview:-1"},"canonical":"https:\/\/www.ayadvogados.com.br\/?p=1392","og_locale":"pt_BR","og_type":"article","og_title":"Grandes empresas n\u00e3o podem descontar danos morais do IR - Amaral, Yazbek Advogados","og_description":"As grandes empresas n\u00e3o podem descontar do Imposto de Renda (IRPJ) valores de indeniza\u00e7\u00f5es por danos morais e materiais pagos por meio de acordos judiciais trabalhistas. A orienta\u00e7\u00e3o est\u00e1 em solu\u00e7\u00e3o de consulta da Receita Federal. O texto surpreendeu advogados, que preveem uma onda de autua\u00e7\u00f5es.&nbsp; At\u00e9 ent\u00e3o, os contribuintes costumavam abater essas despesas da [&hellip;]","og_url":"https:\/\/www.ayadvogados.com.br\/?p=1392","og_site_name":"Amaral, Yazbek Advogados","article_publisher":"https:\/\/www.facebook.com\/AYadvogados","article_published_time":"2021-08-02T20:57:45+00:00","og_image":[{"width":1000,"height":620,"url":"https:\/\/www.ayadvogados.com.br\/wp-content\/uploads\/2021\/08\/Blog.png","type":"image\/png"}],"author":"AY Advogados","twitter_card":"summary_large_image","twitter_misc":{"Escrito por":"AY Advogados","Est. tempo de leitura":"5 minutos"},"schema":{"@context":"https:\/\/schema.org","@graph":[{"@type":"Article","@id":"https:\/\/www.ayadvogados.com.br\/?p=1392#article","isPartOf":{"@id":"https:\/\/www.ayadvogados.com.br\/?p=1392"},"author":{"name":"AY Advogados","@id":"https:\/\/www.ayadvogados.com.br\/#\/schema\/person\/4abfbf03ad3e577e691d333af064a912"},"headline":"Grandes empresas n\u00e3o podem descontar danos morais do IR","datePublished":"2021-08-02T20:57:45+00:00","mainEntityOfPage":{"@id":"https:\/\/www.ayadvogados.com.br\/?p=1392"},"wordCount":1094,"commentCount":0,"publisher":{"@id":"https:\/\/www.ayadvogados.com.br\/#organization"},"image":{"@id":"https:\/\/www.ayadvogados.com.br\/?p=1392#primaryimage"},"thumbnailUrl":"https:\/\/www.ayadvogados.com.br\/wp-content\/uploads\/2021\/08\/Blog.png","keywords":["amaral yazbek advogados","not\u00edcia do dia"],"articleSection":["Not\u00edcia do Dia"],"inLanguage":"pt-BR","potentialAction":[{"@type":"CommentAction","name":"Comment","target":["https:\/\/www.ayadvogados.com.br\/?p=1392#respond"]}]},{"@type":"WebPage","@id":"https:\/\/www.ayadvogados.com.br\/?p=1392","url":"https:\/\/www.ayadvogados.com.br\/?p=1392","name":"Grandes empresas n\u00e3o podem descontar danos morais do IR - Amaral, Yazbek Advogados","isPartOf":{"@id":"https:\/\/www.ayadvogados.com.br\/#website"},"primaryImageOfPage":{"@id":"https:\/\/www.ayadvogados.com.br\/?p=1392#primaryimage"},"image":{"@id":"https:\/\/www.ayadvogados.com.br\/?p=1392#primaryimage"},"thumbnailUrl":"https:\/\/www.ayadvogados.com.br\/wp-content\/uploads\/2021\/08\/Blog.png","datePublished":"2021-08-02T20:57:45+00:00","breadcrumb":{"@id":"https:\/\/www.ayadvogados.com.br\/?p=1392#breadcrumb"},"inLanguage":"pt-BR","potentialAction":[{"@type":"ReadAction","target":["https:\/\/www.ayadvogados.com.br\/?p=1392"]}]},{"@type":"ImageObject","inLanguage":"pt-BR","@id":"https:\/\/www.ayadvogados.com.br\/?p=1392#primaryimage","url":"https:\/\/www.ayadvogados.com.br\/wp-content\/uploads\/2021\/08\/Blog.png","contentUrl":"https:\/\/www.ayadvogados.com.br\/wp-content\/uploads\/2021\/08\/Blog.png","width":1000,"height":620},{"@type":"BreadcrumbList","@id":"https:\/\/www.ayadvogados.com.br\/?p=1392#breadcrumb","itemListElement":[{"@type":"ListItem","position":1,"name":"In\u00edcio","item":"https:\/\/www.ayadvogados.com.br\/"},{"@type":"ListItem","position":2,"name":"Grandes empresas n\u00e3o podem descontar danos morais do IR"}]},{"@type":"WebSite","@id":"https:\/\/www.ayadvogados.com.br\/#website","url":"https:\/\/www.ayadvogados.com.br\/","name":"Amaral, Yazbek Advogados","description":"Curitiba \u2022 Bras\u00edlia \u2022 S\u00e3o Paulo","publisher":{"@id":"https:\/\/www.ayadvogados.com.br\/#organization"},"potentialAction":[{"@type":"SearchAction","target":{"@type":"EntryPoint","urlTemplate":"https:\/\/www.ayadvogados.com.br\/?s={search_term_string}"},"query-input":{"@type":"PropertyValueSpecification","valueRequired":true,"valueName":"search_term_string"}}],"inLanguage":"pt-BR"},{"@type":"Organization","@id":"https:\/\/www.ayadvogados.com.br\/#organization","name":"Amaral, Yazbek Advogados","url":"https:\/\/www.ayadvogados.com.br\/","logo":{"@type":"ImageObject","inLanguage":"pt-BR","@id":"https:\/\/www.ayadvogados.com.br\/#\/schema\/logo\/image\/","url":"http:\/\/34.239.117.254\/wp-content\/uploads\/2021\/03\/logo-ay-g.png","contentUrl":"http:\/\/34.239.117.254\/wp-content\/uploads\/2021\/03\/logo-ay-g.png","width":434,"height":106,"caption":"Amaral, Yazbek Advogados"},"image":{"@id":"https:\/\/www.ayadvogados.com.br\/#\/schema\/logo\/image\/"},"sameAs":["https:\/\/www.facebook.com\/AYadvogados","https:\/\/www.instagram.com\/ayadvogados\/"]},{"@type":"Person","@id":"https:\/\/www.ayadvogados.com.br\/#\/schema\/person\/4abfbf03ad3e577e691d333af064a912","name":"AY Advogados","image":{"@type":"ImageObject","inLanguage":"pt-BR","@id":"https:\/\/secure.gravatar.com\/avatar\/1473912b851241f5503026e6156e144dcd83ff7addb67f65e1ed9ca21ee1d9cf?s=96&d=mm&r=g","url":"https:\/\/secure.gravatar.com\/avatar\/1473912b851241f5503026e6156e144dcd83ff7addb67f65e1ed9ca21ee1d9cf?s=96&d=mm&r=g","contentUrl":"https:\/\/secure.gravatar.com\/avatar\/1473912b851241f5503026e6156e144dcd83ff7addb67f65e1ed9ca21ee1d9cf?s=96&d=mm&r=g","caption":"AY Advogados"},"sameAs":["https:\/\/ayadvogados.com.br"],"url":"https:\/\/www.ayadvogados.com.br\/?author=2"}]}},"rttpg_featured_image_url":{"full":["https:\/\/www.ayadvogados.com.br\/wp-content\/uploads\/2021\/08\/Blog.png",1000,620,false],"landscape":["https:\/\/www.ayadvogados.com.br\/wp-content\/uploads\/2021\/08\/Blog.png",1000,620,false],"portraits":["https:\/\/www.ayadvogados.com.br\/wp-content\/uploads\/2021\/08\/Blog.png",1000,620,false],"thumbnail":["https:\/\/www.ayadvogados.com.br\/wp-content\/uploads\/2021\/08\/Blog-150x150.png",150,150,true],"medium":["https:\/\/www.ayadvogados.com.br\/wp-content\/uploads\/2021\/08\/Blog-300x186.png",300,186,true],"large":["https:\/\/www.ayadvogados.com.br\/wp-content\/uploads\/2021\/08\/Blog.png",1000,620,false],"1536x1536":["https:\/\/www.ayadvogados.com.br\/wp-content\/uploads\/2021\/08\/Blog.png",1000,620,false],"2048x2048":["https:\/\/www.ayadvogados.com.br\/wp-content\/uploads\/2021\/08\/Blog.png",1000,620,false]},"rttpg_author":{"display_name":"AY Advogados","author_link":"https:\/\/www.ayadvogados.com.br\/?author=2"},"rttpg_comment":0,"rttpg_category":"<a href=\"https:\/\/www.ayadvogados.com.br\/?cat=1\" rel=\"category\">Not\u00edcia do Dia<\/a>","rttpg_excerpt":"As grandes empresas n\u00e3o podem descontar do Imposto de Renda (IRPJ) valores de indeniza\u00e7\u00f5es por danos morais e materiais pagos por meio de acordos judiciais trabalhistas. A orienta\u00e7\u00e3o est\u00e1 em solu\u00e7\u00e3o de consulta da Receita Federal. O texto surpreendeu advogados, que preveem uma onda de autua\u00e7\u00f5es.&nbsp; At\u00e9 ent\u00e3o, os contribuintes costumavam abater essas despesas da&hellip;","_links":{"self":[{"href":"https:\/\/www.ayadvogados.com.br\/index.php?rest_route=\/wp\/v2\/posts\/1392","targetHints":{"allow":["GET"]}}],"collection":[{"href":"https:\/\/www.ayadvogados.com.br\/index.php?rest_route=\/wp\/v2\/posts"}],"about":[{"href":"https:\/\/www.ayadvogados.com.br\/index.php?rest_route=\/wp\/v2\/types\/post"}],"author":[{"embeddable":true,"href":"https:\/\/www.ayadvogados.com.br\/index.php?rest_route=\/wp\/v2\/users\/2"}],"replies":[{"embeddable":true,"href":"https:\/\/www.ayadvogados.com.br\/index.php?rest_route=%2Fwp%2Fv2%2Fcomments&post=1392"}],"version-history":[{"count":1,"href":"https:\/\/www.ayadvogados.com.br\/index.php?rest_route=\/wp\/v2\/posts\/1392\/revisions"}],"predecessor-version":[{"id":1394,"href":"https:\/\/www.ayadvogados.com.br\/index.php?rest_route=\/wp\/v2\/posts\/1392\/revisions\/1394"}],"wp:featuredmedia":[{"embeddable":true,"href":"https:\/\/www.ayadvogados.com.br\/index.php?rest_route=\/wp\/v2\/media\/1393"}],"wp:attachment":[{"href":"https:\/\/www.ayadvogados.com.br\/index.php?rest_route=%2Fwp%2Fv2%2Fmedia&parent=1392"}],"wp:term":[{"taxonomy":"category","embeddable":true,"href":"https:\/\/www.ayadvogados.com.br\/index.php?rest_route=%2Fwp%2Fv2%2Fcategories&post=1392"},{"taxonomy":"post_tag","embeddable":true,"href":"https:\/\/www.ayadvogados.com.br\/index.php?rest_route=%2Fwp%2Fv2%2Ftags&post=1392"}],"curies":[{"name":"wp","href":"https:\/\/api.w.org\/{rel}","templated":true}]}}