{"id":1376,"date":"2021-07-30T17:11:50","date_gmt":"2021-07-30T20:11:50","guid":{"rendered":"http:\/\/34.239.117.254\/?p=1376"},"modified":"2021-07-30T17:11:50","modified_gmt":"2021-07-30T20:11:50","slug":"receita-diz-que-suspendeu-autuacoes-sobre-a-tese-do-seculo","status":"publish","type":"post","link":"https:\/\/www.ayadvogados.com.br\/?p=1376","title":{"rendered":"Receita diz que suspendeu autua\u00e7\u00f5es sobre a \u201ctese do s\u00e9culo\u201d"},"content":{"rendered":"\n<p>A Receita Federal afirma ter publicado uma orienta\u00e7\u00e3o interna para suspender autua\u00e7\u00f5es que estejam relacionadas \u00e0 exclus\u00e3o do ICMS do c\u00e1lculo do PIS e da Cofins &#8211; a chamada &#8220;tese do s\u00e9culo&#8221;.<\/p>\n\n\n\n<p>Frederico Faber, subsecret\u00e1rio de Arrecada\u00e7\u00e3o e Cobran\u00e7a, diz que o \u00f3rg\u00e3o aguarda a publica\u00e7\u00e3o do ac\u00f3rd\u00e3o do Supremo Tribunal Federal (STF) para revisar suas normas e emitir um comunicado oficial aos contribuintes sobre a interpreta\u00e7\u00e3o e operacionaliza\u00e7\u00e3o da decis\u00e3o dos ministros.<\/p>\n\n\n\n<p>Ap\u00f3s a divulga\u00e7\u00e3o desse comunicado, segundo Faber, a Receita Federal vai dar um prazo para que os contribuintes ajustem as suas declara\u00e7\u00f5es &#8211; caso entendam necess\u00e1rio. S\u00f3 depois desse prazo \u00e9 que poder\u00e3o ocorrer novas autua\u00e7\u00f5es e multas.&nbsp;<\/p>\n\n\n\n<p>&#8220;O pr\u00f3prio contribuinte vai ter a oportunidade de revisar os seus cr\u00e9ditos. Porque, eventualmente, o c\u00e1lculo pode estar superestimado devido \u00e0s v\u00e1rias correntes de entendimento que existem sobre esse tema&#8221;, ele diz. &#8220;N\u00f3s tamb\u00e9m teremos todo um trabalho interno de revis\u00e3o do que possa ter sido lan\u00e7ado de forma divergente da decis\u00e3o do STF.&#8221;&nbsp;<\/p>\n\n\n\n<p>Os ministros do Supremo Tribunal Federal conclu\u00edram no dia 13 de maio o processo que garante a exclus\u00e3o do ICMS do c\u00e1lculo do PIS e da Cofins &#8211; a chamada &#8220;tese do s\u00e9culo&#8221;. Com a retirada do imposto estadual, a base de c\u00e1lculo das contribui\u00e7\u00f5es foi reduzida e, consequentemente, os valores a pagar ao governo ficaram menores. As empresas, al\u00e9m disso, t\u00eam o direito de receber de volta o que pagaram de forma indevida nos \u00faltimos anos.&nbsp;<\/p>\n\n\n\n<p>A conclus\u00e3o desse caso ocorreu com o julgamento dos embargos de declara\u00e7\u00e3o que haviam sido apresentados pela Uni\u00e3o para contestar a decis\u00e3o de m\u00e9rito, proferida em mar\u00e7o de 2017. Daquela vez, o ac\u00f3rd\u00e3o foi publicado s\u00f3 em outubro, ou seja, sete meses depois do julgamento.&nbsp;<\/p>\n\n\n\n<p>As afirma\u00e7\u00f5es do subsecret\u00e1rio da Receita Federal foram feitas ap\u00f3s reportagem publicada pelo Valor em que empresas relatam que est\u00e3o sendo cobradas a utilizar o mesmo crit\u00e9rio de c\u00e1lculo dos pagamentos \u00e0 Uni\u00e3o para contabilizar os cr\u00e9ditos decorrentes da aquisi\u00e7\u00e3o de bens e insumos &#8211; ou seja, sem o ICMS embutido.<\/p>\n\n\n\n<p>Essa condi\u00e7\u00e3o, na pr\u00e1tica, tem um efeito ruim para o contribuinte: aumenta o PIS e a Cofins a pagar ao governo. Advogados que atuam na \u00e1rea tribut\u00e1ria tratam esse movimento da fiscaliza\u00e7\u00e3o como uma estrat\u00e9gia da Receita Federal para reduzir a conta de bilh\u00f5es de reais gerada com a decis\u00e3o do STF.&nbsp;<\/p>\n\n\n\n<p>Frederico Faber afirma, no entanto, que n\u00e3o h\u00e1 um movimento coordenado para essas autua\u00e7\u00f5es. &#8220;N\u00e3o temos uma posi\u00e7\u00e3o oficial sobre isso ainda. Precisamos ver o ac\u00f3rd\u00e3o do STF.&nbsp;<\/p>\n\n\n\n<p>A orienta\u00e7\u00e3o nacional, desde o julgamento, \u00e9 aguardar a publica\u00e7\u00e3o e o pronunciamento da PGFN [Procuradoria-Geral da Fazenda Nacional]&#8221;, ele diz. Segundo o subsecret\u00e1rio, esse tema vai constar no comunicado que ser\u00e1 emitido aos contribuintes pela Receita Federal. &#8220;O STF abriu um novo entendimento e n\u00f3s vamos precisar revisar os nossos atos, para manter, excluir ou reajustar, inclusive sobre o tratamento futuro.&#8221;<\/p>\n\n\n\n<p>Fonte; <a href=\"https:\/\/valor.globo.com\/legislacao\/noticia\/2021\/07\/29\/receita-diz-que-suspendeu-autuaes-sobre-a-tese-do-sculo.ghtml\">Valor<\/a><\/p>\n\n\n\n<p>Quer estar sempre por dentro de assuntos relevantes e mat\u00e9rias exclusivas que comp\u00f5em o cen\u00e1rio tribut\u00e1rio e jur\u00eddico?<\/p>\n\n\n\n<p>Ou\u00e7a o DIN Cast, o podcast voltado para o mundo dos neg\u00f3cios que vai ajudar sua empresa a se tornar l\u00edder de mercado atrav\u00e9s da intelig\u00eancia de neg\u00f3cios<\/p>\n\n\n\n<p>Acesse nosso blog e confira:<\/p>\n\n\n\n<p>\ud83d\udc49http:\/\/ayadvogados.com.br\/category\/dincast\/<\/p>\n\n\n\n<p>Quer estar sempre atualizado sobre as novidades no setor tribut\u00e1rio?&nbsp;<\/p>\n\n\n\n<p>Siga a Amaral, Yazbek nas redes sociais:<\/p>\n\n\n\n<p>\ud83d\udc49Facebook:<a href=\"https:\/\/www.youtube.com\/redirect?event=video_description&amp;redir_token=QUFFLUhqbF9kQmhFdmNsbVNjRlRQTkhQSWhVWGdORWZ1QXxBQ3Jtc0tucW0ydjVzSGJpbFRyb1RZY3hKeFBGYzFob1VWYUtzUzF5OGJxZl9TelJUNGI4OG9odEtsTUlSUWRUeHdYR2ZuaFBRNTh4OEdMU1FoLXlOV1d5WVJhNGdZRlNkR2JtdUJCaVlEblphZjVMUjJ6b3B2cw&amp;q=https%3A%2F%2Fwww.facebook.com%2FAYadvogados\"> https:\/\/www.facebook.com\/AYadvogados\u200b<\/a><\/p>\n\n\n\n<p>\ud83d\udc49Instagram:<a href=\"https:\/\/www.youtube.com\/redirect?event=video_description&amp;redir_token=QUFFLUhqa3NISmpmWEd2R1k5VllqTWlGS283d052bTQxZ3xBQ3Jtc0tuV0VvTnlObjJKS0lBNmtILXpOaFMzcU1VSERNMXJWN1hnQWloOGIyVXp5ZzZPYVJqREpvcXJTcVd1RFJ5ZzRBMEVsLURab1U0R1ZWVHplYlN3b2FKcWdnVGVySjAwR2M0TTVnM2xrQkxHNlM5YXEwNA&amp;q=https%3A%2F%2Fwww.instagram.com%2Famaral.yazbek\"> https:\/\/www.instagram.com\/ayadvogados<\/a><\/p>\n\n\n\n<p>\ud83d\udc49Linkedin: <a href=\"http:\/\/www.linkedin.com\/company\/amaral-yazbek-advogados\/\">https:\/\/www.linkedin.com\/company\/amaral-yazbek-advogados\/<\/a><\/p>\n\n\n\n<p>\ud83c\udf81 Queremos te oferecer um presente! Preparamos a 10\u00aa edi\u00e7\u00e3o da revista Governan\u00e7a Jur\u00eddica dando dicas de ordem tribut\u00e1ria para que os empres\u00e1rios, independentemente do porte do seu neg\u00f3cio, possam reduzir os seus custos no per\u00edodo dif\u00edcil em que estamos vivendo.&nbsp;<\/p>\n\n\n\n<p>\ud83d\udc49Baixe gratuitamente: <a href=\"http:\/\/ayadvogados.com.br\/revista\/\">http:\/\/ayadvogados.com.br\/revista\/<\/a><\/p>\n","protected":false},"excerpt":{"rendered":"<p>A Receita Federal afirma ter publicado uma orienta\u00e7\u00e3o interna para suspender autua\u00e7\u00f5es que estejam relacionadas \u00e0 exclus\u00e3o do ICMS do c\u00e1lculo do PIS e da Cofins &#8211; a chamada &#8220;tese do s\u00e9culo&#8221;. Frederico Faber, subsecret\u00e1rio de Arrecada\u00e7\u00e3o e Cobran\u00e7a, diz que o \u00f3rg\u00e3o aguarda a publica\u00e7\u00e3o do ac\u00f3rd\u00e3o do Supremo Tribunal Federal (STF) para revisar [&hellip;]<\/p>\n","protected":false},"author":2,"featured_media":1377,"comment_status":"open","ping_status":"open","sticky":false,"template":"","format":"standard","meta":{"footnotes":""},"categories":[1],"tags":[9,67],"class_list":["post-1376","post","type-post","status-publish","format-standard","has-post-thumbnail","hentry","category-noticia-do-dia","tag-amaral-yazbek","tag-noticia-do-dia-2"],"blocksy_meta":{"styles_descriptor":{"styles":{"desktop":"","tablet":"","mobile":""},"google_fonts":[],"version":6}},"yoast_head":"<!-- This site is optimized with the Yoast SEO plugin v27.5 - https:\/\/yoast.com\/product\/yoast-seo-wordpress\/ -->\n<title>Receita diz que suspendeu autua\u00e7\u00f5es sobre a \u201ctese do s\u00e9culo\u201d - Amaral, Yazbek Advogados<\/title>\n<meta name=\"robots\" content=\"index, follow, max-snippet:-1, max-image-preview:large, max-video-preview:-1\" \/>\n<link rel=\"canonical\" href=\"https:\/\/www.ayadvogados.com.br\/?p=1376\" \/>\n<meta property=\"og:locale\" content=\"pt_BR\" \/>\n<meta property=\"og:type\" content=\"article\" \/>\n<meta property=\"og:title\" content=\"Receita diz que suspendeu autua\u00e7\u00f5es sobre a \u201ctese do s\u00e9culo\u201d - Amaral, Yazbek Advogados\" \/>\n<meta property=\"og:description\" content=\"A Receita Federal afirma ter publicado uma orienta\u00e7\u00e3o interna para suspender autua\u00e7\u00f5es que estejam relacionadas \u00e0 exclus\u00e3o do ICMS do c\u00e1lculo do PIS e da Cofins &#8211; a chamada &#8220;tese do s\u00e9culo&#8221;. Frederico Faber, subsecret\u00e1rio de Arrecada\u00e7\u00e3o e Cobran\u00e7a, diz que o \u00f3rg\u00e3o aguarda a publica\u00e7\u00e3o do ac\u00f3rd\u00e3o do Supremo Tribunal Federal (STF) para revisar [&hellip;]\" \/>\n<meta property=\"og:url\" content=\"https:\/\/www.ayadvogados.com.br\/?p=1376\" \/>\n<meta property=\"og:site_name\" content=\"Amaral, Yazbek Advogados\" \/>\n<meta property=\"article:publisher\" content=\"https:\/\/www.facebook.com\/AYadvogados\" \/>\n<meta property=\"article:published_time\" content=\"2021-07-30T20:11:50+00:00\" \/>\n<meta property=\"og:image\" content=\"https:\/\/www.ayadvogados.com.br\/wp-content\/uploads\/2021\/07\/Blog-16.png\" \/>\n\t<meta property=\"og:image:width\" content=\"1000\" \/>\n\t<meta property=\"og:image:height\" content=\"620\" \/>\n\t<meta property=\"og:image:type\" content=\"image\/png\" \/>\n<meta name=\"author\" content=\"AY Advogados\" \/>\n<meta name=\"twitter:card\" content=\"summary_large_image\" \/>\n<meta name=\"twitter:label1\" content=\"Escrito por\" \/>\n\t<meta name=\"twitter:data1\" content=\"AY Advogados\" \/>\n\t<meta name=\"twitter:label2\" content=\"Est. tempo de leitura\" \/>\n\t<meta name=\"twitter:data2\" content=\"4 minutos\" \/>\n<script type=\"application\/ld+json\" class=\"yoast-schema-graph\">{\"@context\":\"https:\\\/\\\/schema.org\",\"@graph\":[{\"@type\":\"Article\",\"@id\":\"https:\\\/\\\/www.ayadvogados.com.br\\\/?p=1376#article\",\"isPartOf\":{\"@id\":\"https:\\\/\\\/www.ayadvogados.com.br\\\/?p=1376\"},\"author\":{\"name\":\"AY Advogados\",\"@id\":\"https:\\\/\\\/www.ayadvogados.com.br\\\/#\\\/schema\\\/person\\\/4abfbf03ad3e577e691d333af064a912\"},\"headline\":\"Receita diz que suspendeu autua\u00e7\u00f5es sobre a \u201ctese do s\u00e9culo\u201d\",\"datePublished\":\"2021-07-30T20:11:50+00:00\",\"mainEntityOfPage\":{\"@id\":\"https:\\\/\\\/www.ayadvogados.com.br\\\/?p=1376\"},\"wordCount\":727,\"commentCount\":0,\"publisher\":{\"@id\":\"https:\\\/\\\/www.ayadvogados.com.br\\\/#organization\"},\"image\":{\"@id\":\"https:\\\/\\\/www.ayadvogados.com.br\\\/?p=1376#primaryimage\"},\"thumbnailUrl\":\"https:\\\/\\\/www.ayadvogados.com.br\\\/wp-content\\\/uploads\\\/2021\\\/07\\\/Blog-16.png\",\"keywords\":[\"amaral yazbek\",\"not\u00edcia do dia\"],\"articleSection\":[\"Not\u00edcia do Dia\"],\"inLanguage\":\"pt-BR\",\"potentialAction\":[{\"@type\":\"CommentAction\",\"name\":\"Comment\",\"target\":[\"https:\\\/\\\/www.ayadvogados.com.br\\\/?p=1376#respond\"]}]},{\"@type\":\"WebPage\",\"@id\":\"https:\\\/\\\/www.ayadvogados.com.br\\\/?p=1376\",\"url\":\"https:\\\/\\\/www.ayadvogados.com.br\\\/?p=1376\",\"name\":\"Receita diz que suspendeu autua\u00e7\u00f5es sobre a \u201ctese do s\u00e9culo\u201d - Amaral, Yazbek Advogados\",\"isPartOf\":{\"@id\":\"https:\\\/\\\/www.ayadvogados.com.br\\\/#website\"},\"primaryImageOfPage\":{\"@id\":\"https:\\\/\\\/www.ayadvogados.com.br\\\/?p=1376#primaryimage\"},\"image\":{\"@id\":\"https:\\\/\\\/www.ayadvogados.com.br\\\/?p=1376#primaryimage\"},\"thumbnailUrl\":\"https:\\\/\\\/www.ayadvogados.com.br\\\/wp-content\\\/uploads\\\/2021\\\/07\\\/Blog-16.png\",\"datePublished\":\"2021-07-30T20:11:50+00:00\",\"breadcrumb\":{\"@id\":\"https:\\\/\\\/www.ayadvogados.com.br\\\/?p=1376#breadcrumb\"},\"inLanguage\":\"pt-BR\",\"potentialAction\":[{\"@type\":\"ReadAction\",\"target\":[\"https:\\\/\\\/www.ayadvogados.com.br\\\/?p=1376\"]}]},{\"@type\":\"ImageObject\",\"inLanguage\":\"pt-BR\",\"@id\":\"https:\\\/\\\/www.ayadvogados.com.br\\\/?p=1376#primaryimage\",\"url\":\"https:\\\/\\\/www.ayadvogados.com.br\\\/wp-content\\\/uploads\\\/2021\\\/07\\\/Blog-16.png\",\"contentUrl\":\"https:\\\/\\\/www.ayadvogados.com.br\\\/wp-content\\\/uploads\\\/2021\\\/07\\\/Blog-16.png\",\"width\":1000,\"height\":620},{\"@type\":\"BreadcrumbList\",\"@id\":\"https:\\\/\\\/www.ayadvogados.com.br\\\/?p=1376#breadcrumb\",\"itemListElement\":[{\"@type\":\"ListItem\",\"position\":1,\"name\":\"In\u00edcio\",\"item\":\"https:\\\/\\\/www.ayadvogados.com.br\\\/\"},{\"@type\":\"ListItem\",\"position\":2,\"name\":\"Receita diz que suspendeu autua\u00e7\u00f5es sobre a \u201ctese do s\u00e9culo\u201d\"}]},{\"@type\":\"WebSite\",\"@id\":\"https:\\\/\\\/www.ayadvogados.com.br\\\/#website\",\"url\":\"https:\\\/\\\/www.ayadvogados.com.br\\\/\",\"name\":\"Amaral, Yazbek Advogados\",\"description\":\"Curitiba \u2022 Bras\u00edlia \u2022 S\u00e3o Paulo\",\"publisher\":{\"@id\":\"https:\\\/\\\/www.ayadvogados.com.br\\\/#organization\"},\"potentialAction\":[{\"@type\":\"SearchAction\",\"target\":{\"@type\":\"EntryPoint\",\"urlTemplate\":\"https:\\\/\\\/www.ayadvogados.com.br\\\/?s={search_term_string}\"},\"query-input\":{\"@type\":\"PropertyValueSpecification\",\"valueRequired\":true,\"valueName\":\"search_term_string\"}}],\"inLanguage\":\"pt-BR\"},{\"@type\":\"Organization\",\"@id\":\"https:\\\/\\\/www.ayadvogados.com.br\\\/#organization\",\"name\":\"Amaral, Yazbek Advogados\",\"url\":\"https:\\\/\\\/www.ayadvogados.com.br\\\/\",\"logo\":{\"@type\":\"ImageObject\",\"inLanguage\":\"pt-BR\",\"@id\":\"https:\\\/\\\/www.ayadvogados.com.br\\\/#\\\/schema\\\/logo\\\/image\\\/\",\"url\":\"http:\\\/\\\/34.239.117.254\\\/wp-content\\\/uploads\\\/2021\\\/03\\\/logo-ay-g.png\",\"contentUrl\":\"http:\\\/\\\/34.239.117.254\\\/wp-content\\\/uploads\\\/2021\\\/03\\\/logo-ay-g.png\",\"width\":434,\"height\":106,\"caption\":\"Amaral, Yazbek Advogados\"},\"image\":{\"@id\":\"https:\\\/\\\/www.ayadvogados.com.br\\\/#\\\/schema\\\/logo\\\/image\\\/\"},\"sameAs\":[\"https:\\\/\\\/www.facebook.com\\\/AYadvogados\",\"https:\\\/\\\/www.instagram.com\\\/ayadvogados\\\/\"]},{\"@type\":\"Person\",\"@id\":\"https:\\\/\\\/www.ayadvogados.com.br\\\/#\\\/schema\\\/person\\\/4abfbf03ad3e577e691d333af064a912\",\"name\":\"AY Advogados\",\"image\":{\"@type\":\"ImageObject\",\"inLanguage\":\"pt-BR\",\"@id\":\"https:\\\/\\\/secure.gravatar.com\\\/avatar\\\/1473912b851241f5503026e6156e144dcd83ff7addb67f65e1ed9ca21ee1d9cf?s=96&d=mm&r=g\",\"url\":\"https:\\\/\\\/secure.gravatar.com\\\/avatar\\\/1473912b851241f5503026e6156e144dcd83ff7addb67f65e1ed9ca21ee1d9cf?s=96&d=mm&r=g\",\"contentUrl\":\"https:\\\/\\\/secure.gravatar.com\\\/avatar\\\/1473912b851241f5503026e6156e144dcd83ff7addb67f65e1ed9ca21ee1d9cf?s=96&d=mm&r=g\",\"caption\":\"AY Advogados\"},\"sameAs\":[\"https:\\\/\\\/ayadvogados.com.br\"],\"url\":\"https:\\\/\\\/www.ayadvogados.com.br\\\/?author=2\"}]}<\/script>\n<!-- \/ Yoast SEO plugin. -->","yoast_head_json":{"title":"Receita diz que suspendeu autua\u00e7\u00f5es sobre a \u201ctese do s\u00e9culo\u201d - Amaral, Yazbek Advogados","robots":{"index":"index","follow":"follow","max-snippet":"max-snippet:-1","max-image-preview":"max-image-preview:large","max-video-preview":"max-video-preview:-1"},"canonical":"https:\/\/www.ayadvogados.com.br\/?p=1376","og_locale":"pt_BR","og_type":"article","og_title":"Receita diz que suspendeu autua\u00e7\u00f5es sobre a \u201ctese do s\u00e9culo\u201d - Amaral, Yazbek Advogados","og_description":"A Receita Federal afirma ter publicado uma orienta\u00e7\u00e3o interna para suspender autua\u00e7\u00f5es que estejam relacionadas \u00e0 exclus\u00e3o do ICMS do c\u00e1lculo do PIS e da Cofins &#8211; a chamada &#8220;tese do s\u00e9culo&#8221;. Frederico Faber, subsecret\u00e1rio de Arrecada\u00e7\u00e3o e Cobran\u00e7a, diz que o \u00f3rg\u00e3o aguarda a publica\u00e7\u00e3o do ac\u00f3rd\u00e3o do Supremo Tribunal Federal (STF) para revisar [&hellip;]","og_url":"https:\/\/www.ayadvogados.com.br\/?p=1376","og_site_name":"Amaral, Yazbek Advogados","article_publisher":"https:\/\/www.facebook.com\/AYadvogados","article_published_time":"2021-07-30T20:11:50+00:00","og_image":[{"width":1000,"height":620,"url":"https:\/\/www.ayadvogados.com.br\/wp-content\/uploads\/2021\/07\/Blog-16.png","type":"image\/png"}],"author":"AY Advogados","twitter_card":"summary_large_image","twitter_misc":{"Escrito por":"AY Advogados","Est. tempo de leitura":"4 minutos"},"schema":{"@context":"https:\/\/schema.org","@graph":[{"@type":"Article","@id":"https:\/\/www.ayadvogados.com.br\/?p=1376#article","isPartOf":{"@id":"https:\/\/www.ayadvogados.com.br\/?p=1376"},"author":{"name":"AY Advogados","@id":"https:\/\/www.ayadvogados.com.br\/#\/schema\/person\/4abfbf03ad3e577e691d333af064a912"},"headline":"Receita diz que suspendeu autua\u00e7\u00f5es sobre a \u201ctese do s\u00e9culo\u201d","datePublished":"2021-07-30T20:11:50+00:00","mainEntityOfPage":{"@id":"https:\/\/www.ayadvogados.com.br\/?p=1376"},"wordCount":727,"commentCount":0,"publisher":{"@id":"https:\/\/www.ayadvogados.com.br\/#organization"},"image":{"@id":"https:\/\/www.ayadvogados.com.br\/?p=1376#primaryimage"},"thumbnailUrl":"https:\/\/www.ayadvogados.com.br\/wp-content\/uploads\/2021\/07\/Blog-16.png","keywords":["amaral yazbek","not\u00edcia do dia"],"articleSection":["Not\u00edcia do Dia"],"inLanguage":"pt-BR","potentialAction":[{"@type":"CommentAction","name":"Comment","target":["https:\/\/www.ayadvogados.com.br\/?p=1376#respond"]}]},{"@type":"WebPage","@id":"https:\/\/www.ayadvogados.com.br\/?p=1376","url":"https:\/\/www.ayadvogados.com.br\/?p=1376","name":"Receita diz que suspendeu autua\u00e7\u00f5es sobre a \u201ctese do s\u00e9culo\u201d - Amaral, Yazbek Advogados","isPartOf":{"@id":"https:\/\/www.ayadvogados.com.br\/#website"},"primaryImageOfPage":{"@id":"https:\/\/www.ayadvogados.com.br\/?p=1376#primaryimage"},"image":{"@id":"https:\/\/www.ayadvogados.com.br\/?p=1376#primaryimage"},"thumbnailUrl":"https:\/\/www.ayadvogados.com.br\/wp-content\/uploads\/2021\/07\/Blog-16.png","datePublished":"2021-07-30T20:11:50+00:00","breadcrumb":{"@id":"https:\/\/www.ayadvogados.com.br\/?p=1376#breadcrumb"},"inLanguage":"pt-BR","potentialAction":[{"@type":"ReadAction","target":["https:\/\/www.ayadvogados.com.br\/?p=1376"]}]},{"@type":"ImageObject","inLanguage":"pt-BR","@id":"https:\/\/www.ayadvogados.com.br\/?p=1376#primaryimage","url":"https:\/\/www.ayadvogados.com.br\/wp-content\/uploads\/2021\/07\/Blog-16.png","contentUrl":"https:\/\/www.ayadvogados.com.br\/wp-content\/uploads\/2021\/07\/Blog-16.png","width":1000,"height":620},{"@type":"BreadcrumbList","@id":"https:\/\/www.ayadvogados.com.br\/?p=1376#breadcrumb","itemListElement":[{"@type":"ListItem","position":1,"name":"In\u00edcio","item":"https:\/\/www.ayadvogados.com.br\/"},{"@type":"ListItem","position":2,"name":"Receita diz que suspendeu autua\u00e7\u00f5es sobre a \u201ctese do s\u00e9culo\u201d"}]},{"@type":"WebSite","@id":"https:\/\/www.ayadvogados.com.br\/#website","url":"https:\/\/www.ayadvogados.com.br\/","name":"Amaral, Yazbek Advogados","description":"Curitiba \u2022 Bras\u00edlia \u2022 S\u00e3o Paulo","publisher":{"@id":"https:\/\/www.ayadvogados.com.br\/#organization"},"potentialAction":[{"@type":"SearchAction","target":{"@type":"EntryPoint","urlTemplate":"https:\/\/www.ayadvogados.com.br\/?s={search_term_string}"},"query-input":{"@type":"PropertyValueSpecification","valueRequired":true,"valueName":"search_term_string"}}],"inLanguage":"pt-BR"},{"@type":"Organization","@id":"https:\/\/www.ayadvogados.com.br\/#organization","name":"Amaral, Yazbek Advogados","url":"https:\/\/www.ayadvogados.com.br\/","logo":{"@type":"ImageObject","inLanguage":"pt-BR","@id":"https:\/\/www.ayadvogados.com.br\/#\/schema\/logo\/image\/","url":"http:\/\/34.239.117.254\/wp-content\/uploads\/2021\/03\/logo-ay-g.png","contentUrl":"http:\/\/34.239.117.254\/wp-content\/uploads\/2021\/03\/logo-ay-g.png","width":434,"height":106,"caption":"Amaral, Yazbek Advogados"},"image":{"@id":"https:\/\/www.ayadvogados.com.br\/#\/schema\/logo\/image\/"},"sameAs":["https:\/\/www.facebook.com\/AYadvogados","https:\/\/www.instagram.com\/ayadvogados\/"]},{"@type":"Person","@id":"https:\/\/www.ayadvogados.com.br\/#\/schema\/person\/4abfbf03ad3e577e691d333af064a912","name":"AY Advogados","image":{"@type":"ImageObject","inLanguage":"pt-BR","@id":"https:\/\/secure.gravatar.com\/avatar\/1473912b851241f5503026e6156e144dcd83ff7addb67f65e1ed9ca21ee1d9cf?s=96&d=mm&r=g","url":"https:\/\/secure.gravatar.com\/avatar\/1473912b851241f5503026e6156e144dcd83ff7addb67f65e1ed9ca21ee1d9cf?s=96&d=mm&r=g","contentUrl":"https:\/\/secure.gravatar.com\/avatar\/1473912b851241f5503026e6156e144dcd83ff7addb67f65e1ed9ca21ee1d9cf?s=96&d=mm&r=g","caption":"AY Advogados"},"sameAs":["https:\/\/ayadvogados.com.br"],"url":"https:\/\/www.ayadvogados.com.br\/?author=2"}]}},"rttpg_featured_image_url":{"full":["https:\/\/www.ayadvogados.com.br\/wp-content\/uploads\/2021\/07\/Blog-16.png",1000,620,false],"landscape":["https:\/\/www.ayadvogados.com.br\/wp-content\/uploads\/2021\/07\/Blog-16.png",1000,620,false],"portraits":["https:\/\/www.ayadvogados.com.br\/wp-content\/uploads\/2021\/07\/Blog-16.png",1000,620,false],"thumbnail":["https:\/\/www.ayadvogados.com.br\/wp-content\/uploads\/2021\/07\/Blog-16-150x150.png",150,150,true],"medium":["https:\/\/www.ayadvogados.com.br\/wp-content\/uploads\/2021\/07\/Blog-16-300x186.png",300,186,true],"large":["https:\/\/www.ayadvogados.com.br\/wp-content\/uploads\/2021\/07\/Blog-16.png",1000,620,false],"1536x1536":["https:\/\/www.ayadvogados.com.br\/wp-content\/uploads\/2021\/07\/Blog-16.png",1000,620,false],"2048x2048":["https:\/\/www.ayadvogados.com.br\/wp-content\/uploads\/2021\/07\/Blog-16.png",1000,620,false]},"rttpg_author":{"display_name":"AY Advogados","author_link":"https:\/\/www.ayadvogados.com.br\/?author=2"},"rttpg_comment":0,"rttpg_category":"<a href=\"https:\/\/www.ayadvogados.com.br\/?cat=1\" rel=\"category\">Not\u00edcia do Dia<\/a>","rttpg_excerpt":"A Receita Federal afirma ter publicado uma orienta\u00e7\u00e3o interna para suspender autua\u00e7\u00f5es que estejam relacionadas \u00e0 exclus\u00e3o do ICMS do c\u00e1lculo do PIS e da Cofins &#8211; a chamada &#8220;tese do s\u00e9culo&#8221;. Frederico Faber, subsecret\u00e1rio de Arrecada\u00e7\u00e3o e Cobran\u00e7a, diz que o \u00f3rg\u00e3o aguarda a publica\u00e7\u00e3o do ac\u00f3rd\u00e3o do Supremo Tribunal Federal (STF) para revisar&hellip;","_links":{"self":[{"href":"https:\/\/www.ayadvogados.com.br\/index.php?rest_route=\/wp\/v2\/posts\/1376","targetHints":{"allow":["GET"]}}],"collection":[{"href":"https:\/\/www.ayadvogados.com.br\/index.php?rest_route=\/wp\/v2\/posts"}],"about":[{"href":"https:\/\/www.ayadvogados.com.br\/index.php?rest_route=\/wp\/v2\/types\/post"}],"author":[{"embeddable":true,"href":"https:\/\/www.ayadvogados.com.br\/index.php?rest_route=\/wp\/v2\/users\/2"}],"replies":[{"embeddable":true,"href":"https:\/\/www.ayadvogados.com.br\/index.php?rest_route=%2Fwp%2Fv2%2Fcomments&post=1376"}],"version-history":[{"count":1,"href":"https:\/\/www.ayadvogados.com.br\/index.php?rest_route=\/wp\/v2\/posts\/1376\/revisions"}],"predecessor-version":[{"id":1378,"href":"https:\/\/www.ayadvogados.com.br\/index.php?rest_route=\/wp\/v2\/posts\/1376\/revisions\/1378"}],"wp:featuredmedia":[{"embeddable":true,"href":"https:\/\/www.ayadvogados.com.br\/index.php?rest_route=\/wp\/v2\/media\/1377"}],"wp:attachment":[{"href":"https:\/\/www.ayadvogados.com.br\/index.php?rest_route=%2Fwp%2Fv2%2Fmedia&parent=1376"}],"wp:term":[{"taxonomy":"category","embeddable":true,"href":"https:\/\/www.ayadvogados.com.br\/index.php?rest_route=%2Fwp%2Fv2%2Fcategories&post=1376"},{"taxonomy":"post_tag","embeddable":true,"href":"https:\/\/www.ayadvogados.com.br\/index.php?rest_route=%2Fwp%2Fv2%2Ftags&post=1376"}],"curies":[{"name":"wp","href":"https:\/\/api.w.org\/{rel}","templated":true}]}}