{"id":1372,"date":"2021-07-29T17:21:11","date_gmt":"2021-07-29T20:21:11","guid":{"rendered":"http:\/\/34.239.117.254\/?p=1372"},"modified":"2021-07-29T17:25:04","modified_gmt":"2021-07-29T20:25:04","slug":"receita-reduz-valorde-creditosde-pis-e-cofins-sobre-insumos","status":"publish","type":"post","link":"https:\/\/www.ayadvogados.com.br\/?p=1372","title":{"rendered":"Receita reduz valor de cr\u00e9ditos de PIS e Cofins sobre insumos."},"content":{"rendered":"\n<p><\/p>\n\n\n\n<p>Agora, a Receita est\u00e1 afirmando que, pela l\u00f3gica, a parcela do ICMS que consta nas notas de entrada, ou seja, na tomada de cr\u00e9dito, tamb\u00e9m n\u00e3o poderia ser contabilizada. \u201cTomando cr\u00e9dito menor, obviamente, vai ter um d\u00e9bito de PIS e Cofins maior\u201d, diz Leo Lopes, s\u00f3cio do FAS Advogados.&nbsp;<\/p>\n\n\n\n<p>Ele cita como exemplo uma fabricante de cal\u00e7ados que gasta R$ 100 com a compra de couro ou tecido para confeccionar sapatos. Na apura\u00e7\u00e3o do PIS e da Cofins, ela obt\u00e9m um cr\u00e9dito de 9,25% com a aquisi\u00e7\u00e3o desse insumo. O Fisco est\u00e1 dizendo, agora, que se dentro desses R$ 100 de despesa, R$ 20 s\u00e3o de ICMS, a companhia s\u00f3 poderia utilizar R$ 80 na base das contribui\u00e7\u00f5es.&nbsp;<\/p>\n\n\n\n<p>O acumulado dessa diferen\u00e7a de R$ 20, seguindo esse exemplo, \u00e9 o que est\u00e1 sendo exigido dos contribuintes. Uma das cobran\u00e7as a que o Valor teve acesso diz que se na decis\u00e3o judicial que beneficia a empresa n\u00e3o constar expressamente a forma de c\u00e1lculo a ser adotada, a Receita Federal deve utilizar a sistem\u00e1tica que leva em conta a retirada do imposto na sa\u00edda, como decidiu o STF, e tamb\u00e9m na entrada, a etapa que gera cr\u00e9dito ao contribuinte.&nbsp;<\/p>\n\n\n\n<p>\u201cA Receita tenta criar uma regra de paralelismo [com a decis\u00e3o do STF] que n\u00e3o faz sentido&#8221;, afirma Rubens de Souza, do WFaria Advogados, acrescentando que esse movimento deve gerar novas disputas judiciais. \u201cA tomada de cr\u00e9dito \u00e9 feita com base no que a legisla\u00e7\u00e3o permite, e n\u00e3o sobre o que vem de carga da etapa anterior.\u201d&nbsp;<\/p>\n\n\n\n<p>Outra empresa tamb\u00e9m autuada pela Receita Federal est\u00e1 sendo representada pelo advogado Diego Miguita, do VBSO Advogados. O comportamento do Fisco soa como \u201cum revanchismo\u201d, afirma, mas n\u00e3o causa surpresa. Segundo o advogado, a Receita passou o recado de que essas autua\u00e7\u00f5es poderiam ocorrer no ano de 2019, ao publicar a Instru\u00e7\u00e3o Normativa (IN) n\u00ba 1911.&nbsp;<\/p>\n\n\n\n<p>\u201cEssa norma regulamenta a apura\u00e7\u00e3o do PIS e da Cofins. Com a publica\u00e7\u00e3o, foi revogada uma instru\u00e7\u00e3o normativa anterior, a de n\u00ba 404, de 2004, em que constava, de forma expressa, a possibilidade de cr\u00e9dito sobre a parcela do ICMS. A norma de 2019 suprimiu esse trecho do texto.&nbsp;<\/p>\n\n\n\n<p>\u201cFicou num limbo e o mercado percebeu, nas entrelinhas, que a Receita estava se movimentando para descontar o ICMS destacado na nota de entrada. S\u00f3 que n\u00e3o h\u00e1 base legal. E, mesmo que houvesse, a Receita n\u00e3o poderia exigir valores n\u00e3o recolhidos antes da data de publica\u00e7\u00e3o desta IN, j\u00e1 que a orienta\u00e7\u00e3o era outra, permitindo a tomada de cr\u00e9ditos\u201d, acrescenta Miguita.&nbsp;<\/p>\n\n\n\n<p>A percep\u00e7\u00e3o dos advogados \u00e9 de que a Receita segurou essas autua\u00e7\u00f5es at\u00e9 ter a certeza, no julgamento do STF, sobre qual ICMS deve ser retirado do PIS e da Cofins. A Uni\u00e3o defendia o imposto efetivamente recolhido. Prevaleceu na decis\u00e3o, no entanto, o ICMS que consta na nota fiscal &#8211; geralmente maior. \u201cA Receita certamente deixaria essa quest\u00e3o dos cr\u00e9ditos de lado se tivesse vencido no Supremo\u201d diz o advogado Luca Salvoni, do escrit\u00f3rio Cascione. Ele v\u00ea a discuss\u00e3o sobre o ICMS recolhido e as autua\u00e7\u00f5es que est\u00e3o sendo vistas agora como \u201ccaminhos diferentes para chegar a um mesmo resultado matem\u00e1tico\u201d.<\/p>\n\n\n\n<p>Fonte: <a href=\"https:\/\/valor.globo.com\/legislacao\/noticia\/2021\/07\/29\/receita-reduz-valor-de-creditos-de-pis-e-cofins-sobre-insumos.ghtml\">Valor<\/a><\/p>\n\n\n\n<p>Quer estar sempre por dentro de assuntos relevantes e mat\u00e9rias exclusivas que comp\u00f5em o cen\u00e1rio tribut\u00e1rio e jur\u00eddico?<\/p>\n\n\n\n<p>Ou\u00e7a o DIN Cast, o podcast voltado para o mundo dos neg\u00f3cios que vai ajudar sua empresa a se tornar l\u00edder de mercado atrav\u00e9s da intelig\u00eancia de neg\u00f3cios<\/p>\n\n\n\n<p>Acesse nosso blog e confira:<\/p>\n\n\n\n<p>\ud83d\udc49http:\/\/ayadvogados.com.br\/category\/dincast\/<\/p>\n\n\n\n<p>Quer estar sempre atualizado sobre as novidades no setor tribut\u00e1rio?&nbsp;<\/p>\n\n\n\n<p>Siga a Amaral, Yazbek nas redes sociais:<\/p>\n\n\n\n<p>\ud83d\udc49Facebook:<a href=\"https:\/\/www.youtube.com\/redirect?event=video_description&amp;redir_token=QUFFLUhqbF9kQmhFdmNsbVNjRlRQTkhQSWhVWGdORWZ1QXxBQ3Jtc0tucW0ydjVzSGJpbFRyb1RZY3hKeFBGYzFob1VWYUtzUzF5OGJxZl9TelJUNGI4OG9odEtsTUlSUWRUeHdYR2ZuaFBRNTh4OEdMU1FoLXlOV1d5WVJhNGdZRlNkR2JtdUJCaVlEblphZjVMUjJ6b3B2cw&amp;q=https%3A%2F%2Fwww.facebook.com%2FAYadvogados\"> https:\/\/www.facebook.com\/AYadvogados\u200b<\/a><\/p>\n\n\n\n<p>\ud83d\udc49Instagram:<a href=\"https:\/\/www.youtube.com\/redirect?event=video_description&amp;redir_token=QUFFLUhqa3NISmpmWEd2R1k5VllqTWlGS283d052bTQxZ3xBQ3Jtc0tuV0VvTnlObjJKS0lBNmtILXpOaFMzcU1VSERNMXJWN1hnQWloOGIyVXp5ZzZPYVJqREpvcXJTcVd1RFJ5ZzRBMEVsLURab1U0R1ZWVHplYlN3b2FKcWdnVGVySjAwR2M0TTVnM2xrQkxHNlM5YXEwNA&amp;q=https%3A%2F%2Fwww.instagram.com%2Famaral.yazbek\"> https:\/\/www.instagram.com\/ayadvogados<\/a><\/p>\n\n\n\n<p>\ud83d\udc49Linkedin: <a href=\"http:\/\/www.linkedin.com\/company\/amaral-yazbek-advogados\/\">https:\/\/www.linkedin.com\/company\/amaral-yazbek-advogados\/<\/a><\/p>\n\n\n\n<p>\ud83c\udf81 Queremos te oferecer um presente! Preparamos a 10\u00aa edi\u00e7\u00e3o da revista Governan\u00e7a Jur\u00eddica dando dicas de ordem tribut\u00e1ria para que os empres\u00e1rios, independentemente do porte do seu neg\u00f3cio, possam reduzir os seus custos no per\u00edodo dif\u00edcil em que estamos vivendo.&nbsp;<\/p>\n\n\n\n<p>\ud83d\udc49Baixe gratuitamente: <a href=\"http:\/\/ayadvogados.com.br\/revista\/\">http:\/\/ayadvogados.com.br\/revista\/<\/a><\/p>\n\n\n\n<p><\/p>\n\n\n\n<p><\/p>\n\n\n\n<p><\/p>\n\n\n\n<p><\/p>\n\n\n\n<p><\/p>\n\n\n\n<p><\/p>\n","protected":false},"excerpt":{"rendered":"<p>Agora, a Receita est\u00e1 afirmando que, pela l\u00f3gica, a parcela do ICMS que consta nas notas de entrada, ou seja, na tomada de cr\u00e9dito, tamb\u00e9m n\u00e3o poderia ser contabilizada. \u201cTomando cr\u00e9dito menor, obviamente, vai ter um d\u00e9bito de PIS e Cofins maior\u201d, diz Leo Lopes, s\u00f3cio do FAS Advogados.&nbsp; Ele cita como exemplo uma fabricante [&hellip;]<\/p>\n","protected":false},"author":2,"featured_media":1373,"comment_status":"open","ping_status":"open","sticky":false,"template":"","format":"standard","meta":{"footnotes":""},"categories":[1],"tags":[],"class_list":["post-1372","post","type-post","status-publish","format-standard","has-post-thumbnail","hentry","category-noticia-do-dia"],"blocksy_meta":{"styles_descriptor":{"styles":{"desktop":"","tablet":"","mobile":""},"google_fonts":[],"version":6}},"yoast_head":"<!-- This site is optimized with the Yoast SEO plugin v27.5 - https:\/\/yoast.com\/product\/yoast-seo-wordpress\/ -->\n<title>Receita reduz valor de cr\u00e9ditos de PIS e Cofins sobre insumos. - Amaral, Yazbek Advogados<\/title>\n<meta name=\"robots\" content=\"index, follow, max-snippet:-1, max-image-preview:large, max-video-preview:-1\" \/>\n<link rel=\"canonical\" href=\"https:\/\/www.ayadvogados.com.br\/?p=1372\" \/>\n<meta property=\"og:locale\" content=\"pt_BR\" \/>\n<meta property=\"og:type\" content=\"article\" \/>\n<meta property=\"og:title\" content=\"Receita reduz valor de cr\u00e9ditos de PIS e Cofins sobre insumos. - Amaral, Yazbek Advogados\" \/>\n<meta property=\"og:description\" content=\"Agora, a Receita est\u00e1 afirmando que, pela l\u00f3gica, a parcela do ICMS que consta nas notas de entrada, ou seja, na tomada de cr\u00e9dito, tamb\u00e9m n\u00e3o poderia ser contabilizada. \u201cTomando cr\u00e9dito menor, obviamente, vai ter um d\u00e9bito de PIS e Cofins maior\u201d, diz Leo Lopes, s\u00f3cio do FAS Advogados.&nbsp; Ele cita como exemplo uma fabricante [&hellip;]\" \/>\n<meta property=\"og:url\" content=\"https:\/\/www.ayadvogados.com.br\/?p=1372\" \/>\n<meta property=\"og:site_name\" content=\"Amaral, Yazbek Advogados\" \/>\n<meta property=\"article:publisher\" content=\"https:\/\/www.facebook.com\/AYadvogados\" \/>\n<meta property=\"article:published_time\" content=\"2021-07-29T20:21:11+00:00\" \/>\n<meta property=\"article:modified_time\" content=\"2021-07-29T20:25:04+00:00\" \/>\n<meta property=\"og:image\" content=\"https:\/\/www.ayadvogados.com.br\/wp-content\/uploads\/2021\/07\/Feed-1.png\" \/>\n\t<meta property=\"og:image:width\" content=\"1080\" \/>\n\t<meta property=\"og:image:height\" content=\"1080\" \/>\n\t<meta property=\"og:image:type\" content=\"image\/png\" \/>\n<meta name=\"author\" content=\"AY Advogados\" \/>\n<meta name=\"twitter:card\" content=\"summary_large_image\" \/>\n<meta name=\"twitter:label1\" content=\"Escrito por\" \/>\n\t<meta name=\"twitter:data1\" content=\"AY Advogados\" \/>\n\t<meta name=\"twitter:label2\" content=\"Est. tempo de leitura\" \/>\n\t<meta name=\"twitter:data2\" content=\"4 minutos\" \/>\n<script type=\"application\/ld+json\" class=\"yoast-schema-graph\">{\"@context\":\"https:\\\/\\\/schema.org\",\"@graph\":[{\"@type\":\"Article\",\"@id\":\"https:\\\/\\\/www.ayadvogados.com.br\\\/?p=1372#article\",\"isPartOf\":{\"@id\":\"https:\\\/\\\/www.ayadvogados.com.br\\\/?p=1372\"},\"author\":{\"name\":\"AY Advogados\",\"@id\":\"https:\\\/\\\/www.ayadvogados.com.br\\\/#\\\/schema\\\/person\\\/4abfbf03ad3e577e691d333af064a912\"},\"headline\":\"Receita reduz valor de cr\u00e9ditos de PIS e Cofins sobre insumos.\",\"datePublished\":\"2021-07-29T20:21:11+00:00\",\"dateModified\":\"2021-07-29T20:25:04+00:00\",\"mainEntityOfPage\":{\"@id\":\"https:\\\/\\\/www.ayadvogados.com.br\\\/?p=1372\"},\"wordCount\":744,\"commentCount\":0,\"publisher\":{\"@id\":\"https:\\\/\\\/www.ayadvogados.com.br\\\/#organization\"},\"image\":{\"@id\":\"https:\\\/\\\/www.ayadvogados.com.br\\\/?p=1372#primaryimage\"},\"thumbnailUrl\":\"https:\\\/\\\/www.ayadvogados.com.br\\\/wp-content\\\/uploads\\\/2021\\\/07\\\/Feed-1.png\",\"articleSection\":[\"Not\u00edcia do Dia\"],\"inLanguage\":\"pt-BR\",\"potentialAction\":[{\"@type\":\"CommentAction\",\"name\":\"Comment\",\"target\":[\"https:\\\/\\\/www.ayadvogados.com.br\\\/?p=1372#respond\"]}]},{\"@type\":\"WebPage\",\"@id\":\"https:\\\/\\\/www.ayadvogados.com.br\\\/?p=1372\",\"url\":\"https:\\\/\\\/www.ayadvogados.com.br\\\/?p=1372\",\"name\":\"Receita reduz valor de cr\u00e9ditos de PIS e Cofins sobre insumos. - Amaral, Yazbek Advogados\",\"isPartOf\":{\"@id\":\"https:\\\/\\\/www.ayadvogados.com.br\\\/#website\"},\"primaryImageOfPage\":{\"@id\":\"https:\\\/\\\/www.ayadvogados.com.br\\\/?p=1372#primaryimage\"},\"image\":{\"@id\":\"https:\\\/\\\/www.ayadvogados.com.br\\\/?p=1372#primaryimage\"},\"thumbnailUrl\":\"https:\\\/\\\/www.ayadvogados.com.br\\\/wp-content\\\/uploads\\\/2021\\\/07\\\/Feed-1.png\",\"datePublished\":\"2021-07-29T20:21:11+00:00\",\"dateModified\":\"2021-07-29T20:25:04+00:00\",\"breadcrumb\":{\"@id\":\"https:\\\/\\\/www.ayadvogados.com.br\\\/?p=1372#breadcrumb\"},\"inLanguage\":\"pt-BR\",\"potentialAction\":[{\"@type\":\"ReadAction\",\"target\":[\"https:\\\/\\\/www.ayadvogados.com.br\\\/?p=1372\"]}]},{\"@type\":\"ImageObject\",\"inLanguage\":\"pt-BR\",\"@id\":\"https:\\\/\\\/www.ayadvogados.com.br\\\/?p=1372#primaryimage\",\"url\":\"https:\\\/\\\/www.ayadvogados.com.br\\\/wp-content\\\/uploads\\\/2021\\\/07\\\/Feed-1.png\",\"contentUrl\":\"https:\\\/\\\/www.ayadvogados.com.br\\\/wp-content\\\/uploads\\\/2021\\\/07\\\/Feed-1.png\",\"width\":1080,\"height\":1080},{\"@type\":\"BreadcrumbList\",\"@id\":\"https:\\\/\\\/www.ayadvogados.com.br\\\/?p=1372#breadcrumb\",\"itemListElement\":[{\"@type\":\"ListItem\",\"position\":1,\"name\":\"In\u00edcio\",\"item\":\"https:\\\/\\\/www.ayadvogados.com.br\\\/\"},{\"@type\":\"ListItem\",\"position\":2,\"name\":\"Receita reduz valor de cr\u00e9ditos de PIS e Cofins sobre insumos.\"}]},{\"@type\":\"WebSite\",\"@id\":\"https:\\\/\\\/www.ayadvogados.com.br\\\/#website\",\"url\":\"https:\\\/\\\/www.ayadvogados.com.br\\\/\",\"name\":\"Amaral, Yazbek Advogados\",\"description\":\"Curitiba \u2022 Bras\u00edlia \u2022 S\u00e3o Paulo\",\"publisher\":{\"@id\":\"https:\\\/\\\/www.ayadvogados.com.br\\\/#organization\"},\"potentialAction\":[{\"@type\":\"SearchAction\",\"target\":{\"@type\":\"EntryPoint\",\"urlTemplate\":\"https:\\\/\\\/www.ayadvogados.com.br\\\/?s={search_term_string}\"},\"query-input\":{\"@type\":\"PropertyValueSpecification\",\"valueRequired\":true,\"valueName\":\"search_term_string\"}}],\"inLanguage\":\"pt-BR\"},{\"@type\":\"Organization\",\"@id\":\"https:\\\/\\\/www.ayadvogados.com.br\\\/#organization\",\"name\":\"Amaral, Yazbek Advogados\",\"url\":\"https:\\\/\\\/www.ayadvogados.com.br\\\/\",\"logo\":{\"@type\":\"ImageObject\",\"inLanguage\":\"pt-BR\",\"@id\":\"https:\\\/\\\/www.ayadvogados.com.br\\\/#\\\/schema\\\/logo\\\/image\\\/\",\"url\":\"http:\\\/\\\/34.239.117.254\\\/wp-content\\\/uploads\\\/2021\\\/03\\\/logo-ay-g.png\",\"contentUrl\":\"http:\\\/\\\/34.239.117.254\\\/wp-content\\\/uploads\\\/2021\\\/03\\\/logo-ay-g.png\",\"width\":434,\"height\":106,\"caption\":\"Amaral, Yazbek Advogados\"},\"image\":{\"@id\":\"https:\\\/\\\/www.ayadvogados.com.br\\\/#\\\/schema\\\/logo\\\/image\\\/\"},\"sameAs\":[\"https:\\\/\\\/www.facebook.com\\\/AYadvogados\",\"https:\\\/\\\/www.instagram.com\\\/ayadvogados\\\/\"]},{\"@type\":\"Person\",\"@id\":\"https:\\\/\\\/www.ayadvogados.com.br\\\/#\\\/schema\\\/person\\\/4abfbf03ad3e577e691d333af064a912\",\"name\":\"AY Advogados\",\"image\":{\"@type\":\"ImageObject\",\"inLanguage\":\"pt-BR\",\"@id\":\"https:\\\/\\\/secure.gravatar.com\\\/avatar\\\/1473912b851241f5503026e6156e144dcd83ff7addb67f65e1ed9ca21ee1d9cf?s=96&d=mm&r=g\",\"url\":\"https:\\\/\\\/secure.gravatar.com\\\/avatar\\\/1473912b851241f5503026e6156e144dcd83ff7addb67f65e1ed9ca21ee1d9cf?s=96&d=mm&r=g\",\"contentUrl\":\"https:\\\/\\\/secure.gravatar.com\\\/avatar\\\/1473912b851241f5503026e6156e144dcd83ff7addb67f65e1ed9ca21ee1d9cf?s=96&d=mm&r=g\",\"caption\":\"AY Advogados\"},\"sameAs\":[\"https:\\\/\\\/ayadvogados.com.br\"],\"url\":\"https:\\\/\\\/www.ayadvogados.com.br\\\/?author=2\"}]}<\/script>\n<!-- \/ Yoast SEO plugin. -->","yoast_head_json":{"title":"Receita reduz valor de cr\u00e9ditos de PIS e Cofins sobre insumos. - Amaral, Yazbek Advogados","robots":{"index":"index","follow":"follow","max-snippet":"max-snippet:-1","max-image-preview":"max-image-preview:large","max-video-preview":"max-video-preview:-1"},"canonical":"https:\/\/www.ayadvogados.com.br\/?p=1372","og_locale":"pt_BR","og_type":"article","og_title":"Receita reduz valor de cr\u00e9ditos de PIS e Cofins sobre insumos. - Amaral, Yazbek Advogados","og_description":"Agora, a Receita est\u00e1 afirmando que, pela l\u00f3gica, a parcela do ICMS que consta nas notas de entrada, ou seja, na tomada de cr\u00e9dito, tamb\u00e9m n\u00e3o poderia ser contabilizada. \u201cTomando cr\u00e9dito menor, obviamente, vai ter um d\u00e9bito de PIS e Cofins maior\u201d, diz Leo Lopes, s\u00f3cio do FAS Advogados.&nbsp; Ele cita como exemplo uma fabricante [&hellip;]","og_url":"https:\/\/www.ayadvogados.com.br\/?p=1372","og_site_name":"Amaral, Yazbek Advogados","article_publisher":"https:\/\/www.facebook.com\/AYadvogados","article_published_time":"2021-07-29T20:21:11+00:00","article_modified_time":"2021-07-29T20:25:04+00:00","og_image":[{"width":1080,"height":1080,"url":"https:\/\/www.ayadvogados.com.br\/wp-content\/uploads\/2021\/07\/Feed-1.png","type":"image\/png"}],"author":"AY Advogados","twitter_card":"summary_large_image","twitter_misc":{"Escrito por":"AY Advogados","Est. tempo de leitura":"4 minutos"},"schema":{"@context":"https:\/\/schema.org","@graph":[{"@type":"Article","@id":"https:\/\/www.ayadvogados.com.br\/?p=1372#article","isPartOf":{"@id":"https:\/\/www.ayadvogados.com.br\/?p=1372"},"author":{"name":"AY Advogados","@id":"https:\/\/www.ayadvogados.com.br\/#\/schema\/person\/4abfbf03ad3e577e691d333af064a912"},"headline":"Receita reduz valor de cr\u00e9ditos de PIS e Cofins sobre insumos.","datePublished":"2021-07-29T20:21:11+00:00","dateModified":"2021-07-29T20:25:04+00:00","mainEntityOfPage":{"@id":"https:\/\/www.ayadvogados.com.br\/?p=1372"},"wordCount":744,"commentCount":0,"publisher":{"@id":"https:\/\/www.ayadvogados.com.br\/#organization"},"image":{"@id":"https:\/\/www.ayadvogados.com.br\/?p=1372#primaryimage"},"thumbnailUrl":"https:\/\/www.ayadvogados.com.br\/wp-content\/uploads\/2021\/07\/Feed-1.png","articleSection":["Not\u00edcia do Dia"],"inLanguage":"pt-BR","potentialAction":[{"@type":"CommentAction","name":"Comment","target":["https:\/\/www.ayadvogados.com.br\/?p=1372#respond"]}]},{"@type":"WebPage","@id":"https:\/\/www.ayadvogados.com.br\/?p=1372","url":"https:\/\/www.ayadvogados.com.br\/?p=1372","name":"Receita reduz valor de cr\u00e9ditos de PIS e Cofins sobre insumos. - Amaral, Yazbek Advogados","isPartOf":{"@id":"https:\/\/www.ayadvogados.com.br\/#website"},"primaryImageOfPage":{"@id":"https:\/\/www.ayadvogados.com.br\/?p=1372#primaryimage"},"image":{"@id":"https:\/\/www.ayadvogados.com.br\/?p=1372#primaryimage"},"thumbnailUrl":"https:\/\/www.ayadvogados.com.br\/wp-content\/uploads\/2021\/07\/Feed-1.png","datePublished":"2021-07-29T20:21:11+00:00","dateModified":"2021-07-29T20:25:04+00:00","breadcrumb":{"@id":"https:\/\/www.ayadvogados.com.br\/?p=1372#breadcrumb"},"inLanguage":"pt-BR","potentialAction":[{"@type":"ReadAction","target":["https:\/\/www.ayadvogados.com.br\/?p=1372"]}]},{"@type":"ImageObject","inLanguage":"pt-BR","@id":"https:\/\/www.ayadvogados.com.br\/?p=1372#primaryimage","url":"https:\/\/www.ayadvogados.com.br\/wp-content\/uploads\/2021\/07\/Feed-1.png","contentUrl":"https:\/\/www.ayadvogados.com.br\/wp-content\/uploads\/2021\/07\/Feed-1.png","width":1080,"height":1080},{"@type":"BreadcrumbList","@id":"https:\/\/www.ayadvogados.com.br\/?p=1372#breadcrumb","itemListElement":[{"@type":"ListItem","position":1,"name":"In\u00edcio","item":"https:\/\/www.ayadvogados.com.br\/"},{"@type":"ListItem","position":2,"name":"Receita reduz valor de cr\u00e9ditos de PIS e Cofins sobre insumos."}]},{"@type":"WebSite","@id":"https:\/\/www.ayadvogados.com.br\/#website","url":"https:\/\/www.ayadvogados.com.br\/","name":"Amaral, Yazbek Advogados","description":"Curitiba \u2022 Bras\u00edlia \u2022 S\u00e3o Paulo","publisher":{"@id":"https:\/\/www.ayadvogados.com.br\/#organization"},"potentialAction":[{"@type":"SearchAction","target":{"@type":"EntryPoint","urlTemplate":"https:\/\/www.ayadvogados.com.br\/?s={search_term_string}"},"query-input":{"@type":"PropertyValueSpecification","valueRequired":true,"valueName":"search_term_string"}}],"inLanguage":"pt-BR"},{"@type":"Organization","@id":"https:\/\/www.ayadvogados.com.br\/#organization","name":"Amaral, Yazbek Advogados","url":"https:\/\/www.ayadvogados.com.br\/","logo":{"@type":"ImageObject","inLanguage":"pt-BR","@id":"https:\/\/www.ayadvogados.com.br\/#\/schema\/logo\/image\/","url":"http:\/\/34.239.117.254\/wp-content\/uploads\/2021\/03\/logo-ay-g.png","contentUrl":"http:\/\/34.239.117.254\/wp-content\/uploads\/2021\/03\/logo-ay-g.png","width":434,"height":106,"caption":"Amaral, Yazbek Advogados"},"image":{"@id":"https:\/\/www.ayadvogados.com.br\/#\/schema\/logo\/image\/"},"sameAs":["https:\/\/www.facebook.com\/AYadvogados","https:\/\/www.instagram.com\/ayadvogados\/"]},{"@type":"Person","@id":"https:\/\/www.ayadvogados.com.br\/#\/schema\/person\/4abfbf03ad3e577e691d333af064a912","name":"AY Advogados","image":{"@type":"ImageObject","inLanguage":"pt-BR","@id":"https:\/\/secure.gravatar.com\/avatar\/1473912b851241f5503026e6156e144dcd83ff7addb67f65e1ed9ca21ee1d9cf?s=96&d=mm&r=g","url":"https:\/\/secure.gravatar.com\/avatar\/1473912b851241f5503026e6156e144dcd83ff7addb67f65e1ed9ca21ee1d9cf?s=96&d=mm&r=g","contentUrl":"https:\/\/secure.gravatar.com\/avatar\/1473912b851241f5503026e6156e144dcd83ff7addb67f65e1ed9ca21ee1d9cf?s=96&d=mm&r=g","caption":"AY Advogados"},"sameAs":["https:\/\/ayadvogados.com.br"],"url":"https:\/\/www.ayadvogados.com.br\/?author=2"}]}},"rttpg_featured_image_url":{"full":["https:\/\/www.ayadvogados.com.br\/wp-content\/uploads\/2021\/07\/Feed-1.png",1080,1080,false],"landscape":["https:\/\/www.ayadvogados.com.br\/wp-content\/uploads\/2021\/07\/Feed-1.png",1080,1080,false],"portraits":["https:\/\/www.ayadvogados.com.br\/wp-content\/uploads\/2021\/07\/Feed-1.png",1080,1080,false],"thumbnail":["https:\/\/www.ayadvogados.com.br\/wp-content\/uploads\/2021\/07\/Feed-1-150x150.png",150,150,true],"medium":["https:\/\/www.ayadvogados.com.br\/wp-content\/uploads\/2021\/07\/Feed-1-300x300.png",300,300,true],"large":["https:\/\/www.ayadvogados.com.br\/wp-content\/uploads\/2021\/07\/Feed-1-1024x1024.png",1024,1024,true],"1536x1536":["https:\/\/www.ayadvogados.com.br\/wp-content\/uploads\/2021\/07\/Feed-1.png",1080,1080,false],"2048x2048":["https:\/\/www.ayadvogados.com.br\/wp-content\/uploads\/2021\/07\/Feed-1.png",1080,1080,false]},"rttpg_author":{"display_name":"AY Advogados","author_link":"https:\/\/www.ayadvogados.com.br\/?author=2"},"rttpg_comment":0,"rttpg_category":"<a href=\"https:\/\/www.ayadvogados.com.br\/?cat=1\" rel=\"category\">Not\u00edcia do Dia<\/a>","rttpg_excerpt":"Agora, a Receita est\u00e1 afirmando que, pela l\u00f3gica, a parcela do ICMS que consta nas notas de entrada, ou seja, na tomada de cr\u00e9dito, tamb\u00e9m n\u00e3o poderia ser contabilizada. \u201cTomando cr\u00e9dito menor, obviamente, vai ter um d\u00e9bito de PIS e Cofins maior\u201d, diz Leo Lopes, s\u00f3cio do FAS Advogados.&nbsp; Ele cita como exemplo uma fabricante&hellip;","_links":{"self":[{"href":"https:\/\/www.ayadvogados.com.br\/index.php?rest_route=\/wp\/v2\/posts\/1372","targetHints":{"allow":["GET"]}}],"collection":[{"href":"https:\/\/www.ayadvogados.com.br\/index.php?rest_route=\/wp\/v2\/posts"}],"about":[{"href":"https:\/\/www.ayadvogados.com.br\/index.php?rest_route=\/wp\/v2\/types\/post"}],"author":[{"embeddable":true,"href":"https:\/\/www.ayadvogados.com.br\/index.php?rest_route=\/wp\/v2\/users\/2"}],"replies":[{"embeddable":true,"href":"https:\/\/www.ayadvogados.com.br\/index.php?rest_route=%2Fwp%2Fv2%2Fcomments&post=1372"}],"version-history":[{"count":2,"href":"https:\/\/www.ayadvogados.com.br\/index.php?rest_route=\/wp\/v2\/posts\/1372\/revisions"}],"predecessor-version":[{"id":1375,"href":"https:\/\/www.ayadvogados.com.br\/index.php?rest_route=\/wp\/v2\/posts\/1372\/revisions\/1375"}],"wp:featuredmedia":[{"embeddable":true,"href":"https:\/\/www.ayadvogados.com.br\/index.php?rest_route=\/wp\/v2\/media\/1373"}],"wp:attachment":[{"href":"https:\/\/www.ayadvogados.com.br\/index.php?rest_route=%2Fwp%2Fv2%2Fmedia&parent=1372"}],"wp:term":[{"taxonomy":"category","embeddable":true,"href":"https:\/\/www.ayadvogados.com.br\/index.php?rest_route=%2Fwp%2Fv2%2Fcategories&post=1372"},{"taxonomy":"post_tag","embeddable":true,"href":"https:\/\/www.ayadvogados.com.br\/index.php?rest_route=%2Fwp%2Fv2%2Ftags&post=1372"}],"curies":[{"name":"wp","href":"https:\/\/api.w.org\/{rel}","templated":true}]}}