{"id":1362,"date":"2021-07-27T15:53:20","date_gmt":"2021-07-27T18:53:20","guid":{"rendered":"http:\/\/34.239.117.254\/?p=1362"},"modified":"2021-07-27T15:53:20","modified_gmt":"2021-07-27T18:53:20","slug":"judiciario-afasta-retencao-do-iss-na-contratacao-de-prestadores-de-servico","status":"publish","type":"post","link":"https:\/\/www.ayadvogados.com.br\/?p=1362","title":{"rendered":"Judici\u00e1rio afasta reten\u00e7\u00e3o do ISS na contrata\u00e7\u00e3o de prestadores de servi\u00e7o"},"content":{"rendered":"\n<p><br><br>A decis\u00e3o de algumas prefeituras de exigir a reten\u00e7\u00e3o do Imposto Sobre Servi\u00e7os<br>(ISS) de empresas que contratam prestadores de servi\u00e7o de fora da cidade, sem<br>registro no cadastro local, tem levado a uma nova disputa judicial entre<br>contribuintes e administra\u00e7\u00f5es municipais. Em an\u00e1lise sobre a lei da capital paulista,<br>o Supremo Tribunal Federal (STF) entendeu que a norma \u00e9 inconstitucional, com<br>repercuss\u00e3o geral. Mas a regra continua a ser aplicada por munic\u00edpios.<br><\/p>\n\n\n\n<p>No pa\u00eds, a al\u00edquota do ISS \u00e9 de at\u00e9 5%. A decis\u00e3o do STF foi publicada em maio e o<br>processo transitou em julgado (n\u00e3o cabe mais recurso) em junho (RE 1167509). Para<br>o relator do recurso, ministro Marco Aur\u00e9lio, a pretexto de afastar evas\u00e3o fiscal, o<br>munic\u00edpio determinou ao contribuinte a imposi\u00e7\u00e3o tribut\u00e1ria de outra<br>municipalidade.<\/p>\n\n\n\n<p><br>Marco Aur\u00e9lio considerou que a Lei Complementar n\u00ba 116\/2003 prev\u00ea que o<br>imposto \u00e9 devido pelo prestador de servi\u00e7os onde est\u00e1 sediado o estabelecimento.<br>Sendo assim, o Fisco municipal n\u00e3o poderia criar uma obriga\u00e7\u00e3o acess\u00f3ria &#8211; no caso,<br>o cadastro que exige a inscri\u00e7\u00e3o na cidade. Por fim, entendeu que houve ofensa ao<br>artigo 152 da Constitui\u00e7\u00e3o Federal, porque traria um tratamento diferenciado<br>dependendo da proced\u00eancia do servi\u00e7o.<\/p>\n\n\n\n<p><br>\u201cS\u00f3 que no munic\u00edpio de S\u00e3o Paulo continua valendo a mesma regra. Se contratar<br>algu\u00e9m fora do munic\u00edpio tem que fazer a reten\u00e7\u00e3o, independentemente da decis\u00e3o<br>do STF\u201d, diz o advogado Vin\u00edcius de Barros, do escrit\u00f3rio Teixeira Fortes Advogados.<br>Amparada na decis\u00e3o do Supremo, a banca ingressou com um pedido de liminar<br>para desobrigar uma cliente de reter o imposto de prestadores de servi\u00e7os de fora<br>da capital e que n\u00e3o est\u00e3o inscritos no Cadastro de Empresa de Fora do Munic\u00edpio<br>(CPOM).<\/p>\n\n\n\n<p>Em julho, a 4\u00aa Vara de Fazenda P\u00fablica, do Tribunal de Justi\u00e7a de S\u00e3o Paulo,<br>concedeu liminar autorizando a tomadora de servi\u00e7o a n\u00e3o fazer a reten\u00e7\u00e3o e o<br>recolhimento do ISS de prestadores de servi\u00e7os n\u00e3o inscritos no CPOM (processo n\u00ba<br>1041786-13.2021.8.26.0053).<\/p>\n\n\n\n<p><br>A pr\u00e1tica n\u00e3o \u00e9 exclusiva da capital paulista. Outros munic\u00edpios do pa\u00eds tamb\u00e9m<br>exigem essa reten\u00e7\u00e3o na tentativa de reduzir a guerra fiscal. Neste sentido, algumas<br>prefeituras criaram um cadastro em que a prestadora de servi\u00e7o de outra cidade<br>tem que apresentar uma s\u00e9rie de informa\u00e7\u00f5es &#8211; como contrato de loca\u00e7\u00e3o, fotos e<br>contas de telefone e luz &#8211; para comprovar que o endere\u00e7o n\u00e3o \u00e9 s\u00f3 uma fachada<br>para recolher menos impostos.<\/p>\n\n\n\n<p><br>\u201cO caso do Supremo envolvia uma demanda de S\u00e3o Paulo, mas deve se aplicar a<br>outros munic\u00edpios\u201d, explica o advogado Vitor Rodrigues, do escrit\u00f3rio Chenut Oliveira<br>Santiago Advogados. \u201cEnquanto o munic\u00edpio n\u00e3o alterar a legisla\u00e7\u00e3o, os<br>contribuintes devem agir da mesma forma que os demais. Isto \u00e9, requerer<br>liminarmente, no Judici\u00e1rio, o afastamento da obrigatoriedade de reten\u00e7\u00e3o e<br>recolhimento do ISS de prestadores de servi\u00e7os n\u00e3o inscritos no CPOM\u201d, diz o<br>advogado Gustavo de Godoy Lefone, do escrit\u00f3rio BNZ Advogados.<\/p>\n\n\n\n<p><br>Com base na decis\u00e3o do STF, o Tribunal de Justi\u00e7a de S\u00e3o Paulo negou provimento<br>ao recurso da Prefeitura de Mogi das Cruzes (SP), que tentava manter a reten\u00e7\u00e3o do<br>imposto. O relator Silva Russo considerou a decis\u00e3o do STF e determinou que o auto<br>de infra\u00e7\u00e3o que previa penalidade \u00e0 contratante por n\u00e3o fazer a reten\u00e7\u00e3o do<br>imposto deveria ser declarado nulo (apela\u00e7\u00e3o n\u00b0 1009876-48.2020.8.26.0361).<\/p>\n\n\n\n<p><br>Antes mesmo da decis\u00e3o do Supremo, ju\u00edzes vinham entendendo que a exig\u00eancia<br>do cadastro da reten\u00e7\u00e3o n\u00e3o deveria prevalecer. Em abril, a 24\u00aa C\u00e2mara C\u00edvel do<br>Tribunal de Justi\u00e7a do Rio de Janeiro, na an\u00e1lise de um recurso da capital, declarou<br>inexistir rela\u00e7\u00e3o jur\u00eddico-tribut\u00e1ria entre as partes. Condenou o munic\u00edpio do Rio \u00e0<br>restituir os valores cobrados indevidamente, com juros e corre\u00e7\u00e3o monet\u00e1ria a<br>contar da data da indevida reten\u00e7\u00e3o em cada nota fiscal (apela\u00e7\u00e3o n\u00ba 0087683-<br>43.2018.8.19.0001).<\/p>\n\n\n\n<p>O advogado Rubens Cuaglio, do escrit\u00f3rio CM Advogados, destaca que o prestador<br>de servi\u00e7os faz o recolhimento do imposto no munic\u00edpio em que est\u00e1 sediado.<br>Por\u00e9m, com essa obrigatoriedade de reten\u00e7\u00e3o, a cobran\u00e7a tamb\u00e9m pode ocorrer na<br>cidade onde prestou o servi\u00e7o. \u201cH\u00e1 uma dupla cobran\u00e7a, o que leva \u00e0 dupla<br>tributa\u00e7\u00e3o\u201d, enfatiza.<\/p>\n\n\n\n<p><br>Ainda sem decis\u00f5es para os clientes, o advogado Thiago Garbelotti, do escrit\u00f3rio<br>Braga &amp; Garbelotti, diz que tem usado dois argumentos no Judici\u00e1rio. \u201cO primeiro \u00e9<br>que o munic\u00edpio n\u00e3o tem compet\u00eancia para cobrar tributos de contribuintes de<br>outras localidades, nem para obriga\u00e7\u00f5es acess\u00f3rias\u201d, diz. \u201cO outro \u00e9 que quando faz<br>a reten\u00e7\u00e3o por falta de cadastro est\u00e1 usurpando a compet\u00eancia de outro munic\u00edpio<br>de quem poderia exigir de fato\u201d, acrescenta.<\/p>\n\n\n\n<p><br>Advogados consideram que, apesar das diversas liminares j\u00e1 proferidas, as<br>empresas de menor porte, especialmente, acabam n\u00e3o recorrendo para evitar o<br>custo de um processo judicial. \u201cMunic\u00edpios apostam nisso [que o contribuinte n\u00e3o<br>vai recorrer] para arrecadar um pouco mais\u201d, avalia o advogado Igor Mauler,<br>presidente do Instituto Brasileiro de Direito e Processo Tribut\u00e1rio (IDPT).<\/p>\n\n\n\n<p><br>Por meio de nota, a Prefeitura de S\u00e3o Paulo disse que analisa a eventual<br>necessidade de propor aperfei\u00e7oamentos na legisla\u00e7\u00e3o municipal em quest\u00e3o.<br>\u201cDecis\u00f5es em recurso extraordin\u00e1rio em incidentes de repercuss\u00e3o geral proferidas<br>pelo STF possuem efeito vinculante apenas em rela\u00e7\u00e3o aos \u00f3rg\u00e3os do Poder<br>Judici\u00e1rio, sem obrigar de forma geral e abstrata os demais Poderes. Bem por isso, a<br>obrigatoriedade ao cadastro permanece em vigor\u201d.J\u00e1 a Procuradoria do Munic\u00edpio do Rio diz avaliar o conte\u00fado para adotar as medidas cab\u00edveis.<\/p>\n\n\n\n<p><\/p>\n\n\n\n<p>Fonte: <a href=\"https:\/\/valor.globo.com\/legislacao\/noticia\/2021\/07\/27\/judiciario-afasta-retencao-do-iss-na-contratacao-de-prestadores-de-servico.ghtml\">Valor<\/a><\/p>\n","protected":false},"excerpt":{"rendered":"<p>A decis\u00e3o de algumas prefeituras de exigir a reten\u00e7\u00e3o do Imposto Sobre Servi\u00e7os(ISS) de empresas que contratam prestadores de servi\u00e7o de fora da cidade, semregistro no cadastro local, tem levado a uma nova disputa judicial entrecontribuintes e administra\u00e7\u00f5es municipais. Em an\u00e1lise sobre a lei da capital paulista,o Supremo Tribunal Federal (STF) entendeu que a norma [&hellip;]<\/p>\n","protected":false},"author":2,"featured_media":1363,"comment_status":"open","ping_status":"open","sticky":false,"template":"","format":"standard","meta":{"footnotes":""},"categories":[1],"tags":[29,33,63],"class_list":["post-1362","post","type-post","status-publish","format-standard","has-post-thumbnail","hentry","category-noticia-do-dia","tag-empresas","tag-negocios","tag-noticia-do-dia"],"blocksy_meta":{"styles_descriptor":{"styles":{"desktop":"","tablet":"","mobile":""},"google_fonts":[],"version":6}},"yoast_head":"<!-- This site is optimized with the Yoast SEO plugin v27.5 - https:\/\/yoast.com\/product\/yoast-seo-wordpress\/ -->\n<title>Judici\u00e1rio afasta reten\u00e7\u00e3o do ISS na contrata\u00e7\u00e3o de prestadores de servi\u00e7o - Amaral, Yazbek Advogados<\/title>\n<meta name=\"robots\" content=\"index, follow, max-snippet:-1, max-image-preview:large, max-video-preview:-1\" \/>\n<link rel=\"canonical\" href=\"https:\/\/www.ayadvogados.com.br\/?p=1362\" \/>\n<meta property=\"og:locale\" content=\"pt_BR\" \/>\n<meta property=\"og:type\" content=\"article\" \/>\n<meta property=\"og:title\" content=\"Judici\u00e1rio afasta reten\u00e7\u00e3o do ISS na contrata\u00e7\u00e3o de prestadores de servi\u00e7o - Amaral, Yazbek Advogados\" \/>\n<meta property=\"og:description\" content=\"A decis\u00e3o de algumas prefeituras de exigir a reten\u00e7\u00e3o do Imposto Sobre Servi\u00e7os(ISS) de empresas que contratam prestadores de servi\u00e7o de fora da cidade, semregistro no cadastro local, tem levado a uma nova disputa judicial entrecontribuintes e administra\u00e7\u00f5es municipais. Em an\u00e1lise sobre a lei da capital paulista,o Supremo Tribunal Federal (STF) entendeu que a norma [&hellip;]\" \/>\n<meta property=\"og:url\" content=\"https:\/\/www.ayadvogados.com.br\/?p=1362\" \/>\n<meta property=\"og:site_name\" content=\"Amaral, Yazbek Advogados\" \/>\n<meta property=\"article:publisher\" content=\"https:\/\/www.facebook.com\/AYadvogados\" \/>\n<meta property=\"article:published_time\" content=\"2021-07-27T18:53:20+00:00\" \/>\n<meta property=\"og:image\" content=\"https:\/\/www.ayadvogados.com.br\/wp-content\/uploads\/2021\/07\/Blog-13.png\" \/>\n\t<meta property=\"og:image:width\" content=\"1000\" \/>\n\t<meta property=\"og:image:height\" content=\"620\" \/>\n\t<meta property=\"og:image:type\" content=\"image\/png\" \/>\n<meta name=\"author\" content=\"AY Advogados\" \/>\n<meta name=\"twitter:card\" content=\"summary_large_image\" \/>\n<meta name=\"twitter:label1\" content=\"Escrito por\" \/>\n\t<meta name=\"twitter:data1\" content=\"AY Advogados\" \/>\n\t<meta name=\"twitter:label2\" content=\"Est. tempo de leitura\" \/>\n\t<meta name=\"twitter:data2\" content=\"5 minutos\" \/>\n<script type=\"application\/ld+json\" class=\"yoast-schema-graph\">{\"@context\":\"https:\\\/\\\/schema.org\",\"@graph\":[{\"@type\":\"Article\",\"@id\":\"https:\\\/\\\/www.ayadvogados.com.br\\\/?p=1362#article\",\"isPartOf\":{\"@id\":\"https:\\\/\\\/www.ayadvogados.com.br\\\/?p=1362\"},\"author\":{\"name\":\"AY Advogados\",\"@id\":\"https:\\\/\\\/www.ayadvogados.com.br\\\/#\\\/schema\\\/person\\\/4abfbf03ad3e577e691d333af064a912\"},\"headline\":\"Judici\u00e1rio afasta reten\u00e7\u00e3o do ISS na contrata\u00e7\u00e3o de prestadores de servi\u00e7o\",\"datePublished\":\"2021-07-27T18:53:20+00:00\",\"mainEntityOfPage\":{\"@id\":\"https:\\\/\\\/www.ayadvogados.com.br\\\/?p=1362\"},\"wordCount\":966,\"commentCount\":0,\"publisher\":{\"@id\":\"https:\\\/\\\/www.ayadvogados.com.br\\\/#organization\"},\"image\":{\"@id\":\"https:\\\/\\\/www.ayadvogados.com.br\\\/?p=1362#primaryimage\"},\"thumbnailUrl\":\"https:\\\/\\\/www.ayadvogados.com.br\\\/wp-content\\\/uploads\\\/2021\\\/07\\\/Blog-13.png\",\"keywords\":[\"empresas\",\"neg\u00f3cios\",\"noticia do dia\"],\"articleSection\":[\"Not\u00edcia do Dia\"],\"inLanguage\":\"pt-BR\",\"potentialAction\":[{\"@type\":\"CommentAction\",\"name\":\"Comment\",\"target\":[\"https:\\\/\\\/www.ayadvogados.com.br\\\/?p=1362#respond\"]}]},{\"@type\":\"WebPage\",\"@id\":\"https:\\\/\\\/www.ayadvogados.com.br\\\/?p=1362\",\"url\":\"https:\\\/\\\/www.ayadvogados.com.br\\\/?p=1362\",\"name\":\"Judici\u00e1rio afasta reten\u00e7\u00e3o do ISS na contrata\u00e7\u00e3o de prestadores de servi\u00e7o - Amaral, Yazbek Advogados\",\"isPartOf\":{\"@id\":\"https:\\\/\\\/www.ayadvogados.com.br\\\/#website\"},\"primaryImageOfPage\":{\"@id\":\"https:\\\/\\\/www.ayadvogados.com.br\\\/?p=1362#primaryimage\"},\"image\":{\"@id\":\"https:\\\/\\\/www.ayadvogados.com.br\\\/?p=1362#primaryimage\"},\"thumbnailUrl\":\"https:\\\/\\\/www.ayadvogados.com.br\\\/wp-content\\\/uploads\\\/2021\\\/07\\\/Blog-13.png\",\"datePublished\":\"2021-07-27T18:53:20+00:00\",\"breadcrumb\":{\"@id\":\"https:\\\/\\\/www.ayadvogados.com.br\\\/?p=1362#breadcrumb\"},\"inLanguage\":\"pt-BR\",\"potentialAction\":[{\"@type\":\"ReadAction\",\"target\":[\"https:\\\/\\\/www.ayadvogados.com.br\\\/?p=1362\"]}]},{\"@type\":\"ImageObject\",\"inLanguage\":\"pt-BR\",\"@id\":\"https:\\\/\\\/www.ayadvogados.com.br\\\/?p=1362#primaryimage\",\"url\":\"https:\\\/\\\/www.ayadvogados.com.br\\\/wp-content\\\/uploads\\\/2021\\\/07\\\/Blog-13.png\",\"contentUrl\":\"https:\\\/\\\/www.ayadvogados.com.br\\\/wp-content\\\/uploads\\\/2021\\\/07\\\/Blog-13.png\",\"width\":1000,\"height\":620},{\"@type\":\"BreadcrumbList\",\"@id\":\"https:\\\/\\\/www.ayadvogados.com.br\\\/?p=1362#breadcrumb\",\"itemListElement\":[{\"@type\":\"ListItem\",\"position\":1,\"name\":\"In\u00edcio\",\"item\":\"https:\\\/\\\/www.ayadvogados.com.br\\\/\"},{\"@type\":\"ListItem\",\"position\":2,\"name\":\"Judici\u00e1rio afasta reten\u00e7\u00e3o do ISS na contrata\u00e7\u00e3o de prestadores de servi\u00e7o\"}]},{\"@type\":\"WebSite\",\"@id\":\"https:\\\/\\\/www.ayadvogados.com.br\\\/#website\",\"url\":\"https:\\\/\\\/www.ayadvogados.com.br\\\/\",\"name\":\"Amaral, Yazbek Advogados\",\"description\":\"Curitiba \u2022 Bras\u00edlia \u2022 S\u00e3o Paulo\",\"publisher\":{\"@id\":\"https:\\\/\\\/www.ayadvogados.com.br\\\/#organization\"},\"potentialAction\":[{\"@type\":\"SearchAction\",\"target\":{\"@type\":\"EntryPoint\",\"urlTemplate\":\"https:\\\/\\\/www.ayadvogados.com.br\\\/?s={search_term_string}\"},\"query-input\":{\"@type\":\"PropertyValueSpecification\",\"valueRequired\":true,\"valueName\":\"search_term_string\"}}],\"inLanguage\":\"pt-BR\"},{\"@type\":\"Organization\",\"@id\":\"https:\\\/\\\/www.ayadvogados.com.br\\\/#organization\",\"name\":\"Amaral, Yazbek Advogados\",\"url\":\"https:\\\/\\\/www.ayadvogados.com.br\\\/\",\"logo\":{\"@type\":\"ImageObject\",\"inLanguage\":\"pt-BR\",\"@id\":\"https:\\\/\\\/www.ayadvogados.com.br\\\/#\\\/schema\\\/logo\\\/image\\\/\",\"url\":\"http:\\\/\\\/34.239.117.254\\\/wp-content\\\/uploads\\\/2021\\\/03\\\/logo-ay-g.png\",\"contentUrl\":\"http:\\\/\\\/34.239.117.254\\\/wp-content\\\/uploads\\\/2021\\\/03\\\/logo-ay-g.png\",\"width\":434,\"height\":106,\"caption\":\"Amaral, Yazbek Advogados\"},\"image\":{\"@id\":\"https:\\\/\\\/www.ayadvogados.com.br\\\/#\\\/schema\\\/logo\\\/image\\\/\"},\"sameAs\":[\"https:\\\/\\\/www.facebook.com\\\/AYadvogados\",\"https:\\\/\\\/www.instagram.com\\\/ayadvogados\\\/\"]},{\"@type\":\"Person\",\"@id\":\"https:\\\/\\\/www.ayadvogados.com.br\\\/#\\\/schema\\\/person\\\/4abfbf03ad3e577e691d333af064a912\",\"name\":\"AY Advogados\",\"image\":{\"@type\":\"ImageObject\",\"inLanguage\":\"pt-BR\",\"@id\":\"https:\\\/\\\/secure.gravatar.com\\\/avatar\\\/1473912b851241f5503026e6156e144dcd83ff7addb67f65e1ed9ca21ee1d9cf?s=96&d=mm&r=g\",\"url\":\"https:\\\/\\\/secure.gravatar.com\\\/avatar\\\/1473912b851241f5503026e6156e144dcd83ff7addb67f65e1ed9ca21ee1d9cf?s=96&d=mm&r=g\",\"contentUrl\":\"https:\\\/\\\/secure.gravatar.com\\\/avatar\\\/1473912b851241f5503026e6156e144dcd83ff7addb67f65e1ed9ca21ee1d9cf?s=96&d=mm&r=g\",\"caption\":\"AY Advogados\"},\"sameAs\":[\"https:\\\/\\\/ayadvogados.com.br\"],\"url\":\"https:\\\/\\\/www.ayadvogados.com.br\\\/?author=2\"}]}<\/script>\n<!-- \/ Yoast SEO plugin. -->","yoast_head_json":{"title":"Judici\u00e1rio afasta reten\u00e7\u00e3o do ISS na contrata\u00e7\u00e3o de prestadores de servi\u00e7o - Amaral, Yazbek Advogados","robots":{"index":"index","follow":"follow","max-snippet":"max-snippet:-1","max-image-preview":"max-image-preview:large","max-video-preview":"max-video-preview:-1"},"canonical":"https:\/\/www.ayadvogados.com.br\/?p=1362","og_locale":"pt_BR","og_type":"article","og_title":"Judici\u00e1rio afasta reten\u00e7\u00e3o do ISS na contrata\u00e7\u00e3o de prestadores de servi\u00e7o - Amaral, Yazbek Advogados","og_description":"A decis\u00e3o de algumas prefeituras de exigir a reten\u00e7\u00e3o do Imposto Sobre Servi\u00e7os(ISS) de empresas que contratam prestadores de servi\u00e7o de fora da cidade, semregistro no cadastro local, tem levado a uma nova disputa judicial entrecontribuintes e administra\u00e7\u00f5es municipais. Em an\u00e1lise sobre a lei da capital paulista,o Supremo Tribunal Federal (STF) entendeu que a norma [&hellip;]","og_url":"https:\/\/www.ayadvogados.com.br\/?p=1362","og_site_name":"Amaral, Yazbek Advogados","article_publisher":"https:\/\/www.facebook.com\/AYadvogados","article_published_time":"2021-07-27T18:53:20+00:00","og_image":[{"width":1000,"height":620,"url":"https:\/\/www.ayadvogados.com.br\/wp-content\/uploads\/2021\/07\/Blog-13.png","type":"image\/png"}],"author":"AY Advogados","twitter_card":"summary_large_image","twitter_misc":{"Escrito por":"AY Advogados","Est. tempo de leitura":"5 minutos"},"schema":{"@context":"https:\/\/schema.org","@graph":[{"@type":"Article","@id":"https:\/\/www.ayadvogados.com.br\/?p=1362#article","isPartOf":{"@id":"https:\/\/www.ayadvogados.com.br\/?p=1362"},"author":{"name":"AY Advogados","@id":"https:\/\/www.ayadvogados.com.br\/#\/schema\/person\/4abfbf03ad3e577e691d333af064a912"},"headline":"Judici\u00e1rio afasta reten\u00e7\u00e3o do ISS na contrata\u00e7\u00e3o de prestadores de servi\u00e7o","datePublished":"2021-07-27T18:53:20+00:00","mainEntityOfPage":{"@id":"https:\/\/www.ayadvogados.com.br\/?p=1362"},"wordCount":966,"commentCount":0,"publisher":{"@id":"https:\/\/www.ayadvogados.com.br\/#organization"},"image":{"@id":"https:\/\/www.ayadvogados.com.br\/?p=1362#primaryimage"},"thumbnailUrl":"https:\/\/www.ayadvogados.com.br\/wp-content\/uploads\/2021\/07\/Blog-13.png","keywords":["empresas","neg\u00f3cios","noticia do dia"],"articleSection":["Not\u00edcia do Dia"],"inLanguage":"pt-BR","potentialAction":[{"@type":"CommentAction","name":"Comment","target":["https:\/\/www.ayadvogados.com.br\/?p=1362#respond"]}]},{"@type":"WebPage","@id":"https:\/\/www.ayadvogados.com.br\/?p=1362","url":"https:\/\/www.ayadvogados.com.br\/?p=1362","name":"Judici\u00e1rio afasta reten\u00e7\u00e3o do ISS na contrata\u00e7\u00e3o de prestadores de servi\u00e7o - Amaral, Yazbek Advogados","isPartOf":{"@id":"https:\/\/www.ayadvogados.com.br\/#website"},"primaryImageOfPage":{"@id":"https:\/\/www.ayadvogados.com.br\/?p=1362#primaryimage"},"image":{"@id":"https:\/\/www.ayadvogados.com.br\/?p=1362#primaryimage"},"thumbnailUrl":"https:\/\/www.ayadvogados.com.br\/wp-content\/uploads\/2021\/07\/Blog-13.png","datePublished":"2021-07-27T18:53:20+00:00","breadcrumb":{"@id":"https:\/\/www.ayadvogados.com.br\/?p=1362#breadcrumb"},"inLanguage":"pt-BR","potentialAction":[{"@type":"ReadAction","target":["https:\/\/www.ayadvogados.com.br\/?p=1362"]}]},{"@type":"ImageObject","inLanguage":"pt-BR","@id":"https:\/\/www.ayadvogados.com.br\/?p=1362#primaryimage","url":"https:\/\/www.ayadvogados.com.br\/wp-content\/uploads\/2021\/07\/Blog-13.png","contentUrl":"https:\/\/www.ayadvogados.com.br\/wp-content\/uploads\/2021\/07\/Blog-13.png","width":1000,"height":620},{"@type":"BreadcrumbList","@id":"https:\/\/www.ayadvogados.com.br\/?p=1362#breadcrumb","itemListElement":[{"@type":"ListItem","position":1,"name":"In\u00edcio","item":"https:\/\/www.ayadvogados.com.br\/"},{"@type":"ListItem","position":2,"name":"Judici\u00e1rio afasta reten\u00e7\u00e3o do ISS na contrata\u00e7\u00e3o de prestadores de servi\u00e7o"}]},{"@type":"WebSite","@id":"https:\/\/www.ayadvogados.com.br\/#website","url":"https:\/\/www.ayadvogados.com.br\/","name":"Amaral, Yazbek Advogados","description":"Curitiba \u2022 Bras\u00edlia \u2022 S\u00e3o Paulo","publisher":{"@id":"https:\/\/www.ayadvogados.com.br\/#organization"},"potentialAction":[{"@type":"SearchAction","target":{"@type":"EntryPoint","urlTemplate":"https:\/\/www.ayadvogados.com.br\/?s={search_term_string}"},"query-input":{"@type":"PropertyValueSpecification","valueRequired":true,"valueName":"search_term_string"}}],"inLanguage":"pt-BR"},{"@type":"Organization","@id":"https:\/\/www.ayadvogados.com.br\/#organization","name":"Amaral, Yazbek Advogados","url":"https:\/\/www.ayadvogados.com.br\/","logo":{"@type":"ImageObject","inLanguage":"pt-BR","@id":"https:\/\/www.ayadvogados.com.br\/#\/schema\/logo\/image\/","url":"http:\/\/34.239.117.254\/wp-content\/uploads\/2021\/03\/logo-ay-g.png","contentUrl":"http:\/\/34.239.117.254\/wp-content\/uploads\/2021\/03\/logo-ay-g.png","width":434,"height":106,"caption":"Amaral, Yazbek Advogados"},"image":{"@id":"https:\/\/www.ayadvogados.com.br\/#\/schema\/logo\/image\/"},"sameAs":["https:\/\/www.facebook.com\/AYadvogados","https:\/\/www.instagram.com\/ayadvogados\/"]},{"@type":"Person","@id":"https:\/\/www.ayadvogados.com.br\/#\/schema\/person\/4abfbf03ad3e577e691d333af064a912","name":"AY Advogados","image":{"@type":"ImageObject","inLanguage":"pt-BR","@id":"https:\/\/secure.gravatar.com\/avatar\/1473912b851241f5503026e6156e144dcd83ff7addb67f65e1ed9ca21ee1d9cf?s=96&d=mm&r=g","url":"https:\/\/secure.gravatar.com\/avatar\/1473912b851241f5503026e6156e144dcd83ff7addb67f65e1ed9ca21ee1d9cf?s=96&d=mm&r=g","contentUrl":"https:\/\/secure.gravatar.com\/avatar\/1473912b851241f5503026e6156e144dcd83ff7addb67f65e1ed9ca21ee1d9cf?s=96&d=mm&r=g","caption":"AY Advogados"},"sameAs":["https:\/\/ayadvogados.com.br"],"url":"https:\/\/www.ayadvogados.com.br\/?author=2"}]}},"rttpg_featured_image_url":{"full":["https:\/\/www.ayadvogados.com.br\/wp-content\/uploads\/2021\/07\/Blog-13.png",1000,620,false],"landscape":["https:\/\/www.ayadvogados.com.br\/wp-content\/uploads\/2021\/07\/Blog-13.png",1000,620,false],"portraits":["https:\/\/www.ayadvogados.com.br\/wp-content\/uploads\/2021\/07\/Blog-13.png",1000,620,false],"thumbnail":["https:\/\/www.ayadvogados.com.br\/wp-content\/uploads\/2021\/07\/Blog-13-150x150.png",150,150,true],"medium":["https:\/\/www.ayadvogados.com.br\/wp-content\/uploads\/2021\/07\/Blog-13-300x186.png",300,186,true],"large":["https:\/\/www.ayadvogados.com.br\/wp-content\/uploads\/2021\/07\/Blog-13.png",1000,620,false],"1536x1536":["https:\/\/www.ayadvogados.com.br\/wp-content\/uploads\/2021\/07\/Blog-13.png",1000,620,false],"2048x2048":["https:\/\/www.ayadvogados.com.br\/wp-content\/uploads\/2021\/07\/Blog-13.png",1000,620,false]},"rttpg_author":{"display_name":"AY Advogados","author_link":"https:\/\/www.ayadvogados.com.br\/?author=2"},"rttpg_comment":0,"rttpg_category":"<a href=\"https:\/\/www.ayadvogados.com.br\/?cat=1\" rel=\"category\">Not\u00edcia do Dia<\/a>","rttpg_excerpt":"A decis\u00e3o de algumas prefeituras de exigir a reten\u00e7\u00e3o do Imposto Sobre Servi\u00e7os(ISS) de empresas que contratam prestadores de servi\u00e7o de fora da cidade, semregistro no cadastro local, tem levado a uma nova disputa judicial entrecontribuintes e administra\u00e7\u00f5es municipais. Em an\u00e1lise sobre a lei da capital paulista,o Supremo Tribunal Federal (STF) entendeu que a norma&hellip;","_links":{"self":[{"href":"https:\/\/www.ayadvogados.com.br\/index.php?rest_route=\/wp\/v2\/posts\/1362","targetHints":{"allow":["GET"]}}],"collection":[{"href":"https:\/\/www.ayadvogados.com.br\/index.php?rest_route=\/wp\/v2\/posts"}],"about":[{"href":"https:\/\/www.ayadvogados.com.br\/index.php?rest_route=\/wp\/v2\/types\/post"}],"author":[{"embeddable":true,"href":"https:\/\/www.ayadvogados.com.br\/index.php?rest_route=\/wp\/v2\/users\/2"}],"replies":[{"embeddable":true,"href":"https:\/\/www.ayadvogados.com.br\/index.php?rest_route=%2Fwp%2Fv2%2Fcomments&post=1362"}],"version-history":[{"count":1,"href":"https:\/\/www.ayadvogados.com.br\/index.php?rest_route=\/wp\/v2\/posts\/1362\/revisions"}],"predecessor-version":[{"id":1364,"href":"https:\/\/www.ayadvogados.com.br\/index.php?rest_route=\/wp\/v2\/posts\/1362\/revisions\/1364"}],"wp:featuredmedia":[{"embeddable":true,"href":"https:\/\/www.ayadvogados.com.br\/index.php?rest_route=\/wp\/v2\/media\/1363"}],"wp:attachment":[{"href":"https:\/\/www.ayadvogados.com.br\/index.php?rest_route=%2Fwp%2Fv2%2Fmedia&parent=1362"}],"wp:term":[{"taxonomy":"category","embeddable":true,"href":"https:\/\/www.ayadvogados.com.br\/index.php?rest_route=%2Fwp%2Fv2%2Fcategories&post=1362"},{"taxonomy":"post_tag","embeddable":true,"href":"https:\/\/www.ayadvogados.com.br\/index.php?rest_route=%2Fwp%2Fv2%2Ftags&post=1362"}],"curies":[{"name":"wp","href":"https:\/\/api.w.org\/{rel}","templated":true}]}}