{"id":1348,"date":"2021-07-23T18:22:23","date_gmt":"2021-07-23T21:22:23","guid":{"rendered":"http:\/\/34.239.117.254\/?p=1348"},"modified":"2021-07-23T18:22:23","modified_gmt":"2021-07-23T21:22:23","slug":"desembargador-afasta-modulacao-e-aceita-restituicao-em-caso-sobre-icms-no-pis-cofins","status":"publish","type":"post","link":"https:\/\/www.ayadvogados.com.br\/?p=1348","title":{"rendered":"Desembargador afasta modula\u00e7\u00e3o e aceita restitui\u00e7\u00e3o em caso sobre ICMS no PIS\/Cofins"},"content":{"rendered":"\n<p>Um desembargador de Pernambuco permitiu que uma empresa que prop\u00f4s a\u00e7\u00e3o judicial pedindo a retirada do ICMS da base do PIS e da Cofins ap\u00f3s a decis\u00e3o do Supremo Tribunal Federal (STF) sobre o tema<a href=\"https:\/\/jota.us8.list-manage.com\/track\/click?u=4911ce1e520f5bf26dd891c79&amp;id=bf43317a8b&amp;e=35846b8f39\" target=\"_blank\" rel=\"noreferrer noopener\">&nbsp;restitua o que recolheu indevidamente<\/a>&nbsp;nos cinco anos anteriores ao ajuizamento do processo.<\/p>\n\n\n\n<p>O entendimento afasta, na pr\u00e1tica, a diretriz do&nbsp;Supremo de que&nbsp;<a href=\"https:\/\/jota.us8.list-manage.com\/track\/click?u=4911ce1e520f5bf26dd891c79&amp;id=2078ff292d&amp;e=35846b8f39\" target=\"_blank\" rel=\"noreferrer noopener\">a exclus\u00e3o do ICMS da base do PIS e da Cofins vale apenas a partir de 15 de mar\u00e7o de 2017<\/a>, data em que o STF julgou o m\u00e9rito da quest\u00e3o. Para o desembargador, a restitui\u00e7\u00e3o \u00e9 poss\u00edvel porque a a\u00e7\u00e3o da empresa j\u00e1 havia transitado em julgado quando o STF modulou a \u201ctese do s\u00e9culo\u201d.<\/p>\n\n\n\n<p><a href=\"https:\/\/www.jota.info\/produtos\/tributos?utm_source=Banner%20site&amp;utm_medium=Artigos&amp;utm_campaign=CTA_Tributos_materias\"><\/a><\/p>\n\n\n\n<p>A decis\u00e3o beneficia a empresa de design e interiores Casa Pronta M\u00f3veis LTDA, de Recife, e permite que a companhia&nbsp;restitua o que recolheu indevidamente de PIS e Cofins entre maio de 2012 e maio de 2017 pela inclus\u00e3o do ICMS nas bases das contribui\u00e7\u00f5es.<\/p>\n\n\n\n<p>O caso foi analisado pelo desembargador Leonardo Carvalho, do Tribunal Regional Federal da 5\u00aa Regi\u00e3o (TRF5). A&nbsp;a\u00e7\u00e3o da&nbsp;Casa Pronta M\u00f3veis LTDA&nbsp;foi ajuizada em 23 de maio de 2017, ap\u00f3s o julgamento do m\u00e9rito da quest\u00e3o pelo STF. Assim, pela modula\u00e7\u00e3o estipulada pela Corte,&nbsp;a empresa teria direito \u00e0 restitui\u00e7\u00e3o do valor recolhido a partir de mar\u00e7o de 2017.<\/p>\n\n\n\n<p>Em defesa da companhia, o advogado Bruno Suassuna, do escrit\u00f3rio&nbsp;Suassuna, Guedes &amp; Costa e Silva Advogados, argumentou que a modula\u00e7\u00e3o do STF n\u00e3o teria efeitos sobre o caso da Casa Pronta M\u00f3veis LTDA&nbsp; porque a decis\u00e3o favor\u00e1vel a ela transitou em julgado em outubro de 2018, antes da modula\u00e7\u00e3o do STF.<\/p>\n\n\n\n<p>Ele fundamentou a sua defesa no artigo 535 do C\u00f3digo de Processo Civil, que define que&nbsp;n\u00e3o \u00e9 aplic\u00e1vel a modula\u00e7\u00e3o para as senten\u00e7as que transitaram em julgado antes da decis\u00e3o que modulou o tema. Al\u00e9m disso, o advogado alegou que, no julgamento do Tema 360 (RE n\u00ba 611.503), o STF definiu que a decis\u00e3o da Corte que reconhece a constitucionalidade ou inconstitucionalidade de norma n\u00e3o \u00e9 aplic\u00e1vel \u00e0s senten\u00e7as transitadas em julgado.<\/p>\n\n\n\n<p>\u201cTanto o CPC quanto decis\u00e3o do pr\u00f3prio STF expressam que, para ser aplicada ao caso concreto, a modula\u00e7\u00e3o precisa ser proferida antes do tr\u00e2nsito em julgado\u201d, explica Suassuna.<\/p>\n\n\n\n<p>O argumento convenceu o desembargador&nbsp;Leonardo Carvalho, que, ao analisar o&nbsp;processo&nbsp;0807026-73.2017.4.05.8300, considerou que \u201co&nbsp;ju\u00edzo de origem [1\u00aa inst\u00e2ncia] n\u00e3o poderia ter limitado a repeti\u00e7\u00e3o de ind\u00e9bito do contribuinte sob a alega\u00e7\u00e3o de que o STF modulou os efeitos da decis\u00e3o e que n\u00e3o caberia ao juiz \u2018modular a modula\u00e7\u00e3o\u2019, pois a senten\u00e7a transitada em julgada antes da decis\u00e3o do STF n\u00e3o \u00e9 afetada pelo novo entendimento\u201d.<\/p>\n\n\n\n<h3 class=\"wp-block-heading\">Fazenda Nacional pode recorrer da decis\u00e3o<\/h3>\n\n\n\n<p>A Fazenda Nacional pode recorrer da decis\u00e3o. Por se tratar de uma decis\u00e3o monocr\u00e1tica, \u00e9 poss\u00edvel levar a discuss\u00e3o a uma das turmas do TRF5. Depois disso, a Fazenda pode recorrer tanto ao Superior Tribunal de Justi\u00e7a (STJ) quanto ao STF.<\/p>\n\n\n\n<p>Em mar\u00e7o de 2017, depois de quase 20 anos de disputa entre empresas e governo,\u00a0<a href=\"https:\/\/jota.us8.list-manage.com\/track\/click?u=4911ce1e520f5bf26dd891c79&amp;id=2df7c6059f&amp;e=35846b8f39\">a maioria dos ministros do STF decidiu excluir o ICMS da base de c\u00e1lculo do PIS e da Cofins.<\/a>\u00a0Para os magistrados, por ser imposto estadual, que incide sobre a movimenta\u00e7\u00e3o de mercadorias e servi\u00e7os, e portanto repassado aos estados, o ICMS n\u00e3o configura receita pr\u00f3pria das empresas. Assim, n\u00e3o seria poss\u00edvel inclu\u00ed-lo no conceito de faturamento, que \u00e9 a base de c\u00e1lculo do PIS e da Cofins.<\/p>\n\n\n\n<p>O problema, segundo tributaristas, foi a demora do STF para modular os efeitos da decis\u00e3o. Em maio de 2021\u00a0os ministros definiram o tema e optaram por uma modula\u00e7\u00e3o \u201cpara frente\u201d, sem efeitos retroativos, ressalvando apenas as a\u00e7\u00f5es judiciais e administrativas protocoladas at\u00e9 a data do julgamento de 2017.<\/p>\n\n\n\n<p>Fonte: <a href=\"https:\/\/www.jota.info\/tributos-e-empresas\/tributario\/desembargador-afasta-modulacao-e-aceita-restituicao-em-caso-sobre-icms-no-pis-cofins-23072021\">Valor<\/a><\/p>\n\n\n\n<p>Quer estar sempre por dentro de assuntos relevantes e mat\u00e9rias exclusivas que comp\u00f5em o cen\u00e1rio tribut\u00e1rio e jur\u00eddico?<\/p>\n\n\n\n<p>Ou\u00e7a o DIN Cast, o podcast voltado para o mundo dos neg\u00f3cios que vai ajudar sua empresa a se tornar l\u00edder de mercado atrav\u00e9s da intelig\u00eancia de neg\u00f3cios<\/p>\n\n\n\n<p>Acesse nosso blog e confira:<\/p>\n\n\n\n<p>\ud83d\udc49http:\/\/ayadvogados.com.br\/category\/dincast\/<\/p>\n\n\n\n<p>Quer estar sempre atualizado sobre as novidades no setor tribut\u00e1rio?&nbsp;<\/p>\n\n\n\n<p>Siga a Amaral, Yazbek nas redes sociais:<\/p>\n\n\n\n<p>\ud83d\udc49Facebook:<a href=\"https:\/\/www.youtube.com\/redirect?event=video_description&amp;redir_token=QUFFLUhqbF9kQmhFdmNsbVNjRlRQTkhQSWhVWGdORWZ1QXxBQ3Jtc0tucW0ydjVzSGJpbFRyb1RZY3hKeFBGYzFob1VWYUtzUzF5OGJxZl9TelJUNGI4OG9odEtsTUlSUWRUeHdYR2ZuaFBRNTh4OEdMU1FoLXlOV1d5WVJhNGdZRlNkR2JtdUJCaVlEblphZjVMUjJ6b3B2cw&amp;q=https%3A%2F%2Fwww.facebook.com%2FAYadvogados\"> https:\/\/www.facebook.com\/AYadvogados\u200b<\/a><\/p>\n\n\n\n<p>\ud83d\udc49Instagram:<a href=\"https:\/\/www.youtube.com\/redirect?event=video_description&amp;redir_token=QUFFLUhqa3NISmpmWEd2R1k5VllqTWlGS283d052bTQxZ3xBQ3Jtc0tuV0VvTnlObjJKS0lBNmtILXpOaFMzcU1VSERNMXJWN1hnQWloOGIyVXp5ZzZPYVJqREpvcXJTcVd1RFJ5ZzRBMEVsLURab1U0R1ZWVHplYlN3b2FKcWdnVGVySjAwR2M0TTVnM2xrQkxHNlM5YXEwNA&amp;q=https%3A%2F%2Fwww.instagram.com%2Famaral.yazbek\"> https:\/\/www.instagram.com\/ayadvogados<\/a><\/p>\n\n\n\n<p>\ud83d\udc49Linkedin: <a href=\"http:\/\/www.linkedin.com\/company\/amaral-yazbek-advogados\/\">https:\/\/www.linkedin.com\/company\/amaral-yazbek-advogados\/<\/a><\/p>\n\n\n\n<p>\ud83c\udf81 Queremos te oferecer um presente! Preparamos a 10\u00aa edi\u00e7\u00e3o da revista Governan\u00e7a Jur\u00eddica dando dicas de ordem tribut\u00e1ria para que os empres\u00e1rios, independentemente do porte do seu neg\u00f3cio, possam reduzir os seus custos no per\u00edodo dif\u00edcil em que estamos vivendo.&nbsp;<\/p>\n\n\n\n<p>\ud83d\udc49Baixe gratuitamente: <a href=\"http:\/\/ayadvogados.com.br\/revista\/\">http:\/\/ayadvogados.com.br\/revista\/<\/a><\/p>\n\n\n\n<p><\/p>\n\n\n\n<p>A Amaral, Yazbek, Advogados, OAB-PR 762, atua com excel\u00eancia no setor tribut\u00e1rio h\u00e1 35 anos,auxiliando empresas a transformarem tributa\u00e7\u00e3o em lucro<\/p>\n","protected":false},"excerpt":{"rendered":"<p>Um desembargador de Pernambuco permitiu que uma empresa que prop\u00f4s a\u00e7\u00e3o judicial pedindo a retirada do ICMS da base do PIS e da Cofins ap\u00f3s a decis\u00e3o do Supremo Tribunal Federal (STF) sobre o tema&nbsp;restitua o que recolheu indevidamente&nbsp;nos cinco anos anteriores ao ajuizamento do processo. O entendimento afasta, na pr\u00e1tica, a diretriz do&nbsp;Supremo de [&hellip;]<\/p>\n","protected":false},"author":2,"featured_media":1349,"comment_status":"open","ping_status":"open","sticky":false,"template":"","format":"standard","meta":{"footnotes":""},"categories":[1],"tags":[9,29,33,67],"class_list":["post-1348","post","type-post","status-publish","format-standard","has-post-thumbnail","hentry","category-noticia-do-dia","tag-amaral-yazbek","tag-empresas","tag-negocios","tag-noticia-do-dia-2"],"blocksy_meta":{"styles_descriptor":{"styles":{"desktop":"","tablet":"","mobile":""},"google_fonts":[],"version":6}},"yoast_head":"<!-- This site is optimized with the Yoast SEO plugin v27.5 - https:\/\/yoast.com\/product\/yoast-seo-wordpress\/ -->\n<title>Desembargador afasta modula\u00e7\u00e3o e aceita restitui\u00e7\u00e3o em caso sobre ICMS no PIS\/Cofins - Amaral, Yazbek Advogados<\/title>\n<meta name=\"robots\" content=\"index, follow, max-snippet:-1, max-image-preview:large, max-video-preview:-1\" \/>\n<link rel=\"canonical\" href=\"https:\/\/www.ayadvogados.com.br\/?p=1348\" \/>\n<meta property=\"og:locale\" content=\"pt_BR\" \/>\n<meta property=\"og:type\" content=\"article\" \/>\n<meta property=\"og:title\" content=\"Desembargador afasta modula\u00e7\u00e3o e aceita restitui\u00e7\u00e3o em caso sobre ICMS no PIS\/Cofins - Amaral, Yazbek Advogados\" \/>\n<meta property=\"og:description\" content=\"Um desembargador de Pernambuco permitiu que uma empresa que prop\u00f4s a\u00e7\u00e3o judicial pedindo a retirada do ICMS da base do PIS e da Cofins ap\u00f3s a decis\u00e3o do Supremo Tribunal Federal (STF) sobre o tema&nbsp;restitua o que recolheu indevidamente&nbsp;nos cinco anos anteriores ao ajuizamento do processo. O entendimento afasta, na pr\u00e1tica, a diretriz do&nbsp;Supremo de [&hellip;]\" \/>\n<meta property=\"og:url\" content=\"https:\/\/www.ayadvogados.com.br\/?p=1348\" \/>\n<meta property=\"og:site_name\" content=\"Amaral, Yazbek Advogados\" \/>\n<meta property=\"article:publisher\" content=\"https:\/\/www.facebook.com\/AYadvogados\" \/>\n<meta property=\"article:published_time\" content=\"2021-07-23T21:22:23+00:00\" \/>\n<meta property=\"og:image\" content=\"https:\/\/www.ayadvogados.com.br\/wp-content\/uploads\/2021\/07\/Blog-11.png\" \/>\n\t<meta property=\"og:image:width\" content=\"1000\" \/>\n\t<meta property=\"og:image:height\" content=\"620\" \/>\n\t<meta property=\"og:image:type\" content=\"image\/png\" \/>\n<meta name=\"author\" content=\"AY Advogados\" \/>\n<meta name=\"twitter:card\" content=\"summary_large_image\" \/>\n<meta name=\"twitter:label1\" content=\"Escrito por\" \/>\n\t<meta name=\"twitter:data1\" content=\"AY Advogados\" \/>\n\t<meta name=\"twitter:label2\" content=\"Est. tempo de leitura\" \/>\n\t<meta name=\"twitter:data2\" content=\"4 minutos\" \/>\n<script type=\"application\/ld+json\" class=\"yoast-schema-graph\">{\"@context\":\"https:\\\/\\\/schema.org\",\"@graph\":[{\"@type\":\"Article\",\"@id\":\"https:\\\/\\\/www.ayadvogados.com.br\\\/?p=1348#article\",\"isPartOf\":{\"@id\":\"https:\\\/\\\/www.ayadvogados.com.br\\\/?p=1348\"},\"author\":{\"name\":\"AY Advogados\",\"@id\":\"https:\\\/\\\/www.ayadvogados.com.br\\\/#\\\/schema\\\/person\\\/4abfbf03ad3e577e691d333af064a912\"},\"headline\":\"Desembargador afasta modula\u00e7\u00e3o e aceita restitui\u00e7\u00e3o em caso sobre ICMS no PIS\\\/Cofins\",\"datePublished\":\"2021-07-23T21:22:23+00:00\",\"mainEntityOfPage\":{\"@id\":\"https:\\\/\\\/www.ayadvogados.com.br\\\/?p=1348\"},\"wordCount\":895,\"commentCount\":0,\"publisher\":{\"@id\":\"https:\\\/\\\/www.ayadvogados.com.br\\\/#organization\"},\"image\":{\"@id\":\"https:\\\/\\\/www.ayadvogados.com.br\\\/?p=1348#primaryimage\"},\"thumbnailUrl\":\"https:\\\/\\\/www.ayadvogados.com.br\\\/wp-content\\\/uploads\\\/2021\\\/07\\\/Blog-11.png\",\"keywords\":[\"amaral yazbek\",\"empresas\",\"neg\u00f3cios\",\"not\u00edcia do dia\"],\"articleSection\":[\"Not\u00edcia do Dia\"],\"inLanguage\":\"pt-BR\",\"potentialAction\":[{\"@type\":\"CommentAction\",\"name\":\"Comment\",\"target\":[\"https:\\\/\\\/www.ayadvogados.com.br\\\/?p=1348#respond\"]}]},{\"@type\":\"WebPage\",\"@id\":\"https:\\\/\\\/www.ayadvogados.com.br\\\/?p=1348\",\"url\":\"https:\\\/\\\/www.ayadvogados.com.br\\\/?p=1348\",\"name\":\"Desembargador afasta modula\u00e7\u00e3o e aceita restitui\u00e7\u00e3o em caso sobre ICMS no PIS\\\/Cofins - Amaral, Yazbek Advogados\",\"isPartOf\":{\"@id\":\"https:\\\/\\\/www.ayadvogados.com.br\\\/#website\"},\"primaryImageOfPage\":{\"@id\":\"https:\\\/\\\/www.ayadvogados.com.br\\\/?p=1348#primaryimage\"},\"image\":{\"@id\":\"https:\\\/\\\/www.ayadvogados.com.br\\\/?p=1348#primaryimage\"},\"thumbnailUrl\":\"https:\\\/\\\/www.ayadvogados.com.br\\\/wp-content\\\/uploads\\\/2021\\\/07\\\/Blog-11.png\",\"datePublished\":\"2021-07-23T21:22:23+00:00\",\"breadcrumb\":{\"@id\":\"https:\\\/\\\/www.ayadvogados.com.br\\\/?p=1348#breadcrumb\"},\"inLanguage\":\"pt-BR\",\"potentialAction\":[{\"@type\":\"ReadAction\",\"target\":[\"https:\\\/\\\/www.ayadvogados.com.br\\\/?p=1348\"]}]},{\"@type\":\"ImageObject\",\"inLanguage\":\"pt-BR\",\"@id\":\"https:\\\/\\\/www.ayadvogados.com.br\\\/?p=1348#primaryimage\",\"url\":\"https:\\\/\\\/www.ayadvogados.com.br\\\/wp-content\\\/uploads\\\/2021\\\/07\\\/Blog-11.png\",\"contentUrl\":\"https:\\\/\\\/www.ayadvogados.com.br\\\/wp-content\\\/uploads\\\/2021\\\/07\\\/Blog-11.png\",\"width\":1000,\"height\":620},{\"@type\":\"BreadcrumbList\",\"@id\":\"https:\\\/\\\/www.ayadvogados.com.br\\\/?p=1348#breadcrumb\",\"itemListElement\":[{\"@type\":\"ListItem\",\"position\":1,\"name\":\"In\u00edcio\",\"item\":\"https:\\\/\\\/www.ayadvogados.com.br\\\/\"},{\"@type\":\"ListItem\",\"position\":2,\"name\":\"Desembargador afasta modula\u00e7\u00e3o e aceita restitui\u00e7\u00e3o em caso sobre ICMS no PIS\\\/Cofins\"}]},{\"@type\":\"WebSite\",\"@id\":\"https:\\\/\\\/www.ayadvogados.com.br\\\/#website\",\"url\":\"https:\\\/\\\/www.ayadvogados.com.br\\\/\",\"name\":\"Amaral, Yazbek Advogados\",\"description\":\"Curitiba \u2022 Bras\u00edlia \u2022 S\u00e3o Paulo\",\"publisher\":{\"@id\":\"https:\\\/\\\/www.ayadvogados.com.br\\\/#organization\"},\"potentialAction\":[{\"@type\":\"SearchAction\",\"target\":{\"@type\":\"EntryPoint\",\"urlTemplate\":\"https:\\\/\\\/www.ayadvogados.com.br\\\/?s={search_term_string}\"},\"query-input\":{\"@type\":\"PropertyValueSpecification\",\"valueRequired\":true,\"valueName\":\"search_term_string\"}}],\"inLanguage\":\"pt-BR\"},{\"@type\":\"Organization\",\"@id\":\"https:\\\/\\\/www.ayadvogados.com.br\\\/#organization\",\"name\":\"Amaral, Yazbek Advogados\",\"url\":\"https:\\\/\\\/www.ayadvogados.com.br\\\/\",\"logo\":{\"@type\":\"ImageObject\",\"inLanguage\":\"pt-BR\",\"@id\":\"https:\\\/\\\/www.ayadvogados.com.br\\\/#\\\/schema\\\/logo\\\/image\\\/\",\"url\":\"http:\\\/\\\/34.239.117.254\\\/wp-content\\\/uploads\\\/2021\\\/03\\\/logo-ay-g.png\",\"contentUrl\":\"http:\\\/\\\/34.239.117.254\\\/wp-content\\\/uploads\\\/2021\\\/03\\\/logo-ay-g.png\",\"width\":434,\"height\":106,\"caption\":\"Amaral, Yazbek Advogados\"},\"image\":{\"@id\":\"https:\\\/\\\/www.ayadvogados.com.br\\\/#\\\/schema\\\/logo\\\/image\\\/\"},\"sameAs\":[\"https:\\\/\\\/www.facebook.com\\\/AYadvogados\",\"https:\\\/\\\/www.instagram.com\\\/ayadvogados\\\/\"]},{\"@type\":\"Person\",\"@id\":\"https:\\\/\\\/www.ayadvogados.com.br\\\/#\\\/schema\\\/person\\\/4abfbf03ad3e577e691d333af064a912\",\"name\":\"AY Advogados\",\"image\":{\"@type\":\"ImageObject\",\"inLanguage\":\"pt-BR\",\"@id\":\"https:\\\/\\\/secure.gravatar.com\\\/avatar\\\/1473912b851241f5503026e6156e144dcd83ff7addb67f65e1ed9ca21ee1d9cf?s=96&d=mm&r=g\",\"url\":\"https:\\\/\\\/secure.gravatar.com\\\/avatar\\\/1473912b851241f5503026e6156e144dcd83ff7addb67f65e1ed9ca21ee1d9cf?s=96&d=mm&r=g\",\"contentUrl\":\"https:\\\/\\\/secure.gravatar.com\\\/avatar\\\/1473912b851241f5503026e6156e144dcd83ff7addb67f65e1ed9ca21ee1d9cf?s=96&d=mm&r=g\",\"caption\":\"AY Advogados\"},\"sameAs\":[\"https:\\\/\\\/ayadvogados.com.br\"],\"url\":\"https:\\\/\\\/www.ayadvogados.com.br\\\/?author=2\"}]}<\/script>\n<!-- \/ Yoast SEO plugin. -->","yoast_head_json":{"title":"Desembargador afasta modula\u00e7\u00e3o e aceita restitui\u00e7\u00e3o em caso sobre ICMS no PIS\/Cofins - Amaral, Yazbek Advogados","robots":{"index":"index","follow":"follow","max-snippet":"max-snippet:-1","max-image-preview":"max-image-preview:large","max-video-preview":"max-video-preview:-1"},"canonical":"https:\/\/www.ayadvogados.com.br\/?p=1348","og_locale":"pt_BR","og_type":"article","og_title":"Desembargador afasta modula\u00e7\u00e3o e aceita restitui\u00e7\u00e3o em caso sobre ICMS no PIS\/Cofins - Amaral, Yazbek Advogados","og_description":"Um desembargador de Pernambuco permitiu que uma empresa que prop\u00f4s a\u00e7\u00e3o judicial pedindo a retirada do ICMS da base do PIS e da Cofins ap\u00f3s a decis\u00e3o do Supremo Tribunal Federal (STF) sobre o tema&nbsp;restitua o que recolheu indevidamente&nbsp;nos cinco anos anteriores ao ajuizamento do processo. O entendimento afasta, na pr\u00e1tica, a diretriz do&nbsp;Supremo de [&hellip;]","og_url":"https:\/\/www.ayadvogados.com.br\/?p=1348","og_site_name":"Amaral, Yazbek Advogados","article_publisher":"https:\/\/www.facebook.com\/AYadvogados","article_published_time":"2021-07-23T21:22:23+00:00","og_image":[{"width":1000,"height":620,"url":"https:\/\/www.ayadvogados.com.br\/wp-content\/uploads\/2021\/07\/Blog-11.png","type":"image\/png"}],"author":"AY Advogados","twitter_card":"summary_large_image","twitter_misc":{"Escrito por":"AY Advogados","Est. tempo de leitura":"4 minutos"},"schema":{"@context":"https:\/\/schema.org","@graph":[{"@type":"Article","@id":"https:\/\/www.ayadvogados.com.br\/?p=1348#article","isPartOf":{"@id":"https:\/\/www.ayadvogados.com.br\/?p=1348"},"author":{"name":"AY Advogados","@id":"https:\/\/www.ayadvogados.com.br\/#\/schema\/person\/4abfbf03ad3e577e691d333af064a912"},"headline":"Desembargador afasta modula\u00e7\u00e3o e aceita restitui\u00e7\u00e3o em caso sobre ICMS no PIS\/Cofins","datePublished":"2021-07-23T21:22:23+00:00","mainEntityOfPage":{"@id":"https:\/\/www.ayadvogados.com.br\/?p=1348"},"wordCount":895,"commentCount":0,"publisher":{"@id":"https:\/\/www.ayadvogados.com.br\/#organization"},"image":{"@id":"https:\/\/www.ayadvogados.com.br\/?p=1348#primaryimage"},"thumbnailUrl":"https:\/\/www.ayadvogados.com.br\/wp-content\/uploads\/2021\/07\/Blog-11.png","keywords":["amaral yazbek","empresas","neg\u00f3cios","not\u00edcia do dia"],"articleSection":["Not\u00edcia do Dia"],"inLanguage":"pt-BR","potentialAction":[{"@type":"CommentAction","name":"Comment","target":["https:\/\/www.ayadvogados.com.br\/?p=1348#respond"]}]},{"@type":"WebPage","@id":"https:\/\/www.ayadvogados.com.br\/?p=1348","url":"https:\/\/www.ayadvogados.com.br\/?p=1348","name":"Desembargador afasta modula\u00e7\u00e3o e aceita restitui\u00e7\u00e3o em caso sobre ICMS no PIS\/Cofins - Amaral, Yazbek Advogados","isPartOf":{"@id":"https:\/\/www.ayadvogados.com.br\/#website"},"primaryImageOfPage":{"@id":"https:\/\/www.ayadvogados.com.br\/?p=1348#primaryimage"},"image":{"@id":"https:\/\/www.ayadvogados.com.br\/?p=1348#primaryimage"},"thumbnailUrl":"https:\/\/www.ayadvogados.com.br\/wp-content\/uploads\/2021\/07\/Blog-11.png","datePublished":"2021-07-23T21:22:23+00:00","breadcrumb":{"@id":"https:\/\/www.ayadvogados.com.br\/?p=1348#breadcrumb"},"inLanguage":"pt-BR","potentialAction":[{"@type":"ReadAction","target":["https:\/\/www.ayadvogados.com.br\/?p=1348"]}]},{"@type":"ImageObject","inLanguage":"pt-BR","@id":"https:\/\/www.ayadvogados.com.br\/?p=1348#primaryimage","url":"https:\/\/www.ayadvogados.com.br\/wp-content\/uploads\/2021\/07\/Blog-11.png","contentUrl":"https:\/\/www.ayadvogados.com.br\/wp-content\/uploads\/2021\/07\/Blog-11.png","width":1000,"height":620},{"@type":"BreadcrumbList","@id":"https:\/\/www.ayadvogados.com.br\/?p=1348#breadcrumb","itemListElement":[{"@type":"ListItem","position":1,"name":"In\u00edcio","item":"https:\/\/www.ayadvogados.com.br\/"},{"@type":"ListItem","position":2,"name":"Desembargador afasta modula\u00e7\u00e3o e aceita restitui\u00e7\u00e3o em caso sobre ICMS no PIS\/Cofins"}]},{"@type":"WebSite","@id":"https:\/\/www.ayadvogados.com.br\/#website","url":"https:\/\/www.ayadvogados.com.br\/","name":"Amaral, Yazbek Advogados","description":"Curitiba \u2022 Bras\u00edlia \u2022 S\u00e3o Paulo","publisher":{"@id":"https:\/\/www.ayadvogados.com.br\/#organization"},"potentialAction":[{"@type":"SearchAction","target":{"@type":"EntryPoint","urlTemplate":"https:\/\/www.ayadvogados.com.br\/?s={search_term_string}"},"query-input":{"@type":"PropertyValueSpecification","valueRequired":true,"valueName":"search_term_string"}}],"inLanguage":"pt-BR"},{"@type":"Organization","@id":"https:\/\/www.ayadvogados.com.br\/#organization","name":"Amaral, Yazbek Advogados","url":"https:\/\/www.ayadvogados.com.br\/","logo":{"@type":"ImageObject","inLanguage":"pt-BR","@id":"https:\/\/www.ayadvogados.com.br\/#\/schema\/logo\/image\/","url":"http:\/\/34.239.117.254\/wp-content\/uploads\/2021\/03\/logo-ay-g.png","contentUrl":"http:\/\/34.239.117.254\/wp-content\/uploads\/2021\/03\/logo-ay-g.png","width":434,"height":106,"caption":"Amaral, Yazbek Advogados"},"image":{"@id":"https:\/\/www.ayadvogados.com.br\/#\/schema\/logo\/image\/"},"sameAs":["https:\/\/www.facebook.com\/AYadvogados","https:\/\/www.instagram.com\/ayadvogados\/"]},{"@type":"Person","@id":"https:\/\/www.ayadvogados.com.br\/#\/schema\/person\/4abfbf03ad3e577e691d333af064a912","name":"AY Advogados","image":{"@type":"ImageObject","inLanguage":"pt-BR","@id":"https:\/\/secure.gravatar.com\/avatar\/1473912b851241f5503026e6156e144dcd83ff7addb67f65e1ed9ca21ee1d9cf?s=96&d=mm&r=g","url":"https:\/\/secure.gravatar.com\/avatar\/1473912b851241f5503026e6156e144dcd83ff7addb67f65e1ed9ca21ee1d9cf?s=96&d=mm&r=g","contentUrl":"https:\/\/secure.gravatar.com\/avatar\/1473912b851241f5503026e6156e144dcd83ff7addb67f65e1ed9ca21ee1d9cf?s=96&d=mm&r=g","caption":"AY Advogados"},"sameAs":["https:\/\/ayadvogados.com.br"],"url":"https:\/\/www.ayadvogados.com.br\/?author=2"}]}},"rttpg_featured_image_url":{"full":["https:\/\/www.ayadvogados.com.br\/wp-content\/uploads\/2021\/07\/Blog-11.png",1000,620,false],"landscape":["https:\/\/www.ayadvogados.com.br\/wp-content\/uploads\/2021\/07\/Blog-11.png",1000,620,false],"portraits":["https:\/\/www.ayadvogados.com.br\/wp-content\/uploads\/2021\/07\/Blog-11.png",1000,620,false],"thumbnail":["https:\/\/www.ayadvogados.com.br\/wp-content\/uploads\/2021\/07\/Blog-11-150x150.png",150,150,true],"medium":["https:\/\/www.ayadvogados.com.br\/wp-content\/uploads\/2021\/07\/Blog-11-300x186.png",300,186,true],"large":["https:\/\/www.ayadvogados.com.br\/wp-content\/uploads\/2021\/07\/Blog-11.png",1000,620,false],"1536x1536":["https:\/\/www.ayadvogados.com.br\/wp-content\/uploads\/2021\/07\/Blog-11.png",1000,620,false],"2048x2048":["https:\/\/www.ayadvogados.com.br\/wp-content\/uploads\/2021\/07\/Blog-11.png",1000,620,false]},"rttpg_author":{"display_name":"AY Advogados","author_link":"https:\/\/www.ayadvogados.com.br\/?author=2"},"rttpg_comment":0,"rttpg_category":"<a href=\"https:\/\/www.ayadvogados.com.br\/?cat=1\" rel=\"category\">Not\u00edcia do Dia<\/a>","rttpg_excerpt":"Um desembargador de Pernambuco permitiu que uma empresa que prop\u00f4s a\u00e7\u00e3o judicial pedindo a retirada do ICMS da base do PIS e da Cofins ap\u00f3s a decis\u00e3o do Supremo Tribunal Federal (STF) sobre o tema&nbsp;restitua o que recolheu indevidamente&nbsp;nos cinco anos anteriores ao ajuizamento do processo. O entendimento afasta, na pr\u00e1tica, a diretriz do&nbsp;Supremo de&hellip;","_links":{"self":[{"href":"https:\/\/www.ayadvogados.com.br\/index.php?rest_route=\/wp\/v2\/posts\/1348","targetHints":{"allow":["GET"]}}],"collection":[{"href":"https:\/\/www.ayadvogados.com.br\/index.php?rest_route=\/wp\/v2\/posts"}],"about":[{"href":"https:\/\/www.ayadvogados.com.br\/index.php?rest_route=\/wp\/v2\/types\/post"}],"author":[{"embeddable":true,"href":"https:\/\/www.ayadvogados.com.br\/index.php?rest_route=\/wp\/v2\/users\/2"}],"replies":[{"embeddable":true,"href":"https:\/\/www.ayadvogados.com.br\/index.php?rest_route=%2Fwp%2Fv2%2Fcomments&post=1348"}],"version-history":[{"count":1,"href":"https:\/\/www.ayadvogados.com.br\/index.php?rest_route=\/wp\/v2\/posts\/1348\/revisions"}],"predecessor-version":[{"id":1350,"href":"https:\/\/www.ayadvogados.com.br\/index.php?rest_route=\/wp\/v2\/posts\/1348\/revisions\/1350"}],"wp:featuredmedia":[{"embeddable":true,"href":"https:\/\/www.ayadvogados.com.br\/index.php?rest_route=\/wp\/v2\/media\/1349"}],"wp:attachment":[{"href":"https:\/\/www.ayadvogados.com.br\/index.php?rest_route=%2Fwp%2Fv2%2Fmedia&parent=1348"}],"wp:term":[{"taxonomy":"category","embeddable":true,"href":"https:\/\/www.ayadvogados.com.br\/index.php?rest_route=%2Fwp%2Fv2%2Fcategories&post=1348"},{"taxonomy":"post_tag","embeddable":true,"href":"https:\/\/www.ayadvogados.com.br\/index.php?rest_route=%2Fwp%2Fv2%2Ftags&post=1348"}],"curies":[{"name":"wp","href":"https:\/\/api.w.org\/{rel}","templated":true}]}}